{"id":29793,"date":"2024-05-14T10:38:06","date_gmt":"2024-05-14T10:38:06","guid":{"rendered":"https:\/\/evropskakuca.me\/?p=29793"},"modified":"2025-01-20T13:03:00","modified_gmt":"2025-01-20T13:03:00","slug":"evropskim-dirom-gradani-mojkovca-i-berana-obiljezili-dan-evrope","status":"publish","type":"post","link":"https:\/\/www.evropskakuca.me\/me\/evropskim-dirom-gradani-mojkovca-i-berana-obiljezili-dan-evrope\/","title":{"rendered":"Gra\u0111ani Mojkovca i Berana obilje\u017eili Dan Evrope"},"content":{"rendered":"<p>\u201eEvropa je sinonim demokratskih vrijednosti, gdje je demokratija su\u0161tinski stub na\u0161eg evropskog identiteta; za\u0161tita manjina i ljudskih prava, nediskriminacija, medijski pluralizam, vladavina prava, neki su samo od za\u0161titnih znakova. Kao gra\u0111ani dr\u017eave koja je kandidat za ulazak u EU, danas je prilika da obnovimo na\u0161u predanost ja\u010danju saradnje i dijaloga unutar Evrope i sa ostatkom svijeta\u201c, poru\u010dio je potpredsjednik Vlade i ministar sporta i mladih\u00a0<strong>Dragoslav \u0160\u0107eki\u0107.<\/strong><\/p>\n<p>On je, u Mojkovcu, govorio na manifestaciji \u201eEvropski \u0111ir\u201c, kojom je nastavljeno obilje\u017eavanje Dana Evrope u vi\u0161e crnogorskih op\u0161tina.<\/p>\n<p><img fetchpriority=\"high\" decoding=\"async\" class=\"aligncenter size-full wp-image-29796\" src=\"https:\/\/evropskakuca.me\/wp-content\/uploads\/2024\/05\/53718060013_f847dde5de_o-768x511-1.jpg\" alt=\"\" width=\"768\" height=\"511\" \/><\/p>\n<p>Potpredsjednik \u0160\u0107eki\u0107 je poru\u010dio da Dan Evrope podsje\u0107a na va\u017enost me\u0111ukulturnog dijaloga i razumijevanja, te da kroz razmjenu ideja, kultura i iskustava, gradimo mostove izme\u0111u na\u0161ih naroda i ja\u010damo povezanost me\u0111u gra\u0111anima na na\u0161em kontinentu.<\/p>\n<p>\u201eNeka nam ovaj dan bude podsjetnik da smo ja\u010di kada djelujemo zajedno, s po\u0161tovanjem prema razli\u010ditostima i otvoreno\u0161\u0107u prema budu\u0107nosti koju gradimo zajedno. Ovo je inspiracija za dalje zalaganje za mir, prosperitet i solidarnost unutar na\u0161eg kontinenta i izvan njega. Moramo se zalagati za stvaranje \u0161to ure\u0111enijeg sistema unutar same dr\u017eave kako bi kao punopravna \u010dlanica EU zasijala u pravom sjaju\u201c, poru\u010dio je \u0160\u0107eki\u0107.<\/p>\n\n<p>Predsjednik Op\u0161tine Mojkovac\u00a0<strong>Vesko Deli\u0107<\/strong>\u00a0je kazao da obilje\u017eavanjem Dana Evrope, lokalna uprava \u017eeli da na\u0161im gra\u0111anima pribli\u017ei proces pristupanja Crne Gore Evropskoj uniji, benefite i obaveze koje to sa sobom nosi, kao i informisanje o promjenama koje \u0107e se dogoditi na putu do punopravnog \u010dlanstva.<\/p>\n<p>\u201eSmatram da su madi ljudi jako va\u017eni za proces evropskih integracija, te da je neophodn da se \u010duje i njihov glas. Zajedni\u010dkim snagama, a uz podr\u0161ku dr\u017eave, \u017eelimo da svakodnevno mladim ljudima pru\u017eimo znanja i informacije o EU i pregovara\u010dkom procesu\u201c\u201c, poru\u010dio je Deli\u0107.<\/p>\n<p><img decoding=\"async\" class=\"aligncenter size-full wp-image-29802\" src=\"https:\/\/evropskakuca.me\/wp-content\/uploads\/2024\/05\/53717850061_06bb38e75b_o-768x511-1.jpg\" alt=\"\" width=\"768\" height=\"511\" \/><\/p>\n<p>Programska menad\u017eerka za regionalnu saradnju u Delegaciji EU\u00a0<strong>Valentina di Sebastiano<\/strong>\u00a0je kazala da Dan Evrope ozna\u010dava ro\u0111enje ideje ujedinjene Evrope.<\/p>\n<p>\u201eNa dana\u0161nji dan, slavimo principe mira, jedinstva i solidarnosti u Evropi koji defini\u0161u Evropsku uniju. To je dan kada razmatramo dostignu\u0107a EU i optimisti\u010dki gledamo u budu\u0107nost\u201c, kazala je di Sebastiano.<\/p>\n<p>Ona je istakla da proslava u Mojkovcu pokazuje da dijelimo zajendi\u010dku viziju da Crna Gora postane dio porodice EU u vrlo skoroj budu\u0107nosti.<\/p>\n<p>\u201eVidim da najmla\u0111i Mojkov\u010dani ve\u0107 dobro poznaju EU i spremni su da kroz igru proslave na\u0161e zajendi\u010dke, evropske vrijednosti\u201c, kazala je ona.<\/p>\n<p>Evropski \u0111ir u Mojkovcu, obogatila su djeca iz vrti\u0107a \u201eJevrosima Jevra Rabrenovi\u0107\u201c plesnim ta\u010dkama i interaktivnim zabavnim sar\u017eajem na trgu Ljubomira Bako\u010da.<\/p>\n<p><strong>Evropski \u0111ir stigao i do Berana\u00a0<\/strong><\/p>\n<p>U okviru Evropskog \u0111ira u Beranama, glavna gradska ulica o\u017eivjela je uz nastupe u\u010denika \u0160kole za osnovno muzi\u010dko obrazovanje i kulturno-umjetni\u010dkog dru\u0161tva \u201eDUGA\u201c, koji su svojim programom dodatno obogatili ovu proslavu. Organizovano je i slikanje na temu \u201cEvropa i ja\u201d, na glavnoj gradskoj ulici na kojem su u\u010destvovali u\u010denici osnovnih \u0161kola.<\/p>\n<p>U Beranama je, tako\u0111e, u Polimskom muzeju odr\u017eana debata na temu \u201e\u010clanstvo Crne Gore u EU \u0107e pozitivno uticati na o\u010duvanje crnogorske tradicije i identiteta\u201c, koju su vodili \u010dlanovi debatnog kluba Gimnazije \u201ePanto Mali\u0161i\u0107\u201c.<\/p>\n<p><img decoding=\"async\" class=\"aligncenter size-full wp-image-29804\" src=\"https:\/\/evropskakuca.me\/wp-content\/uploads\/2024\/05\/DSC_0489-768x512-1.jpg\" alt=\"\" width=\"768\" height=\"512\" \/><\/p>\n<p>Tom prilikom vr\u0161iteljka du\u017enosti generalne direktorice za pristupanje Crne Gore EU i pravnu tekovinu EU u Ministarstvu evropskih poslova\u00a0<strong>Jovana Dragovi\u0107<\/strong>\u00a0je kazala da je 44. Vladi Crne Gore evropska budu\u0107nost \u00a0prioritetan cili, \u0161to potvr\u0111uje konkretnim koracima i rezultatima.<\/p>\n<p>\u201eZa 6 mjeseci rada Vlade ispunjen je zna\u010dajan broj privremenih mjerila u poglavijima 23 i 24, nakon duge stagnacije u ovom procesu, a koje vode do dobijanja IBAR-a na predstoje\u0107oj Me\u0111uvladinoj konferenciji.<\/p>\n\n<p>Ona je podsjetila na neke od rezultata koji su ostvareni u posljednjih pola godine, a koji se odnose na izbor nedostaju\u0107ih \u010dlanova Sudskog savjeta, izbor sudije Ustavnog suda i Vrhovnog dr\u017eavnog tu\u017eioca, \u010dijim izborom je izvr\u0161ena deblokada pravosudnog sistema, te ukazala na dono\u0161enje vi\u0161e zakona koji su u potpunosti uskla\u0111eni sa pravnom tekovinom EU i koji, vode ka kvalitetnijem i ure\u0111enijem dru\u0161tvu kojem stremimo.<\/p>\n<p>\u201eSve ovo i jo\u0161 mnogo rada nakon toga, trasira jo\u0161 izvjesniji put ka \u010dlanstvu u porodici evropskih naroda do 2028. godine.\u00a0 Ubije\u0111eni smo da \u0107e Crna Gora \u010dlanstvom EU preuzeti ne samo univerzalne vrijednosti zajedni\u0161tva, slobode i solidarnosti \u2013 ne samo nominalno, ve\u0107 funkcionalno sve vrijednosti koje slu\u017ee prosperitetu i boljitku svih njenih gra\u0111ana, kao \u0161to su i ekonomska stabilnost i dru\u0161tvo jednakih \u0161ansi za sve nas\u201c, poru\u010dila je Dragovi\u0107.<\/p>\n<p><img loading=\"lazy\" decoding=\"async\" class=\"aligncenter size-full wp-image-29810\" src=\"https:\/\/evropskakuca.me\/wp-content\/uploads\/2024\/05\/DSC_0335-768x512-1.jpg\" alt=\"\" width=\"768\" height=\"512\" \/><\/p>\n<p>Predsjednik Op\u0161tine Berane\u00a0<strong>Vuko Todorovi\u0107<\/strong>\u00a0je kazao da, u ime te op\u0161tine \u017eeli da po\u0161alje sna\u017enu poruku o spremnosti lokalne administracije u procesu pridru\u017eivanja EU, za dobrobit gra\u0111ana i ispunjeniji i kvalitetniji \u017eivot.<\/p>\n<p>\u201eU proteklom periodu koristili smo mogu\u0107nosti koje su nam dostupne kroz evropske fondove, u cilju stvaranja povoljnijeg poslovnog ambijenta, unapre\u0111enja infrastrukturnih kapaciteta, postizanja konkretnih promjena na bolje za na\u0161e gra\u0111ane. Realizovani su zna\u010dajni projekti koji su podigli svijest gra\u0111ana o mogu\u0107nostima i benefitima koje nam donosi proces pristupanja EU ali i najavili ono \u0161to slijedi, nakon pristupanja. Nemam dilemu da je budu\u0107nost na\u0161e djece u zajendici ekonomskog blagostanja\u201c, kazao je Todorovi\u0107.<\/p>\n<p><img loading=\"lazy\" decoding=\"async\" class=\"aligncenter size-full wp-image-29812\" src=\"https:\/\/evropskakuca.me\/wp-content\/uploads\/2024\/05\/DSC_0354-768x512-1.jpg\" alt=\"\" width=\"768\" height=\"512\" \/><\/p>\n<p>Predstavnica Delegacije EU u Crnoj Gori\u00a0<strong>Margarida Mariguesa<\/strong>\u00a0je kazala da EU i Ministarstvo evropskih poslova ove godine podr\u017eavaju 9 op\u0161tina u Crnoj Gori u organizaciji proslava povodom Dana Evrope.<\/p>\n<p>\u201eVeliko je zadovoljstvo biti danas u Beranama, kako bi proslavili Dan Evrope sa \u017eivopisnom zajednicom ovog prelijepog grada. \u017delim da se zahvalim Op\u0161tini \u0161to je organizovala dana\u0161nje sve\u010danosti, koje su bile u duhu Evrope i da istaknem da \u0107e EU nastaviti da podr\u017eava sve op\u0161tine na ovom putu\u201c, \u00a0poru\u010dila je Mariguesa.<\/p>\n<p>Evropski \u0111ir je inicijativa kroz koju vi\u0161e op\u0161tina u Crnoj Gori proslavlja dan Evrope, a koji se organizuje uz podr\u0161ku Ministarstva evropskih poslova i Delegacije EU a u okviru EU4ME projekta.<\/p>\n","protected":false},"excerpt":{"rendered":"<p>\u201eEvropa je sinonim demokratskih vrijednosti, gdje je demokratija su\u0161tinski stub na\u0161eg evropskog identiteta; za\u0161tita manjina i ljudskih prava, nediskriminacija, medijski pluralizam, vladavina prava, neki su samo od za\u0161titnih znakova. Kao gra\u0111ani dr\u017eave koja je kandidat za ulazak u EU, danas je prilika da obnovimo na\u0161u predanost ja\u010danju saradnje i dijaloga unutar Evrope i sa ostatkom [&hellip;]<\/p>\n","protected":false},"author":1,"featured_media":41051,"comment_status":"closed","ping_status":"closed","sticky":false,"template":"","format":"standard","meta":{"_acf_changed":false,"footnotes":""},"categories":[2],"tags":[],"class_list":["post-29793","post","type-post","status-publish","format-standard","has-post-thumbnail","hentry","category-uncategorized-me"],"acf":[],"yoast_head":"<!-- This site is optimized with the Yoast SEO plugin v27.3 - https:\/\/yoast.com\/product\/yoast-seo-wordpress\/ -->\n<title>Gra\u0111ani Mojkovca i Berana obilje\u017eili Dan Evrope - Europe House<\/title>\n<meta name=\"robots\" content=\"index, follow, max-snippet:-1, max-image-preview:large, max-video-preview:-1\" \/>\n<link rel=\"canonical\" href=\"https:\/\/www.evropskakuca.me\/me\/evropskim-dirom-gradani-mojkovca-i-berana-obiljezili-dan-evrope\/\" \/>\n<meta property=\"og:locale\" content=\"en_US\" \/>\n<meta property=\"og:type\" content=\"article\" \/>\n<meta property=\"og:title\" content=\"Gra\u0111ani Mojkovca i Berana obilje\u017eili Dan Evrope - Europe House\" \/>\n<meta property=\"og:description\" content=\"\u201eEvropa je sinonim demokratskih vrijednosti, gdje je demokratija su\u0161tinski stub na\u0161eg evropskog identiteta; za\u0161tita manjina i ljudskih prava, nediskriminacija, medijski pluralizam, vladavina prava, neki su samo od za\u0161titnih znakova. Kao gra\u0111ani dr\u017eave koja je kandidat za ulazak u EU, danas je prilika da obnovimo na\u0161u predanost ja\u010danju saradnje i dijaloga unutar Evrope i sa ostatkom [&hellip;]\" \/>\n<meta property=\"og:url\" content=\"https:\/\/www.evropskakuca.me\/me\/evropskim-dirom-gradani-mojkovca-i-berana-obiljezili-dan-evrope\/\" \/>\n<meta property=\"og:site_name\" content=\"Europe House\" \/>\n<meta property=\"article:publisher\" content=\"https:\/\/www.facebook.com\/evropska.kuca\" \/>\n<meta property=\"article:published_time\" content=\"2024-05-14T10:38:06+00:00\" \/>\n<meta property=\"article:modified_time\" content=\"2025-01-20T13:03:00+00:00\" \/>\n<meta property=\"og:image\" content=\"https:\/\/www.evropskakuca.me\/wp-content\/uploads\/2024\/05\/53718186789_e3c3b3dff2_c.jpg\" \/>\n\t<meta property=\"og:image:width\" content=\"800\" \/>\n\t<meta property=\"og:image:height\" content=\"533\" \/>\n\t<meta property=\"og:image:type\" content=\"image\/jpeg\" \/>\n<meta name=\"author\" content=\"mkajic\" \/>\n<meta name=\"twitter:card\" content=\"summary_large_image\" \/>\n<meta name=\"twitter:creator\" content=\"@evropska_kuca\" \/>\n<meta name=\"twitter:site\" content=\"@evropska_kuca\" \/>\n<meta name=\"twitter:label1\" content=\"Written by\" \/>\n\t<meta name=\"twitter:data1\" content=\"mkajic\" \/>\n\t<meta name=\"twitter:label2\" content=\"Est. reading time\" \/>\n\t<meta name=\"twitter:data2\" content=\"6 minutes\" \/>\n<script type=\"application\/ld+json\" class=\"yoast-schema-graph\">{\"@context\":\"https:\\\/\\\/schema.org\",\"@graph\":[{\"@type\":\"Article\",\"@id\":\"https:\\\/\\\/www.evropskakuca.me\\\/me\\\/evropskim-dirom-gradani-mojkovca-i-berana-obiljezili-dan-evrope\\\/#article\",\"isPartOf\":{\"@id\":\"https:\\\/\\\/www.evropskakuca.me\\\/me\\\/evropskim-dirom-gradani-mojkovca-i-berana-obiljezili-dan-evrope\\\/\"},\"author\":{\"name\":\"mkajic\",\"@id\":\"https:\\\/\\\/www.evropskakuca.me\\\/me\\\/#\\\/schema\\\/person\\\/a1d0dcdaefe4a1cd1d60d200ea137ba4\"},\"headline\":\"Gra\u0111ani Mojkovca i Berana obilje\u017eili Dan Evrope\",\"datePublished\":\"2024-05-14T10:38:06+00:00\",\"dateModified\":\"2025-01-20T13:03:00+00:00\",\"mainEntityOfPage\":{\"@id\":\"https:\\\/\\\/www.evropskakuca.me\\\/me\\\/evropskim-dirom-gradani-mojkovca-i-berana-obiljezili-dan-evrope\\\/\"},\"wordCount\":1039,\"publisher\":{\"@id\":\"https:\\\/\\\/www.evropskakuca.me\\\/me\\\/#organization\"},\"image\":{\"@id\":\"https:\\\/\\\/www.evropskakuca.me\\\/me\\\/evropskim-dirom-gradani-mojkovca-i-berana-obiljezili-dan-evrope\\\/#primaryimage\"},\"thumbnailUrl\":\"https:\\\/\\\/www.evropskakuca.me\\\/wp-content\\\/uploads\\\/2024\\\/05\\\/53718186789_e3c3b3dff2_c.jpg\",\"articleSection\":[\"Uncategorized @me\"],\"inLanguage\":\"me-ME\"},{\"@type\":\"WebPage\",\"@id\":\"https:\\\/\\\/www.evropskakuca.me\\\/me\\\/evropskim-dirom-gradani-mojkovca-i-berana-obiljezili-dan-evrope\\\/\",\"url\":\"https:\\\/\\\/www.evropskakuca.me\\\/me\\\/evropskim-dirom-gradani-mojkovca-i-berana-obiljezili-dan-evrope\\\/\",\"name\":\"Gra\u0111ani Mojkovca i Berana obilje\u017eili Dan Evrope - Europe House\",\"isPartOf\":{\"@id\":\"https:\\\/\\\/www.evropskakuca.me\\\/me\\\/#website\"},\"primaryImageOfPage\":{\"@id\":\"https:\\\/\\\/www.evropskakuca.me\\\/me\\\/evropskim-dirom-gradani-mojkovca-i-berana-obiljezili-dan-evrope\\\/#primaryimage\"},\"image\":{\"@id\":\"https:\\\/\\\/www.evropskakuca.me\\\/me\\\/evropskim-dirom-gradani-mojkovca-i-berana-obiljezili-dan-evrope\\\/#primaryimage\"},\"thumbnailUrl\":\"https:\\\/\\\/www.evropskakuca.me\\\/wp-content\\\/uploads\\\/2024\\\/05\\\/53718186789_e3c3b3dff2_c.jpg\",\"datePublished\":\"2024-05-14T10:38:06+00:00\",\"dateModified\":\"2025-01-20T13:03:00+00:00\",\"breadcrumb\":{\"@id\":\"https:\\\/\\\/www.evropskakuca.me\\\/me\\\/evropskim-dirom-gradani-mojkovca-i-berana-obiljezili-dan-evrope\\\/#breadcrumb\"},\"inLanguage\":\"me-ME\",\"potentialAction\":[{\"@type\":\"ReadAction\",\"target\":[\"https:\\\/\\\/www.evropskakuca.me\\\/me\\\/evropskim-dirom-gradani-mojkovca-i-berana-obiljezili-dan-evrope\\\/\"]}]},{\"@type\":\"ImageObject\",\"inLanguage\":\"me-ME\",\"@id\":\"https:\\\/\\\/www.evropskakuca.me\\\/me\\\/evropskim-dirom-gradani-mojkovca-i-berana-obiljezili-dan-evrope\\\/#primaryimage\",\"url\":\"https:\\\/\\\/www.evropskakuca.me\\\/wp-content\\\/uploads\\\/2024\\\/05\\\/53718186789_e3c3b3dff2_c.jpg\",\"contentUrl\":\"https:\\\/\\\/www.evropskakuca.me\\\/wp-content\\\/uploads\\\/2024\\\/05\\\/53718186789_e3c3b3dff2_c.jpg\",\"width\":800,\"height\":533},{\"@type\":\"BreadcrumbList\",\"@id\":\"https:\\\/\\\/www.evropskakuca.me\\\/me\\\/evropskim-dirom-gradani-mojkovca-i-berana-obiljezili-dan-evrope\\\/#breadcrumb\",\"itemListElement\":[{\"@type\":\"ListItem\",\"position\":1,\"name\":\"Home\",\"item\":\"https:\\\/\\\/www.evropskakuca.me\\\/me\\\/\"},{\"@type\":\"ListItem\",\"position\":2,\"name\":\"Gra\u0111ani Mojkovca i Berana obilje\u017eili Dan Evrope\"}]},{\"@type\":\"WebSite\",\"@id\":\"https:\\\/\\\/www.evropskakuca.me\\\/me\\\/#website\",\"url\":\"https:\\\/\\\/www.evropskakuca.me\\\/me\\\/\",\"name\":\"Evropean house\",\"description\":\"\",\"publisher\":{\"@id\":\"https:\\\/\\\/www.evropskakuca.me\\\/me\\\/#organization\"},\"potentialAction\":[{\"@type\":\"SearchAction\",\"target\":{\"@type\":\"EntryPoint\",\"urlTemplate\":\"https:\\\/\\\/www.evropskakuca.me\\\/me\\\/?s={search_term_string}\"},\"query-input\":{\"@type\":\"PropertyValueSpecification\",\"valueRequired\":true,\"valueName\":\"search_term_string\"}}],\"inLanguage\":\"me-ME\"},{\"@type\":\"Organization\",\"@id\":\"https:\\\/\\\/www.evropskakuca.me\\\/me\\\/#organization\",\"name\":\"Evropean house\",\"url\":\"https:\\\/\\\/www.evropskakuca.me\\\/me\\\/\",\"logo\":{\"@type\":\"ImageObject\",\"inLanguage\":\"me-ME\",\"@id\":\"https:\\\/\\\/www.evropskakuca.me\\\/me\\\/#\\\/schema\\\/logo\\\/image\\\/\",\"url\":\"https:\\\/\\\/www.evropskakuca.me\\\/wp-content\\\/uploads\\\/2025\\\/01\\\/evropska-kuca-logo-1.png\",\"contentUrl\":\"https:\\\/\\\/www.evropskakuca.me\\\/wp-content\\\/uploads\\\/2025\\\/01\\\/evropska-kuca-logo-1.png\",\"width\":425,\"height\":312,\"caption\":\"Evropean house\"},\"image\":{\"@id\":\"https:\\\/\\\/www.evropskakuca.me\\\/me\\\/#\\\/schema\\\/logo\\\/image\\\/\"},\"sameAs\":[\"https:\\\/\\\/www.facebook.com\\\/evropska.kuca\",\"https:\\\/\\\/x.com\\\/evropska_kuca\",\"https:\\\/\\\/www.instagram.com\\\/evropska_kuca\"]},{\"@type\":\"Person\",\"@id\":\"https:\\\/\\\/www.evropskakuca.me\\\/me\\\/#\\\/schema\\\/person\\\/a1d0dcdaefe4a1cd1d60d200ea137ba4\",\"name\":\"mkajic\",\"image\":{\"@type\":\"ImageObject\",\"inLanguage\":\"me-ME\",\"@id\":\"https:\\\/\\\/secure.gravatar.com\\\/avatar\\\/731fa035cefab7316e6bafd1f25a93fb731a07de14e2d9923f8db4422628eabc?s=96&d=mm&r=g\",\"url\":\"https:\\\/\\\/secure.gravatar.com\\\/avatar\\\/731fa035cefab7316e6bafd1f25a93fb731a07de14e2d9923f8db4422628eabc?s=96&d=mm&r=g\",\"contentUrl\":\"https:\\\/\\\/secure.gravatar.com\\\/avatar\\\/731fa035cefab7316e6bafd1f25a93fb731a07de14e2d9923f8db4422628eabc?s=96&d=mm&r=g\",\"caption\":\"mkajic\"},\"sameAs\":[\"https:\\\/\\\/evropskakuca.me\"],\"url\":\"https:\\\/\\\/www.evropskakuca.me\\\/me\\\/author\\\/mkajic\\\/\"}]}<\/script>\n<!-- \/ Yoast SEO plugin. -->","yoast_head_json":{"title":"Gra\u0111ani Mojkovca i Berana obilje\u017eili Dan Evrope - Europe House","robots":{"index":"index","follow":"follow","max-snippet":"max-snippet:-1","max-image-preview":"max-image-preview:large","max-video-preview":"max-video-preview:-1"},"canonical":"https:\/\/www.evropskakuca.me\/me\/evropskim-dirom-gradani-mojkovca-i-berana-obiljezili-dan-evrope\/","og_locale":"en_US","og_type":"article","og_title":"Gra\u0111ani Mojkovca i Berana obilje\u017eili Dan Evrope - Europe House","og_description":"\u201eEvropa je sinonim demokratskih vrijednosti, gdje je demokratija su\u0161tinski stub na\u0161eg evropskog identiteta; za\u0161tita manjina i ljudskih prava, nediskriminacija, medijski pluralizam, vladavina prava, neki su samo od za\u0161titnih znakova. Kao gra\u0111ani dr\u017eave koja je kandidat za ulazak u EU, danas je prilika da obnovimo na\u0161u predanost ja\u010danju saradnje i dijaloga unutar Evrope i sa ostatkom [&hellip;]","og_url":"https:\/\/www.evropskakuca.me\/me\/evropskim-dirom-gradani-mojkovca-i-berana-obiljezili-dan-evrope\/","og_site_name":"Europe House","article_publisher":"https:\/\/www.facebook.com\/evropska.kuca","article_published_time":"2024-05-14T10:38:06+00:00","article_modified_time":"2025-01-20T13:03:00+00:00","og_image":[{"width":800,"height":533,"url":"https:\/\/www.evropskakuca.me\/wp-content\/uploads\/2024\/05\/53718186789_e3c3b3dff2_c.jpg","type":"image\/jpeg"}],"author":"mkajic","twitter_card":"summary_large_image","twitter_creator":"@evropska_kuca","twitter_site":"@evropska_kuca","twitter_misc":{"Written by":"mkajic","Est. reading time":"6 minutes"},"schema":{"@context":"https:\/\/schema.org","@graph":[{"@type":"Article","@id":"https:\/\/www.evropskakuca.me\/me\/evropskim-dirom-gradani-mojkovca-i-berana-obiljezili-dan-evrope\/#article","isPartOf":{"@id":"https:\/\/www.evropskakuca.me\/me\/evropskim-dirom-gradani-mojkovca-i-berana-obiljezili-dan-evrope\/"},"author":{"name":"mkajic","@id":"https:\/\/www.evropskakuca.me\/me\/#\/schema\/person\/a1d0dcdaefe4a1cd1d60d200ea137ba4"},"headline":"Gra\u0111ani Mojkovca i Berana obilje\u017eili Dan Evrope","datePublished":"2024-05-14T10:38:06+00:00","dateModified":"2025-01-20T13:03:00+00:00","mainEntityOfPage":{"@id":"https:\/\/www.evropskakuca.me\/me\/evropskim-dirom-gradani-mojkovca-i-berana-obiljezili-dan-evrope\/"},"wordCount":1039,"publisher":{"@id":"https:\/\/www.evropskakuca.me\/me\/#organization"},"image":{"@id":"https:\/\/www.evropskakuca.me\/me\/evropskim-dirom-gradani-mojkovca-i-berana-obiljezili-dan-evrope\/#primaryimage"},"thumbnailUrl":"https:\/\/www.evropskakuca.me\/wp-content\/uploads\/2024\/05\/53718186789_e3c3b3dff2_c.jpg","articleSection":["Uncategorized @me"],"inLanguage":"me-ME"},{"@type":"WebPage","@id":"https:\/\/www.evropskakuca.me\/me\/evropskim-dirom-gradani-mojkovca-i-berana-obiljezili-dan-evrope\/","url":"https:\/\/www.evropskakuca.me\/me\/evropskim-dirom-gradani-mojkovca-i-berana-obiljezili-dan-evrope\/","name":"Gra\u0111ani Mojkovca i Berana obilje\u017eili Dan Evrope - Europe House","isPartOf":{"@id":"https:\/\/www.evropskakuca.me\/me\/#website"},"primaryImageOfPage":{"@id":"https:\/\/www.evropskakuca.me\/me\/evropskim-dirom-gradani-mojkovca-i-berana-obiljezili-dan-evrope\/#primaryimage"},"image":{"@id":"https:\/\/www.evropskakuca.me\/me\/evropskim-dirom-gradani-mojkovca-i-berana-obiljezili-dan-evrope\/#primaryimage"},"thumbnailUrl":"https:\/\/www.evropskakuca.me\/wp-content\/uploads\/2024\/05\/53718186789_e3c3b3dff2_c.jpg","datePublished":"2024-05-14T10:38:06+00:00","dateModified":"2025-01-20T13:03:00+00:00","breadcrumb":{"@id":"https:\/\/www.evropskakuca.me\/me\/evropskim-dirom-gradani-mojkovca-i-berana-obiljezili-dan-evrope\/#breadcrumb"},"inLanguage":"me-ME","potentialAction":[{"@type":"ReadAction","target":["https:\/\/www.evropskakuca.me\/me\/evropskim-dirom-gradani-mojkovca-i-berana-obiljezili-dan-evrope\/"]}]},{"@type":"ImageObject","inLanguage":"me-ME","@id":"https:\/\/www.evropskakuca.me\/me\/evropskim-dirom-gradani-mojkovca-i-berana-obiljezili-dan-evrope\/#primaryimage","url":"https:\/\/www.evropskakuca.me\/wp-content\/uploads\/2024\/05\/53718186789_e3c3b3dff2_c.jpg","contentUrl":"https:\/\/www.evropskakuca.me\/wp-content\/uploads\/2024\/05\/53718186789_e3c3b3dff2_c.jpg","width":800,"height":533},{"@type":"BreadcrumbList","@id":"https:\/\/www.evropskakuca.me\/me\/evropskim-dirom-gradani-mojkovca-i-berana-obiljezili-dan-evrope\/#breadcrumb","itemListElement":[{"@type":"ListItem","position":1,"name":"Home","item":"https:\/\/www.evropskakuca.me\/me\/"},{"@type":"ListItem","position":2,"name":"Gra\u0111ani Mojkovca i Berana obilje\u017eili Dan Evrope"}]},{"@type":"WebSite","@id":"https:\/\/www.evropskakuca.me\/me\/#website","url":"https:\/\/www.evropskakuca.me\/me\/","name":"Evropean house","description":"","publisher":{"@id":"https:\/\/www.evropskakuca.me\/me\/#organization"},"potentialAction":[{"@type":"SearchAction","target":{"@type":"EntryPoint","urlTemplate":"https:\/\/www.evropskakuca.me\/me\/?s={search_term_string}"},"query-input":{"@type":"PropertyValueSpecification","valueRequired":true,"valueName":"search_term_string"}}],"inLanguage":"me-ME"},{"@type":"Organization","@id":"https:\/\/www.evropskakuca.me\/me\/#organization","name":"Evropean house","url":"https:\/\/www.evropskakuca.me\/me\/","logo":{"@type":"ImageObject","inLanguage":"me-ME","@id":"https:\/\/www.evropskakuca.me\/me\/#\/schema\/logo\/image\/","url":"https:\/\/www.evropskakuca.me\/wp-content\/uploads\/2025\/01\/evropska-kuca-logo-1.png","contentUrl":"https:\/\/www.evropskakuca.me\/wp-content\/uploads\/2025\/01\/evropska-kuca-logo-1.png","width":425,"height":312,"caption":"Evropean house"},"image":{"@id":"https:\/\/www.evropskakuca.me\/me\/#\/schema\/logo\/image\/"},"sameAs":["https:\/\/www.facebook.com\/evropska.kuca","https:\/\/x.com\/evropska_kuca","https:\/\/www.instagram.com\/evropska_kuca"]},{"@type":"Person","@id":"https:\/\/www.evropskakuca.me\/me\/#\/schema\/person\/a1d0dcdaefe4a1cd1d60d200ea137ba4","name":"mkajic","image":{"@type":"ImageObject","inLanguage":"me-ME","@id":"https:\/\/secure.gravatar.com\/avatar\/731fa035cefab7316e6bafd1f25a93fb731a07de14e2d9923f8db4422628eabc?s=96&d=mm&r=g","url":"https:\/\/secure.gravatar.com\/avatar\/731fa035cefab7316e6bafd1f25a93fb731a07de14e2d9923f8db4422628eabc?s=96&d=mm&r=g","contentUrl":"https:\/\/secure.gravatar.com\/avatar\/731fa035cefab7316e6bafd1f25a93fb731a07de14e2d9923f8db4422628eabc?s=96&d=mm&r=g","caption":"mkajic"},"sameAs":["https:\/\/evropskakuca.me"],"url":"https:\/\/www.evropskakuca.me\/me\/author\/mkajic\/"}]}},"_links":{"self":[{"href":"https:\/\/www.evropskakuca.me\/me\/wp-json\/wp\/v2\/posts\/29793","targetHints":{"allow":["GET"]}}],"collection":[{"href":"https:\/\/www.evropskakuca.me\/me\/wp-json\/wp\/v2\/posts"}],"about":[{"href":"https:\/\/www.evropskakuca.me\/me\/wp-json\/wp\/v2\/types\/post"}],"author":[{"embeddable":true,"href":"https:\/\/www.evropskakuca.me\/me\/wp-json\/wp\/v2\/users\/1"}],"replies":[{"embeddable":true,"href":"https:\/\/www.evropskakuca.me\/me\/wp-json\/wp\/v2\/comments?post=29793"}],"version-history":[{"count":1,"href":"https:\/\/www.evropskakuca.me\/me\/wp-json\/wp\/v2\/posts\/29793\/revisions"}],"predecessor-version":[{"id":42404,"href":"https:\/\/www.evropskakuca.me\/me\/wp-json\/wp\/v2\/posts\/29793\/revisions\/42404"}],"wp:featuredmedia":[{"embeddable":true,"href":"https:\/\/www.evropskakuca.me\/me\/wp-json\/wp\/v2\/media\/41051"}],"wp:attachment":[{"href":"https:\/\/www.evropskakuca.me\/me\/wp-json\/wp\/v2\/media?parent=29793"}],"wp:term":[{"taxonomy":"category","embeddable":true,"href":"https:\/\/www.evropskakuca.me\/me\/wp-json\/wp\/v2\/categories?post=29793"},{"taxonomy":"post_tag","embeddable":true,"href":"https:\/\/www.evropskakuca.me\/me\/wp-json\/wp\/v2\/tags?post=29793"}],"curies":[{"name":"wp","href":"https:\/\/api.w.org\/{rel}","templated":true}]}}