{"id":29766,"date":"2024-05-13T11:58:59","date_gmt":"2024-05-13T11:58:59","guid":{"rendered":"https:\/\/evropskakuca.me\/?p=29766"},"modified":"2024-05-13T11:58:59","modified_gmt":"2024-05-13T11:58:59","slug":"proslava-dana-evrope-zavrsena-festivalom-svjetlosti","status":"publish","type":"post","link":"https:\/\/www.evropskakuca.me\/me\/proslava-dana-evrope-zavrsena-festivalom-svjetlosti\/","title":{"rendered":"Proslava Dana Evrope zavr\u0161ena festivalom svjetlosti"},"content":{"rendered":"<p>Sino\u0107 je u Podgorici na prostoru kampusa Univerziteta Crne Gore odr\u017ean festival svjetlosti,\u00a0 prvi takve vrste u Crnoj Gori. Festivalom koji je poklon Delegacije Evropske unije Podgorici i Univerzitetu Crne Gore ujedno je zavr\u0161ena i proslava Dana Evrope u Glavnom Gradu, dok Evropski \u0111ir Crnom Gorom i dalje traje.<\/p>\n<p><img fetchpriority=\"high\" decoding=\"async\" class=\"aligncenter size-large wp-image-29767\" src=\"https:\/\/evropskakuca.me\/wp-content\/uploads\/2024\/05\/FRO_7708-1024x683.jpg\" alt=\"\" width=\"1024\" height=\"683\" \/><\/p>\n<p>Podgori\u010dani su sino\u0107 u\u017eivali uz igru svjetla i 3D mapingu zgrade Rektorata i ritmu elektronskog zvuka za koji su biti zadu\u017eeni\u00a0 DJ Funkella uz podr\u0161ku Stefana Pavi\u0107evi\u0107a (saksofon) i Tanje Bogdanovi\u0107 (elektri\u010dna violina). Uz \u0161etali\u0161te su bile postavljene i tri svjetlosne instalacije koje su predstavljale tajni \u017eivot \u0161uma&#8230;<\/p>\n\n<p>Otvaraju\u0107i festival\u00a0 ambasadorka Oana Kristina Popa, ukazav\u0161i na \u010dinjenicu da su sva glavna de\u0161avanja proslave Dana Evrope organizovana na prostoru kampusa Univerziteta, poru\u010dila je da je Delegacija Evropske unije u Crnoj Gori time \u017eeljela da oda po\u010dast mladima, znanju i nauci povodom velikog jubileja, 50 godina od osnivanja Univerziteta Crne Gore.<\/p>\n<p><img decoding=\"async\" class=\"aligncenter size-large wp-image-29777\" src=\"https:\/\/evropskakuca.me\/wp-content\/uploads\/2024\/05\/FRO_7109-1024x683.jpg\" alt=\"\" width=\"1024\" height=\"683\" \/><\/p>\n<p>\u201cFestival svjetlosti ve\u010deras tako\u0111e ujedinjuje mladost, znanje, inovacije i nauku. Svjetlosne instalacije su djelo udru\u017eenja &#8220;Art for the City&#8221; i mladih hrvatskih umjetnika. 3D animacije su kreirane sa znanjem i inovativnim pristupom kompanije Pixell Design. \u017deljela bih da zahvalim Turisti\u010dkoj zajednici Zagreba na saradnji. Oni su nam ustupili \u00a0svjetlosne instalacije i time omogu\u0107ili organizaciju \u00a0festivala.\u201d kazala je ambasadorka Popa koja se ujedno zahvalila Glavnom gradu i Univerzitetu na partnerstvu i podr\u0161ci u organizovanju\u00a0 proslave praznika.<\/p>\n\n<p>Na festivalu svjetla gra\u0111anima se obratio i rektor Univerziteta Vladimir Bo\u017eovi\u0107. On se u svom obra\u0107anju dotakao i trajanja najstarije crnogorske visoko\u0161kolske institucije.<\/p>\n<p>\u201cInstitucija koja je za svoj jubilej odabrala slogan Futurum &#8211; Lu\u010da budu\u0107nosti, koja ve\u0107 50 godina isijava svjetlost znanja u Crnoj Gori, ali i \u0161ire, kr\u010de\u0107i put budu\u0107nosti, a koja je odnedavno dio evropske mre\u017ee univerziteta, savr\u0161ena je simboli\u010dka veza Dana Evrope i Festivala svjetlosti. Sve simboli\u010dke i stvarne sadr\u017eajne niti ovih doga\u0111aja su vodile i vode ka Univerzitetu Crne Gore. Stoga, zahvaljujem se Delegaciji Evropske unije u Crnoj Gori i Glavnom gradu \u0161to su to prepoznali\u201d, kazao je rektor Bo\u017eovi\u0107.<\/p>\n","protected":false},"excerpt":{"rendered":"<p>Sino\u0107 je u Podgorici na prostoru kampusa Univerziteta Crne Gore odr\u017ean festival svjetlosti,\u00a0 prvi takve vrste u Crnoj Gori. Festivalom koji je poklon Delegacije Evropske unije Podgorici i Univerzitetu Crne Gore ujedno je zavr\u0161ena i proslava Dana Evrope u Glavnom Gradu, dok Evropski \u0111ir Crnom Gorom i dalje traje. Podgori\u010dani su sino\u0107 u\u017eivali uz igru [&hellip;]<\/p>\n","protected":false},"author":1,"featured_media":41114,"comment_status":"closed","ping_status":"closed","sticky":false,"template":"","format":"standard","meta":{"_acf_changed":false,"footnotes":""},"categories":[],"tags":[],"class_list":["post-29766","post","type-post","status-publish","format-standard","has-post-thumbnail","hentry"],"acf":[],"yoast_head":"<!-- This site is optimized with the Yoast SEO plugin v27.3 - https:\/\/yoast.com\/product\/yoast-seo-wordpress\/ -->\n<title>Proslava Dana Evrope zavr\u0161ena festivalom svjetlosti - Europe House<\/title>\n<meta name=\"robots\" content=\"index, follow, max-snippet:-1, max-image-preview:large, max-video-preview:-1\" \/>\n<link rel=\"canonical\" href=\"https:\/\/www.evropskakuca.me\/me\/proslava-dana-evrope-zavrsena-festivalom-svjetlosti\/\" \/>\n<meta property=\"og:locale\" content=\"en_US\" \/>\n<meta property=\"og:type\" content=\"article\" \/>\n<meta property=\"og:title\" content=\"Proslava Dana Evrope zavr\u0161ena festivalom svjetlosti - Europe House\" \/>\n<meta property=\"og:description\" content=\"Sino\u0107 je u Podgorici na prostoru kampusa Univerziteta Crne Gore odr\u017ean festival svjetlosti,\u00a0 prvi takve vrste u Crnoj Gori. Festivalom koji je poklon Delegacije Evropske unije Podgorici i Univerzitetu Crne Gore ujedno je zavr\u0161ena i proslava Dana Evrope u Glavnom Gradu, dok Evropski \u0111ir Crnom Gorom i dalje traje. Podgori\u010dani su sino\u0107 u\u017eivali uz igru [&hellip;]\" \/>\n<meta property=\"og:url\" content=\"https:\/\/www.evropskakuca.me\/me\/proslava-dana-evrope-zavrsena-festivalom-svjetlosti\/\" \/>\n<meta property=\"og:site_name\" content=\"Europe House\" \/>\n<meta property=\"article:publisher\" content=\"https:\/\/www.facebook.com\/evropska.kuca\" \/>\n<meta property=\"article:published_time\" content=\"2024-05-13T11:58:59+00:00\" \/>\n<meta property=\"og:image\" content=\"https:\/\/www.evropskakuca.me\/wp-content\/uploads\/2024\/05\/FRO_7708.jpg\" \/>\n\t<meta property=\"og:image:width\" content=\"2560\" \/>\n\t<meta property=\"og:image:height\" content=\"1707\" \/>\n\t<meta property=\"og:image:type\" content=\"image\/jpeg\" \/>\n<meta name=\"author\" content=\"mkajic\" \/>\n<meta name=\"twitter:card\" content=\"summary_large_image\" \/>\n<meta name=\"twitter:creator\" content=\"@evropska_kuca\" \/>\n<meta name=\"twitter:site\" content=\"@evropska_kuca\" \/>\n<meta name=\"twitter:label1\" content=\"Written by\" \/>\n\t<meta name=\"twitter:data1\" content=\"mkajic\" \/>\n\t<meta name=\"twitter:label2\" content=\"Est. reading time\" \/>\n\t<meta name=\"twitter:data2\" content=\"2 minutes\" \/>\n<script type=\"application\/ld+json\" class=\"yoast-schema-graph\">{\"@context\":\"https:\\\/\\\/schema.org\",\"@graph\":[{\"@type\":\"Article\",\"@id\":\"https:\\\/\\\/www.evropskakuca.me\\\/me\\\/proslava-dana-evrope-zavrsena-festivalom-svjetlosti\\\/#article\",\"isPartOf\":{\"@id\":\"https:\\\/\\\/www.evropskakuca.me\\\/me\\\/proslava-dana-evrope-zavrsena-festivalom-svjetlosti\\\/\"},\"author\":{\"name\":\"mkajic\",\"@id\":\"https:\\\/\\\/www.evropskakuca.me\\\/me\\\/#\\\/schema\\\/person\\\/a1d0dcdaefe4a1cd1d60d200ea137ba4\"},\"headline\":\"Proslava Dana Evrope zavr\u0161ena festivalom svjetlosti\",\"datePublished\":\"2024-05-13T11:58:59+00:00\",\"mainEntityOfPage\":{\"@id\":\"https:\\\/\\\/www.evropskakuca.me\\\/me\\\/proslava-dana-evrope-zavrsena-festivalom-svjetlosti\\\/\"},\"wordCount\":378,\"publisher\":{\"@id\":\"https:\\\/\\\/www.evropskakuca.me\\\/me\\\/#organization\"},\"image\":{\"@id\":\"https:\\\/\\\/www.evropskakuca.me\\\/me\\\/proslava-dana-evrope-zavrsena-festivalom-svjetlosti\\\/#primaryimage\"},\"thumbnailUrl\":\"https:\\\/\\\/www.evropskakuca.me\\\/wp-content\\\/uploads\\\/2024\\\/05\\\/FRO_7708.jpg\",\"inLanguage\":\"me-ME\"},{\"@type\":\"WebPage\",\"@id\":\"https:\\\/\\\/www.evropskakuca.me\\\/me\\\/proslava-dana-evrope-zavrsena-festivalom-svjetlosti\\\/\",\"url\":\"https:\\\/\\\/www.evropskakuca.me\\\/me\\\/proslava-dana-evrope-zavrsena-festivalom-svjetlosti\\\/\",\"name\":\"Proslava Dana Evrope zavr\u0161ena festivalom svjetlosti - Europe House\",\"isPartOf\":{\"@id\":\"https:\\\/\\\/www.evropskakuca.me\\\/me\\\/#website\"},\"primaryImageOfPage\":{\"@id\":\"https:\\\/\\\/www.evropskakuca.me\\\/me\\\/proslava-dana-evrope-zavrsena-festivalom-svjetlosti\\\/#primaryimage\"},\"image\":{\"@id\":\"https:\\\/\\\/www.evropskakuca.me\\\/me\\\/proslava-dana-evrope-zavrsena-festivalom-svjetlosti\\\/#primaryimage\"},\"thumbnailUrl\":\"https:\\\/\\\/www.evropskakuca.me\\\/wp-content\\\/uploads\\\/2024\\\/05\\\/FRO_7708.jpg\",\"datePublished\":\"2024-05-13T11:58:59+00:00\",\"breadcrumb\":{\"@id\":\"https:\\\/\\\/www.evropskakuca.me\\\/me\\\/proslava-dana-evrope-zavrsena-festivalom-svjetlosti\\\/#breadcrumb\"},\"inLanguage\":\"me-ME\",\"potentialAction\":[{\"@type\":\"ReadAction\",\"target\":[\"https:\\\/\\\/www.evropskakuca.me\\\/me\\\/proslava-dana-evrope-zavrsena-festivalom-svjetlosti\\\/\"]}]},{\"@type\":\"ImageObject\",\"inLanguage\":\"me-ME\",\"@id\":\"https:\\\/\\\/www.evropskakuca.me\\\/me\\\/proslava-dana-evrope-zavrsena-festivalom-svjetlosti\\\/#primaryimage\",\"url\":\"https:\\\/\\\/www.evropskakuca.me\\\/wp-content\\\/uploads\\\/2024\\\/05\\\/FRO_7708.jpg\",\"contentUrl\":\"https:\\\/\\\/www.evropskakuca.me\\\/wp-content\\\/uploads\\\/2024\\\/05\\\/FRO_7708.jpg\",\"width\":2560,\"height\":1707},{\"@type\":\"BreadcrumbList\",\"@id\":\"https:\\\/\\\/www.evropskakuca.me\\\/me\\\/proslava-dana-evrope-zavrsena-festivalom-svjetlosti\\\/#breadcrumb\",\"itemListElement\":[{\"@type\":\"ListItem\",\"position\":1,\"name\":\"Home\",\"item\":\"https:\\\/\\\/www.evropskakuca.me\\\/me\\\/\"},{\"@type\":\"ListItem\",\"position\":2,\"name\":\"Proslava Dana Evrope zavr\u0161ena festivalom svjetlosti\"}]},{\"@type\":\"WebSite\",\"@id\":\"https:\\\/\\\/www.evropskakuca.me\\\/me\\\/#website\",\"url\":\"https:\\\/\\\/www.evropskakuca.me\\\/me\\\/\",\"name\":\"Evropean house\",\"description\":\"\",\"publisher\":{\"@id\":\"https:\\\/\\\/www.evropskakuca.me\\\/me\\\/#organization\"},\"potentialAction\":[{\"@type\":\"SearchAction\",\"target\":{\"@type\":\"EntryPoint\",\"urlTemplate\":\"https:\\\/\\\/www.evropskakuca.me\\\/me\\\/?s={search_term_string}\"},\"query-input\":{\"@type\":\"PropertyValueSpecification\",\"valueRequired\":true,\"valueName\":\"search_term_string\"}}],\"inLanguage\":\"me-ME\"},{\"@type\":\"Organization\",\"@id\":\"https:\\\/\\\/www.evropskakuca.me\\\/me\\\/#organization\",\"name\":\"Evropean house\",\"url\":\"https:\\\/\\\/www.evropskakuca.me\\\/me\\\/\",\"logo\":{\"@type\":\"ImageObject\",\"inLanguage\":\"me-ME\",\"@id\":\"https:\\\/\\\/www.evropskakuca.me\\\/me\\\/#\\\/schema\\\/logo\\\/image\\\/\",\"url\":\"https:\\\/\\\/www.evropskakuca.me\\\/wp-content\\\/uploads\\\/2025\\\/01\\\/evropska-kuca-logo-1.png\",\"contentUrl\":\"https:\\\/\\\/www.evropskakuca.me\\\/wp-content\\\/uploads\\\/2025\\\/01\\\/evropska-kuca-logo-1.png\",\"width\":425,\"height\":312,\"caption\":\"Evropean house\"},\"image\":{\"@id\":\"https:\\\/\\\/www.evropskakuca.me\\\/me\\\/#\\\/schema\\\/logo\\\/image\\\/\"},\"sameAs\":[\"https:\\\/\\\/www.facebook.com\\\/evropska.kuca\",\"https:\\\/\\\/x.com\\\/evropska_kuca\",\"https:\\\/\\\/www.instagram.com\\\/evropska_kuca\"]},{\"@type\":\"Person\",\"@id\":\"https:\\\/\\\/www.evropskakuca.me\\\/me\\\/#\\\/schema\\\/person\\\/a1d0dcdaefe4a1cd1d60d200ea137ba4\",\"name\":\"mkajic\",\"image\":{\"@type\":\"ImageObject\",\"inLanguage\":\"me-ME\",\"@id\":\"https:\\\/\\\/secure.gravatar.com\\\/avatar\\\/731fa035cefab7316e6bafd1f25a93fb731a07de14e2d9923f8db4422628eabc?s=96&d=mm&r=g\",\"url\":\"https:\\\/\\\/secure.gravatar.com\\\/avatar\\\/731fa035cefab7316e6bafd1f25a93fb731a07de14e2d9923f8db4422628eabc?s=96&d=mm&r=g\",\"contentUrl\":\"https:\\\/\\\/secure.gravatar.com\\\/avatar\\\/731fa035cefab7316e6bafd1f25a93fb731a07de14e2d9923f8db4422628eabc?s=96&d=mm&r=g\",\"caption\":\"mkajic\"},\"sameAs\":[\"https:\\\/\\\/evropskakuca.me\"],\"url\":\"https:\\\/\\\/www.evropskakuca.me\\\/me\\\/author\\\/mkajic\\\/\"}]}<\/script>\n<!-- \/ Yoast SEO plugin. -->","yoast_head_json":{"title":"Proslava Dana Evrope zavr\u0161ena festivalom svjetlosti - Europe House","robots":{"index":"index","follow":"follow","max-snippet":"max-snippet:-1","max-image-preview":"max-image-preview:large","max-video-preview":"max-video-preview:-1"},"canonical":"https:\/\/www.evropskakuca.me\/me\/proslava-dana-evrope-zavrsena-festivalom-svjetlosti\/","og_locale":"en_US","og_type":"article","og_title":"Proslava Dana Evrope zavr\u0161ena festivalom svjetlosti - Europe House","og_description":"Sino\u0107 je u Podgorici na prostoru kampusa Univerziteta Crne Gore odr\u017ean festival svjetlosti,\u00a0 prvi takve vrste u Crnoj Gori. Festivalom koji je poklon Delegacije Evropske unije Podgorici i Univerzitetu Crne Gore ujedno je zavr\u0161ena i proslava Dana Evrope u Glavnom Gradu, dok Evropski \u0111ir Crnom Gorom i dalje traje. Podgori\u010dani su sino\u0107 u\u017eivali uz igru [&hellip;]","og_url":"https:\/\/www.evropskakuca.me\/me\/proslava-dana-evrope-zavrsena-festivalom-svjetlosti\/","og_site_name":"Europe House","article_publisher":"https:\/\/www.facebook.com\/evropska.kuca","article_published_time":"2024-05-13T11:58:59+00:00","og_image":[{"width":2560,"height":1707,"url":"https:\/\/www.evropskakuca.me\/wp-content\/uploads\/2024\/05\/FRO_7708.jpg","type":"image\/jpeg"}],"author":"mkajic","twitter_card":"summary_large_image","twitter_creator":"@evropska_kuca","twitter_site":"@evropska_kuca","twitter_misc":{"Written by":"mkajic","Est. reading time":"2 minutes"},"schema":{"@context":"https:\/\/schema.org","@graph":[{"@type":"Article","@id":"https:\/\/www.evropskakuca.me\/me\/proslava-dana-evrope-zavrsena-festivalom-svjetlosti\/#article","isPartOf":{"@id":"https:\/\/www.evropskakuca.me\/me\/proslava-dana-evrope-zavrsena-festivalom-svjetlosti\/"},"author":{"name":"mkajic","@id":"https:\/\/www.evropskakuca.me\/me\/#\/schema\/person\/a1d0dcdaefe4a1cd1d60d200ea137ba4"},"headline":"Proslava Dana Evrope zavr\u0161ena festivalom svjetlosti","datePublished":"2024-05-13T11:58:59+00:00","mainEntityOfPage":{"@id":"https:\/\/www.evropskakuca.me\/me\/proslava-dana-evrope-zavrsena-festivalom-svjetlosti\/"},"wordCount":378,"publisher":{"@id":"https:\/\/www.evropskakuca.me\/me\/#organization"},"image":{"@id":"https:\/\/www.evropskakuca.me\/me\/proslava-dana-evrope-zavrsena-festivalom-svjetlosti\/#primaryimage"},"thumbnailUrl":"https:\/\/www.evropskakuca.me\/wp-content\/uploads\/2024\/05\/FRO_7708.jpg","inLanguage":"me-ME"},{"@type":"WebPage","@id":"https:\/\/www.evropskakuca.me\/me\/proslava-dana-evrope-zavrsena-festivalom-svjetlosti\/","url":"https:\/\/www.evropskakuca.me\/me\/proslava-dana-evrope-zavrsena-festivalom-svjetlosti\/","name":"Proslava Dana Evrope zavr\u0161ena festivalom svjetlosti - Europe House","isPartOf":{"@id":"https:\/\/www.evropskakuca.me\/me\/#website"},"primaryImageOfPage":{"@id":"https:\/\/www.evropskakuca.me\/me\/proslava-dana-evrope-zavrsena-festivalom-svjetlosti\/#primaryimage"},"image":{"@id":"https:\/\/www.evropskakuca.me\/me\/proslava-dana-evrope-zavrsena-festivalom-svjetlosti\/#primaryimage"},"thumbnailUrl":"https:\/\/www.evropskakuca.me\/wp-content\/uploads\/2024\/05\/FRO_7708.jpg","datePublished":"2024-05-13T11:58:59+00:00","breadcrumb":{"@id":"https:\/\/www.evropskakuca.me\/me\/proslava-dana-evrope-zavrsena-festivalom-svjetlosti\/#breadcrumb"},"inLanguage":"me-ME","potentialAction":[{"@type":"ReadAction","target":["https:\/\/www.evropskakuca.me\/me\/proslava-dana-evrope-zavrsena-festivalom-svjetlosti\/"]}]},{"@type":"ImageObject","inLanguage":"me-ME","@id":"https:\/\/www.evropskakuca.me\/me\/proslava-dana-evrope-zavrsena-festivalom-svjetlosti\/#primaryimage","url":"https:\/\/www.evropskakuca.me\/wp-content\/uploads\/2024\/05\/FRO_7708.jpg","contentUrl":"https:\/\/www.evropskakuca.me\/wp-content\/uploads\/2024\/05\/FRO_7708.jpg","width":2560,"height":1707},{"@type":"BreadcrumbList","@id":"https:\/\/www.evropskakuca.me\/me\/proslava-dana-evrope-zavrsena-festivalom-svjetlosti\/#breadcrumb","itemListElement":[{"@type":"ListItem","position":1,"name":"Home","item":"https:\/\/www.evropskakuca.me\/me\/"},{"@type":"ListItem","position":2,"name":"Proslava Dana Evrope zavr\u0161ena festivalom svjetlosti"}]},{"@type":"WebSite","@id":"https:\/\/www.evropskakuca.me\/me\/#website","url":"https:\/\/www.evropskakuca.me\/me\/","name":"Evropean house","description":"","publisher":{"@id":"https:\/\/www.evropskakuca.me\/me\/#organization"},"potentialAction":[{"@type":"SearchAction","target":{"@type":"EntryPoint","urlTemplate":"https:\/\/www.evropskakuca.me\/me\/?s={search_term_string}"},"query-input":{"@type":"PropertyValueSpecification","valueRequired":true,"valueName":"search_term_string"}}],"inLanguage":"me-ME"},{"@type":"Organization","@id":"https:\/\/www.evropskakuca.me\/me\/#organization","name":"Evropean house","url":"https:\/\/www.evropskakuca.me\/me\/","logo":{"@type":"ImageObject","inLanguage":"me-ME","@id":"https:\/\/www.evropskakuca.me\/me\/#\/schema\/logo\/image\/","url":"https:\/\/www.evropskakuca.me\/wp-content\/uploads\/2025\/01\/evropska-kuca-logo-1.png","contentUrl":"https:\/\/www.evropskakuca.me\/wp-content\/uploads\/2025\/01\/evropska-kuca-logo-1.png","width":425,"height":312,"caption":"Evropean house"},"image":{"@id":"https:\/\/www.evropskakuca.me\/me\/#\/schema\/logo\/image\/"},"sameAs":["https:\/\/www.facebook.com\/evropska.kuca","https:\/\/x.com\/evropska_kuca","https:\/\/www.instagram.com\/evropska_kuca"]},{"@type":"Person","@id":"https:\/\/www.evropskakuca.me\/me\/#\/schema\/person\/a1d0dcdaefe4a1cd1d60d200ea137ba4","name":"mkajic","image":{"@type":"ImageObject","inLanguage":"me-ME","@id":"https:\/\/secure.gravatar.com\/avatar\/731fa035cefab7316e6bafd1f25a93fb731a07de14e2d9923f8db4422628eabc?s=96&d=mm&r=g","url":"https:\/\/secure.gravatar.com\/avatar\/731fa035cefab7316e6bafd1f25a93fb731a07de14e2d9923f8db4422628eabc?s=96&d=mm&r=g","contentUrl":"https:\/\/secure.gravatar.com\/avatar\/731fa035cefab7316e6bafd1f25a93fb731a07de14e2d9923f8db4422628eabc?s=96&d=mm&r=g","caption":"mkajic"},"sameAs":["https:\/\/evropskakuca.me"],"url":"https:\/\/www.evropskakuca.me\/me\/author\/mkajic\/"}]}},"_links":{"self":[{"href":"https:\/\/www.evropskakuca.me\/me\/wp-json\/wp\/v2\/posts\/29766","targetHints":{"allow":["GET"]}}],"collection":[{"href":"https:\/\/www.evropskakuca.me\/me\/wp-json\/wp\/v2\/posts"}],"about":[{"href":"https:\/\/www.evropskakuca.me\/me\/wp-json\/wp\/v2\/types\/post"}],"author":[{"embeddable":true,"href":"https:\/\/www.evropskakuca.me\/me\/wp-json\/wp\/v2\/users\/1"}],"replies":[{"embeddable":true,"href":"https:\/\/www.evropskakuca.me\/me\/wp-json\/wp\/v2\/comments?post=29766"}],"version-history":[{"count":0,"href":"https:\/\/www.evropskakuca.me\/me\/wp-json\/wp\/v2\/posts\/29766\/revisions"}],"wp:featuredmedia":[{"embeddable":true,"href":"https:\/\/www.evropskakuca.me\/me\/wp-json\/wp\/v2\/media\/41114"}],"wp:attachment":[{"href":"https:\/\/www.evropskakuca.me\/me\/wp-json\/wp\/v2\/media?parent=29766"}],"wp:term":[{"taxonomy":"category","embeddable":true,"href":"https:\/\/www.evropskakuca.me\/me\/wp-json\/wp\/v2\/categories?post=29766"},{"taxonomy":"post_tag","embeddable":true,"href":"https:\/\/www.evropskakuca.me\/me\/wp-json\/wp\/v2\/tags?post=29766"}],"curies":[{"name":"wp","href":"https:\/\/api.w.org\/{rel}","templated":true}]}}