{"id":29726,"date":"2024-05-13T11:48:43","date_gmt":"2024-05-13T11:48:43","guid":{"rendered":"https:\/\/evropskakuca.me\/?p=29726"},"modified":"2024-05-13T11:48:43","modified_gmt":"2024-05-13T11:48:43","slug":"cvjetni-tepih-i-eu-sajam-u-podgorici","status":"publish","type":"post","link":"https:\/\/www.evropskakuca.me\/me\/cvjetni-tepih-i-eu-sajam-u-podgorici\/","title":{"rendered":"Cvjetni tepih i EU sajam u Podgorici"},"content":{"rendered":"<p>\u201cVeoma me raduje \u0161to danas zajedno proslavljamo Dan Evrope, dan koji obilje\u017eava ra\u0111anje evropske ideje \u2013 projekta izgra\u0111enog na miru, saradnji i jedinstvu\u201d, kazala je ambasadorka Evropske unije u Crnoj Gori, Oana Kristina Popa povodom otvaranja cvjetnog tepiha na Trgu Svetog Petra Cetinjskog u Podgorici.<\/p>\n<p><img fetchpriority=\"high\" decoding=\"async\" class=\"aligncenter size-large wp-image-29729\" src=\"https:\/\/evropskakuca.me\/wp-content\/uploads\/2024\/05\/FRO_4917-1024x683.jpg\" alt=\"\" width=\"1024\" height=\"683\" \/><\/p>\n<p>Ona je istakla da je u protekle 4 godine, u razli\u010ditim gradovima \u0161irom Crne Gore, Dan Evrope proslavljan postavljanjem cvjetnih tepiha.<\/p>\n<p>\u201eCvije\u0107e je na\u0161 poklon gra\u0111anima Crne Gore,ono je simbol zajedni\u0161tva, solidarnosti i prijateljstva izme\u0111u EU i Crne Gore\u201c istakla je Popa.<\/p>\n\n<p>Ovogodi\u0161nji cvjetni tepih je povr\u0161ine 274 kvadratna metra i inspirisan je tradicijom crnogorske radinosti.<\/p>\n<p>\u201eCvjetno remek djelo, kao i svake godine, kreirala je nevjerovatno talentovana pejza\u017ena arhitektica Jelena Jestrovi\u0107 sa oko 18 hiljada saksija lokalnog cvje\u0107a. Ba\u0161 kao i zastavu EU, \u010dine ga 12 zvjezdica, a dizajn je inspirisan tradicionalnim crnogorskim rukotvorinama. Tepih tako spaja simboliku crnogorske tradicije i kulture sa simbolikom zemalja EU. Savr\u0161eno objedinjuje sve ono \u0161to predstavlja Dan Evrope.\u201c kazala je Popa i dodala da \u0107e nakon nekoliko dana izlaganja cvjetnog tepiha, cvije\u0107e biti poklonjeno gra\u0111anima Podgorice i zasa\u0111eno na javnim zelenim povr\u0161inama.<\/p>\n\n<p>Ministarka evropskih poslova Maida Gor\u010devi\u0107 istakla je da je ponosna na to \u0161to mnogi gra\u0111ani podr\u017eavaju ideju ulaska Crne Gore u EU.<\/p>\n<p><img decoding=\"async\" class=\"aligncenter size-large wp-image-29741\" src=\"https:\/\/evropskakuca.me\/wp-content\/uploads\/2024\/05\/FRO_5141-1024x683.jpg\" alt=\"\" width=\"1024\" height=\"683\" \/><\/p>\n<p>&#8220;Proces evropskih integracija pripada svima nama. Zato Dan Evrope slavimo \u0161irom Crne Gore&#8221;, kazala je Gor\u010devi\u0107, dodaju\u0107i da \u0107e Crna Gora nastaviti da gaji evropske vrijednosti.<\/p>\n\n<p>Gradona\u010delnica Podgorice Olivera Injac kazala je da je Evropa ujedinjena u \u017eelji za mirom i solidarno\u0161\u0107u i istakla da je cvjetni tepih simbol uva\u017eavanja crnogorske tradicije.<\/p>\n<p><img decoding=\"async\" class=\"aligncenter size-large wp-image-29753\" src=\"https:\/\/evropskakuca.me\/wp-content\/uploads\/2024\/05\/FRO_5151-1024x683.jpg\" alt=\"\" width=\"1024\" height=\"683\" \/><\/p>\n<p>Uz tradicionalni\u00a0<strong>EU sajam ambasada<\/strong>\u00a0kojim su predstavljeni kultura i istorijat zemalja EU, izlaganja programa i projekata EU u Crnoj Gori i partnera, posjetioci centralne manifestacije proslave Dana Evrope imali su priliku da u\u017eivaju u <strong>koncertu hora Zvjezdice, pje\u0161\u010danoj predstavi inspirisanoj strip junakinjom Super Zvjezdanom <\/strong>ali i dru\u017eenju sa ku\u0107nim ljubimcima.<\/p>\n\n<p>Organizovan je i \u0161ah na otvorenom, slikanje na otvorenom, virtuelna realnost, a za ljubitelje mode prire\u0111ena je<strong> modna revija\u00a0<\/strong>modela napravljenih od recikliranih materijala.<\/p>\n<p><img loading=\"lazy\" decoding=\"async\" class=\"aligncenter size-large wp-image-29763\" src=\"https:\/\/evropskakuca.me\/wp-content\/uploads\/2024\/05\/EU-Studentski-trg-233-1024x576.jpg\" alt=\"\" width=\"1024\" height=\"576\" \/><\/p>\n","protected":false},"excerpt":{"rendered":"<p>\u201cVeoma me raduje \u0161to danas zajedno proslavljamo Dan Evrope, dan koji obilje\u017eava ra\u0111anje evropske ideje \u2013 projekta izgra\u0111enog na miru, saradnji i jedinstvu\u201d, kazala je ambasadorka Evropske unije u Crnoj Gori, Oana Kristina Popa povodom otvaranja cvjetnog tepiha na Trgu Svetog Petra Cetinjskog u Podgorici. Ona je istakla da je u protekle 4 godine, u [&hellip;]<\/p>\n","protected":false},"author":1,"featured_media":41088,"comment_status":"closed","ping_status":"closed","sticky":false,"template":"","format":"standard","meta":{"_acf_changed":false,"footnotes":""},"categories":[],"tags":[],"class_list":["post-29726","post","type-post","status-publish","format-standard","has-post-thumbnail","hentry"],"acf":[],"yoast_head":"<!-- This site is optimized with the Yoast SEO plugin v27.3 - https:\/\/yoast.com\/product\/yoast-seo-wordpress\/ -->\n<title>Cvjetni tepih i EU sajam u Podgorici - Europe House<\/title>\n<meta name=\"robots\" content=\"index, follow, max-snippet:-1, max-image-preview:large, max-video-preview:-1\" \/>\n<link rel=\"canonical\" href=\"https:\/\/www.evropskakuca.me\/me\/cvjetni-tepih-i-eu-sajam-u-podgorici\/\" \/>\n<meta property=\"og:locale\" content=\"en_US\" \/>\n<meta property=\"og:type\" content=\"article\" \/>\n<meta property=\"og:title\" content=\"Cvjetni tepih i EU sajam u Podgorici - Europe House\" \/>\n<meta property=\"og:description\" content=\"\u201cVeoma me raduje \u0161to danas zajedno proslavljamo Dan Evrope, dan koji obilje\u017eava ra\u0111anje evropske ideje \u2013 projekta izgra\u0111enog na miru, saradnji i jedinstvu\u201d, kazala je ambasadorka Evropske unije u Crnoj Gori, Oana Kristina Popa povodom otvaranja cvjetnog tepiha na Trgu Svetog Petra Cetinjskog u Podgorici. Ona je istakla da je u protekle 4 godine, u [&hellip;]\" \/>\n<meta property=\"og:url\" content=\"https:\/\/www.evropskakuca.me\/me\/cvjetni-tepih-i-eu-sajam-u-podgorici\/\" \/>\n<meta property=\"og:site_name\" content=\"Europe House\" \/>\n<meta property=\"article:publisher\" content=\"https:\/\/www.facebook.com\/evropska.kuca\" \/>\n<meta property=\"article:published_time\" content=\"2024-05-13T11:48:43+00:00\" \/>\n<meta property=\"og:image\" content=\"https:\/\/www.evropskakuca.me\/wp-content\/uploads\/2024\/05\/FRO_5198.jpg\" \/>\n\t<meta property=\"og:image:width\" content=\"2560\" \/>\n\t<meta property=\"og:image:height\" content=\"1707\" \/>\n\t<meta property=\"og:image:type\" content=\"image\/jpeg\" \/>\n<meta name=\"author\" content=\"mkajic\" \/>\n<meta name=\"twitter:card\" content=\"summary_large_image\" \/>\n<meta name=\"twitter:creator\" content=\"@evropska_kuca\" \/>\n<meta name=\"twitter:site\" content=\"@evropska_kuca\" \/>\n<meta name=\"twitter:label1\" content=\"Written by\" \/>\n\t<meta name=\"twitter:data1\" content=\"mkajic\" \/>\n\t<meta name=\"twitter:label2\" content=\"Est. reading time\" \/>\n\t<meta name=\"twitter:data2\" content=\"2 minutes\" \/>\n<script type=\"application\/ld+json\" class=\"yoast-schema-graph\">{\"@context\":\"https:\\\/\\\/schema.org\",\"@graph\":[{\"@type\":\"Article\",\"@id\":\"https:\\\/\\\/www.evropskakuca.me\\\/me\\\/cvjetni-tepih-i-eu-sajam-u-podgorici\\\/#article\",\"isPartOf\":{\"@id\":\"https:\\\/\\\/www.evropskakuca.me\\\/me\\\/cvjetni-tepih-i-eu-sajam-u-podgorici\\\/\"},\"author\":{\"name\":\"mkajic\",\"@id\":\"https:\\\/\\\/www.evropskakuca.me\\\/me\\\/#\\\/schema\\\/person\\\/a1d0dcdaefe4a1cd1d60d200ea137ba4\"},\"headline\":\"Cvjetni tepih i EU sajam u Podgorici\",\"datePublished\":\"2024-05-13T11:48:43+00:00\",\"mainEntityOfPage\":{\"@id\":\"https:\\\/\\\/www.evropskakuca.me\\\/me\\\/cvjetni-tepih-i-eu-sajam-u-podgorici\\\/\"},\"wordCount\":382,\"publisher\":{\"@id\":\"https:\\\/\\\/www.evropskakuca.me\\\/me\\\/#organization\"},\"image\":{\"@id\":\"https:\\\/\\\/www.evropskakuca.me\\\/me\\\/cvjetni-tepih-i-eu-sajam-u-podgorici\\\/#primaryimage\"},\"thumbnailUrl\":\"https:\\\/\\\/www.evropskakuca.me\\\/wp-content\\\/uploads\\\/2024\\\/05\\\/FRO_5198.jpg\",\"inLanguage\":\"me-ME\"},{\"@type\":\"WebPage\",\"@id\":\"https:\\\/\\\/www.evropskakuca.me\\\/me\\\/cvjetni-tepih-i-eu-sajam-u-podgorici\\\/\",\"url\":\"https:\\\/\\\/www.evropskakuca.me\\\/me\\\/cvjetni-tepih-i-eu-sajam-u-podgorici\\\/\",\"name\":\"Cvjetni tepih i EU sajam u Podgorici - Europe House\",\"isPartOf\":{\"@id\":\"https:\\\/\\\/www.evropskakuca.me\\\/me\\\/#website\"},\"primaryImageOfPage\":{\"@id\":\"https:\\\/\\\/www.evropskakuca.me\\\/me\\\/cvjetni-tepih-i-eu-sajam-u-podgorici\\\/#primaryimage\"},\"image\":{\"@id\":\"https:\\\/\\\/www.evropskakuca.me\\\/me\\\/cvjetni-tepih-i-eu-sajam-u-podgorici\\\/#primaryimage\"},\"thumbnailUrl\":\"https:\\\/\\\/www.evropskakuca.me\\\/wp-content\\\/uploads\\\/2024\\\/05\\\/FRO_5198.jpg\",\"datePublished\":\"2024-05-13T11:48:43+00:00\",\"breadcrumb\":{\"@id\":\"https:\\\/\\\/www.evropskakuca.me\\\/me\\\/cvjetni-tepih-i-eu-sajam-u-podgorici\\\/#breadcrumb\"},\"inLanguage\":\"me-ME\",\"potentialAction\":[{\"@type\":\"ReadAction\",\"target\":[\"https:\\\/\\\/www.evropskakuca.me\\\/me\\\/cvjetni-tepih-i-eu-sajam-u-podgorici\\\/\"]}]},{\"@type\":\"ImageObject\",\"inLanguage\":\"me-ME\",\"@id\":\"https:\\\/\\\/www.evropskakuca.me\\\/me\\\/cvjetni-tepih-i-eu-sajam-u-podgorici\\\/#primaryimage\",\"url\":\"https:\\\/\\\/www.evropskakuca.me\\\/wp-content\\\/uploads\\\/2024\\\/05\\\/FRO_5198.jpg\",\"contentUrl\":\"https:\\\/\\\/www.evropskakuca.me\\\/wp-content\\\/uploads\\\/2024\\\/05\\\/FRO_5198.jpg\",\"width\":2560,\"height\":1707},{\"@type\":\"BreadcrumbList\",\"@id\":\"https:\\\/\\\/www.evropskakuca.me\\\/me\\\/cvjetni-tepih-i-eu-sajam-u-podgorici\\\/#breadcrumb\",\"itemListElement\":[{\"@type\":\"ListItem\",\"position\":1,\"name\":\"Home\",\"item\":\"https:\\\/\\\/www.evropskakuca.me\\\/me\\\/\"},{\"@type\":\"ListItem\",\"position\":2,\"name\":\"Cvjetni tepih i EU sajam u Podgorici\"}]},{\"@type\":\"WebSite\",\"@id\":\"https:\\\/\\\/www.evropskakuca.me\\\/me\\\/#website\",\"url\":\"https:\\\/\\\/www.evropskakuca.me\\\/me\\\/\",\"name\":\"Evropean house\",\"description\":\"\",\"publisher\":{\"@id\":\"https:\\\/\\\/www.evropskakuca.me\\\/me\\\/#organization\"},\"potentialAction\":[{\"@type\":\"SearchAction\",\"target\":{\"@type\":\"EntryPoint\",\"urlTemplate\":\"https:\\\/\\\/www.evropskakuca.me\\\/me\\\/?s={search_term_string}\"},\"query-input\":{\"@type\":\"PropertyValueSpecification\",\"valueRequired\":true,\"valueName\":\"search_term_string\"}}],\"inLanguage\":\"me-ME\"},{\"@type\":\"Organization\",\"@id\":\"https:\\\/\\\/www.evropskakuca.me\\\/me\\\/#organization\",\"name\":\"Evropean house\",\"url\":\"https:\\\/\\\/www.evropskakuca.me\\\/me\\\/\",\"logo\":{\"@type\":\"ImageObject\",\"inLanguage\":\"me-ME\",\"@id\":\"https:\\\/\\\/www.evropskakuca.me\\\/me\\\/#\\\/schema\\\/logo\\\/image\\\/\",\"url\":\"https:\\\/\\\/www.evropskakuca.me\\\/wp-content\\\/uploads\\\/2025\\\/01\\\/evropska-kuca-logo-1.png\",\"contentUrl\":\"https:\\\/\\\/www.evropskakuca.me\\\/wp-content\\\/uploads\\\/2025\\\/01\\\/evropska-kuca-logo-1.png\",\"width\":425,\"height\":312,\"caption\":\"Evropean house\"},\"image\":{\"@id\":\"https:\\\/\\\/www.evropskakuca.me\\\/me\\\/#\\\/schema\\\/logo\\\/image\\\/\"},\"sameAs\":[\"https:\\\/\\\/www.facebook.com\\\/evropska.kuca\",\"https:\\\/\\\/x.com\\\/evropska_kuca\",\"https:\\\/\\\/www.instagram.com\\\/evropska_kuca\"]},{\"@type\":\"Person\",\"@id\":\"https:\\\/\\\/www.evropskakuca.me\\\/me\\\/#\\\/schema\\\/person\\\/a1d0dcdaefe4a1cd1d60d200ea137ba4\",\"name\":\"mkajic\",\"image\":{\"@type\":\"ImageObject\",\"inLanguage\":\"me-ME\",\"@id\":\"https:\\\/\\\/secure.gravatar.com\\\/avatar\\\/731fa035cefab7316e6bafd1f25a93fb731a07de14e2d9923f8db4422628eabc?s=96&d=mm&r=g\",\"url\":\"https:\\\/\\\/secure.gravatar.com\\\/avatar\\\/731fa035cefab7316e6bafd1f25a93fb731a07de14e2d9923f8db4422628eabc?s=96&d=mm&r=g\",\"contentUrl\":\"https:\\\/\\\/secure.gravatar.com\\\/avatar\\\/731fa035cefab7316e6bafd1f25a93fb731a07de14e2d9923f8db4422628eabc?s=96&d=mm&r=g\",\"caption\":\"mkajic\"},\"sameAs\":[\"https:\\\/\\\/evropskakuca.me\"],\"url\":\"https:\\\/\\\/www.evropskakuca.me\\\/me\\\/author\\\/mkajic\\\/\"}]}<\/script>\n<!-- \/ Yoast SEO plugin. -->","yoast_head_json":{"title":"Cvjetni tepih i EU sajam u Podgorici - Europe House","robots":{"index":"index","follow":"follow","max-snippet":"max-snippet:-1","max-image-preview":"max-image-preview:large","max-video-preview":"max-video-preview:-1"},"canonical":"https:\/\/www.evropskakuca.me\/me\/cvjetni-tepih-i-eu-sajam-u-podgorici\/","og_locale":"en_US","og_type":"article","og_title":"Cvjetni tepih i EU sajam u Podgorici - Europe House","og_description":"\u201cVeoma me raduje \u0161to danas zajedno proslavljamo Dan Evrope, dan koji obilje\u017eava ra\u0111anje evropske ideje \u2013 projekta izgra\u0111enog na miru, saradnji i jedinstvu\u201d, kazala je ambasadorka Evropske unije u Crnoj Gori, Oana Kristina Popa povodom otvaranja cvjetnog tepiha na Trgu Svetog Petra Cetinjskog u Podgorici. Ona je istakla da je u protekle 4 godine, u [&hellip;]","og_url":"https:\/\/www.evropskakuca.me\/me\/cvjetni-tepih-i-eu-sajam-u-podgorici\/","og_site_name":"Europe House","article_publisher":"https:\/\/www.facebook.com\/evropska.kuca","article_published_time":"2024-05-13T11:48:43+00:00","og_image":[{"width":2560,"height":1707,"url":"https:\/\/www.evropskakuca.me\/wp-content\/uploads\/2024\/05\/FRO_5198.jpg","type":"image\/jpeg"}],"author":"mkajic","twitter_card":"summary_large_image","twitter_creator":"@evropska_kuca","twitter_site":"@evropska_kuca","twitter_misc":{"Written by":"mkajic","Est. reading time":"2 minutes"},"schema":{"@context":"https:\/\/schema.org","@graph":[{"@type":"Article","@id":"https:\/\/www.evropskakuca.me\/me\/cvjetni-tepih-i-eu-sajam-u-podgorici\/#article","isPartOf":{"@id":"https:\/\/www.evropskakuca.me\/me\/cvjetni-tepih-i-eu-sajam-u-podgorici\/"},"author":{"name":"mkajic","@id":"https:\/\/www.evropskakuca.me\/me\/#\/schema\/person\/a1d0dcdaefe4a1cd1d60d200ea137ba4"},"headline":"Cvjetni tepih i EU sajam u Podgorici","datePublished":"2024-05-13T11:48:43+00:00","mainEntityOfPage":{"@id":"https:\/\/www.evropskakuca.me\/me\/cvjetni-tepih-i-eu-sajam-u-podgorici\/"},"wordCount":382,"publisher":{"@id":"https:\/\/www.evropskakuca.me\/me\/#organization"},"image":{"@id":"https:\/\/www.evropskakuca.me\/me\/cvjetni-tepih-i-eu-sajam-u-podgorici\/#primaryimage"},"thumbnailUrl":"https:\/\/www.evropskakuca.me\/wp-content\/uploads\/2024\/05\/FRO_5198.jpg","inLanguage":"me-ME"},{"@type":"WebPage","@id":"https:\/\/www.evropskakuca.me\/me\/cvjetni-tepih-i-eu-sajam-u-podgorici\/","url":"https:\/\/www.evropskakuca.me\/me\/cvjetni-tepih-i-eu-sajam-u-podgorici\/","name":"Cvjetni tepih i EU sajam u Podgorici - Europe House","isPartOf":{"@id":"https:\/\/www.evropskakuca.me\/me\/#website"},"primaryImageOfPage":{"@id":"https:\/\/www.evropskakuca.me\/me\/cvjetni-tepih-i-eu-sajam-u-podgorici\/#primaryimage"},"image":{"@id":"https:\/\/www.evropskakuca.me\/me\/cvjetni-tepih-i-eu-sajam-u-podgorici\/#primaryimage"},"thumbnailUrl":"https:\/\/www.evropskakuca.me\/wp-content\/uploads\/2024\/05\/FRO_5198.jpg","datePublished":"2024-05-13T11:48:43+00:00","breadcrumb":{"@id":"https:\/\/www.evropskakuca.me\/me\/cvjetni-tepih-i-eu-sajam-u-podgorici\/#breadcrumb"},"inLanguage":"me-ME","potentialAction":[{"@type":"ReadAction","target":["https:\/\/www.evropskakuca.me\/me\/cvjetni-tepih-i-eu-sajam-u-podgorici\/"]}]},{"@type":"ImageObject","inLanguage":"me-ME","@id":"https:\/\/www.evropskakuca.me\/me\/cvjetni-tepih-i-eu-sajam-u-podgorici\/#primaryimage","url":"https:\/\/www.evropskakuca.me\/wp-content\/uploads\/2024\/05\/FRO_5198.jpg","contentUrl":"https:\/\/www.evropskakuca.me\/wp-content\/uploads\/2024\/05\/FRO_5198.jpg","width":2560,"height":1707},{"@type":"BreadcrumbList","@id":"https:\/\/www.evropskakuca.me\/me\/cvjetni-tepih-i-eu-sajam-u-podgorici\/#breadcrumb","itemListElement":[{"@type":"ListItem","position":1,"name":"Home","item":"https:\/\/www.evropskakuca.me\/me\/"},{"@type":"ListItem","position":2,"name":"Cvjetni tepih i EU sajam u Podgorici"}]},{"@type":"WebSite","@id":"https:\/\/www.evropskakuca.me\/me\/#website","url":"https:\/\/www.evropskakuca.me\/me\/","name":"Evropean house","description":"","publisher":{"@id":"https:\/\/www.evropskakuca.me\/me\/#organization"},"potentialAction":[{"@type":"SearchAction","target":{"@type":"EntryPoint","urlTemplate":"https:\/\/www.evropskakuca.me\/me\/?s={search_term_string}"},"query-input":{"@type":"PropertyValueSpecification","valueRequired":true,"valueName":"search_term_string"}}],"inLanguage":"me-ME"},{"@type":"Organization","@id":"https:\/\/www.evropskakuca.me\/me\/#organization","name":"Evropean house","url":"https:\/\/www.evropskakuca.me\/me\/","logo":{"@type":"ImageObject","inLanguage":"me-ME","@id":"https:\/\/www.evropskakuca.me\/me\/#\/schema\/logo\/image\/","url":"https:\/\/www.evropskakuca.me\/wp-content\/uploads\/2025\/01\/evropska-kuca-logo-1.png","contentUrl":"https:\/\/www.evropskakuca.me\/wp-content\/uploads\/2025\/01\/evropska-kuca-logo-1.png","width":425,"height":312,"caption":"Evropean house"},"image":{"@id":"https:\/\/www.evropskakuca.me\/me\/#\/schema\/logo\/image\/"},"sameAs":["https:\/\/www.facebook.com\/evropska.kuca","https:\/\/x.com\/evropska_kuca","https:\/\/www.instagram.com\/evropska_kuca"]},{"@type":"Person","@id":"https:\/\/www.evropskakuca.me\/me\/#\/schema\/person\/a1d0dcdaefe4a1cd1d60d200ea137ba4","name":"mkajic","image":{"@type":"ImageObject","inLanguage":"me-ME","@id":"https:\/\/secure.gravatar.com\/avatar\/731fa035cefab7316e6bafd1f25a93fb731a07de14e2d9923f8db4422628eabc?s=96&d=mm&r=g","url":"https:\/\/secure.gravatar.com\/avatar\/731fa035cefab7316e6bafd1f25a93fb731a07de14e2d9923f8db4422628eabc?s=96&d=mm&r=g","contentUrl":"https:\/\/secure.gravatar.com\/avatar\/731fa035cefab7316e6bafd1f25a93fb731a07de14e2d9923f8db4422628eabc?s=96&d=mm&r=g","caption":"mkajic"},"sameAs":["https:\/\/evropskakuca.me"],"url":"https:\/\/www.evropskakuca.me\/me\/author\/mkajic\/"}]}},"_links":{"self":[{"href":"https:\/\/www.evropskakuca.me\/me\/wp-json\/wp\/v2\/posts\/29726","targetHints":{"allow":["GET"]}}],"collection":[{"href":"https:\/\/www.evropskakuca.me\/me\/wp-json\/wp\/v2\/posts"}],"about":[{"href":"https:\/\/www.evropskakuca.me\/me\/wp-json\/wp\/v2\/types\/post"}],"author":[{"embeddable":true,"href":"https:\/\/www.evropskakuca.me\/me\/wp-json\/wp\/v2\/users\/1"}],"replies":[{"embeddable":true,"href":"https:\/\/www.evropskakuca.me\/me\/wp-json\/wp\/v2\/comments?post=29726"}],"version-history":[{"count":0,"href":"https:\/\/www.evropskakuca.me\/me\/wp-json\/wp\/v2\/posts\/29726\/revisions"}],"wp:featuredmedia":[{"embeddable":true,"href":"https:\/\/www.evropskakuca.me\/me\/wp-json\/wp\/v2\/media\/41088"}],"wp:attachment":[{"href":"https:\/\/www.evropskakuca.me\/me\/wp-json\/wp\/v2\/media?parent=29726"}],"wp:term":[{"taxonomy":"category","embeddable":true,"href":"https:\/\/www.evropskakuca.me\/me\/wp-json\/wp\/v2\/categories?post=29726"},{"taxonomy":"post_tag","embeddable":true,"href":"https:\/\/www.evropskakuca.me\/me\/wp-json\/wp\/v2\/tags?post=29726"}],"curies":[{"name":"wp","href":"https:\/\/api.w.org\/{rel}","templated":true}]}}