{"id":29705,"date":"2024-05-13T09:59:22","date_gmt":"2024-05-13T09:59:22","guid":{"rendered":"https:\/\/evropskakuca.me\/?p=29705"},"modified":"2025-01-20T13:07:04","modified_gmt":"2025-01-20T13:07:04","slug":"popa-sudbina-nije-stvar-slucajnosti-vec-je-stvar-izbora-izbor-crnogorskih-gradana-je-jasan","status":"publish","type":"post","link":"https:\/\/www.evropskakuca.me\/me\/popa-sudbina-nije-stvar-slucajnosti-vec-je-stvar-izbora-izbor-crnogorskih-gradana-je-jasan\/","title":{"rendered":"Popa: Sudbina nije stvar slu\u010dajnosti ve\u0107 je stvar izbora"},"content":{"rendered":"<p>\u201cPostoji izreka koja ka\u017ee: <strong><em>Sudbina nije stvar slu\u010dajnosti, ve\u0107 je stvar izbora; to nije ne\u0161to \u0161to treba \u010dekati, ve\u0107 ne\u0161to \u0161to treba posti\u0107i<\/em><\/strong>. Izbor crnogorskih gra\u0111ana je jasan.\u201d kazala je ambasadorka Evropske Unije u Crnoj Gori, Oana Kristina Popa tokom prijema koji je povodom Dana Evrope organizovala Delegacija Evropske unije u Crnoj Gori u novoj zgradi Crnogorske akademije nauka i umjetnosti.<\/p>\n<p><img fetchpriority=\"high\" decoding=\"async\" src=\"https:\/\/evropskakuca.me\/wp-content\/uploads\/2024\/05\/2024-05-3707-1024x683.jpg\" alt=\"\" width=\"1024\" height=\"683\" \/><\/p>\n<p>Popa je istakla da CANU simbolizuje bogatstvo crnogorske umjetnosti i mo\u0107 obrazovanja dodaju\u0107i da je od kada radi u Crnoj Gori najvi\u0161e u\u017eivala upravo u ovakvim ve\u010derima, u kojima je \u010dovjek okru\u017een talentom i o\u010dekivanjem budu\u0107ih uspjeha.<br \/>\nOna je kazala da je ovo je za nju posebno ve\u010de.<\/p>\n\n<p>&nbsp;<\/p>\n<p>\u201cOvo je posljednji Dan Evrope koji proslavljam kao ambasadorka Evropske unije u Crnoj Gori. Bi\u0107u sa vama jo\u0161 nekoliko mjeseci\u201d, kazala je Popa.<br \/>\nOsvr\u0107u\u0107i se na put koji Crnu Goru o\u010dekuje u procesu pristupanja Evropskoj uniji Popa je kazala: \u201cIako ve\u010deras mo\u017eda ne izgleda tako, rad na procesu pristupanja EU nije uvjek glamurozan posao. Radi se puno, problemi su kompleksni, rokovi kratki, a potrebno je i puno strpljenja. Ipak, ne smijemo zaboraviti koliko je taj rad presudan za izgradnju pravednijeg i naprednijeg dru\u0161tva &#8211; dru\u0161tva koje \u0107e svojim talentovanim mladim ljudima omogu\u0107iti da rastu, u\u010de i ni\u017eu uspjehe u ujedinjenoj Evropi\u201d<br \/>\nZahvaljuju\u0107i se na partnerstvu, posve\u0107enosti i vjeri u blisku evropsku budu\u0107nost Crne Gore, Popa je \u010destitala Dan Evrope.<\/p>\n<p><img decoding=\"async\" src=\"https:\/\/evropskakuca.me\/wp-content\/uploads\/2024\/05\/2024-05-3576-1024x683.jpg\" alt=\"\" width=\"1024\" height=\"683\" \/><\/p>\n<p>Na prijemu je tako\u0111e govorio i predsjednik Crne Gore, Jakov Milatovi\u0107 koji je izme\u0111u ostalog poru\u010dio da aktuelni trenutak predstavlja prekretnicu u pregovara\u010dkom procesu i da o\u010dekuje da \u0107e svi politi\u010dki i dru\u0161tveni \u010dinioci, jo\u0161 odlu\u010dnije raditi na ispunjenju zadataka koji vode ka punopravnom \u010dlanstvu Crne Gore u Evropskoj uniji (EU) do 2028. godine.<\/p>\n","protected":false},"excerpt":{"rendered":"<p>\u201cPostoji izreka koja ka\u017ee: Sudbina nije stvar slu\u010dajnosti, ve\u0107 je stvar izbora; to nije ne\u0161to \u0161to treba \u010dekati, ve\u0107 ne\u0161to \u0161to treba posti\u0107i. Izbor crnogorskih gra\u0111ana je jasan.\u201d kazala je ambasadorka Evropske Unije u Crnoj Gori, Oana Kristina Popa tokom prijema koji je povodom Dana Evrope organizovala Delegacija Evropske unije u Crnoj Gori u novoj [&hellip;]<\/p>\n","protected":false},"author":1,"featured_media":41049,"comment_status":"closed","ping_status":"closed","sticky":false,"template":"","format":"standard","meta":{"_acf_changed":false,"footnotes":""},"categories":[2],"tags":[],"class_list":["post-29705","post","type-post","status-publish","format-standard","has-post-thumbnail","hentry","category-uncategorized-me"],"acf":[],"yoast_head":"<!-- This site is optimized with the Yoast SEO plugin v27.3 - https:\/\/yoast.com\/product\/yoast-seo-wordpress\/ -->\n<title>Popa: Sudbina nije stvar slu\u010dajnosti ve\u0107 je stvar izbora - Europe House<\/title>\n<meta name=\"robots\" content=\"index, follow, max-snippet:-1, max-image-preview:large, max-video-preview:-1\" \/>\n<link rel=\"canonical\" href=\"https:\/\/www.evropskakuca.me\/me\/popa-sudbina-nije-stvar-slucajnosti-vec-je-stvar-izbora-izbor-crnogorskih-gradana-je-jasan\/\" \/>\n<meta property=\"og:locale\" content=\"en_US\" \/>\n<meta property=\"og:type\" content=\"article\" \/>\n<meta property=\"og:title\" content=\"Popa: Sudbina nije stvar slu\u010dajnosti ve\u0107 je stvar izbora - Europe House\" \/>\n<meta property=\"og:description\" content=\"\u201cPostoji izreka koja ka\u017ee: Sudbina nije stvar slu\u010dajnosti, ve\u0107 je stvar izbora; to nije ne\u0161to \u0161to treba \u010dekati, ve\u0107 ne\u0161to \u0161to treba posti\u0107i. Izbor crnogorskih gra\u0111ana je jasan.\u201d kazala je ambasadorka Evropske Unije u Crnoj Gori, Oana Kristina Popa tokom prijema koji je povodom Dana Evrope organizovala Delegacija Evropske unije u Crnoj Gori u novoj [&hellip;]\" \/>\n<meta property=\"og:url\" content=\"https:\/\/www.evropskakuca.me\/me\/popa-sudbina-nije-stvar-slucajnosti-vec-je-stvar-izbora-izbor-crnogorskih-gradana-je-jasan\/\" \/>\n<meta property=\"og:site_name\" content=\"Europe House\" \/>\n<meta property=\"article:publisher\" content=\"https:\/\/www.facebook.com\/evropska.kuca\" \/>\n<meta property=\"article:published_time\" content=\"2024-05-13T09:59:22+00:00\" \/>\n<meta property=\"article:modified_time\" content=\"2025-01-20T13:07:04+00:00\" \/>\n<meta property=\"og:image\" content=\"https:\/\/www.evropskakuca.me\/wp-content\/uploads\/2024\/05\/2024-05-3707-1024x683.jpg\" \/>\n\t<meta property=\"og:image:width\" content=\"1024\" \/>\n\t<meta property=\"og:image:height\" content=\"683\" \/>\n\t<meta property=\"og:image:type\" content=\"image\/jpeg\" \/>\n<meta name=\"author\" content=\"mkajic\" \/>\n<meta name=\"twitter:card\" content=\"summary_large_image\" \/>\n<meta name=\"twitter:creator\" content=\"@evropska_kuca\" \/>\n<meta name=\"twitter:site\" content=\"@evropska_kuca\" \/>\n<meta name=\"twitter:label1\" content=\"Written by\" \/>\n\t<meta name=\"twitter:data1\" content=\"mkajic\" \/>\n\t<meta name=\"twitter:label2\" content=\"Est. reading time\" \/>\n\t<meta name=\"twitter:data2\" content=\"2 minutes\" \/>\n<script type=\"application\/ld+json\" class=\"yoast-schema-graph\">{\"@context\":\"https:\\\/\\\/schema.org\",\"@graph\":[{\"@type\":\"Article\",\"@id\":\"https:\\\/\\\/www.evropskakuca.me\\\/me\\\/popa-sudbina-nije-stvar-slucajnosti-vec-je-stvar-izbora-izbor-crnogorskih-gradana-je-jasan\\\/#article\",\"isPartOf\":{\"@id\":\"https:\\\/\\\/www.evropskakuca.me\\\/me\\\/popa-sudbina-nije-stvar-slucajnosti-vec-je-stvar-izbora-izbor-crnogorskih-gradana-je-jasan\\\/\"},\"author\":{\"name\":\"mkajic\",\"@id\":\"https:\\\/\\\/www.evropskakuca.me\\\/me\\\/#\\\/schema\\\/person\\\/a1d0dcdaefe4a1cd1d60d200ea137ba4\"},\"headline\":\"Popa: Sudbina nije stvar slu\u010dajnosti ve\u0107 je stvar izbora\",\"datePublished\":\"2024-05-13T09:59:22+00:00\",\"dateModified\":\"2025-01-20T13:07:04+00:00\",\"mainEntityOfPage\":{\"@id\":\"https:\\\/\\\/www.evropskakuca.me\\\/me\\\/popa-sudbina-nije-stvar-slucajnosti-vec-je-stvar-izbora-izbor-crnogorskih-gradana-je-jasan\\\/\"},\"wordCount\":332,\"publisher\":{\"@id\":\"https:\\\/\\\/www.evropskakuca.me\\\/me\\\/#organization\"},\"image\":{\"@id\":\"https:\\\/\\\/www.evropskakuca.me\\\/me\\\/popa-sudbina-nije-stvar-slucajnosti-vec-je-stvar-izbora-izbor-crnogorskih-gradana-je-jasan\\\/#primaryimage\"},\"thumbnailUrl\":\"https:\\\/\\\/www.evropskakuca.me\\\/wp-content\\\/uploads\\\/2024\\\/05\\\/2024-05-3707.jpg\",\"articleSection\":[\"Uncategorized @me\"],\"inLanguage\":\"me-ME\"},{\"@type\":\"WebPage\",\"@id\":\"https:\\\/\\\/www.evropskakuca.me\\\/me\\\/popa-sudbina-nije-stvar-slucajnosti-vec-je-stvar-izbora-izbor-crnogorskih-gradana-je-jasan\\\/\",\"url\":\"https:\\\/\\\/www.evropskakuca.me\\\/me\\\/popa-sudbina-nije-stvar-slucajnosti-vec-je-stvar-izbora-izbor-crnogorskih-gradana-je-jasan\\\/\",\"name\":\"Popa: Sudbina nije stvar slu\u010dajnosti ve\u0107 je stvar izbora - Europe House\",\"isPartOf\":{\"@id\":\"https:\\\/\\\/www.evropskakuca.me\\\/me\\\/#website\"},\"primaryImageOfPage\":{\"@id\":\"https:\\\/\\\/www.evropskakuca.me\\\/me\\\/popa-sudbina-nije-stvar-slucajnosti-vec-je-stvar-izbora-izbor-crnogorskih-gradana-je-jasan\\\/#primaryimage\"},\"image\":{\"@id\":\"https:\\\/\\\/www.evropskakuca.me\\\/me\\\/popa-sudbina-nije-stvar-slucajnosti-vec-je-stvar-izbora-izbor-crnogorskih-gradana-je-jasan\\\/#primaryimage\"},\"thumbnailUrl\":\"https:\\\/\\\/www.evropskakuca.me\\\/wp-content\\\/uploads\\\/2024\\\/05\\\/2024-05-3707.jpg\",\"datePublished\":\"2024-05-13T09:59:22+00:00\",\"dateModified\":\"2025-01-20T13:07:04+00:00\",\"breadcrumb\":{\"@id\":\"https:\\\/\\\/www.evropskakuca.me\\\/me\\\/popa-sudbina-nije-stvar-slucajnosti-vec-je-stvar-izbora-izbor-crnogorskih-gradana-je-jasan\\\/#breadcrumb\"},\"inLanguage\":\"me-ME\",\"potentialAction\":[{\"@type\":\"ReadAction\",\"target\":[\"https:\\\/\\\/www.evropskakuca.me\\\/me\\\/popa-sudbina-nije-stvar-slucajnosti-vec-je-stvar-izbora-izbor-crnogorskih-gradana-je-jasan\\\/\"]}]},{\"@type\":\"ImageObject\",\"inLanguage\":\"me-ME\",\"@id\":\"https:\\\/\\\/www.evropskakuca.me\\\/me\\\/popa-sudbina-nije-stvar-slucajnosti-vec-je-stvar-izbora-izbor-crnogorskih-gradana-je-jasan\\\/#primaryimage\",\"url\":\"https:\\\/\\\/www.evropskakuca.me\\\/wp-content\\\/uploads\\\/2024\\\/05\\\/2024-05-3707.jpg\",\"contentUrl\":\"https:\\\/\\\/www.evropskakuca.me\\\/wp-content\\\/uploads\\\/2024\\\/05\\\/2024-05-3707.jpg\",\"width\":2048,\"height\":1365},{\"@type\":\"BreadcrumbList\",\"@id\":\"https:\\\/\\\/www.evropskakuca.me\\\/me\\\/popa-sudbina-nije-stvar-slucajnosti-vec-je-stvar-izbora-izbor-crnogorskih-gradana-je-jasan\\\/#breadcrumb\",\"itemListElement\":[{\"@type\":\"ListItem\",\"position\":1,\"name\":\"Home\",\"item\":\"https:\\\/\\\/www.evropskakuca.me\\\/me\\\/\"},{\"@type\":\"ListItem\",\"position\":2,\"name\":\"Popa: Sudbina nije stvar slu\u010dajnosti ve\u0107 je stvar izbora\"}]},{\"@type\":\"WebSite\",\"@id\":\"https:\\\/\\\/www.evropskakuca.me\\\/me\\\/#website\",\"url\":\"https:\\\/\\\/www.evropskakuca.me\\\/me\\\/\",\"name\":\"Evropean house\",\"description\":\"\",\"publisher\":{\"@id\":\"https:\\\/\\\/www.evropskakuca.me\\\/me\\\/#organization\"},\"potentialAction\":[{\"@type\":\"SearchAction\",\"target\":{\"@type\":\"EntryPoint\",\"urlTemplate\":\"https:\\\/\\\/www.evropskakuca.me\\\/me\\\/?s={search_term_string}\"},\"query-input\":{\"@type\":\"PropertyValueSpecification\",\"valueRequired\":true,\"valueName\":\"search_term_string\"}}],\"inLanguage\":\"me-ME\"},{\"@type\":\"Organization\",\"@id\":\"https:\\\/\\\/www.evropskakuca.me\\\/me\\\/#organization\",\"name\":\"Evropean house\",\"url\":\"https:\\\/\\\/www.evropskakuca.me\\\/me\\\/\",\"logo\":{\"@type\":\"ImageObject\",\"inLanguage\":\"me-ME\",\"@id\":\"https:\\\/\\\/www.evropskakuca.me\\\/me\\\/#\\\/schema\\\/logo\\\/image\\\/\",\"url\":\"https:\\\/\\\/www.evropskakuca.me\\\/wp-content\\\/uploads\\\/2025\\\/01\\\/evropska-kuca-logo-1.png\",\"contentUrl\":\"https:\\\/\\\/www.evropskakuca.me\\\/wp-content\\\/uploads\\\/2025\\\/01\\\/evropska-kuca-logo-1.png\",\"width\":425,\"height\":312,\"caption\":\"Evropean house\"},\"image\":{\"@id\":\"https:\\\/\\\/www.evropskakuca.me\\\/me\\\/#\\\/schema\\\/logo\\\/image\\\/\"},\"sameAs\":[\"https:\\\/\\\/www.facebook.com\\\/evropska.kuca\",\"https:\\\/\\\/x.com\\\/evropska_kuca\",\"https:\\\/\\\/www.instagram.com\\\/evropska_kuca\"]},{\"@type\":\"Person\",\"@id\":\"https:\\\/\\\/www.evropskakuca.me\\\/me\\\/#\\\/schema\\\/person\\\/a1d0dcdaefe4a1cd1d60d200ea137ba4\",\"name\":\"mkajic\",\"image\":{\"@type\":\"ImageObject\",\"inLanguage\":\"me-ME\",\"@id\":\"https:\\\/\\\/secure.gravatar.com\\\/avatar\\\/731fa035cefab7316e6bafd1f25a93fb731a07de14e2d9923f8db4422628eabc?s=96&d=mm&r=g\",\"url\":\"https:\\\/\\\/secure.gravatar.com\\\/avatar\\\/731fa035cefab7316e6bafd1f25a93fb731a07de14e2d9923f8db4422628eabc?s=96&d=mm&r=g\",\"contentUrl\":\"https:\\\/\\\/secure.gravatar.com\\\/avatar\\\/731fa035cefab7316e6bafd1f25a93fb731a07de14e2d9923f8db4422628eabc?s=96&d=mm&r=g\",\"caption\":\"mkajic\"},\"sameAs\":[\"https:\\\/\\\/evropskakuca.me\"],\"url\":\"https:\\\/\\\/www.evropskakuca.me\\\/me\\\/author\\\/mkajic\\\/\"}]}<\/script>\n<!-- \/ Yoast SEO plugin. -->","yoast_head_json":{"title":"Popa: Sudbina nije stvar slu\u010dajnosti ve\u0107 je stvar izbora - Europe House","robots":{"index":"index","follow":"follow","max-snippet":"max-snippet:-1","max-image-preview":"max-image-preview:large","max-video-preview":"max-video-preview:-1"},"canonical":"https:\/\/www.evropskakuca.me\/me\/popa-sudbina-nije-stvar-slucajnosti-vec-je-stvar-izbora-izbor-crnogorskih-gradana-je-jasan\/","og_locale":"en_US","og_type":"article","og_title":"Popa: Sudbina nije stvar slu\u010dajnosti ve\u0107 je stvar izbora - Europe House","og_description":"\u201cPostoji izreka koja ka\u017ee: Sudbina nije stvar slu\u010dajnosti, ve\u0107 je stvar izbora; to nije ne\u0161to \u0161to treba \u010dekati, ve\u0107 ne\u0161to \u0161to treba posti\u0107i. Izbor crnogorskih gra\u0111ana je jasan.\u201d kazala je ambasadorka Evropske Unije u Crnoj Gori, Oana Kristina Popa tokom prijema koji je povodom Dana Evrope organizovala Delegacija Evropske unije u Crnoj Gori u novoj [&hellip;]","og_url":"https:\/\/www.evropskakuca.me\/me\/popa-sudbina-nije-stvar-slucajnosti-vec-je-stvar-izbora-izbor-crnogorskih-gradana-je-jasan\/","og_site_name":"Europe House","article_publisher":"https:\/\/www.facebook.com\/evropska.kuca","article_published_time":"2024-05-13T09:59:22+00:00","article_modified_time":"2025-01-20T13:07:04+00:00","og_image":[{"width":1024,"height":683,"url":"https:\/\/www.evropskakuca.me\/wp-content\/uploads\/2024\/05\/2024-05-3707-1024x683.jpg","type":"image\/jpeg"}],"author":"mkajic","twitter_card":"summary_large_image","twitter_creator":"@evropska_kuca","twitter_site":"@evropska_kuca","twitter_misc":{"Written by":"mkajic","Est. reading time":"2 minutes"},"schema":{"@context":"https:\/\/schema.org","@graph":[{"@type":"Article","@id":"https:\/\/www.evropskakuca.me\/me\/popa-sudbina-nije-stvar-slucajnosti-vec-je-stvar-izbora-izbor-crnogorskih-gradana-je-jasan\/#article","isPartOf":{"@id":"https:\/\/www.evropskakuca.me\/me\/popa-sudbina-nije-stvar-slucajnosti-vec-je-stvar-izbora-izbor-crnogorskih-gradana-je-jasan\/"},"author":{"name":"mkajic","@id":"https:\/\/www.evropskakuca.me\/me\/#\/schema\/person\/a1d0dcdaefe4a1cd1d60d200ea137ba4"},"headline":"Popa: Sudbina nije stvar slu\u010dajnosti ve\u0107 je stvar izbora","datePublished":"2024-05-13T09:59:22+00:00","dateModified":"2025-01-20T13:07:04+00:00","mainEntityOfPage":{"@id":"https:\/\/www.evropskakuca.me\/me\/popa-sudbina-nije-stvar-slucajnosti-vec-je-stvar-izbora-izbor-crnogorskih-gradana-je-jasan\/"},"wordCount":332,"publisher":{"@id":"https:\/\/www.evropskakuca.me\/me\/#organization"},"image":{"@id":"https:\/\/www.evropskakuca.me\/me\/popa-sudbina-nije-stvar-slucajnosti-vec-je-stvar-izbora-izbor-crnogorskih-gradana-je-jasan\/#primaryimage"},"thumbnailUrl":"https:\/\/www.evropskakuca.me\/wp-content\/uploads\/2024\/05\/2024-05-3707.jpg","articleSection":["Uncategorized @me"],"inLanguage":"me-ME"},{"@type":"WebPage","@id":"https:\/\/www.evropskakuca.me\/me\/popa-sudbina-nije-stvar-slucajnosti-vec-je-stvar-izbora-izbor-crnogorskih-gradana-je-jasan\/","url":"https:\/\/www.evropskakuca.me\/me\/popa-sudbina-nije-stvar-slucajnosti-vec-je-stvar-izbora-izbor-crnogorskih-gradana-je-jasan\/","name":"Popa: Sudbina nije stvar slu\u010dajnosti ve\u0107 je stvar izbora - Europe House","isPartOf":{"@id":"https:\/\/www.evropskakuca.me\/me\/#website"},"primaryImageOfPage":{"@id":"https:\/\/www.evropskakuca.me\/me\/popa-sudbina-nije-stvar-slucajnosti-vec-je-stvar-izbora-izbor-crnogorskih-gradana-je-jasan\/#primaryimage"},"image":{"@id":"https:\/\/www.evropskakuca.me\/me\/popa-sudbina-nije-stvar-slucajnosti-vec-je-stvar-izbora-izbor-crnogorskih-gradana-je-jasan\/#primaryimage"},"thumbnailUrl":"https:\/\/www.evropskakuca.me\/wp-content\/uploads\/2024\/05\/2024-05-3707.jpg","datePublished":"2024-05-13T09:59:22+00:00","dateModified":"2025-01-20T13:07:04+00:00","breadcrumb":{"@id":"https:\/\/www.evropskakuca.me\/me\/popa-sudbina-nije-stvar-slucajnosti-vec-je-stvar-izbora-izbor-crnogorskih-gradana-je-jasan\/#breadcrumb"},"inLanguage":"me-ME","potentialAction":[{"@type":"ReadAction","target":["https:\/\/www.evropskakuca.me\/me\/popa-sudbina-nije-stvar-slucajnosti-vec-je-stvar-izbora-izbor-crnogorskih-gradana-je-jasan\/"]}]},{"@type":"ImageObject","inLanguage":"me-ME","@id":"https:\/\/www.evropskakuca.me\/me\/popa-sudbina-nije-stvar-slucajnosti-vec-je-stvar-izbora-izbor-crnogorskih-gradana-je-jasan\/#primaryimage","url":"https:\/\/www.evropskakuca.me\/wp-content\/uploads\/2024\/05\/2024-05-3707.jpg","contentUrl":"https:\/\/www.evropskakuca.me\/wp-content\/uploads\/2024\/05\/2024-05-3707.jpg","width":2048,"height":1365},{"@type":"BreadcrumbList","@id":"https:\/\/www.evropskakuca.me\/me\/popa-sudbina-nije-stvar-slucajnosti-vec-je-stvar-izbora-izbor-crnogorskih-gradana-je-jasan\/#breadcrumb","itemListElement":[{"@type":"ListItem","position":1,"name":"Home","item":"https:\/\/www.evropskakuca.me\/me\/"},{"@type":"ListItem","position":2,"name":"Popa: Sudbina nije stvar slu\u010dajnosti ve\u0107 je stvar izbora"}]},{"@type":"WebSite","@id":"https:\/\/www.evropskakuca.me\/me\/#website","url":"https:\/\/www.evropskakuca.me\/me\/","name":"Evropean house","description":"","publisher":{"@id":"https:\/\/www.evropskakuca.me\/me\/#organization"},"potentialAction":[{"@type":"SearchAction","target":{"@type":"EntryPoint","urlTemplate":"https:\/\/www.evropskakuca.me\/me\/?s={search_term_string}"},"query-input":{"@type":"PropertyValueSpecification","valueRequired":true,"valueName":"search_term_string"}}],"inLanguage":"me-ME"},{"@type":"Organization","@id":"https:\/\/www.evropskakuca.me\/me\/#organization","name":"Evropean house","url":"https:\/\/www.evropskakuca.me\/me\/","logo":{"@type":"ImageObject","inLanguage":"me-ME","@id":"https:\/\/www.evropskakuca.me\/me\/#\/schema\/logo\/image\/","url":"https:\/\/www.evropskakuca.me\/wp-content\/uploads\/2025\/01\/evropska-kuca-logo-1.png","contentUrl":"https:\/\/www.evropskakuca.me\/wp-content\/uploads\/2025\/01\/evropska-kuca-logo-1.png","width":425,"height":312,"caption":"Evropean house"},"image":{"@id":"https:\/\/www.evropskakuca.me\/me\/#\/schema\/logo\/image\/"},"sameAs":["https:\/\/www.facebook.com\/evropska.kuca","https:\/\/x.com\/evropska_kuca","https:\/\/www.instagram.com\/evropska_kuca"]},{"@type":"Person","@id":"https:\/\/www.evropskakuca.me\/me\/#\/schema\/person\/a1d0dcdaefe4a1cd1d60d200ea137ba4","name":"mkajic","image":{"@type":"ImageObject","inLanguage":"me-ME","@id":"https:\/\/secure.gravatar.com\/avatar\/731fa035cefab7316e6bafd1f25a93fb731a07de14e2d9923f8db4422628eabc?s=96&d=mm&r=g","url":"https:\/\/secure.gravatar.com\/avatar\/731fa035cefab7316e6bafd1f25a93fb731a07de14e2d9923f8db4422628eabc?s=96&d=mm&r=g","contentUrl":"https:\/\/secure.gravatar.com\/avatar\/731fa035cefab7316e6bafd1f25a93fb731a07de14e2d9923f8db4422628eabc?s=96&d=mm&r=g","caption":"mkajic"},"sameAs":["https:\/\/evropskakuca.me"],"url":"https:\/\/www.evropskakuca.me\/me\/author\/mkajic\/"}]}},"_links":{"self":[{"href":"https:\/\/www.evropskakuca.me\/me\/wp-json\/wp\/v2\/posts\/29705","targetHints":{"allow":["GET"]}}],"collection":[{"href":"https:\/\/www.evropskakuca.me\/me\/wp-json\/wp\/v2\/posts"}],"about":[{"href":"https:\/\/www.evropskakuca.me\/me\/wp-json\/wp\/v2\/types\/post"}],"author":[{"embeddable":true,"href":"https:\/\/www.evropskakuca.me\/me\/wp-json\/wp\/v2\/users\/1"}],"replies":[{"embeddable":true,"href":"https:\/\/www.evropskakuca.me\/me\/wp-json\/wp\/v2\/comments?post=29705"}],"version-history":[{"count":1,"href":"https:\/\/www.evropskakuca.me\/me\/wp-json\/wp\/v2\/posts\/29705\/revisions"}],"predecessor-version":[{"id":42405,"href":"https:\/\/www.evropskakuca.me\/me\/wp-json\/wp\/v2\/posts\/29705\/revisions\/42405"}],"wp:featuredmedia":[{"embeddable":true,"href":"https:\/\/www.evropskakuca.me\/me\/wp-json\/wp\/v2\/media\/41049"}],"wp:attachment":[{"href":"https:\/\/www.evropskakuca.me\/me\/wp-json\/wp\/v2\/media?parent=29705"}],"wp:term":[{"taxonomy":"category","embeddable":true,"href":"https:\/\/www.evropskakuca.me\/me\/wp-json\/wp\/v2\/categories?post=29705"},{"taxonomy":"post_tag","embeddable":true,"href":"https:\/\/www.evropskakuca.me\/me\/wp-json\/wp\/v2\/tags?post=29705"}],"curies":[{"name":"wp","href":"https:\/\/api.w.org\/{rel}","templated":true}]}}