{"id":2960,"date":"2017-02-22T13:46:02","date_gmt":"2017-02-22T13:46:02","guid":{"rendered":"http:\/\/www.evropskakuca.me\/me\/?p=2960"},"modified":"2017-02-22T13:46:02","modified_gmt":"2017-02-22T13:46:02","slug":"inovacijama-rasta-preduzeca-primjer-gastro-suvenira","status":"publish","type":"post","link":"https:\/\/www.evropskakuca.me\/me\/inovacijama-rasta-preduzeca-primjer-gastro-suvenira\/","title":{"rendered":"Inovacijama do rasta preduze\u0107a \u2013 primjer gastro suvenira"},"content":{"rendered":"<p>Podgorica, 22. februar 2017. \u2013 U okviru jednog od projekata finansiranih od strane EU u sklopu grant \u0161eme Inovacijama do pametnog rasta, Privredna komora Crne Gore i Univerzitet Mediteran primijeni\u0107e svoja znanja da unaprijede poslovanje odabrane kompanije Frutiera. Ovo preduze\u0107e vodi Radojka Ra\u017enatovi\u0107, inicijativna preduzetnica koja je 2010. godine pokrenula proizvodnju visokokvalitetnih, zdravih i tradicionalnih proizvoda. Po tradicionalnoj recepturi i od prirodnih sirovina koje nabavlja na crnogorskom tr\u017ei\u0161tu, od malih proizvo\u0111a\u010da vo\u0107a sa juga i je\u010dmenog, ra\u017eanog i heljdinog bra\u0161na sa sjevera zemlje, Frutiera pravi tradicionalne fugace, vo\u0107ne, heljdine, kukuruzne hljebove i slatki\u0161e, sve u skladu sa HASAP standardima.<\/p>\n<p>Kako je saop\u0161teno na konferenciji \u201cGastro suveniri i \u017eensko preduzetni\u0161tvo\u201d, organizovanoj u EU Info centru, uz pomo\u0107 Privredne komore koja radi na finansijskoj i situacionoj analizi preduze\u0107a, Frutiera \u0107e dobiti jasniju sliku kako dalje da se razvija, a Montenegro Business School Univerziteta Mediteran izradi\u0107e komunikacionu strategiju i novi vizuelni identitet preduze\u0107a.<\/p>\n<p>Ove aktivnosti bi\u0107e sprovedene u okviru projekta Gastronomski suveniri za ponijeti<em> \u2013 <\/em>GAS2GO u sklopu grant \u0161eme \u201eInovacijama do pametnog rasta: ja\u010danje veza izme\u0111u nau\u010dno-istra\u017eiva\u010dke zajednice i privrede\u201c, koji se finansira iz EU fondova u iznosu od oko 25 hljada EUR.<\/p>\n<p>U PKCG vjeruju da \u0107e na primjeru ovog preduze\u0107a, osim pove\u0107anja profita proizvo\u0111a\u010da, pokazati mnogo vi\u0161e &#8211; kako se preduze\u0107a mogu oja\u010dati inovativnim pristupom, u ovom slu\u010daju proizvodnjom gastro suvenira, a \u0161to vodi ka otvaranju novih radnih mjesta, unapre\u0111enju turisti\u010dke ponude, ja\u010danju povjeranja u doma\u0107e proizvode i rastu lokalne zajednice.<\/p>\n<p><img fetchpriority=\"high\" decoding=\"async\" class=\"alignleft wp-image-2967 size-large\" src=\"http:\/\/www.evropskakuca.me\/wp-content\/uploads\/2017\/02\/170222_zensko_preduzetnistvo-8-1024x683.jpg\" alt=\"170222_zensko_preduzetnistvo 8\" width=\"1024\" height=\"683\" \/><\/p>\n<p>Svjesni su u PKCG ve\u0107 svih tr\u017ei\u0161nih izazova. \u201cTo su nedostatak profesionalnog kadra, zavisnost od trgovina, slaba naplata potra\u017eivanja koja tjera na zadu\u017eivanje, neadekvatno \u010duvanje proizvoda u trgovinama, ali i nedovoljna svijest na\u0161ih gra\u0111ana da se doma\u0107im proizvodima ja\u010da i nacionalni identitet\u201d, kazala je Lidija Rmu\u0161 iz Udru\u017eenja poljoprivrede i prehrane PKCG.<\/p>\n<p>Oni ipak vjeruju da \u0107e za godinu, koliko projekat traje, kroz primjenu znanja, razviti i poslovanje ovog preduze\u0107a, obogatiti asortiman doma\u0107eg tr\u017ei\u0161ta, i stvoriti jedan od identifikatora nacionalnog identiteta.<\/p>\n<p>Ovaj projekat posebno je zna\u010dajan i sa aspekta ja\u010danja \u017eenskog preduzetni\u0161tva, i ukupne rodne ravnopravnosti u crnogorskom dru\u0161tvu, na kojoj jo\u0161 treba raditi, ka\u017ee predsjednica odbora za rodnu ravnopravnost Skup\u0161tine CG i \u010dlanica Odbora za \u017eensko preduzetni\u0161tvo PKCG, Nada Drobnjak.<\/p>\n<p><img decoding=\"async\" class=\"alignnone wp-image-2969 size-large\" src=\"http:\/\/www.evropskakuca.me\/wp-content\/uploads\/2017\/02\/170222_zensko_preduzetnistvo-1-1024x683.jpg\" alt=\"170222_zensko_preduzetnistvo 1\" width=\"1024\" height=\"683\" \/><\/p>\n<p>\u201cCrna Gora je stvorila dobar zakonodavni okvir za ravnopravnost \u017eena i mu\u0161karaca, kao i za pove\u0107anje \u017eena u biznisu, ali mi jo\u0161 uvijek nismo ostvarili ni onu borbu \u017eena iz 20. vijeka, odnosno stvorili ambijent u kojem \u017eene i mu\u0161karci zaista \u017eive jednaka prava i imaju jednake mogu\u0107nosti\u201d, kazala je Drobnjak, dodaju\u0107i da je razlog to \u0161to jo\u0161 uvijek nismo svi postali svjesni koliko je va\u017eno da se \u017eenski potencijal za razvoj dru\u0161tva iskoristi podjednako kao i potencijal koji imaju mu\u0161karci.<\/p>\n<p>Ona je, nabrajaju\u0107i pomake koje je Crna Gora ostavarila na ovom planu, navela da je broj \u017eena u parlamentu dostigao najve\u0107i nivo u istoriji crnogorskog parlamentarizma, ali da 19 aktuelnih \u017eena poslanica u crnogorskoj skup\u0161tini, \u010dini 23,47% ukupnog broja poslanika, \u0161to je opet ispod standarda koji ka\u017ee da ih je potrebno makar 30% da bi one mogle da nametnu teme koje su njima va\u017ene.<\/p>\n<p>Dok se \u017eene na preduzetni\u0161tvo uspje\u0161no ohrabruju kroz \u0161kolski sistem, ali i profesionalnu edukaciju, potrebno je jo\u0161 da se radi na stvarima koje preporu\u010duje rezolucija Evropskog parlamenta kao \u0161to je dostupnost fondova za \u017eensko preduzetni\u0161tvo ili jednaka podjela rodnih uloga u svim sferama \u017eivota.<\/p>\n<p>&#8220;Danas u Crnoj Gori ako poslodavac treba da se odlu\u010di izme\u0111u djevojke koja je bolja po nekim kriterijumima od mu\u0161karca koji se kandidovao za isto radno mjesto dominantno \u0107e se opredijeliti za mu\u0161karca jer zna da danas u Crnoj Gori prete\u017eno \u017eene koriste i porodiljsko i roditeljsko odsustvo i da \u0107e one biti te koje \u0107e odsustvovati sa posla. A ako stvorimo ambijent u kojem govorimo o odgovornom roditeljstvu u kome poslodavac ne zna ko \u0107e od roditelja, osim onih obaveznih 3 mjeseca porodiljskog odsustva, koristiti roditeljsko odsustvo, onda \u0107emo ipak stvoriti ambijent u kome \u0107e mu\u0161karci i \u017eene biti podjednako konkurentni na tr\u017ei\u0161tu rada&#8221;, ka\u017ee Drobnjak.<\/p>\n<p><em>Sadr\u017eaj ovog \u010dlanka je isklju\u010diva odgovornost EU Info Centra i ni na koji na\u010din ne odra\u017eava stavove Evropske unije.<\/em><\/p>\n","protected":false},"excerpt":{"rendered":"<p>Kroz projekat podr\u017ean od strane EU, Privredna Komora i Univerzitet Mediteran pokazuju kako preduze\u0107a mogu oja\u010dati inovativnim pristupom u radu. <\/p>\n","protected":false},"author":1,"featured_media":32382,"comment_status":"open","ping_status":"open","sticky":false,"template":"","format":"standard","meta":{"_acf_changed":false,"footnotes":""},"categories":[],"tags":[],"class_list":["post-2960","post","type-post","status-publish","format-standard","has-post-thumbnail","hentry"],"acf":[],"yoast_head":"<!-- This site is optimized with the Yoast SEO plugin v27.3 - https:\/\/yoast.com\/product\/yoast-seo-wordpress\/ -->\n<title>Inovacijama do rasta preduze\u0107a \u2013 primjer gastro suvenira - Europe House<\/title>\n<meta name=\"robots\" content=\"index, follow, max-snippet:-1, max-image-preview:large, max-video-preview:-1\" \/>\n<link rel=\"canonical\" href=\"https:\/\/www.evropskakuca.me\/me\/inovacijama-rasta-preduzeca-primjer-gastro-suvenira\/\" \/>\n<meta property=\"og:locale\" content=\"en_US\" \/>\n<meta property=\"og:type\" content=\"article\" \/>\n<meta property=\"og:title\" content=\"Inovacijama do rasta preduze\u0107a \u2013 primjer gastro suvenira - Europe House\" \/>\n<meta property=\"og:description\" content=\"Kroz projekat podr\u017ean od strane EU, Privredna Komora i Univerzitet Mediteran pokazuju kako preduze\u0107a mogu oja\u010dati inovativnim pristupom u radu.\" \/>\n<meta property=\"og:url\" content=\"https:\/\/www.evropskakuca.me\/me\/inovacijama-rasta-preduzeca-primjer-gastro-suvenira\/\" \/>\n<meta property=\"og:site_name\" content=\"Europe House\" \/>\n<meta property=\"article:publisher\" content=\"https:\/\/www.facebook.com\/evropska.kuca\" \/>\n<meta property=\"article:published_time\" content=\"2017-02-22T13:46:02+00:00\" \/>\n<meta property=\"og:image\" content=\"https:\/\/www.evropskakuca.me\/wp-content\/uploads\/2017\/02\/170222_zensko_preduzetnistvo-7-1024x683.jpg\" \/>\n\t<meta property=\"og:image:width\" content=\"1024\" \/>\n\t<meta property=\"og:image:height\" content=\"683\" \/>\n\t<meta property=\"og:image:type\" content=\"image\/jpeg\" \/>\n<meta name=\"author\" content=\"mkajic\" \/>\n<meta name=\"twitter:card\" content=\"summary_large_image\" \/>\n<meta name=\"twitter:creator\" content=\"@evropska_kuca\" \/>\n<meta name=\"twitter:site\" content=\"@evropska_kuca\" \/>\n<meta name=\"twitter:label1\" content=\"Written by\" \/>\n\t<meta name=\"twitter:data1\" content=\"mkajic\" \/>\n\t<meta name=\"twitter:label2\" content=\"Est. reading time\" \/>\n\t<meta name=\"twitter:data2\" content=\"4 minutes\" \/>\n<script type=\"application\/ld+json\" class=\"yoast-schema-graph\">{\"@context\":\"https:\\\/\\\/schema.org\",\"@graph\":[{\"@type\":\"Article\",\"@id\":\"https:\\\/\\\/www.evropskakuca.me\\\/me\\\/inovacijama-rasta-preduzeca-primjer-gastro-suvenira\\\/#article\",\"isPartOf\":{\"@id\":\"https:\\\/\\\/www.evropskakuca.me\\\/me\\\/inovacijama-rasta-preduzeca-primjer-gastro-suvenira\\\/\"},\"author\":{\"name\":\"mkajic\",\"@id\":\"https:\\\/\\\/www.evropskakuca.me\\\/me\\\/#\\\/schema\\\/person\\\/a1d0dcdaefe4a1cd1d60d200ea137ba4\"},\"headline\":\"Inovacijama do rasta preduze\u0107a \u2013 primjer gastro suvenira\",\"datePublished\":\"2017-02-22T13:46:02+00:00\",\"mainEntityOfPage\":{\"@id\":\"https:\\\/\\\/www.evropskakuca.me\\\/me\\\/inovacijama-rasta-preduzeca-primjer-gastro-suvenira\\\/\"},\"wordCount\":761,\"commentCount\":0,\"publisher\":{\"@id\":\"https:\\\/\\\/www.evropskakuca.me\\\/me\\\/#organization\"},\"image\":{\"@id\":\"https:\\\/\\\/www.evropskakuca.me\\\/me\\\/inovacijama-rasta-preduzeca-primjer-gastro-suvenira\\\/#primaryimage\"},\"thumbnailUrl\":\"https:\\\/\\\/www.evropskakuca.me\\\/wp-content\\\/uploads\\\/2017\\\/02\\\/170222_zensko_preduzetnistvo-7.jpg\",\"inLanguage\":\"me-ME\",\"potentialAction\":[{\"@type\":\"CommentAction\",\"name\":\"Comment\",\"target\":[\"https:\\\/\\\/www.evropskakuca.me\\\/me\\\/inovacijama-rasta-preduzeca-primjer-gastro-suvenira\\\/#respond\"]}]},{\"@type\":\"WebPage\",\"@id\":\"https:\\\/\\\/www.evropskakuca.me\\\/me\\\/inovacijama-rasta-preduzeca-primjer-gastro-suvenira\\\/\",\"url\":\"https:\\\/\\\/www.evropskakuca.me\\\/me\\\/inovacijama-rasta-preduzeca-primjer-gastro-suvenira\\\/\",\"name\":\"Inovacijama do rasta preduze\u0107a \u2013 primjer gastro suvenira - Europe House\",\"isPartOf\":{\"@id\":\"https:\\\/\\\/www.evropskakuca.me\\\/me\\\/#website\"},\"primaryImageOfPage\":{\"@id\":\"https:\\\/\\\/www.evropskakuca.me\\\/me\\\/inovacijama-rasta-preduzeca-primjer-gastro-suvenira\\\/#primaryimage\"},\"image\":{\"@id\":\"https:\\\/\\\/www.evropskakuca.me\\\/me\\\/inovacijama-rasta-preduzeca-primjer-gastro-suvenira\\\/#primaryimage\"},\"thumbnailUrl\":\"https:\\\/\\\/www.evropskakuca.me\\\/wp-content\\\/uploads\\\/2017\\\/02\\\/170222_zensko_preduzetnistvo-7.jpg\",\"datePublished\":\"2017-02-22T13:46:02+00:00\",\"breadcrumb\":{\"@id\":\"https:\\\/\\\/www.evropskakuca.me\\\/me\\\/inovacijama-rasta-preduzeca-primjer-gastro-suvenira\\\/#breadcrumb\"},\"inLanguage\":\"me-ME\",\"potentialAction\":[{\"@type\":\"ReadAction\",\"target\":[\"https:\\\/\\\/www.evropskakuca.me\\\/me\\\/inovacijama-rasta-preduzeca-primjer-gastro-suvenira\\\/\"]}]},{\"@type\":\"ImageObject\",\"inLanguage\":\"me-ME\",\"@id\":\"https:\\\/\\\/www.evropskakuca.me\\\/me\\\/inovacijama-rasta-preduzeca-primjer-gastro-suvenira\\\/#primaryimage\",\"url\":\"https:\\\/\\\/www.evropskakuca.me\\\/wp-content\\\/uploads\\\/2017\\\/02\\\/170222_zensko_preduzetnistvo-7.jpg\",\"contentUrl\":\"https:\\\/\\\/www.evropskakuca.me\\\/wp-content\\\/uploads\\\/2017\\\/02\\\/170222_zensko_preduzetnistvo-7.jpg\",\"width\":2048,\"height\":1365},{\"@type\":\"BreadcrumbList\",\"@id\":\"https:\\\/\\\/www.evropskakuca.me\\\/me\\\/inovacijama-rasta-preduzeca-primjer-gastro-suvenira\\\/#breadcrumb\",\"itemListElement\":[{\"@type\":\"ListItem\",\"position\":1,\"name\":\"Home\",\"item\":\"https:\\\/\\\/www.evropskakuca.me\\\/me\\\/\"},{\"@type\":\"ListItem\",\"position\":2,\"name\":\"Inovacijama do rasta preduze\u0107a \u2013 primjer gastro suvenira\"}]},{\"@type\":\"WebSite\",\"@id\":\"https:\\\/\\\/www.evropskakuca.me\\\/me\\\/#website\",\"url\":\"https:\\\/\\\/www.evropskakuca.me\\\/me\\\/\",\"name\":\"Evropean house\",\"description\":\"\",\"publisher\":{\"@id\":\"https:\\\/\\\/www.evropskakuca.me\\\/me\\\/#organization\"},\"potentialAction\":[{\"@type\":\"SearchAction\",\"target\":{\"@type\":\"EntryPoint\",\"urlTemplate\":\"https:\\\/\\\/www.evropskakuca.me\\\/me\\\/?s={search_term_string}\"},\"query-input\":{\"@type\":\"PropertyValueSpecification\",\"valueRequired\":true,\"valueName\":\"search_term_string\"}}],\"inLanguage\":\"me-ME\"},{\"@type\":\"Organization\",\"@id\":\"https:\\\/\\\/www.evropskakuca.me\\\/me\\\/#organization\",\"name\":\"Evropean house\",\"url\":\"https:\\\/\\\/www.evropskakuca.me\\\/me\\\/\",\"logo\":{\"@type\":\"ImageObject\",\"inLanguage\":\"me-ME\",\"@id\":\"https:\\\/\\\/www.evropskakuca.me\\\/me\\\/#\\\/schema\\\/logo\\\/image\\\/\",\"url\":\"https:\\\/\\\/www.evropskakuca.me\\\/wp-content\\\/uploads\\\/2025\\\/01\\\/evropska-kuca-logo-1.png\",\"contentUrl\":\"https:\\\/\\\/www.evropskakuca.me\\\/wp-content\\\/uploads\\\/2025\\\/01\\\/evropska-kuca-logo-1.png\",\"width\":425,\"height\":312,\"caption\":\"Evropean house\"},\"image\":{\"@id\":\"https:\\\/\\\/www.evropskakuca.me\\\/me\\\/#\\\/schema\\\/logo\\\/image\\\/\"},\"sameAs\":[\"https:\\\/\\\/www.facebook.com\\\/evropska.kuca\",\"https:\\\/\\\/x.com\\\/evropska_kuca\",\"https:\\\/\\\/www.instagram.com\\\/evropska_kuca\"]},{\"@type\":\"Person\",\"@id\":\"https:\\\/\\\/www.evropskakuca.me\\\/me\\\/#\\\/schema\\\/person\\\/a1d0dcdaefe4a1cd1d60d200ea137ba4\",\"name\":\"mkajic\",\"image\":{\"@type\":\"ImageObject\",\"inLanguage\":\"me-ME\",\"@id\":\"https:\\\/\\\/secure.gravatar.com\\\/avatar\\\/731fa035cefab7316e6bafd1f25a93fb731a07de14e2d9923f8db4422628eabc?s=96&d=mm&r=g\",\"url\":\"https:\\\/\\\/secure.gravatar.com\\\/avatar\\\/731fa035cefab7316e6bafd1f25a93fb731a07de14e2d9923f8db4422628eabc?s=96&d=mm&r=g\",\"contentUrl\":\"https:\\\/\\\/secure.gravatar.com\\\/avatar\\\/731fa035cefab7316e6bafd1f25a93fb731a07de14e2d9923f8db4422628eabc?s=96&d=mm&r=g\",\"caption\":\"mkajic\"},\"sameAs\":[\"https:\\\/\\\/evropskakuca.me\"],\"url\":\"https:\\\/\\\/www.evropskakuca.me\\\/me\\\/author\\\/mkajic\\\/\"}]}<\/script>\n<!-- \/ Yoast SEO plugin. -->","yoast_head_json":{"title":"Inovacijama do rasta preduze\u0107a \u2013 primjer gastro suvenira - Europe House","robots":{"index":"index","follow":"follow","max-snippet":"max-snippet:-1","max-image-preview":"max-image-preview:large","max-video-preview":"max-video-preview:-1"},"canonical":"https:\/\/www.evropskakuca.me\/me\/inovacijama-rasta-preduzeca-primjer-gastro-suvenira\/","og_locale":"en_US","og_type":"article","og_title":"Inovacijama do rasta preduze\u0107a \u2013 primjer gastro suvenira - Europe House","og_description":"Kroz projekat podr\u017ean od strane EU, Privredna Komora i Univerzitet Mediteran pokazuju kako preduze\u0107a mogu oja\u010dati inovativnim pristupom u radu.","og_url":"https:\/\/www.evropskakuca.me\/me\/inovacijama-rasta-preduzeca-primjer-gastro-suvenira\/","og_site_name":"Europe House","article_publisher":"https:\/\/www.facebook.com\/evropska.kuca","article_published_time":"2017-02-22T13:46:02+00:00","og_image":[{"width":1024,"height":683,"url":"https:\/\/www.evropskakuca.me\/wp-content\/uploads\/2017\/02\/170222_zensko_preduzetnistvo-7-1024x683.jpg","type":"image\/jpeg"}],"author":"mkajic","twitter_card":"summary_large_image","twitter_creator":"@evropska_kuca","twitter_site":"@evropska_kuca","twitter_misc":{"Written by":"mkajic","Est. reading time":"4 minutes"},"schema":{"@context":"https:\/\/schema.org","@graph":[{"@type":"Article","@id":"https:\/\/www.evropskakuca.me\/me\/inovacijama-rasta-preduzeca-primjer-gastro-suvenira\/#article","isPartOf":{"@id":"https:\/\/www.evropskakuca.me\/me\/inovacijama-rasta-preduzeca-primjer-gastro-suvenira\/"},"author":{"name":"mkajic","@id":"https:\/\/www.evropskakuca.me\/me\/#\/schema\/person\/a1d0dcdaefe4a1cd1d60d200ea137ba4"},"headline":"Inovacijama do rasta preduze\u0107a \u2013 primjer gastro suvenira","datePublished":"2017-02-22T13:46:02+00:00","mainEntityOfPage":{"@id":"https:\/\/www.evropskakuca.me\/me\/inovacijama-rasta-preduzeca-primjer-gastro-suvenira\/"},"wordCount":761,"commentCount":0,"publisher":{"@id":"https:\/\/www.evropskakuca.me\/me\/#organization"},"image":{"@id":"https:\/\/www.evropskakuca.me\/me\/inovacijama-rasta-preduzeca-primjer-gastro-suvenira\/#primaryimage"},"thumbnailUrl":"https:\/\/www.evropskakuca.me\/wp-content\/uploads\/2017\/02\/170222_zensko_preduzetnistvo-7.jpg","inLanguage":"me-ME","potentialAction":[{"@type":"CommentAction","name":"Comment","target":["https:\/\/www.evropskakuca.me\/me\/inovacijama-rasta-preduzeca-primjer-gastro-suvenira\/#respond"]}]},{"@type":"WebPage","@id":"https:\/\/www.evropskakuca.me\/me\/inovacijama-rasta-preduzeca-primjer-gastro-suvenira\/","url":"https:\/\/www.evropskakuca.me\/me\/inovacijama-rasta-preduzeca-primjer-gastro-suvenira\/","name":"Inovacijama do rasta preduze\u0107a \u2013 primjer gastro suvenira - Europe House","isPartOf":{"@id":"https:\/\/www.evropskakuca.me\/me\/#website"},"primaryImageOfPage":{"@id":"https:\/\/www.evropskakuca.me\/me\/inovacijama-rasta-preduzeca-primjer-gastro-suvenira\/#primaryimage"},"image":{"@id":"https:\/\/www.evropskakuca.me\/me\/inovacijama-rasta-preduzeca-primjer-gastro-suvenira\/#primaryimage"},"thumbnailUrl":"https:\/\/www.evropskakuca.me\/wp-content\/uploads\/2017\/02\/170222_zensko_preduzetnistvo-7.jpg","datePublished":"2017-02-22T13:46:02+00:00","breadcrumb":{"@id":"https:\/\/www.evropskakuca.me\/me\/inovacijama-rasta-preduzeca-primjer-gastro-suvenira\/#breadcrumb"},"inLanguage":"me-ME","potentialAction":[{"@type":"ReadAction","target":["https:\/\/www.evropskakuca.me\/me\/inovacijama-rasta-preduzeca-primjer-gastro-suvenira\/"]}]},{"@type":"ImageObject","inLanguage":"me-ME","@id":"https:\/\/www.evropskakuca.me\/me\/inovacijama-rasta-preduzeca-primjer-gastro-suvenira\/#primaryimage","url":"https:\/\/www.evropskakuca.me\/wp-content\/uploads\/2017\/02\/170222_zensko_preduzetnistvo-7.jpg","contentUrl":"https:\/\/www.evropskakuca.me\/wp-content\/uploads\/2017\/02\/170222_zensko_preduzetnistvo-7.jpg","width":2048,"height":1365},{"@type":"BreadcrumbList","@id":"https:\/\/www.evropskakuca.me\/me\/inovacijama-rasta-preduzeca-primjer-gastro-suvenira\/#breadcrumb","itemListElement":[{"@type":"ListItem","position":1,"name":"Home","item":"https:\/\/www.evropskakuca.me\/me\/"},{"@type":"ListItem","position":2,"name":"Inovacijama do rasta preduze\u0107a \u2013 primjer gastro suvenira"}]},{"@type":"WebSite","@id":"https:\/\/www.evropskakuca.me\/me\/#website","url":"https:\/\/www.evropskakuca.me\/me\/","name":"Evropean house","description":"","publisher":{"@id":"https:\/\/www.evropskakuca.me\/me\/#organization"},"potentialAction":[{"@type":"SearchAction","target":{"@type":"EntryPoint","urlTemplate":"https:\/\/www.evropskakuca.me\/me\/?s={search_term_string}"},"query-input":{"@type":"PropertyValueSpecification","valueRequired":true,"valueName":"search_term_string"}}],"inLanguage":"me-ME"},{"@type":"Organization","@id":"https:\/\/www.evropskakuca.me\/me\/#organization","name":"Evropean house","url":"https:\/\/www.evropskakuca.me\/me\/","logo":{"@type":"ImageObject","inLanguage":"me-ME","@id":"https:\/\/www.evropskakuca.me\/me\/#\/schema\/logo\/image\/","url":"https:\/\/www.evropskakuca.me\/wp-content\/uploads\/2025\/01\/evropska-kuca-logo-1.png","contentUrl":"https:\/\/www.evropskakuca.me\/wp-content\/uploads\/2025\/01\/evropska-kuca-logo-1.png","width":425,"height":312,"caption":"Evropean house"},"image":{"@id":"https:\/\/www.evropskakuca.me\/me\/#\/schema\/logo\/image\/"},"sameAs":["https:\/\/www.facebook.com\/evropska.kuca","https:\/\/x.com\/evropska_kuca","https:\/\/www.instagram.com\/evropska_kuca"]},{"@type":"Person","@id":"https:\/\/www.evropskakuca.me\/me\/#\/schema\/person\/a1d0dcdaefe4a1cd1d60d200ea137ba4","name":"mkajic","image":{"@type":"ImageObject","inLanguage":"me-ME","@id":"https:\/\/secure.gravatar.com\/avatar\/731fa035cefab7316e6bafd1f25a93fb731a07de14e2d9923f8db4422628eabc?s=96&d=mm&r=g","url":"https:\/\/secure.gravatar.com\/avatar\/731fa035cefab7316e6bafd1f25a93fb731a07de14e2d9923f8db4422628eabc?s=96&d=mm&r=g","contentUrl":"https:\/\/secure.gravatar.com\/avatar\/731fa035cefab7316e6bafd1f25a93fb731a07de14e2d9923f8db4422628eabc?s=96&d=mm&r=g","caption":"mkajic"},"sameAs":["https:\/\/evropskakuca.me"],"url":"https:\/\/www.evropskakuca.me\/me\/author\/mkajic\/"}]}},"_links":{"self":[{"href":"https:\/\/www.evropskakuca.me\/me\/wp-json\/wp\/v2\/posts\/2960","targetHints":{"allow":["GET"]}}],"collection":[{"href":"https:\/\/www.evropskakuca.me\/me\/wp-json\/wp\/v2\/posts"}],"about":[{"href":"https:\/\/www.evropskakuca.me\/me\/wp-json\/wp\/v2\/types\/post"}],"author":[{"embeddable":true,"href":"https:\/\/www.evropskakuca.me\/me\/wp-json\/wp\/v2\/users\/1"}],"replies":[{"embeddable":true,"href":"https:\/\/www.evropskakuca.me\/me\/wp-json\/wp\/v2\/comments?post=2960"}],"version-history":[{"count":0,"href":"https:\/\/www.evropskakuca.me\/me\/wp-json\/wp\/v2\/posts\/2960\/revisions"}],"wp:featuredmedia":[{"embeddable":true,"href":"https:\/\/www.evropskakuca.me\/me\/wp-json\/wp\/v2\/media\/32382"}],"wp:attachment":[{"href":"https:\/\/www.evropskakuca.me\/me\/wp-json\/wp\/v2\/media?parent=2960"}],"wp:term":[{"taxonomy":"category","embeddable":true,"href":"https:\/\/www.evropskakuca.me\/me\/wp-json\/wp\/v2\/categories?post=2960"},{"taxonomy":"post_tag","embeddable":true,"href":"https:\/\/www.evropskakuca.me\/me\/wp-json\/wp\/v2\/tags?post=2960"}],"curies":[{"name":"wp","href":"https:\/\/api.w.org\/{rel}","templated":true}]}}