{"id":29220,"date":"2024-04-12T12:20:58","date_gmt":"2024-04-12T12:20:58","guid":{"rendered":"https:\/\/evropskakuca.me\/?p=29220"},"modified":"2025-02-10T10:01:43","modified_gmt":"2025-02-10T10:01:43","slug":"cek-zeleni-marketing","status":"publish","type":"post","link":"https:\/\/www.evropskakuca.me\/me\/cek-zeleni-marketing\/","title":{"rendered":"\u010cEK: Radionica posve\u0107ena zelenom marketingu"},"content":{"rendered":"<p style=\"text-align: center;\"><strong>\u0160ta se to zeleni \u010detvrtkom u Evropskoj ku\u0107i?<\/strong><\/p>\n<p style=\"text-align: left;\">Tre\u0107a <strong>\u010cEK radionica: Od zelene ideje do zelenog biznisa<\/strong> bavila se temom <strong>Zelenog marketinga<\/strong>.<br \/>\nUz predava\u010dicu <strong>Ivanu Sre\u0107kovi\u0107<\/strong>, istra\u017eili smo koje su to strategije zelenog marketinga koje podsti\u010du ekolo\u0161ki odgovorno poslovanje i podi\u017eu svijest o odr\u017eivosti me\u0111u potro\u0161a\u010dima.<\/p>\n<p><img fetchpriority=\"high\" decoding=\"async\" class=\"aligncenter size-large wp-image-29225\" src=\"https:\/\/evropskakuca.me\/wp-content\/uploads\/2024\/04\/FRO_1891-1-1024x683.jpg\" alt=\"\" width=\"1024\" height=\"683\" \/><br \/>\n\u201cNadamo se da \u0107e se kroz ove radionice u\u010desnici opremiti alatima da svoju zelenu ideju sprovedu u djelo\u201d, kazala je Ivana.<\/p>\n\n<p>&nbsp;<\/p>\n<p><em>Da li je mogu\u0107e zaplivati u biznis zonu bez marketinga?<\/em><\/p>\n<blockquote><p>Kako isti\u010de Sre\u0107kovi\u0107, svi oni koji planiraju da pokrenu neki eko-biznis, treba da znaju ne\u0161to vi\u0161e i o kreiranju marketing plana, strategije i generalno, na\u010dinima komuniciranja.<\/p><\/blockquote>\n<p>Zajedno sa u\u010desnicima tokom radionice nau\u010dili smo kako izgraditi brend koji se temelji na vrijednostima za\u0161tite \u017eivotne sredine.<\/p>\n<p><img decoding=\"async\" class=\"aligncenter size-large wp-image-29233\" src=\"https:\/\/evropskakuca.me\/wp-content\/uploads\/2024\/04\/FRO_1717-1024x683.jpg\" alt=\"\" width=\"1024\" height=\"683\" \/><br \/>\nOsmislili smo svoju zelenu ideju i za nju napisali svoj biznis plan.<\/p>\n<blockquote><p>Prakti\u010dni dio tre\u0107e radionice iskoristili smo da za svoju zelenu biznis ideju defini\u0161emo ciljnu grupu, odredimo kanale komunikacije i osmislimo jednu klju\u010dnu poruku.<\/p><\/blockquote>\n<p>Jo\u0161 jedna \u010cEK radionica u serijalu <strong>\u010cEK: Od zelene ideje do zelenog biznisa<\/strong> koju organizuju <strong>Evropska ku\u0107a<\/strong> i <strong>NVO Zeleni talas<\/strong> o\u010dekuje nas tokom ovog mjeseca.<\/p>\n<p>Ova, \u010detvrta radionica po redu, bavi\u0107e se temom finansiranja i izvora finansiranja za zelene biznise.<\/p>\n","protected":false},"excerpt":{"rendered":"<p>\u0160ta se to zeleni \u010detvrtkom u Evropskoj ku\u0107i? Tre\u0107a \u010cEK radionica: Od zelene ideje do zelenog biznisa bavila se temom Zelenog marketinga. Uz predava\u010dicu Ivanu Sre\u0107kovi\u0107, istra\u017eili smo koje su to strategije zelenog marketinga koje podsti\u010du ekolo\u0161ki odgovorno poslovanje i podi\u017eu svijest o odr\u017eivosti me\u0111u potro\u0161a\u010dima. \u201cNadamo se da \u0107e se kroz ove radionice u\u010desnici [&hellip;]<\/p>\n","protected":false},"author":1,"featured_media":40886,"comment_status":"closed","ping_status":"closed","sticky":false,"template":"","format":"standard","meta":{"_acf_changed":false,"footnotes":""},"categories":[2],"tags":[],"class_list":["post-29220","post","type-post","status-publish","format-standard","has-post-thumbnail","hentry","category-uncategorized-me"],"acf":[],"yoast_head":"<!-- This site is optimized with the Yoast SEO plugin v27.3 - https:\/\/yoast.com\/product\/yoast-seo-wordpress\/ -->\n<title>\u010cEK: Radionica posve\u0107ena zelenom marketingu - Europe House<\/title>\n<meta name=\"robots\" content=\"index, follow, max-snippet:-1, max-image-preview:large, max-video-preview:-1\" \/>\n<link rel=\"canonical\" href=\"https:\/\/www.evropskakuca.me\/me\/cek-zeleni-marketing\/\" \/>\n<meta property=\"og:locale\" content=\"en_US\" \/>\n<meta property=\"og:type\" content=\"article\" \/>\n<meta property=\"og:title\" content=\"\u010cEK: Radionica posve\u0107ena zelenom marketingu - Europe House\" \/>\n<meta property=\"og:description\" content=\"\u0160ta se to zeleni \u010detvrtkom u Evropskoj ku\u0107i? Tre\u0107a \u010cEK radionica: Od zelene ideje do zelenog biznisa bavila se temom Zelenog marketinga. Uz predava\u010dicu Ivanu Sre\u0107kovi\u0107, istra\u017eili smo koje su to strategije zelenog marketinga koje podsti\u010du ekolo\u0161ki odgovorno poslovanje i podi\u017eu svijest o odr\u017eivosti me\u0111u potro\u0161a\u010dima. \u201cNadamo se da \u0107e se kroz ove radionice u\u010desnici [&hellip;]\" \/>\n<meta property=\"og:url\" content=\"https:\/\/www.evropskakuca.me\/me\/cek-zeleni-marketing\/\" \/>\n<meta property=\"og:site_name\" content=\"Europe House\" \/>\n<meta property=\"article:publisher\" content=\"https:\/\/www.facebook.com\/evropska.kuca\" \/>\n<meta property=\"article:published_time\" content=\"2024-04-12T12:20:58+00:00\" \/>\n<meta property=\"article:modified_time\" content=\"2025-02-10T10:01:43+00:00\" \/>\n<meta property=\"og:image\" content=\"https:\/\/www.evropskakuca.me\/wp-content\/uploads\/2024\/04\/FRO_1813.jpg\" \/>\n\t<meta property=\"og:image:width\" content=\"2560\" \/>\n\t<meta property=\"og:image:height\" content=\"1707\" \/>\n\t<meta property=\"og:image:type\" content=\"image\/jpeg\" \/>\n<meta name=\"author\" content=\"mkajic\" \/>\n<meta name=\"twitter:card\" content=\"summary_large_image\" \/>\n<meta name=\"twitter:creator\" content=\"@evropska_kuca\" \/>\n<meta name=\"twitter:site\" content=\"@evropska_kuca\" \/>\n<meta name=\"twitter:label1\" content=\"Written by\" \/>\n\t<meta name=\"twitter:data1\" content=\"mkajic\" \/>\n\t<meta name=\"twitter:label2\" content=\"Est. reading time\" \/>\n\t<meta name=\"twitter:data2\" content=\"2 minutes\" \/>\n<script type=\"application\/ld+json\" class=\"yoast-schema-graph\">{\"@context\":\"https:\\\/\\\/schema.org\",\"@graph\":[{\"@type\":\"Article\",\"@id\":\"https:\\\/\\\/www.evropskakuca.me\\\/me\\\/cek-zeleni-marketing\\\/#article\",\"isPartOf\":{\"@id\":\"https:\\\/\\\/www.evropskakuca.me\\\/me\\\/cek-zeleni-marketing\\\/\"},\"author\":{\"name\":\"mkajic\",\"@id\":\"https:\\\/\\\/www.evropskakuca.me\\\/me\\\/#\\\/schema\\\/person\\\/a1d0dcdaefe4a1cd1d60d200ea137ba4\"},\"headline\":\"\u010cEK: Radionica posve\u0107ena zelenom marketingu\",\"datePublished\":\"2024-04-12T12:20:58+00:00\",\"dateModified\":\"2025-02-10T10:01:43+00:00\",\"mainEntityOfPage\":{\"@id\":\"https:\\\/\\\/www.evropskakuca.me\\\/me\\\/cek-zeleni-marketing\\\/\"},\"wordCount\":237,\"publisher\":{\"@id\":\"https:\\\/\\\/www.evropskakuca.me\\\/me\\\/#organization\"},\"image\":{\"@id\":\"https:\\\/\\\/www.evropskakuca.me\\\/me\\\/cek-zeleni-marketing\\\/#primaryimage\"},\"thumbnailUrl\":\"https:\\\/\\\/www.evropskakuca.me\\\/wp-content\\\/uploads\\\/2024\\\/04\\\/FRO_1813.jpg\",\"articleSection\":[\"Uncategorized @me\"],\"inLanguage\":\"me-ME\"},{\"@type\":\"WebPage\",\"@id\":\"https:\\\/\\\/www.evropskakuca.me\\\/me\\\/cek-zeleni-marketing\\\/\",\"url\":\"https:\\\/\\\/www.evropskakuca.me\\\/me\\\/cek-zeleni-marketing\\\/\",\"name\":\"\u010cEK: Radionica posve\u0107ena zelenom marketingu - Europe House\",\"isPartOf\":{\"@id\":\"https:\\\/\\\/www.evropskakuca.me\\\/me\\\/#website\"},\"primaryImageOfPage\":{\"@id\":\"https:\\\/\\\/www.evropskakuca.me\\\/me\\\/cek-zeleni-marketing\\\/#primaryimage\"},\"image\":{\"@id\":\"https:\\\/\\\/www.evropskakuca.me\\\/me\\\/cek-zeleni-marketing\\\/#primaryimage\"},\"thumbnailUrl\":\"https:\\\/\\\/www.evropskakuca.me\\\/wp-content\\\/uploads\\\/2024\\\/04\\\/FRO_1813.jpg\",\"datePublished\":\"2024-04-12T12:20:58+00:00\",\"dateModified\":\"2025-02-10T10:01:43+00:00\",\"breadcrumb\":{\"@id\":\"https:\\\/\\\/www.evropskakuca.me\\\/me\\\/cek-zeleni-marketing\\\/#breadcrumb\"},\"inLanguage\":\"me-ME\",\"potentialAction\":[{\"@type\":\"ReadAction\",\"target\":[\"https:\\\/\\\/www.evropskakuca.me\\\/me\\\/cek-zeleni-marketing\\\/\"]}]},{\"@type\":\"ImageObject\",\"inLanguage\":\"me-ME\",\"@id\":\"https:\\\/\\\/www.evropskakuca.me\\\/me\\\/cek-zeleni-marketing\\\/#primaryimage\",\"url\":\"https:\\\/\\\/www.evropskakuca.me\\\/wp-content\\\/uploads\\\/2024\\\/04\\\/FRO_1813.jpg\",\"contentUrl\":\"https:\\\/\\\/www.evropskakuca.me\\\/wp-content\\\/uploads\\\/2024\\\/04\\\/FRO_1813.jpg\",\"width\":2560,\"height\":1707},{\"@type\":\"BreadcrumbList\",\"@id\":\"https:\\\/\\\/www.evropskakuca.me\\\/me\\\/cek-zeleni-marketing\\\/#breadcrumb\",\"itemListElement\":[{\"@type\":\"ListItem\",\"position\":1,\"name\":\"Home\",\"item\":\"https:\\\/\\\/www.evropskakuca.me\\\/me\\\/\"},{\"@type\":\"ListItem\",\"position\":2,\"name\":\"\u010cEK: Radionica posve\u0107ena zelenom marketingu\"}]},{\"@type\":\"WebSite\",\"@id\":\"https:\\\/\\\/www.evropskakuca.me\\\/me\\\/#website\",\"url\":\"https:\\\/\\\/www.evropskakuca.me\\\/me\\\/\",\"name\":\"Evropean house\",\"description\":\"\",\"publisher\":{\"@id\":\"https:\\\/\\\/www.evropskakuca.me\\\/me\\\/#organization\"},\"potentialAction\":[{\"@type\":\"SearchAction\",\"target\":{\"@type\":\"EntryPoint\",\"urlTemplate\":\"https:\\\/\\\/www.evropskakuca.me\\\/me\\\/?s={search_term_string}\"},\"query-input\":{\"@type\":\"PropertyValueSpecification\",\"valueRequired\":true,\"valueName\":\"search_term_string\"}}],\"inLanguage\":\"me-ME\"},{\"@type\":\"Organization\",\"@id\":\"https:\\\/\\\/www.evropskakuca.me\\\/me\\\/#organization\",\"name\":\"Evropean house\",\"url\":\"https:\\\/\\\/www.evropskakuca.me\\\/me\\\/\",\"logo\":{\"@type\":\"ImageObject\",\"inLanguage\":\"me-ME\",\"@id\":\"https:\\\/\\\/www.evropskakuca.me\\\/me\\\/#\\\/schema\\\/logo\\\/image\\\/\",\"url\":\"https:\\\/\\\/www.evropskakuca.me\\\/wp-content\\\/uploads\\\/2025\\\/01\\\/evropska-kuca-logo-1.png\",\"contentUrl\":\"https:\\\/\\\/www.evropskakuca.me\\\/wp-content\\\/uploads\\\/2025\\\/01\\\/evropska-kuca-logo-1.png\",\"width\":425,\"height\":312,\"caption\":\"Evropean house\"},\"image\":{\"@id\":\"https:\\\/\\\/www.evropskakuca.me\\\/me\\\/#\\\/schema\\\/logo\\\/image\\\/\"},\"sameAs\":[\"https:\\\/\\\/www.facebook.com\\\/evropska.kuca\",\"https:\\\/\\\/x.com\\\/evropska_kuca\",\"https:\\\/\\\/www.instagram.com\\\/evropska_kuca\"]},{\"@type\":\"Person\",\"@id\":\"https:\\\/\\\/www.evropskakuca.me\\\/me\\\/#\\\/schema\\\/person\\\/a1d0dcdaefe4a1cd1d60d200ea137ba4\",\"name\":\"mkajic\",\"image\":{\"@type\":\"ImageObject\",\"inLanguage\":\"me-ME\",\"@id\":\"https:\\\/\\\/secure.gravatar.com\\\/avatar\\\/731fa035cefab7316e6bafd1f25a93fb731a07de14e2d9923f8db4422628eabc?s=96&d=mm&r=g\",\"url\":\"https:\\\/\\\/secure.gravatar.com\\\/avatar\\\/731fa035cefab7316e6bafd1f25a93fb731a07de14e2d9923f8db4422628eabc?s=96&d=mm&r=g\",\"contentUrl\":\"https:\\\/\\\/secure.gravatar.com\\\/avatar\\\/731fa035cefab7316e6bafd1f25a93fb731a07de14e2d9923f8db4422628eabc?s=96&d=mm&r=g\",\"caption\":\"mkajic\"},\"sameAs\":[\"https:\\\/\\\/evropskakuca.me\"],\"url\":\"https:\\\/\\\/www.evropskakuca.me\\\/me\\\/author\\\/mkajic\\\/\"}]}<\/script>\n<!-- \/ Yoast SEO plugin. -->","yoast_head_json":{"title":"\u010cEK: Radionica posve\u0107ena zelenom marketingu - Europe House","robots":{"index":"index","follow":"follow","max-snippet":"max-snippet:-1","max-image-preview":"max-image-preview:large","max-video-preview":"max-video-preview:-1"},"canonical":"https:\/\/www.evropskakuca.me\/me\/cek-zeleni-marketing\/","og_locale":"en_US","og_type":"article","og_title":"\u010cEK: Radionica posve\u0107ena zelenom marketingu - Europe House","og_description":"\u0160ta se to zeleni \u010detvrtkom u Evropskoj ku\u0107i? Tre\u0107a \u010cEK radionica: Od zelene ideje do zelenog biznisa bavila se temom Zelenog marketinga. Uz predava\u010dicu Ivanu Sre\u0107kovi\u0107, istra\u017eili smo koje su to strategije zelenog marketinga koje podsti\u010du ekolo\u0161ki odgovorno poslovanje i podi\u017eu svijest o odr\u017eivosti me\u0111u potro\u0161a\u010dima. \u201cNadamo se da \u0107e se kroz ove radionice u\u010desnici [&hellip;]","og_url":"https:\/\/www.evropskakuca.me\/me\/cek-zeleni-marketing\/","og_site_name":"Europe House","article_publisher":"https:\/\/www.facebook.com\/evropska.kuca","article_published_time":"2024-04-12T12:20:58+00:00","article_modified_time":"2025-02-10T10:01:43+00:00","og_image":[{"width":2560,"height":1707,"url":"https:\/\/www.evropskakuca.me\/wp-content\/uploads\/2024\/04\/FRO_1813.jpg","type":"image\/jpeg"}],"author":"mkajic","twitter_card":"summary_large_image","twitter_creator":"@evropska_kuca","twitter_site":"@evropska_kuca","twitter_misc":{"Written by":"mkajic","Est. reading time":"2 minutes"},"schema":{"@context":"https:\/\/schema.org","@graph":[{"@type":"Article","@id":"https:\/\/www.evropskakuca.me\/me\/cek-zeleni-marketing\/#article","isPartOf":{"@id":"https:\/\/www.evropskakuca.me\/me\/cek-zeleni-marketing\/"},"author":{"name":"mkajic","@id":"https:\/\/www.evropskakuca.me\/me\/#\/schema\/person\/a1d0dcdaefe4a1cd1d60d200ea137ba4"},"headline":"\u010cEK: Radionica posve\u0107ena zelenom marketingu","datePublished":"2024-04-12T12:20:58+00:00","dateModified":"2025-02-10T10:01:43+00:00","mainEntityOfPage":{"@id":"https:\/\/www.evropskakuca.me\/me\/cek-zeleni-marketing\/"},"wordCount":237,"publisher":{"@id":"https:\/\/www.evropskakuca.me\/me\/#organization"},"image":{"@id":"https:\/\/www.evropskakuca.me\/me\/cek-zeleni-marketing\/#primaryimage"},"thumbnailUrl":"https:\/\/www.evropskakuca.me\/wp-content\/uploads\/2024\/04\/FRO_1813.jpg","articleSection":["Uncategorized @me"],"inLanguage":"me-ME"},{"@type":"WebPage","@id":"https:\/\/www.evropskakuca.me\/me\/cek-zeleni-marketing\/","url":"https:\/\/www.evropskakuca.me\/me\/cek-zeleni-marketing\/","name":"\u010cEK: Radionica posve\u0107ena zelenom marketingu - Europe House","isPartOf":{"@id":"https:\/\/www.evropskakuca.me\/me\/#website"},"primaryImageOfPage":{"@id":"https:\/\/www.evropskakuca.me\/me\/cek-zeleni-marketing\/#primaryimage"},"image":{"@id":"https:\/\/www.evropskakuca.me\/me\/cek-zeleni-marketing\/#primaryimage"},"thumbnailUrl":"https:\/\/www.evropskakuca.me\/wp-content\/uploads\/2024\/04\/FRO_1813.jpg","datePublished":"2024-04-12T12:20:58+00:00","dateModified":"2025-02-10T10:01:43+00:00","breadcrumb":{"@id":"https:\/\/www.evropskakuca.me\/me\/cek-zeleni-marketing\/#breadcrumb"},"inLanguage":"me-ME","potentialAction":[{"@type":"ReadAction","target":["https:\/\/www.evropskakuca.me\/me\/cek-zeleni-marketing\/"]}]},{"@type":"ImageObject","inLanguage":"me-ME","@id":"https:\/\/www.evropskakuca.me\/me\/cek-zeleni-marketing\/#primaryimage","url":"https:\/\/www.evropskakuca.me\/wp-content\/uploads\/2024\/04\/FRO_1813.jpg","contentUrl":"https:\/\/www.evropskakuca.me\/wp-content\/uploads\/2024\/04\/FRO_1813.jpg","width":2560,"height":1707},{"@type":"BreadcrumbList","@id":"https:\/\/www.evropskakuca.me\/me\/cek-zeleni-marketing\/#breadcrumb","itemListElement":[{"@type":"ListItem","position":1,"name":"Home","item":"https:\/\/www.evropskakuca.me\/me\/"},{"@type":"ListItem","position":2,"name":"\u010cEK: Radionica posve\u0107ena zelenom marketingu"}]},{"@type":"WebSite","@id":"https:\/\/www.evropskakuca.me\/me\/#website","url":"https:\/\/www.evropskakuca.me\/me\/","name":"Evropean house","description":"","publisher":{"@id":"https:\/\/www.evropskakuca.me\/me\/#organization"},"potentialAction":[{"@type":"SearchAction","target":{"@type":"EntryPoint","urlTemplate":"https:\/\/www.evropskakuca.me\/me\/?s={search_term_string}"},"query-input":{"@type":"PropertyValueSpecification","valueRequired":true,"valueName":"search_term_string"}}],"inLanguage":"me-ME"},{"@type":"Organization","@id":"https:\/\/www.evropskakuca.me\/me\/#organization","name":"Evropean house","url":"https:\/\/www.evropskakuca.me\/me\/","logo":{"@type":"ImageObject","inLanguage":"me-ME","@id":"https:\/\/www.evropskakuca.me\/me\/#\/schema\/logo\/image\/","url":"https:\/\/www.evropskakuca.me\/wp-content\/uploads\/2025\/01\/evropska-kuca-logo-1.png","contentUrl":"https:\/\/www.evropskakuca.me\/wp-content\/uploads\/2025\/01\/evropska-kuca-logo-1.png","width":425,"height":312,"caption":"Evropean house"},"image":{"@id":"https:\/\/www.evropskakuca.me\/me\/#\/schema\/logo\/image\/"},"sameAs":["https:\/\/www.facebook.com\/evropska.kuca","https:\/\/x.com\/evropska_kuca","https:\/\/www.instagram.com\/evropska_kuca"]},{"@type":"Person","@id":"https:\/\/www.evropskakuca.me\/me\/#\/schema\/person\/a1d0dcdaefe4a1cd1d60d200ea137ba4","name":"mkajic","image":{"@type":"ImageObject","inLanguage":"me-ME","@id":"https:\/\/secure.gravatar.com\/avatar\/731fa035cefab7316e6bafd1f25a93fb731a07de14e2d9923f8db4422628eabc?s=96&d=mm&r=g","url":"https:\/\/secure.gravatar.com\/avatar\/731fa035cefab7316e6bafd1f25a93fb731a07de14e2d9923f8db4422628eabc?s=96&d=mm&r=g","contentUrl":"https:\/\/secure.gravatar.com\/avatar\/731fa035cefab7316e6bafd1f25a93fb731a07de14e2d9923f8db4422628eabc?s=96&d=mm&r=g","caption":"mkajic"},"sameAs":["https:\/\/evropskakuca.me"],"url":"https:\/\/www.evropskakuca.me\/me\/author\/mkajic\/"}]}},"_links":{"self":[{"href":"https:\/\/www.evropskakuca.me\/me\/wp-json\/wp\/v2\/posts\/29220","targetHints":{"allow":["GET"]}}],"collection":[{"href":"https:\/\/www.evropskakuca.me\/me\/wp-json\/wp\/v2\/posts"}],"about":[{"href":"https:\/\/www.evropskakuca.me\/me\/wp-json\/wp\/v2\/types\/post"}],"author":[{"embeddable":true,"href":"https:\/\/www.evropskakuca.me\/me\/wp-json\/wp\/v2\/users\/1"}],"replies":[{"embeddable":true,"href":"https:\/\/www.evropskakuca.me\/me\/wp-json\/wp\/v2\/comments?post=29220"}],"version-history":[{"count":1,"href":"https:\/\/www.evropskakuca.me\/me\/wp-json\/wp\/v2\/posts\/29220\/revisions"}],"predecessor-version":[{"id":42939,"href":"https:\/\/www.evropskakuca.me\/me\/wp-json\/wp\/v2\/posts\/29220\/revisions\/42939"}],"wp:featuredmedia":[{"embeddable":true,"href":"https:\/\/www.evropskakuca.me\/me\/wp-json\/wp\/v2\/media\/40886"}],"wp:attachment":[{"href":"https:\/\/www.evropskakuca.me\/me\/wp-json\/wp\/v2\/media?parent=29220"}],"wp:term":[{"taxonomy":"category","embeddable":true,"href":"https:\/\/www.evropskakuca.me\/me\/wp-json\/wp\/v2\/categories?post=29220"},{"taxonomy":"post_tag","embeddable":true,"href":"https:\/\/www.evropskakuca.me\/me\/wp-json\/wp\/v2\/tags?post=29220"}],"curies":[{"name":"wp","href":"https:\/\/api.w.org\/{rel}","templated":true}]}}