{"id":29176,"date":"2024-04-08T09:55:47","date_gmt":"2024-04-08T09:55:47","guid":{"rendered":"https:\/\/evropskakuca.me\/?p=29176"},"modified":"2025-02-10T10:00:05","modified_gmt":"2025-02-10T10:00:05","slug":"kvizom-znanja-obiljezen-medunarodni-dan-roma","status":"publish","type":"post","link":"https:\/\/www.evropskakuca.me\/me\/kvizom-znanja-obiljezen-medunarodni-dan-roma\/","title":{"rendered":"Kvizom znanja obilje\u017een Me\u0111unarodni dan Roma"},"content":{"rendered":"<p><strong>Znanje je univerzum, a razli\u010ditosti nas \u010dine boljima <\/strong>\u2013 to je jedna od poruka sa Kviza bez granica, koji je organizovan povodom obilje\u017eavanja <strong>Me\u0111unarodnog dana Roma<\/strong> u KIC-u \u201cBudo Tomovi\u0107\u201d. Ovaj doga\u0111aj je spojio znanje i kulturu, u cilju proslave raznolikosti i bogatstva naslje\u0111a.<\/p>\n<p>Glavni organizatori i inicijatori kviza su Evropska ku\u0107a, u ime Delegacije Evropske unije u Crnoj Gori, i Programska kancelarija Savjeta Evrope u Podgorici, u saradnji sa partnerima &#8211; Ministarstvom prosvjete, nauke i inovacija, Glavnim gradom Podgorica i NVO ,,Gra\u0111anska alijansa\u201d.<\/p>\n<blockquote><p>Kviz znanja je obuhvatio pitanja o istoriji, kulturi i tradiciji Roma, kako bi se na ovaj na\u010din skrenula pa\u017enja na njihov doprinos dru\u0161tvu, kako globalno, tako i u Crnoj Gori.<\/p><\/blockquote>\n<p>U\u010desnici su bili u\u010denici osnovnih \u0161kola koje poha\u0111aju djeca iz romske i ve\u0107inske zajednice (O\u0160 ,,Bo\u017eidar Vukovi\u0107 Podgori\u010danin&#8221;, O\u0160 ,,Oktoih&#8217;\u2019, O\u0160 ,,21. maj&#8221;, O\u0160 ,,Vladimir Nazor&#8221; i O\u0160 ,,Marko Miljanov&#8221;).<\/p>\n<p><img fetchpriority=\"high\" decoding=\"async\" class=\"aligncenter size-large wp-image-29179\" src=\"https:\/\/evropskakuca.me\/wp-content\/uploads\/2024\/04\/1-1024x689.png\" alt=\"\" width=\"1024\" height=\"689\" \/><\/p>\n<p>U uvodnom dijelu doga\u0111aja prisutnima su se obratili ministarka prosvjete, nauke i inovacija prof. dr An\u0111ela Jak\u0161i\u0107-Stojanovi\u0107; gradona\u010delnica Glavnog grada, Podgorica prof. dr Olivera Injac; ambasadorka Evropske unije u Crnoj Gori, Oana Kristina Popa; i \u0161efica Programske kancelarije Savjeta Evrope u Podgorici Lejla Dervi\u0161agi\u0107. Za kulturno-umjetni\u010dki dio programa su bili zadu\u017eeni u\u010denici Osnovne \u0161kole \u201cMileva Lajovi\u0107-Lalatovi\u0107\u201d iz Nik\u0161i\u0107a.<\/p>\n<p>Ministarka <strong>Jak\u0161i\u0107\u2013Stojanovi\u0107<\/strong> je u svom uvodnom obra\u0107anju istakla da proslavljaju\u0107i bogatu ba\u0161tinu Roma, ujedno isti\u010demo va\u017enost uva\u017eavanja i razumijevanja razli\u010ditosti.<br \/>\n\u201cKviz koji danas organizujemo ima za cilj da nas zabavi, ali i da nas podstakne da dublje razmi\u0161ljamo o Romima, njihovoj istoriji, kulturi i doprinosu na\u0161em dru\u0161tvu. Kroz igru, u\u010dimo o zna\u010daju po\u0161tovanja drugih kultura i o\u010duvanja kulturne raznolikosti \u201d \u2013 saop\u0161tila je ona.<\/p>\n<p>\u201cVjerujem da \u0107emo posve\u0107enim radom biti u prilici da svakog narednog Me\u0111unarodnog dana Roma konstatujemo pomake i pozitivne rezultate, a da \u0107e svi pripadnici romske i egip\u0107anske populacije imati kvalitetnije uslove za \u017eivot i rad u Podgorici, jer samo ujedinjeni u razli\u010ditosti mo\u017eemo graditi bolje dru\u0161tvo za sve nas\u201d \u2013 navela je gradona\u010delnica <strong>Olivera Injac<\/strong>.<br \/>\nPored nje, doga\u0111aju je ispred Skup\u0161tine Glavnog grada Podgorica, prisustvovala i predsjednica <strong>Jelena Borovini\u0107-Bojovi\u0107<\/strong>, koja je pobjednicima uru\u010dila nagrade.<\/p>\n<blockquote><p>Ovaj kviz je nazvan \u201cKviz bez granica\u201d jer vrijednosti koje promovi\u0161emo nemaju granica, a to su tolerancija, solidarnost, dostojanstvo i jednakost.<\/p><\/blockquote>\n<p>Promovi\u0161emo kulturu, tradiciju i istoriju najvec\u0301e etni\u010dke manjine u Evropi, naglasila je u svom obra\u0107anju ambasadorka Evropske unije u Crnoj Gori, <strong>Oana Kristina Popa<\/strong>.<\/p>\n<p><img decoding=\"async\" class=\"aligncenter size-large wp-image-29181\" src=\"https:\/\/evropskakuca.me\/wp-content\/uploads\/2024\/04\/2-1024x686.png\" alt=\"\" width=\"1024\" height=\"686\" \/><br \/>\n\u201cJednak tretman i temeljna prava su osnovne vrijednosti na kojima je izgra\u0111ena Evropska unija. Sna\u017eno podr\u017eavamo 6 miliona ljudi iz romske zajednice koji trenutno \u017eive u Evropi. Na\u0161 je prioritet i du\u017enost da te\u017eimo ka evropskom dru\u0161tvu bez diskriminacije i marginalizacije.\u201d kazala je Popa.<\/p>\n<p>\u201cSavjet Evrope neprestano radi na razvijanju novih standarda. Kroz zajedni\u010dke programe sa Evropskom unijom ROMACTED i Roma Integration, u saradnji sa relevantnim institucijama, nastoji da osigura istinsko i sistemati\u010dno u\u010de\u0161\u0107e, zastupljenost i uklju\u010divanje Roma u svim oblastima dru\u0161tva i u procesima dono\u0161enja odluka koje uti\u010du na njihove \u017eivote na lokalnom i nacionalnom nivou\u201d \u2013 istakla je gospo\u0111a <strong>Dervi\u0161agi\u0107<\/strong>.<\/p>\n<p><img decoding=\"async\" class=\"aligncenter size-large wp-image-29183\" src=\"https:\/\/evropskakuca.me\/wp-content\/uploads\/2024\/04\/4-1024x665.png\" alt=\"\" width=\"1024\" height=\"665\" \/><\/p>\n<p>Iako je vi\u0161e puta istaknuto da je znanje najve\u0107a nagrada i da su sve ekipe pobjedni\u010dke, ipak su nagra\u0111eni oni koji pokazali malo vi\u0161e znanja i umije\u0107a.<\/p>\n<p>Tako je prvo mjesto osvojila ekipa O\u0160 \u201eVladimir Nazor\u201c, dok je drugoplasirana bila O\u0160 \u201eOktoih\u201c, a tre\u0107eplasirana O\u0160 ,,Bo\u017eidar Vukovi\u0107-Podgori\u010danin&#8221;. Za prva tri mjesta je nagrade u vidu kompleta knjiga i setova za pisanje obezbijedilo Ministarstvo prosvjete, nauke i inovacija, uz podr\u0161ku Zavoda za ud\u017ebenike i nastavna sredstva. Pobjedni\u010dka ekipa je dobila i mobilne telefone, koje je obezbijedio Sekretarijat za socijalno staranje Glavnog grada Podgorice, uz podr\u0161ku Crnogorskog Telekoma.<\/p>\n<p>Kviz je kroz zajedni\u010dki program Evropske unije i Savjeta Evrope organizovan u jo\u0161 par crnogorskih op\u0161tina, a Me\u0111unarodni dan Roma \u0107e biti obilje\u017een \u0161irom Crne Gore brojnim kulturno-umjetni\u010dkim, sportskim i drugim aktivnostima.<\/p>\n","protected":false},"excerpt":{"rendered":"<p>Znanje je univerzum, a razli\u010ditosti nas \u010dine boljima \u2013 to je jedna od poruka sa Kviza bez granica, koji je organizovan povodom obilje\u017eavanja Me\u0111unarodnog dana Roma u KIC-u \u201cBudo Tomovi\u0107\u201d. Ovaj doga\u0111aj je spojio znanje i kulturu, u cilju proslave raznolikosti i bogatstva naslje\u0111a. Glavni organizatori i inicijatori kviza su Evropska ku\u0107a, u ime Delegacije [&hellip;]<\/p>\n","protected":false},"author":1,"featured_media":42930,"comment_status":"closed","ping_status":"closed","sticky":false,"template":"","format":"standard","meta":{"_acf_changed":false,"footnotes":""},"categories":[2],"tags":[],"class_list":["post-29176","post","type-post","status-publish","format-standard","has-post-thumbnail","hentry","category-uncategorized-me"],"acf":[],"yoast_head":"<!-- This site is optimized with the Yoast SEO plugin v27.3 - https:\/\/yoast.com\/product\/yoast-seo-wordpress\/ -->\n<title>Kvizom znanja obilje\u017een Me\u0111unarodni dan Roma - Europe House<\/title>\n<meta name=\"robots\" content=\"index, follow, max-snippet:-1, max-image-preview:large, max-video-preview:-1\" \/>\n<link rel=\"canonical\" href=\"https:\/\/www.evropskakuca.me\/me\/kvizom-znanja-obiljezen-medunarodni-dan-roma\/\" \/>\n<meta property=\"og:locale\" content=\"en_US\" \/>\n<meta property=\"og:type\" content=\"article\" \/>\n<meta property=\"og:title\" content=\"Kvizom znanja obilje\u017een Me\u0111unarodni dan Roma - Europe House\" \/>\n<meta property=\"og:description\" content=\"Znanje je univerzum, a razli\u010ditosti nas \u010dine boljima \u2013 to je jedna od poruka sa Kviza bez granica, koji je organizovan povodom obilje\u017eavanja Me\u0111unarodnog dana Roma u KIC-u \u201cBudo Tomovi\u0107\u201d. Ovaj doga\u0111aj je spojio znanje i kulturu, u cilju proslave raznolikosti i bogatstva naslje\u0111a. Glavni organizatori i inicijatori kviza su Evropska ku\u0107a, u ime Delegacije [&hellip;]\" \/>\n<meta property=\"og:url\" content=\"https:\/\/www.evropskakuca.me\/me\/kvizom-znanja-obiljezen-medunarodni-dan-roma\/\" \/>\n<meta property=\"og:site_name\" content=\"Europe House\" \/>\n<meta property=\"article:publisher\" content=\"https:\/\/www.facebook.com\/evropska.kuca\" \/>\n<meta property=\"article:published_time\" content=\"2024-04-08T09:55:47+00:00\" \/>\n<meta property=\"article:modified_time\" content=\"2025-02-10T10:00:05+00:00\" \/>\n<meta property=\"og:image\" content=\"https:\/\/www.evropskakuca.me\/wp-content\/uploads\/2024\/04\/2-1024x686-1-e1739181488411.png\" \/>\n\t<meta property=\"og:image:width\" content=\"1024\" \/>\n\t<meta property=\"og:image:height\" content=\"686\" \/>\n\t<meta property=\"og:image:type\" content=\"image\/png\" \/>\n<meta name=\"author\" content=\"mkajic\" \/>\n<meta name=\"twitter:card\" content=\"summary_large_image\" \/>\n<meta name=\"twitter:creator\" content=\"@evropska_kuca\" \/>\n<meta name=\"twitter:site\" content=\"@evropska_kuca\" \/>\n<meta name=\"twitter:label1\" content=\"Written by\" \/>\n\t<meta name=\"twitter:data1\" content=\"mkajic\" \/>\n\t<meta name=\"twitter:label2\" content=\"Est. reading time\" \/>\n\t<meta name=\"twitter:data2\" content=\"4 minutes\" \/>\n<script type=\"application\/ld+json\" class=\"yoast-schema-graph\">{\"@context\":\"https:\\\/\\\/schema.org\",\"@graph\":[{\"@type\":\"Article\",\"@id\":\"https:\\\/\\\/www.evropskakuca.me\\\/me\\\/kvizom-znanja-obiljezen-medunarodni-dan-roma\\\/#article\",\"isPartOf\":{\"@id\":\"https:\\\/\\\/www.evropskakuca.me\\\/me\\\/kvizom-znanja-obiljezen-medunarodni-dan-roma\\\/\"},\"author\":{\"name\":\"mkajic\",\"@id\":\"https:\\\/\\\/www.evropskakuca.me\\\/me\\\/#\\\/schema\\\/person\\\/a1d0dcdaefe4a1cd1d60d200ea137ba4\"},\"headline\":\"Kvizom znanja obilje\u017een Me\u0111unarodni dan Roma\",\"datePublished\":\"2024-04-08T09:55:47+00:00\",\"dateModified\":\"2025-02-10T10:00:05+00:00\",\"mainEntityOfPage\":{\"@id\":\"https:\\\/\\\/www.evropskakuca.me\\\/me\\\/kvizom-znanja-obiljezen-medunarodni-dan-roma\\\/\"},\"wordCount\":712,\"publisher\":{\"@id\":\"https:\\\/\\\/www.evropskakuca.me\\\/me\\\/#organization\"},\"image\":{\"@id\":\"https:\\\/\\\/www.evropskakuca.me\\\/me\\\/kvizom-znanja-obiljezen-medunarodni-dan-roma\\\/#primaryimage\"},\"thumbnailUrl\":\"https:\\\/\\\/www.evropskakuca.me\\\/wp-content\\\/uploads\\\/2024\\\/04\\\/2-1024x686-1-e1739181488411.png\",\"articleSection\":[\"Uncategorized @me\"],\"inLanguage\":\"me-ME\"},{\"@type\":\"WebPage\",\"@id\":\"https:\\\/\\\/www.evropskakuca.me\\\/me\\\/kvizom-znanja-obiljezen-medunarodni-dan-roma\\\/\",\"url\":\"https:\\\/\\\/www.evropskakuca.me\\\/me\\\/kvizom-znanja-obiljezen-medunarodni-dan-roma\\\/\",\"name\":\"Kvizom znanja obilje\u017een Me\u0111unarodni dan Roma - Europe House\",\"isPartOf\":{\"@id\":\"https:\\\/\\\/www.evropskakuca.me\\\/me\\\/#website\"},\"primaryImageOfPage\":{\"@id\":\"https:\\\/\\\/www.evropskakuca.me\\\/me\\\/kvizom-znanja-obiljezen-medunarodni-dan-roma\\\/#primaryimage\"},\"image\":{\"@id\":\"https:\\\/\\\/www.evropskakuca.me\\\/me\\\/kvizom-znanja-obiljezen-medunarodni-dan-roma\\\/#primaryimage\"},\"thumbnailUrl\":\"https:\\\/\\\/www.evropskakuca.me\\\/wp-content\\\/uploads\\\/2024\\\/04\\\/2-1024x686-1-e1739181488411.png\",\"datePublished\":\"2024-04-08T09:55:47+00:00\",\"dateModified\":\"2025-02-10T10:00:05+00:00\",\"breadcrumb\":{\"@id\":\"https:\\\/\\\/www.evropskakuca.me\\\/me\\\/kvizom-znanja-obiljezen-medunarodni-dan-roma\\\/#breadcrumb\"},\"inLanguage\":\"me-ME\",\"potentialAction\":[{\"@type\":\"ReadAction\",\"target\":[\"https:\\\/\\\/www.evropskakuca.me\\\/me\\\/kvizom-znanja-obiljezen-medunarodni-dan-roma\\\/\"]}]},{\"@type\":\"ImageObject\",\"inLanguage\":\"me-ME\",\"@id\":\"https:\\\/\\\/www.evropskakuca.me\\\/me\\\/kvizom-znanja-obiljezen-medunarodni-dan-roma\\\/#primaryimage\",\"url\":\"https:\\\/\\\/www.evropskakuca.me\\\/wp-content\\\/uploads\\\/2024\\\/04\\\/2-1024x686-1-e1739181488411.png\",\"contentUrl\":\"https:\\\/\\\/www.evropskakuca.me\\\/wp-content\\\/uploads\\\/2024\\\/04\\\/2-1024x686-1-e1739181488411.png\",\"width\":1024,\"height\":686},{\"@type\":\"BreadcrumbList\",\"@id\":\"https:\\\/\\\/www.evropskakuca.me\\\/me\\\/kvizom-znanja-obiljezen-medunarodni-dan-roma\\\/#breadcrumb\",\"itemListElement\":[{\"@type\":\"ListItem\",\"position\":1,\"name\":\"Home\",\"item\":\"https:\\\/\\\/www.evropskakuca.me\\\/me\\\/\"},{\"@type\":\"ListItem\",\"position\":2,\"name\":\"Kvizom znanja obilje\u017een Me\u0111unarodni dan Roma\"}]},{\"@type\":\"WebSite\",\"@id\":\"https:\\\/\\\/www.evropskakuca.me\\\/me\\\/#website\",\"url\":\"https:\\\/\\\/www.evropskakuca.me\\\/me\\\/\",\"name\":\"Evropean house\",\"description\":\"\",\"publisher\":{\"@id\":\"https:\\\/\\\/www.evropskakuca.me\\\/me\\\/#organization\"},\"potentialAction\":[{\"@type\":\"SearchAction\",\"target\":{\"@type\":\"EntryPoint\",\"urlTemplate\":\"https:\\\/\\\/www.evropskakuca.me\\\/me\\\/?s={search_term_string}\"},\"query-input\":{\"@type\":\"PropertyValueSpecification\",\"valueRequired\":true,\"valueName\":\"search_term_string\"}}],\"inLanguage\":\"me-ME\"},{\"@type\":\"Organization\",\"@id\":\"https:\\\/\\\/www.evropskakuca.me\\\/me\\\/#organization\",\"name\":\"Evropean house\",\"url\":\"https:\\\/\\\/www.evropskakuca.me\\\/me\\\/\",\"logo\":{\"@type\":\"ImageObject\",\"inLanguage\":\"me-ME\",\"@id\":\"https:\\\/\\\/www.evropskakuca.me\\\/me\\\/#\\\/schema\\\/logo\\\/image\\\/\",\"url\":\"https:\\\/\\\/www.evropskakuca.me\\\/wp-content\\\/uploads\\\/2025\\\/01\\\/evropska-kuca-logo-1.png\",\"contentUrl\":\"https:\\\/\\\/www.evropskakuca.me\\\/wp-content\\\/uploads\\\/2025\\\/01\\\/evropska-kuca-logo-1.png\",\"width\":425,\"height\":312,\"caption\":\"Evropean house\"},\"image\":{\"@id\":\"https:\\\/\\\/www.evropskakuca.me\\\/me\\\/#\\\/schema\\\/logo\\\/image\\\/\"},\"sameAs\":[\"https:\\\/\\\/www.facebook.com\\\/evropska.kuca\",\"https:\\\/\\\/x.com\\\/evropska_kuca\",\"https:\\\/\\\/www.instagram.com\\\/evropska_kuca\"]},{\"@type\":\"Person\",\"@id\":\"https:\\\/\\\/www.evropskakuca.me\\\/me\\\/#\\\/schema\\\/person\\\/a1d0dcdaefe4a1cd1d60d200ea137ba4\",\"name\":\"mkajic\",\"image\":{\"@type\":\"ImageObject\",\"inLanguage\":\"me-ME\",\"@id\":\"https:\\\/\\\/secure.gravatar.com\\\/avatar\\\/731fa035cefab7316e6bafd1f25a93fb731a07de14e2d9923f8db4422628eabc?s=96&d=mm&r=g\",\"url\":\"https:\\\/\\\/secure.gravatar.com\\\/avatar\\\/731fa035cefab7316e6bafd1f25a93fb731a07de14e2d9923f8db4422628eabc?s=96&d=mm&r=g\",\"contentUrl\":\"https:\\\/\\\/secure.gravatar.com\\\/avatar\\\/731fa035cefab7316e6bafd1f25a93fb731a07de14e2d9923f8db4422628eabc?s=96&d=mm&r=g\",\"caption\":\"mkajic\"},\"sameAs\":[\"https:\\\/\\\/evropskakuca.me\"],\"url\":\"https:\\\/\\\/www.evropskakuca.me\\\/me\\\/author\\\/mkajic\\\/\"}]}<\/script>\n<!-- \/ Yoast SEO plugin. -->","yoast_head_json":{"title":"Kvizom znanja obilje\u017een Me\u0111unarodni dan Roma - Europe House","robots":{"index":"index","follow":"follow","max-snippet":"max-snippet:-1","max-image-preview":"max-image-preview:large","max-video-preview":"max-video-preview:-1"},"canonical":"https:\/\/www.evropskakuca.me\/me\/kvizom-znanja-obiljezen-medunarodni-dan-roma\/","og_locale":"en_US","og_type":"article","og_title":"Kvizom znanja obilje\u017een Me\u0111unarodni dan Roma - Europe House","og_description":"Znanje je univerzum, a razli\u010ditosti nas \u010dine boljima \u2013 to je jedna od poruka sa Kviza bez granica, koji je organizovan povodom obilje\u017eavanja Me\u0111unarodnog dana Roma u KIC-u \u201cBudo Tomovi\u0107\u201d. Ovaj doga\u0111aj je spojio znanje i kulturu, u cilju proslave raznolikosti i bogatstva naslje\u0111a. Glavni organizatori i inicijatori kviza su Evropska ku\u0107a, u ime Delegacije [&hellip;]","og_url":"https:\/\/www.evropskakuca.me\/me\/kvizom-znanja-obiljezen-medunarodni-dan-roma\/","og_site_name":"Europe House","article_publisher":"https:\/\/www.facebook.com\/evropska.kuca","article_published_time":"2024-04-08T09:55:47+00:00","article_modified_time":"2025-02-10T10:00:05+00:00","og_image":[{"width":1024,"height":686,"url":"https:\/\/www.evropskakuca.me\/wp-content\/uploads\/2024\/04\/2-1024x686-1-e1739181488411.png","type":"image\/png"}],"author":"mkajic","twitter_card":"summary_large_image","twitter_creator":"@evropska_kuca","twitter_site":"@evropska_kuca","twitter_misc":{"Written by":"mkajic","Est. reading time":"4 minutes"},"schema":{"@context":"https:\/\/schema.org","@graph":[{"@type":"Article","@id":"https:\/\/www.evropskakuca.me\/me\/kvizom-znanja-obiljezen-medunarodni-dan-roma\/#article","isPartOf":{"@id":"https:\/\/www.evropskakuca.me\/me\/kvizom-znanja-obiljezen-medunarodni-dan-roma\/"},"author":{"name":"mkajic","@id":"https:\/\/www.evropskakuca.me\/me\/#\/schema\/person\/a1d0dcdaefe4a1cd1d60d200ea137ba4"},"headline":"Kvizom znanja obilje\u017een Me\u0111unarodni dan Roma","datePublished":"2024-04-08T09:55:47+00:00","dateModified":"2025-02-10T10:00:05+00:00","mainEntityOfPage":{"@id":"https:\/\/www.evropskakuca.me\/me\/kvizom-znanja-obiljezen-medunarodni-dan-roma\/"},"wordCount":712,"publisher":{"@id":"https:\/\/www.evropskakuca.me\/me\/#organization"},"image":{"@id":"https:\/\/www.evropskakuca.me\/me\/kvizom-znanja-obiljezen-medunarodni-dan-roma\/#primaryimage"},"thumbnailUrl":"https:\/\/www.evropskakuca.me\/wp-content\/uploads\/2024\/04\/2-1024x686-1-e1739181488411.png","articleSection":["Uncategorized @me"],"inLanguage":"me-ME"},{"@type":"WebPage","@id":"https:\/\/www.evropskakuca.me\/me\/kvizom-znanja-obiljezen-medunarodni-dan-roma\/","url":"https:\/\/www.evropskakuca.me\/me\/kvizom-znanja-obiljezen-medunarodni-dan-roma\/","name":"Kvizom znanja obilje\u017een Me\u0111unarodni dan Roma - Europe House","isPartOf":{"@id":"https:\/\/www.evropskakuca.me\/me\/#website"},"primaryImageOfPage":{"@id":"https:\/\/www.evropskakuca.me\/me\/kvizom-znanja-obiljezen-medunarodni-dan-roma\/#primaryimage"},"image":{"@id":"https:\/\/www.evropskakuca.me\/me\/kvizom-znanja-obiljezen-medunarodni-dan-roma\/#primaryimage"},"thumbnailUrl":"https:\/\/www.evropskakuca.me\/wp-content\/uploads\/2024\/04\/2-1024x686-1-e1739181488411.png","datePublished":"2024-04-08T09:55:47+00:00","dateModified":"2025-02-10T10:00:05+00:00","breadcrumb":{"@id":"https:\/\/www.evropskakuca.me\/me\/kvizom-znanja-obiljezen-medunarodni-dan-roma\/#breadcrumb"},"inLanguage":"me-ME","potentialAction":[{"@type":"ReadAction","target":["https:\/\/www.evropskakuca.me\/me\/kvizom-znanja-obiljezen-medunarodni-dan-roma\/"]}]},{"@type":"ImageObject","inLanguage":"me-ME","@id":"https:\/\/www.evropskakuca.me\/me\/kvizom-znanja-obiljezen-medunarodni-dan-roma\/#primaryimage","url":"https:\/\/www.evropskakuca.me\/wp-content\/uploads\/2024\/04\/2-1024x686-1-e1739181488411.png","contentUrl":"https:\/\/www.evropskakuca.me\/wp-content\/uploads\/2024\/04\/2-1024x686-1-e1739181488411.png","width":1024,"height":686},{"@type":"BreadcrumbList","@id":"https:\/\/www.evropskakuca.me\/me\/kvizom-znanja-obiljezen-medunarodni-dan-roma\/#breadcrumb","itemListElement":[{"@type":"ListItem","position":1,"name":"Home","item":"https:\/\/www.evropskakuca.me\/me\/"},{"@type":"ListItem","position":2,"name":"Kvizom znanja obilje\u017een Me\u0111unarodni dan Roma"}]},{"@type":"WebSite","@id":"https:\/\/www.evropskakuca.me\/me\/#website","url":"https:\/\/www.evropskakuca.me\/me\/","name":"Evropean house","description":"","publisher":{"@id":"https:\/\/www.evropskakuca.me\/me\/#organization"},"potentialAction":[{"@type":"SearchAction","target":{"@type":"EntryPoint","urlTemplate":"https:\/\/www.evropskakuca.me\/me\/?s={search_term_string}"},"query-input":{"@type":"PropertyValueSpecification","valueRequired":true,"valueName":"search_term_string"}}],"inLanguage":"me-ME"},{"@type":"Organization","@id":"https:\/\/www.evropskakuca.me\/me\/#organization","name":"Evropean house","url":"https:\/\/www.evropskakuca.me\/me\/","logo":{"@type":"ImageObject","inLanguage":"me-ME","@id":"https:\/\/www.evropskakuca.me\/me\/#\/schema\/logo\/image\/","url":"https:\/\/www.evropskakuca.me\/wp-content\/uploads\/2025\/01\/evropska-kuca-logo-1.png","contentUrl":"https:\/\/www.evropskakuca.me\/wp-content\/uploads\/2025\/01\/evropska-kuca-logo-1.png","width":425,"height":312,"caption":"Evropean house"},"image":{"@id":"https:\/\/www.evropskakuca.me\/me\/#\/schema\/logo\/image\/"},"sameAs":["https:\/\/www.facebook.com\/evropska.kuca","https:\/\/x.com\/evropska_kuca","https:\/\/www.instagram.com\/evropska_kuca"]},{"@type":"Person","@id":"https:\/\/www.evropskakuca.me\/me\/#\/schema\/person\/a1d0dcdaefe4a1cd1d60d200ea137ba4","name":"mkajic","image":{"@type":"ImageObject","inLanguage":"me-ME","@id":"https:\/\/secure.gravatar.com\/avatar\/731fa035cefab7316e6bafd1f25a93fb731a07de14e2d9923f8db4422628eabc?s=96&d=mm&r=g","url":"https:\/\/secure.gravatar.com\/avatar\/731fa035cefab7316e6bafd1f25a93fb731a07de14e2d9923f8db4422628eabc?s=96&d=mm&r=g","contentUrl":"https:\/\/secure.gravatar.com\/avatar\/731fa035cefab7316e6bafd1f25a93fb731a07de14e2d9923f8db4422628eabc?s=96&d=mm&r=g","caption":"mkajic"},"sameAs":["https:\/\/evropskakuca.me"],"url":"https:\/\/www.evropskakuca.me\/me\/author\/mkajic\/"}]}},"_links":{"self":[{"href":"https:\/\/www.evropskakuca.me\/me\/wp-json\/wp\/v2\/posts\/29176","targetHints":{"allow":["GET"]}}],"collection":[{"href":"https:\/\/www.evropskakuca.me\/me\/wp-json\/wp\/v2\/posts"}],"about":[{"href":"https:\/\/www.evropskakuca.me\/me\/wp-json\/wp\/v2\/types\/post"}],"author":[{"embeddable":true,"href":"https:\/\/www.evropskakuca.me\/me\/wp-json\/wp\/v2\/users\/1"}],"replies":[{"embeddable":true,"href":"https:\/\/www.evropskakuca.me\/me\/wp-json\/wp\/v2\/comments?post=29176"}],"version-history":[{"count":1,"href":"https:\/\/www.evropskakuca.me\/me\/wp-json\/wp\/v2\/posts\/29176\/revisions"}],"predecessor-version":[{"id":42938,"href":"https:\/\/www.evropskakuca.me\/me\/wp-json\/wp\/v2\/posts\/29176\/revisions\/42938"}],"wp:featuredmedia":[{"embeddable":true,"href":"https:\/\/www.evropskakuca.me\/me\/wp-json\/wp\/v2\/media\/42930"}],"wp:attachment":[{"href":"https:\/\/www.evropskakuca.me\/me\/wp-json\/wp\/v2\/media?parent=29176"}],"wp:term":[{"taxonomy":"category","embeddable":true,"href":"https:\/\/www.evropskakuca.me\/me\/wp-json\/wp\/v2\/categories?post=29176"},{"taxonomy":"post_tag","embeddable":true,"href":"https:\/\/www.evropskakuca.me\/me\/wp-json\/wp\/v2\/tags?post=29176"}],"curies":[{"name":"wp","href":"https:\/\/api.w.org\/{rel}","templated":true}]}}