{"id":28947,"date":"2024-03-22T15:03:31","date_gmt":"2024-03-22T15:03:31","guid":{"rendered":"https:\/\/evropskakuca.me\/?p=28947"},"modified":"2025-02-10T10:09:20","modified_gmt":"2025-02-10T10:09:20","slug":"prilika-za-posao-u-evropskoj-kuci-u-podgorici-trazimo-public-space-manager-a-evropske-kuce","status":"publish","type":"post","link":"https:\/\/www.evropskakuca.me\/me\/prilika-za-posao-u-evropskoj-kuci-u-podgorici-trazimo-public-space-manager-a-evropske-kuce\/","title":{"rendered":"Tra\u017eimo Public Space Manager-a  Evropske ku\u0107e"},"content":{"rendered":"<p>Stru\u010dnjak \u0107e biti odgovoran za smooth planning, organizaciju i vo\u0111enje svih dnevnih aktivnosti Evropske ku\u0107e u Podgorici. On\/ona \u0107e biti prisutni tokom radnog vremena Evropske ku\u0107e (09:00-17:00 sati).<\/p>\n<p>Radne aktivnosti <strong>Public Space Manager<\/strong> \u00a0\u0107e sprovoditi u saradnji sa Team Leader-om i Campaign and Event manager-om, on\/ona \u0107e razvijati servise Evropske ku\u0107e za odre\u0111ene ciljne grupe, proaktivno organizovati grupne posjete Evropskoj ku\u0107i i Delegaciji, razgovarati sa njima i pozivati govornike, organizova\u0107e doga\u0111aje u prostorijama Evropske ku\u0107e i obavlja\u0107e druge korisni\u010dke usluge.<\/p>\n<p>On\/ona \u0107e biti odgovoran\/a za to da Evropska ku\u0107a bude zanimljivo, gostprimljivo i \u017eivo mjesto, privla\u010de\u0107i zanimljive izlo\u017ebe, doga\u0111aje, govornike, goste. On\/ona c\u0301e ponuditi moguc\u0301nosti drugim projektima podr\u017eanim od strane EU, kao i trec\u0301im stranama da budu domac\u0301ini doga\u0111aja u Evropskoj kuc\u0301i.<\/p>\n<p>Pored toga, on\/ona \u0107e upravljati bibliote\u010dkom zbirkom, zalihama publikacija i distribucijom, te organizovati prezentacije novih publikacija. On\/ona \u0107e se pobrinuti da police i sve prostorije budu operativni i u dobrom stanju. On\/ona \u0107e predlo\u017eiti izbor EU promo materijala i upravljati njihovom distribucijom. O\u010dekuje se da \u0107e moderirati neke javne doga\u0111aje u Evropskoj ku\u0107i i upravljati kalendarom Evropske ku\u0107e.<\/p>\n<p>Kvalifikacije i vje\u0161tine<\/p>\n<ul>\n<li>Diploma osnovnih studija &#8211; gdje je univerzitetska diploma dodijeljena nakon zavr\u0161etka tri ili vi\u0161e godina studija na univerzitetu ili u ekvivalentnoj instituciji, ili alternativno minimalno 3 godine op\u0161teg profesionalnog iskustva u medijima\/komunikacijama\/upravljanju doga\u0111ajima\/korisni\u010dkim uslugama\/administraciji\/akademiji\/civilnom dru\u0161tvu\/biznisu ili sli\u010dno, uz godine iskustva potrebne u &#8220;op\u0161tem profesionalnom iskustvu&#8221;.<\/li>\n<li>Odli\u010dno poznavanje engleskog i crnogorskog jezika;<\/li>\n<li>Dobro poznavanje EU, njenih politika i procesa evropskih integracija.<\/li>\n<li>Orijentisanost na kupca, prijateljska raspolo\u017eenost, gostoljubivost uz odli\u010dne organizacione sposobnosti.<\/li>\n<li>Minimalno 5 godina relevantnog profesionalnog iskustva u medijima\/komunikacijama\/upravljanju doga\u0111ajima\/korisni\u010dkim uslugama\/administraciji\/akademiji\/civilnom dru\u0161tvu\/biznisu ili sli\u010dno.<\/li>\n<\/ul>\n<p>Specifi\u010dno profesionalno iskustvo<\/p>\n<ul>\n<li>Minimalno 1, po\u017eeljno 2 godine relevantnog profesionalnog iskustva u korisni\u010dkom servisu i direktnom kontaktu sa javno\u0161\u0107u;<\/li>\n<li>Dokazano iskustvo u organizaciji doga\u0111aja.<\/li>\n<li>Iskustvo u moderiranju doga\u0111aja o EU \u0107e se smatrati predno\u0161\u0107u.<\/li>\n<li>Iskustvo u predavanju \u0107e se smatrati predno\u0161\u0107u.<\/li>\n<\/ul>\n<p>&nbsp;<\/p>\n<p>Rok za slanje CV-a: <strong>31. mart 2024.<\/strong> na <strong><a href=\"mailto:info@evropskakuca.me\">info@evropskakuca.me<\/a><\/strong><\/p>\n<p>Samo kandidati koji budu u\u0161li u u\u017ei izbor \u0107e biti pozvani na intervju.<\/p>\n","protected":false},"excerpt":{"rendered":"<p>Stru\u010dnjak \u0107e biti odgovoran za smooth planning, organizaciju i vo\u0111enje svih dnevnih aktivnosti Evropske ku\u0107e u Podgorici. On\/ona \u0107e biti prisutni tokom radnog vremena Evropske ku\u0107e (09:00-17:00 sati). Radne aktivnosti Public Space Manager \u00a0\u0107e sprovoditi u saradnji sa Team Leader-om i Campaign and Event manager-om, on\/ona \u0107e razvijati servise Evropske ku\u0107e za odre\u0111ene ciljne grupe, [&hellip;]<\/p>\n","protected":false},"author":1,"featured_media":39015,"comment_status":"closed","ping_status":"closed","sticky":false,"template":"","format":"standard","meta":{"_acf_changed":false,"footnotes":""},"categories":[524],"tags":[],"class_list":["post-28947","post","type-post","status-publish","format-standard","has-post-thumbnail","hentry","category-vesti"],"acf":[],"yoast_head":"<!-- This site is optimized with the Yoast SEO plugin v27.3 - https:\/\/yoast.com\/product\/yoast-seo-wordpress\/ -->\n<title>Tra\u017eimo Public Space Manager-a Evropske ku\u0107e - Europe House<\/title>\n<meta name=\"robots\" content=\"index, follow, max-snippet:-1, max-image-preview:large, max-video-preview:-1\" \/>\n<link rel=\"canonical\" href=\"https:\/\/www.evropskakuca.me\/me\/prilika-za-posao-u-evropskoj-kuci-u-podgorici-trazimo-public-space-manager-a-evropske-kuce\/\" \/>\n<meta property=\"og:locale\" content=\"en_US\" \/>\n<meta property=\"og:type\" content=\"article\" \/>\n<meta property=\"og:title\" content=\"Tra\u017eimo Public Space Manager-a Evropske ku\u0107e - Europe House\" \/>\n<meta property=\"og:description\" content=\"Stru\u010dnjak \u0107e biti odgovoran za smooth planning, organizaciju i vo\u0111enje svih dnevnih aktivnosti Evropske ku\u0107e u Podgorici. On\/ona \u0107e biti prisutni tokom radnog vremena Evropske ku\u0107e (09:00-17:00 sati). Radne aktivnosti Public Space Manager \u00a0\u0107e sprovoditi u saradnji sa Team Leader-om i Campaign and Event manager-om, on\/ona \u0107e razvijati servise Evropske ku\u0107e za odre\u0111ene ciljne grupe, [&hellip;]\" \/>\n<meta property=\"og:url\" content=\"https:\/\/www.evropskakuca.me\/me\/prilika-za-posao-u-evropskoj-kuci-u-podgorici-trazimo-public-space-manager-a-evropske-kuce\/\" \/>\n<meta property=\"og:site_name\" content=\"Europe House\" \/>\n<meta property=\"article:publisher\" content=\"https:\/\/www.facebook.com\/evropska.kuca\" \/>\n<meta property=\"article:published_time\" content=\"2024-03-22T15:03:31+00:00\" \/>\n<meta property=\"article:modified_time\" content=\"2025-02-10T10:09:20+00:00\" \/>\n<meta property=\"og:image\" content=\"https:\/\/www.evropskakuca.me\/wp-content\/uploads\/2023\/05\/EU-MNE-flags_0.jpg\" \/>\n\t<meta property=\"og:image:width\" content=\"750\" \/>\n\t<meta property=\"og:image:height\" content=\"500\" \/>\n\t<meta property=\"og:image:type\" content=\"image\/jpeg\" \/>\n<meta name=\"author\" content=\"mkajic\" \/>\n<meta name=\"twitter:card\" content=\"summary_large_image\" \/>\n<meta name=\"twitter:creator\" content=\"@evropska_kuca\" \/>\n<meta name=\"twitter:site\" content=\"@evropska_kuca\" \/>\n<meta name=\"twitter:label1\" content=\"Written by\" \/>\n\t<meta name=\"twitter:data1\" content=\"mkajic\" \/>\n\t<meta name=\"twitter:label2\" content=\"Est. reading time\" \/>\n\t<meta name=\"twitter:data2\" content=\"2 minutes\" \/>\n<script type=\"application\/ld+json\" class=\"yoast-schema-graph\">{\"@context\":\"https:\\\/\\\/schema.org\",\"@graph\":[{\"@type\":\"Article\",\"@id\":\"https:\\\/\\\/www.evropskakuca.me\\\/me\\\/prilika-za-posao-u-evropskoj-kuci-u-podgorici-trazimo-public-space-manager-a-evropske-kuce\\\/#article\",\"isPartOf\":{\"@id\":\"https:\\\/\\\/www.evropskakuca.me\\\/me\\\/prilika-za-posao-u-evropskoj-kuci-u-podgorici-trazimo-public-space-manager-a-evropske-kuce\\\/\"},\"author\":{\"name\":\"mkajic\",\"@id\":\"https:\\\/\\\/www.evropskakuca.me\\\/me\\\/#\\\/schema\\\/person\\\/a1d0dcdaefe4a1cd1d60d200ea137ba4\"},\"headline\":\"Tra\u017eimo Public Space Manager-a Evropske ku\u0107e\",\"datePublished\":\"2024-03-22T15:03:31+00:00\",\"dateModified\":\"2025-02-10T10:09:20+00:00\",\"mainEntityOfPage\":{\"@id\":\"https:\\\/\\\/www.evropskakuca.me\\\/me\\\/prilika-za-posao-u-evropskoj-kuci-u-podgorici-trazimo-public-space-manager-a-evropske-kuce\\\/\"},\"wordCount\":412,\"publisher\":{\"@id\":\"https:\\\/\\\/www.evropskakuca.me\\\/me\\\/#organization\"},\"image\":{\"@id\":\"https:\\\/\\\/www.evropskakuca.me\\\/me\\\/prilika-za-posao-u-evropskoj-kuci-u-podgorici-trazimo-public-space-manager-a-evropske-kuce\\\/#primaryimage\"},\"thumbnailUrl\":\"https:\\\/\\\/www.evropskakuca.me\\\/wp-content\\\/uploads\\\/2023\\\/05\\\/EU-MNE-flags_0.jpg\",\"articleSection\":[\"Vesti\"],\"inLanguage\":\"me-ME\"},{\"@type\":\"WebPage\",\"@id\":\"https:\\\/\\\/www.evropskakuca.me\\\/me\\\/prilika-za-posao-u-evropskoj-kuci-u-podgorici-trazimo-public-space-manager-a-evropske-kuce\\\/\",\"url\":\"https:\\\/\\\/www.evropskakuca.me\\\/me\\\/prilika-za-posao-u-evropskoj-kuci-u-podgorici-trazimo-public-space-manager-a-evropske-kuce\\\/\",\"name\":\"Tra\u017eimo Public Space Manager-a Evropske ku\u0107e - Europe House\",\"isPartOf\":{\"@id\":\"https:\\\/\\\/www.evropskakuca.me\\\/me\\\/#website\"},\"primaryImageOfPage\":{\"@id\":\"https:\\\/\\\/www.evropskakuca.me\\\/me\\\/prilika-za-posao-u-evropskoj-kuci-u-podgorici-trazimo-public-space-manager-a-evropske-kuce\\\/#primaryimage\"},\"image\":{\"@id\":\"https:\\\/\\\/www.evropskakuca.me\\\/me\\\/prilika-za-posao-u-evropskoj-kuci-u-podgorici-trazimo-public-space-manager-a-evropske-kuce\\\/#primaryimage\"},\"thumbnailUrl\":\"https:\\\/\\\/www.evropskakuca.me\\\/wp-content\\\/uploads\\\/2023\\\/05\\\/EU-MNE-flags_0.jpg\",\"datePublished\":\"2024-03-22T15:03:31+00:00\",\"dateModified\":\"2025-02-10T10:09:20+00:00\",\"breadcrumb\":{\"@id\":\"https:\\\/\\\/www.evropskakuca.me\\\/me\\\/prilika-za-posao-u-evropskoj-kuci-u-podgorici-trazimo-public-space-manager-a-evropske-kuce\\\/#breadcrumb\"},\"inLanguage\":\"me-ME\",\"potentialAction\":[{\"@type\":\"ReadAction\",\"target\":[\"https:\\\/\\\/www.evropskakuca.me\\\/me\\\/prilika-za-posao-u-evropskoj-kuci-u-podgorici-trazimo-public-space-manager-a-evropske-kuce\\\/\"]}]},{\"@type\":\"ImageObject\",\"inLanguage\":\"me-ME\",\"@id\":\"https:\\\/\\\/www.evropskakuca.me\\\/me\\\/prilika-za-posao-u-evropskoj-kuci-u-podgorici-trazimo-public-space-manager-a-evropske-kuce\\\/#primaryimage\",\"url\":\"https:\\\/\\\/www.evropskakuca.me\\\/wp-content\\\/uploads\\\/2023\\\/05\\\/EU-MNE-flags_0.jpg\",\"contentUrl\":\"https:\\\/\\\/www.evropskakuca.me\\\/wp-content\\\/uploads\\\/2023\\\/05\\\/EU-MNE-flags_0.jpg\",\"width\":750,\"height\":500},{\"@type\":\"BreadcrumbList\",\"@id\":\"https:\\\/\\\/www.evropskakuca.me\\\/me\\\/prilika-za-posao-u-evropskoj-kuci-u-podgorici-trazimo-public-space-manager-a-evropske-kuce\\\/#breadcrumb\",\"itemListElement\":[{\"@type\":\"ListItem\",\"position\":1,\"name\":\"Home\",\"item\":\"https:\\\/\\\/www.evropskakuca.me\\\/me\\\/\"},{\"@type\":\"ListItem\",\"position\":2,\"name\":\"Tra\u017eimo Public Space Manager-a Evropske ku\u0107e\"}]},{\"@type\":\"WebSite\",\"@id\":\"https:\\\/\\\/www.evropskakuca.me\\\/me\\\/#website\",\"url\":\"https:\\\/\\\/www.evropskakuca.me\\\/me\\\/\",\"name\":\"Evropean house\",\"description\":\"\",\"publisher\":{\"@id\":\"https:\\\/\\\/www.evropskakuca.me\\\/me\\\/#organization\"},\"potentialAction\":[{\"@type\":\"SearchAction\",\"target\":{\"@type\":\"EntryPoint\",\"urlTemplate\":\"https:\\\/\\\/www.evropskakuca.me\\\/me\\\/?s={search_term_string}\"},\"query-input\":{\"@type\":\"PropertyValueSpecification\",\"valueRequired\":true,\"valueName\":\"search_term_string\"}}],\"inLanguage\":\"me-ME\"},{\"@type\":\"Organization\",\"@id\":\"https:\\\/\\\/www.evropskakuca.me\\\/me\\\/#organization\",\"name\":\"Evropean house\",\"url\":\"https:\\\/\\\/www.evropskakuca.me\\\/me\\\/\",\"logo\":{\"@type\":\"ImageObject\",\"inLanguage\":\"me-ME\",\"@id\":\"https:\\\/\\\/www.evropskakuca.me\\\/me\\\/#\\\/schema\\\/logo\\\/image\\\/\",\"url\":\"https:\\\/\\\/www.evropskakuca.me\\\/wp-content\\\/uploads\\\/2025\\\/01\\\/evropska-kuca-logo-1.png\",\"contentUrl\":\"https:\\\/\\\/www.evropskakuca.me\\\/wp-content\\\/uploads\\\/2025\\\/01\\\/evropska-kuca-logo-1.png\",\"width\":425,\"height\":312,\"caption\":\"Evropean house\"},\"image\":{\"@id\":\"https:\\\/\\\/www.evropskakuca.me\\\/me\\\/#\\\/schema\\\/logo\\\/image\\\/\"},\"sameAs\":[\"https:\\\/\\\/www.facebook.com\\\/evropska.kuca\",\"https:\\\/\\\/x.com\\\/evropska_kuca\",\"https:\\\/\\\/www.instagram.com\\\/evropska_kuca\"]},{\"@type\":\"Person\",\"@id\":\"https:\\\/\\\/www.evropskakuca.me\\\/me\\\/#\\\/schema\\\/person\\\/a1d0dcdaefe4a1cd1d60d200ea137ba4\",\"name\":\"mkajic\",\"image\":{\"@type\":\"ImageObject\",\"inLanguage\":\"me-ME\",\"@id\":\"https:\\\/\\\/secure.gravatar.com\\\/avatar\\\/731fa035cefab7316e6bafd1f25a93fb731a07de14e2d9923f8db4422628eabc?s=96&d=mm&r=g\",\"url\":\"https:\\\/\\\/secure.gravatar.com\\\/avatar\\\/731fa035cefab7316e6bafd1f25a93fb731a07de14e2d9923f8db4422628eabc?s=96&d=mm&r=g\",\"contentUrl\":\"https:\\\/\\\/secure.gravatar.com\\\/avatar\\\/731fa035cefab7316e6bafd1f25a93fb731a07de14e2d9923f8db4422628eabc?s=96&d=mm&r=g\",\"caption\":\"mkajic\"},\"sameAs\":[\"https:\\\/\\\/evropskakuca.me\"],\"url\":\"https:\\\/\\\/www.evropskakuca.me\\\/me\\\/author\\\/mkajic\\\/\"}]}<\/script>\n<!-- \/ Yoast SEO plugin. -->","yoast_head_json":{"title":"Tra\u017eimo Public Space Manager-a Evropske ku\u0107e - Europe House","robots":{"index":"index","follow":"follow","max-snippet":"max-snippet:-1","max-image-preview":"max-image-preview:large","max-video-preview":"max-video-preview:-1"},"canonical":"https:\/\/www.evropskakuca.me\/me\/prilika-za-posao-u-evropskoj-kuci-u-podgorici-trazimo-public-space-manager-a-evropske-kuce\/","og_locale":"en_US","og_type":"article","og_title":"Tra\u017eimo Public Space Manager-a Evropske ku\u0107e - Europe House","og_description":"Stru\u010dnjak \u0107e biti odgovoran za smooth planning, organizaciju i vo\u0111enje svih dnevnih aktivnosti Evropske ku\u0107e u Podgorici. On\/ona \u0107e biti prisutni tokom radnog vremena Evropske ku\u0107e (09:00-17:00 sati). Radne aktivnosti Public Space Manager \u00a0\u0107e sprovoditi u saradnji sa Team Leader-om i Campaign and Event manager-om, on\/ona \u0107e razvijati servise Evropske ku\u0107e za odre\u0111ene ciljne grupe, [&hellip;]","og_url":"https:\/\/www.evropskakuca.me\/me\/prilika-za-posao-u-evropskoj-kuci-u-podgorici-trazimo-public-space-manager-a-evropske-kuce\/","og_site_name":"Europe House","article_publisher":"https:\/\/www.facebook.com\/evropska.kuca","article_published_time":"2024-03-22T15:03:31+00:00","article_modified_time":"2025-02-10T10:09:20+00:00","og_image":[{"width":750,"height":500,"url":"https:\/\/www.evropskakuca.me\/wp-content\/uploads\/2023\/05\/EU-MNE-flags_0.jpg","type":"image\/jpeg"}],"author":"mkajic","twitter_card":"summary_large_image","twitter_creator":"@evropska_kuca","twitter_site":"@evropska_kuca","twitter_misc":{"Written by":"mkajic","Est. reading time":"2 minutes"},"schema":{"@context":"https:\/\/schema.org","@graph":[{"@type":"Article","@id":"https:\/\/www.evropskakuca.me\/me\/prilika-za-posao-u-evropskoj-kuci-u-podgorici-trazimo-public-space-manager-a-evropske-kuce\/#article","isPartOf":{"@id":"https:\/\/www.evropskakuca.me\/me\/prilika-za-posao-u-evropskoj-kuci-u-podgorici-trazimo-public-space-manager-a-evropske-kuce\/"},"author":{"name":"mkajic","@id":"https:\/\/www.evropskakuca.me\/me\/#\/schema\/person\/a1d0dcdaefe4a1cd1d60d200ea137ba4"},"headline":"Tra\u017eimo Public Space Manager-a Evropske ku\u0107e","datePublished":"2024-03-22T15:03:31+00:00","dateModified":"2025-02-10T10:09:20+00:00","mainEntityOfPage":{"@id":"https:\/\/www.evropskakuca.me\/me\/prilika-za-posao-u-evropskoj-kuci-u-podgorici-trazimo-public-space-manager-a-evropske-kuce\/"},"wordCount":412,"publisher":{"@id":"https:\/\/www.evropskakuca.me\/me\/#organization"},"image":{"@id":"https:\/\/www.evropskakuca.me\/me\/prilika-za-posao-u-evropskoj-kuci-u-podgorici-trazimo-public-space-manager-a-evropske-kuce\/#primaryimage"},"thumbnailUrl":"https:\/\/www.evropskakuca.me\/wp-content\/uploads\/2023\/05\/EU-MNE-flags_0.jpg","articleSection":["Vesti"],"inLanguage":"me-ME"},{"@type":"WebPage","@id":"https:\/\/www.evropskakuca.me\/me\/prilika-za-posao-u-evropskoj-kuci-u-podgorici-trazimo-public-space-manager-a-evropske-kuce\/","url":"https:\/\/www.evropskakuca.me\/me\/prilika-za-posao-u-evropskoj-kuci-u-podgorici-trazimo-public-space-manager-a-evropske-kuce\/","name":"Tra\u017eimo Public Space Manager-a Evropske ku\u0107e - Europe House","isPartOf":{"@id":"https:\/\/www.evropskakuca.me\/me\/#website"},"primaryImageOfPage":{"@id":"https:\/\/www.evropskakuca.me\/me\/prilika-za-posao-u-evropskoj-kuci-u-podgorici-trazimo-public-space-manager-a-evropske-kuce\/#primaryimage"},"image":{"@id":"https:\/\/www.evropskakuca.me\/me\/prilika-za-posao-u-evropskoj-kuci-u-podgorici-trazimo-public-space-manager-a-evropske-kuce\/#primaryimage"},"thumbnailUrl":"https:\/\/www.evropskakuca.me\/wp-content\/uploads\/2023\/05\/EU-MNE-flags_0.jpg","datePublished":"2024-03-22T15:03:31+00:00","dateModified":"2025-02-10T10:09:20+00:00","breadcrumb":{"@id":"https:\/\/www.evropskakuca.me\/me\/prilika-za-posao-u-evropskoj-kuci-u-podgorici-trazimo-public-space-manager-a-evropske-kuce\/#breadcrumb"},"inLanguage":"me-ME","potentialAction":[{"@type":"ReadAction","target":["https:\/\/www.evropskakuca.me\/me\/prilika-za-posao-u-evropskoj-kuci-u-podgorici-trazimo-public-space-manager-a-evropske-kuce\/"]}]},{"@type":"ImageObject","inLanguage":"me-ME","@id":"https:\/\/www.evropskakuca.me\/me\/prilika-za-posao-u-evropskoj-kuci-u-podgorici-trazimo-public-space-manager-a-evropske-kuce\/#primaryimage","url":"https:\/\/www.evropskakuca.me\/wp-content\/uploads\/2023\/05\/EU-MNE-flags_0.jpg","contentUrl":"https:\/\/www.evropskakuca.me\/wp-content\/uploads\/2023\/05\/EU-MNE-flags_0.jpg","width":750,"height":500},{"@type":"BreadcrumbList","@id":"https:\/\/www.evropskakuca.me\/me\/prilika-za-posao-u-evropskoj-kuci-u-podgorici-trazimo-public-space-manager-a-evropske-kuce\/#breadcrumb","itemListElement":[{"@type":"ListItem","position":1,"name":"Home","item":"https:\/\/www.evropskakuca.me\/me\/"},{"@type":"ListItem","position":2,"name":"Tra\u017eimo Public Space Manager-a Evropske ku\u0107e"}]},{"@type":"WebSite","@id":"https:\/\/www.evropskakuca.me\/me\/#website","url":"https:\/\/www.evropskakuca.me\/me\/","name":"Evropean house","description":"","publisher":{"@id":"https:\/\/www.evropskakuca.me\/me\/#organization"},"potentialAction":[{"@type":"SearchAction","target":{"@type":"EntryPoint","urlTemplate":"https:\/\/www.evropskakuca.me\/me\/?s={search_term_string}"},"query-input":{"@type":"PropertyValueSpecification","valueRequired":true,"valueName":"search_term_string"}}],"inLanguage":"me-ME"},{"@type":"Organization","@id":"https:\/\/www.evropskakuca.me\/me\/#organization","name":"Evropean house","url":"https:\/\/www.evropskakuca.me\/me\/","logo":{"@type":"ImageObject","inLanguage":"me-ME","@id":"https:\/\/www.evropskakuca.me\/me\/#\/schema\/logo\/image\/","url":"https:\/\/www.evropskakuca.me\/wp-content\/uploads\/2025\/01\/evropska-kuca-logo-1.png","contentUrl":"https:\/\/www.evropskakuca.me\/wp-content\/uploads\/2025\/01\/evropska-kuca-logo-1.png","width":425,"height":312,"caption":"Evropean house"},"image":{"@id":"https:\/\/www.evropskakuca.me\/me\/#\/schema\/logo\/image\/"},"sameAs":["https:\/\/www.facebook.com\/evropska.kuca","https:\/\/x.com\/evropska_kuca","https:\/\/www.instagram.com\/evropska_kuca"]},{"@type":"Person","@id":"https:\/\/www.evropskakuca.me\/me\/#\/schema\/person\/a1d0dcdaefe4a1cd1d60d200ea137ba4","name":"mkajic","image":{"@type":"ImageObject","inLanguage":"me-ME","@id":"https:\/\/secure.gravatar.com\/avatar\/731fa035cefab7316e6bafd1f25a93fb731a07de14e2d9923f8db4422628eabc?s=96&d=mm&r=g","url":"https:\/\/secure.gravatar.com\/avatar\/731fa035cefab7316e6bafd1f25a93fb731a07de14e2d9923f8db4422628eabc?s=96&d=mm&r=g","contentUrl":"https:\/\/secure.gravatar.com\/avatar\/731fa035cefab7316e6bafd1f25a93fb731a07de14e2d9923f8db4422628eabc?s=96&d=mm&r=g","caption":"mkajic"},"sameAs":["https:\/\/evropskakuca.me"],"url":"https:\/\/www.evropskakuca.me\/me\/author\/mkajic\/"}]}},"_links":{"self":[{"href":"https:\/\/www.evropskakuca.me\/me\/wp-json\/wp\/v2\/posts\/28947","targetHints":{"allow":["GET"]}}],"collection":[{"href":"https:\/\/www.evropskakuca.me\/me\/wp-json\/wp\/v2\/posts"}],"about":[{"href":"https:\/\/www.evropskakuca.me\/me\/wp-json\/wp\/v2\/types\/post"}],"author":[{"embeddable":true,"href":"https:\/\/www.evropskakuca.me\/me\/wp-json\/wp\/v2\/users\/1"}],"replies":[{"embeddable":true,"href":"https:\/\/www.evropskakuca.me\/me\/wp-json\/wp\/v2\/comments?post=28947"}],"version-history":[{"count":1,"href":"https:\/\/www.evropskakuca.me\/me\/wp-json\/wp\/v2\/posts\/28947\/revisions"}],"predecessor-version":[{"id":42958,"href":"https:\/\/www.evropskakuca.me\/me\/wp-json\/wp\/v2\/posts\/28947\/revisions\/42958"}],"wp:featuredmedia":[{"embeddable":true,"href":"https:\/\/www.evropskakuca.me\/me\/wp-json\/wp\/v2\/media\/39015"}],"wp:attachment":[{"href":"https:\/\/www.evropskakuca.me\/me\/wp-json\/wp\/v2\/media?parent=28947"}],"wp:term":[{"taxonomy":"category","embeddable":true,"href":"https:\/\/www.evropskakuca.me\/me\/wp-json\/wp\/v2\/categories?post=28947"},{"taxonomy":"post_tag","embeddable":true,"href":"https:\/\/www.evropskakuca.me\/me\/wp-json\/wp\/v2\/tags?post=28947"}],"curies":[{"name":"wp","href":"https:\/\/api.w.org\/{rel}","templated":true}]}}