{"id":28901,"date":"2024-03-15T15:09:14","date_gmt":"2024-03-15T15:09:14","guid":{"rendered":"https:\/\/evropskakuca.me\/?p=28901"},"modified":"2024-03-15T15:09:14","modified_gmt":"2024-03-15T15:09:14","slug":"sportski-duh-mirisi-i-ukusi-belgije-u-evropskoj-kuci","status":"publish","type":"post","link":"https:\/\/www.evropskakuca.me\/me\/sportski-duh-mirisi-i-ukusi-belgije-u-evropskoj-kuci\/","title":{"rendered":"Sportski duh, mirisi i ukusi Belgije u Evropskoj ku\u0107i"},"content":{"rendered":"<p style=\"text-align: center;\"><strong>Kafa sa ambasadorkom Belgije u Evropskoj ku\u0107i bila je savr\u0161ena prilika za razgovor, kafu i razgibavanje.<\/strong><\/p>\n<p>Ambasadorka Belgije, <strong>Keti Bugenhaut<\/strong>, podijelia je sa nama vrijednosti sportskog duha, a kroz poneku laganu vje\u017ebu, takmi\u010denje za one malo vje\u0161tije, pi\u0107e i belgijske ukuse, saznali smo vi\u0161e i o njenom li\u010dnom i karijernom putu.<\/p>\n<blockquote><p>Belgija predsjedava Savjetom Evropske unije tokom prve polovine 2024. godine, do 30. juna.<\/p><\/blockquote>\n<p>&#8221;Belgija ima \u0161est prioriteta predsjedavanja za ovo polugodi\u0161te: odbrana vladavine prava, demokratije i jedinstva, ja\u010danje konkurentnosti, zelena i pravedna tranzicija, ja\u010danje socijalne i zdravstvene agende, za\u0161tita ljudi i granica i promovisanje globalne Evrope&#8221;, kazala je ambasadorka Bugenhaut i dodala da &#8221;Evropa treba da ostane jaka i postane jo\u0161 ja\u010da&#8221;.<\/p>\n<p><img fetchpriority=\"high\" decoding=\"async\" class=\"alignnone size-large wp-image-28904\" src=\"https:\/\/evropskakuca.me\/wp-content\/uploads\/2024\/03\/FRO_5926-1024x683.jpg\" alt=\"\" width=\"1024\" height=\"683\" \/><\/p>\n<p>U okviru doga\u0111aja &#8220;Kafa sa ambasadorkom Belgije&#8221;,\u00a0ambasadorka je govorila o njenoj predivnoj zemlji, o zdravim stilovima \u017eivota, o mentalnom ali i fizi\u010dkom zdravlju.<\/p>\n<p>&#8221;Sport je oduvijek bio va\u017ean dio mog \u017eivota. Smatram da je klju\u010dno omogu\u0107iti \u017eenama jednake \u0161anse i podr\u017eati ih. Sport je va\u017ean\u00a0 za mentalno zdravlje&#8221;, istakla je ambasadorka Bugenhaut.<\/p>\n\n<blockquote><p>Kako je kazala ambasadorka,\u00a0va\u017eno je\u00a0i\u00a0da ljudi budu sre\u0107ni i da rade ono \u0161to ih \u010dini sre\u0107nima jer sre\u0107a dolazi u razli\u010ditim oblicima.<\/p><\/blockquote>\n<p>&#8221;Za mene je sport sre\u0107a&#8221;, dodala je ambasadorka Bugenhaut kroz smijeh.<\/p>\n<blockquote><p>Ambasadorka nam je otkrila kako se &#8221;zaljubila&#8221; u ragbi\u00a0 i na\u0161la se me\u0111u 15 najboljih ragbi igra\u010dica na svijetu.<\/p><\/blockquote>\n<p>&#8221;Kroz ragbi pomjerate sopstvene granice ali to ne radite sami. Dio ste tima. Tim je svugdje oko nas. Tim je su\u0161tina&#8221;, istakla je ona.<\/p>\n\n<p>Ambasadorka Bugenhaut kroz svoj rad promovi\u0161e inkluzivnost i ravnopravnost u svim oblastima, uklju\u010duju\u0107i i sport.<\/p>\n<p>&#8221;Budite svoji&#8221;, poru\u010dila je ambasadorka mladima.<\/p>\n<blockquote><p>\u00a0U okviru doga\u0111aja pro\u0161etali smo Belgijom i kroz strip. Otvorili smo izlo\u017ebu &#8221;Belgijom kroz strip&#8221; koja prikazuje dinamiku belgijskih autora i evoluciju jedne umjetnosti.<\/p><\/blockquote>\n\n<p>U\u00a0sklopu\u00a0doga\u0111aja imali smo i takmi\u010denje u sklekovima i izdr\u017eljivosti.<\/p>\n<p>Belgijanci su veliki ljubitelji kafe. Oni ve\u0107 dugo njeguju tradiciju kombinovanja kafe i \u010dokolade, svog nacionalnog blaga i ponosa. Zato smo danas pili belgijsku kafu Ray Jules koja je dobra za tijelo, kao i za planetu.<\/p>\n<p><img decoding=\"async\" class=\"alignnone size-large wp-image-28922\" src=\"https:\/\/evropskakuca.me\/wp-content\/uploads\/2024\/03\/FRO_5477-1024x683.jpg\" alt=\"\" width=\"1024\" height=\"683\" \/><\/p>\n<p>Proizvedena je kroz patentiranu metodu pe\u010denja solarnom energijom. \u010cuva cjelokupnu paletu ukusa i aroma iz ru\u010dno branih zrna.<\/p>\n<p>&#8220;Kafa sa ambasadorima&#8221; naziv je\u00a0 aktivnosti kojom Evropska ku\u0107a otvara svoja vrata gra\u0111anima i pru\u017ea im priliku da se upoznaju sa predstavnicima zemalja EU u Crnoj Gori i da kroz otvoren dijalog saznaju sve \u0161to ih interesuje.<\/p>\n","protected":false},"excerpt":{"rendered":"<p>Kafa sa ambasadorkom Belgije u Evropskoj ku\u0107i bila je savr\u0161ena prilika za razgovor, kafu i razgibavanje. Ambasadorka Belgije, Keti Bugenhaut, podijelia je sa nama vrijednosti sportskog duha, a kroz poneku laganu vje\u017ebu, takmi\u010denje za one malo vje\u0161tije, pi\u0107e i belgijske ukuse, saznali smo vi\u0161e i o njenom li\u010dnom i karijernom putu. Belgija predsjedava Savjetom Evropske [&hellip;]<\/p>\n","protected":false},"author":1,"featured_media":40745,"comment_status":"closed","ping_status":"closed","sticky":false,"template":"","format":"standard","meta":{"_acf_changed":false,"footnotes":""},"categories":[],"tags":[],"class_list":["post-28901","post","type-post","status-publish","format-standard","has-post-thumbnail","hentry"],"acf":[],"yoast_head":"<!-- This site is optimized with the Yoast SEO plugin v27.3 - https:\/\/yoast.com\/product\/yoast-seo-wordpress\/ -->\n<title>Sportski duh, mirisi i ukusi Belgije u Evropskoj ku\u0107i - Europe House<\/title>\n<meta name=\"robots\" content=\"index, follow, max-snippet:-1, max-image-preview:large, max-video-preview:-1\" \/>\n<link rel=\"canonical\" href=\"https:\/\/www.evropskakuca.me\/me\/sportski-duh-mirisi-i-ukusi-belgije-u-evropskoj-kuci\/\" \/>\n<meta property=\"og:locale\" content=\"en_US\" \/>\n<meta property=\"og:type\" content=\"article\" \/>\n<meta property=\"og:title\" content=\"Sportski duh, mirisi i ukusi Belgije u Evropskoj ku\u0107i - Europe House\" \/>\n<meta property=\"og:description\" content=\"Kafa sa ambasadorkom Belgije u Evropskoj ku\u0107i bila je savr\u0161ena prilika za razgovor, kafu i razgibavanje. Ambasadorka Belgije, Keti Bugenhaut, podijelia je sa nama vrijednosti sportskog duha, a kroz poneku laganu vje\u017ebu, takmi\u010denje za one malo vje\u0161tije, pi\u0107e i belgijske ukuse, saznali smo vi\u0161e i o njenom li\u010dnom i karijernom putu. Belgija predsjedava Savjetom Evropske [&hellip;]\" \/>\n<meta property=\"og:url\" content=\"https:\/\/www.evropskakuca.me\/me\/sportski-duh-mirisi-i-ukusi-belgije-u-evropskoj-kuci\/\" \/>\n<meta property=\"og:site_name\" content=\"Europe House\" \/>\n<meta property=\"article:publisher\" content=\"https:\/\/www.facebook.com\/evropska.kuca\" \/>\n<meta property=\"article:published_time\" content=\"2024-03-15T15:09:14+00:00\" \/>\n<meta property=\"og:image\" content=\"https:\/\/www.evropskakuca.me\/wp-content\/uploads\/2024\/03\/FRO_6052.jpg\" \/>\n\t<meta property=\"og:image:width\" content=\"2560\" \/>\n\t<meta property=\"og:image:height\" content=\"1707\" \/>\n\t<meta property=\"og:image:type\" content=\"image\/jpeg\" \/>\n<meta name=\"author\" content=\"mkajic\" \/>\n<meta name=\"twitter:card\" content=\"summary_large_image\" \/>\n<meta name=\"twitter:creator\" content=\"@evropska_kuca\" \/>\n<meta name=\"twitter:site\" content=\"@evropska_kuca\" \/>\n<meta name=\"twitter:label1\" content=\"Written by\" \/>\n\t<meta name=\"twitter:data1\" content=\"mkajic\" \/>\n\t<meta name=\"twitter:label2\" content=\"Est. reading time\" \/>\n\t<meta name=\"twitter:data2\" content=\"3 minutes\" \/>\n<script type=\"application\/ld+json\" class=\"yoast-schema-graph\">{\"@context\":\"https:\\\/\\\/schema.org\",\"@graph\":[{\"@type\":\"Article\",\"@id\":\"https:\\\/\\\/www.evropskakuca.me\\\/me\\\/sportski-duh-mirisi-i-ukusi-belgije-u-evropskoj-kuci\\\/#article\",\"isPartOf\":{\"@id\":\"https:\\\/\\\/www.evropskakuca.me\\\/me\\\/sportski-duh-mirisi-i-ukusi-belgije-u-evropskoj-kuci\\\/\"},\"author\":{\"name\":\"mkajic\",\"@id\":\"https:\\\/\\\/www.evropskakuca.me\\\/me\\\/#\\\/schema\\\/person\\\/a1d0dcdaefe4a1cd1d60d200ea137ba4\"},\"headline\":\"Sportski duh, mirisi i ukusi Belgije u Evropskoj ku\u0107i\",\"datePublished\":\"2024-03-15T15:09:14+00:00\",\"mainEntityOfPage\":{\"@id\":\"https:\\\/\\\/www.evropskakuca.me\\\/me\\\/sportski-duh-mirisi-i-ukusi-belgije-u-evropskoj-kuci\\\/\"},\"wordCount\":458,\"publisher\":{\"@id\":\"https:\\\/\\\/www.evropskakuca.me\\\/me\\\/#organization\"},\"image\":{\"@id\":\"https:\\\/\\\/www.evropskakuca.me\\\/me\\\/sportski-duh-mirisi-i-ukusi-belgije-u-evropskoj-kuci\\\/#primaryimage\"},\"thumbnailUrl\":\"https:\\\/\\\/www.evropskakuca.me\\\/wp-content\\\/uploads\\\/2024\\\/03\\\/FRO_6052.jpg\",\"inLanguage\":\"me-ME\"},{\"@type\":\"WebPage\",\"@id\":\"https:\\\/\\\/www.evropskakuca.me\\\/me\\\/sportski-duh-mirisi-i-ukusi-belgije-u-evropskoj-kuci\\\/\",\"url\":\"https:\\\/\\\/www.evropskakuca.me\\\/me\\\/sportski-duh-mirisi-i-ukusi-belgije-u-evropskoj-kuci\\\/\",\"name\":\"Sportski duh, mirisi i ukusi Belgije u Evropskoj ku\u0107i - Europe House\",\"isPartOf\":{\"@id\":\"https:\\\/\\\/www.evropskakuca.me\\\/me\\\/#website\"},\"primaryImageOfPage\":{\"@id\":\"https:\\\/\\\/www.evropskakuca.me\\\/me\\\/sportski-duh-mirisi-i-ukusi-belgije-u-evropskoj-kuci\\\/#primaryimage\"},\"image\":{\"@id\":\"https:\\\/\\\/www.evropskakuca.me\\\/me\\\/sportski-duh-mirisi-i-ukusi-belgije-u-evropskoj-kuci\\\/#primaryimage\"},\"thumbnailUrl\":\"https:\\\/\\\/www.evropskakuca.me\\\/wp-content\\\/uploads\\\/2024\\\/03\\\/FRO_6052.jpg\",\"datePublished\":\"2024-03-15T15:09:14+00:00\",\"breadcrumb\":{\"@id\":\"https:\\\/\\\/www.evropskakuca.me\\\/me\\\/sportski-duh-mirisi-i-ukusi-belgije-u-evropskoj-kuci\\\/#breadcrumb\"},\"inLanguage\":\"me-ME\",\"potentialAction\":[{\"@type\":\"ReadAction\",\"target\":[\"https:\\\/\\\/www.evropskakuca.me\\\/me\\\/sportski-duh-mirisi-i-ukusi-belgije-u-evropskoj-kuci\\\/\"]}]},{\"@type\":\"ImageObject\",\"inLanguage\":\"me-ME\",\"@id\":\"https:\\\/\\\/www.evropskakuca.me\\\/me\\\/sportski-duh-mirisi-i-ukusi-belgije-u-evropskoj-kuci\\\/#primaryimage\",\"url\":\"https:\\\/\\\/www.evropskakuca.me\\\/wp-content\\\/uploads\\\/2024\\\/03\\\/FRO_6052.jpg\",\"contentUrl\":\"https:\\\/\\\/www.evropskakuca.me\\\/wp-content\\\/uploads\\\/2024\\\/03\\\/FRO_6052.jpg\",\"width\":2560,\"height\":1707},{\"@type\":\"BreadcrumbList\",\"@id\":\"https:\\\/\\\/www.evropskakuca.me\\\/me\\\/sportski-duh-mirisi-i-ukusi-belgije-u-evropskoj-kuci\\\/#breadcrumb\",\"itemListElement\":[{\"@type\":\"ListItem\",\"position\":1,\"name\":\"Home\",\"item\":\"https:\\\/\\\/www.evropskakuca.me\\\/me\\\/\"},{\"@type\":\"ListItem\",\"position\":2,\"name\":\"Sportski duh, mirisi i ukusi Belgije u Evropskoj ku\u0107i\"}]},{\"@type\":\"WebSite\",\"@id\":\"https:\\\/\\\/www.evropskakuca.me\\\/me\\\/#website\",\"url\":\"https:\\\/\\\/www.evropskakuca.me\\\/me\\\/\",\"name\":\"Evropean house\",\"description\":\"\",\"publisher\":{\"@id\":\"https:\\\/\\\/www.evropskakuca.me\\\/me\\\/#organization\"},\"potentialAction\":[{\"@type\":\"SearchAction\",\"target\":{\"@type\":\"EntryPoint\",\"urlTemplate\":\"https:\\\/\\\/www.evropskakuca.me\\\/me\\\/?s={search_term_string}\"},\"query-input\":{\"@type\":\"PropertyValueSpecification\",\"valueRequired\":true,\"valueName\":\"search_term_string\"}}],\"inLanguage\":\"me-ME\"},{\"@type\":\"Organization\",\"@id\":\"https:\\\/\\\/www.evropskakuca.me\\\/me\\\/#organization\",\"name\":\"Evropean house\",\"url\":\"https:\\\/\\\/www.evropskakuca.me\\\/me\\\/\",\"logo\":{\"@type\":\"ImageObject\",\"inLanguage\":\"me-ME\",\"@id\":\"https:\\\/\\\/www.evropskakuca.me\\\/me\\\/#\\\/schema\\\/logo\\\/image\\\/\",\"url\":\"https:\\\/\\\/www.evropskakuca.me\\\/wp-content\\\/uploads\\\/2025\\\/01\\\/evropska-kuca-logo-1.png\",\"contentUrl\":\"https:\\\/\\\/www.evropskakuca.me\\\/wp-content\\\/uploads\\\/2025\\\/01\\\/evropska-kuca-logo-1.png\",\"width\":425,\"height\":312,\"caption\":\"Evropean house\"},\"image\":{\"@id\":\"https:\\\/\\\/www.evropskakuca.me\\\/me\\\/#\\\/schema\\\/logo\\\/image\\\/\"},\"sameAs\":[\"https:\\\/\\\/www.facebook.com\\\/evropska.kuca\",\"https:\\\/\\\/x.com\\\/evropska_kuca\",\"https:\\\/\\\/www.instagram.com\\\/evropska_kuca\"]},{\"@type\":\"Person\",\"@id\":\"https:\\\/\\\/www.evropskakuca.me\\\/me\\\/#\\\/schema\\\/person\\\/a1d0dcdaefe4a1cd1d60d200ea137ba4\",\"name\":\"mkajic\",\"image\":{\"@type\":\"ImageObject\",\"inLanguage\":\"me-ME\",\"@id\":\"https:\\\/\\\/secure.gravatar.com\\\/avatar\\\/731fa035cefab7316e6bafd1f25a93fb731a07de14e2d9923f8db4422628eabc?s=96&d=mm&r=g\",\"url\":\"https:\\\/\\\/secure.gravatar.com\\\/avatar\\\/731fa035cefab7316e6bafd1f25a93fb731a07de14e2d9923f8db4422628eabc?s=96&d=mm&r=g\",\"contentUrl\":\"https:\\\/\\\/secure.gravatar.com\\\/avatar\\\/731fa035cefab7316e6bafd1f25a93fb731a07de14e2d9923f8db4422628eabc?s=96&d=mm&r=g\",\"caption\":\"mkajic\"},\"sameAs\":[\"https:\\\/\\\/evropskakuca.me\"],\"url\":\"https:\\\/\\\/www.evropskakuca.me\\\/me\\\/author\\\/mkajic\\\/\"}]}<\/script>\n<!-- \/ Yoast SEO plugin. -->","yoast_head_json":{"title":"Sportski duh, mirisi i ukusi Belgije u Evropskoj ku\u0107i - Europe House","robots":{"index":"index","follow":"follow","max-snippet":"max-snippet:-1","max-image-preview":"max-image-preview:large","max-video-preview":"max-video-preview:-1"},"canonical":"https:\/\/www.evropskakuca.me\/me\/sportski-duh-mirisi-i-ukusi-belgije-u-evropskoj-kuci\/","og_locale":"en_US","og_type":"article","og_title":"Sportski duh, mirisi i ukusi Belgije u Evropskoj ku\u0107i - Europe House","og_description":"Kafa sa ambasadorkom Belgije u Evropskoj ku\u0107i bila je savr\u0161ena prilika za razgovor, kafu i razgibavanje. Ambasadorka Belgije, Keti Bugenhaut, podijelia je sa nama vrijednosti sportskog duha, a kroz poneku laganu vje\u017ebu, takmi\u010denje za one malo vje\u0161tije, pi\u0107e i belgijske ukuse, saznali smo vi\u0161e i o njenom li\u010dnom i karijernom putu. Belgija predsjedava Savjetom Evropske [&hellip;]","og_url":"https:\/\/www.evropskakuca.me\/me\/sportski-duh-mirisi-i-ukusi-belgije-u-evropskoj-kuci\/","og_site_name":"Europe House","article_publisher":"https:\/\/www.facebook.com\/evropska.kuca","article_published_time":"2024-03-15T15:09:14+00:00","og_image":[{"width":2560,"height":1707,"url":"https:\/\/www.evropskakuca.me\/wp-content\/uploads\/2024\/03\/FRO_6052.jpg","type":"image\/jpeg"}],"author":"mkajic","twitter_card":"summary_large_image","twitter_creator":"@evropska_kuca","twitter_site":"@evropska_kuca","twitter_misc":{"Written by":"mkajic","Est. reading time":"3 minutes"},"schema":{"@context":"https:\/\/schema.org","@graph":[{"@type":"Article","@id":"https:\/\/www.evropskakuca.me\/me\/sportski-duh-mirisi-i-ukusi-belgije-u-evropskoj-kuci\/#article","isPartOf":{"@id":"https:\/\/www.evropskakuca.me\/me\/sportski-duh-mirisi-i-ukusi-belgije-u-evropskoj-kuci\/"},"author":{"name":"mkajic","@id":"https:\/\/www.evropskakuca.me\/me\/#\/schema\/person\/a1d0dcdaefe4a1cd1d60d200ea137ba4"},"headline":"Sportski duh, mirisi i ukusi Belgije u Evropskoj ku\u0107i","datePublished":"2024-03-15T15:09:14+00:00","mainEntityOfPage":{"@id":"https:\/\/www.evropskakuca.me\/me\/sportski-duh-mirisi-i-ukusi-belgije-u-evropskoj-kuci\/"},"wordCount":458,"publisher":{"@id":"https:\/\/www.evropskakuca.me\/me\/#organization"},"image":{"@id":"https:\/\/www.evropskakuca.me\/me\/sportski-duh-mirisi-i-ukusi-belgije-u-evropskoj-kuci\/#primaryimage"},"thumbnailUrl":"https:\/\/www.evropskakuca.me\/wp-content\/uploads\/2024\/03\/FRO_6052.jpg","inLanguage":"me-ME"},{"@type":"WebPage","@id":"https:\/\/www.evropskakuca.me\/me\/sportski-duh-mirisi-i-ukusi-belgije-u-evropskoj-kuci\/","url":"https:\/\/www.evropskakuca.me\/me\/sportski-duh-mirisi-i-ukusi-belgije-u-evropskoj-kuci\/","name":"Sportski duh, mirisi i ukusi Belgije u Evropskoj ku\u0107i - Europe House","isPartOf":{"@id":"https:\/\/www.evropskakuca.me\/me\/#website"},"primaryImageOfPage":{"@id":"https:\/\/www.evropskakuca.me\/me\/sportski-duh-mirisi-i-ukusi-belgije-u-evropskoj-kuci\/#primaryimage"},"image":{"@id":"https:\/\/www.evropskakuca.me\/me\/sportski-duh-mirisi-i-ukusi-belgije-u-evropskoj-kuci\/#primaryimage"},"thumbnailUrl":"https:\/\/www.evropskakuca.me\/wp-content\/uploads\/2024\/03\/FRO_6052.jpg","datePublished":"2024-03-15T15:09:14+00:00","breadcrumb":{"@id":"https:\/\/www.evropskakuca.me\/me\/sportski-duh-mirisi-i-ukusi-belgije-u-evropskoj-kuci\/#breadcrumb"},"inLanguage":"me-ME","potentialAction":[{"@type":"ReadAction","target":["https:\/\/www.evropskakuca.me\/me\/sportski-duh-mirisi-i-ukusi-belgije-u-evropskoj-kuci\/"]}]},{"@type":"ImageObject","inLanguage":"me-ME","@id":"https:\/\/www.evropskakuca.me\/me\/sportski-duh-mirisi-i-ukusi-belgije-u-evropskoj-kuci\/#primaryimage","url":"https:\/\/www.evropskakuca.me\/wp-content\/uploads\/2024\/03\/FRO_6052.jpg","contentUrl":"https:\/\/www.evropskakuca.me\/wp-content\/uploads\/2024\/03\/FRO_6052.jpg","width":2560,"height":1707},{"@type":"BreadcrumbList","@id":"https:\/\/www.evropskakuca.me\/me\/sportski-duh-mirisi-i-ukusi-belgije-u-evropskoj-kuci\/#breadcrumb","itemListElement":[{"@type":"ListItem","position":1,"name":"Home","item":"https:\/\/www.evropskakuca.me\/me\/"},{"@type":"ListItem","position":2,"name":"Sportski duh, mirisi i ukusi Belgije u Evropskoj ku\u0107i"}]},{"@type":"WebSite","@id":"https:\/\/www.evropskakuca.me\/me\/#website","url":"https:\/\/www.evropskakuca.me\/me\/","name":"Evropean house","description":"","publisher":{"@id":"https:\/\/www.evropskakuca.me\/me\/#organization"},"potentialAction":[{"@type":"SearchAction","target":{"@type":"EntryPoint","urlTemplate":"https:\/\/www.evropskakuca.me\/me\/?s={search_term_string}"},"query-input":{"@type":"PropertyValueSpecification","valueRequired":true,"valueName":"search_term_string"}}],"inLanguage":"me-ME"},{"@type":"Organization","@id":"https:\/\/www.evropskakuca.me\/me\/#organization","name":"Evropean house","url":"https:\/\/www.evropskakuca.me\/me\/","logo":{"@type":"ImageObject","inLanguage":"me-ME","@id":"https:\/\/www.evropskakuca.me\/me\/#\/schema\/logo\/image\/","url":"https:\/\/www.evropskakuca.me\/wp-content\/uploads\/2025\/01\/evropska-kuca-logo-1.png","contentUrl":"https:\/\/www.evropskakuca.me\/wp-content\/uploads\/2025\/01\/evropska-kuca-logo-1.png","width":425,"height":312,"caption":"Evropean house"},"image":{"@id":"https:\/\/www.evropskakuca.me\/me\/#\/schema\/logo\/image\/"},"sameAs":["https:\/\/www.facebook.com\/evropska.kuca","https:\/\/x.com\/evropska_kuca","https:\/\/www.instagram.com\/evropska_kuca"]},{"@type":"Person","@id":"https:\/\/www.evropskakuca.me\/me\/#\/schema\/person\/a1d0dcdaefe4a1cd1d60d200ea137ba4","name":"mkajic","image":{"@type":"ImageObject","inLanguage":"me-ME","@id":"https:\/\/secure.gravatar.com\/avatar\/731fa035cefab7316e6bafd1f25a93fb731a07de14e2d9923f8db4422628eabc?s=96&d=mm&r=g","url":"https:\/\/secure.gravatar.com\/avatar\/731fa035cefab7316e6bafd1f25a93fb731a07de14e2d9923f8db4422628eabc?s=96&d=mm&r=g","contentUrl":"https:\/\/secure.gravatar.com\/avatar\/731fa035cefab7316e6bafd1f25a93fb731a07de14e2d9923f8db4422628eabc?s=96&d=mm&r=g","caption":"mkajic"},"sameAs":["https:\/\/evropskakuca.me"],"url":"https:\/\/www.evropskakuca.me\/me\/author\/mkajic\/"}]}},"_links":{"self":[{"href":"https:\/\/www.evropskakuca.me\/me\/wp-json\/wp\/v2\/posts\/28901","targetHints":{"allow":["GET"]}}],"collection":[{"href":"https:\/\/www.evropskakuca.me\/me\/wp-json\/wp\/v2\/posts"}],"about":[{"href":"https:\/\/www.evropskakuca.me\/me\/wp-json\/wp\/v2\/types\/post"}],"author":[{"embeddable":true,"href":"https:\/\/www.evropskakuca.me\/me\/wp-json\/wp\/v2\/users\/1"}],"replies":[{"embeddable":true,"href":"https:\/\/www.evropskakuca.me\/me\/wp-json\/wp\/v2\/comments?post=28901"}],"version-history":[{"count":0,"href":"https:\/\/www.evropskakuca.me\/me\/wp-json\/wp\/v2\/posts\/28901\/revisions"}],"wp:featuredmedia":[{"embeddable":true,"href":"https:\/\/www.evropskakuca.me\/me\/wp-json\/wp\/v2\/media\/40745"}],"wp:attachment":[{"href":"https:\/\/www.evropskakuca.me\/me\/wp-json\/wp\/v2\/media?parent=28901"}],"wp:term":[{"taxonomy":"category","embeddable":true,"href":"https:\/\/www.evropskakuca.me\/me\/wp-json\/wp\/v2\/categories?post=28901"},{"taxonomy":"post_tag","embeddable":true,"href":"https:\/\/www.evropskakuca.me\/me\/wp-json\/wp\/v2\/tags?post=28901"}],"curies":[{"name":"wp","href":"https:\/\/api.w.org\/{rel}","templated":true}]}}