{"id":28778,"date":"2024-03-07T13:09:49","date_gmt":"2024-03-07T13:09:49","guid":{"rendered":"https:\/\/evropskakuca.me\/?p=28778"},"modified":"2025-02-10T10:16:06","modified_gmt":"2025-02-10T10:16:06","slug":"zlatovez-carolija-pod-prstima","status":"publish","type":"post","link":"https:\/\/www.evropskakuca.me\/me\/zlatovez-carolija-pod-prstima\/","title":{"rendered":"Tajna zlatoveza \u2013 \u010darolija pod prstima"},"content":{"rendered":"<p style=\"text-align: center;\"><strong>Razgovor za zlatoveziljom Biserkom Rai\u010devi\u0107<\/strong><\/p>\n<p>Biserka Rai\u010devi\u0107 je ljubav prema stvaranju utkala u svoje snove i postala zlatovezilja. Iako je ve\u0107i dio \u017eivota radila kao ekonomistkinja, iz hobija je nastavila da se bavi i tradicionalnim rukotvorinama koje je nau\u010dila u mladosti.<\/p>\n<p><img fetchpriority=\"high\" decoding=\"async\" class=\"alignnone size-large wp-image-28781\" src=\"https:\/\/evropskakuca.me\/wp-content\/uploads\/2024\/03\/Evropska-kuca-Biserka-1018x1024.png\" alt=\"\" width=\"1018\" height=\"1024\" \/><\/p>\n<p>Vi\u0161e od 18 godina posvetila je finansijama. No, u njoj je tinjala kreativnost, umjetni\u010dka du\u0161a i romanti\u010dnost, \u0161to je navelo da prona\u0111e novo zanimanje.\u00a0 Otvorila je butik sa vjen\u010danicama i sve\u010danim haljinama, \u010dime se uspje\u0161no bavila dugi niz godina.<\/p>\n<blockquote><p>Biserka je spojila finansijske poslove i ljepotu i romantiku vjen\u010danica, a onda je preciznost prvog i kreativnost drugog preto\u010dila u zlatovez.<\/p><\/blockquote>\n<p>&#8220;Za zlatovez treba 3 sata za 10 cm. Treba velika ljubav, preciznost, upornost i ta\u010dnost&#8221;, obja\u0161njava Biserka.<\/p>\n\n<blockquote><p>Njena nova vje\u0161tina je protkana podr\u0161kom Evropske unije jer je Biserka svoje znanje stekla u okviru radionice koja je organizovana kroz ReLoAD projekat.<\/p><\/blockquote>\n<p>&#8220;Valjda u nekim zrelijim godinama dodje i sre\u0107a pa sam veliku ljubav iz djetinjstva ostvarila sad sa zlatovezom&#8221;, kazala je Biserka.<\/p>\n<blockquote><p>Najve\u0107a podr\u0161ka joj je porodica: suprug, djeca i unuk.<\/p><\/blockquote>\n<p>Ponosna je i na profesionalno priznanje koje je primila za poseban doprinos o\u010duvanju i razvoju crnogorskog zlatoveza.<\/p>\n<p>Njena poruka za \u017eene i djevojke je jednostavna: &#8220;Promijenite profesiju i bavite se poslom koji vas ispunjava. Sre\u0107a je klju\u010dna&#8221;.<\/p>\n<p>Biserka vjeruje da svako \u017eivotno doba nosi svoju ljepotu. U njenim godinama, ljepota le\u017ei u u\u017eivanju sa svojom porodicom i u radu koji\u00a0 voli i koji je ispunjava.<\/p>\n<p><img decoding=\"async\" class=\"alignnone size-large wp-image-28660\" src=\"https:\/\/evropskakuca.me\/wp-content\/uploads\/2024\/03\/Evropska-kuca-1-2560x1440-1-1024x576.jpg\" alt=\"\" width=\"1024\" height=\"576\" \/><\/p>\n","protected":false},"excerpt":{"rendered":"<p>Razgovor za zlatoveziljom Biserkom Rai\u010devi\u0107 Biserka Rai\u010devi\u0107 je ljubav prema stvaranju utkala u svoje snove i postala zlatovezilja. Iako je ve\u0107i dio \u017eivota radila kao ekonomistkinja, iz hobija je nastavila da se bavi i tradicionalnim rukotvorinama koje je nau\u010dila u mladosti. Vi\u0161e od 18 godina posvetila je finansijama. No, u njoj je tinjala kreativnost, umjetni\u010dka [&hellip;]<\/p>\n","protected":false},"author":1,"featured_media":40673,"comment_status":"closed","ping_status":"closed","sticky":false,"template":"","format":"standard","meta":{"_acf_changed":false,"footnotes":""},"categories":[2],"tags":[],"class_list":["post-28778","post","type-post","status-publish","format-standard","has-post-thumbnail","hentry","category-uncategorized-me"],"acf":[],"yoast_head":"<!-- This site is optimized with the Yoast SEO plugin v27.3 - https:\/\/yoast.com\/product\/yoast-seo-wordpress\/ -->\n<title>Tajna zlatoveza \u2013 \u010darolija pod prstima - Europe House<\/title>\n<meta name=\"robots\" content=\"index, follow, max-snippet:-1, max-image-preview:large, max-video-preview:-1\" \/>\n<link rel=\"canonical\" href=\"https:\/\/www.evropskakuca.me\/me\/zlatovez-carolija-pod-prstima\/\" \/>\n<meta property=\"og:locale\" content=\"en_US\" \/>\n<meta property=\"og:type\" content=\"article\" \/>\n<meta property=\"og:title\" content=\"Tajna zlatoveza \u2013 \u010darolija pod prstima - Europe House\" \/>\n<meta property=\"og:description\" content=\"Razgovor za zlatoveziljom Biserkom Rai\u010devi\u0107 Biserka Rai\u010devi\u0107 je ljubav prema stvaranju utkala u svoje snove i postala zlatovezilja. Iako je ve\u0107i dio \u017eivota radila kao ekonomistkinja, iz hobija je nastavila da se bavi i tradicionalnim rukotvorinama koje je nau\u010dila u mladosti. Vi\u0161e od 18 godina posvetila je finansijama. No, u njoj je tinjala kreativnost, umjetni\u010dka [&hellip;]\" \/>\n<meta property=\"og:url\" content=\"https:\/\/www.evropskakuca.me\/me\/zlatovez-carolija-pod-prstima\/\" \/>\n<meta property=\"og:site_name\" content=\"Europe House\" \/>\n<meta property=\"article:publisher\" content=\"https:\/\/www.facebook.com\/evropska.kuca\" \/>\n<meta property=\"article:published_time\" content=\"2024-03-07T13:09:49+00:00\" \/>\n<meta property=\"article:modified_time\" content=\"2025-02-10T10:16:06+00:00\" \/>\n<meta property=\"og:image\" content=\"https:\/\/www.evropskakuca.me\/wp-content\/uploads\/2024\/03\/Biserka-Raicevic-1.jpg\" \/>\n\t<meta property=\"og:image:width\" content=\"2560\" \/>\n\t<meta property=\"og:image:height\" content=\"1707\" \/>\n\t<meta property=\"og:image:type\" content=\"image\/jpeg\" \/>\n<meta name=\"author\" content=\"mkajic\" \/>\n<meta name=\"twitter:card\" content=\"summary_large_image\" \/>\n<meta name=\"twitter:creator\" content=\"@evropska_kuca\" \/>\n<meta name=\"twitter:site\" content=\"@evropska_kuca\" \/>\n<meta name=\"twitter:label1\" content=\"Written by\" \/>\n\t<meta name=\"twitter:data1\" content=\"mkajic\" \/>\n\t<meta name=\"twitter:label2\" content=\"Est. reading time\" \/>\n\t<meta name=\"twitter:data2\" content=\"2 minutes\" \/>\n<script type=\"application\/ld+json\" class=\"yoast-schema-graph\">{\"@context\":\"https:\\\/\\\/schema.org\",\"@graph\":[{\"@type\":\"Article\",\"@id\":\"https:\\\/\\\/www.evropskakuca.me\\\/me\\\/zlatovez-carolija-pod-prstima\\\/#article\",\"isPartOf\":{\"@id\":\"https:\\\/\\\/www.evropskakuca.me\\\/me\\\/zlatovez-carolija-pod-prstima\\\/\"},\"author\":{\"name\":\"mkajic\",\"@id\":\"https:\\\/\\\/www.evropskakuca.me\\\/me\\\/#\\\/schema\\\/person\\\/a1d0dcdaefe4a1cd1d60d200ea137ba4\"},\"headline\":\"Tajna zlatoveza \u2013 \u010darolija pod prstima\",\"datePublished\":\"2024-03-07T13:09:49+00:00\",\"dateModified\":\"2025-02-10T10:16:06+00:00\",\"mainEntityOfPage\":{\"@id\":\"https:\\\/\\\/www.evropskakuca.me\\\/me\\\/zlatovez-carolija-pod-prstima\\\/\"},\"wordCount\":269,\"publisher\":{\"@id\":\"https:\\\/\\\/www.evropskakuca.me\\\/me\\\/#organization\"},\"image\":{\"@id\":\"https:\\\/\\\/www.evropskakuca.me\\\/me\\\/zlatovez-carolija-pod-prstima\\\/#primaryimage\"},\"thumbnailUrl\":\"https:\\\/\\\/www.evropskakuca.me\\\/wp-content\\\/uploads\\\/2024\\\/03\\\/Biserka-Raicevic-1.jpg\",\"articleSection\":[\"Uncategorized @me\"],\"inLanguage\":\"me-ME\"},{\"@type\":\"WebPage\",\"@id\":\"https:\\\/\\\/www.evropskakuca.me\\\/me\\\/zlatovez-carolija-pod-prstima\\\/\",\"url\":\"https:\\\/\\\/www.evropskakuca.me\\\/me\\\/zlatovez-carolija-pod-prstima\\\/\",\"name\":\"Tajna zlatoveza \u2013 \u010darolija pod prstima - Europe House\",\"isPartOf\":{\"@id\":\"https:\\\/\\\/www.evropskakuca.me\\\/me\\\/#website\"},\"primaryImageOfPage\":{\"@id\":\"https:\\\/\\\/www.evropskakuca.me\\\/me\\\/zlatovez-carolija-pod-prstima\\\/#primaryimage\"},\"image\":{\"@id\":\"https:\\\/\\\/www.evropskakuca.me\\\/me\\\/zlatovez-carolija-pod-prstima\\\/#primaryimage\"},\"thumbnailUrl\":\"https:\\\/\\\/www.evropskakuca.me\\\/wp-content\\\/uploads\\\/2024\\\/03\\\/Biserka-Raicevic-1.jpg\",\"datePublished\":\"2024-03-07T13:09:49+00:00\",\"dateModified\":\"2025-02-10T10:16:06+00:00\",\"breadcrumb\":{\"@id\":\"https:\\\/\\\/www.evropskakuca.me\\\/me\\\/zlatovez-carolija-pod-prstima\\\/#breadcrumb\"},\"inLanguage\":\"me-ME\",\"potentialAction\":[{\"@type\":\"ReadAction\",\"target\":[\"https:\\\/\\\/www.evropskakuca.me\\\/me\\\/zlatovez-carolija-pod-prstima\\\/\"]}]},{\"@type\":\"ImageObject\",\"inLanguage\":\"me-ME\",\"@id\":\"https:\\\/\\\/www.evropskakuca.me\\\/me\\\/zlatovez-carolija-pod-prstima\\\/#primaryimage\",\"url\":\"https:\\\/\\\/www.evropskakuca.me\\\/wp-content\\\/uploads\\\/2024\\\/03\\\/Biserka-Raicevic-1.jpg\",\"contentUrl\":\"https:\\\/\\\/www.evropskakuca.me\\\/wp-content\\\/uploads\\\/2024\\\/03\\\/Biserka-Raicevic-1.jpg\",\"width\":2560,\"height\":1707},{\"@type\":\"BreadcrumbList\",\"@id\":\"https:\\\/\\\/www.evropskakuca.me\\\/me\\\/zlatovez-carolija-pod-prstima\\\/#breadcrumb\",\"itemListElement\":[{\"@type\":\"ListItem\",\"position\":1,\"name\":\"Home\",\"item\":\"https:\\\/\\\/www.evropskakuca.me\\\/me\\\/\"},{\"@type\":\"ListItem\",\"position\":2,\"name\":\"Tajna zlatoveza \u2013 \u010darolija pod prstima\"}]},{\"@type\":\"WebSite\",\"@id\":\"https:\\\/\\\/www.evropskakuca.me\\\/me\\\/#website\",\"url\":\"https:\\\/\\\/www.evropskakuca.me\\\/me\\\/\",\"name\":\"Evropean house\",\"description\":\"\",\"publisher\":{\"@id\":\"https:\\\/\\\/www.evropskakuca.me\\\/me\\\/#organization\"},\"potentialAction\":[{\"@type\":\"SearchAction\",\"target\":{\"@type\":\"EntryPoint\",\"urlTemplate\":\"https:\\\/\\\/www.evropskakuca.me\\\/me\\\/?s={search_term_string}\"},\"query-input\":{\"@type\":\"PropertyValueSpecification\",\"valueRequired\":true,\"valueName\":\"search_term_string\"}}],\"inLanguage\":\"me-ME\"},{\"@type\":\"Organization\",\"@id\":\"https:\\\/\\\/www.evropskakuca.me\\\/me\\\/#organization\",\"name\":\"Evropean house\",\"url\":\"https:\\\/\\\/www.evropskakuca.me\\\/me\\\/\",\"logo\":{\"@type\":\"ImageObject\",\"inLanguage\":\"me-ME\",\"@id\":\"https:\\\/\\\/www.evropskakuca.me\\\/me\\\/#\\\/schema\\\/logo\\\/image\\\/\",\"url\":\"https:\\\/\\\/www.evropskakuca.me\\\/wp-content\\\/uploads\\\/2025\\\/01\\\/evropska-kuca-logo-1.png\",\"contentUrl\":\"https:\\\/\\\/www.evropskakuca.me\\\/wp-content\\\/uploads\\\/2025\\\/01\\\/evropska-kuca-logo-1.png\",\"width\":425,\"height\":312,\"caption\":\"Evropean house\"},\"image\":{\"@id\":\"https:\\\/\\\/www.evropskakuca.me\\\/me\\\/#\\\/schema\\\/logo\\\/image\\\/\"},\"sameAs\":[\"https:\\\/\\\/www.facebook.com\\\/evropska.kuca\",\"https:\\\/\\\/x.com\\\/evropska_kuca\",\"https:\\\/\\\/www.instagram.com\\\/evropska_kuca\"]},{\"@type\":\"Person\",\"@id\":\"https:\\\/\\\/www.evropskakuca.me\\\/me\\\/#\\\/schema\\\/person\\\/a1d0dcdaefe4a1cd1d60d200ea137ba4\",\"name\":\"mkajic\",\"image\":{\"@type\":\"ImageObject\",\"inLanguage\":\"me-ME\",\"@id\":\"https:\\\/\\\/secure.gravatar.com\\\/avatar\\\/731fa035cefab7316e6bafd1f25a93fb731a07de14e2d9923f8db4422628eabc?s=96&d=mm&r=g\",\"url\":\"https:\\\/\\\/secure.gravatar.com\\\/avatar\\\/731fa035cefab7316e6bafd1f25a93fb731a07de14e2d9923f8db4422628eabc?s=96&d=mm&r=g\",\"contentUrl\":\"https:\\\/\\\/secure.gravatar.com\\\/avatar\\\/731fa035cefab7316e6bafd1f25a93fb731a07de14e2d9923f8db4422628eabc?s=96&d=mm&r=g\",\"caption\":\"mkajic\"},\"sameAs\":[\"https:\\\/\\\/evropskakuca.me\"],\"url\":\"https:\\\/\\\/www.evropskakuca.me\\\/me\\\/author\\\/mkajic\\\/\"}]}<\/script>\n<!-- \/ Yoast SEO plugin. -->","yoast_head_json":{"title":"Tajna zlatoveza \u2013 \u010darolija pod prstima - Europe House","robots":{"index":"index","follow":"follow","max-snippet":"max-snippet:-1","max-image-preview":"max-image-preview:large","max-video-preview":"max-video-preview:-1"},"canonical":"https:\/\/www.evropskakuca.me\/me\/zlatovez-carolija-pod-prstima\/","og_locale":"en_US","og_type":"article","og_title":"Tajna zlatoveza \u2013 \u010darolija pod prstima - Europe House","og_description":"Razgovor za zlatoveziljom Biserkom Rai\u010devi\u0107 Biserka Rai\u010devi\u0107 je ljubav prema stvaranju utkala u svoje snove i postala zlatovezilja. Iako je ve\u0107i dio \u017eivota radila kao ekonomistkinja, iz hobija je nastavila da se bavi i tradicionalnim rukotvorinama koje je nau\u010dila u mladosti. Vi\u0161e od 18 godina posvetila je finansijama. No, u njoj je tinjala kreativnost, umjetni\u010dka [&hellip;]","og_url":"https:\/\/www.evropskakuca.me\/me\/zlatovez-carolija-pod-prstima\/","og_site_name":"Europe House","article_publisher":"https:\/\/www.facebook.com\/evropska.kuca","article_published_time":"2024-03-07T13:09:49+00:00","article_modified_time":"2025-02-10T10:16:06+00:00","og_image":[{"width":2560,"height":1707,"url":"https:\/\/www.evropskakuca.me\/wp-content\/uploads\/2024\/03\/Biserka-Raicevic-1.jpg","type":"image\/jpeg"}],"author":"mkajic","twitter_card":"summary_large_image","twitter_creator":"@evropska_kuca","twitter_site":"@evropska_kuca","twitter_misc":{"Written by":"mkajic","Est. reading time":"2 minutes"},"schema":{"@context":"https:\/\/schema.org","@graph":[{"@type":"Article","@id":"https:\/\/www.evropskakuca.me\/me\/zlatovez-carolija-pod-prstima\/#article","isPartOf":{"@id":"https:\/\/www.evropskakuca.me\/me\/zlatovez-carolija-pod-prstima\/"},"author":{"name":"mkajic","@id":"https:\/\/www.evropskakuca.me\/me\/#\/schema\/person\/a1d0dcdaefe4a1cd1d60d200ea137ba4"},"headline":"Tajna zlatoveza \u2013 \u010darolija pod prstima","datePublished":"2024-03-07T13:09:49+00:00","dateModified":"2025-02-10T10:16:06+00:00","mainEntityOfPage":{"@id":"https:\/\/www.evropskakuca.me\/me\/zlatovez-carolija-pod-prstima\/"},"wordCount":269,"publisher":{"@id":"https:\/\/www.evropskakuca.me\/me\/#organization"},"image":{"@id":"https:\/\/www.evropskakuca.me\/me\/zlatovez-carolija-pod-prstima\/#primaryimage"},"thumbnailUrl":"https:\/\/www.evropskakuca.me\/wp-content\/uploads\/2024\/03\/Biserka-Raicevic-1.jpg","articleSection":["Uncategorized @me"],"inLanguage":"me-ME"},{"@type":"WebPage","@id":"https:\/\/www.evropskakuca.me\/me\/zlatovez-carolija-pod-prstima\/","url":"https:\/\/www.evropskakuca.me\/me\/zlatovez-carolija-pod-prstima\/","name":"Tajna zlatoveza \u2013 \u010darolija pod prstima - Europe House","isPartOf":{"@id":"https:\/\/www.evropskakuca.me\/me\/#website"},"primaryImageOfPage":{"@id":"https:\/\/www.evropskakuca.me\/me\/zlatovez-carolija-pod-prstima\/#primaryimage"},"image":{"@id":"https:\/\/www.evropskakuca.me\/me\/zlatovez-carolija-pod-prstima\/#primaryimage"},"thumbnailUrl":"https:\/\/www.evropskakuca.me\/wp-content\/uploads\/2024\/03\/Biserka-Raicevic-1.jpg","datePublished":"2024-03-07T13:09:49+00:00","dateModified":"2025-02-10T10:16:06+00:00","breadcrumb":{"@id":"https:\/\/www.evropskakuca.me\/me\/zlatovez-carolija-pod-prstima\/#breadcrumb"},"inLanguage":"me-ME","potentialAction":[{"@type":"ReadAction","target":["https:\/\/www.evropskakuca.me\/me\/zlatovez-carolija-pod-prstima\/"]}]},{"@type":"ImageObject","inLanguage":"me-ME","@id":"https:\/\/www.evropskakuca.me\/me\/zlatovez-carolija-pod-prstima\/#primaryimage","url":"https:\/\/www.evropskakuca.me\/wp-content\/uploads\/2024\/03\/Biserka-Raicevic-1.jpg","contentUrl":"https:\/\/www.evropskakuca.me\/wp-content\/uploads\/2024\/03\/Biserka-Raicevic-1.jpg","width":2560,"height":1707},{"@type":"BreadcrumbList","@id":"https:\/\/www.evropskakuca.me\/me\/zlatovez-carolija-pod-prstima\/#breadcrumb","itemListElement":[{"@type":"ListItem","position":1,"name":"Home","item":"https:\/\/www.evropskakuca.me\/me\/"},{"@type":"ListItem","position":2,"name":"Tajna zlatoveza \u2013 \u010darolija pod prstima"}]},{"@type":"WebSite","@id":"https:\/\/www.evropskakuca.me\/me\/#website","url":"https:\/\/www.evropskakuca.me\/me\/","name":"Evropean house","description":"","publisher":{"@id":"https:\/\/www.evropskakuca.me\/me\/#organization"},"potentialAction":[{"@type":"SearchAction","target":{"@type":"EntryPoint","urlTemplate":"https:\/\/www.evropskakuca.me\/me\/?s={search_term_string}"},"query-input":{"@type":"PropertyValueSpecification","valueRequired":true,"valueName":"search_term_string"}}],"inLanguage":"me-ME"},{"@type":"Organization","@id":"https:\/\/www.evropskakuca.me\/me\/#organization","name":"Evropean house","url":"https:\/\/www.evropskakuca.me\/me\/","logo":{"@type":"ImageObject","inLanguage":"me-ME","@id":"https:\/\/www.evropskakuca.me\/me\/#\/schema\/logo\/image\/","url":"https:\/\/www.evropskakuca.me\/wp-content\/uploads\/2025\/01\/evropska-kuca-logo-1.png","contentUrl":"https:\/\/www.evropskakuca.me\/wp-content\/uploads\/2025\/01\/evropska-kuca-logo-1.png","width":425,"height":312,"caption":"Evropean house"},"image":{"@id":"https:\/\/www.evropskakuca.me\/me\/#\/schema\/logo\/image\/"},"sameAs":["https:\/\/www.facebook.com\/evropska.kuca","https:\/\/x.com\/evropska_kuca","https:\/\/www.instagram.com\/evropska_kuca"]},{"@type":"Person","@id":"https:\/\/www.evropskakuca.me\/me\/#\/schema\/person\/a1d0dcdaefe4a1cd1d60d200ea137ba4","name":"mkajic","image":{"@type":"ImageObject","inLanguage":"me-ME","@id":"https:\/\/secure.gravatar.com\/avatar\/731fa035cefab7316e6bafd1f25a93fb731a07de14e2d9923f8db4422628eabc?s=96&d=mm&r=g","url":"https:\/\/secure.gravatar.com\/avatar\/731fa035cefab7316e6bafd1f25a93fb731a07de14e2d9923f8db4422628eabc?s=96&d=mm&r=g","contentUrl":"https:\/\/secure.gravatar.com\/avatar\/731fa035cefab7316e6bafd1f25a93fb731a07de14e2d9923f8db4422628eabc?s=96&d=mm&r=g","caption":"mkajic"},"sameAs":["https:\/\/evropskakuca.me"],"url":"https:\/\/www.evropskakuca.me\/me\/author\/mkajic\/"}]}},"_links":{"self":[{"href":"https:\/\/www.evropskakuca.me\/me\/wp-json\/wp\/v2\/posts\/28778","targetHints":{"allow":["GET"]}}],"collection":[{"href":"https:\/\/www.evropskakuca.me\/me\/wp-json\/wp\/v2\/posts"}],"about":[{"href":"https:\/\/www.evropskakuca.me\/me\/wp-json\/wp\/v2\/types\/post"}],"author":[{"embeddable":true,"href":"https:\/\/www.evropskakuca.me\/me\/wp-json\/wp\/v2\/users\/1"}],"replies":[{"embeddable":true,"href":"https:\/\/www.evropskakuca.me\/me\/wp-json\/wp\/v2\/comments?post=28778"}],"version-history":[{"count":1,"href":"https:\/\/www.evropskakuca.me\/me\/wp-json\/wp\/v2\/posts\/28778\/revisions"}],"predecessor-version":[{"id":42963,"href":"https:\/\/www.evropskakuca.me\/me\/wp-json\/wp\/v2\/posts\/28778\/revisions\/42963"}],"wp:featuredmedia":[{"embeddable":true,"href":"https:\/\/www.evropskakuca.me\/me\/wp-json\/wp\/v2\/media\/40673"}],"wp:attachment":[{"href":"https:\/\/www.evropskakuca.me\/me\/wp-json\/wp\/v2\/media?parent=28778"}],"wp:term":[{"taxonomy":"category","embeddable":true,"href":"https:\/\/www.evropskakuca.me\/me\/wp-json\/wp\/v2\/categories?post=28778"},{"taxonomy":"post_tag","embeddable":true,"href":"https:\/\/www.evropskakuca.me\/me\/wp-json\/wp\/v2\/tags?post=28778"}],"curies":[{"name":"wp","href":"https:\/\/api.w.org\/{rel}","templated":true}]}}