{"id":28764,"date":"2024-03-07T12:40:06","date_gmt":"2024-03-07T12:40:06","guid":{"rendered":"https:\/\/evropskakuca.me\/?p=28764"},"modified":"2024-03-07T12:40:06","modified_gmt":"2024-03-07T12:40:06","slug":"vjerujem-u-sebe-svoje-sposobnosti-i-svoje-vjestine","status":"publish","type":"post","link":"https:\/\/www.evropskakuca.me\/me\/vjerujem-u-sebe-svoje-sposobnosti-i-svoje-vjestine\/","title":{"rendered":"Vjerujem u sebe, svoje sposobnosti i svoje vjes\u030ctine"},"content":{"rendered":"<p style=\"text-align: center;\"><strong>Razgovor sa grafi\u010dkom dizajnerkom Sla\u0111anom Nokovi\u0107<\/strong><\/p>\n<p>&#8220;Kreativna, empatic\u030cna i samokritic\u030cna, to sam ja&#8221;, ovako po\u010dinje na\u0161 razgovor sa grafi\u010dkom dizajnerkom Sla\u0111anom Nokovi\u0107.<\/p>\n<p>Sla\u0111ana je turizmolo\u0161kinja koja je uz pomo\u0107 online kurseva nau\u010dila osnove grafi\u010dkog dizajna i sada radi kao grafi\u010dka dizajnerka u kompaniji COINIS.<\/p>\n<p><img fetchpriority=\"high\" decoding=\"async\" class=\"alignnone size-large wp-image-28767\" src=\"https:\/\/evropskakuca.me\/wp-content\/uploads\/2024\/03\/Evropska-kuca-Sladja-1020x1024.png\" alt=\"\" width=\"1020\" height=\"1024\" \/><\/p>\n<blockquote><p>&#8220;Kreativnost je moja pokretac\u030cka snaga. Empatija je ono s\u030cto mi pomaz\u030ce da se stavim na tu\u0111e mjesto i zamislim kako je to biti u tu\u0111im cipelama, a samokritic\u030cnost je faktor koji me tjera da uvijek napredujem i radim kako na sebi, tako i na unapre\u0111ivanju svog rada&#8221;, obja\u0161njava Sla\u0111ana.<\/p><\/blockquote>\n<p>Sla\u0111ana se bavila turizmom i hotelijerstvom.<\/p>\n<p>&#8220;Tokom mog odrastanja sam shvatila da iz svega s\u030cto radim mogu da izvuc\u030cem nes\u030cto dobro i bas\u030c to je ono s\u030cto me i dan danas pokrec\u0301e da vjerujem u sebe, svoje sposobnosti i svoje vjes\u030ctine, jer je svaka lekcija vaz\u030cna i korisna&#8221;, poru\u010dila je ona.<\/p>\n\n<p>Upravo to je i pokrenulo da savlada vje\u0161tine grafi\u010dkog dizajna i da oblikuje svoju budu\u0107nost.<\/p>\n<p>&#8220;Rekla sam sebi &#8220;sada c\u0301es\u030c znanje i vjes\u030ctine koje si stekla ovdje da iskoristis\u030c dalje u buduc\u0301nosti, vrijeme nisi bacila zato s\u030cto si nau\u010dila dosta toga&#8221;, prisje\u0107a se Sla\u0111ana.<\/p>\n<blockquote><p>Postala je c\u030clanica studentske organizacije AIESEC gdje se prvenstveno bavila grafic\u030ckim dizajnom, a kasnije postala i tim liderka marketing tima.<\/p><\/blockquote>\n<p>&#8220;To je bio poc\u030cetak razvitka mojih kreativnih vjes\u030ctina, a kasnije sam bas\u030c zbog tog iskustva imala srec\u0301u da se zaposlim kao grafic\u030cka dizajnerka u Coinisu, gdje radim vec\u0301 poslednje tri godine&#8221;, dodaje Sla\u0111ana.<\/p>\n<blockquote><p>Kod njenog trenutnog zanimanja joj se posebno dopada dinamic\u030cnost posla.<\/p><\/blockquote>\n<p>&#8220;Za svaki segment rada, ja kao grafic\u030cka dizajnerka treba da se stavim u koz\u030cu osobe koja c\u0301e da gleda materijal koji ja napravim, bio to letak, post za drus\u030ctvene mrez\u030ce, bilbord, veb sajt ili bilo koji drugi materijal&#8221;, obja\u0161njava ona.<\/p>\n<blockquote><p>Da bi transformisala svoju karijeru bila joj je potrebna hrabrosti i vje\u0161tina.<\/p><\/blockquote>\n<p><img decoding=\"async\" class=\"alignnone size-large wp-image-28773\" src=\"https:\/\/evropskakuca.me\/wp-content\/uploads\/2024\/03\/Sladjana-N.-Foto-2-1024x577.png\" alt=\"\" width=\"1024\" height=\"577\" \/><\/p>\n<p>&#8220;U meni je kreativnost poc\u030cela da se budi tek tokom studija, tako da se ja ni kao adolescent ne bih opredijelila za tu oblast za dalje s\u030ckolovanje, ali je to nes\u030cto u c\u030cemu sam uvijek uz\u030civala i kad sam uvidjela da je u fazi bu\u0111enja, iskoristila sam talas i fokusirala svoje vrijeme i energiju u tu stranu&#8221;, obja\u0161njava Sla\u0111ana.<\/p>\n<p>Najvec\u0301a podrs\u030cka joj je porodica.<\/p>\n<p>&#8220;To su ljudi koji su uvijek vjerovali u mene i uvijek uvi\u0111ali potencijal koji ja imam&#8221;, kazala je ona.<\/p>\n<blockquote><p>Ponekad ono \u0161to nam je najve\u0107i kamen spoticanja mo\u017ee da bude i prilika.<\/p><\/blockquote>\n<p>&#8220;Iako je meni manjak radnog iskustva bio prepreka, ja sam se nas\u030cla u situaciji da je meni bas\u030c to volontersko iskustvo obezbijedilo mjesto na poslovnoj sceni grafic\u030ckog dizajna&#8221;, kazala je ona.<\/p>\n<p>Sla\u0111ana je najvi\u0161e ponosna na svoj &#8220;character development&#8221;.<\/p>\n<p>&#8220;Iz povuc\u030cene, anskiozne, stidljive djevojc\u030cice i adolescentkinje koja ne vjeruje sama u sebe sam kroz rad na sebi, posao, druz\u030cenja, uspone i padove, edukacije, usavrs\u030cavanja, izrasla u djevojku punu pric\u030ca, lekcija, dobrih i los\u030cih iskustava koja samopouzdano korac\u030ca u pohod na nove z\u030civotne avanture&#8221;, isti\u010de Sla\u0111ana.<\/p>\n<p>Z\u030cenama i djevojkama koje razmis\u030cljaju da promijene svoju profesiju bi poruc\u030cila da je jedna od najgorih stvari koju mogu da kaz\u030cu sebi &#8220;ja to ne umijem &#8211; niko mi nije pokazao&#8221; ili &#8220;ja to ne umijem &#8211; ja to nikada ranije nisam radila&#8221;.<\/p>\n<p>&#8220;Mo\u017eda je tvoj talenat ba\u0161 ona stvar od koje si odustala. Nemojte odustajati od svojih talenata. Istrajnost se isplati. Promjena nije laka, ali je mogu\u0107a i korisna&#8221;, poru\u010duje Sladjana.<\/p>\n<p><img decoding=\"async\" class=\"alignnone size-large wp-image-28660\" src=\"https:\/\/evropskakuca.me\/wp-content\/uploads\/2024\/03\/Evropska-kuca-1-2560x1440-1-1024x576.jpg\" alt=\"\" width=\"1024\" height=\"576\" \/><\/p>\n","protected":false},"excerpt":{"rendered":"<p>Razgovor sa grafi\u010dkom dizajnerkom Sla\u0111anom Nokovi\u0107 &#8220;Kreativna, empatic\u030cna i samokritic\u030cna, to sam ja&#8221;, ovako po\u010dinje na\u0161 razgovor sa grafi\u010dkom dizajnerkom Sla\u0111anom Nokovi\u0107. Sla\u0111ana je turizmolo\u0161kinja koja je uz pomo\u0107 online kurseva nau\u010dila osnove grafi\u010dkog dizajna i sada radi kao grafi\u010dka dizajnerka u kompaniji COINIS. &#8220;Kreativnost je moja pokretac\u030cka snaga. Empatija je ono s\u030cto mi pomaz\u030ce [&hellip;]<\/p>\n","protected":false},"author":1,"featured_media":40761,"comment_status":"closed","ping_status":"closed","sticky":false,"template":"","format":"standard","meta":{"_acf_changed":false,"footnotes":""},"categories":[],"tags":[],"class_list":["post-28764","post","type-post","status-publish","format-standard","has-post-thumbnail","hentry"],"acf":[],"yoast_head":"<!-- This site is optimized with the Yoast SEO plugin v27.3 - https:\/\/yoast.com\/product\/yoast-seo-wordpress\/ -->\n<title>Vjerujem u sebe, svoje sposobnosti i svoje vjes\u030ctine - Europe House<\/title>\n<meta name=\"robots\" content=\"index, follow, max-snippet:-1, max-image-preview:large, max-video-preview:-1\" \/>\n<link rel=\"canonical\" href=\"https:\/\/www.evropskakuca.me\/me\/vjerujem-u-sebe-svoje-sposobnosti-i-svoje-vjestine\/\" \/>\n<meta property=\"og:locale\" content=\"en_US\" \/>\n<meta property=\"og:type\" content=\"article\" \/>\n<meta property=\"og:title\" content=\"Vjerujem u sebe, svoje sposobnosti i svoje vjes\u030ctine - Europe House\" \/>\n<meta property=\"og:description\" content=\"Razgovor sa grafi\u010dkom dizajnerkom Sla\u0111anom Nokovi\u0107 &#8220;Kreativna, empatic\u030cna i samokritic\u030cna, to sam ja&#8221;, ovako po\u010dinje na\u0161 razgovor sa grafi\u010dkom dizajnerkom Sla\u0111anom Nokovi\u0107. Sla\u0111ana je turizmolo\u0161kinja koja je uz pomo\u0107 online kurseva nau\u010dila osnove grafi\u010dkog dizajna i sada radi kao grafi\u010dka dizajnerka u kompaniji COINIS. &#8220;Kreativnost je moja pokretac\u030cka snaga. Empatija je ono s\u030cto mi pomaz\u030ce [&hellip;]\" \/>\n<meta property=\"og:url\" content=\"https:\/\/www.evropskakuca.me\/me\/vjerujem-u-sebe-svoje-sposobnosti-i-svoje-vjestine\/\" \/>\n<meta property=\"og:site_name\" content=\"Europe House\" \/>\n<meta property=\"article:publisher\" content=\"https:\/\/www.facebook.com\/evropska.kuca\" \/>\n<meta property=\"article:published_time\" content=\"2024-03-07T12:40:06+00:00\" \/>\n<meta property=\"og:image\" content=\"https:\/\/www.evropskakuca.me\/wp-content\/uploads\/2024\/03\/Sladjana-Nokovic-1.jpg\" \/>\n\t<meta property=\"og:image:width\" content=\"2560\" \/>\n\t<meta property=\"og:image:height\" content=\"1707\" \/>\n\t<meta property=\"og:image:type\" content=\"image\/jpeg\" \/>\n<meta name=\"author\" content=\"mkajic\" \/>\n<meta name=\"twitter:card\" content=\"summary_large_image\" \/>\n<meta name=\"twitter:creator\" content=\"@evropska_kuca\" \/>\n<meta name=\"twitter:site\" content=\"@evropska_kuca\" \/>\n<meta name=\"twitter:label1\" content=\"Written by\" \/>\n\t<meta name=\"twitter:data1\" content=\"mkajic\" \/>\n\t<meta name=\"twitter:label2\" content=\"Est. reading time\" \/>\n\t<meta name=\"twitter:data2\" content=\"4 minutes\" \/>\n<script type=\"application\/ld+json\" class=\"yoast-schema-graph\">{\"@context\":\"https:\\\/\\\/schema.org\",\"@graph\":[{\"@type\":\"Article\",\"@id\":\"https:\\\/\\\/www.evropskakuca.me\\\/me\\\/vjerujem-u-sebe-svoje-sposobnosti-i-svoje-vjestine\\\/#article\",\"isPartOf\":{\"@id\":\"https:\\\/\\\/www.evropskakuca.me\\\/me\\\/vjerujem-u-sebe-svoje-sposobnosti-i-svoje-vjestine\\\/\"},\"author\":{\"name\":\"mkajic\",\"@id\":\"https:\\\/\\\/www.evropskakuca.me\\\/me\\\/#\\\/schema\\\/person\\\/a1d0dcdaefe4a1cd1d60d200ea137ba4\"},\"headline\":\"Vjerujem u sebe, svoje sposobnosti i svoje vjes\u030ctine\",\"datePublished\":\"2024-03-07T12:40:06+00:00\",\"mainEntityOfPage\":{\"@id\":\"https:\\\/\\\/www.evropskakuca.me\\\/me\\\/vjerujem-u-sebe-svoje-sposobnosti-i-svoje-vjestine\\\/\"},\"wordCount\":659,\"publisher\":{\"@id\":\"https:\\\/\\\/www.evropskakuca.me\\\/me\\\/#organization\"},\"image\":{\"@id\":\"https:\\\/\\\/www.evropskakuca.me\\\/me\\\/vjerujem-u-sebe-svoje-sposobnosti-i-svoje-vjestine\\\/#primaryimage\"},\"thumbnailUrl\":\"https:\\\/\\\/www.evropskakuca.me\\\/wp-content\\\/uploads\\\/2024\\\/03\\\/Sladjana-Nokovic-1.jpg\",\"inLanguage\":\"me-ME\"},{\"@type\":\"WebPage\",\"@id\":\"https:\\\/\\\/www.evropskakuca.me\\\/me\\\/vjerujem-u-sebe-svoje-sposobnosti-i-svoje-vjestine\\\/\",\"url\":\"https:\\\/\\\/www.evropskakuca.me\\\/me\\\/vjerujem-u-sebe-svoje-sposobnosti-i-svoje-vjestine\\\/\",\"name\":\"Vjerujem u sebe, svoje sposobnosti i svoje vjes\u030ctine - Europe House\",\"isPartOf\":{\"@id\":\"https:\\\/\\\/www.evropskakuca.me\\\/me\\\/#website\"},\"primaryImageOfPage\":{\"@id\":\"https:\\\/\\\/www.evropskakuca.me\\\/me\\\/vjerujem-u-sebe-svoje-sposobnosti-i-svoje-vjestine\\\/#primaryimage\"},\"image\":{\"@id\":\"https:\\\/\\\/www.evropskakuca.me\\\/me\\\/vjerujem-u-sebe-svoje-sposobnosti-i-svoje-vjestine\\\/#primaryimage\"},\"thumbnailUrl\":\"https:\\\/\\\/www.evropskakuca.me\\\/wp-content\\\/uploads\\\/2024\\\/03\\\/Sladjana-Nokovic-1.jpg\",\"datePublished\":\"2024-03-07T12:40:06+00:00\",\"breadcrumb\":{\"@id\":\"https:\\\/\\\/www.evropskakuca.me\\\/me\\\/vjerujem-u-sebe-svoje-sposobnosti-i-svoje-vjestine\\\/#breadcrumb\"},\"inLanguage\":\"me-ME\",\"potentialAction\":[{\"@type\":\"ReadAction\",\"target\":[\"https:\\\/\\\/www.evropskakuca.me\\\/me\\\/vjerujem-u-sebe-svoje-sposobnosti-i-svoje-vjestine\\\/\"]}]},{\"@type\":\"ImageObject\",\"inLanguage\":\"me-ME\",\"@id\":\"https:\\\/\\\/www.evropskakuca.me\\\/me\\\/vjerujem-u-sebe-svoje-sposobnosti-i-svoje-vjestine\\\/#primaryimage\",\"url\":\"https:\\\/\\\/www.evropskakuca.me\\\/wp-content\\\/uploads\\\/2024\\\/03\\\/Sladjana-Nokovic-1.jpg\",\"contentUrl\":\"https:\\\/\\\/www.evropskakuca.me\\\/wp-content\\\/uploads\\\/2024\\\/03\\\/Sladjana-Nokovic-1.jpg\",\"width\":2560,\"height\":1707},{\"@type\":\"BreadcrumbList\",\"@id\":\"https:\\\/\\\/www.evropskakuca.me\\\/me\\\/vjerujem-u-sebe-svoje-sposobnosti-i-svoje-vjestine\\\/#breadcrumb\",\"itemListElement\":[{\"@type\":\"ListItem\",\"position\":1,\"name\":\"Home\",\"item\":\"https:\\\/\\\/www.evropskakuca.me\\\/me\\\/\"},{\"@type\":\"ListItem\",\"position\":2,\"name\":\"Vjerujem u sebe, svoje sposobnosti i svoje vjes\u030ctine\"}]},{\"@type\":\"WebSite\",\"@id\":\"https:\\\/\\\/www.evropskakuca.me\\\/me\\\/#website\",\"url\":\"https:\\\/\\\/www.evropskakuca.me\\\/me\\\/\",\"name\":\"Evropean house\",\"description\":\"\",\"publisher\":{\"@id\":\"https:\\\/\\\/www.evropskakuca.me\\\/me\\\/#organization\"},\"potentialAction\":[{\"@type\":\"SearchAction\",\"target\":{\"@type\":\"EntryPoint\",\"urlTemplate\":\"https:\\\/\\\/www.evropskakuca.me\\\/me\\\/?s={search_term_string}\"},\"query-input\":{\"@type\":\"PropertyValueSpecification\",\"valueRequired\":true,\"valueName\":\"search_term_string\"}}],\"inLanguage\":\"me-ME\"},{\"@type\":\"Organization\",\"@id\":\"https:\\\/\\\/www.evropskakuca.me\\\/me\\\/#organization\",\"name\":\"Evropean house\",\"url\":\"https:\\\/\\\/www.evropskakuca.me\\\/me\\\/\",\"logo\":{\"@type\":\"ImageObject\",\"inLanguage\":\"me-ME\",\"@id\":\"https:\\\/\\\/www.evropskakuca.me\\\/me\\\/#\\\/schema\\\/logo\\\/image\\\/\",\"url\":\"https:\\\/\\\/www.evropskakuca.me\\\/wp-content\\\/uploads\\\/2025\\\/01\\\/evropska-kuca-logo-1.png\",\"contentUrl\":\"https:\\\/\\\/www.evropskakuca.me\\\/wp-content\\\/uploads\\\/2025\\\/01\\\/evropska-kuca-logo-1.png\",\"width\":425,\"height\":312,\"caption\":\"Evropean house\"},\"image\":{\"@id\":\"https:\\\/\\\/www.evropskakuca.me\\\/me\\\/#\\\/schema\\\/logo\\\/image\\\/\"},\"sameAs\":[\"https:\\\/\\\/www.facebook.com\\\/evropska.kuca\",\"https:\\\/\\\/x.com\\\/evropska_kuca\",\"https:\\\/\\\/www.instagram.com\\\/evropska_kuca\"]},{\"@type\":\"Person\",\"@id\":\"https:\\\/\\\/www.evropskakuca.me\\\/me\\\/#\\\/schema\\\/person\\\/a1d0dcdaefe4a1cd1d60d200ea137ba4\",\"name\":\"mkajic\",\"image\":{\"@type\":\"ImageObject\",\"inLanguage\":\"me-ME\",\"@id\":\"https:\\\/\\\/secure.gravatar.com\\\/avatar\\\/731fa035cefab7316e6bafd1f25a93fb731a07de14e2d9923f8db4422628eabc?s=96&d=mm&r=g\",\"url\":\"https:\\\/\\\/secure.gravatar.com\\\/avatar\\\/731fa035cefab7316e6bafd1f25a93fb731a07de14e2d9923f8db4422628eabc?s=96&d=mm&r=g\",\"contentUrl\":\"https:\\\/\\\/secure.gravatar.com\\\/avatar\\\/731fa035cefab7316e6bafd1f25a93fb731a07de14e2d9923f8db4422628eabc?s=96&d=mm&r=g\",\"caption\":\"mkajic\"},\"sameAs\":[\"https:\\\/\\\/evropskakuca.me\"],\"url\":\"https:\\\/\\\/www.evropskakuca.me\\\/me\\\/author\\\/mkajic\\\/\"}]}<\/script>\n<!-- \/ Yoast SEO plugin. -->","yoast_head_json":{"title":"Vjerujem u sebe, svoje sposobnosti i svoje vjes\u030ctine - Europe House","robots":{"index":"index","follow":"follow","max-snippet":"max-snippet:-1","max-image-preview":"max-image-preview:large","max-video-preview":"max-video-preview:-1"},"canonical":"https:\/\/www.evropskakuca.me\/me\/vjerujem-u-sebe-svoje-sposobnosti-i-svoje-vjestine\/","og_locale":"en_US","og_type":"article","og_title":"Vjerujem u sebe, svoje sposobnosti i svoje vjes\u030ctine - Europe House","og_description":"Razgovor sa grafi\u010dkom dizajnerkom Sla\u0111anom Nokovi\u0107 &#8220;Kreativna, empatic\u030cna i samokritic\u030cna, to sam ja&#8221;, ovako po\u010dinje na\u0161 razgovor sa grafi\u010dkom dizajnerkom Sla\u0111anom Nokovi\u0107. Sla\u0111ana je turizmolo\u0161kinja koja je uz pomo\u0107 online kurseva nau\u010dila osnove grafi\u010dkog dizajna i sada radi kao grafi\u010dka dizajnerka u kompaniji COINIS. &#8220;Kreativnost je moja pokretac\u030cka snaga. Empatija je ono s\u030cto mi pomaz\u030ce [&hellip;]","og_url":"https:\/\/www.evropskakuca.me\/me\/vjerujem-u-sebe-svoje-sposobnosti-i-svoje-vjestine\/","og_site_name":"Europe House","article_publisher":"https:\/\/www.facebook.com\/evropska.kuca","article_published_time":"2024-03-07T12:40:06+00:00","og_image":[{"width":2560,"height":1707,"url":"https:\/\/www.evropskakuca.me\/wp-content\/uploads\/2024\/03\/Sladjana-Nokovic-1.jpg","type":"image\/jpeg"}],"author":"mkajic","twitter_card":"summary_large_image","twitter_creator":"@evropska_kuca","twitter_site":"@evropska_kuca","twitter_misc":{"Written by":"mkajic","Est. reading time":"4 minutes"},"schema":{"@context":"https:\/\/schema.org","@graph":[{"@type":"Article","@id":"https:\/\/www.evropskakuca.me\/me\/vjerujem-u-sebe-svoje-sposobnosti-i-svoje-vjestine\/#article","isPartOf":{"@id":"https:\/\/www.evropskakuca.me\/me\/vjerujem-u-sebe-svoje-sposobnosti-i-svoje-vjestine\/"},"author":{"name":"mkajic","@id":"https:\/\/www.evropskakuca.me\/me\/#\/schema\/person\/a1d0dcdaefe4a1cd1d60d200ea137ba4"},"headline":"Vjerujem u sebe, svoje sposobnosti i svoje vjes\u030ctine","datePublished":"2024-03-07T12:40:06+00:00","mainEntityOfPage":{"@id":"https:\/\/www.evropskakuca.me\/me\/vjerujem-u-sebe-svoje-sposobnosti-i-svoje-vjestine\/"},"wordCount":659,"publisher":{"@id":"https:\/\/www.evropskakuca.me\/me\/#organization"},"image":{"@id":"https:\/\/www.evropskakuca.me\/me\/vjerujem-u-sebe-svoje-sposobnosti-i-svoje-vjestine\/#primaryimage"},"thumbnailUrl":"https:\/\/www.evropskakuca.me\/wp-content\/uploads\/2024\/03\/Sladjana-Nokovic-1.jpg","inLanguage":"me-ME"},{"@type":"WebPage","@id":"https:\/\/www.evropskakuca.me\/me\/vjerujem-u-sebe-svoje-sposobnosti-i-svoje-vjestine\/","url":"https:\/\/www.evropskakuca.me\/me\/vjerujem-u-sebe-svoje-sposobnosti-i-svoje-vjestine\/","name":"Vjerujem u sebe, svoje sposobnosti i svoje vjes\u030ctine - Europe House","isPartOf":{"@id":"https:\/\/www.evropskakuca.me\/me\/#website"},"primaryImageOfPage":{"@id":"https:\/\/www.evropskakuca.me\/me\/vjerujem-u-sebe-svoje-sposobnosti-i-svoje-vjestine\/#primaryimage"},"image":{"@id":"https:\/\/www.evropskakuca.me\/me\/vjerujem-u-sebe-svoje-sposobnosti-i-svoje-vjestine\/#primaryimage"},"thumbnailUrl":"https:\/\/www.evropskakuca.me\/wp-content\/uploads\/2024\/03\/Sladjana-Nokovic-1.jpg","datePublished":"2024-03-07T12:40:06+00:00","breadcrumb":{"@id":"https:\/\/www.evropskakuca.me\/me\/vjerujem-u-sebe-svoje-sposobnosti-i-svoje-vjestine\/#breadcrumb"},"inLanguage":"me-ME","potentialAction":[{"@type":"ReadAction","target":["https:\/\/www.evropskakuca.me\/me\/vjerujem-u-sebe-svoje-sposobnosti-i-svoje-vjestine\/"]}]},{"@type":"ImageObject","inLanguage":"me-ME","@id":"https:\/\/www.evropskakuca.me\/me\/vjerujem-u-sebe-svoje-sposobnosti-i-svoje-vjestine\/#primaryimage","url":"https:\/\/www.evropskakuca.me\/wp-content\/uploads\/2024\/03\/Sladjana-Nokovic-1.jpg","contentUrl":"https:\/\/www.evropskakuca.me\/wp-content\/uploads\/2024\/03\/Sladjana-Nokovic-1.jpg","width":2560,"height":1707},{"@type":"BreadcrumbList","@id":"https:\/\/www.evropskakuca.me\/me\/vjerujem-u-sebe-svoje-sposobnosti-i-svoje-vjestine\/#breadcrumb","itemListElement":[{"@type":"ListItem","position":1,"name":"Home","item":"https:\/\/www.evropskakuca.me\/me\/"},{"@type":"ListItem","position":2,"name":"Vjerujem u sebe, svoje sposobnosti i svoje vjes\u030ctine"}]},{"@type":"WebSite","@id":"https:\/\/www.evropskakuca.me\/me\/#website","url":"https:\/\/www.evropskakuca.me\/me\/","name":"Evropean house","description":"","publisher":{"@id":"https:\/\/www.evropskakuca.me\/me\/#organization"},"potentialAction":[{"@type":"SearchAction","target":{"@type":"EntryPoint","urlTemplate":"https:\/\/www.evropskakuca.me\/me\/?s={search_term_string}"},"query-input":{"@type":"PropertyValueSpecification","valueRequired":true,"valueName":"search_term_string"}}],"inLanguage":"me-ME"},{"@type":"Organization","@id":"https:\/\/www.evropskakuca.me\/me\/#organization","name":"Evropean house","url":"https:\/\/www.evropskakuca.me\/me\/","logo":{"@type":"ImageObject","inLanguage":"me-ME","@id":"https:\/\/www.evropskakuca.me\/me\/#\/schema\/logo\/image\/","url":"https:\/\/www.evropskakuca.me\/wp-content\/uploads\/2025\/01\/evropska-kuca-logo-1.png","contentUrl":"https:\/\/www.evropskakuca.me\/wp-content\/uploads\/2025\/01\/evropska-kuca-logo-1.png","width":425,"height":312,"caption":"Evropean house"},"image":{"@id":"https:\/\/www.evropskakuca.me\/me\/#\/schema\/logo\/image\/"},"sameAs":["https:\/\/www.facebook.com\/evropska.kuca","https:\/\/x.com\/evropska_kuca","https:\/\/www.instagram.com\/evropska_kuca"]},{"@type":"Person","@id":"https:\/\/www.evropskakuca.me\/me\/#\/schema\/person\/a1d0dcdaefe4a1cd1d60d200ea137ba4","name":"mkajic","image":{"@type":"ImageObject","inLanguage":"me-ME","@id":"https:\/\/secure.gravatar.com\/avatar\/731fa035cefab7316e6bafd1f25a93fb731a07de14e2d9923f8db4422628eabc?s=96&d=mm&r=g","url":"https:\/\/secure.gravatar.com\/avatar\/731fa035cefab7316e6bafd1f25a93fb731a07de14e2d9923f8db4422628eabc?s=96&d=mm&r=g","contentUrl":"https:\/\/secure.gravatar.com\/avatar\/731fa035cefab7316e6bafd1f25a93fb731a07de14e2d9923f8db4422628eabc?s=96&d=mm&r=g","caption":"mkajic"},"sameAs":["https:\/\/evropskakuca.me"],"url":"https:\/\/www.evropskakuca.me\/me\/author\/mkajic\/"}]}},"_links":{"self":[{"href":"https:\/\/www.evropskakuca.me\/me\/wp-json\/wp\/v2\/posts\/28764","targetHints":{"allow":["GET"]}}],"collection":[{"href":"https:\/\/www.evropskakuca.me\/me\/wp-json\/wp\/v2\/posts"}],"about":[{"href":"https:\/\/www.evropskakuca.me\/me\/wp-json\/wp\/v2\/types\/post"}],"author":[{"embeddable":true,"href":"https:\/\/www.evropskakuca.me\/me\/wp-json\/wp\/v2\/users\/1"}],"replies":[{"embeddable":true,"href":"https:\/\/www.evropskakuca.me\/me\/wp-json\/wp\/v2\/comments?post=28764"}],"version-history":[{"count":0,"href":"https:\/\/www.evropskakuca.me\/me\/wp-json\/wp\/v2\/posts\/28764\/revisions"}],"wp:featuredmedia":[{"embeddable":true,"href":"https:\/\/www.evropskakuca.me\/me\/wp-json\/wp\/v2\/media\/40761"}],"wp:attachment":[{"href":"https:\/\/www.evropskakuca.me\/me\/wp-json\/wp\/v2\/media?parent=28764"}],"wp:term":[{"taxonomy":"category","embeddable":true,"href":"https:\/\/www.evropskakuca.me\/me\/wp-json\/wp\/v2\/categories?post=28764"},{"taxonomy":"post_tag","embeddable":true,"href":"https:\/\/www.evropskakuca.me\/me\/wp-json\/wp\/v2\/tags?post=28764"}],"curies":[{"name":"wp","href":"https:\/\/api.w.org\/{rel}","templated":true}]}}