{"id":28752,"date":"2024-03-05T13:30:15","date_gmt":"2024-03-05T13:30:15","guid":{"rendered":"https:\/\/evropskakuca.me\/?p=28752"},"modified":"2025-02-10T10:21:27","modified_gmt":"2025-02-10T10:21:27","slug":"konkurs-za-izradu-10-tekstova-priloga-koji-se-ticu-napada-prijetnji-i-zastrasivanja-novinara","status":"publish","type":"post","link":"https:\/\/www.evropskakuca.me\/me\/konkurs-za-izradu-10-tekstova-priloga-koji-se-ticu-napada-prijetnji-i-zastrasivanja-novinara\/","title":{"rendered":"Konkurs za tekstove koji se ti\u010du napada na novinare"},"content":{"rendered":"<p style=\"text-align: center;\">Dru\u0161tvo profesionalnih novinara (DPNCG) u saradnji sa Udru\u017eenjem za odgovorni i odr\u017eivi razvoj (UZOR) i Hanns Seidel fondacijom raspisuje<\/p>\n<p style=\"text-align: center;\"><strong>KONKURS<\/strong><\/p>\n<p style=\"text-align: center;\">\n<strong>za izradu 10 tekstova\/priloga koji se ti\u010du napada, prijetnji i zastra\u0161ivanja novinarki i novinara<\/strong><\/p>\n<p><strong>Pozivamo novinarke i novinare iz medija registrovanih u Crnoj Gori (nacionalnih i lokalnih) kao i onih koji imaju dopisni\u0161tva u Crnoj Gori<\/strong>, da se prijave sa prijedlozima tema koje \u017eele obraditi, a kojima adresiraju i\/ili probematizuju nasilje nad novinarima, uz jasno isticanje na\u010dina na koji se istra\u017eivanje o temi namjerava sprovesti, ko bi mogli biti potencijalni sagovornici\/e i na koji na\u010din bi to uticalo na unaprije\u0111enje procesuiranja slu\u010dajeva ili sprovo\u0111enja preporuka Komisije za pra\u0107enje istraga napada na novinare.<\/p>\n<p><strong>Cilj konkursa<\/strong> je da i ovim putem doprinesemo pravi\u010dnom zadovoljenju \u017ertava napada i prijetnji, odnosno njihovih porodica, kao i da pomognemo u sprovo\u0111enju preporuka Komisije za pra\u0107enje istraga napada na novinare.<\/p>\n<p>Tekstovi mogu biti za \u0161tampana izdanja i internetske publikacije, kao i tekstovi koji bi poslu\u017eili za produkciju TV ili radio priloga\/emisije.<\/p>\n<p>Kako bismo unaprijedili izvje\u0161tavanje novinara u skladu sa novim metodama i podstakli rje\u0161avanje slu\u010dajeva nasilja nad novinarima, tekstovi <strong>moraju biti bazirani novinarstvu orijentisanog ka re\u0161enjima (SoJo \u2013 Solution Journalism)<\/strong> odnosno da se izvje\u0161tava o rje\u0161enju za odre\u0111eni problem za koji postoje dokazi da djeluju, na\u010dinima pokretanja i djelovanja tog rje\u0161enja i uz potencijalna obja\u0161njenja o njegovim ograni\u010denjima.<\/p>\n<p>Naime, prilikom izrade \u010dlanaka potrebno je ispuniti<strong> \u010detiri kriterijima<\/strong>:<br \/>\n1. Rje\u0161enje mora biti u fokusu pri\u010de<br \/>\n2. Treba objasniti problem i ponuditi predlog koji \u0107e biti realan, jer je naglasak na rje\u0161enju.<br \/>\n3. Koje su lekcije nau\u010dene iz ovog rje\u0161enja? Koje se lekcije mogu nau\u010diti da se to ponovi?<br \/>\n4. U tekstovima izvjestite o problemima na koje ste nai\u0161li tokom iznala\u017eenja rje\u0161enja.<\/p>\n<p>Pristigle prijedloge tema razmotri\u0107e Komisija za ocjenu prijedloga i izabrati najbolje, vode\u0107i ra\u010duna o zastupljenosti razli\u010ditih medija, u mjeri mogu\u0107eg. Samo odabrani kandidati\/kinje \u0107e biti kontaktirani sa detaljima o daljoj saradnji.<\/p>\n<p>Izradu tekstova \u0107e pratiti urednica, a predvi\u0111en honorar teksta ili priloga je 300 eura u bruto iznosu.<\/p>\n<p><strong>Prijedlozi tema se mogu slati na mejl drustvoprofesionalnihnovinara@gmail.comsa naznakom \u201cKonkurs za SoJo temu\u201d najkasnije do 15. marta 2024. do 16h.<\/strong><br \/>\nTekstovi \u0107e biti objavljeni u razli\u010ditim medijima, na sajtovima DPNCG-a i UZOR-a, dok \u0107e njihovi klju\u010dni djelovi biti objavljeni na dru\u0161tvenim mre\u017eama.<\/p>\n<p><strong>Konkurs \u201cPri\u010de koje doprinose rje\u0161avanju napada na novinare\u201d<\/strong> se organizuje u okviru projekta \u201cEfektivna prevencija i za\u0161tita novinara u Crnoj Gori\u201d koji zajedni\u010dki sprovode Udru\u017eenje za odgovorni i odr\u017eivi razvoj (UZOR) i Dru\u0161tvo profesionalnih novinara Crne Gore (DPNCG) u saradnji sa Hanns Seidel fondacijom uz finansijsku podr\u0161ku Evropske unije (EU) posredstvom Delegacije EU u Podgorici.<\/p>\n<p>&nbsp;<\/p>\n","protected":false},"excerpt":{"rendered":"<p>Dru\u0161tvo profesionalnih novinara (DPNCG) u saradnji sa Udru\u017eenjem za odgovorni i odr\u017eivi razvoj (UZOR) i Hanns Seidel fondacijom raspisuje KONKURS za izradu 10 tekstova\/priloga koji se ti\u010du napada, prijetnji i zastra\u0161ivanja novinarki i novinara Pozivamo novinarke i novinare iz medija registrovanih u Crnoj Gori (nacionalnih i lokalnih) kao i onih koji imaju dopisni\u0161tva u Crnoj [&hellip;]<\/p>\n","protected":false},"author":1,"featured_media":42968,"comment_status":"closed","ping_status":"closed","sticky":false,"template":"","format":"standard","meta":{"_acf_changed":false,"footnotes":""},"categories":[2],"tags":[],"class_list":["post-28752","post","type-post","status-publish","format-standard","has-post-thumbnail","hentry","category-uncategorized-me"],"acf":[],"yoast_head":"<!-- This site is optimized with the Yoast SEO plugin v27.3 - https:\/\/yoast.com\/product\/yoast-seo-wordpress\/ -->\n<title>Konkurs za tekstove koji se ti\u010du napada na novinare - Europe House<\/title>\n<meta name=\"robots\" content=\"index, follow, max-snippet:-1, max-image-preview:large, max-video-preview:-1\" \/>\n<link rel=\"canonical\" href=\"https:\/\/www.evropskakuca.me\/me\/konkurs-za-izradu-10-tekstova-priloga-koji-se-ticu-napada-prijetnji-i-zastrasivanja-novinara\/\" \/>\n<meta property=\"og:locale\" content=\"en_US\" \/>\n<meta property=\"og:type\" content=\"article\" \/>\n<meta property=\"og:title\" content=\"Konkurs za tekstove koji se ti\u010du napada na novinare - Europe House\" \/>\n<meta property=\"og:description\" content=\"Dru\u0161tvo profesionalnih novinara (DPNCG) u saradnji sa Udru\u017eenjem za odgovorni i odr\u017eivi razvoj (UZOR) i Hanns Seidel fondacijom raspisuje KONKURS za izradu 10 tekstova\/priloga koji se ti\u010du napada, prijetnji i zastra\u0161ivanja novinarki i novinara Pozivamo novinarke i novinare iz medija registrovanih u Crnoj Gori (nacionalnih i lokalnih) kao i onih koji imaju dopisni\u0161tva u Crnoj [&hellip;]\" \/>\n<meta property=\"og:url\" content=\"https:\/\/www.evropskakuca.me\/me\/konkurs-za-izradu-10-tekstova-priloga-koji-se-ticu-napada-prijetnji-i-zastrasivanja-novinara\/\" \/>\n<meta property=\"og:site_name\" content=\"Europe House\" \/>\n<meta property=\"article:publisher\" content=\"https:\/\/www.facebook.com\/evropska.kuca\" \/>\n<meta property=\"article:published_time\" content=\"2024-03-05T13:30:15+00:00\" \/>\n<meta property=\"article:modified_time\" content=\"2025-02-10T10:21:27+00:00\" \/>\n<meta property=\"og:image\" content=\"https:\/\/www.evropskakuca.me\/wp-content\/uploads\/2024\/03\/FRO_5227-scaled.jpg\" \/>\n\t<meta property=\"og:image:width\" content=\"2560\" \/>\n\t<meta property=\"og:image:height\" content=\"1707\" \/>\n\t<meta property=\"og:image:type\" content=\"image\/jpeg\" \/>\n<meta name=\"author\" content=\"mkajic\" \/>\n<meta name=\"twitter:card\" content=\"summary_large_image\" \/>\n<meta name=\"twitter:creator\" content=\"@evropska_kuca\" \/>\n<meta name=\"twitter:site\" content=\"@evropska_kuca\" \/>\n<meta name=\"twitter:label1\" content=\"Written by\" \/>\n\t<meta name=\"twitter:data1\" content=\"mkajic\" \/>\n\t<meta name=\"twitter:label2\" content=\"Est. reading time\" \/>\n\t<meta name=\"twitter:data2\" content=\"3 minutes\" \/>\n<script type=\"application\/ld+json\" class=\"yoast-schema-graph\">{\"@context\":\"https:\\\/\\\/schema.org\",\"@graph\":[{\"@type\":\"Article\",\"@id\":\"https:\\\/\\\/www.evropskakuca.me\\\/me\\\/konkurs-za-izradu-10-tekstova-priloga-koji-se-ticu-napada-prijetnji-i-zastrasivanja-novinara\\\/#article\",\"isPartOf\":{\"@id\":\"https:\\\/\\\/www.evropskakuca.me\\\/me\\\/konkurs-za-izradu-10-tekstova-priloga-koji-se-ticu-napada-prijetnji-i-zastrasivanja-novinara\\\/\"},\"author\":{\"name\":\"mkajic\",\"@id\":\"https:\\\/\\\/www.evropskakuca.me\\\/me\\\/#\\\/schema\\\/person\\\/a1d0dcdaefe4a1cd1d60d200ea137ba4\"},\"headline\":\"Konkurs za tekstove koji se ti\u010du napada na novinare\",\"datePublished\":\"2024-03-05T13:30:15+00:00\",\"dateModified\":\"2025-02-10T10:21:27+00:00\",\"mainEntityOfPage\":{\"@id\":\"https:\\\/\\\/www.evropskakuca.me\\\/me\\\/konkurs-za-izradu-10-tekstova-priloga-koji-se-ticu-napada-prijetnji-i-zastrasivanja-novinara\\\/\"},\"wordCount\":492,\"publisher\":{\"@id\":\"https:\\\/\\\/www.evropskakuca.me\\\/me\\\/#organization\"},\"image\":{\"@id\":\"https:\\\/\\\/www.evropskakuca.me\\\/me\\\/konkurs-za-izradu-10-tekstova-priloga-koji-se-ticu-napada-prijetnji-i-zastrasivanja-novinara\\\/#primaryimage\"},\"thumbnailUrl\":\"https:\\\/\\\/www.evropskakuca.me\\\/wp-content\\\/uploads\\\/2024\\\/03\\\/FRO_5227-scaled.jpg\",\"articleSection\":[\"Uncategorized @me\"],\"inLanguage\":\"me-ME\"},{\"@type\":\"WebPage\",\"@id\":\"https:\\\/\\\/www.evropskakuca.me\\\/me\\\/konkurs-za-izradu-10-tekstova-priloga-koji-se-ticu-napada-prijetnji-i-zastrasivanja-novinara\\\/\",\"url\":\"https:\\\/\\\/www.evropskakuca.me\\\/me\\\/konkurs-za-izradu-10-tekstova-priloga-koji-se-ticu-napada-prijetnji-i-zastrasivanja-novinara\\\/\",\"name\":\"Konkurs za tekstove koji se ti\u010du napada na novinare - Europe House\",\"isPartOf\":{\"@id\":\"https:\\\/\\\/www.evropskakuca.me\\\/me\\\/#website\"},\"primaryImageOfPage\":{\"@id\":\"https:\\\/\\\/www.evropskakuca.me\\\/me\\\/konkurs-za-izradu-10-tekstova-priloga-koji-se-ticu-napada-prijetnji-i-zastrasivanja-novinara\\\/#primaryimage\"},\"image\":{\"@id\":\"https:\\\/\\\/www.evropskakuca.me\\\/me\\\/konkurs-za-izradu-10-tekstova-priloga-koji-se-ticu-napada-prijetnji-i-zastrasivanja-novinara\\\/#primaryimage\"},\"thumbnailUrl\":\"https:\\\/\\\/www.evropskakuca.me\\\/wp-content\\\/uploads\\\/2024\\\/03\\\/FRO_5227-scaled.jpg\",\"datePublished\":\"2024-03-05T13:30:15+00:00\",\"dateModified\":\"2025-02-10T10:21:27+00:00\",\"breadcrumb\":{\"@id\":\"https:\\\/\\\/www.evropskakuca.me\\\/me\\\/konkurs-za-izradu-10-tekstova-priloga-koji-se-ticu-napada-prijetnji-i-zastrasivanja-novinara\\\/#breadcrumb\"},\"inLanguage\":\"me-ME\",\"potentialAction\":[{\"@type\":\"ReadAction\",\"target\":[\"https:\\\/\\\/www.evropskakuca.me\\\/me\\\/konkurs-za-izradu-10-tekstova-priloga-koji-se-ticu-napada-prijetnji-i-zastrasivanja-novinara\\\/\"]}]},{\"@type\":\"ImageObject\",\"inLanguage\":\"me-ME\",\"@id\":\"https:\\\/\\\/www.evropskakuca.me\\\/me\\\/konkurs-za-izradu-10-tekstova-priloga-koji-se-ticu-napada-prijetnji-i-zastrasivanja-novinara\\\/#primaryimage\",\"url\":\"https:\\\/\\\/www.evropskakuca.me\\\/wp-content\\\/uploads\\\/2024\\\/03\\\/FRO_5227-scaled.jpg\",\"contentUrl\":\"https:\\\/\\\/www.evropskakuca.me\\\/wp-content\\\/uploads\\\/2024\\\/03\\\/FRO_5227-scaled.jpg\",\"width\":2560,\"height\":1707},{\"@type\":\"BreadcrumbList\",\"@id\":\"https:\\\/\\\/www.evropskakuca.me\\\/me\\\/konkurs-za-izradu-10-tekstova-priloga-koji-se-ticu-napada-prijetnji-i-zastrasivanja-novinara\\\/#breadcrumb\",\"itemListElement\":[{\"@type\":\"ListItem\",\"position\":1,\"name\":\"Home\",\"item\":\"https:\\\/\\\/www.evropskakuca.me\\\/me\\\/\"},{\"@type\":\"ListItem\",\"position\":2,\"name\":\"Konkurs za tekstove koji se ti\u010du napada na novinare\"}]},{\"@type\":\"WebSite\",\"@id\":\"https:\\\/\\\/www.evropskakuca.me\\\/me\\\/#website\",\"url\":\"https:\\\/\\\/www.evropskakuca.me\\\/me\\\/\",\"name\":\"Evropean house\",\"description\":\"\",\"publisher\":{\"@id\":\"https:\\\/\\\/www.evropskakuca.me\\\/me\\\/#organization\"},\"potentialAction\":[{\"@type\":\"SearchAction\",\"target\":{\"@type\":\"EntryPoint\",\"urlTemplate\":\"https:\\\/\\\/www.evropskakuca.me\\\/me\\\/?s={search_term_string}\"},\"query-input\":{\"@type\":\"PropertyValueSpecification\",\"valueRequired\":true,\"valueName\":\"search_term_string\"}}],\"inLanguage\":\"me-ME\"},{\"@type\":\"Organization\",\"@id\":\"https:\\\/\\\/www.evropskakuca.me\\\/me\\\/#organization\",\"name\":\"Evropean house\",\"url\":\"https:\\\/\\\/www.evropskakuca.me\\\/me\\\/\",\"logo\":{\"@type\":\"ImageObject\",\"inLanguage\":\"me-ME\",\"@id\":\"https:\\\/\\\/www.evropskakuca.me\\\/me\\\/#\\\/schema\\\/logo\\\/image\\\/\",\"url\":\"https:\\\/\\\/www.evropskakuca.me\\\/wp-content\\\/uploads\\\/2025\\\/01\\\/evropska-kuca-logo-1.png\",\"contentUrl\":\"https:\\\/\\\/www.evropskakuca.me\\\/wp-content\\\/uploads\\\/2025\\\/01\\\/evropska-kuca-logo-1.png\",\"width\":425,\"height\":312,\"caption\":\"Evropean house\"},\"image\":{\"@id\":\"https:\\\/\\\/www.evropskakuca.me\\\/me\\\/#\\\/schema\\\/logo\\\/image\\\/\"},\"sameAs\":[\"https:\\\/\\\/www.facebook.com\\\/evropska.kuca\",\"https:\\\/\\\/x.com\\\/evropska_kuca\",\"https:\\\/\\\/www.instagram.com\\\/evropska_kuca\"]},{\"@type\":\"Person\",\"@id\":\"https:\\\/\\\/www.evropskakuca.me\\\/me\\\/#\\\/schema\\\/person\\\/a1d0dcdaefe4a1cd1d60d200ea137ba4\",\"name\":\"mkajic\",\"image\":{\"@type\":\"ImageObject\",\"inLanguage\":\"me-ME\",\"@id\":\"https:\\\/\\\/secure.gravatar.com\\\/avatar\\\/731fa035cefab7316e6bafd1f25a93fb731a07de14e2d9923f8db4422628eabc?s=96&d=mm&r=g\",\"url\":\"https:\\\/\\\/secure.gravatar.com\\\/avatar\\\/731fa035cefab7316e6bafd1f25a93fb731a07de14e2d9923f8db4422628eabc?s=96&d=mm&r=g\",\"contentUrl\":\"https:\\\/\\\/secure.gravatar.com\\\/avatar\\\/731fa035cefab7316e6bafd1f25a93fb731a07de14e2d9923f8db4422628eabc?s=96&d=mm&r=g\",\"caption\":\"mkajic\"},\"sameAs\":[\"https:\\\/\\\/evropskakuca.me\"],\"url\":\"https:\\\/\\\/www.evropskakuca.me\\\/me\\\/author\\\/mkajic\\\/\"}]}<\/script>\n<!-- \/ Yoast SEO plugin. -->","yoast_head_json":{"title":"Konkurs za tekstove koji se ti\u010du napada na novinare - Europe House","robots":{"index":"index","follow":"follow","max-snippet":"max-snippet:-1","max-image-preview":"max-image-preview:large","max-video-preview":"max-video-preview:-1"},"canonical":"https:\/\/www.evropskakuca.me\/me\/konkurs-za-izradu-10-tekstova-priloga-koji-se-ticu-napada-prijetnji-i-zastrasivanja-novinara\/","og_locale":"en_US","og_type":"article","og_title":"Konkurs za tekstove koji se ti\u010du napada na novinare - Europe House","og_description":"Dru\u0161tvo profesionalnih novinara (DPNCG) u saradnji sa Udru\u017eenjem za odgovorni i odr\u017eivi razvoj (UZOR) i Hanns Seidel fondacijom raspisuje KONKURS za izradu 10 tekstova\/priloga koji se ti\u010du napada, prijetnji i zastra\u0161ivanja novinarki i novinara Pozivamo novinarke i novinare iz medija registrovanih u Crnoj Gori (nacionalnih i lokalnih) kao i onih koji imaju dopisni\u0161tva u Crnoj [&hellip;]","og_url":"https:\/\/www.evropskakuca.me\/me\/konkurs-za-izradu-10-tekstova-priloga-koji-se-ticu-napada-prijetnji-i-zastrasivanja-novinara\/","og_site_name":"Europe House","article_publisher":"https:\/\/www.facebook.com\/evropska.kuca","article_published_time":"2024-03-05T13:30:15+00:00","article_modified_time":"2025-02-10T10:21:27+00:00","og_image":[{"width":2560,"height":1707,"url":"https:\/\/www.evropskakuca.me\/wp-content\/uploads\/2024\/03\/FRO_5227-scaled.jpg","type":"image\/jpeg"}],"author":"mkajic","twitter_card":"summary_large_image","twitter_creator":"@evropska_kuca","twitter_site":"@evropska_kuca","twitter_misc":{"Written by":"mkajic","Est. reading time":"3 minutes"},"schema":{"@context":"https:\/\/schema.org","@graph":[{"@type":"Article","@id":"https:\/\/www.evropskakuca.me\/me\/konkurs-za-izradu-10-tekstova-priloga-koji-se-ticu-napada-prijetnji-i-zastrasivanja-novinara\/#article","isPartOf":{"@id":"https:\/\/www.evropskakuca.me\/me\/konkurs-za-izradu-10-tekstova-priloga-koji-se-ticu-napada-prijetnji-i-zastrasivanja-novinara\/"},"author":{"name":"mkajic","@id":"https:\/\/www.evropskakuca.me\/me\/#\/schema\/person\/a1d0dcdaefe4a1cd1d60d200ea137ba4"},"headline":"Konkurs za tekstove koji se ti\u010du napada na novinare","datePublished":"2024-03-05T13:30:15+00:00","dateModified":"2025-02-10T10:21:27+00:00","mainEntityOfPage":{"@id":"https:\/\/www.evropskakuca.me\/me\/konkurs-za-izradu-10-tekstova-priloga-koji-se-ticu-napada-prijetnji-i-zastrasivanja-novinara\/"},"wordCount":492,"publisher":{"@id":"https:\/\/www.evropskakuca.me\/me\/#organization"},"image":{"@id":"https:\/\/www.evropskakuca.me\/me\/konkurs-za-izradu-10-tekstova-priloga-koji-se-ticu-napada-prijetnji-i-zastrasivanja-novinara\/#primaryimage"},"thumbnailUrl":"https:\/\/www.evropskakuca.me\/wp-content\/uploads\/2024\/03\/FRO_5227-scaled.jpg","articleSection":["Uncategorized @me"],"inLanguage":"me-ME"},{"@type":"WebPage","@id":"https:\/\/www.evropskakuca.me\/me\/konkurs-za-izradu-10-tekstova-priloga-koji-se-ticu-napada-prijetnji-i-zastrasivanja-novinara\/","url":"https:\/\/www.evropskakuca.me\/me\/konkurs-za-izradu-10-tekstova-priloga-koji-se-ticu-napada-prijetnji-i-zastrasivanja-novinara\/","name":"Konkurs za tekstove koji se ti\u010du napada na novinare - Europe House","isPartOf":{"@id":"https:\/\/www.evropskakuca.me\/me\/#website"},"primaryImageOfPage":{"@id":"https:\/\/www.evropskakuca.me\/me\/konkurs-za-izradu-10-tekstova-priloga-koji-se-ticu-napada-prijetnji-i-zastrasivanja-novinara\/#primaryimage"},"image":{"@id":"https:\/\/www.evropskakuca.me\/me\/konkurs-za-izradu-10-tekstova-priloga-koji-se-ticu-napada-prijetnji-i-zastrasivanja-novinara\/#primaryimage"},"thumbnailUrl":"https:\/\/www.evropskakuca.me\/wp-content\/uploads\/2024\/03\/FRO_5227-scaled.jpg","datePublished":"2024-03-05T13:30:15+00:00","dateModified":"2025-02-10T10:21:27+00:00","breadcrumb":{"@id":"https:\/\/www.evropskakuca.me\/me\/konkurs-za-izradu-10-tekstova-priloga-koji-se-ticu-napada-prijetnji-i-zastrasivanja-novinara\/#breadcrumb"},"inLanguage":"me-ME","potentialAction":[{"@type":"ReadAction","target":["https:\/\/www.evropskakuca.me\/me\/konkurs-za-izradu-10-tekstova-priloga-koji-se-ticu-napada-prijetnji-i-zastrasivanja-novinara\/"]}]},{"@type":"ImageObject","inLanguage":"me-ME","@id":"https:\/\/www.evropskakuca.me\/me\/konkurs-za-izradu-10-tekstova-priloga-koji-se-ticu-napada-prijetnji-i-zastrasivanja-novinara\/#primaryimage","url":"https:\/\/www.evropskakuca.me\/wp-content\/uploads\/2024\/03\/FRO_5227-scaled.jpg","contentUrl":"https:\/\/www.evropskakuca.me\/wp-content\/uploads\/2024\/03\/FRO_5227-scaled.jpg","width":2560,"height":1707},{"@type":"BreadcrumbList","@id":"https:\/\/www.evropskakuca.me\/me\/konkurs-za-izradu-10-tekstova-priloga-koji-se-ticu-napada-prijetnji-i-zastrasivanja-novinara\/#breadcrumb","itemListElement":[{"@type":"ListItem","position":1,"name":"Home","item":"https:\/\/www.evropskakuca.me\/me\/"},{"@type":"ListItem","position":2,"name":"Konkurs za tekstove koji se ti\u010du napada na novinare"}]},{"@type":"WebSite","@id":"https:\/\/www.evropskakuca.me\/me\/#website","url":"https:\/\/www.evropskakuca.me\/me\/","name":"Evropean house","description":"","publisher":{"@id":"https:\/\/www.evropskakuca.me\/me\/#organization"},"potentialAction":[{"@type":"SearchAction","target":{"@type":"EntryPoint","urlTemplate":"https:\/\/www.evropskakuca.me\/me\/?s={search_term_string}"},"query-input":{"@type":"PropertyValueSpecification","valueRequired":true,"valueName":"search_term_string"}}],"inLanguage":"me-ME"},{"@type":"Organization","@id":"https:\/\/www.evropskakuca.me\/me\/#organization","name":"Evropean house","url":"https:\/\/www.evropskakuca.me\/me\/","logo":{"@type":"ImageObject","inLanguage":"me-ME","@id":"https:\/\/www.evropskakuca.me\/me\/#\/schema\/logo\/image\/","url":"https:\/\/www.evropskakuca.me\/wp-content\/uploads\/2025\/01\/evropska-kuca-logo-1.png","contentUrl":"https:\/\/www.evropskakuca.me\/wp-content\/uploads\/2025\/01\/evropska-kuca-logo-1.png","width":425,"height":312,"caption":"Evropean house"},"image":{"@id":"https:\/\/www.evropskakuca.me\/me\/#\/schema\/logo\/image\/"},"sameAs":["https:\/\/www.facebook.com\/evropska.kuca","https:\/\/x.com\/evropska_kuca","https:\/\/www.instagram.com\/evropska_kuca"]},{"@type":"Person","@id":"https:\/\/www.evropskakuca.me\/me\/#\/schema\/person\/a1d0dcdaefe4a1cd1d60d200ea137ba4","name":"mkajic","image":{"@type":"ImageObject","inLanguage":"me-ME","@id":"https:\/\/secure.gravatar.com\/avatar\/731fa035cefab7316e6bafd1f25a93fb731a07de14e2d9923f8db4422628eabc?s=96&d=mm&r=g","url":"https:\/\/secure.gravatar.com\/avatar\/731fa035cefab7316e6bafd1f25a93fb731a07de14e2d9923f8db4422628eabc?s=96&d=mm&r=g","contentUrl":"https:\/\/secure.gravatar.com\/avatar\/731fa035cefab7316e6bafd1f25a93fb731a07de14e2d9923f8db4422628eabc?s=96&d=mm&r=g","caption":"mkajic"},"sameAs":["https:\/\/evropskakuca.me"],"url":"https:\/\/www.evropskakuca.me\/me\/author\/mkajic\/"}]}},"_links":{"self":[{"href":"https:\/\/www.evropskakuca.me\/me\/wp-json\/wp\/v2\/posts\/28752","targetHints":{"allow":["GET"]}}],"collection":[{"href":"https:\/\/www.evropskakuca.me\/me\/wp-json\/wp\/v2\/posts"}],"about":[{"href":"https:\/\/www.evropskakuca.me\/me\/wp-json\/wp\/v2\/types\/post"}],"author":[{"embeddable":true,"href":"https:\/\/www.evropskakuca.me\/me\/wp-json\/wp\/v2\/users\/1"}],"replies":[{"embeddable":true,"href":"https:\/\/www.evropskakuca.me\/me\/wp-json\/wp\/v2\/comments?post=28752"}],"version-history":[{"count":1,"href":"https:\/\/www.evropskakuca.me\/me\/wp-json\/wp\/v2\/posts\/28752\/revisions"}],"predecessor-version":[{"id":42969,"href":"https:\/\/www.evropskakuca.me\/me\/wp-json\/wp\/v2\/posts\/28752\/revisions\/42969"}],"wp:featuredmedia":[{"embeddable":true,"href":"https:\/\/www.evropskakuca.me\/me\/wp-json\/wp\/v2\/media\/42968"}],"wp:attachment":[{"href":"https:\/\/www.evropskakuca.me\/me\/wp-json\/wp\/v2\/media?parent=28752"}],"wp:term":[{"taxonomy":"category","embeddable":true,"href":"https:\/\/www.evropskakuca.me\/me\/wp-json\/wp\/v2\/categories?post=28752"},{"taxonomy":"post_tag","embeddable":true,"href":"https:\/\/www.evropskakuca.me\/me\/wp-json\/wp\/v2\/tags?post=28752"}],"curies":[{"name":"wp","href":"https:\/\/api.w.org\/{rel}","templated":true}]}}