{"id":28739,"date":"2024-03-05T12:28:34","date_gmt":"2024-03-05T12:28:34","guid":{"rendered":"https:\/\/evropskakuca.me\/?p=28739"},"modified":"2025-02-10T10:22:26","modified_gmt":"2025-02-10T10:22:26","slug":"pejzazi-pod-staklenim-zvonom","status":"publish","type":"post","link":"https:\/\/www.evropskakuca.me\/me\/pejzazi-pod-staklenim-zvonom\/","title":{"rendered":"Terarijumi &#8211; pejza\u017ei pod staklenim zvonom"},"content":{"rendered":"<p style=\"text-align: center;\"><strong>Razgovor sa Marijom Markovi\u0107 (Marun)<\/strong><\/p>\n<p>&nbsp;<\/p>\n<p>&#8221;Uvijek su me hipnotisali predmeti od stakla, sve \u0161to je nedodirljivo i sakriveno, a terarijumi su kao pejza\u017ei pod staklenim zvonom&#8221;<\/p>\n<p>\u010cudesna sudbina Ameli Pulen koja voli jednostavan zivot, u\u017eiva u malim stvarima i poku\u0161ava da usre\u0107i ljude oko sebe, mo\u017ee da se uporedi sa \u017eivotom Marije Markovi\u0107 koju mnogi znaju kao Maruna.<\/p>\n<p style=\"text-align: center;\"><img fetchpriority=\"high\" decoding=\"async\" class=\"alignnone size-large wp-image-28740\" src=\"https:\/\/evropskakuca.me\/wp-content\/uploads\/2024\/03\/Evropska-kuca-Marija-968x1024.png\" alt=\"\" width=\"968\" height=\"1024\" \/><\/p>\n<p>Ili bar Marija mo\u017ee da se uporedi sa Ameli po svom \u0161armu koji je krasi i \u017eelji da usre\u0107i biljke koje je okru\u017euju.<\/p>\n<blockquote><p>Marija je jedinstvena i kreativna. Svoju ljubav prema biljkama njeguje jo\u0161 od djetinjstva.<\/p><\/blockquote>\n<p>&#8221;Kao dijete sam sa prozora babine sobe posmatrala krov stare zgrade pored na\u0161e, crijep je bio crveno more a mahovine su bile ostrva&#8221;, prisje\u0107a se Marija i dodaje: &#8221;sad sve moje opsesije iz djetinjstva imaju smisla, \u010dak i mani\u010dno sakupljanje kamenja, jer svaki na\u0111e svoje mjesto u mojim ba\u0161tama&#8221;.<\/p>\n\n<blockquote><p>Marija Markovi\u0107\u00a0 je grafi\u010dka dizajnerka koja je ljubav prema biljkama pretvorila u pravo zanimanje i bavi se izradom terarijuma.<\/p><\/blockquote>\n<p>&#8221;Mo\u017eda je najlak\u0161e re\u0107i da sam &#8221;rukatna&#8221;, umijem da napravim gotovo sve \u0161to zamislim&#8221;, obja\u0161njava ona u razgovoru za Evropsku ku\u0107u.<\/p>\n<blockquote><p>Ponekad bi voljela da ima mo\u0107 smanjivanja, da u\u0111e u terarijume kad joj treba mir.<\/p><\/blockquote>\n<p>Dugo je \u017eeljela da postane arheolo\u0161kinja. Ubrzo je, kako ka\u017ee, shvatila da je jedino umjetnost dovoljno prikladna njenoj &#8221;\u010dulnosti&#8221;.<\/p>\n<p><img decoding=\"async\" class=\"alignnone size-large wp-image-28746\" src=\"https:\/\/evropskakuca.me\/wp-content\/uploads\/2024\/03\/FRO_3914-1024x683.jpg\" alt=\"\" width=\"1024\" height=\"683\" \/><\/p>\n<p>&#8221;Tokom studija grafi\u010dkog dizajna su se probudile\u00a0 zaboravljene ljubavi iz djetinjstva &#8211; ilustracija i stop motion animacija. Ispunila sam sebi i te \u017eelje, i napravila par kratkih animiranih filmova&#8221;, prisje\u0107a se Marija.<\/p>\n<p>Biljke gaji oduvijek, ili se bar tako \u010dini. Kako ka\u017ee, bilo je te\u0161ko odoljeti uz babu i majku koje tepaju ljubi\u010dicama.<\/p>\n<p>&#8221;Nisam ih posmatrala kao sredstvo izra\u017eaja dok u jednom filmu nisam vidjela neobi\u010dan\u00a0 terarijum u obliku staklene ba\u0161te, tada sam po\u010dela da istra\u017eujem, htjela sam ga za sebe! Dugo je trajalo upoznavanje sa delikatnim ekosistemima, i svakog dana uo\u010dim ili saznam ne\u0161to novo&#8221;, obja\u0161njava ona.<\/p>\n<p>Kako Marija\u00a0nagla\u0161ava\u00a0nigdje nije pustila korijenje jer je sve bilo proba.<\/p>\n<p>&#8221;Taj pristup mi je donio samo dobro, dala sam sebi slobodu i vrijeme da biram i da se igram, i iz toga se rodilo mnogo lijepih djela na koje sam ponosna&#8221;, dodaje ona.<\/p>\n<p>Okru\u017eena je divnim, toplim ljudima i to je motivi\u0161e.<\/p>\n<blockquote><p>Od svih izazova koje donosi ovaj neobi\u010dan hobi ili posao, u Crnoj Gori je, kako isti\u010de, nabavka materijala najve\u0107i problem.<\/p><\/blockquote>\n<p>&#8221;Moje prve biljke, staklenke, \u010dak i alati bili su suveniri sa putovanja&#8221;, dodaje Marija.<\/p>\n<p>Djevojkama i \u017eenama poru\u010duje da planiraju svoje korake, ali usput, jer je tako zabavnije.<\/p>\n<p><img decoding=\"async\" class=\"alignnone size-large wp-image-28660\" src=\"https:\/\/evropskakuca.me\/wp-content\/uploads\/2024\/03\/Evropska-kuca-1-2560x1440-1-1024x576.jpg\" alt=\"\" width=\"1024\" height=\"576\" \/><\/p>\n<p>&nbsp;<\/p>\n","protected":false},"excerpt":{"rendered":"<p>Razgovor sa Marijom Markovi\u0107 (Marun) &nbsp; &#8221;Uvijek su me hipnotisali predmeti od stakla, sve \u0161to je nedodirljivo i sakriveno, a terarijumi su kao pejza\u017ei pod staklenim zvonom&#8221; \u010cudesna sudbina Ameli Pulen koja voli jednostavan zivot, u\u017eiva u malim stvarima i poku\u0161ava da usre\u0107i ljude oko sebe, mo\u017ee da se uporedi sa \u017eivotom Marije Markovi\u0107 koju [&hellip;]<\/p>\n","protected":false},"author":1,"featured_media":40751,"comment_status":"closed","ping_status":"closed","sticky":false,"template":"","format":"standard","meta":{"_acf_changed":false,"footnotes":""},"categories":[2],"tags":[],"class_list":["post-28739","post","type-post","status-publish","format-standard","has-post-thumbnail","hentry","category-uncategorized-me"],"acf":[],"yoast_head":"<!-- This site is optimized with the Yoast SEO plugin v27.3 - https:\/\/yoast.com\/product\/yoast-seo-wordpress\/ -->\n<title>Terarijumi - pejza\u017ei pod staklenim zvonom - Europe House<\/title>\n<meta name=\"robots\" content=\"index, follow, max-snippet:-1, max-image-preview:large, max-video-preview:-1\" \/>\n<link rel=\"canonical\" href=\"https:\/\/www.evropskakuca.me\/me\/pejzazi-pod-staklenim-zvonom\/\" \/>\n<meta property=\"og:locale\" content=\"en_US\" \/>\n<meta property=\"og:type\" content=\"article\" \/>\n<meta property=\"og:title\" content=\"Terarijumi - pejza\u017ei pod staklenim zvonom - Europe House\" \/>\n<meta property=\"og:description\" content=\"Razgovor sa Marijom Markovi\u0107 (Marun) &nbsp; &#8221;Uvijek su me hipnotisali predmeti od stakla, sve \u0161to je nedodirljivo i sakriveno, a terarijumi su kao pejza\u017ei pod staklenim zvonom&#8221; \u010cudesna sudbina Ameli Pulen koja voli jednostavan zivot, u\u017eiva u malim stvarima i poku\u0161ava da usre\u0107i ljude oko sebe, mo\u017ee da se uporedi sa \u017eivotom Marije Markovi\u0107 koju [&hellip;]\" \/>\n<meta property=\"og:url\" content=\"https:\/\/www.evropskakuca.me\/me\/pejzazi-pod-staklenim-zvonom\/\" \/>\n<meta property=\"og:site_name\" content=\"Europe House\" \/>\n<meta property=\"article:publisher\" content=\"https:\/\/www.facebook.com\/evropska.kuca\" \/>\n<meta property=\"article:published_time\" content=\"2024-03-05T12:28:34+00:00\" \/>\n<meta property=\"article:modified_time\" content=\"2025-02-10T10:22:26+00:00\" \/>\n<meta property=\"og:image\" content=\"https:\/\/www.evropskakuca.me\/wp-content\/uploads\/2024\/03\/Marija-Markovic.jpg\" \/>\n\t<meta property=\"og:image:width\" content=\"2560\" \/>\n\t<meta property=\"og:image:height\" content=\"1707\" \/>\n\t<meta property=\"og:image:type\" content=\"image\/jpeg\" \/>\n<meta name=\"author\" content=\"mkajic\" \/>\n<meta name=\"twitter:card\" content=\"summary_large_image\" \/>\n<meta name=\"twitter:creator\" content=\"@evropska_kuca\" \/>\n<meta name=\"twitter:site\" content=\"@evropska_kuca\" \/>\n<meta name=\"twitter:label1\" content=\"Written by\" \/>\n\t<meta name=\"twitter:data1\" content=\"mkajic\" \/>\n\t<meta name=\"twitter:label2\" content=\"Est. reading time\" \/>\n\t<meta name=\"twitter:data2\" content=\"3 minutes\" \/>\n<script type=\"application\/ld+json\" class=\"yoast-schema-graph\">{\"@context\":\"https:\\\/\\\/schema.org\",\"@graph\":[{\"@type\":\"Article\",\"@id\":\"https:\\\/\\\/www.evropskakuca.me\\\/me\\\/pejzazi-pod-staklenim-zvonom\\\/#article\",\"isPartOf\":{\"@id\":\"https:\\\/\\\/www.evropskakuca.me\\\/me\\\/pejzazi-pod-staklenim-zvonom\\\/\"},\"author\":{\"name\":\"mkajic\",\"@id\":\"https:\\\/\\\/www.evropskakuca.me\\\/me\\\/#\\\/schema\\\/person\\\/a1d0dcdaefe4a1cd1d60d200ea137ba4\"},\"headline\":\"Terarijumi &#8211; pejza\u017ei pod staklenim zvonom\",\"datePublished\":\"2024-03-05T12:28:34+00:00\",\"dateModified\":\"2025-02-10T10:22:26+00:00\",\"mainEntityOfPage\":{\"@id\":\"https:\\\/\\\/www.evropskakuca.me\\\/me\\\/pejzazi-pod-staklenim-zvonom\\\/\"},\"wordCount\":473,\"publisher\":{\"@id\":\"https:\\\/\\\/www.evropskakuca.me\\\/me\\\/#organization\"},\"image\":{\"@id\":\"https:\\\/\\\/www.evropskakuca.me\\\/me\\\/pejzazi-pod-staklenim-zvonom\\\/#primaryimage\"},\"thumbnailUrl\":\"https:\\\/\\\/www.evropskakuca.me\\\/wp-content\\\/uploads\\\/2024\\\/03\\\/Marija-Markovic.jpg\",\"articleSection\":[\"Uncategorized @me\"],\"inLanguage\":\"me-ME\"},{\"@type\":\"WebPage\",\"@id\":\"https:\\\/\\\/www.evropskakuca.me\\\/me\\\/pejzazi-pod-staklenim-zvonom\\\/\",\"url\":\"https:\\\/\\\/www.evropskakuca.me\\\/me\\\/pejzazi-pod-staklenim-zvonom\\\/\",\"name\":\"Terarijumi - pejza\u017ei pod staklenim zvonom - Europe House\",\"isPartOf\":{\"@id\":\"https:\\\/\\\/www.evropskakuca.me\\\/me\\\/#website\"},\"primaryImageOfPage\":{\"@id\":\"https:\\\/\\\/www.evropskakuca.me\\\/me\\\/pejzazi-pod-staklenim-zvonom\\\/#primaryimage\"},\"image\":{\"@id\":\"https:\\\/\\\/www.evropskakuca.me\\\/me\\\/pejzazi-pod-staklenim-zvonom\\\/#primaryimage\"},\"thumbnailUrl\":\"https:\\\/\\\/www.evropskakuca.me\\\/wp-content\\\/uploads\\\/2024\\\/03\\\/Marija-Markovic.jpg\",\"datePublished\":\"2024-03-05T12:28:34+00:00\",\"dateModified\":\"2025-02-10T10:22:26+00:00\",\"breadcrumb\":{\"@id\":\"https:\\\/\\\/www.evropskakuca.me\\\/me\\\/pejzazi-pod-staklenim-zvonom\\\/#breadcrumb\"},\"inLanguage\":\"me-ME\",\"potentialAction\":[{\"@type\":\"ReadAction\",\"target\":[\"https:\\\/\\\/www.evropskakuca.me\\\/me\\\/pejzazi-pod-staklenim-zvonom\\\/\"]}]},{\"@type\":\"ImageObject\",\"inLanguage\":\"me-ME\",\"@id\":\"https:\\\/\\\/www.evropskakuca.me\\\/me\\\/pejzazi-pod-staklenim-zvonom\\\/#primaryimage\",\"url\":\"https:\\\/\\\/www.evropskakuca.me\\\/wp-content\\\/uploads\\\/2024\\\/03\\\/Marija-Markovic.jpg\",\"contentUrl\":\"https:\\\/\\\/www.evropskakuca.me\\\/wp-content\\\/uploads\\\/2024\\\/03\\\/Marija-Markovic.jpg\",\"width\":2560,\"height\":1707},{\"@type\":\"BreadcrumbList\",\"@id\":\"https:\\\/\\\/www.evropskakuca.me\\\/me\\\/pejzazi-pod-staklenim-zvonom\\\/#breadcrumb\",\"itemListElement\":[{\"@type\":\"ListItem\",\"position\":1,\"name\":\"Home\",\"item\":\"https:\\\/\\\/www.evropskakuca.me\\\/me\\\/\"},{\"@type\":\"ListItem\",\"position\":2,\"name\":\"Terarijumi &#8211; pejza\u017ei pod staklenim zvonom\"}]},{\"@type\":\"WebSite\",\"@id\":\"https:\\\/\\\/www.evropskakuca.me\\\/me\\\/#website\",\"url\":\"https:\\\/\\\/www.evropskakuca.me\\\/me\\\/\",\"name\":\"Evropean house\",\"description\":\"\",\"publisher\":{\"@id\":\"https:\\\/\\\/www.evropskakuca.me\\\/me\\\/#organization\"},\"potentialAction\":[{\"@type\":\"SearchAction\",\"target\":{\"@type\":\"EntryPoint\",\"urlTemplate\":\"https:\\\/\\\/www.evropskakuca.me\\\/me\\\/?s={search_term_string}\"},\"query-input\":{\"@type\":\"PropertyValueSpecification\",\"valueRequired\":true,\"valueName\":\"search_term_string\"}}],\"inLanguage\":\"me-ME\"},{\"@type\":\"Organization\",\"@id\":\"https:\\\/\\\/www.evropskakuca.me\\\/me\\\/#organization\",\"name\":\"Evropean house\",\"url\":\"https:\\\/\\\/www.evropskakuca.me\\\/me\\\/\",\"logo\":{\"@type\":\"ImageObject\",\"inLanguage\":\"me-ME\",\"@id\":\"https:\\\/\\\/www.evropskakuca.me\\\/me\\\/#\\\/schema\\\/logo\\\/image\\\/\",\"url\":\"https:\\\/\\\/www.evropskakuca.me\\\/wp-content\\\/uploads\\\/2025\\\/01\\\/evropska-kuca-logo-1.png\",\"contentUrl\":\"https:\\\/\\\/www.evropskakuca.me\\\/wp-content\\\/uploads\\\/2025\\\/01\\\/evropska-kuca-logo-1.png\",\"width\":425,\"height\":312,\"caption\":\"Evropean house\"},\"image\":{\"@id\":\"https:\\\/\\\/www.evropskakuca.me\\\/me\\\/#\\\/schema\\\/logo\\\/image\\\/\"},\"sameAs\":[\"https:\\\/\\\/www.facebook.com\\\/evropska.kuca\",\"https:\\\/\\\/x.com\\\/evropska_kuca\",\"https:\\\/\\\/www.instagram.com\\\/evropska_kuca\"]},{\"@type\":\"Person\",\"@id\":\"https:\\\/\\\/www.evropskakuca.me\\\/me\\\/#\\\/schema\\\/person\\\/a1d0dcdaefe4a1cd1d60d200ea137ba4\",\"name\":\"mkajic\",\"image\":{\"@type\":\"ImageObject\",\"inLanguage\":\"me-ME\",\"@id\":\"https:\\\/\\\/secure.gravatar.com\\\/avatar\\\/731fa035cefab7316e6bafd1f25a93fb731a07de14e2d9923f8db4422628eabc?s=96&d=mm&r=g\",\"url\":\"https:\\\/\\\/secure.gravatar.com\\\/avatar\\\/731fa035cefab7316e6bafd1f25a93fb731a07de14e2d9923f8db4422628eabc?s=96&d=mm&r=g\",\"contentUrl\":\"https:\\\/\\\/secure.gravatar.com\\\/avatar\\\/731fa035cefab7316e6bafd1f25a93fb731a07de14e2d9923f8db4422628eabc?s=96&d=mm&r=g\",\"caption\":\"mkajic\"},\"sameAs\":[\"https:\\\/\\\/evropskakuca.me\"],\"url\":\"https:\\\/\\\/www.evropskakuca.me\\\/me\\\/author\\\/mkajic\\\/\"}]}<\/script>\n<!-- \/ Yoast SEO plugin. -->","yoast_head_json":{"title":"Terarijumi - pejza\u017ei pod staklenim zvonom - Europe House","robots":{"index":"index","follow":"follow","max-snippet":"max-snippet:-1","max-image-preview":"max-image-preview:large","max-video-preview":"max-video-preview:-1"},"canonical":"https:\/\/www.evropskakuca.me\/me\/pejzazi-pod-staklenim-zvonom\/","og_locale":"en_US","og_type":"article","og_title":"Terarijumi - pejza\u017ei pod staklenim zvonom - Europe House","og_description":"Razgovor sa Marijom Markovi\u0107 (Marun) &nbsp; &#8221;Uvijek su me hipnotisali predmeti od stakla, sve \u0161to je nedodirljivo i sakriveno, a terarijumi su kao pejza\u017ei pod staklenim zvonom&#8221; \u010cudesna sudbina Ameli Pulen koja voli jednostavan zivot, u\u017eiva u malim stvarima i poku\u0161ava da usre\u0107i ljude oko sebe, mo\u017ee da se uporedi sa \u017eivotom Marije Markovi\u0107 koju [&hellip;]","og_url":"https:\/\/www.evropskakuca.me\/me\/pejzazi-pod-staklenim-zvonom\/","og_site_name":"Europe House","article_publisher":"https:\/\/www.facebook.com\/evropska.kuca","article_published_time":"2024-03-05T12:28:34+00:00","article_modified_time":"2025-02-10T10:22:26+00:00","og_image":[{"width":2560,"height":1707,"url":"https:\/\/www.evropskakuca.me\/wp-content\/uploads\/2024\/03\/Marija-Markovic.jpg","type":"image\/jpeg"}],"author":"mkajic","twitter_card":"summary_large_image","twitter_creator":"@evropska_kuca","twitter_site":"@evropska_kuca","twitter_misc":{"Written by":"mkajic","Est. reading time":"3 minutes"},"schema":{"@context":"https:\/\/schema.org","@graph":[{"@type":"Article","@id":"https:\/\/www.evropskakuca.me\/me\/pejzazi-pod-staklenim-zvonom\/#article","isPartOf":{"@id":"https:\/\/www.evropskakuca.me\/me\/pejzazi-pod-staklenim-zvonom\/"},"author":{"name":"mkajic","@id":"https:\/\/www.evropskakuca.me\/me\/#\/schema\/person\/a1d0dcdaefe4a1cd1d60d200ea137ba4"},"headline":"Terarijumi &#8211; pejza\u017ei pod staklenim zvonom","datePublished":"2024-03-05T12:28:34+00:00","dateModified":"2025-02-10T10:22:26+00:00","mainEntityOfPage":{"@id":"https:\/\/www.evropskakuca.me\/me\/pejzazi-pod-staklenim-zvonom\/"},"wordCount":473,"publisher":{"@id":"https:\/\/www.evropskakuca.me\/me\/#organization"},"image":{"@id":"https:\/\/www.evropskakuca.me\/me\/pejzazi-pod-staklenim-zvonom\/#primaryimage"},"thumbnailUrl":"https:\/\/www.evropskakuca.me\/wp-content\/uploads\/2024\/03\/Marija-Markovic.jpg","articleSection":["Uncategorized @me"],"inLanguage":"me-ME"},{"@type":"WebPage","@id":"https:\/\/www.evropskakuca.me\/me\/pejzazi-pod-staklenim-zvonom\/","url":"https:\/\/www.evropskakuca.me\/me\/pejzazi-pod-staklenim-zvonom\/","name":"Terarijumi - pejza\u017ei pod staklenim zvonom - Europe House","isPartOf":{"@id":"https:\/\/www.evropskakuca.me\/me\/#website"},"primaryImageOfPage":{"@id":"https:\/\/www.evropskakuca.me\/me\/pejzazi-pod-staklenim-zvonom\/#primaryimage"},"image":{"@id":"https:\/\/www.evropskakuca.me\/me\/pejzazi-pod-staklenim-zvonom\/#primaryimage"},"thumbnailUrl":"https:\/\/www.evropskakuca.me\/wp-content\/uploads\/2024\/03\/Marija-Markovic.jpg","datePublished":"2024-03-05T12:28:34+00:00","dateModified":"2025-02-10T10:22:26+00:00","breadcrumb":{"@id":"https:\/\/www.evropskakuca.me\/me\/pejzazi-pod-staklenim-zvonom\/#breadcrumb"},"inLanguage":"me-ME","potentialAction":[{"@type":"ReadAction","target":["https:\/\/www.evropskakuca.me\/me\/pejzazi-pod-staklenim-zvonom\/"]}]},{"@type":"ImageObject","inLanguage":"me-ME","@id":"https:\/\/www.evropskakuca.me\/me\/pejzazi-pod-staklenim-zvonom\/#primaryimage","url":"https:\/\/www.evropskakuca.me\/wp-content\/uploads\/2024\/03\/Marija-Markovic.jpg","contentUrl":"https:\/\/www.evropskakuca.me\/wp-content\/uploads\/2024\/03\/Marija-Markovic.jpg","width":2560,"height":1707},{"@type":"BreadcrumbList","@id":"https:\/\/www.evropskakuca.me\/me\/pejzazi-pod-staklenim-zvonom\/#breadcrumb","itemListElement":[{"@type":"ListItem","position":1,"name":"Home","item":"https:\/\/www.evropskakuca.me\/me\/"},{"@type":"ListItem","position":2,"name":"Terarijumi &#8211; pejza\u017ei pod staklenim zvonom"}]},{"@type":"WebSite","@id":"https:\/\/www.evropskakuca.me\/me\/#website","url":"https:\/\/www.evropskakuca.me\/me\/","name":"Evropean house","description":"","publisher":{"@id":"https:\/\/www.evropskakuca.me\/me\/#organization"},"potentialAction":[{"@type":"SearchAction","target":{"@type":"EntryPoint","urlTemplate":"https:\/\/www.evropskakuca.me\/me\/?s={search_term_string}"},"query-input":{"@type":"PropertyValueSpecification","valueRequired":true,"valueName":"search_term_string"}}],"inLanguage":"me-ME"},{"@type":"Organization","@id":"https:\/\/www.evropskakuca.me\/me\/#organization","name":"Evropean house","url":"https:\/\/www.evropskakuca.me\/me\/","logo":{"@type":"ImageObject","inLanguage":"me-ME","@id":"https:\/\/www.evropskakuca.me\/me\/#\/schema\/logo\/image\/","url":"https:\/\/www.evropskakuca.me\/wp-content\/uploads\/2025\/01\/evropska-kuca-logo-1.png","contentUrl":"https:\/\/www.evropskakuca.me\/wp-content\/uploads\/2025\/01\/evropska-kuca-logo-1.png","width":425,"height":312,"caption":"Evropean house"},"image":{"@id":"https:\/\/www.evropskakuca.me\/me\/#\/schema\/logo\/image\/"},"sameAs":["https:\/\/www.facebook.com\/evropska.kuca","https:\/\/x.com\/evropska_kuca","https:\/\/www.instagram.com\/evropska_kuca"]},{"@type":"Person","@id":"https:\/\/www.evropskakuca.me\/me\/#\/schema\/person\/a1d0dcdaefe4a1cd1d60d200ea137ba4","name":"mkajic","image":{"@type":"ImageObject","inLanguage":"me-ME","@id":"https:\/\/secure.gravatar.com\/avatar\/731fa035cefab7316e6bafd1f25a93fb731a07de14e2d9923f8db4422628eabc?s=96&d=mm&r=g","url":"https:\/\/secure.gravatar.com\/avatar\/731fa035cefab7316e6bafd1f25a93fb731a07de14e2d9923f8db4422628eabc?s=96&d=mm&r=g","contentUrl":"https:\/\/secure.gravatar.com\/avatar\/731fa035cefab7316e6bafd1f25a93fb731a07de14e2d9923f8db4422628eabc?s=96&d=mm&r=g","caption":"mkajic"},"sameAs":["https:\/\/evropskakuca.me"],"url":"https:\/\/www.evropskakuca.me\/me\/author\/mkajic\/"}]}},"_links":{"self":[{"href":"https:\/\/www.evropskakuca.me\/me\/wp-json\/wp\/v2\/posts\/28739","targetHints":{"allow":["GET"]}}],"collection":[{"href":"https:\/\/www.evropskakuca.me\/me\/wp-json\/wp\/v2\/posts"}],"about":[{"href":"https:\/\/www.evropskakuca.me\/me\/wp-json\/wp\/v2\/types\/post"}],"author":[{"embeddable":true,"href":"https:\/\/www.evropskakuca.me\/me\/wp-json\/wp\/v2\/users\/1"}],"replies":[{"embeddable":true,"href":"https:\/\/www.evropskakuca.me\/me\/wp-json\/wp\/v2\/comments?post=28739"}],"version-history":[{"count":1,"href":"https:\/\/www.evropskakuca.me\/me\/wp-json\/wp\/v2\/posts\/28739\/revisions"}],"predecessor-version":[{"id":42970,"href":"https:\/\/www.evropskakuca.me\/me\/wp-json\/wp\/v2\/posts\/28739\/revisions\/42970"}],"wp:featuredmedia":[{"embeddable":true,"href":"https:\/\/www.evropskakuca.me\/me\/wp-json\/wp\/v2\/media\/40751"}],"wp:attachment":[{"href":"https:\/\/www.evropskakuca.me\/me\/wp-json\/wp\/v2\/media?parent=28739"}],"wp:term":[{"taxonomy":"category","embeddable":true,"href":"https:\/\/www.evropskakuca.me\/me\/wp-json\/wp\/v2\/categories?post=28739"},{"taxonomy":"post_tag","embeddable":true,"href":"https:\/\/www.evropskakuca.me\/me\/wp-json\/wp\/v2\/tags?post=28739"}],"curies":[{"name":"wp","href":"https:\/\/api.w.org\/{rel}","templated":true}]}}