{"id":28648,"date":"2024-03-01T10:33:26","date_gmt":"2024-03-01T10:33:26","guid":{"rendered":"https:\/\/evropskakuca.me\/?p=28648"},"modified":"2025-02-10T10:28:24","modified_gmt":"2025-02-10T10:28:24","slug":"panel-odrziva-energija-i-ekonomski-razvoj-kako-obnovljiva-energija-doprinosi-odrzan-u-evropskoj-kuci","status":"publish","type":"post","link":"https:\/\/www.evropskakuca.me\/me\/panel-odrziva-energija-i-ekonomski-razvoj-kako-obnovljiva-energija-doprinosi-odrzan-u-evropskoj-kuci\/","title":{"rendered":"Panel: Koliki je doprinos obnovljive energije"},"content":{"rendered":"<p style=\"text-align: center;\"><strong>Zelena energija donosi i zelene poslove<\/strong><\/p>\n<p>&#8220;\u010citav svijet \u010deka globalna energetska transformacija. Mi, kao Crna Gora, moramo da pratimo globalne trendove da ne bismo ostali zarobljeni u konvencionalnim izvorima energije\u2019\u2019, poru\u010dila je direktorica Centra za klimatske promjene UDG, <strong>Ivana Vojinovi\u0107<\/strong> na panelu \u2018\u2019Odr\u017eiva energija i ekonomski razvoj: kako obnovljiva energija doprinosi&#8221;, odr\u017eanom u Evropskoj ku\u0107i.<\/p>\n<p><img fetchpriority=\"high\" decoding=\"async\" class=\"alignnone size-large wp-image-28651\" src=\"https:\/\/evropskakuca.me\/wp-content\/uploads\/2024\/03\/DPP02172-1024x576.jpg\" alt=\"\" width=\"1024\" height=\"576\" \/><\/p>\n<p><strong>Bojan \u0110ordan<\/strong>, izvr\u0161ni rukovodilac funkcionalne cjeline Proizvodnja EPCG, kazao je da je nauka prepoznala ljudski faktor kao glavni uzrok klimatskih promjena i treba da vidimo kako da se izborimo sa tim.<\/p>\n<p>&#8220;Crna Gora je zemlja koja nije iskoristila svoj hidropotencijal. Hidroenergija je ne\u0161to \u0161to je obavezno ukoliko \u017eelimo da iza\u0111emo sa najmanjim stepenom ugro\u017eenosti iz kori\u0161\u0107enja fosilnih goriva&#8221;, istakao\u00a0 je \u0110ordan.<\/p>\n<p><img decoding=\"async\" class=\"alignnone size-large wp-image-28653\" src=\"https:\/\/evropskakuca.me\/wp-content\/uploads\/2024\/03\/DPP02040-1024x576.jpg\" alt=\"\" width=\"1024\" height=\"576\" \/><\/p>\n<p>Kako isti\u010de Vojinovi\u0107, klimatske promjene stvaraju i velike ekonomske gubitke u zemljama koje su pogo\u0111ene, ali i obnovljivi izvori energije su uslovni. &#8220;Klimatske promjene su nas prestigle jer izazivaju su\u0161e. Oslanjanje na hidropotencijal je i pitanje sigurnosti\u2019\u2019, kazala je ona.<\/p>\n<blockquote><p>U Termoelektrani Pljevlja proizvodi se 40 do 50 procenata ukupne proizvodnje elektri\u010dne energije\u00a0proizvedene u Crnoj Gori.<\/p><\/blockquote>\n<p>&#8220;Na\u017ealost, dugo nemamo neke nove izvore energije.\u00a0 Radi se na tome kako da Termoelektrana svoj dio negativnog uticaja svede na minimum a da ne ugrozi dr\u017eavu u energetskom smislu&#8221;, isti\u010de \u0110ordan i dodaje da ne smijemo da izostavimo socijalni pogled na problematiku jer tranzicija mora da bude pravedna.<\/p>\n<p>&#8220;Moramo prvo da odgovorimo na pitanja \u0161ta \u0107e da bude sa ljudima \u010diji je \u017eivotni vijek vezan za takav na\u010din \u017eivota&#8221;, kazao je \u0110ordan.<\/p>\n<p>Kako je kazala <strong>Aleksandra Kikovi\u0107<\/strong>, rukovoditeljka tima za zeleni i inkluzivni rast UNDP, zelena energija donosi i zelene poslove, treba da pripremimo ekonomiju i lokalnu zajednicu na generisanje poslovnih i \u017eivotnih prilika koje ne\u0107e zavisiti od uglja.<\/p>\n<p><img decoding=\"async\" class=\"alignnone size-large wp-image-28655\" src=\"https:\/\/evropskakuca.me\/wp-content\/uploads\/2024\/03\/DPP01965-1024x576.jpg\" alt=\"\" width=\"1024\" height=\"576\" \/><\/p>\n<p>&#8220;Treba da ula\u017eemo u kreiranje novih zelenih radnih mjesta i kvalifikovane radne snage. Mo\u017eemo da imamo rasadnik mladih ljudi koji mogu da daju ogroman doprinos svim ovim procesima&#8221;, kazala je ona.<\/p>\n<blockquote><p>Pravedna zelena tranzicija je smanjenje zavisnosti od fosilnih goriva kroz jedan proces koji \u0107e biti dugotrajan ali mo\u017ee da bude vrlo uspje\u0161an ako se njime pametno upravlja.<\/p><\/blockquote>\n<p>&#8220;Neophodni su mladi ljudi, energetski subjekti, akademska zajednica, donosioci odluka, Evropska unija i inostrani partneri koji \u0107e da podr\u017ee proces&#8221;, kazala je Kikovi\u0107.<\/p>\n<p>Kako je najavio \u0110ordan, Crna Gora \u0107e uskoro dobiti novi vjetropark u blizini Nik\u0161i\u0107a koji \u0107e zna\u010dajno umanjiti udio Termoelektrane.\u00a0 &#8220;Pored proizvodnje moramo da nau\u010dimo i kako da tro\u0161imo energiju ako \u017eelimo da izvr\u0161imo transformaciju&#8221;, kazao je \u0110ordan.<\/p>\n<p>Panel panelu &#8220;Odr\u017eiva energija i ekonomski razvoj: kako obnovljiva energija doprinosi&#8221; odr\u017ean je u okviru kampanje &#8220;Pokrenimo \u010distu energiju&#8221; koju Evropska ku\u0107a realizuje sa Udru\u017eenjem mladih &#8220;Korak sa naukom&#8221; u ime Delegacije Evropske unije u Crnoj Gori.<\/p>\n","protected":false},"excerpt":{"rendered":"<p>Zelena energija donosi i zelene poslove &#8220;\u010citav svijet \u010deka globalna energetska transformacija. Mi, kao Crna Gora, moramo da pratimo globalne trendove da ne bismo ostali zarobljeni u konvencionalnim izvorima energije\u2019\u2019, poru\u010dila je direktorica Centra za klimatske promjene UDG, Ivana Vojinovi\u0107 na panelu \u2018\u2019Odr\u017eiva energija i ekonomski razvoj: kako obnovljiva energija doprinosi&#8221;, odr\u017eanom u Evropskoj ku\u0107i. [&hellip;]<\/p>\n","protected":false},"author":1,"featured_media":42979,"comment_status":"closed","ping_status":"closed","sticky":false,"template":"","format":"standard","meta":{"_acf_changed":false,"footnotes":""},"categories":[2],"tags":[],"class_list":["post-28648","post","type-post","status-publish","format-standard","has-post-thumbnail","hentry","category-uncategorized-me"],"acf":[],"yoast_head":"<!-- This site is optimized with the Yoast SEO plugin v27.3 - https:\/\/yoast.com\/product\/yoast-seo-wordpress\/ -->\n<title>Panel: Koliki je doprinos obnovljive energije - Europe House<\/title>\n<meta name=\"robots\" content=\"index, follow, max-snippet:-1, max-image-preview:large, max-video-preview:-1\" \/>\n<link rel=\"canonical\" href=\"https:\/\/www.evropskakuca.me\/me\/panel-odrziva-energija-i-ekonomski-razvoj-kako-obnovljiva-energija-doprinosi-odrzan-u-evropskoj-kuci\/\" \/>\n<meta property=\"og:locale\" content=\"en_US\" \/>\n<meta property=\"og:type\" content=\"article\" \/>\n<meta property=\"og:title\" content=\"Panel: Koliki je doprinos obnovljive energije - Europe House\" \/>\n<meta property=\"og:description\" content=\"Zelena energija donosi i zelene poslove &#8220;\u010citav svijet \u010deka globalna energetska transformacija. Mi, kao Crna Gora, moramo da pratimo globalne trendove da ne bismo ostali zarobljeni u konvencionalnim izvorima energije\u2019\u2019, poru\u010dila je direktorica Centra za klimatske promjene UDG, Ivana Vojinovi\u0107 na panelu \u2018\u2019Odr\u017eiva energija i ekonomski razvoj: kako obnovljiva energija doprinosi&#8221;, odr\u017eanom u Evropskoj ku\u0107i. [&hellip;]\" \/>\n<meta property=\"og:url\" content=\"https:\/\/www.evropskakuca.me\/me\/panel-odrziva-energija-i-ekonomski-razvoj-kako-obnovljiva-energija-doprinosi-odrzan-u-evropskoj-kuci\/\" \/>\n<meta property=\"og:site_name\" content=\"Europe House\" \/>\n<meta property=\"article:publisher\" content=\"https:\/\/www.facebook.com\/evropska.kuca\" \/>\n<meta property=\"article:published_time\" content=\"2024-03-01T10:33:26+00:00\" \/>\n<meta property=\"article:modified_time\" content=\"2025-02-10T10:28:24+00:00\" \/>\n<meta property=\"og:image\" content=\"https:\/\/www.evropskakuca.me\/wp-content\/uploads\/2024\/03\/DPP02172-1024x576-1-e1739183200183.jpg\" \/>\n\t<meta property=\"og:image:width\" content=\"1024\" \/>\n\t<meta property=\"og:image:height\" content=\"576\" \/>\n\t<meta property=\"og:image:type\" content=\"image\/jpeg\" \/>\n<meta name=\"author\" content=\"mkajic\" \/>\n<meta name=\"twitter:card\" content=\"summary_large_image\" \/>\n<meta name=\"twitter:creator\" content=\"@evropska_kuca\" \/>\n<meta name=\"twitter:site\" content=\"@evropska_kuca\" \/>\n<meta name=\"twitter:label1\" content=\"Written by\" \/>\n\t<meta name=\"twitter:data1\" content=\"mkajic\" \/>\n\t<meta name=\"twitter:label2\" content=\"Est. reading time\" \/>\n\t<meta name=\"twitter:data2\" content=\"3 minutes\" \/>\n<script type=\"application\/ld+json\" class=\"yoast-schema-graph\">{\"@context\":\"https:\\\/\\\/schema.org\",\"@graph\":[{\"@type\":\"Article\",\"@id\":\"https:\\\/\\\/www.evropskakuca.me\\\/me\\\/panel-odrziva-energija-i-ekonomski-razvoj-kako-obnovljiva-energija-doprinosi-odrzan-u-evropskoj-kuci\\\/#article\",\"isPartOf\":{\"@id\":\"https:\\\/\\\/www.evropskakuca.me\\\/me\\\/panel-odrziva-energija-i-ekonomski-razvoj-kako-obnovljiva-energija-doprinosi-odrzan-u-evropskoj-kuci\\\/\"},\"author\":{\"name\":\"mkajic\",\"@id\":\"https:\\\/\\\/www.evropskakuca.me\\\/me\\\/#\\\/schema\\\/person\\\/a1d0dcdaefe4a1cd1d60d200ea137ba4\"},\"headline\":\"Panel: Koliki je doprinos obnovljive energije\",\"datePublished\":\"2024-03-01T10:33:26+00:00\",\"dateModified\":\"2025-02-10T10:28:24+00:00\",\"mainEntityOfPage\":{\"@id\":\"https:\\\/\\\/www.evropskakuca.me\\\/me\\\/panel-odrziva-energija-i-ekonomski-razvoj-kako-obnovljiva-energija-doprinosi-odrzan-u-evropskoj-kuci\\\/\"},\"wordCount\":475,\"publisher\":{\"@id\":\"https:\\\/\\\/www.evropskakuca.me\\\/me\\\/#organization\"},\"image\":{\"@id\":\"https:\\\/\\\/www.evropskakuca.me\\\/me\\\/panel-odrziva-energija-i-ekonomski-razvoj-kako-obnovljiva-energija-doprinosi-odrzan-u-evropskoj-kuci\\\/#primaryimage\"},\"thumbnailUrl\":\"https:\\\/\\\/www.evropskakuca.me\\\/wp-content\\\/uploads\\\/2024\\\/03\\\/DPP02172-1024x576-1-e1739183200183.jpg\",\"articleSection\":[\"Uncategorized @me\"],\"inLanguage\":\"me-ME\"},{\"@type\":\"WebPage\",\"@id\":\"https:\\\/\\\/www.evropskakuca.me\\\/me\\\/panel-odrziva-energija-i-ekonomski-razvoj-kako-obnovljiva-energija-doprinosi-odrzan-u-evropskoj-kuci\\\/\",\"url\":\"https:\\\/\\\/www.evropskakuca.me\\\/me\\\/panel-odrziva-energija-i-ekonomski-razvoj-kako-obnovljiva-energija-doprinosi-odrzan-u-evropskoj-kuci\\\/\",\"name\":\"Panel: Koliki je doprinos obnovljive energije - Europe House\",\"isPartOf\":{\"@id\":\"https:\\\/\\\/www.evropskakuca.me\\\/me\\\/#website\"},\"primaryImageOfPage\":{\"@id\":\"https:\\\/\\\/www.evropskakuca.me\\\/me\\\/panel-odrziva-energija-i-ekonomski-razvoj-kako-obnovljiva-energija-doprinosi-odrzan-u-evropskoj-kuci\\\/#primaryimage\"},\"image\":{\"@id\":\"https:\\\/\\\/www.evropskakuca.me\\\/me\\\/panel-odrziva-energija-i-ekonomski-razvoj-kako-obnovljiva-energija-doprinosi-odrzan-u-evropskoj-kuci\\\/#primaryimage\"},\"thumbnailUrl\":\"https:\\\/\\\/www.evropskakuca.me\\\/wp-content\\\/uploads\\\/2024\\\/03\\\/DPP02172-1024x576-1-e1739183200183.jpg\",\"datePublished\":\"2024-03-01T10:33:26+00:00\",\"dateModified\":\"2025-02-10T10:28:24+00:00\",\"breadcrumb\":{\"@id\":\"https:\\\/\\\/www.evropskakuca.me\\\/me\\\/panel-odrziva-energija-i-ekonomski-razvoj-kako-obnovljiva-energija-doprinosi-odrzan-u-evropskoj-kuci\\\/#breadcrumb\"},\"inLanguage\":\"me-ME\",\"potentialAction\":[{\"@type\":\"ReadAction\",\"target\":[\"https:\\\/\\\/www.evropskakuca.me\\\/me\\\/panel-odrziva-energija-i-ekonomski-razvoj-kako-obnovljiva-energija-doprinosi-odrzan-u-evropskoj-kuci\\\/\"]}]},{\"@type\":\"ImageObject\",\"inLanguage\":\"me-ME\",\"@id\":\"https:\\\/\\\/www.evropskakuca.me\\\/me\\\/panel-odrziva-energija-i-ekonomski-razvoj-kako-obnovljiva-energija-doprinosi-odrzan-u-evropskoj-kuci\\\/#primaryimage\",\"url\":\"https:\\\/\\\/www.evropskakuca.me\\\/wp-content\\\/uploads\\\/2024\\\/03\\\/DPP02172-1024x576-1-e1739183200183.jpg\",\"contentUrl\":\"https:\\\/\\\/www.evropskakuca.me\\\/wp-content\\\/uploads\\\/2024\\\/03\\\/DPP02172-1024x576-1-e1739183200183.jpg\",\"width\":1024,\"height\":576},{\"@type\":\"BreadcrumbList\",\"@id\":\"https:\\\/\\\/www.evropskakuca.me\\\/me\\\/panel-odrziva-energija-i-ekonomski-razvoj-kako-obnovljiva-energija-doprinosi-odrzan-u-evropskoj-kuci\\\/#breadcrumb\",\"itemListElement\":[{\"@type\":\"ListItem\",\"position\":1,\"name\":\"Home\",\"item\":\"https:\\\/\\\/www.evropskakuca.me\\\/me\\\/\"},{\"@type\":\"ListItem\",\"position\":2,\"name\":\"Panel: Koliki je doprinos obnovljive energije\"}]},{\"@type\":\"WebSite\",\"@id\":\"https:\\\/\\\/www.evropskakuca.me\\\/me\\\/#website\",\"url\":\"https:\\\/\\\/www.evropskakuca.me\\\/me\\\/\",\"name\":\"Evropean house\",\"description\":\"\",\"publisher\":{\"@id\":\"https:\\\/\\\/www.evropskakuca.me\\\/me\\\/#organization\"},\"potentialAction\":[{\"@type\":\"SearchAction\",\"target\":{\"@type\":\"EntryPoint\",\"urlTemplate\":\"https:\\\/\\\/www.evropskakuca.me\\\/me\\\/?s={search_term_string}\"},\"query-input\":{\"@type\":\"PropertyValueSpecification\",\"valueRequired\":true,\"valueName\":\"search_term_string\"}}],\"inLanguage\":\"me-ME\"},{\"@type\":\"Organization\",\"@id\":\"https:\\\/\\\/www.evropskakuca.me\\\/me\\\/#organization\",\"name\":\"Evropean house\",\"url\":\"https:\\\/\\\/www.evropskakuca.me\\\/me\\\/\",\"logo\":{\"@type\":\"ImageObject\",\"inLanguage\":\"me-ME\",\"@id\":\"https:\\\/\\\/www.evropskakuca.me\\\/me\\\/#\\\/schema\\\/logo\\\/image\\\/\",\"url\":\"https:\\\/\\\/www.evropskakuca.me\\\/wp-content\\\/uploads\\\/2025\\\/01\\\/evropska-kuca-logo-1.png\",\"contentUrl\":\"https:\\\/\\\/www.evropskakuca.me\\\/wp-content\\\/uploads\\\/2025\\\/01\\\/evropska-kuca-logo-1.png\",\"width\":425,\"height\":312,\"caption\":\"Evropean house\"},\"image\":{\"@id\":\"https:\\\/\\\/www.evropskakuca.me\\\/me\\\/#\\\/schema\\\/logo\\\/image\\\/\"},\"sameAs\":[\"https:\\\/\\\/www.facebook.com\\\/evropska.kuca\",\"https:\\\/\\\/x.com\\\/evropska_kuca\",\"https:\\\/\\\/www.instagram.com\\\/evropska_kuca\"]},{\"@type\":\"Person\",\"@id\":\"https:\\\/\\\/www.evropskakuca.me\\\/me\\\/#\\\/schema\\\/person\\\/a1d0dcdaefe4a1cd1d60d200ea137ba4\",\"name\":\"mkajic\",\"image\":{\"@type\":\"ImageObject\",\"inLanguage\":\"me-ME\",\"@id\":\"https:\\\/\\\/secure.gravatar.com\\\/avatar\\\/731fa035cefab7316e6bafd1f25a93fb731a07de14e2d9923f8db4422628eabc?s=96&d=mm&r=g\",\"url\":\"https:\\\/\\\/secure.gravatar.com\\\/avatar\\\/731fa035cefab7316e6bafd1f25a93fb731a07de14e2d9923f8db4422628eabc?s=96&d=mm&r=g\",\"contentUrl\":\"https:\\\/\\\/secure.gravatar.com\\\/avatar\\\/731fa035cefab7316e6bafd1f25a93fb731a07de14e2d9923f8db4422628eabc?s=96&d=mm&r=g\",\"caption\":\"mkajic\"},\"sameAs\":[\"https:\\\/\\\/evropskakuca.me\"],\"url\":\"https:\\\/\\\/www.evropskakuca.me\\\/me\\\/author\\\/mkajic\\\/\"}]}<\/script>\n<!-- \/ Yoast SEO plugin. -->","yoast_head_json":{"title":"Panel: Koliki je doprinos obnovljive energije - Europe House","robots":{"index":"index","follow":"follow","max-snippet":"max-snippet:-1","max-image-preview":"max-image-preview:large","max-video-preview":"max-video-preview:-1"},"canonical":"https:\/\/www.evropskakuca.me\/me\/panel-odrziva-energija-i-ekonomski-razvoj-kako-obnovljiva-energija-doprinosi-odrzan-u-evropskoj-kuci\/","og_locale":"en_US","og_type":"article","og_title":"Panel: Koliki je doprinos obnovljive energije - Europe House","og_description":"Zelena energija donosi i zelene poslove &#8220;\u010citav svijet \u010deka globalna energetska transformacija. Mi, kao Crna Gora, moramo da pratimo globalne trendove da ne bismo ostali zarobljeni u konvencionalnim izvorima energije\u2019\u2019, poru\u010dila je direktorica Centra za klimatske promjene UDG, Ivana Vojinovi\u0107 na panelu \u2018\u2019Odr\u017eiva energija i ekonomski razvoj: kako obnovljiva energija doprinosi&#8221;, odr\u017eanom u Evropskoj ku\u0107i. [&hellip;]","og_url":"https:\/\/www.evropskakuca.me\/me\/panel-odrziva-energija-i-ekonomski-razvoj-kako-obnovljiva-energija-doprinosi-odrzan-u-evropskoj-kuci\/","og_site_name":"Europe House","article_publisher":"https:\/\/www.facebook.com\/evropska.kuca","article_published_time":"2024-03-01T10:33:26+00:00","article_modified_time":"2025-02-10T10:28:24+00:00","og_image":[{"width":1024,"height":576,"url":"https:\/\/www.evropskakuca.me\/wp-content\/uploads\/2024\/03\/DPP02172-1024x576-1-e1739183200183.jpg","type":"image\/jpeg"}],"author":"mkajic","twitter_card":"summary_large_image","twitter_creator":"@evropska_kuca","twitter_site":"@evropska_kuca","twitter_misc":{"Written by":"mkajic","Est. reading time":"3 minutes"},"schema":{"@context":"https:\/\/schema.org","@graph":[{"@type":"Article","@id":"https:\/\/www.evropskakuca.me\/me\/panel-odrziva-energija-i-ekonomski-razvoj-kako-obnovljiva-energija-doprinosi-odrzan-u-evropskoj-kuci\/#article","isPartOf":{"@id":"https:\/\/www.evropskakuca.me\/me\/panel-odrziva-energija-i-ekonomski-razvoj-kako-obnovljiva-energija-doprinosi-odrzan-u-evropskoj-kuci\/"},"author":{"name":"mkajic","@id":"https:\/\/www.evropskakuca.me\/me\/#\/schema\/person\/a1d0dcdaefe4a1cd1d60d200ea137ba4"},"headline":"Panel: Koliki je doprinos obnovljive energije","datePublished":"2024-03-01T10:33:26+00:00","dateModified":"2025-02-10T10:28:24+00:00","mainEntityOfPage":{"@id":"https:\/\/www.evropskakuca.me\/me\/panel-odrziva-energija-i-ekonomski-razvoj-kako-obnovljiva-energija-doprinosi-odrzan-u-evropskoj-kuci\/"},"wordCount":475,"publisher":{"@id":"https:\/\/www.evropskakuca.me\/me\/#organization"},"image":{"@id":"https:\/\/www.evropskakuca.me\/me\/panel-odrziva-energija-i-ekonomski-razvoj-kako-obnovljiva-energija-doprinosi-odrzan-u-evropskoj-kuci\/#primaryimage"},"thumbnailUrl":"https:\/\/www.evropskakuca.me\/wp-content\/uploads\/2024\/03\/DPP02172-1024x576-1-e1739183200183.jpg","articleSection":["Uncategorized @me"],"inLanguage":"me-ME"},{"@type":"WebPage","@id":"https:\/\/www.evropskakuca.me\/me\/panel-odrziva-energija-i-ekonomski-razvoj-kako-obnovljiva-energija-doprinosi-odrzan-u-evropskoj-kuci\/","url":"https:\/\/www.evropskakuca.me\/me\/panel-odrziva-energija-i-ekonomski-razvoj-kako-obnovljiva-energija-doprinosi-odrzan-u-evropskoj-kuci\/","name":"Panel: Koliki je doprinos obnovljive energije - Europe House","isPartOf":{"@id":"https:\/\/www.evropskakuca.me\/me\/#website"},"primaryImageOfPage":{"@id":"https:\/\/www.evropskakuca.me\/me\/panel-odrziva-energija-i-ekonomski-razvoj-kako-obnovljiva-energija-doprinosi-odrzan-u-evropskoj-kuci\/#primaryimage"},"image":{"@id":"https:\/\/www.evropskakuca.me\/me\/panel-odrziva-energija-i-ekonomski-razvoj-kako-obnovljiva-energija-doprinosi-odrzan-u-evropskoj-kuci\/#primaryimage"},"thumbnailUrl":"https:\/\/www.evropskakuca.me\/wp-content\/uploads\/2024\/03\/DPP02172-1024x576-1-e1739183200183.jpg","datePublished":"2024-03-01T10:33:26+00:00","dateModified":"2025-02-10T10:28:24+00:00","breadcrumb":{"@id":"https:\/\/www.evropskakuca.me\/me\/panel-odrziva-energija-i-ekonomski-razvoj-kako-obnovljiva-energija-doprinosi-odrzan-u-evropskoj-kuci\/#breadcrumb"},"inLanguage":"me-ME","potentialAction":[{"@type":"ReadAction","target":["https:\/\/www.evropskakuca.me\/me\/panel-odrziva-energija-i-ekonomski-razvoj-kako-obnovljiva-energija-doprinosi-odrzan-u-evropskoj-kuci\/"]}]},{"@type":"ImageObject","inLanguage":"me-ME","@id":"https:\/\/www.evropskakuca.me\/me\/panel-odrziva-energija-i-ekonomski-razvoj-kako-obnovljiva-energija-doprinosi-odrzan-u-evropskoj-kuci\/#primaryimage","url":"https:\/\/www.evropskakuca.me\/wp-content\/uploads\/2024\/03\/DPP02172-1024x576-1-e1739183200183.jpg","contentUrl":"https:\/\/www.evropskakuca.me\/wp-content\/uploads\/2024\/03\/DPP02172-1024x576-1-e1739183200183.jpg","width":1024,"height":576},{"@type":"BreadcrumbList","@id":"https:\/\/www.evropskakuca.me\/me\/panel-odrziva-energija-i-ekonomski-razvoj-kako-obnovljiva-energija-doprinosi-odrzan-u-evropskoj-kuci\/#breadcrumb","itemListElement":[{"@type":"ListItem","position":1,"name":"Home","item":"https:\/\/www.evropskakuca.me\/me\/"},{"@type":"ListItem","position":2,"name":"Panel: Koliki je doprinos obnovljive energije"}]},{"@type":"WebSite","@id":"https:\/\/www.evropskakuca.me\/me\/#website","url":"https:\/\/www.evropskakuca.me\/me\/","name":"Evropean house","description":"","publisher":{"@id":"https:\/\/www.evropskakuca.me\/me\/#organization"},"potentialAction":[{"@type":"SearchAction","target":{"@type":"EntryPoint","urlTemplate":"https:\/\/www.evropskakuca.me\/me\/?s={search_term_string}"},"query-input":{"@type":"PropertyValueSpecification","valueRequired":true,"valueName":"search_term_string"}}],"inLanguage":"me-ME"},{"@type":"Organization","@id":"https:\/\/www.evropskakuca.me\/me\/#organization","name":"Evropean house","url":"https:\/\/www.evropskakuca.me\/me\/","logo":{"@type":"ImageObject","inLanguage":"me-ME","@id":"https:\/\/www.evropskakuca.me\/me\/#\/schema\/logo\/image\/","url":"https:\/\/www.evropskakuca.me\/wp-content\/uploads\/2025\/01\/evropska-kuca-logo-1.png","contentUrl":"https:\/\/www.evropskakuca.me\/wp-content\/uploads\/2025\/01\/evropska-kuca-logo-1.png","width":425,"height":312,"caption":"Evropean house"},"image":{"@id":"https:\/\/www.evropskakuca.me\/me\/#\/schema\/logo\/image\/"},"sameAs":["https:\/\/www.facebook.com\/evropska.kuca","https:\/\/x.com\/evropska_kuca","https:\/\/www.instagram.com\/evropska_kuca"]},{"@type":"Person","@id":"https:\/\/www.evropskakuca.me\/me\/#\/schema\/person\/a1d0dcdaefe4a1cd1d60d200ea137ba4","name":"mkajic","image":{"@type":"ImageObject","inLanguage":"me-ME","@id":"https:\/\/secure.gravatar.com\/avatar\/731fa035cefab7316e6bafd1f25a93fb731a07de14e2d9923f8db4422628eabc?s=96&d=mm&r=g","url":"https:\/\/secure.gravatar.com\/avatar\/731fa035cefab7316e6bafd1f25a93fb731a07de14e2d9923f8db4422628eabc?s=96&d=mm&r=g","contentUrl":"https:\/\/secure.gravatar.com\/avatar\/731fa035cefab7316e6bafd1f25a93fb731a07de14e2d9923f8db4422628eabc?s=96&d=mm&r=g","caption":"mkajic"},"sameAs":["https:\/\/evropskakuca.me"],"url":"https:\/\/www.evropskakuca.me\/me\/author\/mkajic\/"}]}},"_links":{"self":[{"href":"https:\/\/www.evropskakuca.me\/me\/wp-json\/wp\/v2\/posts\/28648","targetHints":{"allow":["GET"]}}],"collection":[{"href":"https:\/\/www.evropskakuca.me\/me\/wp-json\/wp\/v2\/posts"}],"about":[{"href":"https:\/\/www.evropskakuca.me\/me\/wp-json\/wp\/v2\/types\/post"}],"author":[{"embeddable":true,"href":"https:\/\/www.evropskakuca.me\/me\/wp-json\/wp\/v2\/users\/1"}],"replies":[{"embeddable":true,"href":"https:\/\/www.evropskakuca.me\/me\/wp-json\/wp\/v2\/comments?post=28648"}],"version-history":[{"count":1,"href":"https:\/\/www.evropskakuca.me\/me\/wp-json\/wp\/v2\/posts\/28648\/revisions"}],"predecessor-version":[{"id":42982,"href":"https:\/\/www.evropskakuca.me\/me\/wp-json\/wp\/v2\/posts\/28648\/revisions\/42982"}],"wp:featuredmedia":[{"embeddable":true,"href":"https:\/\/www.evropskakuca.me\/me\/wp-json\/wp\/v2\/media\/42979"}],"wp:attachment":[{"href":"https:\/\/www.evropskakuca.me\/me\/wp-json\/wp\/v2\/media?parent=28648"}],"wp:term":[{"taxonomy":"category","embeddable":true,"href":"https:\/\/www.evropskakuca.me\/me\/wp-json\/wp\/v2\/categories?post=28648"},{"taxonomy":"post_tag","embeddable":true,"href":"https:\/\/www.evropskakuca.me\/me\/wp-json\/wp\/v2\/tags?post=28648"}],"curies":[{"name":"wp","href":"https:\/\/api.w.org\/{rel}","templated":true}]}}