{"id":28413,"date":"2024-02-09T12:23:58","date_gmt":"2024-02-09T12:23:58","guid":{"rendered":"https:\/\/evropskakuca.me\/?p=28413"},"modified":"2025-02-10T10:37:18","modified_gmt":"2025-02-10T10:37:18","slug":"28413","status":"publish","type":"post","link":"https:\/\/www.evropskakuca.me\/me\/28413\/","title":{"rendered":"Podr\u0161ka odr\u017eivom socio-ekonomskom razvoju CG"},"content":{"rendered":"<p>Njema\u010dka organizacija<strong> Help<\/strong> i njihov partner na projektu <strong>Juventas<\/strong>, predstavili su u Evropskoj ku\u0107i <strong>Javni poziv \u2013 za NVO, neformalne grupe i pojedince za prijavu na KONKURS u sklopu grant \u0161eme kroz projekat \u201cJa\u010danje civilnog dru\u0161tva za podr\u0161ku odr\u017eivom socio-ekonomskom razvoju Crne Gore\u201d<\/strong>, IPA\/2022\/440-688, koji finansira Delegacija Evropske unije a ko-finansiraju Ministarstvo javne uprave i Help.<\/p>\n<p><img fetchpriority=\"high\" decoding=\"async\" class=\"alignnone size-large wp-image-28414\" src=\"https:\/\/evropskakuca.me\/wp-content\/uploads\/2024\/02\/IMG_0544-1024x768.jpg\" alt=\"\" width=\"1024\" height=\"768\" \/><\/p>\n<p>Projektom \u0107e se podr\u017eati ideje NVO, neformalnih grupa i pojedinaca iz sljede\u0107ih oblasti:<br \/>\n\u2022 Pristup neformalnom obrazovanju &amp; stru\u010dnom osposobljavanju<br \/>\n\u2022 Pove\u0107ano zapo\u0161ljavanje mladih unapre\u0111enjem digitalnih vje\u0161tina<br \/>\n\u2022 Razvoj malih biznisa u seoskim\/ruralnim podru\u010dijima<br \/>\n\u2022 Kulturne i turisti\u010dke inicijative<br \/>\n\u2022 Eko turizam<br \/>\n\u2022 Tradicionalne rukotvorine i doma\u0107i proizvodi<br \/>\n\u2022 U\u010de\u0161c\u0301e mladih i dijalog na lokalnom nivou<br \/>\nKoordinator projekta Nikola Bo\u0161kovi\u0107 iz Help-a i Danijela Armu\u0161, te Jovan Bojovi\u0107 iz Juventasa, pojasnili su detalje, oblasti i uslove u vezi sa Pozivom, a odgovore na sva pitanja i nedoumice u vezi sa prijavom na Konkurs mo\u017eete prona\u0107i na<a href=\"https:\/\/help-montenegro.org\/javni-pozivi\/poziv-nvo-neformalnim-grupama-i-pojedincima-za-prijavu-na-javni-konkurs\/?lang=sr\"> linku\u00a0<\/a>.<\/p>\n","protected":false},"excerpt":{"rendered":"<p>Njema\u010dka organizacija Help i njihov partner na projektu Juventas, predstavili su u Evropskoj ku\u0107i Javni poziv \u2013 za NVO, neformalne grupe i pojedince za prijavu na KONKURS u sklopu grant \u0161eme kroz projekat \u201cJa\u010danje civilnog dru\u0161tva za podr\u0161ku odr\u017eivom socio-ekonomskom razvoju Crne Gore\u201d, IPA\/2022\/440-688, koji finansira Delegacija Evropske unije a ko-finansiraju Ministarstvo javne uprave i [&hellip;]<\/p>\n","protected":false},"author":1,"featured_media":40617,"comment_status":"closed","ping_status":"closed","sticky":false,"template":"","format":"standard","meta":{"_acf_changed":false,"footnotes":""},"categories":[2],"tags":[],"class_list":["post-28413","post","type-post","status-publish","format-standard","has-post-thumbnail","hentry","category-uncategorized-me"],"acf":[],"yoast_head":"<!-- This site is optimized with the Yoast SEO plugin v27.3 - https:\/\/yoast.com\/product\/yoast-seo-wordpress\/ -->\n<title>Podr\u0161ka odr\u017eivom socio-ekonomskom razvoju CG - Europe House<\/title>\n<meta name=\"robots\" content=\"index, follow, max-snippet:-1, max-image-preview:large, max-video-preview:-1\" \/>\n<link rel=\"canonical\" href=\"https:\/\/www.evropskakuca.me\/me\/28413\/\" \/>\n<meta property=\"og:locale\" content=\"en_US\" \/>\n<meta property=\"og:type\" content=\"article\" \/>\n<meta property=\"og:title\" content=\"Podr\u0161ka odr\u017eivom socio-ekonomskom razvoju CG - Europe House\" \/>\n<meta property=\"og:description\" content=\"Njema\u010dka organizacija Help i njihov partner na projektu Juventas, predstavili su u Evropskoj ku\u0107i Javni poziv \u2013 za NVO, neformalne grupe i pojedince za prijavu na KONKURS u sklopu grant \u0161eme kroz projekat \u201cJa\u010danje civilnog dru\u0161tva za podr\u0161ku odr\u017eivom socio-ekonomskom razvoju Crne Gore\u201d, IPA\/2022\/440-688, koji finansira Delegacija Evropske unije a ko-finansiraju Ministarstvo javne uprave i [&hellip;]\" \/>\n<meta property=\"og:url\" content=\"https:\/\/www.evropskakuca.me\/me\/28413\/\" \/>\n<meta property=\"og:site_name\" content=\"Europe House\" \/>\n<meta property=\"article:publisher\" content=\"https:\/\/www.facebook.com\/evropska.kuca\" \/>\n<meta property=\"article:published_time\" content=\"2024-02-09T12:23:58+00:00\" \/>\n<meta property=\"article:modified_time\" content=\"2025-02-10T10:37:18+00:00\" \/>\n<meta property=\"og:image\" content=\"https:\/\/www.evropskakuca.me\/wp-content\/uploads\/2024\/02\/IMG_0544-e1739183826918.jpg\" \/>\n\t<meta property=\"og:image:width\" content=\"2560\" \/>\n\t<meta property=\"og:image:height\" content=\"1212\" \/>\n\t<meta property=\"og:image:type\" content=\"image\/jpeg\" \/>\n<meta name=\"author\" content=\"mkajic\" \/>\n<meta name=\"twitter:card\" content=\"summary_large_image\" \/>\n<meta name=\"twitter:creator\" content=\"@evropska_kuca\" \/>\n<meta name=\"twitter:site\" content=\"@evropska_kuca\" \/>\n<meta name=\"twitter:label1\" content=\"Written by\" \/>\n\t<meta name=\"twitter:data1\" content=\"mkajic\" \/>\n\t<meta name=\"twitter:label2\" content=\"Est. reading time\" \/>\n\t<meta name=\"twitter:data2\" content=\"2 minutes\" \/>\n<script type=\"application\/ld+json\" class=\"yoast-schema-graph\">{\"@context\":\"https:\\\/\\\/schema.org\",\"@graph\":[{\"@type\":\"Article\",\"@id\":\"https:\\\/\\\/www.evropskakuca.me\\\/me\\\/28413\\\/#article\",\"isPartOf\":{\"@id\":\"https:\\\/\\\/www.evropskakuca.me\\\/me\\\/28413\\\/\"},\"author\":{\"name\":\"mkajic\",\"@id\":\"https:\\\/\\\/www.evropskakuca.me\\\/me\\\/#\\\/schema\\\/person\\\/a1d0dcdaefe4a1cd1d60d200ea137ba4\"},\"headline\":\"Podr\u0161ka odr\u017eivom socio-ekonomskom razvoju CG\",\"datePublished\":\"2024-02-09T12:23:58+00:00\",\"dateModified\":\"2025-02-10T10:37:18+00:00\",\"mainEntityOfPage\":{\"@id\":\"https:\\\/\\\/www.evropskakuca.me\\\/me\\\/28413\\\/\"},\"wordCount\":176,\"publisher\":{\"@id\":\"https:\\\/\\\/www.evropskakuca.me\\\/me\\\/#organization\"},\"image\":{\"@id\":\"https:\\\/\\\/www.evropskakuca.me\\\/me\\\/28413\\\/#primaryimage\"},\"thumbnailUrl\":\"https:\\\/\\\/www.evropskakuca.me\\\/wp-content\\\/uploads\\\/2024\\\/02\\\/IMG_0544-e1739183826918.jpg\",\"articleSection\":[\"Uncategorized @me\"],\"inLanguage\":\"me-ME\"},{\"@type\":\"WebPage\",\"@id\":\"https:\\\/\\\/www.evropskakuca.me\\\/me\\\/28413\\\/\",\"url\":\"https:\\\/\\\/www.evropskakuca.me\\\/me\\\/28413\\\/\",\"name\":\"Podr\u0161ka odr\u017eivom socio-ekonomskom razvoju CG - Europe House\",\"isPartOf\":{\"@id\":\"https:\\\/\\\/www.evropskakuca.me\\\/me\\\/#website\"},\"primaryImageOfPage\":{\"@id\":\"https:\\\/\\\/www.evropskakuca.me\\\/me\\\/28413\\\/#primaryimage\"},\"image\":{\"@id\":\"https:\\\/\\\/www.evropskakuca.me\\\/me\\\/28413\\\/#primaryimage\"},\"thumbnailUrl\":\"https:\\\/\\\/www.evropskakuca.me\\\/wp-content\\\/uploads\\\/2024\\\/02\\\/IMG_0544-e1739183826918.jpg\",\"datePublished\":\"2024-02-09T12:23:58+00:00\",\"dateModified\":\"2025-02-10T10:37:18+00:00\",\"breadcrumb\":{\"@id\":\"https:\\\/\\\/www.evropskakuca.me\\\/me\\\/28413\\\/#breadcrumb\"},\"inLanguage\":\"me-ME\",\"potentialAction\":[{\"@type\":\"ReadAction\",\"target\":[\"https:\\\/\\\/www.evropskakuca.me\\\/me\\\/28413\\\/\"]}]},{\"@type\":\"ImageObject\",\"inLanguage\":\"me-ME\",\"@id\":\"https:\\\/\\\/www.evropskakuca.me\\\/me\\\/28413\\\/#primaryimage\",\"url\":\"https:\\\/\\\/www.evropskakuca.me\\\/wp-content\\\/uploads\\\/2024\\\/02\\\/IMG_0544-e1739183826918.jpg\",\"contentUrl\":\"https:\\\/\\\/www.evropskakuca.me\\\/wp-content\\\/uploads\\\/2024\\\/02\\\/IMG_0544-e1739183826918.jpg\",\"width\":2560,\"height\":1212},{\"@type\":\"BreadcrumbList\",\"@id\":\"https:\\\/\\\/www.evropskakuca.me\\\/me\\\/28413\\\/#breadcrumb\",\"itemListElement\":[{\"@type\":\"ListItem\",\"position\":1,\"name\":\"Home\",\"item\":\"https:\\\/\\\/www.evropskakuca.me\\\/me\\\/\"},{\"@type\":\"ListItem\",\"position\":2,\"name\":\"Podr\u0161ka odr\u017eivom socio-ekonomskom razvoju CG\"}]},{\"@type\":\"WebSite\",\"@id\":\"https:\\\/\\\/www.evropskakuca.me\\\/me\\\/#website\",\"url\":\"https:\\\/\\\/www.evropskakuca.me\\\/me\\\/\",\"name\":\"Evropean house\",\"description\":\"\",\"publisher\":{\"@id\":\"https:\\\/\\\/www.evropskakuca.me\\\/me\\\/#organization\"},\"potentialAction\":[{\"@type\":\"SearchAction\",\"target\":{\"@type\":\"EntryPoint\",\"urlTemplate\":\"https:\\\/\\\/www.evropskakuca.me\\\/me\\\/?s={search_term_string}\"},\"query-input\":{\"@type\":\"PropertyValueSpecification\",\"valueRequired\":true,\"valueName\":\"search_term_string\"}}],\"inLanguage\":\"me-ME\"},{\"@type\":\"Organization\",\"@id\":\"https:\\\/\\\/www.evropskakuca.me\\\/me\\\/#organization\",\"name\":\"Evropean house\",\"url\":\"https:\\\/\\\/www.evropskakuca.me\\\/me\\\/\",\"logo\":{\"@type\":\"ImageObject\",\"inLanguage\":\"me-ME\",\"@id\":\"https:\\\/\\\/www.evropskakuca.me\\\/me\\\/#\\\/schema\\\/logo\\\/image\\\/\",\"url\":\"https:\\\/\\\/www.evropskakuca.me\\\/wp-content\\\/uploads\\\/2025\\\/01\\\/evropska-kuca-logo-1.png\",\"contentUrl\":\"https:\\\/\\\/www.evropskakuca.me\\\/wp-content\\\/uploads\\\/2025\\\/01\\\/evropska-kuca-logo-1.png\",\"width\":425,\"height\":312,\"caption\":\"Evropean house\"},\"image\":{\"@id\":\"https:\\\/\\\/www.evropskakuca.me\\\/me\\\/#\\\/schema\\\/logo\\\/image\\\/\"},\"sameAs\":[\"https:\\\/\\\/www.facebook.com\\\/evropska.kuca\",\"https:\\\/\\\/x.com\\\/evropska_kuca\",\"https:\\\/\\\/www.instagram.com\\\/evropska_kuca\"]},{\"@type\":\"Person\",\"@id\":\"https:\\\/\\\/www.evropskakuca.me\\\/me\\\/#\\\/schema\\\/person\\\/a1d0dcdaefe4a1cd1d60d200ea137ba4\",\"name\":\"mkajic\",\"image\":{\"@type\":\"ImageObject\",\"inLanguage\":\"me-ME\",\"@id\":\"https:\\\/\\\/secure.gravatar.com\\\/avatar\\\/731fa035cefab7316e6bafd1f25a93fb731a07de14e2d9923f8db4422628eabc?s=96&d=mm&r=g\",\"url\":\"https:\\\/\\\/secure.gravatar.com\\\/avatar\\\/731fa035cefab7316e6bafd1f25a93fb731a07de14e2d9923f8db4422628eabc?s=96&d=mm&r=g\",\"contentUrl\":\"https:\\\/\\\/secure.gravatar.com\\\/avatar\\\/731fa035cefab7316e6bafd1f25a93fb731a07de14e2d9923f8db4422628eabc?s=96&d=mm&r=g\",\"caption\":\"mkajic\"},\"sameAs\":[\"https:\\\/\\\/evropskakuca.me\"],\"url\":\"https:\\\/\\\/www.evropskakuca.me\\\/me\\\/author\\\/mkajic\\\/\"}]}<\/script>\n<!-- \/ Yoast SEO plugin. -->","yoast_head_json":{"title":"Podr\u0161ka odr\u017eivom socio-ekonomskom razvoju CG - Europe House","robots":{"index":"index","follow":"follow","max-snippet":"max-snippet:-1","max-image-preview":"max-image-preview:large","max-video-preview":"max-video-preview:-1"},"canonical":"https:\/\/www.evropskakuca.me\/me\/28413\/","og_locale":"en_US","og_type":"article","og_title":"Podr\u0161ka odr\u017eivom socio-ekonomskom razvoju CG - Europe House","og_description":"Njema\u010dka organizacija Help i njihov partner na projektu Juventas, predstavili su u Evropskoj ku\u0107i Javni poziv \u2013 za NVO, neformalne grupe i pojedince za prijavu na KONKURS u sklopu grant \u0161eme kroz projekat \u201cJa\u010danje civilnog dru\u0161tva za podr\u0161ku odr\u017eivom socio-ekonomskom razvoju Crne Gore\u201d, IPA\/2022\/440-688, koji finansira Delegacija Evropske unije a ko-finansiraju Ministarstvo javne uprave i [&hellip;]","og_url":"https:\/\/www.evropskakuca.me\/me\/28413\/","og_site_name":"Europe House","article_publisher":"https:\/\/www.facebook.com\/evropska.kuca","article_published_time":"2024-02-09T12:23:58+00:00","article_modified_time":"2025-02-10T10:37:18+00:00","og_image":[{"width":2560,"height":1212,"url":"https:\/\/www.evropskakuca.me\/wp-content\/uploads\/2024\/02\/IMG_0544-e1739183826918.jpg","type":"image\/jpeg"}],"author":"mkajic","twitter_card":"summary_large_image","twitter_creator":"@evropska_kuca","twitter_site":"@evropska_kuca","twitter_misc":{"Written by":"mkajic","Est. reading time":"2 minutes"},"schema":{"@context":"https:\/\/schema.org","@graph":[{"@type":"Article","@id":"https:\/\/www.evropskakuca.me\/me\/28413\/#article","isPartOf":{"@id":"https:\/\/www.evropskakuca.me\/me\/28413\/"},"author":{"name":"mkajic","@id":"https:\/\/www.evropskakuca.me\/me\/#\/schema\/person\/a1d0dcdaefe4a1cd1d60d200ea137ba4"},"headline":"Podr\u0161ka odr\u017eivom socio-ekonomskom razvoju CG","datePublished":"2024-02-09T12:23:58+00:00","dateModified":"2025-02-10T10:37:18+00:00","mainEntityOfPage":{"@id":"https:\/\/www.evropskakuca.me\/me\/28413\/"},"wordCount":176,"publisher":{"@id":"https:\/\/www.evropskakuca.me\/me\/#organization"},"image":{"@id":"https:\/\/www.evropskakuca.me\/me\/28413\/#primaryimage"},"thumbnailUrl":"https:\/\/www.evropskakuca.me\/wp-content\/uploads\/2024\/02\/IMG_0544-e1739183826918.jpg","articleSection":["Uncategorized @me"],"inLanguage":"me-ME"},{"@type":"WebPage","@id":"https:\/\/www.evropskakuca.me\/me\/28413\/","url":"https:\/\/www.evropskakuca.me\/me\/28413\/","name":"Podr\u0161ka odr\u017eivom socio-ekonomskom razvoju CG - Europe House","isPartOf":{"@id":"https:\/\/www.evropskakuca.me\/me\/#website"},"primaryImageOfPage":{"@id":"https:\/\/www.evropskakuca.me\/me\/28413\/#primaryimage"},"image":{"@id":"https:\/\/www.evropskakuca.me\/me\/28413\/#primaryimage"},"thumbnailUrl":"https:\/\/www.evropskakuca.me\/wp-content\/uploads\/2024\/02\/IMG_0544-e1739183826918.jpg","datePublished":"2024-02-09T12:23:58+00:00","dateModified":"2025-02-10T10:37:18+00:00","breadcrumb":{"@id":"https:\/\/www.evropskakuca.me\/me\/28413\/#breadcrumb"},"inLanguage":"me-ME","potentialAction":[{"@type":"ReadAction","target":["https:\/\/www.evropskakuca.me\/me\/28413\/"]}]},{"@type":"ImageObject","inLanguage":"me-ME","@id":"https:\/\/www.evropskakuca.me\/me\/28413\/#primaryimage","url":"https:\/\/www.evropskakuca.me\/wp-content\/uploads\/2024\/02\/IMG_0544-e1739183826918.jpg","contentUrl":"https:\/\/www.evropskakuca.me\/wp-content\/uploads\/2024\/02\/IMG_0544-e1739183826918.jpg","width":2560,"height":1212},{"@type":"BreadcrumbList","@id":"https:\/\/www.evropskakuca.me\/me\/28413\/#breadcrumb","itemListElement":[{"@type":"ListItem","position":1,"name":"Home","item":"https:\/\/www.evropskakuca.me\/me\/"},{"@type":"ListItem","position":2,"name":"Podr\u0161ka odr\u017eivom socio-ekonomskom razvoju CG"}]},{"@type":"WebSite","@id":"https:\/\/www.evropskakuca.me\/me\/#website","url":"https:\/\/www.evropskakuca.me\/me\/","name":"Evropean house","description":"","publisher":{"@id":"https:\/\/www.evropskakuca.me\/me\/#organization"},"potentialAction":[{"@type":"SearchAction","target":{"@type":"EntryPoint","urlTemplate":"https:\/\/www.evropskakuca.me\/me\/?s={search_term_string}"},"query-input":{"@type":"PropertyValueSpecification","valueRequired":true,"valueName":"search_term_string"}}],"inLanguage":"me-ME"},{"@type":"Organization","@id":"https:\/\/www.evropskakuca.me\/me\/#organization","name":"Evropean house","url":"https:\/\/www.evropskakuca.me\/me\/","logo":{"@type":"ImageObject","inLanguage":"me-ME","@id":"https:\/\/www.evropskakuca.me\/me\/#\/schema\/logo\/image\/","url":"https:\/\/www.evropskakuca.me\/wp-content\/uploads\/2025\/01\/evropska-kuca-logo-1.png","contentUrl":"https:\/\/www.evropskakuca.me\/wp-content\/uploads\/2025\/01\/evropska-kuca-logo-1.png","width":425,"height":312,"caption":"Evropean house"},"image":{"@id":"https:\/\/www.evropskakuca.me\/me\/#\/schema\/logo\/image\/"},"sameAs":["https:\/\/www.facebook.com\/evropska.kuca","https:\/\/x.com\/evropska_kuca","https:\/\/www.instagram.com\/evropska_kuca"]},{"@type":"Person","@id":"https:\/\/www.evropskakuca.me\/me\/#\/schema\/person\/a1d0dcdaefe4a1cd1d60d200ea137ba4","name":"mkajic","image":{"@type":"ImageObject","inLanguage":"me-ME","@id":"https:\/\/secure.gravatar.com\/avatar\/731fa035cefab7316e6bafd1f25a93fb731a07de14e2d9923f8db4422628eabc?s=96&d=mm&r=g","url":"https:\/\/secure.gravatar.com\/avatar\/731fa035cefab7316e6bafd1f25a93fb731a07de14e2d9923f8db4422628eabc?s=96&d=mm&r=g","contentUrl":"https:\/\/secure.gravatar.com\/avatar\/731fa035cefab7316e6bafd1f25a93fb731a07de14e2d9923f8db4422628eabc?s=96&d=mm&r=g","caption":"mkajic"},"sameAs":["https:\/\/evropskakuca.me"],"url":"https:\/\/www.evropskakuca.me\/me\/author\/mkajic\/"}]}},"_links":{"self":[{"href":"https:\/\/www.evropskakuca.me\/me\/wp-json\/wp\/v2\/posts\/28413","targetHints":{"allow":["GET"]}}],"collection":[{"href":"https:\/\/www.evropskakuca.me\/me\/wp-json\/wp\/v2\/posts"}],"about":[{"href":"https:\/\/www.evropskakuca.me\/me\/wp-json\/wp\/v2\/types\/post"}],"author":[{"embeddable":true,"href":"https:\/\/www.evropskakuca.me\/me\/wp-json\/wp\/v2\/users\/1"}],"replies":[{"embeddable":true,"href":"https:\/\/www.evropskakuca.me\/me\/wp-json\/wp\/v2\/comments?post=28413"}],"version-history":[{"count":2,"href":"https:\/\/www.evropskakuca.me\/me\/wp-json\/wp\/v2\/posts\/28413\/revisions"}],"predecessor-version":[{"id":42991,"href":"https:\/\/www.evropskakuca.me\/me\/wp-json\/wp\/v2\/posts\/28413\/revisions\/42991"}],"wp:featuredmedia":[{"embeddable":true,"href":"https:\/\/www.evropskakuca.me\/me\/wp-json\/wp\/v2\/media\/40617"}],"wp:attachment":[{"href":"https:\/\/www.evropskakuca.me\/me\/wp-json\/wp\/v2\/media?parent=28413"}],"wp:term":[{"taxonomy":"category","embeddable":true,"href":"https:\/\/www.evropskakuca.me\/me\/wp-json\/wp\/v2\/categories?post=28413"},{"taxonomy":"post_tag","embeddable":true,"href":"https:\/\/www.evropskakuca.me\/me\/wp-json\/wp\/v2\/tags?post=28413"}],"curies":[{"name":"wp","href":"https:\/\/api.w.org\/{rel}","templated":true}]}}