{"id":28386,"date":"2024-02-08T13:09:39","date_gmt":"2024-02-08T13:09:39","guid":{"rendered":"https:\/\/evropskakuca.me\/?p=28386"},"modified":"2024-02-08T13:09:39","modified_gmt":"2024-02-08T13:09:39","slug":"uskoro-prvi-poziv-kroz-ipard-iii","status":"publish","type":"post","link":"https:\/\/www.evropskakuca.me\/me\/uskoro-prvi-poziv-kroz-ipard-iii\/","title":{"rendered":"Uskoro prvi poziv kroz IPARD III"},"content":{"rendered":"<p style=\"text-align: center;\">Najavljen prvi Javni poziv kroz IPARD III program EU za podr\u0161ku poljoprivredi i ruralnom razvoju. Tema prvog Javnog poziva je diverzifikacija i razvoj gazdinstva sa posebnim fokusom na investicije za razvoj ruralnog turizma i prerade na gazdinstvu.<\/p>\n<p style=\"text-align: center;\"><strong>Sada je vrijeme za IPARD III!\u00a0<\/strong><\/p>\n<p>Program koji \u0107e trajati sedam godina omogu\u0107i\u0107e gazdinstvima da rastu i napreduju.<\/p>\n<p>Ambasadorka EU u Crnoj Gori, <strong>Oana Kristina Popa<\/strong> kazalaa je da joj je drago \u0161to se prvi poziv za prijave programa IPARD III najavljuje u fabrici gospodina \u0160ahovi\u0107a, u \u010diju je izgradnju EU ulo\u017eila pola miliona eura kroz prethodni IPARD program.<\/p>\n<p><img fetchpriority=\"high\" decoding=\"async\" class=\"alignnone size-large wp-image-28389\" src=\"https:\/\/evropskakuca.me\/wp-content\/uploads\/2024\/02\/FRO_9798-1024x743.jpg\" alt=\"\" width=\"1024\" height=\"743\" \/><\/p>\n<p><em>\u201cProteklih godina pomogli smo da se finansiraju stotine investicija \u0161irom zemlje: od opreme i traktora za male farme do izgradnje velikih modernih prera\u0111iva\u010dkih preduze\u0107a. Veoma sam sretna \u0161to imam priliku da proizvode na\u0161ih IPARD korisnika kupujem u marketima, kao i \u0161to im na\u0161a podr\u0161ka otvara mogu\u0107nosti za izvoz u region i EU\u201d,\u00a0<\/em>kazala je ambasadorka.<em>\u00a0<\/em><\/p>\n<p><em>\u201cNovi program pru\u017ea velike mogu\u0107nosti za crnogorsku poljoprivredu, ali i seoski turizam. Nadamo se da \u0107emo kroz na\u0161u IPARD podr\u0161ku doprinijeti preokretanju trenda depopulacije u nekim dijelovima zemlje\u201d<\/em>, dodala je ambasadorka Popa po\u017eeljev\u0161i svim korisnicima i aplikantima programa IPARD puno sre\u0107e i uspjeha u ostvarenju svojih planova kroz novi program.<\/p>\n<p><img decoding=\"async\" class=\"alignnone size-large wp-image-28393\" src=\"https:\/\/evropskakuca.me\/wp-content\/uploads\/2024\/02\/FRO_9456-1024x683.jpg\" alt=\"\" width=\"1024\" height=\"683\" \/><\/p>\n<p><strong>Ministar Jokovi\u0107<\/strong> je istakao da koncept diverzifikovanja u oblasti poljoprivrede predstavlja posebnu razvojnu \u0161ansu, naro\u010dito u sjevernom dijelu Crne Gore.<\/p>\n<p><em>\u201eRazvojem prerade na porodi\u010dnim gazdinstvima doprinosi se pove\u0107anju kvaliteta i raznovrsnosti ponude proizvoda crnogorskih poljoprivrednika.\u201c <\/em>\u00a0Kazao je ministar.<\/p>\n<p>On je pozvao sve zainteresovane da se prijave na ovaj i budu\u0107e javne pozive i uzmu <strong>u\u010de\u0161\u0107e na radionicama, koje \u0107e se organizovati u okviru info kampanje o prvom javnom pozivu od 8. do 15. februara 2024. godine.<\/strong> Nakon radionica bi\u0107e organizovani i <strong>IPARD dani \u201eotvorenih vrata\u201c<\/strong>, gdje \u0107e zainteresovani korisnici imati priliku da se dodatno informi\u0161u.<\/p>\n\n<p>Konferenciji je prethodio sastanak \u010dija je tema bila nastavak i unapre\u0111enje saradnje sa institucijama EU u oblasti poljoprivrede i ruralnog razvoja.<\/p>\n<p>Ambasadorka Popa \u010destitala je Ministarstvu na po\u010detku novog programa IPARD III, kao i na uspje\u0161nom kori\u0161\u0107enju svih dostupnih sredstava kroz prethodni program IPARD II u 2023. godini. Ambasadorka je rekla da brzina zakonodavnog rada povezanog sa tri poglavlja koja su u nadle\u017enosti Ministarstva (poljoprivreda, ruralni razvoj, bezbjednost hrane, veterinarske i fitosanitarne usluge, ribarstvo i akvakultura) nije bila optimalna u proteklim godinama, i da je sada pravo vrijeme da se to ubrza.<\/p>\n<p>\u2018\u2019EU je stavila na raspolaganje veliki paket finansijske podr\u0161ke vrijedan 9 miliona eura &#8211; kako bi pomogla Crnoj Gori da napreduje u ispunjavanju pristupnih mjerila u ovim oblastima\u2019\u2019, dodala je ambasadorka, isti\u010du\u0107i da \u0107e \u201eEU podr\u0161ka pomo\u0107i gra\u0111anima Crne Gore da dobiju pristup poslovima u ovim sektorima, da se obezbijedi sigurna i zdrava hranu, i preokrene trend depopulacije ruralnih podru\u010dja\u201c.<\/p>\n<p>Za vi\u0161e informacija posjetite sajt Ministarstva poljoprivrede \u0161umarstva i vodoprivrede.<\/p>\n<p style=\"text-align: center;\"><strong>Plan informativnih radionica po op\u0161tinama tokom promocije PRVOG Javnog poziva za Mjeru 7; Podmjera 7.1:<\/strong><\/p>\n<table class=\" aligncenter\" style=\"height: 912px;\" width=\"457\">\n<tbody>\n<tr>\n<td width=\"23%\"><strong>Op\u0161tina<\/strong><\/td>\n<td width=\"19%\"><strong>Vrijeme<\/strong><\/td>\n<td width=\"57%\"><strong>Mjesto odr\u017eavanja prezentacije<\/strong><\/td>\n<\/tr>\n<tr>\n<td colspan=\"3\" width=\"100%\"><strong>\u010cetvrtak 08.02.2024.<\/strong><\/td>\n<\/tr>\n<tr>\n<td width=\"23%\">Nik\u0161i\u0107<\/td>\n<td width=\"19%\">09h<\/td>\n<td width=\"57%\">IPC Tehnopolis<\/td>\n<\/tr>\n<tr>\n<td width=\"23%\">Danilovgrad<\/td>\n<td width=\"19%\">13h<\/td>\n<td width=\"57%\">Op\u0161tina &#8211; Skup\u0161tinska sala<\/td>\n<\/tr>\n<tr>\n<td width=\"23%\">Ulcinj<\/td>\n<td width=\"19%\">10\u00a0h<\/td>\n<td width=\"57%\">Op\u0161tina &#8211; Skup\u0161tinska sala<\/td>\n<\/tr>\n<tr>\n<td width=\"23%\">Bar<\/td>\n<td width=\"19%\">13h<\/td>\n<td width=\"57%\">Zgrada Doma kulture<\/td>\n<\/tr>\n<tr>\n<td colspan=\"3\" width=\"100%\"><strong>Petak 09.02.2024.<\/strong><\/td>\n<\/tr>\n<tr>\n<td width=\"23%\">Herceg Novi<\/td>\n<td width=\"19%\">10h<\/td>\n<td width=\"57%\">Op\u0161tina &#8211; Skup\u0161tinska sala<\/td>\n<\/tr>\n<tr>\n<td width=\"23%\">Kotor<\/td>\n<td width=\"19%\">14h<\/td>\n<td width=\"57%\">Op\u0161tina &#8211; Skup\u0161tinska sala<\/td>\n<\/tr>\n<tr>\n<td width=\"23%\">Kola\u0161in<\/td>\n<td width=\"19%\">10h<\/td>\n<td width=\"57%\">Centar za kulturu<\/td>\n<\/tr>\n<tr>\n<td width=\"23%\">Mojkovac<\/td>\n<td width=\"19%\">13h<\/td>\n<td width=\"57%\">Op\u0161tina &#8211; Skup\u0161tinska sala<\/td>\n<\/tr>\n<tr>\n<td colspan=\"3\" width=\"100%\"><strong>Ponedeljak 12.02.2024.<\/strong><\/td>\n<\/tr>\n<tr>\n<td width=\"23%\">Cetinje<\/td>\n<td width=\"19%\">10h<\/td>\n<td width=\"57%\">Op\u0161tina &#8211; Skup\u0161tinska sala<\/td>\n<\/tr>\n<tr>\n<td width=\"23%\">Budva<\/td>\n<td width=\"19%\">13h<\/td>\n<td width=\"57%\">Op\u0161tina &#8211; Skup\u0161tinska sala<\/td>\n<\/tr>\n<tr>\n<td width=\"23%\">Bijelo Polje<\/td>\n<td width=\"19%\">9h<\/td>\n<td width=\"57%\">Op\u0161tina &#8211; Skup\u0161tinska sala<\/td>\n<\/tr>\n<tr>\n<td width=\"23%\">Berane<\/td>\n<td width=\"19%\">13h<\/td>\n<td width=\"57%\">Op\u0161tina &#8211; Skup\u0161tinska sala<\/td>\n<\/tr>\n<tr>\n<td colspan=\"3\" width=\"100%\"><strong>Utorak 13.02.2024.<\/strong><\/td>\n<\/tr>\n<tr>\n<td width=\"23%\">Plu\u017eine<\/td>\n<td width=\"19%\">10h<\/td>\n<td width=\"57%\">Op\u0161tina &#8211; Skup\u0161tinska sala<\/td>\n<\/tr>\n<tr>\n<td width=\"23%\">\u0160avnik<\/td>\n<td width=\"19%\">13h<\/td>\n<td width=\"57%\">Op\u0161tina &#8211; Skup\u0161tinska sala<\/td>\n<\/tr>\n<tr>\n<td width=\"23%\">Andrijevica<\/td>\n<td width=\"19%\">9h<\/td>\n<td width=\"57%\">Op\u0161tina &#8211; Skup\u0161tinska sala<\/td>\n<\/tr>\n<tr>\n<td width=\"23%\">Plav<\/td>\n<td width=\"19%\">12h<\/td>\n<td width=\"57%\">Centar za kulturu<\/td>\n<\/tr>\n<tr>\n<td width=\"23%\">Gusinje<\/td>\n<td width=\"19%\">14h<\/td>\n<td width=\"57%\">Zgrada Op\u0161tine<\/td>\n<\/tr>\n<tr>\n<td colspan=\"3\" width=\"100%\"><strong>Srijeda 14.02.2024.<\/strong><\/td>\n<\/tr>\n<tr>\n<td width=\"23%\">\u017dabljak<\/td>\n<td width=\"19%\">9h<\/td>\n<td width=\"57%\">Op\u0161tina &#8211; Skup\u0161tinska sala<\/td>\n<\/tr>\n<tr>\n<td width=\"23%\">Pljevlja<\/td>\n<td width=\"19%\">13h<\/td>\n<td width=\"57%\">Op\u0161tina &#8211; Skup\u0161tinska sala<\/td>\n<\/tr>\n<tr>\n<td width=\"23%\">Ro\u017eaje<\/td>\n<td width=\"19%\">10h<\/td>\n<td width=\"57%\">Centar za kulturu<\/td>\n<\/tr>\n<tr>\n<td width=\"23%\">Petnjica<\/td>\n<td width=\"19%\">13h<\/td>\n<td width=\"57%\">Op\u0161tina &#8211; Skup\u0161tinska sala<\/td>\n<\/tr>\n<tr>\n<td colspan=\"3\" width=\"100%\"><strong>\u010cetvrtak 15.02.2024.<\/strong><\/td>\n<\/tr>\n<tr>\n<td width=\"23%\">Zeta<\/td>\n<td width=\"19%\">10h<\/td>\n<td width=\"57%\">Zgrada op\u0161tine<\/td>\n<\/tr>\n<tr>\n<td width=\"23%\">Tuzi<\/td>\n<td width=\"19%\">13h<\/td>\n<td width=\"57%\">Op\u0161tina &#8211; Skup\u0161tinska sala<\/td>\n<\/tr>\n<\/tbody>\n<\/table>\n<p>&nbsp;<\/p>\n","protected":false},"excerpt":{"rendered":"<p>Najavljen prvi Javni poziv kroz IPARD III program EU za podr\u0161ku poljoprivredi i ruralnom razvoju. Tema prvog Javnog poziva je diverzifikacija i razvoj gazdinstva sa posebnim fokusom na investicije za razvoj ruralnog turizma i prerade na gazdinstvu. Sada je vrijeme za IPARD III!\u00a0 Program koji \u0107e trajati sedam godina omogu\u0107i\u0107e gazdinstvima da rastu i napreduju. [&hellip;]<\/p>\n","protected":false},"author":1,"featured_media":40603,"comment_status":"closed","ping_status":"closed","sticky":false,"template":"","format":"standard","meta":{"_acf_changed":false,"footnotes":""},"categories":[],"tags":[],"class_list":["post-28386","post","type-post","status-publish","format-standard","has-post-thumbnail","hentry"],"acf":[],"yoast_head":"<!-- This site is optimized with the Yoast SEO plugin v27.3 - https:\/\/yoast.com\/product\/yoast-seo-wordpress\/ -->\n<title>Uskoro prvi poziv kroz IPARD III - Europe House<\/title>\n<meta name=\"robots\" content=\"index, follow, max-snippet:-1, max-image-preview:large, max-video-preview:-1\" \/>\n<link rel=\"canonical\" href=\"https:\/\/www.evropskakuca.me\/me\/uskoro-prvi-poziv-kroz-ipard-iii\/\" \/>\n<meta property=\"og:locale\" content=\"en_US\" \/>\n<meta property=\"og:type\" content=\"article\" \/>\n<meta property=\"og:title\" content=\"Uskoro prvi poziv kroz IPARD III - Europe House\" \/>\n<meta property=\"og:description\" content=\"Najavljen prvi Javni poziv kroz IPARD III program EU za podr\u0161ku poljoprivredi i ruralnom razvoju. Tema prvog Javnog poziva je diverzifikacija i razvoj gazdinstva sa posebnim fokusom na investicije za razvoj ruralnog turizma i prerade na gazdinstvu. Sada je vrijeme za IPARD III!\u00a0 Program koji \u0107e trajati sedam godina omogu\u0107i\u0107e gazdinstvima da rastu i napreduju. [&hellip;]\" \/>\n<meta property=\"og:url\" content=\"https:\/\/www.evropskakuca.me\/me\/uskoro-prvi-poziv-kroz-ipard-iii\/\" \/>\n<meta property=\"og:site_name\" content=\"Europe House\" \/>\n<meta property=\"article:publisher\" content=\"https:\/\/www.facebook.com\/evropska.kuca\" \/>\n<meta property=\"article:published_time\" content=\"2024-02-08T13:09:39+00:00\" \/>\n<meta property=\"og:image\" content=\"https:\/\/www.evropskakuca.me\/wp-content\/uploads\/2024\/02\/FRO_9155.jpg\" \/>\n\t<meta property=\"og:image:width\" content=\"2560\" \/>\n\t<meta property=\"og:image:height\" content=\"1852\" \/>\n\t<meta property=\"og:image:type\" content=\"image\/jpeg\" \/>\n<meta name=\"author\" content=\"mkajic\" \/>\n<meta name=\"twitter:card\" content=\"summary_large_image\" \/>\n<meta name=\"twitter:creator\" content=\"@evropska_kuca\" \/>\n<meta name=\"twitter:site\" content=\"@evropska_kuca\" \/>\n<meta name=\"twitter:label1\" content=\"Written by\" \/>\n\t<meta name=\"twitter:data1\" content=\"mkajic\" \/>\n\t<meta name=\"twitter:label2\" content=\"Est. reading time\" \/>\n\t<meta name=\"twitter:data2\" content=\"4 minutes\" \/>\n<script type=\"application\/ld+json\" class=\"yoast-schema-graph\">{\"@context\":\"https:\\\/\\\/schema.org\",\"@graph\":[{\"@type\":\"Article\",\"@id\":\"https:\\\/\\\/www.evropskakuca.me\\\/me\\\/uskoro-prvi-poziv-kroz-ipard-iii\\\/#article\",\"isPartOf\":{\"@id\":\"https:\\\/\\\/www.evropskakuca.me\\\/me\\\/uskoro-prvi-poziv-kroz-ipard-iii\\\/\"},\"author\":{\"name\":\"mkajic\",\"@id\":\"https:\\\/\\\/www.evropskakuca.me\\\/me\\\/#\\\/schema\\\/person\\\/a1d0dcdaefe4a1cd1d60d200ea137ba4\"},\"headline\":\"Uskoro prvi poziv kroz IPARD III\",\"datePublished\":\"2024-02-08T13:09:39+00:00\",\"mainEntityOfPage\":{\"@id\":\"https:\\\/\\\/www.evropskakuca.me\\\/me\\\/uskoro-prvi-poziv-kroz-ipard-iii\\\/\"},\"wordCount\":699,\"publisher\":{\"@id\":\"https:\\\/\\\/www.evropskakuca.me\\\/me\\\/#organization\"},\"image\":{\"@id\":\"https:\\\/\\\/www.evropskakuca.me\\\/me\\\/uskoro-prvi-poziv-kroz-ipard-iii\\\/#primaryimage\"},\"thumbnailUrl\":\"https:\\\/\\\/www.evropskakuca.me\\\/wp-content\\\/uploads\\\/2024\\\/02\\\/FRO_9155.jpg\",\"inLanguage\":\"me-ME\"},{\"@type\":\"WebPage\",\"@id\":\"https:\\\/\\\/www.evropskakuca.me\\\/me\\\/uskoro-prvi-poziv-kroz-ipard-iii\\\/\",\"url\":\"https:\\\/\\\/www.evropskakuca.me\\\/me\\\/uskoro-prvi-poziv-kroz-ipard-iii\\\/\",\"name\":\"Uskoro prvi poziv kroz IPARD III - Europe House\",\"isPartOf\":{\"@id\":\"https:\\\/\\\/www.evropskakuca.me\\\/me\\\/#website\"},\"primaryImageOfPage\":{\"@id\":\"https:\\\/\\\/www.evropskakuca.me\\\/me\\\/uskoro-prvi-poziv-kroz-ipard-iii\\\/#primaryimage\"},\"image\":{\"@id\":\"https:\\\/\\\/www.evropskakuca.me\\\/me\\\/uskoro-prvi-poziv-kroz-ipard-iii\\\/#primaryimage\"},\"thumbnailUrl\":\"https:\\\/\\\/www.evropskakuca.me\\\/wp-content\\\/uploads\\\/2024\\\/02\\\/FRO_9155.jpg\",\"datePublished\":\"2024-02-08T13:09:39+00:00\",\"breadcrumb\":{\"@id\":\"https:\\\/\\\/www.evropskakuca.me\\\/me\\\/uskoro-prvi-poziv-kroz-ipard-iii\\\/#breadcrumb\"},\"inLanguage\":\"me-ME\",\"potentialAction\":[{\"@type\":\"ReadAction\",\"target\":[\"https:\\\/\\\/www.evropskakuca.me\\\/me\\\/uskoro-prvi-poziv-kroz-ipard-iii\\\/\"]}]},{\"@type\":\"ImageObject\",\"inLanguage\":\"me-ME\",\"@id\":\"https:\\\/\\\/www.evropskakuca.me\\\/me\\\/uskoro-prvi-poziv-kroz-ipard-iii\\\/#primaryimage\",\"url\":\"https:\\\/\\\/www.evropskakuca.me\\\/wp-content\\\/uploads\\\/2024\\\/02\\\/FRO_9155.jpg\",\"contentUrl\":\"https:\\\/\\\/www.evropskakuca.me\\\/wp-content\\\/uploads\\\/2024\\\/02\\\/FRO_9155.jpg\",\"width\":2560,\"height\":1852},{\"@type\":\"BreadcrumbList\",\"@id\":\"https:\\\/\\\/www.evropskakuca.me\\\/me\\\/uskoro-prvi-poziv-kroz-ipard-iii\\\/#breadcrumb\",\"itemListElement\":[{\"@type\":\"ListItem\",\"position\":1,\"name\":\"Home\",\"item\":\"https:\\\/\\\/www.evropskakuca.me\\\/me\\\/\"},{\"@type\":\"ListItem\",\"position\":2,\"name\":\"Uskoro prvi poziv kroz IPARD III\"}]},{\"@type\":\"WebSite\",\"@id\":\"https:\\\/\\\/www.evropskakuca.me\\\/me\\\/#website\",\"url\":\"https:\\\/\\\/www.evropskakuca.me\\\/me\\\/\",\"name\":\"Evropean house\",\"description\":\"\",\"publisher\":{\"@id\":\"https:\\\/\\\/www.evropskakuca.me\\\/me\\\/#organization\"},\"potentialAction\":[{\"@type\":\"SearchAction\",\"target\":{\"@type\":\"EntryPoint\",\"urlTemplate\":\"https:\\\/\\\/www.evropskakuca.me\\\/me\\\/?s={search_term_string}\"},\"query-input\":{\"@type\":\"PropertyValueSpecification\",\"valueRequired\":true,\"valueName\":\"search_term_string\"}}],\"inLanguage\":\"me-ME\"},{\"@type\":\"Organization\",\"@id\":\"https:\\\/\\\/www.evropskakuca.me\\\/me\\\/#organization\",\"name\":\"Evropean house\",\"url\":\"https:\\\/\\\/www.evropskakuca.me\\\/me\\\/\",\"logo\":{\"@type\":\"ImageObject\",\"inLanguage\":\"me-ME\",\"@id\":\"https:\\\/\\\/www.evropskakuca.me\\\/me\\\/#\\\/schema\\\/logo\\\/image\\\/\",\"url\":\"https:\\\/\\\/www.evropskakuca.me\\\/wp-content\\\/uploads\\\/2025\\\/01\\\/evropska-kuca-logo-1.png\",\"contentUrl\":\"https:\\\/\\\/www.evropskakuca.me\\\/wp-content\\\/uploads\\\/2025\\\/01\\\/evropska-kuca-logo-1.png\",\"width\":425,\"height\":312,\"caption\":\"Evropean house\"},\"image\":{\"@id\":\"https:\\\/\\\/www.evropskakuca.me\\\/me\\\/#\\\/schema\\\/logo\\\/image\\\/\"},\"sameAs\":[\"https:\\\/\\\/www.facebook.com\\\/evropska.kuca\",\"https:\\\/\\\/x.com\\\/evropska_kuca\",\"https:\\\/\\\/www.instagram.com\\\/evropska_kuca\"]},{\"@type\":\"Person\",\"@id\":\"https:\\\/\\\/www.evropskakuca.me\\\/me\\\/#\\\/schema\\\/person\\\/a1d0dcdaefe4a1cd1d60d200ea137ba4\",\"name\":\"mkajic\",\"image\":{\"@type\":\"ImageObject\",\"inLanguage\":\"me-ME\",\"@id\":\"https:\\\/\\\/secure.gravatar.com\\\/avatar\\\/731fa035cefab7316e6bafd1f25a93fb731a07de14e2d9923f8db4422628eabc?s=96&d=mm&r=g\",\"url\":\"https:\\\/\\\/secure.gravatar.com\\\/avatar\\\/731fa035cefab7316e6bafd1f25a93fb731a07de14e2d9923f8db4422628eabc?s=96&d=mm&r=g\",\"contentUrl\":\"https:\\\/\\\/secure.gravatar.com\\\/avatar\\\/731fa035cefab7316e6bafd1f25a93fb731a07de14e2d9923f8db4422628eabc?s=96&d=mm&r=g\",\"caption\":\"mkajic\"},\"sameAs\":[\"https:\\\/\\\/evropskakuca.me\"],\"url\":\"https:\\\/\\\/www.evropskakuca.me\\\/me\\\/author\\\/mkajic\\\/\"}]}<\/script>\n<!-- \/ Yoast SEO plugin. -->","yoast_head_json":{"title":"Uskoro prvi poziv kroz IPARD III - Europe House","robots":{"index":"index","follow":"follow","max-snippet":"max-snippet:-1","max-image-preview":"max-image-preview:large","max-video-preview":"max-video-preview:-1"},"canonical":"https:\/\/www.evropskakuca.me\/me\/uskoro-prvi-poziv-kroz-ipard-iii\/","og_locale":"en_US","og_type":"article","og_title":"Uskoro prvi poziv kroz IPARD III - Europe House","og_description":"Najavljen prvi Javni poziv kroz IPARD III program EU za podr\u0161ku poljoprivredi i ruralnom razvoju. Tema prvog Javnog poziva je diverzifikacija i razvoj gazdinstva sa posebnim fokusom na investicije za razvoj ruralnog turizma i prerade na gazdinstvu. Sada je vrijeme za IPARD III!\u00a0 Program koji \u0107e trajati sedam godina omogu\u0107i\u0107e gazdinstvima da rastu i napreduju. [&hellip;]","og_url":"https:\/\/www.evropskakuca.me\/me\/uskoro-prvi-poziv-kroz-ipard-iii\/","og_site_name":"Europe House","article_publisher":"https:\/\/www.facebook.com\/evropska.kuca","article_published_time":"2024-02-08T13:09:39+00:00","og_image":[{"width":2560,"height":1852,"url":"https:\/\/www.evropskakuca.me\/wp-content\/uploads\/2024\/02\/FRO_9155.jpg","type":"image\/jpeg"}],"author":"mkajic","twitter_card":"summary_large_image","twitter_creator":"@evropska_kuca","twitter_site":"@evropska_kuca","twitter_misc":{"Written by":"mkajic","Est. reading time":"4 minutes"},"schema":{"@context":"https:\/\/schema.org","@graph":[{"@type":"Article","@id":"https:\/\/www.evropskakuca.me\/me\/uskoro-prvi-poziv-kroz-ipard-iii\/#article","isPartOf":{"@id":"https:\/\/www.evropskakuca.me\/me\/uskoro-prvi-poziv-kroz-ipard-iii\/"},"author":{"name":"mkajic","@id":"https:\/\/www.evropskakuca.me\/me\/#\/schema\/person\/a1d0dcdaefe4a1cd1d60d200ea137ba4"},"headline":"Uskoro prvi poziv kroz IPARD III","datePublished":"2024-02-08T13:09:39+00:00","mainEntityOfPage":{"@id":"https:\/\/www.evropskakuca.me\/me\/uskoro-prvi-poziv-kroz-ipard-iii\/"},"wordCount":699,"publisher":{"@id":"https:\/\/www.evropskakuca.me\/me\/#organization"},"image":{"@id":"https:\/\/www.evropskakuca.me\/me\/uskoro-prvi-poziv-kroz-ipard-iii\/#primaryimage"},"thumbnailUrl":"https:\/\/www.evropskakuca.me\/wp-content\/uploads\/2024\/02\/FRO_9155.jpg","inLanguage":"me-ME"},{"@type":"WebPage","@id":"https:\/\/www.evropskakuca.me\/me\/uskoro-prvi-poziv-kroz-ipard-iii\/","url":"https:\/\/www.evropskakuca.me\/me\/uskoro-prvi-poziv-kroz-ipard-iii\/","name":"Uskoro prvi poziv kroz IPARD III - Europe House","isPartOf":{"@id":"https:\/\/www.evropskakuca.me\/me\/#website"},"primaryImageOfPage":{"@id":"https:\/\/www.evropskakuca.me\/me\/uskoro-prvi-poziv-kroz-ipard-iii\/#primaryimage"},"image":{"@id":"https:\/\/www.evropskakuca.me\/me\/uskoro-prvi-poziv-kroz-ipard-iii\/#primaryimage"},"thumbnailUrl":"https:\/\/www.evropskakuca.me\/wp-content\/uploads\/2024\/02\/FRO_9155.jpg","datePublished":"2024-02-08T13:09:39+00:00","breadcrumb":{"@id":"https:\/\/www.evropskakuca.me\/me\/uskoro-prvi-poziv-kroz-ipard-iii\/#breadcrumb"},"inLanguage":"me-ME","potentialAction":[{"@type":"ReadAction","target":["https:\/\/www.evropskakuca.me\/me\/uskoro-prvi-poziv-kroz-ipard-iii\/"]}]},{"@type":"ImageObject","inLanguage":"me-ME","@id":"https:\/\/www.evropskakuca.me\/me\/uskoro-prvi-poziv-kroz-ipard-iii\/#primaryimage","url":"https:\/\/www.evropskakuca.me\/wp-content\/uploads\/2024\/02\/FRO_9155.jpg","contentUrl":"https:\/\/www.evropskakuca.me\/wp-content\/uploads\/2024\/02\/FRO_9155.jpg","width":2560,"height":1852},{"@type":"BreadcrumbList","@id":"https:\/\/www.evropskakuca.me\/me\/uskoro-prvi-poziv-kroz-ipard-iii\/#breadcrumb","itemListElement":[{"@type":"ListItem","position":1,"name":"Home","item":"https:\/\/www.evropskakuca.me\/me\/"},{"@type":"ListItem","position":2,"name":"Uskoro prvi poziv kroz IPARD III"}]},{"@type":"WebSite","@id":"https:\/\/www.evropskakuca.me\/me\/#website","url":"https:\/\/www.evropskakuca.me\/me\/","name":"Evropean house","description":"","publisher":{"@id":"https:\/\/www.evropskakuca.me\/me\/#organization"},"potentialAction":[{"@type":"SearchAction","target":{"@type":"EntryPoint","urlTemplate":"https:\/\/www.evropskakuca.me\/me\/?s={search_term_string}"},"query-input":{"@type":"PropertyValueSpecification","valueRequired":true,"valueName":"search_term_string"}}],"inLanguage":"me-ME"},{"@type":"Organization","@id":"https:\/\/www.evropskakuca.me\/me\/#organization","name":"Evropean house","url":"https:\/\/www.evropskakuca.me\/me\/","logo":{"@type":"ImageObject","inLanguage":"me-ME","@id":"https:\/\/www.evropskakuca.me\/me\/#\/schema\/logo\/image\/","url":"https:\/\/www.evropskakuca.me\/wp-content\/uploads\/2025\/01\/evropska-kuca-logo-1.png","contentUrl":"https:\/\/www.evropskakuca.me\/wp-content\/uploads\/2025\/01\/evropska-kuca-logo-1.png","width":425,"height":312,"caption":"Evropean house"},"image":{"@id":"https:\/\/www.evropskakuca.me\/me\/#\/schema\/logo\/image\/"},"sameAs":["https:\/\/www.facebook.com\/evropska.kuca","https:\/\/x.com\/evropska_kuca","https:\/\/www.instagram.com\/evropska_kuca"]},{"@type":"Person","@id":"https:\/\/www.evropskakuca.me\/me\/#\/schema\/person\/a1d0dcdaefe4a1cd1d60d200ea137ba4","name":"mkajic","image":{"@type":"ImageObject","inLanguage":"me-ME","@id":"https:\/\/secure.gravatar.com\/avatar\/731fa035cefab7316e6bafd1f25a93fb731a07de14e2d9923f8db4422628eabc?s=96&d=mm&r=g","url":"https:\/\/secure.gravatar.com\/avatar\/731fa035cefab7316e6bafd1f25a93fb731a07de14e2d9923f8db4422628eabc?s=96&d=mm&r=g","contentUrl":"https:\/\/secure.gravatar.com\/avatar\/731fa035cefab7316e6bafd1f25a93fb731a07de14e2d9923f8db4422628eabc?s=96&d=mm&r=g","caption":"mkajic"},"sameAs":["https:\/\/evropskakuca.me"],"url":"https:\/\/www.evropskakuca.me\/me\/author\/mkajic\/"}]}},"_links":{"self":[{"href":"https:\/\/www.evropskakuca.me\/me\/wp-json\/wp\/v2\/posts\/28386","targetHints":{"allow":["GET"]}}],"collection":[{"href":"https:\/\/www.evropskakuca.me\/me\/wp-json\/wp\/v2\/posts"}],"about":[{"href":"https:\/\/www.evropskakuca.me\/me\/wp-json\/wp\/v2\/types\/post"}],"author":[{"embeddable":true,"href":"https:\/\/www.evropskakuca.me\/me\/wp-json\/wp\/v2\/users\/1"}],"replies":[{"embeddable":true,"href":"https:\/\/www.evropskakuca.me\/me\/wp-json\/wp\/v2\/comments?post=28386"}],"version-history":[{"count":0,"href":"https:\/\/www.evropskakuca.me\/me\/wp-json\/wp\/v2\/posts\/28386\/revisions"}],"wp:featuredmedia":[{"embeddable":true,"href":"https:\/\/www.evropskakuca.me\/me\/wp-json\/wp\/v2\/media\/40603"}],"wp:attachment":[{"href":"https:\/\/www.evropskakuca.me\/me\/wp-json\/wp\/v2\/media?parent=28386"}],"wp:term":[{"taxonomy":"category","embeddable":true,"href":"https:\/\/www.evropskakuca.me\/me\/wp-json\/wp\/v2\/categories?post=28386"},{"taxonomy":"post_tag","embeddable":true,"href":"https:\/\/www.evropskakuca.me\/me\/wp-json\/wp\/v2\/tags?post=28386"}],"curies":[{"name":"wp","href":"https:\/\/api.w.org\/{rel}","templated":true}]}}