{"id":28279,"date":"2024-01-31T13:05:43","date_gmt":"2024-01-31T13:05:43","guid":{"rendered":"https:\/\/evropskakuca.me\/?p=28279"},"modified":"2025-02-10T10:43:03","modified_gmt":"2025-02-10T10:43:03","slug":"otvorena-izlozba-najljepse-vode-crne-gore-cista-voda-cista-umjetnost","status":"publish","type":"post","link":"https:\/\/www.evropskakuca.me\/me\/otvorena-izlozba-najljepse-vode-crne-gore-cista-voda-cista-umjetnost\/","title":{"rendered":"NAJLJEP\u0160E VODE CG- \u010cISTA VODA, \u010cISTA UMJETNOST"},"content":{"rendered":"<p>U Evropskoj ku\u0107i u Podgorici sino\u0107 je otvorena izlo\u017eba fotografija <strong><em>\u201eNajljep\u0161e vode Crne Gore- \u010cista voda, \u010dista umjetnost\u201c<\/em><\/strong>. Rije\u010d je o radovima nastalim u okviru nagradnog foto konkursa Uprave za vode Crne Gore sprovedenog u decembru pro\u0161le godine.<\/p>\n\n<p>Od ukupno 956 pristiglih radova, stru\u010dni \u017eiri odabrao je 40, a za prvorangirana tri rada obezbije\u0111ene su nov\u010dane nagrade. Prvo mjesto osvojio je <strong>Stevan \u017dugi\u0107<\/strong>, drugo <strong>Demir Pepi\u0107<\/strong>, a tre\u0107e <strong>Marko Ili\u0107<\/strong>.<\/p>\n\n<p>Izlo\u017ebu je otvorila direktorica Uprave za vode <strong>Vesna Bajovi\u0107<\/strong> koja je poru\u010dila da ona nije samo prilika da se divimo prirodnoj ljepoti voda Crne Gore, ve\u0107 i podsjetnik na njihovu vitalnu va\u017enost i potrebu za o\u010duvanjem.<\/p>\n<p><img fetchpriority=\"high\" decoding=\"async\" class=\"alignnone size-large wp-image-28288\" src=\"https:\/\/evropskakuca.me\/wp-content\/uploads\/2024\/01\/FRO_6761-1024x683.jpg\" alt=\"\" width=\"1024\" height=\"683\" \/><\/p>\n<p>\u201cVode Crne Gore su na\u0161e naslje\u0111e, izvor \u017eivota i inspiracija. Ove fotografije, koje ste vi, talentovani umjetnici, uspjeli zabilje\u017eiti, odra\u017eavaju ne samo ljepotu prirode ve\u0107 i na\u0161u odgovornost prema njoj. Uprava za vode je posve\u0107ena za\u0161titi voda i promociji odr\u017eivog upravljanja njima. Na\u0161 cilj je da o\u010duvamo trenutno stanje na\u0161ih voda, ali i da radimo na pobolj\u0161anju njihovog kvaliteta za budu\u0107e generacije\u201d, kazala je Bajovi\u0107.<\/p>\n<p><img decoding=\"async\" class=\"alignnone size-large wp-image-28294\" src=\"https:\/\/evropskakuca.me\/wp-content\/uploads\/2024\/01\/FRO_6965-1024x683.jpg\" alt=\"\" width=\"1024\" height=\"683\" \/><\/p>\n<p>Prisutnima se obratio i zamjenik ambasadorke Evropske unije u Crnoj Gori<strong> Rikardo Seri<\/strong> koji je istakao da su vode veliki potencijal dr\u017eave ali i njena velika odovornost.<\/p>\n<p><img decoding=\"async\" class=\"alignnone size-large wp-image-28298\" src=\"https:\/\/evropskakuca.me\/wp-content\/uploads\/2024\/01\/FRO_6814-1024x683.jpg\" alt=\"\" width=\"1024\" height=\"683\" \/><\/p>\n<p>\u201ePotrebno je uraditi jo\u0161 dosta toga da se podigne na\u0161a ekolo\u0161ka svijest i odgovornost, na na\u010din da vlada, preduze\u0107a, civilni sektor i gra\u0111ani udru\u017ee snage kako bi se o\u010duvala priroda i vode Crne Gore. Evropska unija ima veoma stroga pravila i standarde kada je u pitanju kvalitet voda i tretman otpadnih voda. Stoga je ovo jedna od najva\u017enijih i najintenzivnijih oblasti reforme za Crnu Goru\u201c, rekao je Seri.<\/p>\n\n<p>Predsjednik \u017eirija koji je odabrao najbolje fotografije, vanredni profesor Fakulteta dramskih umjetnosti, diplomirani filmski i televizijski snimatelj <strong>Relja Erakovi\u0107 <\/strong>kazao je da je odluka bila te\u0161ka jer je pristigao veliki broj kvalitetnih radova.<\/p>\n<p><img loading=\"lazy\" decoding=\"async\" class=\"alignnone size-large wp-image-28306\" src=\"https:\/\/evropskakuca.me\/wp-content\/uploads\/2024\/01\/FRO_6877-1024x683.jpg\" alt=\"\" width=\"1024\" height=\"683\" \/><\/p>\n<p>\u201c\u017diri je bio vo\u0111en prioritetno estetskim i likovnim standardima, a uva\u017eavan je, naravno, i odgovor na zadatu temu. Posebno smo cijenili kompleksnost i dubinu zna\u010denja teme, koja je uvijek aktuelna i inspirativna, naro\u010dito u kontekstu Crne Gore, dr\u017eave poznate po ljepoti vodnog bogatstva\u201d, kazao je Erakovi\u0107.<\/p>\n<p>Osim Erakovi\u0107a, \u010dlanovi \u017eirija su bili i producent i fotograf <strong>Bal\u0161a Rako\u010devi\u0107<\/strong> i <strong>Tamara Ku\u010d<\/strong>, predstavnica Uprave za vode.<\/p>\n\n<p>Foto konkurs Uprave za vode realizovan je u saradnji sa Evropskom ku\u0107om, uz podr\u0161ku projekta EU4ME \u2013 \u201ePodr\u0161ka Vladi Crne Gore u komuniciranju pristupa EU i EU podr\u0161ke Crnoj Gori\u201d. U okviru izlo\u017ebe posve\u0107ene konkursu, uz izabranih 40, prikazano je jo\u0161 10 fotografija koje su bile poseban izbor Evropske ku\u0107e. Izlo\u017eba \u0107e trajati do 10. februara.<\/p>\n","protected":false},"excerpt":{"rendered":"<p>U Evropskoj ku\u0107i u Podgorici sino\u0107 je otvorena izlo\u017eba fotografija \u201eNajljep\u0161e vode Crne Gore- \u010cista voda, \u010dista umjetnost\u201c. Rije\u010d je o radovima nastalim u okviru nagradnog foto konkursa Uprave za vode Crne Gore sprovedenog u decembru pro\u0161le godine. Od ukupno 956 pristiglih radova, stru\u010dni \u017eiri odabrao je 40, a za prvorangirana tri rada obezbije\u0111ene su [&hellip;]<\/p>\n","protected":false},"author":1,"featured_media":40517,"comment_status":"closed","ping_status":"closed","sticky":false,"template":"","format":"standard","meta":{"_acf_changed":false,"footnotes":""},"categories":[283,2,524],"tags":[],"class_list":["post-28279","post","type-post","status-publish","format-standard","has-post-thumbnail","hentry","category-novosti-me","category-uncategorized-me","category-vesti"],"acf":[],"yoast_head":"<!-- This site is optimized with the Yoast SEO plugin v27.3 - https:\/\/yoast.com\/product\/yoast-seo-wordpress\/ -->\n<title>NAJLJEP\u0160E VODE CG- \u010cISTA VODA, \u010cISTA UMJETNOST - Europe House<\/title>\n<meta name=\"robots\" content=\"index, follow, max-snippet:-1, max-image-preview:large, max-video-preview:-1\" \/>\n<link rel=\"canonical\" href=\"https:\/\/www.evropskakuca.me\/me\/otvorena-izlozba-najljepse-vode-crne-gore-cista-voda-cista-umjetnost\/\" \/>\n<meta property=\"og:locale\" content=\"en_US\" \/>\n<meta property=\"og:type\" content=\"article\" \/>\n<meta property=\"og:title\" content=\"NAJLJEP\u0160E VODE CG- \u010cISTA VODA, \u010cISTA UMJETNOST - Europe House\" \/>\n<meta property=\"og:description\" content=\"U Evropskoj ku\u0107i u Podgorici sino\u0107 je otvorena izlo\u017eba fotografija \u201eNajljep\u0161e vode Crne Gore- \u010cista voda, \u010dista umjetnost\u201c. Rije\u010d je o radovima nastalim u okviru nagradnog foto konkursa Uprave za vode Crne Gore sprovedenog u decembru pro\u0161le godine. Od ukupno 956 pristiglih radova, stru\u010dni \u017eiri odabrao je 40, a za prvorangirana tri rada obezbije\u0111ene su [&hellip;]\" \/>\n<meta property=\"og:url\" content=\"https:\/\/www.evropskakuca.me\/me\/otvorena-izlozba-najljepse-vode-crne-gore-cista-voda-cista-umjetnost\/\" \/>\n<meta property=\"og:site_name\" content=\"Europe House\" \/>\n<meta property=\"article:publisher\" content=\"https:\/\/www.facebook.com\/evropska.kuca\" \/>\n<meta property=\"article:published_time\" content=\"2024-01-31T13:05:43+00:00\" \/>\n<meta property=\"article:modified_time\" content=\"2025-02-10T10:43:03+00:00\" \/>\n<meta property=\"og:image\" content=\"https:\/\/www.evropskakuca.me\/wp-content\/uploads\/2024\/01\/FRO_6640.jpg\" \/>\n\t<meta property=\"og:image:width\" content=\"2560\" \/>\n\t<meta property=\"og:image:height\" content=\"1707\" \/>\n\t<meta property=\"og:image:type\" content=\"image\/jpeg\" \/>\n<meta name=\"author\" content=\"mkajic\" \/>\n<meta name=\"twitter:card\" content=\"summary_large_image\" \/>\n<meta name=\"twitter:creator\" content=\"@evropska_kuca\" \/>\n<meta name=\"twitter:site\" content=\"@evropska_kuca\" \/>\n<meta name=\"twitter:label1\" content=\"Written by\" \/>\n\t<meta name=\"twitter:data1\" content=\"mkajic\" \/>\n\t<meta name=\"twitter:label2\" content=\"Est. reading time\" \/>\n\t<meta name=\"twitter:data2\" content=\"3 minutes\" \/>\n<script type=\"application\/ld+json\" class=\"yoast-schema-graph\">{\"@context\":\"https:\\\/\\\/schema.org\",\"@graph\":[{\"@type\":\"Article\",\"@id\":\"https:\\\/\\\/www.evropskakuca.me\\\/me\\\/otvorena-izlozba-najljepse-vode-crne-gore-cista-voda-cista-umjetnost\\\/#article\",\"isPartOf\":{\"@id\":\"https:\\\/\\\/www.evropskakuca.me\\\/me\\\/otvorena-izlozba-najljepse-vode-crne-gore-cista-voda-cista-umjetnost\\\/\"},\"author\":{\"name\":\"mkajic\",\"@id\":\"https:\\\/\\\/www.evropskakuca.me\\\/me\\\/#\\\/schema\\\/person\\\/a1d0dcdaefe4a1cd1d60d200ea137ba4\"},\"headline\":\"NAJLJEP\u0160E VODE CG- \u010cISTA VODA, \u010cISTA UMJETNOST\",\"datePublished\":\"2024-01-31T13:05:43+00:00\",\"dateModified\":\"2025-02-10T10:43:03+00:00\",\"mainEntityOfPage\":{\"@id\":\"https:\\\/\\\/www.evropskakuca.me\\\/me\\\/otvorena-izlozba-najljepse-vode-crne-gore-cista-voda-cista-umjetnost\\\/\"},\"wordCount\":491,\"publisher\":{\"@id\":\"https:\\\/\\\/www.evropskakuca.me\\\/me\\\/#organization\"},\"image\":{\"@id\":\"https:\\\/\\\/www.evropskakuca.me\\\/me\\\/otvorena-izlozba-najljepse-vode-crne-gore-cista-voda-cista-umjetnost\\\/#primaryimage\"},\"thumbnailUrl\":\"https:\\\/\\\/www.evropskakuca.me\\\/wp-content\\\/uploads\\\/2024\\\/01\\\/FRO_6640.jpg\",\"articleSection\":[\"Novosti\",\"Uncategorized @me\",\"Vesti\"],\"inLanguage\":\"me-ME\"},{\"@type\":\"WebPage\",\"@id\":\"https:\\\/\\\/www.evropskakuca.me\\\/me\\\/otvorena-izlozba-najljepse-vode-crne-gore-cista-voda-cista-umjetnost\\\/\",\"url\":\"https:\\\/\\\/www.evropskakuca.me\\\/me\\\/otvorena-izlozba-najljepse-vode-crne-gore-cista-voda-cista-umjetnost\\\/\",\"name\":\"NAJLJEP\u0160E VODE CG- \u010cISTA VODA, \u010cISTA UMJETNOST - Europe House\",\"isPartOf\":{\"@id\":\"https:\\\/\\\/www.evropskakuca.me\\\/me\\\/#website\"},\"primaryImageOfPage\":{\"@id\":\"https:\\\/\\\/www.evropskakuca.me\\\/me\\\/otvorena-izlozba-najljepse-vode-crne-gore-cista-voda-cista-umjetnost\\\/#primaryimage\"},\"image\":{\"@id\":\"https:\\\/\\\/www.evropskakuca.me\\\/me\\\/otvorena-izlozba-najljepse-vode-crne-gore-cista-voda-cista-umjetnost\\\/#primaryimage\"},\"thumbnailUrl\":\"https:\\\/\\\/www.evropskakuca.me\\\/wp-content\\\/uploads\\\/2024\\\/01\\\/FRO_6640.jpg\",\"datePublished\":\"2024-01-31T13:05:43+00:00\",\"dateModified\":\"2025-02-10T10:43:03+00:00\",\"breadcrumb\":{\"@id\":\"https:\\\/\\\/www.evropskakuca.me\\\/me\\\/otvorena-izlozba-najljepse-vode-crne-gore-cista-voda-cista-umjetnost\\\/#breadcrumb\"},\"inLanguage\":\"me-ME\",\"potentialAction\":[{\"@type\":\"ReadAction\",\"target\":[\"https:\\\/\\\/www.evropskakuca.me\\\/me\\\/otvorena-izlozba-najljepse-vode-crne-gore-cista-voda-cista-umjetnost\\\/\"]}]},{\"@type\":\"ImageObject\",\"inLanguage\":\"me-ME\",\"@id\":\"https:\\\/\\\/www.evropskakuca.me\\\/me\\\/otvorena-izlozba-najljepse-vode-crne-gore-cista-voda-cista-umjetnost\\\/#primaryimage\",\"url\":\"https:\\\/\\\/www.evropskakuca.me\\\/wp-content\\\/uploads\\\/2024\\\/01\\\/FRO_6640.jpg\",\"contentUrl\":\"https:\\\/\\\/www.evropskakuca.me\\\/wp-content\\\/uploads\\\/2024\\\/01\\\/FRO_6640.jpg\",\"width\":2560,\"height\":1707},{\"@type\":\"BreadcrumbList\",\"@id\":\"https:\\\/\\\/www.evropskakuca.me\\\/me\\\/otvorena-izlozba-najljepse-vode-crne-gore-cista-voda-cista-umjetnost\\\/#breadcrumb\",\"itemListElement\":[{\"@type\":\"ListItem\",\"position\":1,\"name\":\"Home\",\"item\":\"https:\\\/\\\/www.evropskakuca.me\\\/me\\\/\"},{\"@type\":\"ListItem\",\"position\":2,\"name\":\"NAJLJEP\u0160E VODE CG- \u010cISTA VODA, \u010cISTA UMJETNOST\"}]},{\"@type\":\"WebSite\",\"@id\":\"https:\\\/\\\/www.evropskakuca.me\\\/me\\\/#website\",\"url\":\"https:\\\/\\\/www.evropskakuca.me\\\/me\\\/\",\"name\":\"Evropean house\",\"description\":\"\",\"publisher\":{\"@id\":\"https:\\\/\\\/www.evropskakuca.me\\\/me\\\/#organization\"},\"potentialAction\":[{\"@type\":\"SearchAction\",\"target\":{\"@type\":\"EntryPoint\",\"urlTemplate\":\"https:\\\/\\\/www.evropskakuca.me\\\/me\\\/?s={search_term_string}\"},\"query-input\":{\"@type\":\"PropertyValueSpecification\",\"valueRequired\":true,\"valueName\":\"search_term_string\"}}],\"inLanguage\":\"me-ME\"},{\"@type\":\"Organization\",\"@id\":\"https:\\\/\\\/www.evropskakuca.me\\\/me\\\/#organization\",\"name\":\"Evropean house\",\"url\":\"https:\\\/\\\/www.evropskakuca.me\\\/me\\\/\",\"logo\":{\"@type\":\"ImageObject\",\"inLanguage\":\"me-ME\",\"@id\":\"https:\\\/\\\/www.evropskakuca.me\\\/me\\\/#\\\/schema\\\/logo\\\/image\\\/\",\"url\":\"https:\\\/\\\/www.evropskakuca.me\\\/wp-content\\\/uploads\\\/2025\\\/01\\\/evropska-kuca-logo-1.png\",\"contentUrl\":\"https:\\\/\\\/www.evropskakuca.me\\\/wp-content\\\/uploads\\\/2025\\\/01\\\/evropska-kuca-logo-1.png\",\"width\":425,\"height\":312,\"caption\":\"Evropean house\"},\"image\":{\"@id\":\"https:\\\/\\\/www.evropskakuca.me\\\/me\\\/#\\\/schema\\\/logo\\\/image\\\/\"},\"sameAs\":[\"https:\\\/\\\/www.facebook.com\\\/evropska.kuca\",\"https:\\\/\\\/x.com\\\/evropska_kuca\",\"https:\\\/\\\/www.instagram.com\\\/evropska_kuca\"]},{\"@type\":\"Person\",\"@id\":\"https:\\\/\\\/www.evropskakuca.me\\\/me\\\/#\\\/schema\\\/person\\\/a1d0dcdaefe4a1cd1d60d200ea137ba4\",\"name\":\"mkajic\",\"image\":{\"@type\":\"ImageObject\",\"inLanguage\":\"me-ME\",\"@id\":\"https:\\\/\\\/secure.gravatar.com\\\/avatar\\\/731fa035cefab7316e6bafd1f25a93fb731a07de14e2d9923f8db4422628eabc?s=96&d=mm&r=g\",\"url\":\"https:\\\/\\\/secure.gravatar.com\\\/avatar\\\/731fa035cefab7316e6bafd1f25a93fb731a07de14e2d9923f8db4422628eabc?s=96&d=mm&r=g\",\"contentUrl\":\"https:\\\/\\\/secure.gravatar.com\\\/avatar\\\/731fa035cefab7316e6bafd1f25a93fb731a07de14e2d9923f8db4422628eabc?s=96&d=mm&r=g\",\"caption\":\"mkajic\"},\"sameAs\":[\"https:\\\/\\\/evropskakuca.me\"],\"url\":\"https:\\\/\\\/www.evropskakuca.me\\\/me\\\/author\\\/mkajic\\\/\"}]}<\/script>\n<!-- \/ Yoast SEO plugin. -->","yoast_head_json":{"title":"NAJLJEP\u0160E VODE CG- \u010cISTA VODA, \u010cISTA UMJETNOST - Europe House","robots":{"index":"index","follow":"follow","max-snippet":"max-snippet:-1","max-image-preview":"max-image-preview:large","max-video-preview":"max-video-preview:-1"},"canonical":"https:\/\/www.evropskakuca.me\/me\/otvorena-izlozba-najljepse-vode-crne-gore-cista-voda-cista-umjetnost\/","og_locale":"en_US","og_type":"article","og_title":"NAJLJEP\u0160E VODE CG- \u010cISTA VODA, \u010cISTA UMJETNOST - Europe House","og_description":"U Evropskoj ku\u0107i u Podgorici sino\u0107 je otvorena izlo\u017eba fotografija \u201eNajljep\u0161e vode Crne Gore- \u010cista voda, \u010dista umjetnost\u201c. Rije\u010d je o radovima nastalim u okviru nagradnog foto konkursa Uprave za vode Crne Gore sprovedenog u decembru pro\u0161le godine. Od ukupno 956 pristiglih radova, stru\u010dni \u017eiri odabrao je 40, a za prvorangirana tri rada obezbije\u0111ene su [&hellip;]","og_url":"https:\/\/www.evropskakuca.me\/me\/otvorena-izlozba-najljepse-vode-crne-gore-cista-voda-cista-umjetnost\/","og_site_name":"Europe House","article_publisher":"https:\/\/www.facebook.com\/evropska.kuca","article_published_time":"2024-01-31T13:05:43+00:00","article_modified_time":"2025-02-10T10:43:03+00:00","og_image":[{"width":2560,"height":1707,"url":"https:\/\/www.evropskakuca.me\/wp-content\/uploads\/2024\/01\/FRO_6640.jpg","type":"image\/jpeg"}],"author":"mkajic","twitter_card":"summary_large_image","twitter_creator":"@evropska_kuca","twitter_site":"@evropska_kuca","twitter_misc":{"Written by":"mkajic","Est. reading time":"3 minutes"},"schema":{"@context":"https:\/\/schema.org","@graph":[{"@type":"Article","@id":"https:\/\/www.evropskakuca.me\/me\/otvorena-izlozba-najljepse-vode-crne-gore-cista-voda-cista-umjetnost\/#article","isPartOf":{"@id":"https:\/\/www.evropskakuca.me\/me\/otvorena-izlozba-najljepse-vode-crne-gore-cista-voda-cista-umjetnost\/"},"author":{"name":"mkajic","@id":"https:\/\/www.evropskakuca.me\/me\/#\/schema\/person\/a1d0dcdaefe4a1cd1d60d200ea137ba4"},"headline":"NAJLJEP\u0160E VODE CG- \u010cISTA VODA, \u010cISTA UMJETNOST","datePublished":"2024-01-31T13:05:43+00:00","dateModified":"2025-02-10T10:43:03+00:00","mainEntityOfPage":{"@id":"https:\/\/www.evropskakuca.me\/me\/otvorena-izlozba-najljepse-vode-crne-gore-cista-voda-cista-umjetnost\/"},"wordCount":491,"publisher":{"@id":"https:\/\/www.evropskakuca.me\/me\/#organization"},"image":{"@id":"https:\/\/www.evropskakuca.me\/me\/otvorena-izlozba-najljepse-vode-crne-gore-cista-voda-cista-umjetnost\/#primaryimage"},"thumbnailUrl":"https:\/\/www.evropskakuca.me\/wp-content\/uploads\/2024\/01\/FRO_6640.jpg","articleSection":["Novosti","Uncategorized @me","Vesti"],"inLanguage":"me-ME"},{"@type":"WebPage","@id":"https:\/\/www.evropskakuca.me\/me\/otvorena-izlozba-najljepse-vode-crne-gore-cista-voda-cista-umjetnost\/","url":"https:\/\/www.evropskakuca.me\/me\/otvorena-izlozba-najljepse-vode-crne-gore-cista-voda-cista-umjetnost\/","name":"NAJLJEP\u0160E VODE CG- \u010cISTA VODA, \u010cISTA UMJETNOST - Europe House","isPartOf":{"@id":"https:\/\/www.evropskakuca.me\/me\/#website"},"primaryImageOfPage":{"@id":"https:\/\/www.evropskakuca.me\/me\/otvorena-izlozba-najljepse-vode-crne-gore-cista-voda-cista-umjetnost\/#primaryimage"},"image":{"@id":"https:\/\/www.evropskakuca.me\/me\/otvorena-izlozba-najljepse-vode-crne-gore-cista-voda-cista-umjetnost\/#primaryimage"},"thumbnailUrl":"https:\/\/www.evropskakuca.me\/wp-content\/uploads\/2024\/01\/FRO_6640.jpg","datePublished":"2024-01-31T13:05:43+00:00","dateModified":"2025-02-10T10:43:03+00:00","breadcrumb":{"@id":"https:\/\/www.evropskakuca.me\/me\/otvorena-izlozba-najljepse-vode-crne-gore-cista-voda-cista-umjetnost\/#breadcrumb"},"inLanguage":"me-ME","potentialAction":[{"@type":"ReadAction","target":["https:\/\/www.evropskakuca.me\/me\/otvorena-izlozba-najljepse-vode-crne-gore-cista-voda-cista-umjetnost\/"]}]},{"@type":"ImageObject","inLanguage":"me-ME","@id":"https:\/\/www.evropskakuca.me\/me\/otvorena-izlozba-najljepse-vode-crne-gore-cista-voda-cista-umjetnost\/#primaryimage","url":"https:\/\/www.evropskakuca.me\/wp-content\/uploads\/2024\/01\/FRO_6640.jpg","contentUrl":"https:\/\/www.evropskakuca.me\/wp-content\/uploads\/2024\/01\/FRO_6640.jpg","width":2560,"height":1707},{"@type":"BreadcrumbList","@id":"https:\/\/www.evropskakuca.me\/me\/otvorena-izlozba-najljepse-vode-crne-gore-cista-voda-cista-umjetnost\/#breadcrumb","itemListElement":[{"@type":"ListItem","position":1,"name":"Home","item":"https:\/\/www.evropskakuca.me\/me\/"},{"@type":"ListItem","position":2,"name":"NAJLJEP\u0160E VODE CG- \u010cISTA VODA, \u010cISTA UMJETNOST"}]},{"@type":"WebSite","@id":"https:\/\/www.evropskakuca.me\/me\/#website","url":"https:\/\/www.evropskakuca.me\/me\/","name":"Evropean house","description":"","publisher":{"@id":"https:\/\/www.evropskakuca.me\/me\/#organization"},"potentialAction":[{"@type":"SearchAction","target":{"@type":"EntryPoint","urlTemplate":"https:\/\/www.evropskakuca.me\/me\/?s={search_term_string}"},"query-input":{"@type":"PropertyValueSpecification","valueRequired":true,"valueName":"search_term_string"}}],"inLanguage":"me-ME"},{"@type":"Organization","@id":"https:\/\/www.evropskakuca.me\/me\/#organization","name":"Evropean house","url":"https:\/\/www.evropskakuca.me\/me\/","logo":{"@type":"ImageObject","inLanguage":"me-ME","@id":"https:\/\/www.evropskakuca.me\/me\/#\/schema\/logo\/image\/","url":"https:\/\/www.evropskakuca.me\/wp-content\/uploads\/2025\/01\/evropska-kuca-logo-1.png","contentUrl":"https:\/\/www.evropskakuca.me\/wp-content\/uploads\/2025\/01\/evropska-kuca-logo-1.png","width":425,"height":312,"caption":"Evropean house"},"image":{"@id":"https:\/\/www.evropskakuca.me\/me\/#\/schema\/logo\/image\/"},"sameAs":["https:\/\/www.facebook.com\/evropska.kuca","https:\/\/x.com\/evropska_kuca","https:\/\/www.instagram.com\/evropska_kuca"]},{"@type":"Person","@id":"https:\/\/www.evropskakuca.me\/me\/#\/schema\/person\/a1d0dcdaefe4a1cd1d60d200ea137ba4","name":"mkajic","image":{"@type":"ImageObject","inLanguage":"me-ME","@id":"https:\/\/secure.gravatar.com\/avatar\/731fa035cefab7316e6bafd1f25a93fb731a07de14e2d9923f8db4422628eabc?s=96&d=mm&r=g","url":"https:\/\/secure.gravatar.com\/avatar\/731fa035cefab7316e6bafd1f25a93fb731a07de14e2d9923f8db4422628eabc?s=96&d=mm&r=g","contentUrl":"https:\/\/secure.gravatar.com\/avatar\/731fa035cefab7316e6bafd1f25a93fb731a07de14e2d9923f8db4422628eabc?s=96&d=mm&r=g","caption":"mkajic"},"sameAs":["https:\/\/evropskakuca.me"],"url":"https:\/\/www.evropskakuca.me\/me\/author\/mkajic\/"}]}},"_links":{"self":[{"href":"https:\/\/www.evropskakuca.me\/me\/wp-json\/wp\/v2\/posts\/28279","targetHints":{"allow":["GET"]}}],"collection":[{"href":"https:\/\/www.evropskakuca.me\/me\/wp-json\/wp\/v2\/posts"}],"about":[{"href":"https:\/\/www.evropskakuca.me\/me\/wp-json\/wp\/v2\/types\/post"}],"author":[{"embeddable":true,"href":"https:\/\/www.evropskakuca.me\/me\/wp-json\/wp\/v2\/users\/1"}],"replies":[{"embeddable":true,"href":"https:\/\/www.evropskakuca.me\/me\/wp-json\/wp\/v2\/comments?post=28279"}],"version-history":[{"count":2,"href":"https:\/\/www.evropskakuca.me\/me\/wp-json\/wp\/v2\/posts\/28279\/revisions"}],"predecessor-version":[{"id":42998,"href":"https:\/\/www.evropskakuca.me\/me\/wp-json\/wp\/v2\/posts\/28279\/revisions\/42998"}],"wp:featuredmedia":[{"embeddable":true,"href":"https:\/\/www.evropskakuca.me\/me\/wp-json\/wp\/v2\/media\/40517"}],"wp:attachment":[{"href":"https:\/\/www.evropskakuca.me\/me\/wp-json\/wp\/v2\/media?parent=28279"}],"wp:term":[{"taxonomy":"category","embeddable":true,"href":"https:\/\/www.evropskakuca.me\/me\/wp-json\/wp\/v2\/categories?post=28279"},{"taxonomy":"post_tag","embeddable":true,"href":"https:\/\/www.evropskakuca.me\/me\/wp-json\/wp\/v2\/tags?post=28279"}],"curies":[{"name":"wp","href":"https:\/\/api.w.org\/{rel}","templated":true}]}}