{"id":28187,"date":"2024-01-22T14:10:17","date_gmt":"2024-01-22T14:10:17","guid":{"rendered":"https:\/\/evropskakuca.me\/?p=28187"},"modified":"2025-02-10T10:53:54","modified_gmt":"2025-02-10T10:53:54","slug":"evropska-godina-vjestina","status":"publish","type":"post","link":"https:\/\/www.evropskakuca.me\/me\/evropska-godina-vjestina\/","title":{"rendered":"OSVRNIMO SE: EVROPSKA GODINA VJE\u0160TINA"},"content":{"rendered":"<p style=\"text-align: center;\"><strong>Inspiri\u0161i se, uklju\u010di se, obu\u010di se.<\/strong><\/p>\n<p>Evropska godina vje\u0161tina ima za cilj rje\u0161avanje nedostatka vje\u0161tina u Evropskoj uniji i podr\u017eavanje strategije EU za vje\u0161tine, time \u0107e se pomo\u0107i pojedincima da se prekvalifikuju kroz fokus na vje\u0161tine digitalne i zelene tehnologije.<\/p>\n<p>U srcu ove dinami\u010dne inicijative koja podsti\u010de obrazovanje i razvoj vje\u0161tina, Evropska ku\u0107a organizovala je raznovrstan niz aktivnosti. Pridru\u017eite nam se na putovanju kroz organizovane doga\u0111aje koji osvjetljavaju put ka inspirisanijoj, uklju\u010denijoj i obu\u010denijoj Evropi.<\/p>\n<p><strong>STEAM caf\u00e9<\/strong><\/p>\n<p>Evropska ku\u0107a obilje\u017eila je Me\u0111unarodni dan \u017eena panel diskusijom koja je imala za cilj <a href=\"https:\/\/evropskakuca.me\/me\/osmi-mart-u-znaku-zena-u-stem-oblastima-2\/\">promociju STEM profesija me\u0111u mladima, sa naglaskom na mlade \u017eene<\/a>. Tokom panela mogla se \u010duti va\u017ena poruka: &#8220;Nauka (S), tehnologija(T), in\u017eenjerstvo(E) i matematika(M) je za djevojke&#8221;. Veoma je va\u017eno\u00a0 osna\u017eiti mlade \u017eene\u00a0 i ohrabriti ih da se oslobode predrasuda i da se ne pla\u0161e u\u0161u\u0161tanja u tradicionalno mu\u0161ke profesije i polja.<\/p>\n<p><img fetchpriority=\"high\" decoding=\"async\" class=\"alignnone size-large wp-image-24303\" src=\"https:\/\/www.evropskakuca.me\/wp-content\/uploads\/2023\/03\/STEM-FB-1024x576.jpg\" alt=\"\" width=\"1024\" height=\"576\" \/><\/p>\n<p><strong>Internet i mi<\/strong><\/p>\n<p>Sajtovi Upwork, Fiverr, Freelancer, samo su neki od korisnih digitalnih alata u svijetu frilensing-a. To su na radionici \u2018\u2019<a href=\"https:\/\/evropskakuca.me\/cek-workshop-the-internet-and-us-held-at-europe-house\/\">Internet i mi<\/a>\u2019\u2019 imali priliku da \u010duju studenti, arhitekte, dizajneri, in\u017eenjeri i drugi u\u010desnici.<\/p>\n<p><img decoding=\"async\" class=\"alignnone size-large wp-image-24485\" src=\"https:\/\/www.evropskakuca.me\/wp-content\/uploads\/2023\/03\/1-8-1024x683.jpg\" alt=\"\" width=\"1024\" height=\"683\" \/><\/p>\n<p><strong>Obilje\u017eavanje Me\u0111unarodnog dana sre\u0107e<\/strong><\/p>\n<p>Psiholo\u0161kinje i psihoterapeutkinje iz NVO Portret, Jovana Strugar i Branka \u0106alasan, spakovale su \u2018\u2019kofer psiho-alata\u2019\u2019 i zajedno smo \u2018\u2019<a href=\"https:\/\/evropskakuca.me\/me\/odrzana-psiholoska-radionica-putovanje-u-srediste-price\/\">otputovali u sredi\u0161te pri\u010de<\/a>\u2019\u2019 kako bismo obilje\u017eili Medjunarodni dan sre\u0107e u Evropskoj ku\u0107i.<\/p>\n<p><img decoding=\"async\" class=\"alignnone size-large wp-image-24464\" src=\"https:\/\/www.evropskakuca.me\/wp-content\/uploads\/2023\/03\/337148015_166966576226442_3233732727822689046_n-1024x683.jpeg\" alt=\"\" width=\"1024\" height=\"683\" \/><\/p>\n<p><strong>\u010cEK: Odr\u017eana digitalna radionica za seniore<\/strong><\/p>\n<p>Kroz radionicu \u2018\u2019<a href=\"https:\/\/evropskakuca.me\/me\/24483\/\">Internet i mi: Alati za svaki dan<\/a>\u2019\u2019, Sne\u017eana Nik\u010devi\u0107 iz NVO 35mm je korak po korak pokazivala kako da na\u0161i stariji sugradjani koriste pojedine aplikacije koje zna\u010dajno \u0161tede vrijeme i energiju.<\/p>\n<p>U\u010dili smo kako da skeniramo dokumenta koriste\u0107i pametni telefon u razli\u010dtim formama i kako da skenirana dokumenta po\u0161aljemo na razli\u010dite platforme.<\/p>\n<p><strong>Obilje\u017eavanje Me\u0111unarodnog dana djevoj\u010dica u ICT<\/strong><\/p>\n<p><a href=\"https:\/\/evropskakuca.me\/me\/cek-odrzana-radionica-o-digitalnim-vjestinama-na-medunarodni-dan-djevojcica-u-ict\/\">Me\u0111unarodni dan djevoj\u010dica u ICT-u Evropska ku\u0107a obilje\u017eila je radionicom o digitalnim vje\u0161tinama<\/a>. U\u010denici osnovnih \u0161kola: Oktoih, Pavle Rovinski, Milorad-Musa Burzan, upoznali su se sa razli\u010ditim tipovima programiranja, njihovim prednostima i manama.<\/p>\n<p><strong>Marunove biljke u Evropskoj ku\u0107i<\/strong><\/p>\n<p>U okviru Evropske zelene nedjelje, <a href=\"https:\/\/evropskakuca.me\/me\/marunove-biljke-u-evropskoj-kuci\/\">Evropska ku\u0107a je organizovala \u2018\u2019zelenu\u2019\u2019 radionicu za djecu<\/a>. Djeca su imala priliku da nau\u010de \u0161ta su to zelene vje\u0161tine i naprave svoj prvi terarijum. Znanje je sa njma podijelila omladinska radnica Jelena Fu\u0161ti\u0107, a sa kokedamama i terarijumima za biljke, upoznala ih je Marija Markovi\u0107, koja je govorila o umjetnosti pravljenja cvjetnih aran\u017emana.<\/p>\n<p><strong>Radionice u Evropskoj ku\u0107i: Mentalno zdravlje u poslovnom okru\u017eenju<\/strong><\/p>\n<p>Evropska ku\u0107a organizovala je seriju radionica posve\u0107enu Mentalnom zdravlju u poslovnom okru\u017eenju:<\/p>\n<p><em>Prva radionica: Postavljanje li\u010dnih granica na poslu<\/em><\/p>\n<p><a href=\"https:\/\/evropskakuca.me\/me\/idealna-granica-je-ona-koju-sami-postavimo\/\">Li\u010dne granice nam poma\u017eu da odr\u017eimo zdrav i siguran prostor<\/a> u kome mo\u017eemo da se pobrinemo za sebe, svoje emocionalno stanje i svoje potrebe. Na ovoj interaktivnoj radionici istra\u017eili smo kako izgledaju zdrave li\u010dne granice. Nau\u010dili smo \u0161ta nas ko\u010di u postavljanju li\u010dnih granica i kako se ovo naro\u010dito odra\u017eava na poslovno okru\u017eenje.<\/p>\n<p><img loading=\"lazy\" decoding=\"async\" class=\"alignnone size-large wp-image-26806\" src=\"https:\/\/www.evropskakuca.me\/wp-content\/uploads\/2023\/09\/FRO_2152-1024x683.jpg\" alt=\"\" width=\"1024\" height=\"683\" \/><\/p>\n<p><em>Druga radionica: Anksioznost na poslu i Imposter sindrom<\/em><\/p>\n<p><a href=\"https:\/\/evropskakuca.me\/me\/cek-ja-nisam-greskom-ovdje-%e2%94%80-imposter-syndrome\/\">Imposter syndrome, odnosno \u201csindrom varalice\u201d je specifi\u010dno stanje u kome se osje\u0107amo neadekvatno<\/a>, manje vrijedno i kao da smo nekako gre\u0161kom dobili neki posao ili odgovornost, iako imamo obrazovanje, iskustvo i rezultate koji ne idu u prilog ovome. Na ovoj radionici pri\u010dali smo o anksioznosti na poslu, o tome kako da se nosimo sa sindromom varalice i kako da njegujemo empati\u010dan i konstruktivan unutra\u0161nji samogovor kako bismo vidjeli sebe u realisti\u010dnijem svjetlu.<\/p>\n<p><em>Tre\u0107a radionica: Tra\u017eenje balansa i prevencija sagorijevanja<\/em><\/p>\n<p>U svijetu u kome vlada kultura urgencije, gdje smo pod sna\u017enim pritiskom da moramo biti dostupni odmah i za sve, gdje se posao prelio van okvira kancelarije i radnog vremena, a pritisak da moramo biti uspje\u0161ni u vi\u0161e oblasti je nadja\u010dao na\u0161u prirodnu potrebu za razonodom, blisko\u0161\u0107u odmorom i igrom \u2013 sagorijevanje pod stresom je \u0161iroko rasprostranjena pojava. <a href=\"https:\/\/evropskakuca.me\/me\/cek-trazenje-balansa-i-sprjecavanje-sagorijevanja\/\">Na ovoj radionici nau\u010dili smo da prepoznamo svoje li\u010dne vrijednosti<\/a> i da ponovo napravimo kontakt sa sobom i sa onime \u0161to nam je stvarno va\u017eno u \u017eivotu.<\/p>\n<p><img loading=\"lazy\" decoding=\"async\" class=\"alignnone size-large wp-image-27179\" src=\"https:\/\/www.evropskakuca.me\/wp-content\/uploads\/2023\/11\/image00009-1024x683.jpeg\" alt=\"\" width=\"1024\" height=\"683\" \/><\/p>\n<p><em>\u010cetvrta radionica: Unutra\u0161nje dijete na poslu<\/em><\/p>\n<p>O dijelu na\u0161e li\u010dnosti koji se lako uznemiri tokom te\u0161kih razgovora, u kome \u017eivi veliki dio na\u0161ih strahova, nesigurnosti i nepovjerenja, koji pani\u010di kada nas \u0161ef pozove iznenada na sastanak ili koji ima ogromnu tremu pred intervju razgovarali smo sa <strong>Jelenom Markovi\u0107 Smart Change<\/strong> tokom <a href=\"https:\/\/evropskakuca.me\/me\/jesmo-li-prestali-da-budemo-djeca-i-zasto-ne-cek-unutrasnje-dijete-na-poslu\/\">\u010detvrte \u010cEK radionice posve\u0107ene mentalnom zdravlju u poslovnom okru\u017eenju<\/a>.<\/p>\n<p><img loading=\"lazy\" decoding=\"async\" class=\"alignnone size-large wp-image-27355\" src=\"https:\/\/www.evropskakuca.me\/wp-content\/uploads\/2023\/12\/FRO_6799-1024x683.jpg\" alt=\"\" width=\"1024\" height=\"683\" \/><\/p>\n<p><strong>Radionice o vje\u0161ta\u010dkoj inteligenciji<\/strong><\/p>\n<p><a href=\"https:\/\/evropskakuca.me\/me\/cek-vjestina-zadavanja-tekstualnih-upita-chat-gpt-u\/\">Evropska ku\u0107a organizovala je radionicu posve\u0107enu vje\u0161tini zadavanja tekstualnih upita Chat GPT-u<\/a> pod nazivom \u010cEK: Vje\u0161tina zadavanja tekstualnih upita Chat GPT-u. Ova radionica koja je organizovana u okviru Evropske godine vje\u0161tina, privukla je pa\u017enju u\u010desnika sa razli\u010ditih polja interesovanja.<\/p>\n<p>Ovo je bila prva od dvije radionice koje Evropska ku\u0107a organizuje u saradnji sa Crnogorskim udru\u017eenjem za vje\u0161ta\u010dku inteligenciju.<\/p>\n<p><strong>Transforming words into images<\/strong><\/p>\n<p><a href=\"https:\/\/evropskakuca.me\/me\/cek-kako-transformisati-rijeci-u-slike\/\">Tokom druge radionice posve\u0107ene vje\u0161ta\u010dkoj inteligenciji koja je odr\u017eana u Evropskoj ku\u0107i<\/a> imali smo priliku da se upoznamo sa razli\u010ditim AI alatima koji se mogu koristiti za generisanje slika.<\/p>\n<p>Tokom 2023. godine Evropska ku\u0107a je organizovala: <strong>BESTutorial-soft skills workshop<\/strong>, u saradnji sa studentskom organizacijom Best kao i \u010detiri Soft skills akademije u saradnji sa <strong>EESTEC<\/strong>.<\/p>\n<p>Evropska ku\u0107a je pon0sna \u0161to je u okviru Evropske godine vje\u0161tina podr\u017eala i <strong>Prvo nacionalno takmi\u010denje u robotici za osnovce<\/strong>.<\/p>\n<p>Timovi koji su se okupili sa\u010dinjeni su od po 4 u\u010denika i dolaze iz 43 osnovne \u0161kole sa teritorije Crne Gore. <a href=\"https:\/\/evropskakuca.me\/me\/prva-roboticka-liga-za-osnovce-uz-eu-podrsku\/\">Ukupno 58 timova provjerilo je svoje programersko znanje<\/a> na takmi\u010denju odr\u017eanom u Sportskom i kulturnom centru Univerziteta Crne Gore.<\/p>\n<p>Tako\u0111e kroz podr\u0161ku Evropske ku\u0107e tim mladih roboti\u010dara iz Crne Gore predstavljao je na\u0161u zemlju na <a href=\"https:\/\/evropskakuca.me\/me\/trece-mjesto-na-olimpijadi-u-singapuru-za-mlade-crnogorske-roboticare\/\">olimpijadi robotike &#8220;First Global Challenge&#8221;\u00a0<\/a> koja je odr\u017eana u Singapuru i osvojio tre\u0107e mjesto na takmi\u010denju u komkurenciji od 191 zemlje.<\/p>\n<p>Nova godina i nova \u0161ansa za u\u010denje. Evropska ku\u0107a planira da 2024. godinu ispuni brojnim novim inspirativnim i zabavnim doga\u0111ajima koji se ti\u010du razvijanja vje\u0161tina. Pridru\u017eite nam se i umno\u017eite sa nama svoje znanje i lijepa sje\u0107anja.<\/p>\n","protected":false},"excerpt":{"rendered":"<p>Inspiri\u0161i se, uklju\u010di se, obu\u010di se. Evropska godina vje\u0161tina ima za cilj rje\u0161avanje nedostatka vje\u0161tina u Evropskoj uniji i podr\u017eavanje strategije EU za vje\u0161tine, time \u0107e se pomo\u0107i pojedincima da se prekvalifikuju kroz fokus na vje\u0161tine digitalne i zelene tehnologije. U srcu ove dinami\u010dne inicijative koja podsti\u010de obrazovanje i razvoj vje\u0161tina, Evropska ku\u0107a organizovala je [&hellip;]<\/p>\n","protected":false},"author":1,"featured_media":40491,"comment_status":"closed","ping_status":"closed","sticky":false,"template":"","format":"standard","meta":{"_acf_changed":false,"footnotes":""},"categories":[285],"tags":[],"class_list":["post-28187","post","type-post","status-publish","format-standard","has-post-thumbnail","hentry","category-kampanje-i-eventi"],"acf":[],"yoast_head":"<!-- This site is optimized with the Yoast SEO plugin v27.3 - https:\/\/yoast.com\/product\/yoast-seo-wordpress\/ -->\n<title>OSVRNIMO SE: EVROPSKA GODINA VJE\u0160TINA - Europe House<\/title>\n<meta name=\"robots\" content=\"index, follow, max-snippet:-1, max-image-preview:large, max-video-preview:-1\" \/>\n<link rel=\"canonical\" href=\"https:\/\/www.evropskakuca.me\/me\/evropska-godina-vjestina\/\" \/>\n<meta property=\"og:locale\" content=\"en_US\" \/>\n<meta property=\"og:type\" content=\"article\" \/>\n<meta property=\"og:title\" content=\"OSVRNIMO SE: EVROPSKA GODINA VJE\u0160TINA - Europe House\" \/>\n<meta property=\"og:description\" content=\"Inspiri\u0161i se, uklju\u010di se, obu\u010di se. Evropska godina vje\u0161tina ima za cilj rje\u0161avanje nedostatka vje\u0161tina u Evropskoj uniji i podr\u017eavanje strategije EU za vje\u0161tine, time \u0107e se pomo\u0107i pojedincima da se prekvalifikuju kroz fokus na vje\u0161tine digitalne i zelene tehnologije. U srcu ove dinami\u010dne inicijative koja podsti\u010de obrazovanje i razvoj vje\u0161tina, Evropska ku\u0107a organizovala je [&hellip;]\" \/>\n<meta property=\"og:url\" content=\"https:\/\/www.evropskakuca.me\/me\/evropska-godina-vjestina\/\" \/>\n<meta property=\"og:site_name\" content=\"Europe House\" \/>\n<meta property=\"article:publisher\" content=\"https:\/\/www.facebook.com\/evropska.kuca\" \/>\n<meta property=\"article:published_time\" content=\"2024-01-22T14:10:17+00:00\" \/>\n<meta property=\"article:modified_time\" content=\"2025-02-10T10:53:54+00:00\" \/>\n<meta property=\"og:image\" content=\"https:\/\/www.evropskakuca.me\/wp-content\/uploads\/2024\/01\/230210_DGEMPL_EYS_banner_9.jpg\" \/>\n\t<meta property=\"og:image:width\" content=\"1640\" \/>\n\t<meta property=\"og:image:height\" content=\"624\" \/>\n\t<meta property=\"og:image:type\" content=\"image\/jpeg\" \/>\n<meta name=\"author\" content=\"mkajic\" \/>\n<meta name=\"twitter:card\" content=\"summary_large_image\" \/>\n<meta name=\"twitter:creator\" content=\"@evropska_kuca\" \/>\n<meta name=\"twitter:site\" content=\"@evropska_kuca\" \/>\n<meta name=\"twitter:label1\" content=\"Written by\" \/>\n\t<meta name=\"twitter:data1\" content=\"mkajic\" \/>\n\t<meta name=\"twitter:label2\" content=\"Est. reading time\" \/>\n\t<meta name=\"twitter:data2\" content=\"6 minutes\" \/>\n<script type=\"application\/ld+json\" class=\"yoast-schema-graph\">{\"@context\":\"https:\\\/\\\/schema.org\",\"@graph\":[{\"@type\":\"Article\",\"@id\":\"https:\\\/\\\/www.evropskakuca.me\\\/me\\\/evropska-godina-vjestina\\\/#article\",\"isPartOf\":{\"@id\":\"https:\\\/\\\/www.evropskakuca.me\\\/me\\\/evropska-godina-vjestina\\\/\"},\"author\":{\"name\":\"mkajic\",\"@id\":\"https:\\\/\\\/www.evropskakuca.me\\\/me\\\/#\\\/schema\\\/person\\\/a1d0dcdaefe4a1cd1d60d200ea137ba4\"},\"headline\":\"OSVRNIMO SE: EVROPSKA GODINA VJE\u0160TINA\",\"datePublished\":\"2024-01-22T14:10:17+00:00\",\"dateModified\":\"2025-02-10T10:53:54+00:00\",\"mainEntityOfPage\":{\"@id\":\"https:\\\/\\\/www.evropskakuca.me\\\/me\\\/evropska-godina-vjestina\\\/\"},\"wordCount\":1100,\"publisher\":{\"@id\":\"https:\\\/\\\/www.evropskakuca.me\\\/me\\\/#organization\"},\"image\":{\"@id\":\"https:\\\/\\\/www.evropskakuca.me\\\/me\\\/evropska-godina-vjestina\\\/#primaryimage\"},\"thumbnailUrl\":\"https:\\\/\\\/www.evropskakuca.me\\\/wp-content\\\/uploads\\\/2024\\\/01\\\/230210_DGEMPL_EYS_banner_9.jpg\",\"articleSection\":[\"Kampanje i eventi\"],\"inLanguage\":\"me-ME\"},{\"@type\":\"WebPage\",\"@id\":\"https:\\\/\\\/www.evropskakuca.me\\\/me\\\/evropska-godina-vjestina\\\/\",\"url\":\"https:\\\/\\\/www.evropskakuca.me\\\/me\\\/evropska-godina-vjestina\\\/\",\"name\":\"OSVRNIMO SE: EVROPSKA GODINA VJE\u0160TINA - Europe House\",\"isPartOf\":{\"@id\":\"https:\\\/\\\/www.evropskakuca.me\\\/me\\\/#website\"},\"primaryImageOfPage\":{\"@id\":\"https:\\\/\\\/www.evropskakuca.me\\\/me\\\/evropska-godina-vjestina\\\/#primaryimage\"},\"image\":{\"@id\":\"https:\\\/\\\/www.evropskakuca.me\\\/me\\\/evropska-godina-vjestina\\\/#primaryimage\"},\"thumbnailUrl\":\"https:\\\/\\\/www.evropskakuca.me\\\/wp-content\\\/uploads\\\/2024\\\/01\\\/230210_DGEMPL_EYS_banner_9.jpg\",\"datePublished\":\"2024-01-22T14:10:17+00:00\",\"dateModified\":\"2025-02-10T10:53:54+00:00\",\"breadcrumb\":{\"@id\":\"https:\\\/\\\/www.evropskakuca.me\\\/me\\\/evropska-godina-vjestina\\\/#breadcrumb\"},\"inLanguage\":\"me-ME\",\"potentialAction\":[{\"@type\":\"ReadAction\",\"target\":[\"https:\\\/\\\/www.evropskakuca.me\\\/me\\\/evropska-godina-vjestina\\\/\"]}]},{\"@type\":\"ImageObject\",\"inLanguage\":\"me-ME\",\"@id\":\"https:\\\/\\\/www.evropskakuca.me\\\/me\\\/evropska-godina-vjestina\\\/#primaryimage\",\"url\":\"https:\\\/\\\/www.evropskakuca.me\\\/wp-content\\\/uploads\\\/2024\\\/01\\\/230210_DGEMPL_EYS_banner_9.jpg\",\"contentUrl\":\"https:\\\/\\\/www.evropskakuca.me\\\/wp-content\\\/uploads\\\/2024\\\/01\\\/230210_DGEMPL_EYS_banner_9.jpg\",\"width\":1640,\"height\":624},{\"@type\":\"BreadcrumbList\",\"@id\":\"https:\\\/\\\/www.evropskakuca.me\\\/me\\\/evropska-godina-vjestina\\\/#breadcrumb\",\"itemListElement\":[{\"@type\":\"ListItem\",\"position\":1,\"name\":\"Home\",\"item\":\"https:\\\/\\\/www.evropskakuca.me\\\/me\\\/\"},{\"@type\":\"ListItem\",\"position\":2,\"name\":\"OSVRNIMO SE: EVROPSKA GODINA VJE\u0160TINA\"}]},{\"@type\":\"WebSite\",\"@id\":\"https:\\\/\\\/www.evropskakuca.me\\\/me\\\/#website\",\"url\":\"https:\\\/\\\/www.evropskakuca.me\\\/me\\\/\",\"name\":\"Evropean house\",\"description\":\"\",\"publisher\":{\"@id\":\"https:\\\/\\\/www.evropskakuca.me\\\/me\\\/#organization\"},\"potentialAction\":[{\"@type\":\"SearchAction\",\"target\":{\"@type\":\"EntryPoint\",\"urlTemplate\":\"https:\\\/\\\/www.evropskakuca.me\\\/me\\\/?s={search_term_string}\"},\"query-input\":{\"@type\":\"PropertyValueSpecification\",\"valueRequired\":true,\"valueName\":\"search_term_string\"}}],\"inLanguage\":\"me-ME\"},{\"@type\":\"Organization\",\"@id\":\"https:\\\/\\\/www.evropskakuca.me\\\/me\\\/#organization\",\"name\":\"Evropean house\",\"url\":\"https:\\\/\\\/www.evropskakuca.me\\\/me\\\/\",\"logo\":{\"@type\":\"ImageObject\",\"inLanguage\":\"me-ME\",\"@id\":\"https:\\\/\\\/www.evropskakuca.me\\\/me\\\/#\\\/schema\\\/logo\\\/image\\\/\",\"url\":\"https:\\\/\\\/www.evropskakuca.me\\\/wp-content\\\/uploads\\\/2025\\\/01\\\/evropska-kuca-logo-1.png\",\"contentUrl\":\"https:\\\/\\\/www.evropskakuca.me\\\/wp-content\\\/uploads\\\/2025\\\/01\\\/evropska-kuca-logo-1.png\",\"width\":425,\"height\":312,\"caption\":\"Evropean house\"},\"image\":{\"@id\":\"https:\\\/\\\/www.evropskakuca.me\\\/me\\\/#\\\/schema\\\/logo\\\/image\\\/\"},\"sameAs\":[\"https:\\\/\\\/www.facebook.com\\\/evropska.kuca\",\"https:\\\/\\\/x.com\\\/evropska_kuca\",\"https:\\\/\\\/www.instagram.com\\\/evropska_kuca\"]},{\"@type\":\"Person\",\"@id\":\"https:\\\/\\\/www.evropskakuca.me\\\/me\\\/#\\\/schema\\\/person\\\/a1d0dcdaefe4a1cd1d60d200ea137ba4\",\"name\":\"mkajic\",\"image\":{\"@type\":\"ImageObject\",\"inLanguage\":\"me-ME\",\"@id\":\"https:\\\/\\\/secure.gravatar.com\\\/avatar\\\/731fa035cefab7316e6bafd1f25a93fb731a07de14e2d9923f8db4422628eabc?s=96&d=mm&r=g\",\"url\":\"https:\\\/\\\/secure.gravatar.com\\\/avatar\\\/731fa035cefab7316e6bafd1f25a93fb731a07de14e2d9923f8db4422628eabc?s=96&d=mm&r=g\",\"contentUrl\":\"https:\\\/\\\/secure.gravatar.com\\\/avatar\\\/731fa035cefab7316e6bafd1f25a93fb731a07de14e2d9923f8db4422628eabc?s=96&d=mm&r=g\",\"caption\":\"mkajic\"},\"sameAs\":[\"https:\\\/\\\/evropskakuca.me\"],\"url\":\"https:\\\/\\\/www.evropskakuca.me\\\/me\\\/author\\\/mkajic\\\/\"}]}<\/script>\n<!-- \/ Yoast SEO plugin. -->","yoast_head_json":{"title":"OSVRNIMO SE: EVROPSKA GODINA VJE\u0160TINA - Europe House","robots":{"index":"index","follow":"follow","max-snippet":"max-snippet:-1","max-image-preview":"max-image-preview:large","max-video-preview":"max-video-preview:-1"},"canonical":"https:\/\/www.evropskakuca.me\/me\/evropska-godina-vjestina\/","og_locale":"en_US","og_type":"article","og_title":"OSVRNIMO SE: EVROPSKA GODINA VJE\u0160TINA - Europe House","og_description":"Inspiri\u0161i se, uklju\u010di se, obu\u010di se. Evropska godina vje\u0161tina ima za cilj rje\u0161avanje nedostatka vje\u0161tina u Evropskoj uniji i podr\u017eavanje strategije EU za vje\u0161tine, time \u0107e se pomo\u0107i pojedincima da se prekvalifikuju kroz fokus na vje\u0161tine digitalne i zelene tehnologije. U srcu ove dinami\u010dne inicijative koja podsti\u010de obrazovanje i razvoj vje\u0161tina, Evropska ku\u0107a organizovala je [&hellip;]","og_url":"https:\/\/www.evropskakuca.me\/me\/evropska-godina-vjestina\/","og_site_name":"Europe House","article_publisher":"https:\/\/www.facebook.com\/evropska.kuca","article_published_time":"2024-01-22T14:10:17+00:00","article_modified_time":"2025-02-10T10:53:54+00:00","og_image":[{"width":1640,"height":624,"url":"https:\/\/www.evropskakuca.me\/wp-content\/uploads\/2024\/01\/230210_DGEMPL_EYS_banner_9.jpg","type":"image\/jpeg"}],"author":"mkajic","twitter_card":"summary_large_image","twitter_creator":"@evropska_kuca","twitter_site":"@evropska_kuca","twitter_misc":{"Written by":"mkajic","Est. reading time":"6 minutes"},"schema":{"@context":"https:\/\/schema.org","@graph":[{"@type":"Article","@id":"https:\/\/www.evropskakuca.me\/me\/evropska-godina-vjestina\/#article","isPartOf":{"@id":"https:\/\/www.evropskakuca.me\/me\/evropska-godina-vjestina\/"},"author":{"name":"mkajic","@id":"https:\/\/www.evropskakuca.me\/me\/#\/schema\/person\/a1d0dcdaefe4a1cd1d60d200ea137ba4"},"headline":"OSVRNIMO SE: EVROPSKA GODINA VJE\u0160TINA","datePublished":"2024-01-22T14:10:17+00:00","dateModified":"2025-02-10T10:53:54+00:00","mainEntityOfPage":{"@id":"https:\/\/www.evropskakuca.me\/me\/evropska-godina-vjestina\/"},"wordCount":1100,"publisher":{"@id":"https:\/\/www.evropskakuca.me\/me\/#organization"},"image":{"@id":"https:\/\/www.evropskakuca.me\/me\/evropska-godina-vjestina\/#primaryimage"},"thumbnailUrl":"https:\/\/www.evropskakuca.me\/wp-content\/uploads\/2024\/01\/230210_DGEMPL_EYS_banner_9.jpg","articleSection":["Kampanje i eventi"],"inLanguage":"me-ME"},{"@type":"WebPage","@id":"https:\/\/www.evropskakuca.me\/me\/evropska-godina-vjestina\/","url":"https:\/\/www.evropskakuca.me\/me\/evropska-godina-vjestina\/","name":"OSVRNIMO SE: EVROPSKA GODINA VJE\u0160TINA - Europe House","isPartOf":{"@id":"https:\/\/www.evropskakuca.me\/me\/#website"},"primaryImageOfPage":{"@id":"https:\/\/www.evropskakuca.me\/me\/evropska-godina-vjestina\/#primaryimage"},"image":{"@id":"https:\/\/www.evropskakuca.me\/me\/evropska-godina-vjestina\/#primaryimage"},"thumbnailUrl":"https:\/\/www.evropskakuca.me\/wp-content\/uploads\/2024\/01\/230210_DGEMPL_EYS_banner_9.jpg","datePublished":"2024-01-22T14:10:17+00:00","dateModified":"2025-02-10T10:53:54+00:00","breadcrumb":{"@id":"https:\/\/www.evropskakuca.me\/me\/evropska-godina-vjestina\/#breadcrumb"},"inLanguage":"me-ME","potentialAction":[{"@type":"ReadAction","target":["https:\/\/www.evropskakuca.me\/me\/evropska-godina-vjestina\/"]}]},{"@type":"ImageObject","inLanguage":"me-ME","@id":"https:\/\/www.evropskakuca.me\/me\/evropska-godina-vjestina\/#primaryimage","url":"https:\/\/www.evropskakuca.me\/wp-content\/uploads\/2024\/01\/230210_DGEMPL_EYS_banner_9.jpg","contentUrl":"https:\/\/www.evropskakuca.me\/wp-content\/uploads\/2024\/01\/230210_DGEMPL_EYS_banner_9.jpg","width":1640,"height":624},{"@type":"BreadcrumbList","@id":"https:\/\/www.evropskakuca.me\/me\/evropska-godina-vjestina\/#breadcrumb","itemListElement":[{"@type":"ListItem","position":1,"name":"Home","item":"https:\/\/www.evropskakuca.me\/me\/"},{"@type":"ListItem","position":2,"name":"OSVRNIMO SE: EVROPSKA GODINA VJE\u0160TINA"}]},{"@type":"WebSite","@id":"https:\/\/www.evropskakuca.me\/me\/#website","url":"https:\/\/www.evropskakuca.me\/me\/","name":"Evropean house","description":"","publisher":{"@id":"https:\/\/www.evropskakuca.me\/me\/#organization"},"potentialAction":[{"@type":"SearchAction","target":{"@type":"EntryPoint","urlTemplate":"https:\/\/www.evropskakuca.me\/me\/?s={search_term_string}"},"query-input":{"@type":"PropertyValueSpecification","valueRequired":true,"valueName":"search_term_string"}}],"inLanguage":"me-ME"},{"@type":"Organization","@id":"https:\/\/www.evropskakuca.me\/me\/#organization","name":"Evropean house","url":"https:\/\/www.evropskakuca.me\/me\/","logo":{"@type":"ImageObject","inLanguage":"me-ME","@id":"https:\/\/www.evropskakuca.me\/me\/#\/schema\/logo\/image\/","url":"https:\/\/www.evropskakuca.me\/wp-content\/uploads\/2025\/01\/evropska-kuca-logo-1.png","contentUrl":"https:\/\/www.evropskakuca.me\/wp-content\/uploads\/2025\/01\/evropska-kuca-logo-1.png","width":425,"height":312,"caption":"Evropean house"},"image":{"@id":"https:\/\/www.evropskakuca.me\/me\/#\/schema\/logo\/image\/"},"sameAs":["https:\/\/www.facebook.com\/evropska.kuca","https:\/\/x.com\/evropska_kuca","https:\/\/www.instagram.com\/evropska_kuca"]},{"@type":"Person","@id":"https:\/\/www.evropskakuca.me\/me\/#\/schema\/person\/a1d0dcdaefe4a1cd1d60d200ea137ba4","name":"mkajic","image":{"@type":"ImageObject","inLanguage":"me-ME","@id":"https:\/\/secure.gravatar.com\/avatar\/731fa035cefab7316e6bafd1f25a93fb731a07de14e2d9923f8db4422628eabc?s=96&d=mm&r=g","url":"https:\/\/secure.gravatar.com\/avatar\/731fa035cefab7316e6bafd1f25a93fb731a07de14e2d9923f8db4422628eabc?s=96&d=mm&r=g","contentUrl":"https:\/\/secure.gravatar.com\/avatar\/731fa035cefab7316e6bafd1f25a93fb731a07de14e2d9923f8db4422628eabc?s=96&d=mm&r=g","caption":"mkajic"},"sameAs":["https:\/\/evropskakuca.me"],"url":"https:\/\/www.evropskakuca.me\/me\/author\/mkajic\/"}]}},"_links":{"self":[{"href":"https:\/\/www.evropskakuca.me\/me\/wp-json\/wp\/v2\/posts\/28187","targetHints":{"allow":["GET"]}}],"collection":[{"href":"https:\/\/www.evropskakuca.me\/me\/wp-json\/wp\/v2\/posts"}],"about":[{"href":"https:\/\/www.evropskakuca.me\/me\/wp-json\/wp\/v2\/types\/post"}],"author":[{"embeddable":true,"href":"https:\/\/www.evropskakuca.me\/me\/wp-json\/wp\/v2\/users\/1"}],"replies":[{"embeddable":true,"href":"https:\/\/www.evropskakuca.me\/me\/wp-json\/wp\/v2\/comments?post=28187"}],"version-history":[{"count":3,"href":"https:\/\/www.evropskakuca.me\/me\/wp-json\/wp\/v2\/posts\/28187\/revisions"}],"predecessor-version":[{"id":43005,"href":"https:\/\/www.evropskakuca.me\/me\/wp-json\/wp\/v2\/posts\/28187\/revisions\/43005"}],"wp:featuredmedia":[{"embeddable":true,"href":"https:\/\/www.evropskakuca.me\/me\/wp-json\/wp\/v2\/media\/40491"}],"wp:attachment":[{"href":"https:\/\/www.evropskakuca.me\/me\/wp-json\/wp\/v2\/media?parent=28187"}],"wp:term":[{"taxonomy":"category","embeddable":true,"href":"https:\/\/www.evropskakuca.me\/me\/wp-json\/wp\/v2\/categories?post=28187"},{"taxonomy":"post_tag","embeddable":true,"href":"https:\/\/www.evropskakuca.me\/me\/wp-json\/wp\/v2\/tags?post=28187"}],"curies":[{"name":"wp","href":"https:\/\/api.w.org\/{rel}","templated":true}]}}