{"id":28142,"date":"2024-01-16T12:49:08","date_gmt":"2024-01-16T12:49:08","guid":{"rendered":"https:\/\/evropskakuca.me\/?p=28142"},"modified":"2025-02-10T10:59:19","modified_gmt":"2025-02-10T10:59:19","slug":"izgradnja-povjerenja-eu-podrska-nevladinim-organizacijama-u-crnoj-gori-za-tranzicionu-pravdu","status":"publish","type":"post","link":"https:\/\/www.evropskakuca.me\/me\/izgradnja-povjerenja-eu-podrska-nevladinim-organizacijama-u-crnoj-gori-za-tranzicionu-pravdu\/","title":{"rendered":"EU Podr\u0161ka za tranzicionu pravdu za NVO u CG"},"content":{"rendered":"<p style=\"text-align: center;\"><strong><em>Pet projekata nevladinih organizacija iz Crne Gore, ukupne vrijednosti 375,362 eura, podr\u017eano u okviru regionalnog projekta \u201cPodr\u0161ka EU izgradnji poverenja na Zapadnom Balkanu\u201d koji finansira Evropska unija, a sprovodi Program Ujedinjenih nacija za razvoj (UNDP)<\/em><\/strong><\/p>\n<p>\u00a0\u00a0\u00a0\u00a0 Zapadni Balkan i dalje nosi teret konflikata iz devedesetih, sa zna\u010dajnim brojem nerije\u0161enih slu\u010dajeva ratnih zlo\u010dina, traumatizovanim \u017ertvama uskra\u0107enim za pravdu, kao i narastaju\u0107im podjelama i istorijskim revizionizmom. Regionalna inicijativa <strong>\u201cPodr\u0161ka Evropske unije izgradnji povjerenja na Zapadnom Balkanu\u201d <\/strong>pru\u017ea stru\u010dnu podr\u0161ku pravosudnim i organima za sprovo\u0111enje zakona u Bosni i Hercegovini, Crnoj Gori, Kosovu*, Sjevernoj Makedoniji i Srbiji u procesuiranju predmeta ratnih zlo\u010dina na nacionalnom nivou, te pobolj\u0161ava kvalitet podr\u0161ke \u017ertvama i svjedocima. Projekat c\u0301e tokom naredne tri godine osna\u017eiti i lokalne aktere da podignu svijest javnosti o pro\u0161lim zlo\u010dinima, uklju\u010dujuc\u0301i dijalog i razmjenu mi\u0161ljenja, posebno me\u0111u mladima. Nevladine organizacije, koje igraju klju\u010dnu ulogu u tom procesu i doprinose sveukupnoj dru\u0161tvenoj koheziji, dobile su priliku za finansiranje projekata u oblasti promocije tranzicione pravde.<\/p>\n<p><img fetchpriority=\"high\" decoding=\"async\" class=\"alignnone size-large wp-image-28146\" src=\"https:\/\/evropskakuca.me\/wp-content\/uploads\/2024\/01\/FRO_6992-1024x683.jpg\" alt=\"\" width=\"1024\" height=\"683\" \/><\/p>\n<p><strong>Gianandrea Villa<\/strong>, menad\u017eer programa za pravosu\u0111e i vladavinu prava u Delegaciji Evropske\u00a0unije u Crnoj Gori nagla\u0161ava da je \u0161iroki dijalog o sukobima preduslov za unapre\u0111enje efikasnog procesuiranja ratnih zlo\u010dina,\u00a0uz po\u0161tovanje ljudskih prava i potreba \u017ertava. \u201cPremda je posrijedi regionalni projekat, aktivnosti su prilago\u0111ene nacionalnim potrebama, \u0161to Evropska unija sna\u017eno pozdravlja\u201d, kazao je Villa.<\/p>\n\n<p>Podsjetio je da posljednji izvje\u0161taj EU o napretku upravo nagla\u0161ava da Crna Gora mora biti proaktivnija u istrazi ratnih zlo\u010dina u skladu s me\u0111unarodnim pravom. \u201cPrvi korak je podizanje svijesti i znanja o konfliktima kroz dijalog\u201d, poru\u010dio je predstavnicima civilnog sektora na po\u010detnom projektnom doga\u0111aju u Evropskoj ku\u0107i.<\/p>\n<p>Dva javna poziva za organizacije civilnog dru\u0161tva registrovane u Crnoj Gori bila su otvorena <a href=\"https:\/\/www.undp.org\/cnr\/montenegro\/news\/javni-poziv-za-organizacije-civilnog-drustva-za-podnosenje-prijedloga-projekata\">od 12. juna do 10. jula 2023<\/a>, odnosno od 3<a href=\"https:\/\/www.undp.org\/cnr\/montenegro\/news\/drugi-javni-poziv-za-organizacije-civilnog-drustva-za-podnosenje-prijedloga-projekata\">. jula do 31. jula 2023<\/a>, a za finansiranje je odobreno pet projekata u ukupnoj vrijednosti od 375,362 eura.<\/p>\n<p>Projekat <strong>Inicijative mladih za ljudska prava (YIHR) <\/strong>,,Inicijativa tranzicione pravde kroz obrazovanje i umjetnost\u201c koristi\u0107e kreativne radionice, izlo\u017ebe, edukativne kampove, studijske posjete, dokumentarce i promo kampanje za podizanje svijesti gra\u0111ana i gra\u0111anki o pro\u0161losti, istovremeno ja\u010daju\u0107i kapacitete tu\u017eila\u0161tva, pravosu\u0111a, civilnog dru\u0161tva i medija o istrazi ratnih zlo\u010dina. ,,Kroz aktivnosti \u0107emo posebno osvijetiliti perspektivu \u017eena \u017ertava\u201d, pojasnili su predstavnici Inicijative, Vaskrsija Kla\u010dar i Marko Vuk\u010devi\u0107.<\/p>\n<p><img decoding=\"async\" class=\"alignnone size-large wp-image-28152\" src=\"https:\/\/evropskakuca.me\/wp-content\/uploads\/2024\/01\/FRO_7302-1024x683.jpg\" alt=\"\" width=\"1024\" height=\"683\" \/><\/p>\n<p>Cilj projekta ,,Obrazovanje za budu\u0107nost \u2013 tranziciona pravda za pomirenje\u201d <strong>Centra za gra\u0111ansko obrazovanje (CGO)<\/strong> jeste bolje razumijevanje mladih o ratnim zlo\u010dinima u Crnoj Gori i u ime Crne Gore, kao i nadogra\u0111ivanje kapaciteta nastavnika\/ca istorije. Damir Suljevi\u0107 je ispred CGO istakao da sve analize i istra\u017eivanja ukazuju na nedovoljnu informisanost mladih gra\u0111ana\/ki o konfliktima. Neke od klju\u010dnih aktivnosti su organizacija \u0160kole tranzicione pravde za mlade, studijske posjete mjestima gdje su po\u010dinjeni ratni zlo\u010dini i objavljivanje izvje\u0161taja i spisa sa su\u0111enja za ratne zlo\u010dine.<\/p>\n<p><img decoding=\"async\" class=\"alignnone size-large wp-image-28154\" src=\"https:\/\/evropskakuca.me\/wp-content\/uploads\/2024\/01\/FRO_7421-1024x683.jpg\" alt=\"\" width=\"1024\" height=\"683\" \/><\/p>\n<p>Projekat ,,Opsada Dubrovnika 1991-1992: Sje\u0107anja na rat da se zlo ne ponovi\u201c sprove\u0161\u0107e <strong>Akcija za ljudska prava (HRA) <\/strong>u partnerstvu sa studijom Prazan prostor. Fokus je na ja\u010danju saradnje sa Republikom Hrvatskom smislu tranzicione pravde, utvr\u0111ivanju i dokumentovanju ratnih zlo\u010dina u Dubrovniku, kao i odavanju po\u010dasti \u017ertvama. ,,Osim akademskog i novinarskog istra\u017eiva\u010dkog rada, okosnica projekta i ono \u0161to \u0107e sigurno biti interesantno \u0161iroj javnosti, je produkcija pozori\u0161ne predstave o napadu na Dubrovnik. Komad \u0107e sadr\u017eati stvarne motive i prikupljena svjedo\u010denja\u201d, najavila je Martina Markolovi\u0107 iz Akcije za ljudska prava.<\/p>\n<p><img loading=\"lazy\" decoding=\"async\" class=\"alignnone size-large wp-image-28156\" src=\"https:\/\/evropskakuca.me\/wp-content\/uploads\/2024\/01\/FRO_7347-1024x683.jpg\" alt=\"\" width=\"1024\" height=\"683\" \/><\/p>\n<p>U okviru drugog Javnog poziva, fokusiranog na podr\u0161ku \u017ertvama i svjedocima, podr\u017eana su dva projekta.<\/p>\n<p><strong>Gra\u0111anska<\/strong> <strong>alijansa<\/strong> \u0107e kroz inicijativu ,,Kultura sje\u0107anja za svjetliju budu\u0107nost\u201d istra\u017eivati, mapirati, i prikupljati podatke o \u017ertvama ratnih zlo\u010dina i njihovih potreba, a naro\u010dito \u017eena \u017ertava. \u201cGlavni cilj nam je da pokrenemo javnu debatu i zagovaramo procese suo\u010davanja s pro\u0161lo\u0161\u0107u kod raznih aktera\u201d, kazale su Ljubica Smolovi\u0107 i Jelena Risti\u0107 predstavljaju\u0107i aktivnosti. Projekat obuhvata i ja\u010danje javnog dijaloga o kulturi sje\u0107anja kroz istra\u017eiva\u010dke pri\u010de, dokumentarce, tribine i organizaciju komemoracija za zlo\u010dine: Bukovica, Kalu\u0111erski laz, Morinj, Deportacija, \u0160trpci i Klapuh.<\/p>\n<p><img loading=\"lazy\" decoding=\"async\" class=\"alignnone size-large wp-image-28158\" src=\"https:\/\/evropskakuca.me\/wp-content\/uploads\/2024\/01\/FRO_7467-1024x683.jpg\" alt=\"\" width=\"1024\" height=\"683\" \/><\/p>\n<p>Klju\u010dni ciljevi projekta<strong> ,,<\/strong>Zajedno do pravde \u2013 pravna, psiholo\u0161ka i socijalna podr\u0161ka \u017ertvama ratnih zlo\u010dina\u201d koji \u0107e implementirati <strong>Akcija za ljudska prava <\/strong>uklju\u010duju ostvarivanje pravde za \u017ertve ratnih zlo\u010dina putem besplatne podr\u0161ke u kaznenim postupcima i postupcima za reparacije, te stvaranje boljih uslova za regionalnu saradnju u rje\u0161avanju zlo\u010dina. Elizabeta Mrnjav\u010devi\u0107 iz HRA predstavila je\u00a0 predvi\u0111ene aktivnosti, me\u0111u kojima su izrada nacrta politike sje\u0107anja, kreiranje priru\u010dnika o pravima \u017ertava seksualnog nasilja i kampanja o zna\u010daju memorijalizacije mjesta ratnih zlo\u010dina.<\/p>\n<p><img loading=\"lazy\" decoding=\"async\" class=\"alignnone size-large wp-image-28160\" src=\"https:\/\/evropskakuca.me\/wp-content\/uploads\/2024\/01\/FRO_6936-1024x683.jpg\" alt=\"\" width=\"1024\" height=\"683\" \/><\/p>\n<p>Pored grantova za nevladine organizacije, klju\u010dna komponenta projekta \u201cPodr\u0161ka Evropske unije izgradnji povjerenja na Zapadnom Balkanu\u201d je ja\u010danje kapaciteta pravosudnih organa i pobolj\u0161anje strate\u0161kog i pravnog okvira za procesuiranje ratnih zlo\u010dina, kazala je <strong>Jelena Mrdak<\/strong>, menad\u017eerka programa iz UNDP-a. \u201cFokus nam je i na podr\u0161ci \u017ertvama i svjedocima ratnih zlo\u010dina; kao i istra\u017eivanju javnog mnjenja i radu sa mladima\u201d, dodala je Mrdak. \u010cetvrti va\u017ean segment je regionalna saradnja, i upravo \u0107e u Crnoj Gori ove godine biti organizovane\u00a0 regionalne konferencije s predstavnicima tu\u017eila\u0161tava, sudova i specijalnih policijskih odjeljenja. Dodatne informacije o projektu dostupne su <a href=\"https:\/\/www.undp.org\/cnr\/montenegro\/projects\/podrska-eu-izgradnji-povjerenja-na-zapadnom-balkanu\"><strong>ovdje.<\/strong><\/a><\/p>\n<p><em>*Za Evropsku uniju, ovo odre\u0111ivanje ne prejudicira stavove o statusu i u skladu je sa Rezolucijom SBUN 1244\/1999 i Mi\u0161ljenjem Me\u0111unarodnog suda pravde o progla\u0161enju nezavisnosti Kosova. Za UNDP, sva pominjanja Kosova treba da budu shvac\u0301ena u kontekstu Rezolucije Savjeta bezbjednosti 1244 (1999). <\/em><\/p>\n","protected":false},"excerpt":{"rendered":"<p>Pet projekata nevladinih organizacija iz Crne Gore, ukupne vrijednosti 375,362 eura, podr\u017eano u okviru regionalnog projekta \u201cPodr\u0161ka EU izgradnji poverenja na Zapadnom Balkanu\u201d koji finansira Evropska unija, a sprovodi Program Ujedinjenih nacija za razvoj (UNDP) \u00a0\u00a0\u00a0\u00a0 Zapadni Balkan i dalje nosi teret konflikata iz devedesetih, sa zna\u010dajnim brojem nerije\u0161enih slu\u010dajeva ratnih zlo\u010dina, traumatizovanim \u017ertvama uskra\u0107enim [&hellip;]<\/p>\n","protected":false},"author":1,"featured_media":40551,"comment_status":"closed","ping_status":"closed","sticky":false,"template":"","format":"standard","meta":{"_acf_changed":false,"footnotes":""},"categories":[2],"tags":[],"class_list":["post-28142","post","type-post","status-publish","format-standard","has-post-thumbnail","hentry","category-uncategorized-me"],"acf":[],"yoast_head":"<!-- This site is optimized with the Yoast SEO plugin v27.3 - https:\/\/yoast.com\/product\/yoast-seo-wordpress\/ -->\n<title>EU Podr\u0161ka za tranzicionu pravdu za NVO u CG - Europe House<\/title>\n<meta name=\"robots\" content=\"index, follow, max-snippet:-1, max-image-preview:large, max-video-preview:-1\" \/>\n<link rel=\"canonical\" href=\"https:\/\/www.evropskakuca.me\/me\/izgradnja-povjerenja-eu-podrska-nevladinim-organizacijama-u-crnoj-gori-za-tranzicionu-pravdu\/\" \/>\n<meta property=\"og:locale\" content=\"en_US\" \/>\n<meta property=\"og:type\" content=\"article\" \/>\n<meta property=\"og:title\" content=\"EU Podr\u0161ka za tranzicionu pravdu za NVO u CG - Europe House\" \/>\n<meta property=\"og:description\" content=\"Pet projekata nevladinih organizacija iz Crne Gore, ukupne vrijednosti 375,362 eura, podr\u017eano u okviru regionalnog projekta \u201cPodr\u0161ka EU izgradnji poverenja na Zapadnom Balkanu\u201d koji finansira Evropska unija, a sprovodi Program Ujedinjenih nacija za razvoj (UNDP) \u00a0\u00a0\u00a0\u00a0 Zapadni Balkan i dalje nosi teret konflikata iz devedesetih, sa zna\u010dajnim brojem nerije\u0161enih slu\u010dajeva ratnih zlo\u010dina, traumatizovanim \u017ertvama uskra\u0107enim [&hellip;]\" \/>\n<meta property=\"og:url\" content=\"https:\/\/www.evropskakuca.me\/me\/izgradnja-povjerenja-eu-podrska-nevladinim-organizacijama-u-crnoj-gori-za-tranzicionu-pravdu\/\" \/>\n<meta property=\"og:site_name\" content=\"Europe House\" \/>\n<meta property=\"article:publisher\" content=\"https:\/\/www.facebook.com\/evropska.kuca\" \/>\n<meta property=\"article:published_time\" content=\"2024-01-16T12:49:08+00:00\" \/>\n<meta property=\"article:modified_time\" content=\"2025-02-10T10:59:19+00:00\" \/>\n<meta property=\"og:image\" content=\"https:\/\/www.evropskakuca.me\/wp-content\/uploads\/2024\/01\/FRO_7024.jpg\" \/>\n\t<meta property=\"og:image:width\" content=\"2000\" \/>\n\t<meta property=\"og:image:height\" content=\"1333\" \/>\n\t<meta property=\"og:image:type\" content=\"image\/jpeg\" \/>\n<meta name=\"author\" content=\"mkajic\" \/>\n<meta name=\"twitter:card\" content=\"summary_large_image\" \/>\n<meta name=\"twitter:creator\" content=\"@evropska_kuca\" \/>\n<meta name=\"twitter:site\" content=\"@evropska_kuca\" \/>\n<meta name=\"twitter:label1\" content=\"Written by\" \/>\n\t<meta name=\"twitter:data1\" content=\"mkajic\" \/>\n\t<meta name=\"twitter:label2\" content=\"Est. reading time\" \/>\n\t<meta name=\"twitter:data2\" content=\"6 minutes\" \/>\n<script type=\"application\/ld+json\" class=\"yoast-schema-graph\">{\"@context\":\"https:\\\/\\\/schema.org\",\"@graph\":[{\"@type\":\"Article\",\"@id\":\"https:\\\/\\\/www.evropskakuca.me\\\/me\\\/izgradnja-povjerenja-eu-podrska-nevladinim-organizacijama-u-crnoj-gori-za-tranzicionu-pravdu\\\/#article\",\"isPartOf\":{\"@id\":\"https:\\\/\\\/www.evropskakuca.me\\\/me\\\/izgradnja-povjerenja-eu-podrska-nevladinim-organizacijama-u-crnoj-gori-za-tranzicionu-pravdu\\\/\"},\"author\":{\"name\":\"mkajic\",\"@id\":\"https:\\\/\\\/www.evropskakuca.me\\\/me\\\/#\\\/schema\\\/person\\\/a1d0dcdaefe4a1cd1d60d200ea137ba4\"},\"headline\":\"EU Podr\u0161ka za tranzicionu pravdu za NVO u CG\",\"datePublished\":\"2024-01-16T12:49:08+00:00\",\"dateModified\":\"2025-02-10T10:59:19+00:00\",\"mainEntityOfPage\":{\"@id\":\"https:\\\/\\\/www.evropskakuca.me\\\/me\\\/izgradnja-povjerenja-eu-podrska-nevladinim-organizacijama-u-crnoj-gori-za-tranzicionu-pravdu\\\/\"},\"wordCount\":988,\"publisher\":{\"@id\":\"https:\\\/\\\/www.evropskakuca.me\\\/me\\\/#organization\"},\"image\":{\"@id\":\"https:\\\/\\\/www.evropskakuca.me\\\/me\\\/izgradnja-povjerenja-eu-podrska-nevladinim-organizacijama-u-crnoj-gori-za-tranzicionu-pravdu\\\/#primaryimage\"},\"thumbnailUrl\":\"https:\\\/\\\/www.evropskakuca.me\\\/wp-content\\\/uploads\\\/2024\\\/01\\\/FRO_7024.jpg\",\"articleSection\":[\"Uncategorized @me\"],\"inLanguage\":\"me-ME\"},{\"@type\":\"WebPage\",\"@id\":\"https:\\\/\\\/www.evropskakuca.me\\\/me\\\/izgradnja-povjerenja-eu-podrska-nevladinim-organizacijama-u-crnoj-gori-za-tranzicionu-pravdu\\\/\",\"url\":\"https:\\\/\\\/www.evropskakuca.me\\\/me\\\/izgradnja-povjerenja-eu-podrska-nevladinim-organizacijama-u-crnoj-gori-za-tranzicionu-pravdu\\\/\",\"name\":\"EU Podr\u0161ka za tranzicionu pravdu za NVO u CG - Europe House\",\"isPartOf\":{\"@id\":\"https:\\\/\\\/www.evropskakuca.me\\\/me\\\/#website\"},\"primaryImageOfPage\":{\"@id\":\"https:\\\/\\\/www.evropskakuca.me\\\/me\\\/izgradnja-povjerenja-eu-podrska-nevladinim-organizacijama-u-crnoj-gori-za-tranzicionu-pravdu\\\/#primaryimage\"},\"image\":{\"@id\":\"https:\\\/\\\/www.evropskakuca.me\\\/me\\\/izgradnja-povjerenja-eu-podrska-nevladinim-organizacijama-u-crnoj-gori-za-tranzicionu-pravdu\\\/#primaryimage\"},\"thumbnailUrl\":\"https:\\\/\\\/www.evropskakuca.me\\\/wp-content\\\/uploads\\\/2024\\\/01\\\/FRO_7024.jpg\",\"datePublished\":\"2024-01-16T12:49:08+00:00\",\"dateModified\":\"2025-02-10T10:59:19+00:00\",\"breadcrumb\":{\"@id\":\"https:\\\/\\\/www.evropskakuca.me\\\/me\\\/izgradnja-povjerenja-eu-podrska-nevladinim-organizacijama-u-crnoj-gori-za-tranzicionu-pravdu\\\/#breadcrumb\"},\"inLanguage\":\"me-ME\",\"potentialAction\":[{\"@type\":\"ReadAction\",\"target\":[\"https:\\\/\\\/www.evropskakuca.me\\\/me\\\/izgradnja-povjerenja-eu-podrska-nevladinim-organizacijama-u-crnoj-gori-za-tranzicionu-pravdu\\\/\"]}]},{\"@type\":\"ImageObject\",\"inLanguage\":\"me-ME\",\"@id\":\"https:\\\/\\\/www.evropskakuca.me\\\/me\\\/izgradnja-povjerenja-eu-podrska-nevladinim-organizacijama-u-crnoj-gori-za-tranzicionu-pravdu\\\/#primaryimage\",\"url\":\"https:\\\/\\\/www.evropskakuca.me\\\/wp-content\\\/uploads\\\/2024\\\/01\\\/FRO_7024.jpg\",\"contentUrl\":\"https:\\\/\\\/www.evropskakuca.me\\\/wp-content\\\/uploads\\\/2024\\\/01\\\/FRO_7024.jpg\",\"width\":2000,\"height\":1333},{\"@type\":\"BreadcrumbList\",\"@id\":\"https:\\\/\\\/www.evropskakuca.me\\\/me\\\/izgradnja-povjerenja-eu-podrska-nevladinim-organizacijama-u-crnoj-gori-za-tranzicionu-pravdu\\\/#breadcrumb\",\"itemListElement\":[{\"@type\":\"ListItem\",\"position\":1,\"name\":\"Home\",\"item\":\"https:\\\/\\\/www.evropskakuca.me\\\/me\\\/\"},{\"@type\":\"ListItem\",\"position\":2,\"name\":\"EU Podr\u0161ka za tranzicionu pravdu za NVO u CG\"}]},{\"@type\":\"WebSite\",\"@id\":\"https:\\\/\\\/www.evropskakuca.me\\\/me\\\/#website\",\"url\":\"https:\\\/\\\/www.evropskakuca.me\\\/me\\\/\",\"name\":\"Evropean house\",\"description\":\"\",\"publisher\":{\"@id\":\"https:\\\/\\\/www.evropskakuca.me\\\/me\\\/#organization\"},\"potentialAction\":[{\"@type\":\"SearchAction\",\"target\":{\"@type\":\"EntryPoint\",\"urlTemplate\":\"https:\\\/\\\/www.evropskakuca.me\\\/me\\\/?s={search_term_string}\"},\"query-input\":{\"@type\":\"PropertyValueSpecification\",\"valueRequired\":true,\"valueName\":\"search_term_string\"}}],\"inLanguage\":\"me-ME\"},{\"@type\":\"Organization\",\"@id\":\"https:\\\/\\\/www.evropskakuca.me\\\/me\\\/#organization\",\"name\":\"Evropean house\",\"url\":\"https:\\\/\\\/www.evropskakuca.me\\\/me\\\/\",\"logo\":{\"@type\":\"ImageObject\",\"inLanguage\":\"me-ME\",\"@id\":\"https:\\\/\\\/www.evropskakuca.me\\\/me\\\/#\\\/schema\\\/logo\\\/image\\\/\",\"url\":\"https:\\\/\\\/www.evropskakuca.me\\\/wp-content\\\/uploads\\\/2025\\\/01\\\/evropska-kuca-logo-1.png\",\"contentUrl\":\"https:\\\/\\\/www.evropskakuca.me\\\/wp-content\\\/uploads\\\/2025\\\/01\\\/evropska-kuca-logo-1.png\",\"width\":425,\"height\":312,\"caption\":\"Evropean house\"},\"image\":{\"@id\":\"https:\\\/\\\/www.evropskakuca.me\\\/me\\\/#\\\/schema\\\/logo\\\/image\\\/\"},\"sameAs\":[\"https:\\\/\\\/www.facebook.com\\\/evropska.kuca\",\"https:\\\/\\\/x.com\\\/evropska_kuca\",\"https:\\\/\\\/www.instagram.com\\\/evropska_kuca\"]},{\"@type\":\"Person\",\"@id\":\"https:\\\/\\\/www.evropskakuca.me\\\/me\\\/#\\\/schema\\\/person\\\/a1d0dcdaefe4a1cd1d60d200ea137ba4\",\"name\":\"mkajic\",\"image\":{\"@type\":\"ImageObject\",\"inLanguage\":\"me-ME\",\"@id\":\"https:\\\/\\\/secure.gravatar.com\\\/avatar\\\/731fa035cefab7316e6bafd1f25a93fb731a07de14e2d9923f8db4422628eabc?s=96&d=mm&r=g\",\"url\":\"https:\\\/\\\/secure.gravatar.com\\\/avatar\\\/731fa035cefab7316e6bafd1f25a93fb731a07de14e2d9923f8db4422628eabc?s=96&d=mm&r=g\",\"contentUrl\":\"https:\\\/\\\/secure.gravatar.com\\\/avatar\\\/731fa035cefab7316e6bafd1f25a93fb731a07de14e2d9923f8db4422628eabc?s=96&d=mm&r=g\",\"caption\":\"mkajic\"},\"sameAs\":[\"https:\\\/\\\/evropskakuca.me\"],\"url\":\"https:\\\/\\\/www.evropskakuca.me\\\/me\\\/author\\\/mkajic\\\/\"}]}<\/script>\n<!-- \/ Yoast SEO plugin. -->","yoast_head_json":{"title":"EU Podr\u0161ka za tranzicionu pravdu za NVO u CG - Europe House","robots":{"index":"index","follow":"follow","max-snippet":"max-snippet:-1","max-image-preview":"max-image-preview:large","max-video-preview":"max-video-preview:-1"},"canonical":"https:\/\/www.evropskakuca.me\/me\/izgradnja-povjerenja-eu-podrska-nevladinim-organizacijama-u-crnoj-gori-za-tranzicionu-pravdu\/","og_locale":"en_US","og_type":"article","og_title":"EU Podr\u0161ka za tranzicionu pravdu za NVO u CG - Europe House","og_description":"Pet projekata nevladinih organizacija iz Crne Gore, ukupne vrijednosti 375,362 eura, podr\u017eano u okviru regionalnog projekta \u201cPodr\u0161ka EU izgradnji poverenja na Zapadnom Balkanu\u201d koji finansira Evropska unija, a sprovodi Program Ujedinjenih nacija za razvoj (UNDP) \u00a0\u00a0\u00a0\u00a0 Zapadni Balkan i dalje nosi teret konflikata iz devedesetih, sa zna\u010dajnim brojem nerije\u0161enih slu\u010dajeva ratnih zlo\u010dina, traumatizovanim \u017ertvama uskra\u0107enim [&hellip;]","og_url":"https:\/\/www.evropskakuca.me\/me\/izgradnja-povjerenja-eu-podrska-nevladinim-organizacijama-u-crnoj-gori-za-tranzicionu-pravdu\/","og_site_name":"Europe House","article_publisher":"https:\/\/www.facebook.com\/evropska.kuca","article_published_time":"2024-01-16T12:49:08+00:00","article_modified_time":"2025-02-10T10:59:19+00:00","og_image":[{"width":2000,"height":1333,"url":"https:\/\/www.evropskakuca.me\/wp-content\/uploads\/2024\/01\/FRO_7024.jpg","type":"image\/jpeg"}],"author":"mkajic","twitter_card":"summary_large_image","twitter_creator":"@evropska_kuca","twitter_site":"@evropska_kuca","twitter_misc":{"Written by":"mkajic","Est. reading time":"6 minutes"},"schema":{"@context":"https:\/\/schema.org","@graph":[{"@type":"Article","@id":"https:\/\/www.evropskakuca.me\/me\/izgradnja-povjerenja-eu-podrska-nevladinim-organizacijama-u-crnoj-gori-za-tranzicionu-pravdu\/#article","isPartOf":{"@id":"https:\/\/www.evropskakuca.me\/me\/izgradnja-povjerenja-eu-podrska-nevladinim-organizacijama-u-crnoj-gori-za-tranzicionu-pravdu\/"},"author":{"name":"mkajic","@id":"https:\/\/www.evropskakuca.me\/me\/#\/schema\/person\/a1d0dcdaefe4a1cd1d60d200ea137ba4"},"headline":"EU Podr\u0161ka za tranzicionu pravdu za NVO u CG","datePublished":"2024-01-16T12:49:08+00:00","dateModified":"2025-02-10T10:59:19+00:00","mainEntityOfPage":{"@id":"https:\/\/www.evropskakuca.me\/me\/izgradnja-povjerenja-eu-podrska-nevladinim-organizacijama-u-crnoj-gori-za-tranzicionu-pravdu\/"},"wordCount":988,"publisher":{"@id":"https:\/\/www.evropskakuca.me\/me\/#organization"},"image":{"@id":"https:\/\/www.evropskakuca.me\/me\/izgradnja-povjerenja-eu-podrska-nevladinim-organizacijama-u-crnoj-gori-za-tranzicionu-pravdu\/#primaryimage"},"thumbnailUrl":"https:\/\/www.evropskakuca.me\/wp-content\/uploads\/2024\/01\/FRO_7024.jpg","articleSection":["Uncategorized @me"],"inLanguage":"me-ME"},{"@type":"WebPage","@id":"https:\/\/www.evropskakuca.me\/me\/izgradnja-povjerenja-eu-podrska-nevladinim-organizacijama-u-crnoj-gori-za-tranzicionu-pravdu\/","url":"https:\/\/www.evropskakuca.me\/me\/izgradnja-povjerenja-eu-podrska-nevladinim-organizacijama-u-crnoj-gori-za-tranzicionu-pravdu\/","name":"EU Podr\u0161ka za tranzicionu pravdu za NVO u CG - Europe House","isPartOf":{"@id":"https:\/\/www.evropskakuca.me\/me\/#website"},"primaryImageOfPage":{"@id":"https:\/\/www.evropskakuca.me\/me\/izgradnja-povjerenja-eu-podrska-nevladinim-organizacijama-u-crnoj-gori-za-tranzicionu-pravdu\/#primaryimage"},"image":{"@id":"https:\/\/www.evropskakuca.me\/me\/izgradnja-povjerenja-eu-podrska-nevladinim-organizacijama-u-crnoj-gori-za-tranzicionu-pravdu\/#primaryimage"},"thumbnailUrl":"https:\/\/www.evropskakuca.me\/wp-content\/uploads\/2024\/01\/FRO_7024.jpg","datePublished":"2024-01-16T12:49:08+00:00","dateModified":"2025-02-10T10:59:19+00:00","breadcrumb":{"@id":"https:\/\/www.evropskakuca.me\/me\/izgradnja-povjerenja-eu-podrska-nevladinim-organizacijama-u-crnoj-gori-za-tranzicionu-pravdu\/#breadcrumb"},"inLanguage":"me-ME","potentialAction":[{"@type":"ReadAction","target":["https:\/\/www.evropskakuca.me\/me\/izgradnja-povjerenja-eu-podrska-nevladinim-organizacijama-u-crnoj-gori-za-tranzicionu-pravdu\/"]}]},{"@type":"ImageObject","inLanguage":"me-ME","@id":"https:\/\/www.evropskakuca.me\/me\/izgradnja-povjerenja-eu-podrska-nevladinim-organizacijama-u-crnoj-gori-za-tranzicionu-pravdu\/#primaryimage","url":"https:\/\/www.evropskakuca.me\/wp-content\/uploads\/2024\/01\/FRO_7024.jpg","contentUrl":"https:\/\/www.evropskakuca.me\/wp-content\/uploads\/2024\/01\/FRO_7024.jpg","width":2000,"height":1333},{"@type":"BreadcrumbList","@id":"https:\/\/www.evropskakuca.me\/me\/izgradnja-povjerenja-eu-podrska-nevladinim-organizacijama-u-crnoj-gori-za-tranzicionu-pravdu\/#breadcrumb","itemListElement":[{"@type":"ListItem","position":1,"name":"Home","item":"https:\/\/www.evropskakuca.me\/me\/"},{"@type":"ListItem","position":2,"name":"EU Podr\u0161ka za tranzicionu pravdu za NVO u CG"}]},{"@type":"WebSite","@id":"https:\/\/www.evropskakuca.me\/me\/#website","url":"https:\/\/www.evropskakuca.me\/me\/","name":"Evropean house","description":"","publisher":{"@id":"https:\/\/www.evropskakuca.me\/me\/#organization"},"potentialAction":[{"@type":"SearchAction","target":{"@type":"EntryPoint","urlTemplate":"https:\/\/www.evropskakuca.me\/me\/?s={search_term_string}"},"query-input":{"@type":"PropertyValueSpecification","valueRequired":true,"valueName":"search_term_string"}}],"inLanguage":"me-ME"},{"@type":"Organization","@id":"https:\/\/www.evropskakuca.me\/me\/#organization","name":"Evropean house","url":"https:\/\/www.evropskakuca.me\/me\/","logo":{"@type":"ImageObject","inLanguage":"me-ME","@id":"https:\/\/www.evropskakuca.me\/me\/#\/schema\/logo\/image\/","url":"https:\/\/www.evropskakuca.me\/wp-content\/uploads\/2025\/01\/evropska-kuca-logo-1.png","contentUrl":"https:\/\/www.evropskakuca.me\/wp-content\/uploads\/2025\/01\/evropska-kuca-logo-1.png","width":425,"height":312,"caption":"Evropean house"},"image":{"@id":"https:\/\/www.evropskakuca.me\/me\/#\/schema\/logo\/image\/"},"sameAs":["https:\/\/www.facebook.com\/evropska.kuca","https:\/\/x.com\/evropska_kuca","https:\/\/www.instagram.com\/evropska_kuca"]},{"@type":"Person","@id":"https:\/\/www.evropskakuca.me\/me\/#\/schema\/person\/a1d0dcdaefe4a1cd1d60d200ea137ba4","name":"mkajic","image":{"@type":"ImageObject","inLanguage":"me-ME","@id":"https:\/\/secure.gravatar.com\/avatar\/731fa035cefab7316e6bafd1f25a93fb731a07de14e2d9923f8db4422628eabc?s=96&d=mm&r=g","url":"https:\/\/secure.gravatar.com\/avatar\/731fa035cefab7316e6bafd1f25a93fb731a07de14e2d9923f8db4422628eabc?s=96&d=mm&r=g","contentUrl":"https:\/\/secure.gravatar.com\/avatar\/731fa035cefab7316e6bafd1f25a93fb731a07de14e2d9923f8db4422628eabc?s=96&d=mm&r=g","caption":"mkajic"},"sameAs":["https:\/\/evropskakuca.me"],"url":"https:\/\/www.evropskakuca.me\/me\/author\/mkajic\/"}]}},"_links":{"self":[{"href":"https:\/\/www.evropskakuca.me\/me\/wp-json\/wp\/v2\/posts\/28142","targetHints":{"allow":["GET"]}}],"collection":[{"href":"https:\/\/www.evropskakuca.me\/me\/wp-json\/wp\/v2\/posts"}],"about":[{"href":"https:\/\/www.evropskakuca.me\/me\/wp-json\/wp\/v2\/types\/post"}],"author":[{"embeddable":true,"href":"https:\/\/www.evropskakuca.me\/me\/wp-json\/wp\/v2\/users\/1"}],"replies":[{"embeddable":true,"href":"https:\/\/www.evropskakuca.me\/me\/wp-json\/wp\/v2\/comments?post=28142"}],"version-history":[{"count":1,"href":"https:\/\/www.evropskakuca.me\/me\/wp-json\/wp\/v2\/posts\/28142\/revisions"}],"predecessor-version":[{"id":43010,"href":"https:\/\/www.evropskakuca.me\/me\/wp-json\/wp\/v2\/posts\/28142\/revisions\/43010"}],"wp:featuredmedia":[{"embeddable":true,"href":"https:\/\/www.evropskakuca.me\/me\/wp-json\/wp\/v2\/media\/40551"}],"wp:attachment":[{"href":"https:\/\/www.evropskakuca.me\/me\/wp-json\/wp\/v2\/media?parent=28142"}],"wp:term":[{"taxonomy":"category","embeddable":true,"href":"https:\/\/www.evropskakuca.me\/me\/wp-json\/wp\/v2\/categories?post=28142"},{"taxonomy":"post_tag","embeddable":true,"href":"https:\/\/www.evropskakuca.me\/me\/wp-json\/wp\/v2\/tags?post=28142"}],"curies":[{"name":"wp","href":"https:\/\/api.w.org\/{rel}","templated":true}]}}