{"id":28109,"date":"2024-01-12T12:50:11","date_gmt":"2024-01-12T12:50:11","guid":{"rendered":"https:\/\/evropskakuca.me\/?p=28109"},"modified":"2025-02-10T11:01:05","modified_gmt":"2025-02-10T11:01:05","slug":"popa-imamo-novi-momentum-u-prosirenju-eu-takode-i-dosta-posla-ispred-sebe","status":"publish","type":"post","link":"https:\/\/www.evropskakuca.me\/me\/popa-imamo-novi-momentum-u-prosirenju-eu-takode-i-dosta-posla-ispred-sebe\/","title":{"rendered":"Popa: Imamo novi momentum u pro\u0161irenju EU"},"content":{"rendered":"<p>Ambasadorka Evropske unije u Crnoj Gori, <strong>Oana Kristina Popa<\/strong> istakla je da imenovanja u pravosu\u0111u i dobijanje zavr\u0161nih mjerila za poglavlja 23 i 24 predstavljaju prioritete Crne Gore.<\/p>\n<blockquote><p>Ona je kazala da o\u010dekuje da \u0107e Crna Gora do kraja belgijskog predsjedavanja posti\u0107i konkretne rezultate na putu ka Evropskoj uniji.<\/p><\/blockquote>\n<p><img fetchpriority=\"high\" decoding=\"async\" class=\"alignnone size-large wp-image-28112\" src=\"https:\/\/evropskakuca.me\/wp-content\/uploads\/2024\/01\/FRO_5978-1024x683.jpg\" alt=\"\" width=\"1024\" height=\"683\" \/><\/p>\n<p>\u201cTako\u0111e, uz novi momentum u procesu pro\u0161irenja, imamo i novi instrument za Zapadni Balkan &#8211; Plan rasta, koji je predsjednica Evropske komisije <em>Ursula fon der Lajen<\/em> najavila krajem oktobra\u201d, kazala je Popa na konferenciji za novinare povodom predstavljanja prioriteta belgijskog predsjedavanja Savjetom EU.<\/p>\n\n<blockquote><p>Belgija je \u0161estomjese\u010dno predsjedavanje Savjetom EU preuzela 1. januara 2024.<\/p><\/blockquote>\n<p>Popa je navela da se sastala sa premijerom\u00a0<strong>Milojkom Spaji\u0107em<\/strong>\u00a0i da su imali jako dobru diskusiju u vezi sa prioritetima Crne Gore i u vezi sa putem dr\u017eave ka Uniji.<\/p>\n<p>Pro\u0161irenje Evropske Unije na zemlje Zapadnog Balkana, kako navodi ambasadorka Belgije u Srbiji i Crnoj Gori,<strong> Keti Bugenhout<\/strong>, trebalo je odavno da se desi.<\/p>\n<p><img decoding=\"async\" class=\"alignnone size-large wp-image-28120\" src=\"https:\/\/evropskakuca.me\/wp-content\/uploads\/2024\/01\/FRO_5806-1024x683.jpg\" alt=\"\" width=\"1024\" height=\"683\" \/><\/p>\n<blockquote><p>Bugenhout je kazala da EU od Crne Gore ima velika o\u010dekivanja.<\/p><\/blockquote>\n<p>&#8220;Vi ste jedina dr\u017eava koja pregovara sa svim otvorenim poglavljima i treba vidjeti sa Evropskom komisijom i Evropskim parlamentom da li postoji mogu\u0107nost zatvaranja tih poglavlja&#8221;, kazala je Bugenhout.<\/p>\n\n<blockquote><p>Njen utisak je, kako isti\u010de, da je Crna Gora otvorena za sve sugestije i spremna da napreduje ubrzano ka \u010dlanstvu u EU. Belgija i Evropska unija su, na tom putu, partneri \u00a0Crne Gore.<\/p><\/blockquote>\n<p>Osvr\u0107u\u0107i se na trenutnu geopoli\u010dku situaciju ona je kazala da je Crna Gora ravnopravan partner koji u potpunosti sprovodi politiku Evropske unije i NATO.<\/p>\n<p><img decoding=\"async\" class=\"alignnone size-large wp-image-28128\" src=\"https:\/\/evropskakuca.me\/wp-content\/uploads\/2024\/01\/FRO_5799-1024x683.jpg\" alt=\"\" width=\"1024\" height=\"683\" \/><\/p>\n<p>\u201cNije lako pridr\u017eavati se sankcija (prema Rusiji), ali\u00a0 to radimo zbog na\u0161ih vrijednosti, da poka\u017eemo stav prema nepotebnoj agresiji\u201d, \u00a0kazala je ona.<\/p>\n<p>Vi\u0161e\u00a0 detalja o prioritetima belgijskog predsjedavanja Savjetom EU na <a href=\"https:\/\/www.eeas.europa.eu\/delegations\/montenegro\/prioritete-belgijskog-predsjedavanja-savjetom-europe_me?s=225\">linku<\/a>.<\/p>\n","protected":false},"excerpt":{"rendered":"<p>Ambasadorka Evropske unije u Crnoj Gori, Oana Kristina Popa istakla je da imenovanja u pravosu\u0111u i dobijanje zavr\u0161nih mjerila za poglavlja 23 i 24 predstavljaju prioritete Crne Gore. Ona je kazala da o\u010dekuje da \u0107e Crna Gora do kraja belgijskog predsjedavanja posti\u0107i konkretne rezultate na putu ka Evropskoj uniji. \u201cTako\u0111e, uz novi momentum u procesu [&hellip;]<\/p>\n","protected":false},"author":1,"featured_media":40509,"comment_status":"closed","ping_status":"closed","sticky":false,"template":"","format":"standard","meta":{"_acf_changed":false,"footnotes":""},"categories":[283,2,524],"tags":[],"class_list":["post-28109","post","type-post","status-publish","format-standard","has-post-thumbnail","hentry","category-novosti-me","category-uncategorized-me","category-vesti"],"acf":[],"yoast_head":"<!-- This site is optimized with the Yoast SEO plugin v27.3 - https:\/\/yoast.com\/product\/yoast-seo-wordpress\/ -->\n<title>Popa: Imamo novi momentum u pro\u0161irenju EU - Europe House<\/title>\n<meta name=\"robots\" content=\"index, follow, max-snippet:-1, max-image-preview:large, max-video-preview:-1\" \/>\n<link rel=\"canonical\" href=\"https:\/\/www.evropskakuca.me\/me\/popa-imamo-novi-momentum-u-prosirenju-eu-takode-i-dosta-posla-ispred-sebe\/\" \/>\n<meta property=\"og:locale\" content=\"en_US\" \/>\n<meta property=\"og:type\" content=\"article\" \/>\n<meta property=\"og:title\" content=\"Popa: Imamo novi momentum u pro\u0161irenju EU - Europe House\" \/>\n<meta property=\"og:description\" content=\"Ambasadorka Evropske unije u Crnoj Gori, Oana Kristina Popa istakla je da imenovanja u pravosu\u0111u i dobijanje zavr\u0161nih mjerila za poglavlja 23 i 24 predstavljaju prioritete Crne Gore. Ona je kazala da o\u010dekuje da \u0107e Crna Gora do kraja belgijskog predsjedavanja posti\u0107i konkretne rezultate na putu ka Evropskoj uniji. \u201cTako\u0111e, uz novi momentum u procesu [&hellip;]\" \/>\n<meta property=\"og:url\" content=\"https:\/\/www.evropskakuca.me\/me\/popa-imamo-novi-momentum-u-prosirenju-eu-takode-i-dosta-posla-ispred-sebe\/\" \/>\n<meta property=\"og:site_name\" content=\"Europe House\" \/>\n<meta property=\"article:publisher\" content=\"https:\/\/www.facebook.com\/evropska.kuca\" \/>\n<meta property=\"article:published_time\" content=\"2024-01-12T12:50:11+00:00\" \/>\n<meta property=\"article:modified_time\" content=\"2025-02-10T11:01:05+00:00\" \/>\n<meta property=\"og:image\" content=\"https:\/\/www.evropskakuca.me\/wp-content\/uploads\/2024\/01\/FRO_5836.jpg\" \/>\n\t<meta property=\"og:image:width\" content=\"2560\" \/>\n\t<meta property=\"og:image:height\" content=\"1707\" \/>\n\t<meta property=\"og:image:type\" content=\"image\/jpeg\" \/>\n<meta name=\"author\" content=\"mkajic\" \/>\n<meta name=\"twitter:card\" content=\"summary_large_image\" \/>\n<meta name=\"twitter:creator\" content=\"@evropska_kuca\" \/>\n<meta name=\"twitter:site\" content=\"@evropska_kuca\" \/>\n<meta name=\"twitter:label1\" content=\"Written by\" \/>\n\t<meta name=\"twitter:data1\" content=\"mkajic\" \/>\n\t<meta name=\"twitter:label2\" content=\"Est. reading time\" \/>\n\t<meta name=\"twitter:data2\" content=\"2 minutes\" \/>\n<script type=\"application\/ld+json\" class=\"yoast-schema-graph\">{\"@context\":\"https:\\\/\\\/schema.org\",\"@graph\":[{\"@type\":\"Article\",\"@id\":\"https:\\\/\\\/www.evropskakuca.me\\\/me\\\/popa-imamo-novi-momentum-u-prosirenju-eu-takode-i-dosta-posla-ispred-sebe\\\/#article\",\"isPartOf\":{\"@id\":\"https:\\\/\\\/www.evropskakuca.me\\\/me\\\/popa-imamo-novi-momentum-u-prosirenju-eu-takode-i-dosta-posla-ispred-sebe\\\/\"},\"author\":{\"name\":\"mkajic\",\"@id\":\"https:\\\/\\\/www.evropskakuca.me\\\/me\\\/#\\\/schema\\\/person\\\/a1d0dcdaefe4a1cd1d60d200ea137ba4\"},\"headline\":\"Popa: Imamo novi momentum u pro\u0161irenju EU\",\"datePublished\":\"2024-01-12T12:50:11+00:00\",\"dateModified\":\"2025-02-10T11:01:05+00:00\",\"mainEntityOfPage\":{\"@id\":\"https:\\\/\\\/www.evropskakuca.me\\\/me\\\/popa-imamo-novi-momentum-u-prosirenju-eu-takode-i-dosta-posla-ispred-sebe\\\/\"},\"wordCount\":319,\"publisher\":{\"@id\":\"https:\\\/\\\/www.evropskakuca.me\\\/me\\\/#organization\"},\"image\":{\"@id\":\"https:\\\/\\\/www.evropskakuca.me\\\/me\\\/popa-imamo-novi-momentum-u-prosirenju-eu-takode-i-dosta-posla-ispred-sebe\\\/#primaryimage\"},\"thumbnailUrl\":\"https:\\\/\\\/www.evropskakuca.me\\\/wp-content\\\/uploads\\\/2024\\\/01\\\/FRO_5836.jpg\",\"articleSection\":[\"Novosti\",\"Uncategorized @me\",\"Vesti\"],\"inLanguage\":\"me-ME\"},{\"@type\":\"WebPage\",\"@id\":\"https:\\\/\\\/www.evropskakuca.me\\\/me\\\/popa-imamo-novi-momentum-u-prosirenju-eu-takode-i-dosta-posla-ispred-sebe\\\/\",\"url\":\"https:\\\/\\\/www.evropskakuca.me\\\/me\\\/popa-imamo-novi-momentum-u-prosirenju-eu-takode-i-dosta-posla-ispred-sebe\\\/\",\"name\":\"Popa: Imamo novi momentum u pro\u0161irenju EU - Europe House\",\"isPartOf\":{\"@id\":\"https:\\\/\\\/www.evropskakuca.me\\\/me\\\/#website\"},\"primaryImageOfPage\":{\"@id\":\"https:\\\/\\\/www.evropskakuca.me\\\/me\\\/popa-imamo-novi-momentum-u-prosirenju-eu-takode-i-dosta-posla-ispred-sebe\\\/#primaryimage\"},\"image\":{\"@id\":\"https:\\\/\\\/www.evropskakuca.me\\\/me\\\/popa-imamo-novi-momentum-u-prosirenju-eu-takode-i-dosta-posla-ispred-sebe\\\/#primaryimage\"},\"thumbnailUrl\":\"https:\\\/\\\/www.evropskakuca.me\\\/wp-content\\\/uploads\\\/2024\\\/01\\\/FRO_5836.jpg\",\"datePublished\":\"2024-01-12T12:50:11+00:00\",\"dateModified\":\"2025-02-10T11:01:05+00:00\",\"breadcrumb\":{\"@id\":\"https:\\\/\\\/www.evropskakuca.me\\\/me\\\/popa-imamo-novi-momentum-u-prosirenju-eu-takode-i-dosta-posla-ispred-sebe\\\/#breadcrumb\"},\"inLanguage\":\"me-ME\",\"potentialAction\":[{\"@type\":\"ReadAction\",\"target\":[\"https:\\\/\\\/www.evropskakuca.me\\\/me\\\/popa-imamo-novi-momentum-u-prosirenju-eu-takode-i-dosta-posla-ispred-sebe\\\/\"]}]},{\"@type\":\"ImageObject\",\"inLanguage\":\"me-ME\",\"@id\":\"https:\\\/\\\/www.evropskakuca.me\\\/me\\\/popa-imamo-novi-momentum-u-prosirenju-eu-takode-i-dosta-posla-ispred-sebe\\\/#primaryimage\",\"url\":\"https:\\\/\\\/www.evropskakuca.me\\\/wp-content\\\/uploads\\\/2024\\\/01\\\/FRO_5836.jpg\",\"contentUrl\":\"https:\\\/\\\/www.evropskakuca.me\\\/wp-content\\\/uploads\\\/2024\\\/01\\\/FRO_5836.jpg\",\"width\":2560,\"height\":1707},{\"@type\":\"BreadcrumbList\",\"@id\":\"https:\\\/\\\/www.evropskakuca.me\\\/me\\\/popa-imamo-novi-momentum-u-prosirenju-eu-takode-i-dosta-posla-ispred-sebe\\\/#breadcrumb\",\"itemListElement\":[{\"@type\":\"ListItem\",\"position\":1,\"name\":\"Home\",\"item\":\"https:\\\/\\\/www.evropskakuca.me\\\/me\\\/\"},{\"@type\":\"ListItem\",\"position\":2,\"name\":\"Popa: Imamo novi momentum u pro\u0161irenju EU\"}]},{\"@type\":\"WebSite\",\"@id\":\"https:\\\/\\\/www.evropskakuca.me\\\/me\\\/#website\",\"url\":\"https:\\\/\\\/www.evropskakuca.me\\\/me\\\/\",\"name\":\"Evropean house\",\"description\":\"\",\"publisher\":{\"@id\":\"https:\\\/\\\/www.evropskakuca.me\\\/me\\\/#organization\"},\"potentialAction\":[{\"@type\":\"SearchAction\",\"target\":{\"@type\":\"EntryPoint\",\"urlTemplate\":\"https:\\\/\\\/www.evropskakuca.me\\\/me\\\/?s={search_term_string}\"},\"query-input\":{\"@type\":\"PropertyValueSpecification\",\"valueRequired\":true,\"valueName\":\"search_term_string\"}}],\"inLanguage\":\"me-ME\"},{\"@type\":\"Organization\",\"@id\":\"https:\\\/\\\/www.evropskakuca.me\\\/me\\\/#organization\",\"name\":\"Evropean house\",\"url\":\"https:\\\/\\\/www.evropskakuca.me\\\/me\\\/\",\"logo\":{\"@type\":\"ImageObject\",\"inLanguage\":\"me-ME\",\"@id\":\"https:\\\/\\\/www.evropskakuca.me\\\/me\\\/#\\\/schema\\\/logo\\\/image\\\/\",\"url\":\"https:\\\/\\\/www.evropskakuca.me\\\/wp-content\\\/uploads\\\/2025\\\/01\\\/evropska-kuca-logo-1.png\",\"contentUrl\":\"https:\\\/\\\/www.evropskakuca.me\\\/wp-content\\\/uploads\\\/2025\\\/01\\\/evropska-kuca-logo-1.png\",\"width\":425,\"height\":312,\"caption\":\"Evropean house\"},\"image\":{\"@id\":\"https:\\\/\\\/www.evropskakuca.me\\\/me\\\/#\\\/schema\\\/logo\\\/image\\\/\"},\"sameAs\":[\"https:\\\/\\\/www.facebook.com\\\/evropska.kuca\",\"https:\\\/\\\/x.com\\\/evropska_kuca\",\"https:\\\/\\\/www.instagram.com\\\/evropska_kuca\"]},{\"@type\":\"Person\",\"@id\":\"https:\\\/\\\/www.evropskakuca.me\\\/me\\\/#\\\/schema\\\/person\\\/a1d0dcdaefe4a1cd1d60d200ea137ba4\",\"name\":\"mkajic\",\"image\":{\"@type\":\"ImageObject\",\"inLanguage\":\"me-ME\",\"@id\":\"https:\\\/\\\/secure.gravatar.com\\\/avatar\\\/731fa035cefab7316e6bafd1f25a93fb731a07de14e2d9923f8db4422628eabc?s=96&d=mm&r=g\",\"url\":\"https:\\\/\\\/secure.gravatar.com\\\/avatar\\\/731fa035cefab7316e6bafd1f25a93fb731a07de14e2d9923f8db4422628eabc?s=96&d=mm&r=g\",\"contentUrl\":\"https:\\\/\\\/secure.gravatar.com\\\/avatar\\\/731fa035cefab7316e6bafd1f25a93fb731a07de14e2d9923f8db4422628eabc?s=96&d=mm&r=g\",\"caption\":\"mkajic\"},\"sameAs\":[\"https:\\\/\\\/evropskakuca.me\"],\"url\":\"https:\\\/\\\/www.evropskakuca.me\\\/me\\\/author\\\/mkajic\\\/\"}]}<\/script>\n<!-- \/ Yoast SEO plugin. -->","yoast_head_json":{"title":"Popa: Imamo novi momentum u pro\u0161irenju EU - Europe House","robots":{"index":"index","follow":"follow","max-snippet":"max-snippet:-1","max-image-preview":"max-image-preview:large","max-video-preview":"max-video-preview:-1"},"canonical":"https:\/\/www.evropskakuca.me\/me\/popa-imamo-novi-momentum-u-prosirenju-eu-takode-i-dosta-posla-ispred-sebe\/","og_locale":"en_US","og_type":"article","og_title":"Popa: Imamo novi momentum u pro\u0161irenju EU - Europe House","og_description":"Ambasadorka Evropske unije u Crnoj Gori, Oana Kristina Popa istakla je da imenovanja u pravosu\u0111u i dobijanje zavr\u0161nih mjerila za poglavlja 23 i 24 predstavljaju prioritete Crne Gore. Ona je kazala da o\u010dekuje da \u0107e Crna Gora do kraja belgijskog predsjedavanja posti\u0107i konkretne rezultate na putu ka Evropskoj uniji. \u201cTako\u0111e, uz novi momentum u procesu [&hellip;]","og_url":"https:\/\/www.evropskakuca.me\/me\/popa-imamo-novi-momentum-u-prosirenju-eu-takode-i-dosta-posla-ispred-sebe\/","og_site_name":"Europe House","article_publisher":"https:\/\/www.facebook.com\/evropska.kuca","article_published_time":"2024-01-12T12:50:11+00:00","article_modified_time":"2025-02-10T11:01:05+00:00","og_image":[{"width":2560,"height":1707,"url":"https:\/\/www.evropskakuca.me\/wp-content\/uploads\/2024\/01\/FRO_5836.jpg","type":"image\/jpeg"}],"author":"mkajic","twitter_card":"summary_large_image","twitter_creator":"@evropska_kuca","twitter_site":"@evropska_kuca","twitter_misc":{"Written by":"mkajic","Est. reading time":"2 minutes"},"schema":{"@context":"https:\/\/schema.org","@graph":[{"@type":"Article","@id":"https:\/\/www.evropskakuca.me\/me\/popa-imamo-novi-momentum-u-prosirenju-eu-takode-i-dosta-posla-ispred-sebe\/#article","isPartOf":{"@id":"https:\/\/www.evropskakuca.me\/me\/popa-imamo-novi-momentum-u-prosirenju-eu-takode-i-dosta-posla-ispred-sebe\/"},"author":{"name":"mkajic","@id":"https:\/\/www.evropskakuca.me\/me\/#\/schema\/person\/a1d0dcdaefe4a1cd1d60d200ea137ba4"},"headline":"Popa: Imamo novi momentum u pro\u0161irenju EU","datePublished":"2024-01-12T12:50:11+00:00","dateModified":"2025-02-10T11:01:05+00:00","mainEntityOfPage":{"@id":"https:\/\/www.evropskakuca.me\/me\/popa-imamo-novi-momentum-u-prosirenju-eu-takode-i-dosta-posla-ispred-sebe\/"},"wordCount":319,"publisher":{"@id":"https:\/\/www.evropskakuca.me\/me\/#organization"},"image":{"@id":"https:\/\/www.evropskakuca.me\/me\/popa-imamo-novi-momentum-u-prosirenju-eu-takode-i-dosta-posla-ispred-sebe\/#primaryimage"},"thumbnailUrl":"https:\/\/www.evropskakuca.me\/wp-content\/uploads\/2024\/01\/FRO_5836.jpg","articleSection":["Novosti","Uncategorized @me","Vesti"],"inLanguage":"me-ME"},{"@type":"WebPage","@id":"https:\/\/www.evropskakuca.me\/me\/popa-imamo-novi-momentum-u-prosirenju-eu-takode-i-dosta-posla-ispred-sebe\/","url":"https:\/\/www.evropskakuca.me\/me\/popa-imamo-novi-momentum-u-prosirenju-eu-takode-i-dosta-posla-ispred-sebe\/","name":"Popa: Imamo novi momentum u pro\u0161irenju EU - Europe House","isPartOf":{"@id":"https:\/\/www.evropskakuca.me\/me\/#website"},"primaryImageOfPage":{"@id":"https:\/\/www.evropskakuca.me\/me\/popa-imamo-novi-momentum-u-prosirenju-eu-takode-i-dosta-posla-ispred-sebe\/#primaryimage"},"image":{"@id":"https:\/\/www.evropskakuca.me\/me\/popa-imamo-novi-momentum-u-prosirenju-eu-takode-i-dosta-posla-ispred-sebe\/#primaryimage"},"thumbnailUrl":"https:\/\/www.evropskakuca.me\/wp-content\/uploads\/2024\/01\/FRO_5836.jpg","datePublished":"2024-01-12T12:50:11+00:00","dateModified":"2025-02-10T11:01:05+00:00","breadcrumb":{"@id":"https:\/\/www.evropskakuca.me\/me\/popa-imamo-novi-momentum-u-prosirenju-eu-takode-i-dosta-posla-ispred-sebe\/#breadcrumb"},"inLanguage":"me-ME","potentialAction":[{"@type":"ReadAction","target":["https:\/\/www.evropskakuca.me\/me\/popa-imamo-novi-momentum-u-prosirenju-eu-takode-i-dosta-posla-ispred-sebe\/"]}]},{"@type":"ImageObject","inLanguage":"me-ME","@id":"https:\/\/www.evropskakuca.me\/me\/popa-imamo-novi-momentum-u-prosirenju-eu-takode-i-dosta-posla-ispred-sebe\/#primaryimage","url":"https:\/\/www.evropskakuca.me\/wp-content\/uploads\/2024\/01\/FRO_5836.jpg","contentUrl":"https:\/\/www.evropskakuca.me\/wp-content\/uploads\/2024\/01\/FRO_5836.jpg","width":2560,"height":1707},{"@type":"BreadcrumbList","@id":"https:\/\/www.evropskakuca.me\/me\/popa-imamo-novi-momentum-u-prosirenju-eu-takode-i-dosta-posla-ispred-sebe\/#breadcrumb","itemListElement":[{"@type":"ListItem","position":1,"name":"Home","item":"https:\/\/www.evropskakuca.me\/me\/"},{"@type":"ListItem","position":2,"name":"Popa: Imamo novi momentum u pro\u0161irenju EU"}]},{"@type":"WebSite","@id":"https:\/\/www.evropskakuca.me\/me\/#website","url":"https:\/\/www.evropskakuca.me\/me\/","name":"Evropean house","description":"","publisher":{"@id":"https:\/\/www.evropskakuca.me\/me\/#organization"},"potentialAction":[{"@type":"SearchAction","target":{"@type":"EntryPoint","urlTemplate":"https:\/\/www.evropskakuca.me\/me\/?s={search_term_string}"},"query-input":{"@type":"PropertyValueSpecification","valueRequired":true,"valueName":"search_term_string"}}],"inLanguage":"me-ME"},{"@type":"Organization","@id":"https:\/\/www.evropskakuca.me\/me\/#organization","name":"Evropean house","url":"https:\/\/www.evropskakuca.me\/me\/","logo":{"@type":"ImageObject","inLanguage":"me-ME","@id":"https:\/\/www.evropskakuca.me\/me\/#\/schema\/logo\/image\/","url":"https:\/\/www.evropskakuca.me\/wp-content\/uploads\/2025\/01\/evropska-kuca-logo-1.png","contentUrl":"https:\/\/www.evropskakuca.me\/wp-content\/uploads\/2025\/01\/evropska-kuca-logo-1.png","width":425,"height":312,"caption":"Evropean house"},"image":{"@id":"https:\/\/www.evropskakuca.me\/me\/#\/schema\/logo\/image\/"},"sameAs":["https:\/\/www.facebook.com\/evropska.kuca","https:\/\/x.com\/evropska_kuca","https:\/\/www.instagram.com\/evropska_kuca"]},{"@type":"Person","@id":"https:\/\/www.evropskakuca.me\/me\/#\/schema\/person\/a1d0dcdaefe4a1cd1d60d200ea137ba4","name":"mkajic","image":{"@type":"ImageObject","inLanguage":"me-ME","@id":"https:\/\/secure.gravatar.com\/avatar\/731fa035cefab7316e6bafd1f25a93fb731a07de14e2d9923f8db4422628eabc?s=96&d=mm&r=g","url":"https:\/\/secure.gravatar.com\/avatar\/731fa035cefab7316e6bafd1f25a93fb731a07de14e2d9923f8db4422628eabc?s=96&d=mm&r=g","contentUrl":"https:\/\/secure.gravatar.com\/avatar\/731fa035cefab7316e6bafd1f25a93fb731a07de14e2d9923f8db4422628eabc?s=96&d=mm&r=g","caption":"mkajic"},"sameAs":["https:\/\/evropskakuca.me"],"url":"https:\/\/www.evropskakuca.me\/me\/author\/mkajic\/"}]}},"_links":{"self":[{"href":"https:\/\/www.evropskakuca.me\/me\/wp-json\/wp\/v2\/posts\/28109","targetHints":{"allow":["GET"]}}],"collection":[{"href":"https:\/\/www.evropskakuca.me\/me\/wp-json\/wp\/v2\/posts"}],"about":[{"href":"https:\/\/www.evropskakuca.me\/me\/wp-json\/wp\/v2\/types\/post"}],"author":[{"embeddable":true,"href":"https:\/\/www.evropskakuca.me\/me\/wp-json\/wp\/v2\/users\/1"}],"replies":[{"embeddable":true,"href":"https:\/\/www.evropskakuca.me\/me\/wp-json\/wp\/v2\/comments?post=28109"}],"version-history":[{"count":1,"href":"https:\/\/www.evropskakuca.me\/me\/wp-json\/wp\/v2\/posts\/28109\/revisions"}],"predecessor-version":[{"id":43011,"href":"https:\/\/www.evropskakuca.me\/me\/wp-json\/wp\/v2\/posts\/28109\/revisions\/43011"}],"wp:featuredmedia":[{"embeddable":true,"href":"https:\/\/www.evropskakuca.me\/me\/wp-json\/wp\/v2\/media\/40509"}],"wp:attachment":[{"href":"https:\/\/www.evropskakuca.me\/me\/wp-json\/wp\/v2\/media?parent=28109"}],"wp:term":[{"taxonomy":"category","embeddable":true,"href":"https:\/\/www.evropskakuca.me\/me\/wp-json\/wp\/v2\/categories?post=28109"},{"taxonomy":"post_tag","embeddable":true,"href":"https:\/\/www.evropskakuca.me\/me\/wp-json\/wp\/v2\/tags?post=28109"}],"curies":[{"name":"wp","href":"https:\/\/api.w.org\/{rel}","templated":true}]}}