{"id":27658,"date":"2023-12-11T14:00:30","date_gmt":"2023-12-11T14:00:30","guid":{"rendered":"https:\/\/evropskakuca.me\/?p=27658"},"modified":"2025-02-10T12:00:39","modified_gmt":"2025-02-10T12:00:39","slug":"pitanja-elektricne-energije-i-energetske-efikasnosti-ne-koristiti-u-populisticke-svrhe","status":"publish","type":"post","link":"https:\/\/www.evropskakuca.me\/me\/pitanja-elektricne-energije-i-energetske-efikasnosti-ne-koristiti-u-populisticke-svrhe\/","title":{"rendered":"Budu\u0107nost energetske tranzicije u Crnoj Gori"},"content":{"rendered":"<p>Crna Gora ima izvanredne mogu\u0107nosti i isto takvu priliku za napredak ka obnovljivim izvorima energije. poru\u010dio je \u0161ef sektora za saradnju u Delegaciji Evropske unije u Crnoj Gori <strong>Ingve Engstrom<\/strong> na panelu &#8220;<strong>Buduc\u0301nost energetske tranzicije u Crnoj Gori: planovi, perspektive i moguc\u0301nosti<\/strong>&#8220;, odr\u017eanom u Evropskoj ku\u0107i.<\/p>\n<p><img fetchpriority=\"high\" decoding=\"async\" class=\"alignnone size-large wp-image-27661\" src=\"https:\/\/evropskakuca.me\/wp-content\/uploads\/2023\/12\/Ingve-Engstrom-1024x683.jpeg\" alt=\"\" width=\"1024\" height=\"683\" \/><\/p>\n<p>Kako je kazao Engstrom ve\u0107 sada polovina energetskog miksa Crne Gore dolazi iz obnovljivih izvora, najvi\u0161e iz vode, ali su mogu\u0107nosti za kori\u0161\u0107enje solarne energije i energije vjetra fantasti\u010dne i sada je pravo vrijeme da se radi na pravednoj energetskoj tranziciji.<\/p>\n<p>Dati odgovore na pitanja o energetskoj tranziciji, energetskoj efikasnosti i obnovljivim izvorima energije zna\u010di govoriti o temi koja je stvar na\u0161e sada\u0161njosti i koja je ispit na\u0161e zrelosti i svijesti da \u0107e \u017eivota biti i posle nas, poru\u010dio je ministar energetike i rudarstva <strong>Sa\u0161a Mujovi\u0107<\/strong>.<\/p>\n<p><img decoding=\"async\" class=\"alignnone size-large wp-image-27663\" src=\"https:\/\/evropskakuca.me\/wp-content\/uploads\/2023\/12\/sasa-mujovic-1024x683.jpeg\" alt=\"\" width=\"1024\" height=\"683\" \/><\/p>\n<p>&#8220;Pitanje integracije obnovljivih izvora energije u energetski sistem Crne Gore nije izbor nego obaveza, a za ispunjavanje te obaveze potreban je plan i potrebna je strategija. Sve ono \u0161to Crnoj Gori sada nedostaje.&#8221; poru\u010dio je ministar Mujovi\u0107 i dodao da je ja\u010danje prenosne mre\u017ee osnov svih osnova da bi se moglo govoriti o izgradnji obnovljivih izvora enegrije i njihovom priklju\u010denju na energetsku mre\u017eu.<\/p>\n<p>Najva\u017enije je, poru\u010duje ministar Mujovi\u0107, promijeniti odnos koji i dru\u0161tvo i dr\u017eava imaju prema elektri\u010dnoj energiji. Strategije razvoja koje podrazumijevaju izgradnju novih izvora energije i prate\u0107e prenosne mre\u017ee mora isklju\u010divati tretiranje elektri\u010dne energije kao socijalne kategorije.<\/p>\n<p><img decoding=\"async\" class=\"alignnone size-large wp-image-27665\" src=\"https:\/\/evropskakuca.me\/wp-content\/uploads\/2023\/12\/panel-2-1024x683.jpeg\" alt=\"\" width=\"1024\" height=\"683\" \/><\/p>\n<p>&#8220;Crna Gora ima ogroman potencijal za potpuno preusmjerenje na \u010distu energiju, uz vjetreoelektrane i solarnu energiju. Za to treba stvoriti strategije i planove koji bi bili okvir za du\u017ei vremenski period. Ja samo molim politi\u010dke subjekte u Crnoj Gori da pitanje energetske efikasnosti ne koriste u populisti\u010dke svrhe.&#8221; kazao je Mujovi\u0107.<\/p>\n<p>Na svom putu ka \u010dlanstvu u Evropskoj uniji i ispunjenju njene misije da do 2050. godine bude ekonomija sa nultom emisijom gasova staklene ba\u0161te, Crna Gora \u0107e se u jednom trenutku morati odre\u0107i svog najva\u017enijeg energetskog objekta- Termoeketrane Pljevlja. To \u0107e biti sve samo ne lako, poru\u010duje ministar.<\/p>\n<p>&#8220;Nama bi zna\u010dajno olak\u0161anje i rje\u0161enje problema bila izgradnja jednog stabilnog energetskog izvora odnosno jedne hidroelektrane. Moj favorit je hidroelektrana Kru\u0161evo, prije svega zbog svoje isplativosti, velike snage i dobrog odnosa snage i energije. Po tim aspektima bolja je od projekta Komarnica. Tu su jo\u0161 i hidrocentrale na \u0106ehotini.&#8221; kazao je Mujovi\u0107.<\/p>\n<p>Pitanje pravedne energetske tranzicije, izgradnje \u010distijih izvora energije i energetske efikasnosti je i pitanje finansija. Paradoksalno zvu\u010di da je i gra\u0111anima i privredi dostupno vi\u0161e novca po povoljnim uslovima nego \u0161to ih koriste. Kako je kazao izvr\u0161ni direktor NLB banke <strong>Martin Leberle<\/strong> ta finansijska institucija nedavno je sa Evropskom bankom za obnovu i razvoj potpisala ugovor o kreditnoj liniji vrijednoj 2 miliona eura za finansiranje projekata energetske efikasnosti i obnovljivih izvora. Ni gra\u0111ani ni privreda nijesu adekvatno odgovorili na mogu\u0107nosti koje im se pru\u017eaju. Zato, poru\u010duje Leberle, i sama banka radi na edukaciji svojih klijenata ne samo o mogu\u0107nostima ve\u0107 i potrebi brige o enegretskoj efikasnosti.<\/p>\n<p><img loading=\"lazy\" decoding=\"async\" class=\"alignnone size-large wp-image-27669\" src=\"https:\/\/evropskakuca.me\/wp-content\/uploads\/2023\/12\/image00014-1024x683.jpeg\" alt=\"\" width=\"1024\" height=\"683\" \/><\/p>\n<p>&#8220;Recimo, kada razgovaramo sa gra\u0111evinskim firmama o kreditiranju njihovog biznisa i pitamo da li posjeduju sertifikate o energetskoj efikasnosti materijala \u010dime bi dobili sredstva po povoljnijim uslovima, oni nas pitaju za\u0161to? Nemaju potrebu za tim jer \u0107e oni njihov proizvod prodati nevezano za njegovu energetsku efikasnost. Zato je edukacija na svim nivoima prijeko potrebna&#8221; poru\u010dio je Leberle dodaju\u0107i da ima prostora da se u sinergiji sa dr\u017eavom i me\u0111unarodnim institucijama pru\u017ee zna\u010dajna i povoljna finansijska sredstva za pravednu energetsku tranziciju.<\/p>\n<p>Da sredstava ima i da se ne koriste u dovoljnoj mjeri potvr\u0111uje i pomo\u0107nik direktora Eko Fonda <strong>Nemanja Pekovi\u0107<\/strong>. \u010cak ni lokalne samouprave ne prijavljuju projekte koje su najavili i na osnovu kojih je Eko fond vr\u0161io alokaciju svojih sredstava. Zato smatraju da je zajedni\u010dki rad jedino rje\u0161enje.<\/p>\n<p>&#8220;Da zdru\u017eimo sredstva, koja ima Eko fond, koje ima Ministarstvo energetike, koja pod povoljnim uslovima daju banke, mi mo\u017eemo da kreiramo jedan dobar proizvod kako bismo taj tranzicioni period ubrzali.&#8221; poru\u010dio je Pekovi\u0107.<\/p>\n<p>Pored brzine tranzicije va\u017ena je i njena pravednost, kazao je \u0161ef sektora za saradnju u Delegaciji Evropske unije u Crnoj Gori Ingve Engstrom. Engstrom je podvukao da ga\u0161enje termoelektrane Pljevlja zahtijeva promi\u0161ljenu saradnju sa lokalnom zajednicom i finansiranje novih radnih mjesta kako bi energetska tranzicija bila tranzicija nez gubitnika.<\/p>\n<p><strong>Goran Tadi\u0107<\/strong> iz kompanije <strong>Solar<\/strong> predstavio je rezultate rad ate kompanije, planove i prepreke na koje su nailazili tokom pionirskog poduhvata izgradnje solarnih elektrana u Crnoj Gori. Poru\u010duje da je cilj izgradnje obnovljivih izvora energije da se ta energija koristi na mjestu proizvodnje, \u0161to sada\u0161nji projekti postavljanja foto-naponskih \u0107elija na krovovima privatnih ku\u0107a i preduze\u0107a i omogu\u0107uje. U budu\u0107im planovima ove kompanije je i izgradnja ve\u0107ih solarnih kapaciteta.<\/p>\n<p>Panel &#8220;Buduc\u0301nost energetske tranzicije u Crnoj Gori: planovi, perspektive i moguc\u0301nosti&#8221; odr\u017ean je u okviru kampanje &#8220;<strong>Pokrenimo \u010distu energiju<\/strong>&#8221; koju Evropska ku\u0107a realizuje sa Udru\u017eenjem mladih &#8220;Korak sa naukom&#8221; u ime Delegacije Evropske unije u Crnoj Gori.<\/p>\n","protected":false},"excerpt":{"rendered":"<p>Crna Gora ima izvanredne mogu\u0107nosti i isto takvu priliku za napredak ka obnovljivim izvorima energije. poru\u010dio je \u0161ef sektora za saradnju u Delegaciji Evropske unije u Crnoj Gori Ingve Engstrom na panelu &#8220;Buduc\u0301nost energetske tranzicije u Crnoj Gori: planovi, perspektive i moguc\u0301nosti&#8220;, odr\u017eanom u Evropskoj ku\u0107i. Kako je kazao Engstrom ve\u0107 sada polovina energetskog miksa [&hellip;]<\/p>\n","protected":false},"author":1,"featured_media":43022,"comment_status":"closed","ping_status":"closed","sticky":false,"template":"","format":"standard","meta":{"_acf_changed":false,"footnotes":""},"categories":[283,2,524],"tags":[],"class_list":["post-27658","post","type-post","status-publish","format-standard","has-post-thumbnail","hentry","category-novosti-me","category-uncategorized-me","category-vesti"],"acf":[],"yoast_head":"<!-- This site is optimized with the Yoast SEO plugin v27.3 - https:\/\/yoast.com\/product\/yoast-seo-wordpress\/ -->\n<title>Budu\u0107nost energetske tranzicije u Crnoj Gori - Europe House<\/title>\n<meta name=\"robots\" content=\"index, follow, max-snippet:-1, max-image-preview:large, max-video-preview:-1\" \/>\n<link rel=\"canonical\" href=\"https:\/\/www.evropskakuca.me\/me\/pitanja-elektricne-energije-i-energetske-efikasnosti-ne-koristiti-u-populisticke-svrhe\/\" \/>\n<meta property=\"og:locale\" content=\"en_US\" \/>\n<meta property=\"og:type\" content=\"article\" \/>\n<meta property=\"og:title\" content=\"Budu\u0107nost energetske tranzicije u Crnoj Gori - Europe House\" \/>\n<meta property=\"og:description\" content=\"Crna Gora ima izvanredne mogu\u0107nosti i isto takvu priliku za napredak ka obnovljivim izvorima energije. poru\u010dio je \u0161ef sektora za saradnju u Delegaciji Evropske unije u Crnoj Gori Ingve Engstrom na panelu &#8220;Buduc\u0301nost energetske tranzicije u Crnoj Gori: planovi, perspektive i moguc\u0301nosti&#8220;, odr\u017eanom u Evropskoj ku\u0107i. Kako je kazao Engstrom ve\u0107 sada polovina energetskog miksa [&hellip;]\" \/>\n<meta property=\"og:url\" content=\"https:\/\/www.evropskakuca.me\/me\/pitanja-elektricne-energije-i-energetske-efikasnosti-ne-koristiti-u-populisticke-svrhe\/\" \/>\n<meta property=\"og:site_name\" content=\"Europe House\" \/>\n<meta property=\"article:publisher\" content=\"https:\/\/www.facebook.com\/evropska.kuca\" \/>\n<meta property=\"article:published_time\" content=\"2023-12-11T14:00:30+00:00\" \/>\n<meta property=\"article:modified_time\" content=\"2025-02-10T12:00:39+00:00\" \/>\n<meta property=\"og:image\" content=\"https:\/\/www.evropskakuca.me\/wp-content\/uploads\/2023\/12\/pexels-pixabay-159243-scaled.jpg\" \/>\n\t<meta property=\"og:image:width\" content=\"2560\" \/>\n\t<meta property=\"og:image:height\" content=\"1675\" \/>\n\t<meta property=\"og:image:type\" content=\"image\/jpeg\" \/>\n<meta name=\"author\" content=\"mkajic\" \/>\n<meta name=\"twitter:card\" content=\"summary_large_image\" \/>\n<meta name=\"twitter:creator\" content=\"@evropska_kuca\" \/>\n<meta name=\"twitter:site\" content=\"@evropska_kuca\" \/>\n<meta name=\"twitter:label1\" content=\"Written by\" \/>\n\t<meta name=\"twitter:data1\" content=\"mkajic\" \/>\n\t<meta name=\"twitter:label2\" content=\"Est. reading time\" \/>\n\t<meta name=\"twitter:data2\" content=\"5 minutes\" \/>\n<script type=\"application\/ld+json\" class=\"yoast-schema-graph\">{\"@context\":\"https:\\\/\\\/schema.org\",\"@graph\":[{\"@type\":\"Article\",\"@id\":\"https:\\\/\\\/www.evropskakuca.me\\\/me\\\/pitanja-elektricne-energije-i-energetske-efikasnosti-ne-koristiti-u-populisticke-svrhe\\\/#article\",\"isPartOf\":{\"@id\":\"https:\\\/\\\/www.evropskakuca.me\\\/me\\\/pitanja-elektricne-energije-i-energetske-efikasnosti-ne-koristiti-u-populisticke-svrhe\\\/\"},\"author\":{\"name\":\"mkajic\",\"@id\":\"https:\\\/\\\/www.evropskakuca.me\\\/me\\\/#\\\/schema\\\/person\\\/a1d0dcdaefe4a1cd1d60d200ea137ba4\"},\"headline\":\"Budu\u0107nost energetske tranzicije u Crnoj Gori\",\"datePublished\":\"2023-12-11T14:00:30+00:00\",\"dateModified\":\"2025-02-10T12:00:39+00:00\",\"mainEntityOfPage\":{\"@id\":\"https:\\\/\\\/www.evropskakuca.me\\\/me\\\/pitanja-elektricne-energije-i-energetske-efikasnosti-ne-koristiti-u-populisticke-svrhe\\\/\"},\"wordCount\":889,\"publisher\":{\"@id\":\"https:\\\/\\\/www.evropskakuca.me\\\/me\\\/#organization\"},\"image\":{\"@id\":\"https:\\\/\\\/www.evropskakuca.me\\\/me\\\/pitanja-elektricne-energije-i-energetske-efikasnosti-ne-koristiti-u-populisticke-svrhe\\\/#primaryimage\"},\"thumbnailUrl\":\"https:\\\/\\\/www.evropskakuca.me\\\/wp-content\\\/uploads\\\/2023\\\/12\\\/pexels-pixabay-159243-scaled.jpg\",\"articleSection\":[\"Novosti\",\"Uncategorized @me\",\"Vesti\"],\"inLanguage\":\"me-ME\"},{\"@type\":\"WebPage\",\"@id\":\"https:\\\/\\\/www.evropskakuca.me\\\/me\\\/pitanja-elektricne-energije-i-energetske-efikasnosti-ne-koristiti-u-populisticke-svrhe\\\/\",\"url\":\"https:\\\/\\\/www.evropskakuca.me\\\/me\\\/pitanja-elektricne-energije-i-energetske-efikasnosti-ne-koristiti-u-populisticke-svrhe\\\/\",\"name\":\"Budu\u0107nost energetske tranzicije u Crnoj Gori - Europe House\",\"isPartOf\":{\"@id\":\"https:\\\/\\\/www.evropskakuca.me\\\/me\\\/#website\"},\"primaryImageOfPage\":{\"@id\":\"https:\\\/\\\/www.evropskakuca.me\\\/me\\\/pitanja-elektricne-energije-i-energetske-efikasnosti-ne-koristiti-u-populisticke-svrhe\\\/#primaryimage\"},\"image\":{\"@id\":\"https:\\\/\\\/www.evropskakuca.me\\\/me\\\/pitanja-elektricne-energije-i-energetske-efikasnosti-ne-koristiti-u-populisticke-svrhe\\\/#primaryimage\"},\"thumbnailUrl\":\"https:\\\/\\\/www.evropskakuca.me\\\/wp-content\\\/uploads\\\/2023\\\/12\\\/pexels-pixabay-159243-scaled.jpg\",\"datePublished\":\"2023-12-11T14:00:30+00:00\",\"dateModified\":\"2025-02-10T12:00:39+00:00\",\"breadcrumb\":{\"@id\":\"https:\\\/\\\/www.evropskakuca.me\\\/me\\\/pitanja-elektricne-energije-i-energetske-efikasnosti-ne-koristiti-u-populisticke-svrhe\\\/#breadcrumb\"},\"inLanguage\":\"me-ME\",\"potentialAction\":[{\"@type\":\"ReadAction\",\"target\":[\"https:\\\/\\\/www.evropskakuca.me\\\/me\\\/pitanja-elektricne-energije-i-energetske-efikasnosti-ne-koristiti-u-populisticke-svrhe\\\/\"]}]},{\"@type\":\"ImageObject\",\"inLanguage\":\"me-ME\",\"@id\":\"https:\\\/\\\/www.evropskakuca.me\\\/me\\\/pitanja-elektricne-energije-i-energetske-efikasnosti-ne-koristiti-u-populisticke-svrhe\\\/#primaryimage\",\"url\":\"https:\\\/\\\/www.evropskakuca.me\\\/wp-content\\\/uploads\\\/2023\\\/12\\\/pexels-pixabay-159243-scaled.jpg\",\"contentUrl\":\"https:\\\/\\\/www.evropskakuca.me\\\/wp-content\\\/uploads\\\/2023\\\/12\\\/pexels-pixabay-159243-scaled.jpg\",\"width\":2560,\"height\":1675},{\"@type\":\"BreadcrumbList\",\"@id\":\"https:\\\/\\\/www.evropskakuca.me\\\/me\\\/pitanja-elektricne-energije-i-energetske-efikasnosti-ne-koristiti-u-populisticke-svrhe\\\/#breadcrumb\",\"itemListElement\":[{\"@type\":\"ListItem\",\"position\":1,\"name\":\"Home\",\"item\":\"https:\\\/\\\/www.evropskakuca.me\\\/me\\\/\"},{\"@type\":\"ListItem\",\"position\":2,\"name\":\"Budu\u0107nost energetske tranzicije u Crnoj Gori\"}]},{\"@type\":\"WebSite\",\"@id\":\"https:\\\/\\\/www.evropskakuca.me\\\/me\\\/#website\",\"url\":\"https:\\\/\\\/www.evropskakuca.me\\\/me\\\/\",\"name\":\"Evropean house\",\"description\":\"\",\"publisher\":{\"@id\":\"https:\\\/\\\/www.evropskakuca.me\\\/me\\\/#organization\"},\"potentialAction\":[{\"@type\":\"SearchAction\",\"target\":{\"@type\":\"EntryPoint\",\"urlTemplate\":\"https:\\\/\\\/www.evropskakuca.me\\\/me\\\/?s={search_term_string}\"},\"query-input\":{\"@type\":\"PropertyValueSpecification\",\"valueRequired\":true,\"valueName\":\"search_term_string\"}}],\"inLanguage\":\"me-ME\"},{\"@type\":\"Organization\",\"@id\":\"https:\\\/\\\/www.evropskakuca.me\\\/me\\\/#organization\",\"name\":\"Evropean house\",\"url\":\"https:\\\/\\\/www.evropskakuca.me\\\/me\\\/\",\"logo\":{\"@type\":\"ImageObject\",\"inLanguage\":\"me-ME\",\"@id\":\"https:\\\/\\\/www.evropskakuca.me\\\/me\\\/#\\\/schema\\\/logo\\\/image\\\/\",\"url\":\"https:\\\/\\\/www.evropskakuca.me\\\/wp-content\\\/uploads\\\/2025\\\/01\\\/evropska-kuca-logo-1.png\",\"contentUrl\":\"https:\\\/\\\/www.evropskakuca.me\\\/wp-content\\\/uploads\\\/2025\\\/01\\\/evropska-kuca-logo-1.png\",\"width\":425,\"height\":312,\"caption\":\"Evropean house\"},\"image\":{\"@id\":\"https:\\\/\\\/www.evropskakuca.me\\\/me\\\/#\\\/schema\\\/logo\\\/image\\\/\"},\"sameAs\":[\"https:\\\/\\\/www.facebook.com\\\/evropska.kuca\",\"https:\\\/\\\/x.com\\\/evropska_kuca\",\"https:\\\/\\\/www.instagram.com\\\/evropska_kuca\"]},{\"@type\":\"Person\",\"@id\":\"https:\\\/\\\/www.evropskakuca.me\\\/me\\\/#\\\/schema\\\/person\\\/a1d0dcdaefe4a1cd1d60d200ea137ba4\",\"name\":\"mkajic\",\"image\":{\"@type\":\"ImageObject\",\"inLanguage\":\"me-ME\",\"@id\":\"https:\\\/\\\/secure.gravatar.com\\\/avatar\\\/731fa035cefab7316e6bafd1f25a93fb731a07de14e2d9923f8db4422628eabc?s=96&d=mm&r=g\",\"url\":\"https:\\\/\\\/secure.gravatar.com\\\/avatar\\\/731fa035cefab7316e6bafd1f25a93fb731a07de14e2d9923f8db4422628eabc?s=96&d=mm&r=g\",\"contentUrl\":\"https:\\\/\\\/secure.gravatar.com\\\/avatar\\\/731fa035cefab7316e6bafd1f25a93fb731a07de14e2d9923f8db4422628eabc?s=96&d=mm&r=g\",\"caption\":\"mkajic\"},\"sameAs\":[\"https:\\\/\\\/evropskakuca.me\"],\"url\":\"https:\\\/\\\/www.evropskakuca.me\\\/me\\\/author\\\/mkajic\\\/\"}]}<\/script>\n<!-- \/ Yoast SEO plugin. -->","yoast_head_json":{"title":"Budu\u0107nost energetske tranzicije u Crnoj Gori - Europe House","robots":{"index":"index","follow":"follow","max-snippet":"max-snippet:-1","max-image-preview":"max-image-preview:large","max-video-preview":"max-video-preview:-1"},"canonical":"https:\/\/www.evropskakuca.me\/me\/pitanja-elektricne-energije-i-energetske-efikasnosti-ne-koristiti-u-populisticke-svrhe\/","og_locale":"en_US","og_type":"article","og_title":"Budu\u0107nost energetske tranzicije u Crnoj Gori - Europe House","og_description":"Crna Gora ima izvanredne mogu\u0107nosti i isto takvu priliku za napredak ka obnovljivim izvorima energije. poru\u010dio je \u0161ef sektora za saradnju u Delegaciji Evropske unije u Crnoj Gori Ingve Engstrom na panelu &#8220;Buduc\u0301nost energetske tranzicije u Crnoj Gori: planovi, perspektive i moguc\u0301nosti&#8220;, odr\u017eanom u Evropskoj ku\u0107i. Kako je kazao Engstrom ve\u0107 sada polovina energetskog miksa [&hellip;]","og_url":"https:\/\/www.evropskakuca.me\/me\/pitanja-elektricne-energije-i-energetske-efikasnosti-ne-koristiti-u-populisticke-svrhe\/","og_site_name":"Europe House","article_publisher":"https:\/\/www.facebook.com\/evropska.kuca","article_published_time":"2023-12-11T14:00:30+00:00","article_modified_time":"2025-02-10T12:00:39+00:00","og_image":[{"width":2560,"height":1675,"url":"https:\/\/www.evropskakuca.me\/wp-content\/uploads\/2023\/12\/pexels-pixabay-159243-scaled.jpg","type":"image\/jpeg"}],"author":"mkajic","twitter_card":"summary_large_image","twitter_creator":"@evropska_kuca","twitter_site":"@evropska_kuca","twitter_misc":{"Written by":"mkajic","Est. reading time":"5 minutes"},"schema":{"@context":"https:\/\/schema.org","@graph":[{"@type":"Article","@id":"https:\/\/www.evropskakuca.me\/me\/pitanja-elektricne-energije-i-energetske-efikasnosti-ne-koristiti-u-populisticke-svrhe\/#article","isPartOf":{"@id":"https:\/\/www.evropskakuca.me\/me\/pitanja-elektricne-energije-i-energetske-efikasnosti-ne-koristiti-u-populisticke-svrhe\/"},"author":{"name":"mkajic","@id":"https:\/\/www.evropskakuca.me\/me\/#\/schema\/person\/a1d0dcdaefe4a1cd1d60d200ea137ba4"},"headline":"Budu\u0107nost energetske tranzicije u Crnoj Gori","datePublished":"2023-12-11T14:00:30+00:00","dateModified":"2025-02-10T12:00:39+00:00","mainEntityOfPage":{"@id":"https:\/\/www.evropskakuca.me\/me\/pitanja-elektricne-energije-i-energetske-efikasnosti-ne-koristiti-u-populisticke-svrhe\/"},"wordCount":889,"publisher":{"@id":"https:\/\/www.evropskakuca.me\/me\/#organization"},"image":{"@id":"https:\/\/www.evropskakuca.me\/me\/pitanja-elektricne-energije-i-energetske-efikasnosti-ne-koristiti-u-populisticke-svrhe\/#primaryimage"},"thumbnailUrl":"https:\/\/www.evropskakuca.me\/wp-content\/uploads\/2023\/12\/pexels-pixabay-159243-scaled.jpg","articleSection":["Novosti","Uncategorized @me","Vesti"],"inLanguage":"me-ME"},{"@type":"WebPage","@id":"https:\/\/www.evropskakuca.me\/me\/pitanja-elektricne-energije-i-energetske-efikasnosti-ne-koristiti-u-populisticke-svrhe\/","url":"https:\/\/www.evropskakuca.me\/me\/pitanja-elektricne-energije-i-energetske-efikasnosti-ne-koristiti-u-populisticke-svrhe\/","name":"Budu\u0107nost energetske tranzicije u Crnoj Gori - Europe House","isPartOf":{"@id":"https:\/\/www.evropskakuca.me\/me\/#website"},"primaryImageOfPage":{"@id":"https:\/\/www.evropskakuca.me\/me\/pitanja-elektricne-energije-i-energetske-efikasnosti-ne-koristiti-u-populisticke-svrhe\/#primaryimage"},"image":{"@id":"https:\/\/www.evropskakuca.me\/me\/pitanja-elektricne-energije-i-energetske-efikasnosti-ne-koristiti-u-populisticke-svrhe\/#primaryimage"},"thumbnailUrl":"https:\/\/www.evropskakuca.me\/wp-content\/uploads\/2023\/12\/pexels-pixabay-159243-scaled.jpg","datePublished":"2023-12-11T14:00:30+00:00","dateModified":"2025-02-10T12:00:39+00:00","breadcrumb":{"@id":"https:\/\/www.evropskakuca.me\/me\/pitanja-elektricne-energije-i-energetske-efikasnosti-ne-koristiti-u-populisticke-svrhe\/#breadcrumb"},"inLanguage":"me-ME","potentialAction":[{"@type":"ReadAction","target":["https:\/\/www.evropskakuca.me\/me\/pitanja-elektricne-energije-i-energetske-efikasnosti-ne-koristiti-u-populisticke-svrhe\/"]}]},{"@type":"ImageObject","inLanguage":"me-ME","@id":"https:\/\/www.evropskakuca.me\/me\/pitanja-elektricne-energije-i-energetske-efikasnosti-ne-koristiti-u-populisticke-svrhe\/#primaryimage","url":"https:\/\/www.evropskakuca.me\/wp-content\/uploads\/2023\/12\/pexels-pixabay-159243-scaled.jpg","contentUrl":"https:\/\/www.evropskakuca.me\/wp-content\/uploads\/2023\/12\/pexels-pixabay-159243-scaled.jpg","width":2560,"height":1675},{"@type":"BreadcrumbList","@id":"https:\/\/www.evropskakuca.me\/me\/pitanja-elektricne-energije-i-energetske-efikasnosti-ne-koristiti-u-populisticke-svrhe\/#breadcrumb","itemListElement":[{"@type":"ListItem","position":1,"name":"Home","item":"https:\/\/www.evropskakuca.me\/me\/"},{"@type":"ListItem","position":2,"name":"Budu\u0107nost energetske tranzicije u Crnoj Gori"}]},{"@type":"WebSite","@id":"https:\/\/www.evropskakuca.me\/me\/#website","url":"https:\/\/www.evropskakuca.me\/me\/","name":"Evropean house","description":"","publisher":{"@id":"https:\/\/www.evropskakuca.me\/me\/#organization"},"potentialAction":[{"@type":"SearchAction","target":{"@type":"EntryPoint","urlTemplate":"https:\/\/www.evropskakuca.me\/me\/?s={search_term_string}"},"query-input":{"@type":"PropertyValueSpecification","valueRequired":true,"valueName":"search_term_string"}}],"inLanguage":"me-ME"},{"@type":"Organization","@id":"https:\/\/www.evropskakuca.me\/me\/#organization","name":"Evropean house","url":"https:\/\/www.evropskakuca.me\/me\/","logo":{"@type":"ImageObject","inLanguage":"me-ME","@id":"https:\/\/www.evropskakuca.me\/me\/#\/schema\/logo\/image\/","url":"https:\/\/www.evropskakuca.me\/wp-content\/uploads\/2025\/01\/evropska-kuca-logo-1.png","contentUrl":"https:\/\/www.evropskakuca.me\/wp-content\/uploads\/2025\/01\/evropska-kuca-logo-1.png","width":425,"height":312,"caption":"Evropean house"},"image":{"@id":"https:\/\/www.evropskakuca.me\/me\/#\/schema\/logo\/image\/"},"sameAs":["https:\/\/www.facebook.com\/evropska.kuca","https:\/\/x.com\/evropska_kuca","https:\/\/www.instagram.com\/evropska_kuca"]},{"@type":"Person","@id":"https:\/\/www.evropskakuca.me\/me\/#\/schema\/person\/a1d0dcdaefe4a1cd1d60d200ea137ba4","name":"mkajic","image":{"@type":"ImageObject","inLanguage":"me-ME","@id":"https:\/\/secure.gravatar.com\/avatar\/731fa035cefab7316e6bafd1f25a93fb731a07de14e2d9923f8db4422628eabc?s=96&d=mm&r=g","url":"https:\/\/secure.gravatar.com\/avatar\/731fa035cefab7316e6bafd1f25a93fb731a07de14e2d9923f8db4422628eabc?s=96&d=mm&r=g","contentUrl":"https:\/\/secure.gravatar.com\/avatar\/731fa035cefab7316e6bafd1f25a93fb731a07de14e2d9923f8db4422628eabc?s=96&d=mm&r=g","caption":"mkajic"},"sameAs":["https:\/\/evropskakuca.me"],"url":"https:\/\/www.evropskakuca.me\/me\/author\/mkajic\/"}]}},"_links":{"self":[{"href":"https:\/\/www.evropskakuca.me\/me\/wp-json\/wp\/v2\/posts\/27658","targetHints":{"allow":["GET"]}}],"collection":[{"href":"https:\/\/www.evropskakuca.me\/me\/wp-json\/wp\/v2\/posts"}],"about":[{"href":"https:\/\/www.evropskakuca.me\/me\/wp-json\/wp\/v2\/types\/post"}],"author":[{"embeddable":true,"href":"https:\/\/www.evropskakuca.me\/me\/wp-json\/wp\/v2\/users\/1"}],"replies":[{"embeddable":true,"href":"https:\/\/www.evropskakuca.me\/me\/wp-json\/wp\/v2\/comments?post=27658"}],"version-history":[{"count":1,"href":"https:\/\/www.evropskakuca.me\/me\/wp-json\/wp\/v2\/posts\/27658\/revisions"}],"predecessor-version":[{"id":43021,"href":"https:\/\/www.evropskakuca.me\/me\/wp-json\/wp\/v2\/posts\/27658\/revisions\/43021"}],"wp:featuredmedia":[{"embeddable":true,"href":"https:\/\/www.evropskakuca.me\/me\/wp-json\/wp\/v2\/media\/43022"}],"wp:attachment":[{"href":"https:\/\/www.evropskakuca.me\/me\/wp-json\/wp\/v2\/media?parent=27658"}],"wp:term":[{"taxonomy":"category","embeddable":true,"href":"https:\/\/www.evropskakuca.me\/me\/wp-json\/wp\/v2\/categories?post=27658"},{"taxonomy":"post_tag","embeddable":true,"href":"https:\/\/www.evropskakuca.me\/me\/wp-json\/wp\/v2\/tags?post=27658"}],"curies":[{"name":"wp","href":"https:\/\/api.w.org\/{rel}","templated":true}]}}