{"id":27399,"date":"2023-12-05T09:49:06","date_gmt":"2023-12-05T09:49:06","guid":{"rendered":"https:\/\/evropskakuca.me\/?p=27399"},"modified":"2025-02-10T12:04:45","modified_gmt":"2025-02-10T12:04:45","slug":"foto-konkurs-najljepse-vode-crne-gore-cista-voda-cista-umjetnost","status":"publish","type":"post","link":"https:\/\/www.evropskakuca.me\/me\/foto-konkurs-najljepse-vode-crne-gore-cista-voda-cista-umjetnost\/","title":{"rendered":"Foto konkurs &#8211; Najljep\u0161e vode Crne Gore"},"content":{"rendered":"<p>Uprava za vode Crne Gore raspisala je foto konkurs pod nazivom \u201cNajljep\u0161e vode Crne Gore: \u010cista voda, \u010dista umjetnost\u201d. Foto konkurs se realizuje u saradnji sa Evropskom ku\u0107om, uz podr\u0161ku projekta EU4ME \u2013 \u201ePodr\u0161ka Vladi Crne Gore u komuniciranju pristupa EU i EU podr\u0161ke Crnoj Gori\u201d.<\/p>\n<blockquote><p>Pozivaju se svi zaljubljenici u fotografiju, prirodu i ekologiju da se pridru\u017ee ovom uzbudljivom takmi\u010denju i poka\u017eu svoju kreativnost u promociji najljep\u0161ih voda \u2013 rijeka i jezera Crne Gore. Rok za prijavu\u00a0 ju po\u010deo <strong>4. decembra<\/strong> i traje do <strong>21. decembra<\/strong>.<\/p><\/blockquote>\n<p>Zadatak je da se prika\u017ee ljepota i zna\u010daj voda Crne Gore, kroz objektiv. Fotografije treba da naglase prirodnu ljepotu, \u010disto\u0107u i ekolo\u0161ki zna\u010daj voda \u2013 rijeka i jezera.<\/p>\n<p><img fetchpriority=\"high\" decoding=\"async\" class=\"alignnone size-large wp-image-27400\" src=\"https:\/\/evropskakuca.me\/wp-content\/uploads\/2023\/12\/170170752531193-1024x1024.jpg\" alt=\"\" width=\"1024\" height=\"1024\" \/><\/p>\n<blockquote><p>Prilikom slanja fotografija, svaki autor treba navesti ime i prezime, kontakt telefon, lokaciju na kojoj je fotografija snimljena, kao i naziv rijeke\/jezera koje je na fotografiji i kratak opis ili propozicije fotografije. Dozvoljeno je slati do 5 fotografija jednog autora.<\/p><\/blockquote>\n<p>Stru\u010dni \u017eiri \u0107e izabrati 40 najboljih fotografija, a za tri prvorangirane Uprava za vode je obezbijedila nagrade u iznosu od 500, 1.000 i 1.500 EUR-a. Sve izabrane fotografije \u0107e biti prikazane tokom posebne izlo\u017ebe posve\u0107ene ovom konkursu.<\/p>\n<p>Sve relevantne informacije o konkursu, uslove za u\u010de\u0161\u0107e, kao i instrukcije za prijavu, mo\u017eete prona\u0107i na slu\u017ebenoj web stranici Uprave za vode na adresi <a href=\"https:\/\/www.gov.me\/uprava-za-vode\">https:\/\/www.gov.me\/uprava-za-vode<\/a>.<\/p>\n<p>Tako\u0111e, Upravu za vode mo\u017eete pratiti na dru\u0161tvenim mre\u017eama putem profila na Facebooku <a href=\"https:\/\/www.facebook.com\/upravazavode\/\">https:\/\/www.facebook.com\/upravazavode\/<\/a> i Instagramu <a href=\"https:\/\/www.instagram.com\/upravazavode\/\">https:\/\/www.instagram.com\/upravazavode\/<\/a>, gdje \u0107e redovno dijeliti obavje\u0161tenja o foto konkursu ali i drugim aktuelnostima iz svoje nadle\u017enosti.<\/p>\n","protected":false},"excerpt":{"rendered":"<p>Uprava za vode Crne Gore raspisala je foto konkurs pod nazivom \u201cNajljep\u0161e vode Crne Gore: \u010cista voda, \u010dista umjetnost\u201d. Foto konkurs se realizuje u saradnji sa Evropskom ku\u0107om, uz podr\u0161ku projekta EU4ME \u2013 \u201ePodr\u0161ka Vladi Crne Gore u komuniciranju pristupa EU i EU podr\u0161ke Crnoj Gori\u201d. Pozivaju se svi zaljubljenici u fotografiju, prirodu i ekologiju [&hellip;]<\/p>\n","protected":false},"author":1,"featured_media":40285,"comment_status":"closed","ping_status":"closed","sticky":false,"template":"","format":"standard","meta":{"_acf_changed":false,"footnotes":""},"categories":[283,2,524],"tags":[],"class_list":["post-27399","post","type-post","status-publish","format-standard","has-post-thumbnail","hentry","category-novosti-me","category-uncategorized-me","category-vesti"],"acf":[],"yoast_head":"<!-- This site is optimized with the Yoast SEO plugin v27.3 - https:\/\/yoast.com\/product\/yoast-seo-wordpress\/ -->\n<title>Foto konkurs - Najljep\u0161e vode Crne Gore - Europe House<\/title>\n<meta name=\"robots\" content=\"index, follow, max-snippet:-1, max-image-preview:large, max-video-preview:-1\" \/>\n<link rel=\"canonical\" href=\"https:\/\/www.evropskakuca.me\/me\/foto-konkurs-najljepse-vode-crne-gore-cista-voda-cista-umjetnost\/\" \/>\n<meta property=\"og:locale\" content=\"en_US\" \/>\n<meta property=\"og:type\" content=\"article\" \/>\n<meta property=\"og:title\" content=\"Foto konkurs - Najljep\u0161e vode Crne Gore - Europe House\" \/>\n<meta property=\"og:description\" content=\"Uprava za vode Crne Gore raspisala je foto konkurs pod nazivom \u201cNajljep\u0161e vode Crne Gore: \u010cista voda, \u010dista umjetnost\u201d. Foto konkurs se realizuje u saradnji sa Evropskom ku\u0107om, uz podr\u0161ku projekta EU4ME \u2013 \u201ePodr\u0161ka Vladi Crne Gore u komuniciranju pristupa EU i EU podr\u0161ke Crnoj Gori\u201d. Pozivaju se svi zaljubljenici u fotografiju, prirodu i ekologiju [&hellip;]\" \/>\n<meta property=\"og:url\" content=\"https:\/\/www.evropskakuca.me\/me\/foto-konkurs-najljepse-vode-crne-gore-cista-voda-cista-umjetnost\/\" \/>\n<meta property=\"og:site_name\" content=\"Europe House\" \/>\n<meta property=\"article:publisher\" content=\"https:\/\/www.facebook.com\/evropska.kuca\" \/>\n<meta property=\"article:published_time\" content=\"2023-12-05T09:49:06+00:00\" \/>\n<meta property=\"article:modified_time\" content=\"2025-02-10T12:04:45+00:00\" \/>\n<meta property=\"og:image\" content=\"https:\/\/www.evropskakuca.me\/wp-content\/uploads\/2023\/12\/170170752531193.jpg\" \/>\n\t<meta property=\"og:image:width\" content=\"1080\" \/>\n\t<meta property=\"og:image:height\" content=\"1080\" \/>\n\t<meta property=\"og:image:type\" content=\"image\/jpeg\" \/>\n<meta name=\"author\" content=\"mkajic\" \/>\n<meta name=\"twitter:card\" content=\"summary_large_image\" \/>\n<meta name=\"twitter:creator\" content=\"@evropska_kuca\" \/>\n<meta name=\"twitter:site\" content=\"@evropska_kuca\" \/>\n<meta name=\"twitter:label1\" content=\"Written by\" \/>\n\t<meta name=\"twitter:data1\" content=\"mkajic\" \/>\n\t<meta name=\"twitter:label2\" content=\"Est. reading time\" \/>\n\t<meta name=\"twitter:data2\" content=\"2 minutes\" \/>\n<script type=\"application\/ld+json\" class=\"yoast-schema-graph\">{\"@context\":\"https:\\\/\\\/schema.org\",\"@graph\":[{\"@type\":\"Article\",\"@id\":\"https:\\\/\\\/www.evropskakuca.me\\\/me\\\/foto-konkurs-najljepse-vode-crne-gore-cista-voda-cista-umjetnost\\\/#article\",\"isPartOf\":{\"@id\":\"https:\\\/\\\/www.evropskakuca.me\\\/me\\\/foto-konkurs-najljepse-vode-crne-gore-cista-voda-cista-umjetnost\\\/\"},\"author\":{\"name\":\"mkajic\",\"@id\":\"https:\\\/\\\/www.evropskakuca.me\\\/me\\\/#\\\/schema\\\/person\\\/a1d0dcdaefe4a1cd1d60d200ea137ba4\"},\"headline\":\"Foto konkurs &#8211; Najljep\u0161e vode Crne Gore\",\"datePublished\":\"2023-12-05T09:49:06+00:00\",\"dateModified\":\"2025-02-10T12:04:45+00:00\",\"mainEntityOfPage\":{\"@id\":\"https:\\\/\\\/www.evropskakuca.me\\\/me\\\/foto-konkurs-najljepse-vode-crne-gore-cista-voda-cista-umjetnost\\\/\"},\"wordCount\":290,\"publisher\":{\"@id\":\"https:\\\/\\\/www.evropskakuca.me\\\/me\\\/#organization\"},\"image\":{\"@id\":\"https:\\\/\\\/www.evropskakuca.me\\\/me\\\/foto-konkurs-najljepse-vode-crne-gore-cista-voda-cista-umjetnost\\\/#primaryimage\"},\"thumbnailUrl\":\"https:\\\/\\\/www.evropskakuca.me\\\/wp-content\\\/uploads\\\/2023\\\/12\\\/170170752531193.jpg\",\"articleSection\":[\"Novosti\",\"Uncategorized @me\",\"Vesti\"],\"inLanguage\":\"me-ME\"},{\"@type\":\"WebPage\",\"@id\":\"https:\\\/\\\/www.evropskakuca.me\\\/me\\\/foto-konkurs-najljepse-vode-crne-gore-cista-voda-cista-umjetnost\\\/\",\"url\":\"https:\\\/\\\/www.evropskakuca.me\\\/me\\\/foto-konkurs-najljepse-vode-crne-gore-cista-voda-cista-umjetnost\\\/\",\"name\":\"Foto konkurs - Najljep\u0161e vode Crne Gore - Europe House\",\"isPartOf\":{\"@id\":\"https:\\\/\\\/www.evropskakuca.me\\\/me\\\/#website\"},\"primaryImageOfPage\":{\"@id\":\"https:\\\/\\\/www.evropskakuca.me\\\/me\\\/foto-konkurs-najljepse-vode-crne-gore-cista-voda-cista-umjetnost\\\/#primaryimage\"},\"image\":{\"@id\":\"https:\\\/\\\/www.evropskakuca.me\\\/me\\\/foto-konkurs-najljepse-vode-crne-gore-cista-voda-cista-umjetnost\\\/#primaryimage\"},\"thumbnailUrl\":\"https:\\\/\\\/www.evropskakuca.me\\\/wp-content\\\/uploads\\\/2023\\\/12\\\/170170752531193.jpg\",\"datePublished\":\"2023-12-05T09:49:06+00:00\",\"dateModified\":\"2025-02-10T12:04:45+00:00\",\"breadcrumb\":{\"@id\":\"https:\\\/\\\/www.evropskakuca.me\\\/me\\\/foto-konkurs-najljepse-vode-crne-gore-cista-voda-cista-umjetnost\\\/#breadcrumb\"},\"inLanguage\":\"me-ME\",\"potentialAction\":[{\"@type\":\"ReadAction\",\"target\":[\"https:\\\/\\\/www.evropskakuca.me\\\/me\\\/foto-konkurs-najljepse-vode-crne-gore-cista-voda-cista-umjetnost\\\/\"]}]},{\"@type\":\"ImageObject\",\"inLanguage\":\"me-ME\",\"@id\":\"https:\\\/\\\/www.evropskakuca.me\\\/me\\\/foto-konkurs-najljepse-vode-crne-gore-cista-voda-cista-umjetnost\\\/#primaryimage\",\"url\":\"https:\\\/\\\/www.evropskakuca.me\\\/wp-content\\\/uploads\\\/2023\\\/12\\\/170170752531193.jpg\",\"contentUrl\":\"https:\\\/\\\/www.evropskakuca.me\\\/wp-content\\\/uploads\\\/2023\\\/12\\\/170170752531193.jpg\",\"width\":1080,\"height\":1080},{\"@type\":\"BreadcrumbList\",\"@id\":\"https:\\\/\\\/www.evropskakuca.me\\\/me\\\/foto-konkurs-najljepse-vode-crne-gore-cista-voda-cista-umjetnost\\\/#breadcrumb\",\"itemListElement\":[{\"@type\":\"ListItem\",\"position\":1,\"name\":\"Home\",\"item\":\"https:\\\/\\\/www.evropskakuca.me\\\/me\\\/\"},{\"@type\":\"ListItem\",\"position\":2,\"name\":\"Foto konkurs &#8211; Najljep\u0161e vode Crne Gore\"}]},{\"@type\":\"WebSite\",\"@id\":\"https:\\\/\\\/www.evropskakuca.me\\\/me\\\/#website\",\"url\":\"https:\\\/\\\/www.evropskakuca.me\\\/me\\\/\",\"name\":\"Evropean house\",\"description\":\"\",\"publisher\":{\"@id\":\"https:\\\/\\\/www.evropskakuca.me\\\/me\\\/#organization\"},\"potentialAction\":[{\"@type\":\"SearchAction\",\"target\":{\"@type\":\"EntryPoint\",\"urlTemplate\":\"https:\\\/\\\/www.evropskakuca.me\\\/me\\\/?s={search_term_string}\"},\"query-input\":{\"@type\":\"PropertyValueSpecification\",\"valueRequired\":true,\"valueName\":\"search_term_string\"}}],\"inLanguage\":\"me-ME\"},{\"@type\":\"Organization\",\"@id\":\"https:\\\/\\\/www.evropskakuca.me\\\/me\\\/#organization\",\"name\":\"Evropean house\",\"url\":\"https:\\\/\\\/www.evropskakuca.me\\\/me\\\/\",\"logo\":{\"@type\":\"ImageObject\",\"inLanguage\":\"me-ME\",\"@id\":\"https:\\\/\\\/www.evropskakuca.me\\\/me\\\/#\\\/schema\\\/logo\\\/image\\\/\",\"url\":\"https:\\\/\\\/www.evropskakuca.me\\\/wp-content\\\/uploads\\\/2025\\\/01\\\/evropska-kuca-logo-1.png\",\"contentUrl\":\"https:\\\/\\\/www.evropskakuca.me\\\/wp-content\\\/uploads\\\/2025\\\/01\\\/evropska-kuca-logo-1.png\",\"width\":425,\"height\":312,\"caption\":\"Evropean house\"},\"image\":{\"@id\":\"https:\\\/\\\/www.evropskakuca.me\\\/me\\\/#\\\/schema\\\/logo\\\/image\\\/\"},\"sameAs\":[\"https:\\\/\\\/www.facebook.com\\\/evropska.kuca\",\"https:\\\/\\\/x.com\\\/evropska_kuca\",\"https:\\\/\\\/www.instagram.com\\\/evropska_kuca\"]},{\"@type\":\"Person\",\"@id\":\"https:\\\/\\\/www.evropskakuca.me\\\/me\\\/#\\\/schema\\\/person\\\/a1d0dcdaefe4a1cd1d60d200ea137ba4\",\"name\":\"mkajic\",\"image\":{\"@type\":\"ImageObject\",\"inLanguage\":\"me-ME\",\"@id\":\"https:\\\/\\\/secure.gravatar.com\\\/avatar\\\/731fa035cefab7316e6bafd1f25a93fb731a07de14e2d9923f8db4422628eabc?s=96&d=mm&r=g\",\"url\":\"https:\\\/\\\/secure.gravatar.com\\\/avatar\\\/731fa035cefab7316e6bafd1f25a93fb731a07de14e2d9923f8db4422628eabc?s=96&d=mm&r=g\",\"contentUrl\":\"https:\\\/\\\/secure.gravatar.com\\\/avatar\\\/731fa035cefab7316e6bafd1f25a93fb731a07de14e2d9923f8db4422628eabc?s=96&d=mm&r=g\",\"caption\":\"mkajic\"},\"sameAs\":[\"https:\\\/\\\/evropskakuca.me\"],\"url\":\"https:\\\/\\\/www.evropskakuca.me\\\/me\\\/author\\\/mkajic\\\/\"}]}<\/script>\n<!-- \/ Yoast SEO plugin. -->","yoast_head_json":{"title":"Foto konkurs - Najljep\u0161e vode Crne Gore - Europe House","robots":{"index":"index","follow":"follow","max-snippet":"max-snippet:-1","max-image-preview":"max-image-preview:large","max-video-preview":"max-video-preview:-1"},"canonical":"https:\/\/www.evropskakuca.me\/me\/foto-konkurs-najljepse-vode-crne-gore-cista-voda-cista-umjetnost\/","og_locale":"en_US","og_type":"article","og_title":"Foto konkurs - Najljep\u0161e vode Crne Gore - Europe House","og_description":"Uprava za vode Crne Gore raspisala je foto konkurs pod nazivom \u201cNajljep\u0161e vode Crne Gore: \u010cista voda, \u010dista umjetnost\u201d. Foto konkurs se realizuje u saradnji sa Evropskom ku\u0107om, uz podr\u0161ku projekta EU4ME \u2013 \u201ePodr\u0161ka Vladi Crne Gore u komuniciranju pristupa EU i EU podr\u0161ke Crnoj Gori\u201d. Pozivaju se svi zaljubljenici u fotografiju, prirodu i ekologiju [&hellip;]","og_url":"https:\/\/www.evropskakuca.me\/me\/foto-konkurs-najljepse-vode-crne-gore-cista-voda-cista-umjetnost\/","og_site_name":"Europe House","article_publisher":"https:\/\/www.facebook.com\/evropska.kuca","article_published_time":"2023-12-05T09:49:06+00:00","article_modified_time":"2025-02-10T12:04:45+00:00","og_image":[{"width":1080,"height":1080,"url":"https:\/\/www.evropskakuca.me\/wp-content\/uploads\/2023\/12\/170170752531193.jpg","type":"image\/jpeg"}],"author":"mkajic","twitter_card":"summary_large_image","twitter_creator":"@evropska_kuca","twitter_site":"@evropska_kuca","twitter_misc":{"Written by":"mkajic","Est. reading time":"2 minutes"},"schema":{"@context":"https:\/\/schema.org","@graph":[{"@type":"Article","@id":"https:\/\/www.evropskakuca.me\/me\/foto-konkurs-najljepse-vode-crne-gore-cista-voda-cista-umjetnost\/#article","isPartOf":{"@id":"https:\/\/www.evropskakuca.me\/me\/foto-konkurs-najljepse-vode-crne-gore-cista-voda-cista-umjetnost\/"},"author":{"name":"mkajic","@id":"https:\/\/www.evropskakuca.me\/me\/#\/schema\/person\/a1d0dcdaefe4a1cd1d60d200ea137ba4"},"headline":"Foto konkurs &#8211; Najljep\u0161e vode Crne Gore","datePublished":"2023-12-05T09:49:06+00:00","dateModified":"2025-02-10T12:04:45+00:00","mainEntityOfPage":{"@id":"https:\/\/www.evropskakuca.me\/me\/foto-konkurs-najljepse-vode-crne-gore-cista-voda-cista-umjetnost\/"},"wordCount":290,"publisher":{"@id":"https:\/\/www.evropskakuca.me\/me\/#organization"},"image":{"@id":"https:\/\/www.evropskakuca.me\/me\/foto-konkurs-najljepse-vode-crne-gore-cista-voda-cista-umjetnost\/#primaryimage"},"thumbnailUrl":"https:\/\/www.evropskakuca.me\/wp-content\/uploads\/2023\/12\/170170752531193.jpg","articleSection":["Novosti","Uncategorized @me","Vesti"],"inLanguage":"me-ME"},{"@type":"WebPage","@id":"https:\/\/www.evropskakuca.me\/me\/foto-konkurs-najljepse-vode-crne-gore-cista-voda-cista-umjetnost\/","url":"https:\/\/www.evropskakuca.me\/me\/foto-konkurs-najljepse-vode-crne-gore-cista-voda-cista-umjetnost\/","name":"Foto konkurs - Najljep\u0161e vode Crne Gore - Europe House","isPartOf":{"@id":"https:\/\/www.evropskakuca.me\/me\/#website"},"primaryImageOfPage":{"@id":"https:\/\/www.evropskakuca.me\/me\/foto-konkurs-najljepse-vode-crne-gore-cista-voda-cista-umjetnost\/#primaryimage"},"image":{"@id":"https:\/\/www.evropskakuca.me\/me\/foto-konkurs-najljepse-vode-crne-gore-cista-voda-cista-umjetnost\/#primaryimage"},"thumbnailUrl":"https:\/\/www.evropskakuca.me\/wp-content\/uploads\/2023\/12\/170170752531193.jpg","datePublished":"2023-12-05T09:49:06+00:00","dateModified":"2025-02-10T12:04:45+00:00","breadcrumb":{"@id":"https:\/\/www.evropskakuca.me\/me\/foto-konkurs-najljepse-vode-crne-gore-cista-voda-cista-umjetnost\/#breadcrumb"},"inLanguage":"me-ME","potentialAction":[{"@type":"ReadAction","target":["https:\/\/www.evropskakuca.me\/me\/foto-konkurs-najljepse-vode-crne-gore-cista-voda-cista-umjetnost\/"]}]},{"@type":"ImageObject","inLanguage":"me-ME","@id":"https:\/\/www.evropskakuca.me\/me\/foto-konkurs-najljepse-vode-crne-gore-cista-voda-cista-umjetnost\/#primaryimage","url":"https:\/\/www.evropskakuca.me\/wp-content\/uploads\/2023\/12\/170170752531193.jpg","contentUrl":"https:\/\/www.evropskakuca.me\/wp-content\/uploads\/2023\/12\/170170752531193.jpg","width":1080,"height":1080},{"@type":"BreadcrumbList","@id":"https:\/\/www.evropskakuca.me\/me\/foto-konkurs-najljepse-vode-crne-gore-cista-voda-cista-umjetnost\/#breadcrumb","itemListElement":[{"@type":"ListItem","position":1,"name":"Home","item":"https:\/\/www.evropskakuca.me\/me\/"},{"@type":"ListItem","position":2,"name":"Foto konkurs &#8211; Najljep\u0161e vode Crne Gore"}]},{"@type":"WebSite","@id":"https:\/\/www.evropskakuca.me\/me\/#website","url":"https:\/\/www.evropskakuca.me\/me\/","name":"Evropean house","description":"","publisher":{"@id":"https:\/\/www.evropskakuca.me\/me\/#organization"},"potentialAction":[{"@type":"SearchAction","target":{"@type":"EntryPoint","urlTemplate":"https:\/\/www.evropskakuca.me\/me\/?s={search_term_string}"},"query-input":{"@type":"PropertyValueSpecification","valueRequired":true,"valueName":"search_term_string"}}],"inLanguage":"me-ME"},{"@type":"Organization","@id":"https:\/\/www.evropskakuca.me\/me\/#organization","name":"Evropean house","url":"https:\/\/www.evropskakuca.me\/me\/","logo":{"@type":"ImageObject","inLanguage":"me-ME","@id":"https:\/\/www.evropskakuca.me\/me\/#\/schema\/logo\/image\/","url":"https:\/\/www.evropskakuca.me\/wp-content\/uploads\/2025\/01\/evropska-kuca-logo-1.png","contentUrl":"https:\/\/www.evropskakuca.me\/wp-content\/uploads\/2025\/01\/evropska-kuca-logo-1.png","width":425,"height":312,"caption":"Evropean house"},"image":{"@id":"https:\/\/www.evropskakuca.me\/me\/#\/schema\/logo\/image\/"},"sameAs":["https:\/\/www.facebook.com\/evropska.kuca","https:\/\/x.com\/evropska_kuca","https:\/\/www.instagram.com\/evropska_kuca"]},{"@type":"Person","@id":"https:\/\/www.evropskakuca.me\/me\/#\/schema\/person\/a1d0dcdaefe4a1cd1d60d200ea137ba4","name":"mkajic","image":{"@type":"ImageObject","inLanguage":"me-ME","@id":"https:\/\/secure.gravatar.com\/avatar\/731fa035cefab7316e6bafd1f25a93fb731a07de14e2d9923f8db4422628eabc?s=96&d=mm&r=g","url":"https:\/\/secure.gravatar.com\/avatar\/731fa035cefab7316e6bafd1f25a93fb731a07de14e2d9923f8db4422628eabc?s=96&d=mm&r=g","contentUrl":"https:\/\/secure.gravatar.com\/avatar\/731fa035cefab7316e6bafd1f25a93fb731a07de14e2d9923f8db4422628eabc?s=96&d=mm&r=g","caption":"mkajic"},"sameAs":["https:\/\/evropskakuca.me"],"url":"https:\/\/www.evropskakuca.me\/me\/author\/mkajic\/"}]}},"_links":{"self":[{"href":"https:\/\/www.evropskakuca.me\/me\/wp-json\/wp\/v2\/posts\/27399","targetHints":{"allow":["GET"]}}],"collection":[{"href":"https:\/\/www.evropskakuca.me\/me\/wp-json\/wp\/v2\/posts"}],"about":[{"href":"https:\/\/www.evropskakuca.me\/me\/wp-json\/wp\/v2\/types\/post"}],"author":[{"embeddable":true,"href":"https:\/\/www.evropskakuca.me\/me\/wp-json\/wp\/v2\/users\/1"}],"replies":[{"embeddable":true,"href":"https:\/\/www.evropskakuca.me\/me\/wp-json\/wp\/v2\/comments?post=27399"}],"version-history":[{"count":1,"href":"https:\/\/www.evropskakuca.me\/me\/wp-json\/wp\/v2\/posts\/27399\/revisions"}],"predecessor-version":[{"id":43028,"href":"https:\/\/www.evropskakuca.me\/me\/wp-json\/wp\/v2\/posts\/27399\/revisions\/43028"}],"wp:featuredmedia":[{"embeddable":true,"href":"https:\/\/www.evropskakuca.me\/me\/wp-json\/wp\/v2\/media\/40285"}],"wp:attachment":[{"href":"https:\/\/www.evropskakuca.me\/me\/wp-json\/wp\/v2\/media?parent=27399"}],"wp:term":[{"taxonomy":"category","embeddable":true,"href":"https:\/\/www.evropskakuca.me\/me\/wp-json\/wp\/v2\/categories?post=27399"},{"taxonomy":"post_tag","embeddable":true,"href":"https:\/\/www.evropskakuca.me\/me\/wp-json\/wp\/v2\/tags?post=27399"}],"curies":[{"name":"wp","href":"https:\/\/api.w.org\/{rel}","templated":true}]}}