{"id":27381,"date":"2023-12-04T12:02:57","date_gmt":"2023-12-04T12:02:57","guid":{"rendered":"https:\/\/evropskakuca.me\/?p=27381"},"modified":"2023-12-04T12:02:57","modified_gmt":"2023-12-04T12:02:57","slug":"prava-na-dlanu-opet-se-igramo-i-ucimo-zajedno","status":"publish","type":"post","link":"https:\/\/www.evropskakuca.me\/me\/prava-na-dlanu-opet-se-igramo-i-ucimo-zajedno\/","title":{"rendered":"Prava na dlanu &#8211; Opet se igramo i u\u010dimo zajedno!"},"content":{"rendered":"<p>Vrijeme je za u\u010denje i igru! I ove godine smo u susret Me\u0111unarodnom danu ljudskih prava pokrenuli online igru \u201eLjudska prava na dlanu\u201c, dostupnu na sajtu <a href=\"https:\/\/www.pravanadlanu.me.\/\">www.pravanadlanu.me.<\/a> Uvjereni da bolje poznavanje ljudskih prava doprinosi njihovom ve\u0107em po\u0161tovanju, ovo izdanje online igre \u201eLjudska prava na dlanu\u201c organizovali smo kao dio ukupnog programa obilje\u017eavanja Me\u0111unarodnog dana ljudskih prava, u \u010dijoj organizaciji pored Delegacije EU u Crnoj Gori i Evropske ku\u0107e, u\u010destvuju NVO Gra\u0111anska Alijansa, Za\u0161titnik\u00a0 ljudskih prava i sloboda Crne Gore kao i\u00a0 Kancelarija Savjeta Evrope u Podgorici.<\/p>\n<p><img fetchpriority=\"high\" decoding=\"async\" class=\"alignnone size-large wp-image-27382\" src=\"https:\/\/evropskakuca.me\/wp-content\/uploads\/2023\/12\/viber_slika_2023-12-04_12-41-38-680-1024x1024.jpg\" alt=\"\" width=\"1024\" height=\"1024\" \/><\/p>\n<p>Cilj onlajn igre je da se igra\u010di upoznaju sa konceptom ljudskih prava, li\u010dnostima koje su dale zna\u010dajan doprinos njihovom ve\u0107em po\u0161tovanju, kao i radom va\u017enih institiucija u ovoj oblasti. Uz igru i u\u010denje, mo\u017eete da osvojite vrijedne nagrade. Pobjednike \u0107emo proglasiti na Me\u0111unarodni dan ljudskih prava, 10. decebra.<\/p>\n<p>Svi koji osvoje 50 i vi\u0161e bodova kvalifikuju se za nagradu.<\/p>\n","protected":false},"excerpt":{"rendered":"<p>Vrijeme je za u\u010denje i igru! I ove godine smo u susret Me\u0111unarodnom danu ljudskih prava pokrenuli online igru \u201eLjudska prava na dlanu\u201c, dostupnu na sajtu www.pravanadlanu.me. Uvjereni da bolje poznavanje ljudskih prava doprinosi njihovom ve\u0107em po\u0161tovanju, ovo izdanje online igre \u201eLjudska prava na dlanu\u201c organizovali smo kao dio ukupnog programa obilje\u017eavanja Me\u0111unarodnog dana ljudskih [&hellip;]<\/p>\n","protected":false},"author":1,"featured_media":40475,"comment_status":"closed","ping_status":"closed","sticky":false,"template":"","format":"standard","meta":{"_acf_changed":false,"footnotes":""},"categories":[],"tags":[],"class_list":["post-27381","post","type-post","status-publish","format-standard","has-post-thumbnail","hentry"],"acf":[],"yoast_head":"<!-- This site is optimized with the Yoast SEO plugin v27.3 - https:\/\/yoast.com\/product\/yoast-seo-wordpress\/ -->\n<title>Prava na dlanu - Opet se igramo i u\u010dimo zajedno! - Europe House<\/title>\n<meta name=\"robots\" content=\"index, follow, max-snippet:-1, max-image-preview:large, max-video-preview:-1\" \/>\n<link rel=\"canonical\" href=\"https:\/\/www.evropskakuca.me\/me\/prava-na-dlanu-opet-se-igramo-i-ucimo-zajedno\/\" \/>\n<meta property=\"og:locale\" content=\"en_US\" \/>\n<meta property=\"og:type\" content=\"article\" \/>\n<meta property=\"og:title\" content=\"Prava na dlanu - Opet se igramo i u\u010dimo zajedno! - Europe House\" \/>\n<meta property=\"og:description\" content=\"Vrijeme je za u\u010denje i igru! I ove godine smo u susret Me\u0111unarodnom danu ljudskih prava pokrenuli online igru \u201eLjudska prava na dlanu\u201c, dostupnu na sajtu www.pravanadlanu.me. Uvjereni da bolje poznavanje ljudskih prava doprinosi njihovom ve\u0107em po\u0161tovanju, ovo izdanje online igre \u201eLjudska prava na dlanu\u201c organizovali smo kao dio ukupnog programa obilje\u017eavanja Me\u0111unarodnog dana ljudskih [&hellip;]\" \/>\n<meta property=\"og:url\" content=\"https:\/\/www.evropskakuca.me\/me\/prava-na-dlanu-opet-se-igramo-i-ucimo-zajedno\/\" \/>\n<meta property=\"og:site_name\" content=\"Europe House\" \/>\n<meta property=\"article:publisher\" content=\"https:\/\/www.facebook.com\/evropska.kuca\" \/>\n<meta property=\"article:published_time\" content=\"2023-12-04T12:02:57+00:00\" \/>\n<meta property=\"og:image\" content=\"https:\/\/www.evropskakuca.me\/wp-content\/uploads\/2023\/12\/viber_slika_2023-12-04_12-41-38-680.jpg\" \/>\n\t<meta property=\"og:image:width\" content=\"1080\" \/>\n\t<meta property=\"og:image:height\" content=\"1080\" \/>\n\t<meta property=\"og:image:type\" content=\"image\/jpeg\" \/>\n<meta name=\"author\" content=\"mkajic\" \/>\n<meta name=\"twitter:card\" content=\"summary_large_image\" \/>\n<meta name=\"twitter:creator\" content=\"@evropska_kuca\" \/>\n<meta name=\"twitter:site\" content=\"@evropska_kuca\" \/>\n<meta name=\"twitter:label1\" content=\"Written by\" \/>\n\t<meta name=\"twitter:data1\" content=\"mkajic\" \/>\n\t<meta name=\"twitter:label2\" content=\"Est. reading time\" \/>\n\t<meta name=\"twitter:data2\" content=\"1 minute\" \/>\n<script type=\"application\/ld+json\" class=\"yoast-schema-graph\">{\"@context\":\"https:\\\/\\\/schema.org\",\"@graph\":[{\"@type\":\"Article\",\"@id\":\"https:\\\/\\\/www.evropskakuca.me\\\/me\\\/prava-na-dlanu-opet-se-igramo-i-ucimo-zajedno\\\/#article\",\"isPartOf\":{\"@id\":\"https:\\\/\\\/www.evropskakuca.me\\\/me\\\/prava-na-dlanu-opet-se-igramo-i-ucimo-zajedno\\\/\"},\"author\":{\"name\":\"mkajic\",\"@id\":\"https:\\\/\\\/www.evropskakuca.me\\\/me\\\/#\\\/schema\\\/person\\\/a1d0dcdaefe4a1cd1d60d200ea137ba4\"},\"headline\":\"Prava na dlanu &#8211; Opet se igramo i u\u010dimo zajedno!\",\"datePublished\":\"2023-12-04T12:02:57+00:00\",\"mainEntityOfPage\":{\"@id\":\"https:\\\/\\\/www.evropskakuca.me\\\/me\\\/prava-na-dlanu-opet-se-igramo-i-ucimo-zajedno\\\/\"},\"wordCount\":176,\"publisher\":{\"@id\":\"https:\\\/\\\/www.evropskakuca.me\\\/me\\\/#organization\"},\"image\":{\"@id\":\"https:\\\/\\\/www.evropskakuca.me\\\/me\\\/prava-na-dlanu-opet-se-igramo-i-ucimo-zajedno\\\/#primaryimage\"},\"thumbnailUrl\":\"https:\\\/\\\/www.evropskakuca.me\\\/wp-content\\\/uploads\\\/2023\\\/12\\\/viber_slika_2023-12-04_12-41-38-680.jpg\",\"inLanguage\":\"me-ME\"},{\"@type\":\"WebPage\",\"@id\":\"https:\\\/\\\/www.evropskakuca.me\\\/me\\\/prava-na-dlanu-opet-se-igramo-i-ucimo-zajedno\\\/\",\"url\":\"https:\\\/\\\/www.evropskakuca.me\\\/me\\\/prava-na-dlanu-opet-se-igramo-i-ucimo-zajedno\\\/\",\"name\":\"Prava na dlanu - Opet se igramo i u\u010dimo zajedno! - Europe House\",\"isPartOf\":{\"@id\":\"https:\\\/\\\/www.evropskakuca.me\\\/me\\\/#website\"},\"primaryImageOfPage\":{\"@id\":\"https:\\\/\\\/www.evropskakuca.me\\\/me\\\/prava-na-dlanu-opet-se-igramo-i-ucimo-zajedno\\\/#primaryimage\"},\"image\":{\"@id\":\"https:\\\/\\\/www.evropskakuca.me\\\/me\\\/prava-na-dlanu-opet-se-igramo-i-ucimo-zajedno\\\/#primaryimage\"},\"thumbnailUrl\":\"https:\\\/\\\/www.evropskakuca.me\\\/wp-content\\\/uploads\\\/2023\\\/12\\\/viber_slika_2023-12-04_12-41-38-680.jpg\",\"datePublished\":\"2023-12-04T12:02:57+00:00\",\"breadcrumb\":{\"@id\":\"https:\\\/\\\/www.evropskakuca.me\\\/me\\\/prava-na-dlanu-opet-se-igramo-i-ucimo-zajedno\\\/#breadcrumb\"},\"inLanguage\":\"me-ME\",\"potentialAction\":[{\"@type\":\"ReadAction\",\"target\":[\"https:\\\/\\\/www.evropskakuca.me\\\/me\\\/prava-na-dlanu-opet-se-igramo-i-ucimo-zajedno\\\/\"]}]},{\"@type\":\"ImageObject\",\"inLanguage\":\"me-ME\",\"@id\":\"https:\\\/\\\/www.evropskakuca.me\\\/me\\\/prava-na-dlanu-opet-se-igramo-i-ucimo-zajedno\\\/#primaryimage\",\"url\":\"https:\\\/\\\/www.evropskakuca.me\\\/wp-content\\\/uploads\\\/2023\\\/12\\\/viber_slika_2023-12-04_12-41-38-680.jpg\",\"contentUrl\":\"https:\\\/\\\/www.evropskakuca.me\\\/wp-content\\\/uploads\\\/2023\\\/12\\\/viber_slika_2023-12-04_12-41-38-680.jpg\",\"width\":1080,\"height\":1080},{\"@type\":\"BreadcrumbList\",\"@id\":\"https:\\\/\\\/www.evropskakuca.me\\\/me\\\/prava-na-dlanu-opet-se-igramo-i-ucimo-zajedno\\\/#breadcrumb\",\"itemListElement\":[{\"@type\":\"ListItem\",\"position\":1,\"name\":\"Home\",\"item\":\"https:\\\/\\\/www.evropskakuca.me\\\/me\\\/\"},{\"@type\":\"ListItem\",\"position\":2,\"name\":\"Prava na dlanu &#8211; Opet se igramo i u\u010dimo zajedno!\"}]},{\"@type\":\"WebSite\",\"@id\":\"https:\\\/\\\/www.evropskakuca.me\\\/me\\\/#website\",\"url\":\"https:\\\/\\\/www.evropskakuca.me\\\/me\\\/\",\"name\":\"Evropean house\",\"description\":\"\",\"publisher\":{\"@id\":\"https:\\\/\\\/www.evropskakuca.me\\\/me\\\/#organization\"},\"potentialAction\":[{\"@type\":\"SearchAction\",\"target\":{\"@type\":\"EntryPoint\",\"urlTemplate\":\"https:\\\/\\\/www.evropskakuca.me\\\/me\\\/?s={search_term_string}\"},\"query-input\":{\"@type\":\"PropertyValueSpecification\",\"valueRequired\":true,\"valueName\":\"search_term_string\"}}],\"inLanguage\":\"me-ME\"},{\"@type\":\"Organization\",\"@id\":\"https:\\\/\\\/www.evropskakuca.me\\\/me\\\/#organization\",\"name\":\"Evropean house\",\"url\":\"https:\\\/\\\/www.evropskakuca.me\\\/me\\\/\",\"logo\":{\"@type\":\"ImageObject\",\"inLanguage\":\"me-ME\",\"@id\":\"https:\\\/\\\/www.evropskakuca.me\\\/me\\\/#\\\/schema\\\/logo\\\/image\\\/\",\"url\":\"https:\\\/\\\/www.evropskakuca.me\\\/wp-content\\\/uploads\\\/2025\\\/01\\\/evropska-kuca-logo-1.png\",\"contentUrl\":\"https:\\\/\\\/www.evropskakuca.me\\\/wp-content\\\/uploads\\\/2025\\\/01\\\/evropska-kuca-logo-1.png\",\"width\":425,\"height\":312,\"caption\":\"Evropean house\"},\"image\":{\"@id\":\"https:\\\/\\\/www.evropskakuca.me\\\/me\\\/#\\\/schema\\\/logo\\\/image\\\/\"},\"sameAs\":[\"https:\\\/\\\/www.facebook.com\\\/evropska.kuca\",\"https:\\\/\\\/x.com\\\/evropska_kuca\",\"https:\\\/\\\/www.instagram.com\\\/evropska_kuca\"]},{\"@type\":\"Person\",\"@id\":\"https:\\\/\\\/www.evropskakuca.me\\\/me\\\/#\\\/schema\\\/person\\\/a1d0dcdaefe4a1cd1d60d200ea137ba4\",\"name\":\"mkajic\",\"image\":{\"@type\":\"ImageObject\",\"inLanguage\":\"me-ME\",\"@id\":\"https:\\\/\\\/secure.gravatar.com\\\/avatar\\\/731fa035cefab7316e6bafd1f25a93fb731a07de14e2d9923f8db4422628eabc?s=96&d=mm&r=g\",\"url\":\"https:\\\/\\\/secure.gravatar.com\\\/avatar\\\/731fa035cefab7316e6bafd1f25a93fb731a07de14e2d9923f8db4422628eabc?s=96&d=mm&r=g\",\"contentUrl\":\"https:\\\/\\\/secure.gravatar.com\\\/avatar\\\/731fa035cefab7316e6bafd1f25a93fb731a07de14e2d9923f8db4422628eabc?s=96&d=mm&r=g\",\"caption\":\"mkajic\"},\"sameAs\":[\"https:\\\/\\\/evropskakuca.me\"],\"url\":\"https:\\\/\\\/www.evropskakuca.me\\\/me\\\/author\\\/mkajic\\\/\"}]}<\/script>\n<!-- \/ Yoast SEO plugin. -->","yoast_head_json":{"title":"Prava na dlanu - Opet se igramo i u\u010dimo zajedno! - Europe House","robots":{"index":"index","follow":"follow","max-snippet":"max-snippet:-1","max-image-preview":"max-image-preview:large","max-video-preview":"max-video-preview:-1"},"canonical":"https:\/\/www.evropskakuca.me\/me\/prava-na-dlanu-opet-se-igramo-i-ucimo-zajedno\/","og_locale":"en_US","og_type":"article","og_title":"Prava na dlanu - Opet se igramo i u\u010dimo zajedno! - Europe House","og_description":"Vrijeme je za u\u010denje i igru! I ove godine smo u susret Me\u0111unarodnom danu ljudskih prava pokrenuli online igru \u201eLjudska prava na dlanu\u201c, dostupnu na sajtu www.pravanadlanu.me. Uvjereni da bolje poznavanje ljudskih prava doprinosi njihovom ve\u0107em po\u0161tovanju, ovo izdanje online igre \u201eLjudska prava na dlanu\u201c organizovali smo kao dio ukupnog programa obilje\u017eavanja Me\u0111unarodnog dana ljudskih [&hellip;]","og_url":"https:\/\/www.evropskakuca.me\/me\/prava-na-dlanu-opet-se-igramo-i-ucimo-zajedno\/","og_site_name":"Europe House","article_publisher":"https:\/\/www.facebook.com\/evropska.kuca","article_published_time":"2023-12-04T12:02:57+00:00","og_image":[{"width":1080,"height":1080,"url":"https:\/\/www.evropskakuca.me\/wp-content\/uploads\/2023\/12\/viber_slika_2023-12-04_12-41-38-680.jpg","type":"image\/jpeg"}],"author":"mkajic","twitter_card":"summary_large_image","twitter_creator":"@evropska_kuca","twitter_site":"@evropska_kuca","twitter_misc":{"Written by":"mkajic","Est. reading time":"1 minute"},"schema":{"@context":"https:\/\/schema.org","@graph":[{"@type":"Article","@id":"https:\/\/www.evropskakuca.me\/me\/prava-na-dlanu-opet-se-igramo-i-ucimo-zajedno\/#article","isPartOf":{"@id":"https:\/\/www.evropskakuca.me\/me\/prava-na-dlanu-opet-se-igramo-i-ucimo-zajedno\/"},"author":{"name":"mkajic","@id":"https:\/\/www.evropskakuca.me\/me\/#\/schema\/person\/a1d0dcdaefe4a1cd1d60d200ea137ba4"},"headline":"Prava na dlanu &#8211; Opet se igramo i u\u010dimo zajedno!","datePublished":"2023-12-04T12:02:57+00:00","mainEntityOfPage":{"@id":"https:\/\/www.evropskakuca.me\/me\/prava-na-dlanu-opet-se-igramo-i-ucimo-zajedno\/"},"wordCount":176,"publisher":{"@id":"https:\/\/www.evropskakuca.me\/me\/#organization"},"image":{"@id":"https:\/\/www.evropskakuca.me\/me\/prava-na-dlanu-opet-se-igramo-i-ucimo-zajedno\/#primaryimage"},"thumbnailUrl":"https:\/\/www.evropskakuca.me\/wp-content\/uploads\/2023\/12\/viber_slika_2023-12-04_12-41-38-680.jpg","inLanguage":"me-ME"},{"@type":"WebPage","@id":"https:\/\/www.evropskakuca.me\/me\/prava-na-dlanu-opet-se-igramo-i-ucimo-zajedno\/","url":"https:\/\/www.evropskakuca.me\/me\/prava-na-dlanu-opet-se-igramo-i-ucimo-zajedno\/","name":"Prava na dlanu - Opet se igramo i u\u010dimo zajedno! - Europe House","isPartOf":{"@id":"https:\/\/www.evropskakuca.me\/me\/#website"},"primaryImageOfPage":{"@id":"https:\/\/www.evropskakuca.me\/me\/prava-na-dlanu-opet-se-igramo-i-ucimo-zajedno\/#primaryimage"},"image":{"@id":"https:\/\/www.evropskakuca.me\/me\/prava-na-dlanu-opet-se-igramo-i-ucimo-zajedno\/#primaryimage"},"thumbnailUrl":"https:\/\/www.evropskakuca.me\/wp-content\/uploads\/2023\/12\/viber_slika_2023-12-04_12-41-38-680.jpg","datePublished":"2023-12-04T12:02:57+00:00","breadcrumb":{"@id":"https:\/\/www.evropskakuca.me\/me\/prava-na-dlanu-opet-se-igramo-i-ucimo-zajedno\/#breadcrumb"},"inLanguage":"me-ME","potentialAction":[{"@type":"ReadAction","target":["https:\/\/www.evropskakuca.me\/me\/prava-na-dlanu-opet-se-igramo-i-ucimo-zajedno\/"]}]},{"@type":"ImageObject","inLanguage":"me-ME","@id":"https:\/\/www.evropskakuca.me\/me\/prava-na-dlanu-opet-se-igramo-i-ucimo-zajedno\/#primaryimage","url":"https:\/\/www.evropskakuca.me\/wp-content\/uploads\/2023\/12\/viber_slika_2023-12-04_12-41-38-680.jpg","contentUrl":"https:\/\/www.evropskakuca.me\/wp-content\/uploads\/2023\/12\/viber_slika_2023-12-04_12-41-38-680.jpg","width":1080,"height":1080},{"@type":"BreadcrumbList","@id":"https:\/\/www.evropskakuca.me\/me\/prava-na-dlanu-opet-se-igramo-i-ucimo-zajedno\/#breadcrumb","itemListElement":[{"@type":"ListItem","position":1,"name":"Home","item":"https:\/\/www.evropskakuca.me\/me\/"},{"@type":"ListItem","position":2,"name":"Prava na dlanu &#8211; Opet se igramo i u\u010dimo zajedno!"}]},{"@type":"WebSite","@id":"https:\/\/www.evropskakuca.me\/me\/#website","url":"https:\/\/www.evropskakuca.me\/me\/","name":"Evropean house","description":"","publisher":{"@id":"https:\/\/www.evropskakuca.me\/me\/#organization"},"potentialAction":[{"@type":"SearchAction","target":{"@type":"EntryPoint","urlTemplate":"https:\/\/www.evropskakuca.me\/me\/?s={search_term_string}"},"query-input":{"@type":"PropertyValueSpecification","valueRequired":true,"valueName":"search_term_string"}}],"inLanguage":"me-ME"},{"@type":"Organization","@id":"https:\/\/www.evropskakuca.me\/me\/#organization","name":"Evropean house","url":"https:\/\/www.evropskakuca.me\/me\/","logo":{"@type":"ImageObject","inLanguage":"me-ME","@id":"https:\/\/www.evropskakuca.me\/me\/#\/schema\/logo\/image\/","url":"https:\/\/www.evropskakuca.me\/wp-content\/uploads\/2025\/01\/evropska-kuca-logo-1.png","contentUrl":"https:\/\/www.evropskakuca.me\/wp-content\/uploads\/2025\/01\/evropska-kuca-logo-1.png","width":425,"height":312,"caption":"Evropean house"},"image":{"@id":"https:\/\/www.evropskakuca.me\/me\/#\/schema\/logo\/image\/"},"sameAs":["https:\/\/www.facebook.com\/evropska.kuca","https:\/\/x.com\/evropska_kuca","https:\/\/www.instagram.com\/evropska_kuca"]},{"@type":"Person","@id":"https:\/\/www.evropskakuca.me\/me\/#\/schema\/person\/a1d0dcdaefe4a1cd1d60d200ea137ba4","name":"mkajic","image":{"@type":"ImageObject","inLanguage":"me-ME","@id":"https:\/\/secure.gravatar.com\/avatar\/731fa035cefab7316e6bafd1f25a93fb731a07de14e2d9923f8db4422628eabc?s=96&d=mm&r=g","url":"https:\/\/secure.gravatar.com\/avatar\/731fa035cefab7316e6bafd1f25a93fb731a07de14e2d9923f8db4422628eabc?s=96&d=mm&r=g","contentUrl":"https:\/\/secure.gravatar.com\/avatar\/731fa035cefab7316e6bafd1f25a93fb731a07de14e2d9923f8db4422628eabc?s=96&d=mm&r=g","caption":"mkajic"},"sameAs":["https:\/\/evropskakuca.me"],"url":"https:\/\/www.evropskakuca.me\/me\/author\/mkajic\/"}]}},"_links":{"self":[{"href":"https:\/\/www.evropskakuca.me\/me\/wp-json\/wp\/v2\/posts\/27381","targetHints":{"allow":["GET"]}}],"collection":[{"href":"https:\/\/www.evropskakuca.me\/me\/wp-json\/wp\/v2\/posts"}],"about":[{"href":"https:\/\/www.evropskakuca.me\/me\/wp-json\/wp\/v2\/types\/post"}],"author":[{"embeddable":true,"href":"https:\/\/www.evropskakuca.me\/me\/wp-json\/wp\/v2\/users\/1"}],"replies":[{"embeddable":true,"href":"https:\/\/www.evropskakuca.me\/me\/wp-json\/wp\/v2\/comments?post=27381"}],"version-history":[{"count":0,"href":"https:\/\/www.evropskakuca.me\/me\/wp-json\/wp\/v2\/posts\/27381\/revisions"}],"wp:featuredmedia":[{"embeddable":true,"href":"https:\/\/www.evropskakuca.me\/me\/wp-json\/wp\/v2\/media\/40475"}],"wp:attachment":[{"href":"https:\/\/www.evropskakuca.me\/me\/wp-json\/wp\/v2\/media?parent=27381"}],"wp:term":[{"taxonomy":"category","embeddable":true,"href":"https:\/\/www.evropskakuca.me\/me\/wp-json\/wp\/v2\/categories?post=27381"},{"taxonomy":"post_tag","embeddable":true,"href":"https:\/\/www.evropskakuca.me\/me\/wp-json\/wp\/v2\/tags?post=27381"}],"curies":[{"name":"wp","href":"https:\/\/api.w.org\/{rel}","templated":true}]}}