{"id":27353,"date":"2023-12-01T11:54:54","date_gmt":"2023-12-01T11:54:54","guid":{"rendered":"https:\/\/evropskakuca.me\/?p=27353"},"modified":"2023-12-01T11:54:54","modified_gmt":"2023-12-01T11:54:54","slug":"jesmo-li-prestali-da-budemo-djeca-i-zasto-ne-cek-unutrasnje-dijete-na-poslu","status":"publish","type":"post","link":"https:\/\/www.evropskakuca.me\/me\/jesmo-li-prestali-da-budemo-djeca-i-zasto-ne-cek-unutrasnje-dijete-na-poslu\/","title":{"rendered":"Jesmo li prestali da budemo djeca i za\u0161to ne? (\u010cEK: Unutra\u0161nje dijete na poslu)"},"content":{"rendered":"<p style=\"text-align: center;\"><strong>Unutra\u0161nje dijete<\/strong><\/p>\n<p>To je onaj dio na\u0161e li\u010dnosti koji je kreativan, spontan i zarigran, ali i onaj dio nas koji se lako upla\u0161i.<\/p>\n<p>O tom upla\u0161enom i razigranom dijelu na\u0161e li\u010dnosti napisano je, u posljednjih nekoliko decenija, mnogo knjiga, a svijest o va\u017enosti povezivanja sa djetetom u sebi zna\u010dajno je porasla.<\/p>\n<p><img fetchpriority=\"high\" decoding=\"async\" class=\"alignnone size-large wp-image-27356\" src=\"https:\/\/evropskakuca.me\/wp-content\/uploads\/2023\/12\/FRO_6772-1024x683.jpg\" alt=\"\" width=\"1024\" height=\"683\" \/><\/p>\n<blockquote><p>\u201ePostupamo sa sobom kao odraslima onako kako su s nama postupali drugi kad smo bili djeca.\u201c tako je priholo\u0161kinja <strong>Alis Miler<\/strong> jednom opisala \u010dovjekov odnos sa svojim unutra\u0161njim djetetom.<\/p><\/blockquote>\n<p>O tom dijelu na\u0161e li\u010dnosti koji se lako uznemiri tokom te\u0161kih razgovora, u kome \u017eivi veliki dio na\u0161ih strahova, nesigurnosti i nepovjerenja, koji pani\u010di kada nas \u0161ef pozove iznenada na sastanak ili koji ima ogromnu tremu pred intervju razgovarali smo sa <strong>Jelenom Markovi\u0107 Smart Change<\/strong> tokom \u010detvrte \u010cEK radionice posve\u0107ene mentalnom zdravlju u poslovnom okru\u017eenju.<\/p>\n\n<blockquote><p>\u201cUnutra\u0161njim djetetom se gotovo uvijek bavimo u kontekstu porodi\u010dnih i privatnih odnosa. Ali unutra\u0161nje dijete ne ostane da \u010deka ispred vrata kancelarije dok mi radimo. Kroz ovu radionicu istra\u017eujemo\u00a0 da li je, i u kolikoj mjeri ovaj dio li\u010dnosti prisutan na poslu\u201d kazala je Jelena.<\/p><\/blockquote>\n<p>\u017divot nije igra ali ipak mo\u017eda bi nam bilo lak\u0161e ako bismo se sjetili da na njega gledamo malo razigranije, malo slobodnije. Tokom radionice nau\u010dili smo nekoliko tehnika koje \u0107e nam pomo\u0107i da sa vi\u0161e samopouzdanja, slobode i igre, a manje straha, gradimo karijeru i odnose na poslu.<\/p>\n<p><img decoding=\"async\" class=\"alignnone size-large wp-image-27362\" src=\"https:\/\/evropskakuca.me\/wp-content\/uploads\/2023\/12\/FRO_6722-1024x683.jpg\" alt=\"\" width=\"1024\" height=\"683\" \/><\/p>\n<p>\u010cEK radionicom: <strong>Unutra\u0161nje dijete na poslu<\/strong> zavr\u0161en je serijal radionica o mentalnom zdravlju koje je Evropska ku\u0107a u saradnji sa Jelenom Markovi\u0107 Smart Change organizovala u okviru <strong>Evropske godine vje\u0161tina<\/strong>.<\/p>\n<p>Pri\u010dati o mentalnom zdravlju i brinuti o njemu kako u privatnom, tako i u poslovnom okru\u017eenju, \u010dini se nikad nije bilo va\u017enije. Zato je njegovanje li\u010dnog mentalnog zdravlja ali i empatija prema tu\u0111em najbitnija\u00a0 vje\u0161tina s kojom \u010dovjek treba kora\u010dati kroz svijet.<\/p>\n","protected":false},"excerpt":{"rendered":"<p>Unutra\u0161nje dijete To je onaj dio na\u0161e li\u010dnosti koji je kreativan, spontan i zarigran, ali i onaj dio nas koji se lako upla\u0161i. O tom upla\u0161enom i razigranom dijelu na\u0161e li\u010dnosti napisano je, u posljednjih nekoliko decenija, mnogo knjiga, a svijest o va\u017enosti povezivanja sa djetetom u sebi zna\u010dajno je porasla. \u201ePostupamo sa sobom kao [&hellip;]<\/p>\n","protected":false},"author":1,"featured_media":40335,"comment_status":"closed","ping_status":"closed","sticky":false,"template":"","format":"standard","meta":{"_acf_changed":false,"footnotes":""},"categories":[],"tags":[],"class_list":["post-27353","post","type-post","status-publish","format-standard","has-post-thumbnail","hentry"],"acf":[],"yoast_head":"<!-- This site is optimized with the Yoast SEO plugin v27.3 - https:\/\/yoast.com\/product\/yoast-seo-wordpress\/ -->\n<title>Jesmo li prestali da budemo djeca i za\u0161to ne? (\u010cEK: Unutra\u0161nje dijete na poslu) - Europe House<\/title>\n<meta name=\"robots\" content=\"index, follow, max-snippet:-1, max-image-preview:large, max-video-preview:-1\" \/>\n<link rel=\"canonical\" href=\"https:\/\/www.evropskakuca.me\/me\/jesmo-li-prestali-da-budemo-djeca-i-zasto-ne-cek-unutrasnje-dijete-na-poslu\/\" \/>\n<meta property=\"og:locale\" content=\"en_US\" \/>\n<meta property=\"og:type\" content=\"article\" \/>\n<meta property=\"og:title\" content=\"Jesmo li prestali da budemo djeca i za\u0161to ne? (\u010cEK: Unutra\u0161nje dijete na poslu) - Europe House\" \/>\n<meta property=\"og:description\" content=\"Unutra\u0161nje dijete To je onaj dio na\u0161e li\u010dnosti koji je kreativan, spontan i zarigran, ali i onaj dio nas koji se lako upla\u0161i. O tom upla\u0161enom i razigranom dijelu na\u0161e li\u010dnosti napisano je, u posljednjih nekoliko decenija, mnogo knjiga, a svijest o va\u017enosti povezivanja sa djetetom u sebi zna\u010dajno je porasla. \u201ePostupamo sa sobom kao [&hellip;]\" \/>\n<meta property=\"og:url\" content=\"https:\/\/www.evropskakuca.me\/me\/jesmo-li-prestali-da-budemo-djeca-i-zasto-ne-cek-unutrasnje-dijete-na-poslu\/\" \/>\n<meta property=\"og:site_name\" content=\"Europe House\" \/>\n<meta property=\"article:publisher\" content=\"https:\/\/www.facebook.com\/evropska.kuca\" \/>\n<meta property=\"article:published_time\" content=\"2023-12-01T11:54:54+00:00\" \/>\n<meta property=\"og:image\" content=\"https:\/\/www.evropskakuca.me\/wp-content\/uploads\/2023\/12\/FRO_6799.jpg\" \/>\n\t<meta property=\"og:image:width\" content=\"2560\" \/>\n\t<meta property=\"og:image:height\" content=\"1707\" \/>\n\t<meta property=\"og:image:type\" content=\"image\/jpeg\" \/>\n<meta name=\"author\" content=\"mkajic\" \/>\n<meta name=\"twitter:card\" content=\"summary_large_image\" \/>\n<meta name=\"twitter:creator\" content=\"@evropska_kuca\" \/>\n<meta name=\"twitter:site\" content=\"@evropska_kuca\" \/>\n<meta name=\"twitter:label1\" content=\"Written by\" \/>\n\t<meta name=\"twitter:data1\" content=\"mkajic\" \/>\n\t<meta name=\"twitter:label2\" content=\"Est. reading time\" \/>\n\t<meta name=\"twitter:data2\" content=\"2 minutes\" \/>\n<script type=\"application\/ld+json\" class=\"yoast-schema-graph\">{\"@context\":\"https:\\\/\\\/schema.org\",\"@graph\":[{\"@type\":\"Article\",\"@id\":\"https:\\\/\\\/www.evropskakuca.me\\\/me\\\/jesmo-li-prestali-da-budemo-djeca-i-zasto-ne-cek-unutrasnje-dijete-na-poslu\\\/#article\",\"isPartOf\":{\"@id\":\"https:\\\/\\\/www.evropskakuca.me\\\/me\\\/jesmo-li-prestali-da-budemo-djeca-i-zasto-ne-cek-unutrasnje-dijete-na-poslu\\\/\"},\"author\":{\"name\":\"mkajic\",\"@id\":\"https:\\\/\\\/www.evropskakuca.me\\\/me\\\/#\\\/schema\\\/person\\\/a1d0dcdaefe4a1cd1d60d200ea137ba4\"},\"headline\":\"Jesmo li prestali da budemo djeca i za\u0161to ne? (\u010cEK: Unutra\u0161nje dijete na poslu)\",\"datePublished\":\"2023-12-01T11:54:54+00:00\",\"mainEntityOfPage\":{\"@id\":\"https:\\\/\\\/www.evropskakuca.me\\\/me\\\/jesmo-li-prestali-da-budemo-djeca-i-zasto-ne-cek-unutrasnje-dijete-na-poslu\\\/\"},\"wordCount\":360,\"publisher\":{\"@id\":\"https:\\\/\\\/www.evropskakuca.me\\\/me\\\/#organization\"},\"image\":{\"@id\":\"https:\\\/\\\/www.evropskakuca.me\\\/me\\\/jesmo-li-prestali-da-budemo-djeca-i-zasto-ne-cek-unutrasnje-dijete-na-poslu\\\/#primaryimage\"},\"thumbnailUrl\":\"https:\\\/\\\/www.evropskakuca.me\\\/wp-content\\\/uploads\\\/2023\\\/12\\\/FRO_6799.jpg\",\"inLanguage\":\"me-ME\"},{\"@type\":\"WebPage\",\"@id\":\"https:\\\/\\\/www.evropskakuca.me\\\/me\\\/jesmo-li-prestali-da-budemo-djeca-i-zasto-ne-cek-unutrasnje-dijete-na-poslu\\\/\",\"url\":\"https:\\\/\\\/www.evropskakuca.me\\\/me\\\/jesmo-li-prestali-da-budemo-djeca-i-zasto-ne-cek-unutrasnje-dijete-na-poslu\\\/\",\"name\":\"Jesmo li prestali da budemo djeca i za\u0161to ne? (\u010cEK: Unutra\u0161nje dijete na poslu) - Europe House\",\"isPartOf\":{\"@id\":\"https:\\\/\\\/www.evropskakuca.me\\\/me\\\/#website\"},\"primaryImageOfPage\":{\"@id\":\"https:\\\/\\\/www.evropskakuca.me\\\/me\\\/jesmo-li-prestali-da-budemo-djeca-i-zasto-ne-cek-unutrasnje-dijete-na-poslu\\\/#primaryimage\"},\"image\":{\"@id\":\"https:\\\/\\\/www.evropskakuca.me\\\/me\\\/jesmo-li-prestali-da-budemo-djeca-i-zasto-ne-cek-unutrasnje-dijete-na-poslu\\\/#primaryimage\"},\"thumbnailUrl\":\"https:\\\/\\\/www.evropskakuca.me\\\/wp-content\\\/uploads\\\/2023\\\/12\\\/FRO_6799.jpg\",\"datePublished\":\"2023-12-01T11:54:54+00:00\",\"breadcrumb\":{\"@id\":\"https:\\\/\\\/www.evropskakuca.me\\\/me\\\/jesmo-li-prestali-da-budemo-djeca-i-zasto-ne-cek-unutrasnje-dijete-na-poslu\\\/#breadcrumb\"},\"inLanguage\":\"me-ME\",\"potentialAction\":[{\"@type\":\"ReadAction\",\"target\":[\"https:\\\/\\\/www.evropskakuca.me\\\/me\\\/jesmo-li-prestali-da-budemo-djeca-i-zasto-ne-cek-unutrasnje-dijete-na-poslu\\\/\"]}]},{\"@type\":\"ImageObject\",\"inLanguage\":\"me-ME\",\"@id\":\"https:\\\/\\\/www.evropskakuca.me\\\/me\\\/jesmo-li-prestali-da-budemo-djeca-i-zasto-ne-cek-unutrasnje-dijete-na-poslu\\\/#primaryimage\",\"url\":\"https:\\\/\\\/www.evropskakuca.me\\\/wp-content\\\/uploads\\\/2023\\\/12\\\/FRO_6799.jpg\",\"contentUrl\":\"https:\\\/\\\/www.evropskakuca.me\\\/wp-content\\\/uploads\\\/2023\\\/12\\\/FRO_6799.jpg\",\"width\":2560,\"height\":1707},{\"@type\":\"BreadcrumbList\",\"@id\":\"https:\\\/\\\/www.evropskakuca.me\\\/me\\\/jesmo-li-prestali-da-budemo-djeca-i-zasto-ne-cek-unutrasnje-dijete-na-poslu\\\/#breadcrumb\",\"itemListElement\":[{\"@type\":\"ListItem\",\"position\":1,\"name\":\"Home\",\"item\":\"https:\\\/\\\/www.evropskakuca.me\\\/me\\\/\"},{\"@type\":\"ListItem\",\"position\":2,\"name\":\"Jesmo li prestali da budemo djeca i za\u0161to ne? (\u010cEK: Unutra\u0161nje dijete na poslu)\"}]},{\"@type\":\"WebSite\",\"@id\":\"https:\\\/\\\/www.evropskakuca.me\\\/me\\\/#website\",\"url\":\"https:\\\/\\\/www.evropskakuca.me\\\/me\\\/\",\"name\":\"Evropean house\",\"description\":\"\",\"publisher\":{\"@id\":\"https:\\\/\\\/www.evropskakuca.me\\\/me\\\/#organization\"},\"potentialAction\":[{\"@type\":\"SearchAction\",\"target\":{\"@type\":\"EntryPoint\",\"urlTemplate\":\"https:\\\/\\\/www.evropskakuca.me\\\/me\\\/?s={search_term_string}\"},\"query-input\":{\"@type\":\"PropertyValueSpecification\",\"valueRequired\":true,\"valueName\":\"search_term_string\"}}],\"inLanguage\":\"me-ME\"},{\"@type\":\"Organization\",\"@id\":\"https:\\\/\\\/www.evropskakuca.me\\\/me\\\/#organization\",\"name\":\"Evropean house\",\"url\":\"https:\\\/\\\/www.evropskakuca.me\\\/me\\\/\",\"logo\":{\"@type\":\"ImageObject\",\"inLanguage\":\"me-ME\",\"@id\":\"https:\\\/\\\/www.evropskakuca.me\\\/me\\\/#\\\/schema\\\/logo\\\/image\\\/\",\"url\":\"https:\\\/\\\/www.evropskakuca.me\\\/wp-content\\\/uploads\\\/2025\\\/01\\\/evropska-kuca-logo-1.png\",\"contentUrl\":\"https:\\\/\\\/www.evropskakuca.me\\\/wp-content\\\/uploads\\\/2025\\\/01\\\/evropska-kuca-logo-1.png\",\"width\":425,\"height\":312,\"caption\":\"Evropean house\"},\"image\":{\"@id\":\"https:\\\/\\\/www.evropskakuca.me\\\/me\\\/#\\\/schema\\\/logo\\\/image\\\/\"},\"sameAs\":[\"https:\\\/\\\/www.facebook.com\\\/evropska.kuca\",\"https:\\\/\\\/x.com\\\/evropska_kuca\",\"https:\\\/\\\/www.instagram.com\\\/evropska_kuca\"]},{\"@type\":\"Person\",\"@id\":\"https:\\\/\\\/www.evropskakuca.me\\\/me\\\/#\\\/schema\\\/person\\\/a1d0dcdaefe4a1cd1d60d200ea137ba4\",\"name\":\"mkajic\",\"image\":{\"@type\":\"ImageObject\",\"inLanguage\":\"me-ME\",\"@id\":\"https:\\\/\\\/secure.gravatar.com\\\/avatar\\\/731fa035cefab7316e6bafd1f25a93fb731a07de14e2d9923f8db4422628eabc?s=96&d=mm&r=g\",\"url\":\"https:\\\/\\\/secure.gravatar.com\\\/avatar\\\/731fa035cefab7316e6bafd1f25a93fb731a07de14e2d9923f8db4422628eabc?s=96&d=mm&r=g\",\"contentUrl\":\"https:\\\/\\\/secure.gravatar.com\\\/avatar\\\/731fa035cefab7316e6bafd1f25a93fb731a07de14e2d9923f8db4422628eabc?s=96&d=mm&r=g\",\"caption\":\"mkajic\"},\"sameAs\":[\"https:\\\/\\\/evropskakuca.me\"],\"url\":\"https:\\\/\\\/www.evropskakuca.me\\\/me\\\/author\\\/mkajic\\\/\"}]}<\/script>\n<!-- \/ Yoast SEO plugin. -->","yoast_head_json":{"title":"Jesmo li prestali da budemo djeca i za\u0161to ne? (\u010cEK: Unutra\u0161nje dijete na poslu) - Europe House","robots":{"index":"index","follow":"follow","max-snippet":"max-snippet:-1","max-image-preview":"max-image-preview:large","max-video-preview":"max-video-preview:-1"},"canonical":"https:\/\/www.evropskakuca.me\/me\/jesmo-li-prestali-da-budemo-djeca-i-zasto-ne-cek-unutrasnje-dijete-na-poslu\/","og_locale":"en_US","og_type":"article","og_title":"Jesmo li prestali da budemo djeca i za\u0161to ne? (\u010cEK: Unutra\u0161nje dijete na poslu) - Europe House","og_description":"Unutra\u0161nje dijete To je onaj dio na\u0161e li\u010dnosti koji je kreativan, spontan i zarigran, ali i onaj dio nas koji se lako upla\u0161i. O tom upla\u0161enom i razigranom dijelu na\u0161e li\u010dnosti napisano je, u posljednjih nekoliko decenija, mnogo knjiga, a svijest o va\u017enosti povezivanja sa djetetom u sebi zna\u010dajno je porasla. \u201ePostupamo sa sobom kao [&hellip;]","og_url":"https:\/\/www.evropskakuca.me\/me\/jesmo-li-prestali-da-budemo-djeca-i-zasto-ne-cek-unutrasnje-dijete-na-poslu\/","og_site_name":"Europe House","article_publisher":"https:\/\/www.facebook.com\/evropska.kuca","article_published_time":"2023-12-01T11:54:54+00:00","og_image":[{"width":2560,"height":1707,"url":"https:\/\/www.evropskakuca.me\/wp-content\/uploads\/2023\/12\/FRO_6799.jpg","type":"image\/jpeg"}],"author":"mkajic","twitter_card":"summary_large_image","twitter_creator":"@evropska_kuca","twitter_site":"@evropska_kuca","twitter_misc":{"Written by":"mkajic","Est. reading time":"2 minutes"},"schema":{"@context":"https:\/\/schema.org","@graph":[{"@type":"Article","@id":"https:\/\/www.evropskakuca.me\/me\/jesmo-li-prestali-da-budemo-djeca-i-zasto-ne-cek-unutrasnje-dijete-na-poslu\/#article","isPartOf":{"@id":"https:\/\/www.evropskakuca.me\/me\/jesmo-li-prestali-da-budemo-djeca-i-zasto-ne-cek-unutrasnje-dijete-na-poslu\/"},"author":{"name":"mkajic","@id":"https:\/\/www.evropskakuca.me\/me\/#\/schema\/person\/a1d0dcdaefe4a1cd1d60d200ea137ba4"},"headline":"Jesmo li prestali da budemo djeca i za\u0161to ne? (\u010cEK: Unutra\u0161nje dijete na poslu)","datePublished":"2023-12-01T11:54:54+00:00","mainEntityOfPage":{"@id":"https:\/\/www.evropskakuca.me\/me\/jesmo-li-prestali-da-budemo-djeca-i-zasto-ne-cek-unutrasnje-dijete-na-poslu\/"},"wordCount":360,"publisher":{"@id":"https:\/\/www.evropskakuca.me\/me\/#organization"},"image":{"@id":"https:\/\/www.evropskakuca.me\/me\/jesmo-li-prestali-da-budemo-djeca-i-zasto-ne-cek-unutrasnje-dijete-na-poslu\/#primaryimage"},"thumbnailUrl":"https:\/\/www.evropskakuca.me\/wp-content\/uploads\/2023\/12\/FRO_6799.jpg","inLanguage":"me-ME"},{"@type":"WebPage","@id":"https:\/\/www.evropskakuca.me\/me\/jesmo-li-prestali-da-budemo-djeca-i-zasto-ne-cek-unutrasnje-dijete-na-poslu\/","url":"https:\/\/www.evropskakuca.me\/me\/jesmo-li-prestali-da-budemo-djeca-i-zasto-ne-cek-unutrasnje-dijete-na-poslu\/","name":"Jesmo li prestali da budemo djeca i za\u0161to ne? (\u010cEK: Unutra\u0161nje dijete na poslu) - Europe House","isPartOf":{"@id":"https:\/\/www.evropskakuca.me\/me\/#website"},"primaryImageOfPage":{"@id":"https:\/\/www.evropskakuca.me\/me\/jesmo-li-prestali-da-budemo-djeca-i-zasto-ne-cek-unutrasnje-dijete-na-poslu\/#primaryimage"},"image":{"@id":"https:\/\/www.evropskakuca.me\/me\/jesmo-li-prestali-da-budemo-djeca-i-zasto-ne-cek-unutrasnje-dijete-na-poslu\/#primaryimage"},"thumbnailUrl":"https:\/\/www.evropskakuca.me\/wp-content\/uploads\/2023\/12\/FRO_6799.jpg","datePublished":"2023-12-01T11:54:54+00:00","breadcrumb":{"@id":"https:\/\/www.evropskakuca.me\/me\/jesmo-li-prestali-da-budemo-djeca-i-zasto-ne-cek-unutrasnje-dijete-na-poslu\/#breadcrumb"},"inLanguage":"me-ME","potentialAction":[{"@type":"ReadAction","target":["https:\/\/www.evropskakuca.me\/me\/jesmo-li-prestali-da-budemo-djeca-i-zasto-ne-cek-unutrasnje-dijete-na-poslu\/"]}]},{"@type":"ImageObject","inLanguage":"me-ME","@id":"https:\/\/www.evropskakuca.me\/me\/jesmo-li-prestali-da-budemo-djeca-i-zasto-ne-cek-unutrasnje-dijete-na-poslu\/#primaryimage","url":"https:\/\/www.evropskakuca.me\/wp-content\/uploads\/2023\/12\/FRO_6799.jpg","contentUrl":"https:\/\/www.evropskakuca.me\/wp-content\/uploads\/2023\/12\/FRO_6799.jpg","width":2560,"height":1707},{"@type":"BreadcrumbList","@id":"https:\/\/www.evropskakuca.me\/me\/jesmo-li-prestali-da-budemo-djeca-i-zasto-ne-cek-unutrasnje-dijete-na-poslu\/#breadcrumb","itemListElement":[{"@type":"ListItem","position":1,"name":"Home","item":"https:\/\/www.evropskakuca.me\/me\/"},{"@type":"ListItem","position":2,"name":"Jesmo li prestali da budemo djeca i za\u0161to ne? (\u010cEK: Unutra\u0161nje dijete na poslu)"}]},{"@type":"WebSite","@id":"https:\/\/www.evropskakuca.me\/me\/#website","url":"https:\/\/www.evropskakuca.me\/me\/","name":"Evropean house","description":"","publisher":{"@id":"https:\/\/www.evropskakuca.me\/me\/#organization"},"potentialAction":[{"@type":"SearchAction","target":{"@type":"EntryPoint","urlTemplate":"https:\/\/www.evropskakuca.me\/me\/?s={search_term_string}"},"query-input":{"@type":"PropertyValueSpecification","valueRequired":true,"valueName":"search_term_string"}}],"inLanguage":"me-ME"},{"@type":"Organization","@id":"https:\/\/www.evropskakuca.me\/me\/#organization","name":"Evropean house","url":"https:\/\/www.evropskakuca.me\/me\/","logo":{"@type":"ImageObject","inLanguage":"me-ME","@id":"https:\/\/www.evropskakuca.me\/me\/#\/schema\/logo\/image\/","url":"https:\/\/www.evropskakuca.me\/wp-content\/uploads\/2025\/01\/evropska-kuca-logo-1.png","contentUrl":"https:\/\/www.evropskakuca.me\/wp-content\/uploads\/2025\/01\/evropska-kuca-logo-1.png","width":425,"height":312,"caption":"Evropean house"},"image":{"@id":"https:\/\/www.evropskakuca.me\/me\/#\/schema\/logo\/image\/"},"sameAs":["https:\/\/www.facebook.com\/evropska.kuca","https:\/\/x.com\/evropska_kuca","https:\/\/www.instagram.com\/evropska_kuca"]},{"@type":"Person","@id":"https:\/\/www.evropskakuca.me\/me\/#\/schema\/person\/a1d0dcdaefe4a1cd1d60d200ea137ba4","name":"mkajic","image":{"@type":"ImageObject","inLanguage":"me-ME","@id":"https:\/\/secure.gravatar.com\/avatar\/731fa035cefab7316e6bafd1f25a93fb731a07de14e2d9923f8db4422628eabc?s=96&d=mm&r=g","url":"https:\/\/secure.gravatar.com\/avatar\/731fa035cefab7316e6bafd1f25a93fb731a07de14e2d9923f8db4422628eabc?s=96&d=mm&r=g","contentUrl":"https:\/\/secure.gravatar.com\/avatar\/731fa035cefab7316e6bafd1f25a93fb731a07de14e2d9923f8db4422628eabc?s=96&d=mm&r=g","caption":"mkajic"},"sameAs":["https:\/\/evropskakuca.me"],"url":"https:\/\/www.evropskakuca.me\/me\/author\/mkajic\/"}]}},"_links":{"self":[{"href":"https:\/\/www.evropskakuca.me\/me\/wp-json\/wp\/v2\/posts\/27353","targetHints":{"allow":["GET"]}}],"collection":[{"href":"https:\/\/www.evropskakuca.me\/me\/wp-json\/wp\/v2\/posts"}],"about":[{"href":"https:\/\/www.evropskakuca.me\/me\/wp-json\/wp\/v2\/types\/post"}],"author":[{"embeddable":true,"href":"https:\/\/www.evropskakuca.me\/me\/wp-json\/wp\/v2\/users\/1"}],"replies":[{"embeddable":true,"href":"https:\/\/www.evropskakuca.me\/me\/wp-json\/wp\/v2\/comments?post=27353"}],"version-history":[{"count":0,"href":"https:\/\/www.evropskakuca.me\/me\/wp-json\/wp\/v2\/posts\/27353\/revisions"}],"wp:featuredmedia":[{"embeddable":true,"href":"https:\/\/www.evropskakuca.me\/me\/wp-json\/wp\/v2\/media\/40335"}],"wp:attachment":[{"href":"https:\/\/www.evropskakuca.me\/me\/wp-json\/wp\/v2\/media?parent=27353"}],"wp:term":[{"taxonomy":"category","embeddable":true,"href":"https:\/\/www.evropskakuca.me\/me\/wp-json\/wp\/v2\/categories?post=27353"},{"taxonomy":"post_tag","embeddable":true,"href":"https:\/\/www.evropskakuca.me\/me\/wp-json\/wp\/v2\/tags?post=27353"}],"curies":[{"name":"wp","href":"https:\/\/api.w.org\/{rel}","templated":true}]}}