{"id":27244,"date":"2023-11-28T09:10:12","date_gmt":"2023-11-28T09:10:12","guid":{"rendered":"https:\/\/evropskakuca.me\/?p=27244"},"modified":"2024-11-26T22:59:52","modified_gmt":"2024-11-26T22:59:52","slug":"vece-italije-muzike-i-prijateljstva-u-evropskoj-kuci","status":"publish","type":"post","link":"https:\/\/www.evropskakuca.me\/me\/vece-italije-muzike-i-prijateljstva-u-evropskoj-kuci\/","title":{"rendered":"Ve\u010de Italije, muzike i prijateljstva u Evropskoj ku\u0107i"},"content":{"rendered":"<p style=\"text-align: center;\"><strong>Muzi\u010dko-diplomatski doga\u0111aj &#8221;Kafa sa ambasadorkom Italije&#8221; odr\u017ean je u Evropskoj ku\u0107i.<\/strong><\/p>\n<p>&nbsp;<\/p>\n<p>Ambasadorka Italije\u00a0u Crnoj Gori,<strong> Andreina Marsela<\/strong>\u00a0ima bogatu\u00a0i dugu\u00a0diplomatsku karijeru. Kroz razli\u010dite funkcije u\u00a0italijanskom Ministarstvu\u00a0spoljnih\u00a0poslova, ambasadorka je sticala iskustvo \u0161irom svijeta, od Kartuma do Kabula, Tripolija do Podgorice.<\/p>\n<p><img fetchpriority=\"high\" decoding=\"async\" class=\"alignnone size-large wp-image-27247\" src=\"https:\/\/evropskakuca.me\/wp-content\/uploads\/2023\/11\/FRO_2682-1024x683.jpg\" alt=\"\" width=\"1024\" height=\"683\" \/><\/p>\n<p>Diplomatija ju je i dovela u Crnu Goru. Ipak ,&#8221;svi putevi vode u Rim &#8221;. Na kafi sa ambasadorkom saznali smo\u00a0da ambasadorka dolazi upravo iz Rima.<\/p>\n<p>&#8221;\u017delja da otkrijem druge dr\u017eave i gradove mi poma\u017ee da odr\u017eim zdrav odnos sa svojim rodnim gradom. Rimljani se ve\u017eu za svoj grad i ne \u017eele da ga napuste. Rimu se uvijek vra\u0107aju a kad neko odlu\u010di da postane diplomata navikne se da napu\u0161ta svoj grad&#8221;, kazala je ambasadorka Marsela.<\/p>\n<p><img decoding=\"async\" class=\"alignnone size-large wp-image-27245\" src=\"https:\/\/evropskakuca.me\/wp-content\/uploads\/2023\/11\/FRO_2649-1024x683.jpg\" alt=\"\" width=\"1024\" height=\"683\" \/><\/p>\n<blockquote><p>Ambasadorka je podijelila kako najvi\u0161e osje\u0107a vezu sa svojim gradom tokom zalaska sunca, jer svjetlost tada isti\u010de njegovu ljepotu.<\/p><\/blockquote>\n<p>Osvrnula se na diplomatiju\u00a0i ljubav prema ovom pozivu.<\/p>\n<p><img decoding=\"async\" class=\"alignnone size-large wp-image-27249\" src=\"https:\/\/evropskakuca.me\/wp-content\/uploads\/2023\/11\/FRO_2687-1024x683.jpg\" alt=\"\" width=\"1024\" height=\"683\" \/><\/p>\n<p>&#8221;Biti diplomata, po mom mi\u0161ljenju, zna\u010di da se bavite inostranom politikom. Mo\u017eda nije moja ljubav diplomatija ve\u0107 inostrana politika, a diplomatija je najbolji na\u010din da se bavim inostranom politikom&#8221;, istakla je ambasadorka.<\/p>\n<blockquote><p>Prema njenim rije\u010dima diplomatija je mnogo vi\u0161e od posla i poru\u010dila je mladima da se, ako su zainteresovani za inostranu politiku, odlu\u010de za diplomatiju.<\/p><\/blockquote>\n\n<p>&#8221;Kroz diplomatiju izgradite specijalnu vezu sa sredinom u kojoj provodite vrijeme. Bila sam u raznim dr\u017eavama, ali ovo je prvi put da radim kao ambasadorka u dr\u017eavi koja je u Evropi. U Crnoj Gori se zaista osje\u0107am kao kod ku\u0107e&#8221;, dodaje ona.<\/p>\n<blockquote><p>Ambasadorka je komentarisala i status \u017eena u diplomatiji. Naglasila je da je sve vi\u0161e \u017eena u diplomatiji, \u0161to smatra ohrabruju\u0107im.<\/p><\/blockquote>\n<p>Mladi evropski ambasadori, mladi politi\u010dari, studenti Fakulteta politi\u010dkih nauka i Ekonomskog fakulteta\u00a0i zainteresovani gra\u0111ani\u00a0imali su priliku da u Evropskoj ku\u0107i popiju &#8220;kafu&#8221; sa ambasadorkom\u00a0Italije\u00a0i saznaju vi\u0161e o ovoj zemlji.<\/p>\n<p><img loading=\"lazy\" decoding=\"async\" class=\"alignnone size-large wp-image-27255\" src=\"https:\/\/evropskakuca.me\/wp-content\/uploads\/2023\/11\/FRO_2830-1024x683.jpg\" alt=\"\" width=\"1024\" height=\"683\" \/><\/p>\n<p>U duhu Italije, ve\u010de su obilje\u017eili italijanska muzika, tradicionalni bo\u017ei\u0107ni kola\u010d <strong>panetone<\/strong>, <strong>espresso<\/strong>, <strong>kapu\u0107ino<\/strong> i <strong>proseko<\/strong>.<\/p>\n<p>Ve\u010de ispunjeno muzikom\u00a0dugujemo slu\u017ebenicima Ambasade, <strong>Terezi Albano<\/strong> i <strong>Paskvaleu Palumbo<\/strong>, koje je na klavijaturi pratio prijatelj Ambasade <strong>Marsel\u00a0\u0110uri\u010dkovi\u0107<\/strong>.<\/p>\n<p>&nbsp;<\/p>\n","protected":false},"excerpt":{"rendered":"<p>Muzi\u010dko-diplomatski doga\u0111aj &#8221;Kafa sa ambasadorkom Italije&#8221; odr\u017ean je u Evropskoj ku\u0107i. &nbsp; Ambasadorka Italije\u00a0u Crnoj Gori, Andreina Marsela\u00a0ima bogatu\u00a0i dugu\u00a0diplomatsku karijeru. Kroz razli\u010dite funkcije u\u00a0italijanskom Ministarstvu\u00a0spoljnih\u00a0poslova, ambasadorka je sticala iskustvo \u0161irom svijeta, od Kartuma do Kabula, Tripolija do Podgorice. Diplomatija ju je i dovela u Crnu Goru. Ipak ,&#8221;svi putevi vode u Rim &#8221;. Na [&hellip;]<\/p>\n","protected":false},"author":1,"featured_media":40213,"comment_status":"closed","ping_status":"closed","sticky":false,"template":"","format":"standard","meta":{"_acf_changed":false,"footnotes":""},"categories":[2],"tags":[],"class_list":["post-27244","post","type-post","status-publish","format-standard","has-post-thumbnail","hentry","category-uncategorized-me"],"acf":[],"yoast_head":"<!-- This site is optimized with the Yoast SEO plugin v27.3 - https:\/\/yoast.com\/product\/yoast-seo-wordpress\/ -->\n<title>Ve\u010de Italije, muzike i prijateljstva u Evropskoj ku\u0107i - Europe House<\/title>\n<meta name=\"robots\" content=\"index, follow, max-snippet:-1, max-image-preview:large, max-video-preview:-1\" \/>\n<link rel=\"canonical\" href=\"https:\/\/www.evropskakuca.me\/me\/vece-italije-muzike-i-prijateljstva-u-evropskoj-kuci\/\" \/>\n<meta property=\"og:locale\" content=\"en_US\" \/>\n<meta property=\"og:type\" content=\"article\" \/>\n<meta property=\"og:title\" content=\"Ve\u010de Italije, muzike i prijateljstva u Evropskoj ku\u0107i - Europe House\" \/>\n<meta property=\"og:description\" content=\"Muzi\u010dko-diplomatski doga\u0111aj &#8221;Kafa sa ambasadorkom Italije&#8221; odr\u017ean je u Evropskoj ku\u0107i. &nbsp; Ambasadorka Italije\u00a0u Crnoj Gori, Andreina Marsela\u00a0ima bogatu\u00a0i dugu\u00a0diplomatsku karijeru. Kroz razli\u010dite funkcije u\u00a0italijanskom Ministarstvu\u00a0spoljnih\u00a0poslova, ambasadorka je sticala iskustvo \u0161irom svijeta, od Kartuma do Kabula, Tripolija do Podgorice. Diplomatija ju je i dovela u Crnu Goru. Ipak ,&#8221;svi putevi vode u Rim &#8221;. Na [&hellip;]\" \/>\n<meta property=\"og:url\" content=\"https:\/\/www.evropskakuca.me\/me\/vece-italije-muzike-i-prijateljstva-u-evropskoj-kuci\/\" \/>\n<meta property=\"og:site_name\" content=\"Europe House\" \/>\n<meta property=\"article:publisher\" content=\"https:\/\/www.facebook.com\/evropska.kuca\" \/>\n<meta property=\"article:published_time\" content=\"2023-11-28T09:10:12+00:00\" \/>\n<meta property=\"article:modified_time\" content=\"2024-11-26T22:59:52+00:00\" \/>\n<meta property=\"og:image\" content=\"https:\/\/www.evropskakuca.me\/wp-content\/uploads\/2023\/11\/FRO_2649.jpg\" \/>\n\t<meta property=\"og:image:width\" content=\"2560\" \/>\n\t<meta property=\"og:image:height\" content=\"1707\" \/>\n\t<meta property=\"og:image:type\" content=\"image\/jpeg\" \/>\n<meta name=\"author\" content=\"mkajic\" \/>\n<meta name=\"twitter:card\" content=\"summary_large_image\" \/>\n<meta name=\"twitter:creator\" content=\"@evropska_kuca\" \/>\n<meta name=\"twitter:site\" content=\"@evropska_kuca\" \/>\n<meta name=\"twitter:label1\" content=\"Written by\" \/>\n\t<meta name=\"twitter:data1\" content=\"mkajic\" \/>\n\t<meta name=\"twitter:label2\" content=\"Est. reading time\" \/>\n\t<meta name=\"twitter:data2\" content=\"3 minutes\" \/>\n<script type=\"application\/ld+json\" class=\"yoast-schema-graph\">{\"@context\":\"https:\\\/\\\/schema.org\",\"@graph\":[{\"@type\":\"Article\",\"@id\":\"https:\\\/\\\/www.evropskakuca.me\\\/me\\\/vece-italije-muzike-i-prijateljstva-u-evropskoj-kuci\\\/#article\",\"isPartOf\":{\"@id\":\"https:\\\/\\\/www.evropskakuca.me\\\/me\\\/vece-italije-muzike-i-prijateljstva-u-evropskoj-kuci\\\/\"},\"author\":{\"name\":\"mkajic\",\"@id\":\"https:\\\/\\\/www.evropskakuca.me\\\/me\\\/#\\\/schema\\\/person\\\/a1d0dcdaefe4a1cd1d60d200ea137ba4\"},\"headline\":\"Ve\u010de Italije, muzike i prijateljstva u Evropskoj ku\u0107i\",\"datePublished\":\"2023-11-28T09:10:12+00:00\",\"dateModified\":\"2024-11-26T22:59:52+00:00\",\"mainEntityOfPage\":{\"@id\":\"https:\\\/\\\/www.evropskakuca.me\\\/me\\\/vece-italije-muzike-i-prijateljstva-u-evropskoj-kuci\\\/\"},\"wordCount\":395,\"publisher\":{\"@id\":\"https:\\\/\\\/www.evropskakuca.me\\\/me\\\/#organization\"},\"image\":{\"@id\":\"https:\\\/\\\/www.evropskakuca.me\\\/me\\\/vece-italije-muzike-i-prijateljstva-u-evropskoj-kuci\\\/#primaryimage\"},\"thumbnailUrl\":\"https:\\\/\\\/www.evropskakuca.me\\\/wp-content\\\/uploads\\\/2023\\\/11\\\/FRO_2649.jpg\",\"articleSection\":[\"Uncategorized @me\"],\"inLanguage\":\"me-ME\"},{\"@type\":\"WebPage\",\"@id\":\"https:\\\/\\\/www.evropskakuca.me\\\/me\\\/vece-italije-muzike-i-prijateljstva-u-evropskoj-kuci\\\/\",\"url\":\"https:\\\/\\\/www.evropskakuca.me\\\/me\\\/vece-italije-muzike-i-prijateljstva-u-evropskoj-kuci\\\/\",\"name\":\"Ve\u010de Italije, muzike i prijateljstva u Evropskoj ku\u0107i - Europe House\",\"isPartOf\":{\"@id\":\"https:\\\/\\\/www.evropskakuca.me\\\/me\\\/#website\"},\"primaryImageOfPage\":{\"@id\":\"https:\\\/\\\/www.evropskakuca.me\\\/me\\\/vece-italije-muzike-i-prijateljstva-u-evropskoj-kuci\\\/#primaryimage\"},\"image\":{\"@id\":\"https:\\\/\\\/www.evropskakuca.me\\\/me\\\/vece-italije-muzike-i-prijateljstva-u-evropskoj-kuci\\\/#primaryimage\"},\"thumbnailUrl\":\"https:\\\/\\\/www.evropskakuca.me\\\/wp-content\\\/uploads\\\/2023\\\/11\\\/FRO_2649.jpg\",\"datePublished\":\"2023-11-28T09:10:12+00:00\",\"dateModified\":\"2024-11-26T22:59:52+00:00\",\"breadcrumb\":{\"@id\":\"https:\\\/\\\/www.evropskakuca.me\\\/me\\\/vece-italije-muzike-i-prijateljstva-u-evropskoj-kuci\\\/#breadcrumb\"},\"inLanguage\":\"me-ME\",\"potentialAction\":[{\"@type\":\"ReadAction\",\"target\":[\"https:\\\/\\\/www.evropskakuca.me\\\/me\\\/vece-italije-muzike-i-prijateljstva-u-evropskoj-kuci\\\/\"]}]},{\"@type\":\"ImageObject\",\"inLanguage\":\"me-ME\",\"@id\":\"https:\\\/\\\/www.evropskakuca.me\\\/me\\\/vece-italije-muzike-i-prijateljstva-u-evropskoj-kuci\\\/#primaryimage\",\"url\":\"https:\\\/\\\/www.evropskakuca.me\\\/wp-content\\\/uploads\\\/2023\\\/11\\\/FRO_2649.jpg\",\"contentUrl\":\"https:\\\/\\\/www.evropskakuca.me\\\/wp-content\\\/uploads\\\/2023\\\/11\\\/FRO_2649.jpg\",\"width\":2560,\"height\":1707},{\"@type\":\"BreadcrumbList\",\"@id\":\"https:\\\/\\\/www.evropskakuca.me\\\/me\\\/vece-italije-muzike-i-prijateljstva-u-evropskoj-kuci\\\/#breadcrumb\",\"itemListElement\":[{\"@type\":\"ListItem\",\"position\":1,\"name\":\"Home\",\"item\":\"https:\\\/\\\/www.evropskakuca.me\\\/me\\\/\"},{\"@type\":\"ListItem\",\"position\":2,\"name\":\"Ve\u010de Italije, muzike i prijateljstva u Evropskoj ku\u0107i\"}]},{\"@type\":\"WebSite\",\"@id\":\"https:\\\/\\\/www.evropskakuca.me\\\/me\\\/#website\",\"url\":\"https:\\\/\\\/www.evropskakuca.me\\\/me\\\/\",\"name\":\"Evropean house\",\"description\":\"\",\"publisher\":{\"@id\":\"https:\\\/\\\/www.evropskakuca.me\\\/me\\\/#organization\"},\"potentialAction\":[{\"@type\":\"SearchAction\",\"target\":{\"@type\":\"EntryPoint\",\"urlTemplate\":\"https:\\\/\\\/www.evropskakuca.me\\\/me\\\/?s={search_term_string}\"},\"query-input\":{\"@type\":\"PropertyValueSpecification\",\"valueRequired\":true,\"valueName\":\"search_term_string\"}}],\"inLanguage\":\"me-ME\"},{\"@type\":\"Organization\",\"@id\":\"https:\\\/\\\/www.evropskakuca.me\\\/me\\\/#organization\",\"name\":\"Evropean house\",\"url\":\"https:\\\/\\\/www.evropskakuca.me\\\/me\\\/\",\"logo\":{\"@type\":\"ImageObject\",\"inLanguage\":\"me-ME\",\"@id\":\"https:\\\/\\\/www.evropskakuca.me\\\/me\\\/#\\\/schema\\\/logo\\\/image\\\/\",\"url\":\"https:\\\/\\\/www.evropskakuca.me\\\/wp-content\\\/uploads\\\/2025\\\/01\\\/evropska-kuca-logo-1.png\",\"contentUrl\":\"https:\\\/\\\/www.evropskakuca.me\\\/wp-content\\\/uploads\\\/2025\\\/01\\\/evropska-kuca-logo-1.png\",\"width\":425,\"height\":312,\"caption\":\"Evropean house\"},\"image\":{\"@id\":\"https:\\\/\\\/www.evropskakuca.me\\\/me\\\/#\\\/schema\\\/logo\\\/image\\\/\"},\"sameAs\":[\"https:\\\/\\\/www.facebook.com\\\/evropska.kuca\",\"https:\\\/\\\/x.com\\\/evropska_kuca\",\"https:\\\/\\\/www.instagram.com\\\/evropska_kuca\"]},{\"@type\":\"Person\",\"@id\":\"https:\\\/\\\/www.evropskakuca.me\\\/me\\\/#\\\/schema\\\/person\\\/a1d0dcdaefe4a1cd1d60d200ea137ba4\",\"name\":\"mkajic\",\"image\":{\"@type\":\"ImageObject\",\"inLanguage\":\"me-ME\",\"@id\":\"https:\\\/\\\/secure.gravatar.com\\\/avatar\\\/731fa035cefab7316e6bafd1f25a93fb731a07de14e2d9923f8db4422628eabc?s=96&d=mm&r=g\",\"url\":\"https:\\\/\\\/secure.gravatar.com\\\/avatar\\\/731fa035cefab7316e6bafd1f25a93fb731a07de14e2d9923f8db4422628eabc?s=96&d=mm&r=g\",\"contentUrl\":\"https:\\\/\\\/secure.gravatar.com\\\/avatar\\\/731fa035cefab7316e6bafd1f25a93fb731a07de14e2d9923f8db4422628eabc?s=96&d=mm&r=g\",\"caption\":\"mkajic\"},\"sameAs\":[\"https:\\\/\\\/evropskakuca.me\"],\"url\":\"https:\\\/\\\/www.evropskakuca.me\\\/me\\\/author\\\/mkajic\\\/\"}]}<\/script>\n<!-- \/ Yoast SEO plugin. -->","yoast_head_json":{"title":"Ve\u010de Italije, muzike i prijateljstva u Evropskoj ku\u0107i - Europe House","robots":{"index":"index","follow":"follow","max-snippet":"max-snippet:-1","max-image-preview":"max-image-preview:large","max-video-preview":"max-video-preview:-1"},"canonical":"https:\/\/www.evropskakuca.me\/me\/vece-italije-muzike-i-prijateljstva-u-evropskoj-kuci\/","og_locale":"en_US","og_type":"article","og_title":"Ve\u010de Italije, muzike i prijateljstva u Evropskoj ku\u0107i - Europe House","og_description":"Muzi\u010dko-diplomatski doga\u0111aj &#8221;Kafa sa ambasadorkom Italije&#8221; odr\u017ean je u Evropskoj ku\u0107i. &nbsp; Ambasadorka Italije\u00a0u Crnoj Gori, Andreina Marsela\u00a0ima bogatu\u00a0i dugu\u00a0diplomatsku karijeru. Kroz razli\u010dite funkcije u\u00a0italijanskom Ministarstvu\u00a0spoljnih\u00a0poslova, ambasadorka je sticala iskustvo \u0161irom svijeta, od Kartuma do Kabula, Tripolija do Podgorice. Diplomatija ju je i dovela u Crnu Goru. Ipak ,&#8221;svi putevi vode u Rim &#8221;. Na [&hellip;]","og_url":"https:\/\/www.evropskakuca.me\/me\/vece-italije-muzike-i-prijateljstva-u-evropskoj-kuci\/","og_site_name":"Europe House","article_publisher":"https:\/\/www.facebook.com\/evropska.kuca","article_published_time":"2023-11-28T09:10:12+00:00","article_modified_time":"2024-11-26T22:59:52+00:00","og_image":[{"width":2560,"height":1707,"url":"https:\/\/www.evropskakuca.me\/wp-content\/uploads\/2023\/11\/FRO_2649.jpg","type":"image\/jpeg"}],"author":"mkajic","twitter_card":"summary_large_image","twitter_creator":"@evropska_kuca","twitter_site":"@evropska_kuca","twitter_misc":{"Written by":"mkajic","Est. reading time":"3 minutes"},"schema":{"@context":"https:\/\/schema.org","@graph":[{"@type":"Article","@id":"https:\/\/www.evropskakuca.me\/me\/vece-italije-muzike-i-prijateljstva-u-evropskoj-kuci\/#article","isPartOf":{"@id":"https:\/\/www.evropskakuca.me\/me\/vece-italije-muzike-i-prijateljstva-u-evropskoj-kuci\/"},"author":{"name":"mkajic","@id":"https:\/\/www.evropskakuca.me\/me\/#\/schema\/person\/a1d0dcdaefe4a1cd1d60d200ea137ba4"},"headline":"Ve\u010de Italije, muzike i prijateljstva u Evropskoj ku\u0107i","datePublished":"2023-11-28T09:10:12+00:00","dateModified":"2024-11-26T22:59:52+00:00","mainEntityOfPage":{"@id":"https:\/\/www.evropskakuca.me\/me\/vece-italije-muzike-i-prijateljstva-u-evropskoj-kuci\/"},"wordCount":395,"publisher":{"@id":"https:\/\/www.evropskakuca.me\/me\/#organization"},"image":{"@id":"https:\/\/www.evropskakuca.me\/me\/vece-italije-muzike-i-prijateljstva-u-evropskoj-kuci\/#primaryimage"},"thumbnailUrl":"https:\/\/www.evropskakuca.me\/wp-content\/uploads\/2023\/11\/FRO_2649.jpg","articleSection":["Uncategorized @me"],"inLanguage":"me-ME"},{"@type":"WebPage","@id":"https:\/\/www.evropskakuca.me\/me\/vece-italije-muzike-i-prijateljstva-u-evropskoj-kuci\/","url":"https:\/\/www.evropskakuca.me\/me\/vece-italije-muzike-i-prijateljstva-u-evropskoj-kuci\/","name":"Ve\u010de Italije, muzike i prijateljstva u Evropskoj ku\u0107i - Europe House","isPartOf":{"@id":"https:\/\/www.evropskakuca.me\/me\/#website"},"primaryImageOfPage":{"@id":"https:\/\/www.evropskakuca.me\/me\/vece-italije-muzike-i-prijateljstva-u-evropskoj-kuci\/#primaryimage"},"image":{"@id":"https:\/\/www.evropskakuca.me\/me\/vece-italije-muzike-i-prijateljstva-u-evropskoj-kuci\/#primaryimage"},"thumbnailUrl":"https:\/\/www.evropskakuca.me\/wp-content\/uploads\/2023\/11\/FRO_2649.jpg","datePublished":"2023-11-28T09:10:12+00:00","dateModified":"2024-11-26T22:59:52+00:00","breadcrumb":{"@id":"https:\/\/www.evropskakuca.me\/me\/vece-italije-muzike-i-prijateljstva-u-evropskoj-kuci\/#breadcrumb"},"inLanguage":"me-ME","potentialAction":[{"@type":"ReadAction","target":["https:\/\/www.evropskakuca.me\/me\/vece-italije-muzike-i-prijateljstva-u-evropskoj-kuci\/"]}]},{"@type":"ImageObject","inLanguage":"me-ME","@id":"https:\/\/www.evropskakuca.me\/me\/vece-italije-muzike-i-prijateljstva-u-evropskoj-kuci\/#primaryimage","url":"https:\/\/www.evropskakuca.me\/wp-content\/uploads\/2023\/11\/FRO_2649.jpg","contentUrl":"https:\/\/www.evropskakuca.me\/wp-content\/uploads\/2023\/11\/FRO_2649.jpg","width":2560,"height":1707},{"@type":"BreadcrumbList","@id":"https:\/\/www.evropskakuca.me\/me\/vece-italije-muzike-i-prijateljstva-u-evropskoj-kuci\/#breadcrumb","itemListElement":[{"@type":"ListItem","position":1,"name":"Home","item":"https:\/\/www.evropskakuca.me\/me\/"},{"@type":"ListItem","position":2,"name":"Ve\u010de Italije, muzike i prijateljstva u Evropskoj ku\u0107i"}]},{"@type":"WebSite","@id":"https:\/\/www.evropskakuca.me\/me\/#website","url":"https:\/\/www.evropskakuca.me\/me\/","name":"Evropean house","description":"","publisher":{"@id":"https:\/\/www.evropskakuca.me\/me\/#organization"},"potentialAction":[{"@type":"SearchAction","target":{"@type":"EntryPoint","urlTemplate":"https:\/\/www.evropskakuca.me\/me\/?s={search_term_string}"},"query-input":{"@type":"PropertyValueSpecification","valueRequired":true,"valueName":"search_term_string"}}],"inLanguage":"me-ME"},{"@type":"Organization","@id":"https:\/\/www.evropskakuca.me\/me\/#organization","name":"Evropean house","url":"https:\/\/www.evropskakuca.me\/me\/","logo":{"@type":"ImageObject","inLanguage":"me-ME","@id":"https:\/\/www.evropskakuca.me\/me\/#\/schema\/logo\/image\/","url":"https:\/\/www.evropskakuca.me\/wp-content\/uploads\/2025\/01\/evropska-kuca-logo-1.png","contentUrl":"https:\/\/www.evropskakuca.me\/wp-content\/uploads\/2025\/01\/evropska-kuca-logo-1.png","width":425,"height":312,"caption":"Evropean house"},"image":{"@id":"https:\/\/www.evropskakuca.me\/me\/#\/schema\/logo\/image\/"},"sameAs":["https:\/\/www.facebook.com\/evropska.kuca","https:\/\/x.com\/evropska_kuca","https:\/\/www.instagram.com\/evropska_kuca"]},{"@type":"Person","@id":"https:\/\/www.evropskakuca.me\/me\/#\/schema\/person\/a1d0dcdaefe4a1cd1d60d200ea137ba4","name":"mkajic","image":{"@type":"ImageObject","inLanguage":"me-ME","@id":"https:\/\/secure.gravatar.com\/avatar\/731fa035cefab7316e6bafd1f25a93fb731a07de14e2d9923f8db4422628eabc?s=96&d=mm&r=g","url":"https:\/\/secure.gravatar.com\/avatar\/731fa035cefab7316e6bafd1f25a93fb731a07de14e2d9923f8db4422628eabc?s=96&d=mm&r=g","contentUrl":"https:\/\/secure.gravatar.com\/avatar\/731fa035cefab7316e6bafd1f25a93fb731a07de14e2d9923f8db4422628eabc?s=96&d=mm&r=g","caption":"mkajic"},"sameAs":["https:\/\/evropskakuca.me"],"url":"https:\/\/www.evropskakuca.me\/me\/author\/mkajic\/"}]}},"_links":{"self":[{"href":"https:\/\/www.evropskakuca.me\/me\/wp-json\/wp\/v2\/posts\/27244","targetHints":{"allow":["GET"]}}],"collection":[{"href":"https:\/\/www.evropskakuca.me\/me\/wp-json\/wp\/v2\/posts"}],"about":[{"href":"https:\/\/www.evropskakuca.me\/me\/wp-json\/wp\/v2\/types\/post"}],"author":[{"embeddable":true,"href":"https:\/\/www.evropskakuca.me\/me\/wp-json\/wp\/v2\/users\/1"}],"replies":[{"embeddable":true,"href":"https:\/\/www.evropskakuca.me\/me\/wp-json\/wp\/v2\/comments?post=27244"}],"version-history":[{"count":1,"href":"https:\/\/www.evropskakuca.me\/me\/wp-json\/wp\/v2\/posts\/27244\/revisions"}],"predecessor-version":[{"id":31074,"href":"https:\/\/www.evropskakuca.me\/me\/wp-json\/wp\/v2\/posts\/27244\/revisions\/31074"}],"wp:featuredmedia":[{"embeddable":true,"href":"https:\/\/www.evropskakuca.me\/me\/wp-json\/wp\/v2\/media\/40213"}],"wp:attachment":[{"href":"https:\/\/www.evropskakuca.me\/me\/wp-json\/wp\/v2\/media?parent=27244"}],"wp:term":[{"taxonomy":"category","embeddable":true,"href":"https:\/\/www.evropskakuca.me\/me\/wp-json\/wp\/v2\/categories?post=27244"},{"taxonomy":"post_tag","embeddable":true,"href":"https:\/\/www.evropskakuca.me\/me\/wp-json\/wp\/v2\/tags?post=27244"}],"curies":[{"name":"wp","href":"https:\/\/api.w.org\/{rel}","templated":true}]}}