{"id":27222,"date":"2023-11-20T13:37:29","date_gmt":"2023-11-20T13:37:29","guid":{"rendered":"https:\/\/evropskakuca.me\/?p=27222"},"modified":"2025-02-07T11:55:55","modified_gmt":"2025-02-07T11:55:55","slug":"italija-na-dlanu","status":"publish","type":"post","link":"https:\/\/www.evropskakuca.me\/me\/italija-na-dlanu\/","title":{"rendered":"Italija na dlanu"},"content":{"rendered":"<h2 style=\"text-align: center;\"><strong>Svi putevi vode u Rim<\/strong><\/h2>\n<p>Jo\u0161 u stara vremena znalo se.. Svi putevi vode u Rim. Danas je svijet druga\u010dije mjesto ali stara maksima i dalje va\u017ei. Glavni grad Italije mjesto je dolaska miliona. Rim je istorija, Rim je grad Romula i Rema. Rim je grad koji vrijedi vidjeti makar jednom.<\/p>\n<p><img fetchpriority=\"high\" decoding=\"async\" class=\"alignnone size-large wp-image-27233\" src=\"https:\/\/evropskakuca.me\/wp-content\/uploads\/2023\/11\/pexels-andres-alvarez-3373974-1024x768.jpg\" alt=\"\" width=\"1024\" height=\"768\" \/><\/p>\n<blockquote><p>Italija je geografski locirana na Apeninskom poluostrvu. \u010cuvenoj \u010dizmi dodajte jo\u0161 tri velika ostrva: Siciliju, Sardiniju i Elbu i eto Vam dana\u0161nje Italije. Zemlje \u010dije obale zapljuskuju talasi pet mora. Italije u \u010dijim granicama postoje jo\u0161 dvije suverene dr\u017eave. U srcu Rima Vatikan a na obroncima Apenina San Marino.<\/p><\/blockquote>\n<p><img decoding=\"async\" class=\"alignnone size-large wp-image-27223\" src=\"https:\/\/evropskakuca.me\/wp-content\/uploads\/2023\/11\/pexels-pixabay-326709-1024x678.jpg\" alt=\"\" width=\"1024\" height=\"678\" \/><\/p>\n<p>Italija je zemlja na \u010dijoj teritoriji ima 14 vulkana od kojih su \u010detiri aktivni: Etna na Siciliji, Stromboli, Vulkano i Vezuv. \u00a0Samim tim najlogi\u010dnije je i da najve\u0107e jezero vulkanskog porijekla u Evropi bude ba\u0161 u Italiji. Bolsena se zove.<\/p>\n<p>Pri\u010dati o svemu \u0161to je kroz svoju istoriju Italija dala svijetu prosto je nemogu\u0107e. Dovoljno je re\u0107i rimsko pravo. Dovoljno je re\u0107i renesansa. Dovoljno je re\u0107i Da Vin\u010di, Mikelan\u0111elo, Boti\u010deli&#8230;nabrajati se mo\u017ee u nedogled. Italija je po mnogo \u010demu osobena i svoja ali i planetarna. Na to ima pravo zahvaljuju\u0107i istorijskom trajanju dugom tri milenijuma. Jer tri milenuijuma svi putevi vode u Rim.<\/p>\n\n<p>Italija je poznata po svojoj kuhinji, modi, dizajnu, odje\u0107i, arhitekturi, umjetnosti, muzici&#8230;Italija je domovina paste, pice, \u0161pageta, lazanja&#8230;domovina presti\u017enih modnih brendova, presti\u017enih automobilskih ku\u0107a i mnogo toga jo\u0161. Ako \u0111avo nosi Pradu onda se sigurno obla\u010di u Italiji.<\/p>\n<p>\u0160ta re\u0107i o zemlji koja je \u010detiri puta bila prvak svijeta u fudbalu a svi znamo da je Milan sedam puta osvajao evropski vrh. Tek bi tu bilo te\u0161ko nabrojati sva poznata imena. \u0160ta re\u0107i o ljepotama Venecije, Firence, Napulja, Verone, Trsta, i svih gradova punih istorije i urbane gradske vreve.<\/p>\n<p><img decoding=\"async\" class=\"alignnone size-large wp-image-27231\" src=\"https:\/\/evropskakuca.me\/wp-content\/uploads\/2023\/11\/pexels-pixabay-208701-1024x576.jpg\" alt=\"\" width=\"1024\" height=\"576\" \/><\/p>\n<p>Pri\u010dati o Italiji a ne pomenuti muziku ne bi imalo smisla. To bi zna\u010dilo ne pomenuti imena kao \u0161to su \u0110uzepe Verdi, Antonio Vivaldi, Domeniko Skarleti, \u0110akomo Pu\u010dini&#8230;Enriko Karuzo, Lu\u010diano Pavaroti&#8230;Andrea Bo\u010deli, \u0110ani Morandi, Eros Ramazoti, Toto Kutunjo&#8230;<\/p>\n<p>Upravo je Toto Kutunjo na po\u010detku devedesetih prvi put otpjevao Insieme. To njegovo \u201cZajedno\u201c\u00a0 najbolje opisuje Evropu danas. Italija je na kraju krajeva jedan od osniva\u010da NATO, grupe G8 i Evropske ekonomske zajednice, prete\u010de dana\u0161nje Evropske unije.<\/p>\n<p>A Toto Kutunjo otpjevao je i pjesmu nama poznatu kao Pustite me da Vam pjevam, lasciatemi cantare.<\/p>\n<p><iframe title=\"L&#039;italiano - Toto Cutugno Video Ufficiale\" width=\"800\" height=\"600\" src=\"https:\/\/www.youtube.com\/embed\/TYtdYslLY9I?feature=oembed\" frameborder=\"0\" allow=\"accelerometer; autoplay; clipboard-write; encrypted-media; gyroscope; picture-in-picture; web-share\" referrerpolicy=\"strict-origin-when-cross-origin\" allowfullscreen><\/iframe><\/p>\n<p>Italija je domovina mnogih velikana filma i muzike.<\/p>\n<p>Svi znamo za Federika Felinija, Vitorija de Siku, Roberta Roselinija ili Roberta Beninjija. Ser\u0111o Leone je najve\u0107e ime jo\u0161 jednog italijanskog izuma, \u0161pageti vesterna. Enio Morikone je najslavnije ime filmske muzike pro\u0161log vijeka. Znamo i Sofiju Loren i Klaudiju Kardinale. I Moniku Belu\u010di. Svi su to najbolji predstavnici italijanske kulture ali i ljepote.<\/p>\n<p><img loading=\"lazy\" decoding=\"async\" class=\"alignnone size-large wp-image-27235\" src=\"https:\/\/evropskakuca.me\/wp-content\/uploads\/2023\/11\/Kafa-s-ambasadorkom-ITALIJA-04-1024x576.png\" alt=\"\" width=\"1024\" height=\"576\" \/><\/p>\n<p>A Kada govorimo o italijanskoj kulturi moramo pomenuti i kafu. Ona je dio italijanskog nacionalnog identiteta i mnogo je vi\u0161e od toplog napitka, ona je ritual, ona je na\u010din \u017eivljenja i u\u017eivanja u \u017eivotu.<\/p>\n<blockquote><p>U skladu s tom kulturom ispijanja kafe \u010dekamo vas u Evropskoj ku\u0107i 24. novembra 2023. godine u 18h. Do\u0111ite da zajedno sa ambasadorkom Italije razgovaramo o njenoj prelijepoj zemlji. Svejedno je kojim putem \u0107ete do\u0107i do Evropske ku\u0107e, <strong>svi putevi vode u Rim<\/strong>.<\/p><\/blockquote>\n<p>&nbsp;<\/p>\n","protected":false},"excerpt":{"rendered":"<p>Svi putevi vode u Rim Jo\u0161 u stara vremena znalo se.. Svi putevi vode u Rim. Danas je svijet druga\u010dije mjesto ali stara maksima i dalje va\u017ei. Glavni grad Italije mjesto je dolaska miliona. Rim je istorija, Rim je grad Romula i Rema. Rim je grad koji vrijedi vidjeti makar jednom. Italija je geografski locirana [&hellip;]<\/p>\n","protected":false},"author":1,"featured_media":40271,"comment_status":"closed","ping_status":"closed","sticky":false,"template":"","format":"standard","meta":{"_acf_changed":false,"footnotes":""},"categories":[283,524],"tags":[],"class_list":["post-27222","post","type-post","status-publish","format-standard","has-post-thumbnail","hentry","category-novosti-me","category-vesti"],"acf":[],"yoast_head":"<!-- This site is optimized with the Yoast SEO plugin v28.4 - https:\/\/yoast.com\/product\/yoast-seo-wordpress\/ -->\n<title>Italija na dlanu - Europe House<\/title>\n<meta name=\"robots\" content=\"index, follow, max-snippet:-1, max-image-preview:large, max-video-preview:-1\" \/>\n<link rel=\"canonical\" href=\"https:\/\/www.evropskakuca.me\/me\/italija-na-dlanu\/\" \/>\n<meta property=\"og:locale\" content=\"en_US\" \/>\n<meta property=\"og:type\" content=\"article\" \/>\n<meta property=\"og:title\" content=\"Italija na dlanu - Europe House\" \/>\n<meta property=\"og:description\" content=\"Svi putevi vode u Rim Jo\u0161 u stara vremena znalo se.. Svi putevi vode u Rim. Danas je svijet druga\u010dije mjesto ali stara maksima i dalje va\u017ei. Glavni grad Italije mjesto je dolaska miliona. Rim je istorija, Rim je grad Romula i Rema. Rim je grad koji vrijedi vidjeti makar jednom. Italija je geografski locirana [&hellip;]\" \/>\n<meta property=\"og:url\" content=\"https:\/\/www.evropskakuca.me\/me\/italija-na-dlanu\/\" \/>\n<meta property=\"og:site_name\" content=\"Europe House\" \/>\n<meta property=\"article:publisher\" content=\"https:\/\/www.facebook.com\/evropska.kuca\" \/>\n<meta property=\"article:published_time\" content=\"2023-11-20T13:37:29+00:00\" \/>\n<meta property=\"article:modified_time\" content=\"2025-02-07T11:55:55+00:00\" \/>\n<meta property=\"og:image\" content=\"https:\/\/www.evropskakuca.me\/wp-content\/uploads\/2023\/11\/pexels-fabio-mariano-4046386.jpg\" \/>\n\t<meta property=\"og:image:width\" content=\"2560\" \/>\n\t<meta property=\"og:image:height\" content=\"1707\" \/>\n\t<meta property=\"og:image:type\" content=\"image\/jpeg\" \/>\n<meta name=\"author\" content=\"mkajic\" \/>\n<meta name=\"twitter:card\" content=\"summary_large_image\" \/>\n<meta name=\"twitter:creator\" content=\"@evropska_kuca\" \/>\n<meta name=\"twitter:site\" content=\"@evropska_kuca\" \/>\n<meta name=\"twitter:label1\" content=\"Written by\" \/>\n\t<meta name=\"twitter:data1\" content=\"mkajic\" \/>\n\t<meta name=\"twitter:label2\" content=\"Est. reading time\" \/>\n\t<meta name=\"twitter:data2\" content=\"3 minutes\" \/>\n<script type=\"application\/ld+json\" class=\"yoast-schema-graph\">{\"@context\":\"https:\\\/\\\/schema.org\",\"@graph\":[{\"@type\":\"Article\",\"@id\":\"https:\\\/\\\/www.evropskakuca.me\\\/me\\\/italija-na-dlanu\\\/#article\",\"isPartOf\":{\"@id\":\"https:\\\/\\\/www.evropskakuca.me\\\/me\\\/italija-na-dlanu\\\/\"},\"author\":{\"name\":\"mkajic\",\"@id\":\"https:\\\/\\\/www.evropskakuca.me\\\/me\\\/#\\\/schema\\\/person\\\/a1d0dcdaefe4a1cd1d60d200ea137ba4\"},\"headline\":\"Italija na dlanu\",\"datePublished\":\"2023-11-20T13:37:29+00:00\",\"dateModified\":\"2025-02-07T11:55:55+00:00\",\"mainEntityOfPage\":{\"@id\":\"https:\\\/\\\/www.evropskakuca.me\\\/me\\\/italija-na-dlanu\\\/\"},\"wordCount\":584,\"publisher\":{\"@id\":\"https:\\\/\\\/www.evropskakuca.me\\\/me\\\/#organization\"},\"image\":{\"@id\":\"https:\\\/\\\/www.evropskakuca.me\\\/me\\\/italija-na-dlanu\\\/#primaryimage\"},\"thumbnailUrl\":\"https:\\\/\\\/www.evropskakuca.me\\\/wp-content\\\/uploads\\\/2023\\\/11\\\/pexels-fabio-mariano-4046386.jpg\",\"articleSection\":[\"Novosti\",\"Vesti\"],\"inLanguage\":\"me-ME\"},{\"@type\":\"WebPage\",\"@id\":\"https:\\\/\\\/www.evropskakuca.me\\\/me\\\/italija-na-dlanu\\\/\",\"url\":\"https:\\\/\\\/www.evropskakuca.me\\\/me\\\/italija-na-dlanu\\\/\",\"name\":\"Italija na dlanu - Europe House\",\"isPartOf\":{\"@id\":\"https:\\\/\\\/www.evropskakuca.me\\\/me\\\/#website\"},\"primaryImageOfPage\":{\"@id\":\"https:\\\/\\\/www.evropskakuca.me\\\/me\\\/italija-na-dlanu\\\/#primaryimage\"},\"image\":{\"@id\":\"https:\\\/\\\/www.evropskakuca.me\\\/me\\\/italija-na-dlanu\\\/#primaryimage\"},\"thumbnailUrl\":\"https:\\\/\\\/www.evropskakuca.me\\\/wp-content\\\/uploads\\\/2023\\\/11\\\/pexels-fabio-mariano-4046386.jpg\",\"datePublished\":\"2023-11-20T13:37:29+00:00\",\"dateModified\":\"2025-02-07T11:55:55+00:00\",\"breadcrumb\":{\"@id\":\"https:\\\/\\\/www.evropskakuca.me\\\/me\\\/italija-na-dlanu\\\/#breadcrumb\"},\"inLanguage\":\"me-ME\",\"potentialAction\":[{\"@type\":\"ReadAction\",\"target\":[\"https:\\\/\\\/www.evropskakuca.me\\\/me\\\/italija-na-dlanu\\\/\"]}]},{\"@type\":\"ImageObject\",\"inLanguage\":\"me-ME\",\"@id\":\"https:\\\/\\\/www.evropskakuca.me\\\/me\\\/italija-na-dlanu\\\/#primaryimage\",\"url\":\"https:\\\/\\\/www.evropskakuca.me\\\/wp-content\\\/uploads\\\/2023\\\/11\\\/pexels-fabio-mariano-4046386.jpg\",\"contentUrl\":\"https:\\\/\\\/www.evropskakuca.me\\\/wp-content\\\/uploads\\\/2023\\\/11\\\/pexels-fabio-mariano-4046386.jpg\",\"width\":2560,\"height\":1707},{\"@type\":\"BreadcrumbList\",\"@id\":\"https:\\\/\\\/www.evropskakuca.me\\\/me\\\/italija-na-dlanu\\\/#breadcrumb\",\"itemListElement\":[{\"@type\":\"ListItem\",\"position\":1,\"name\":\"Home\",\"item\":\"https:\\\/\\\/www.evropskakuca.me\\\/me\\\/\"},{\"@type\":\"ListItem\",\"position\":2,\"name\":\"Italija na dlanu\"}]},{\"@type\":\"WebSite\",\"@id\":\"https:\\\/\\\/www.evropskakuca.me\\\/me\\\/#website\",\"url\":\"https:\\\/\\\/www.evropskakuca.me\\\/me\\\/\",\"name\":\"Evropean house\",\"description\":\"\",\"publisher\":{\"@id\":\"https:\\\/\\\/www.evropskakuca.me\\\/me\\\/#organization\"},\"potentialAction\":[{\"@type\":\"SearchAction\",\"target\":{\"@type\":\"EntryPoint\",\"urlTemplate\":\"https:\\\/\\\/www.evropskakuca.me\\\/me\\\/?s={search_term_string}\"},\"query-input\":{\"@type\":\"PropertyValueSpecification\",\"valueRequired\":true,\"valueName\":\"search_term_string\"}}],\"inLanguage\":\"me-ME\"},{\"@type\":\"Organization\",\"@id\":\"https:\\\/\\\/www.evropskakuca.me\\\/me\\\/#organization\",\"name\":\"Evropean house\",\"url\":\"https:\\\/\\\/www.evropskakuca.me\\\/me\\\/\",\"logo\":{\"@type\":\"ImageObject\",\"inLanguage\":\"me-ME\",\"@id\":\"https:\\\/\\\/www.evropskakuca.me\\\/me\\\/#\\\/schema\\\/logo\\\/image\\\/\",\"url\":\"https:\\\/\\\/www.evropskakuca.me\\\/wp-content\\\/uploads\\\/2025\\\/01\\\/evropska-kuca-logo-1.png\",\"contentUrl\":\"https:\\\/\\\/www.evropskakuca.me\\\/wp-content\\\/uploads\\\/2025\\\/01\\\/evropska-kuca-logo-1.png\",\"width\":425,\"height\":312,\"caption\":\"Evropean house\"},\"image\":{\"@id\":\"https:\\\/\\\/www.evropskakuca.me\\\/me\\\/#\\\/schema\\\/logo\\\/image\\\/\"},\"sameAs\":[\"https:\\\/\\\/www.facebook.com\\\/evropska.kuca\",\"https:\\\/\\\/x.com\\\/evropska_kuca\",\"https:\\\/\\\/www.instagram.com\\\/evropska_kuca\"]},{\"@type\":\"Person\",\"@id\":\"https:\\\/\\\/www.evropskakuca.me\\\/me\\\/#\\\/schema\\\/person\\\/a1d0dcdaefe4a1cd1d60d200ea137ba4\",\"name\":\"mkajic\",\"image\":{\"@type\":\"ImageObject\",\"inLanguage\":\"me-ME\",\"@id\":\"https:\\\/\\\/secure.gravatar.com\\\/avatar\\\/731fa035cefab7316e6bafd1f25a93fb731a07de14e2d9923f8db4422628eabc?s=96&d=mm&r=g\",\"url\":\"https:\\\/\\\/secure.gravatar.com\\\/avatar\\\/731fa035cefab7316e6bafd1f25a93fb731a07de14e2d9923f8db4422628eabc?s=96&d=mm&r=g\",\"contentUrl\":\"https:\\\/\\\/secure.gravatar.com\\\/avatar\\\/731fa035cefab7316e6bafd1f25a93fb731a07de14e2d9923f8db4422628eabc?s=96&d=mm&r=g\",\"caption\":\"mkajic\"},\"sameAs\":[\"https:\\\/\\\/evropskakuca.me\"],\"url\":\"https:\\\/\\\/www.evropskakuca.me\\\/me\\\/author\\\/mkajic\\\/\"}]}<\/script>\n<!-- \/ Yoast SEO plugin. -->","yoast_head_json":{"title":"Italija na dlanu - Europe House","robots":{"index":"index","follow":"follow","max-snippet":"max-snippet:-1","max-image-preview":"max-image-preview:large","max-video-preview":"max-video-preview:-1"},"canonical":"https:\/\/www.evropskakuca.me\/me\/italija-na-dlanu\/","og_locale":"en_US","og_type":"article","og_title":"Italija na dlanu - Europe House","og_description":"Svi putevi vode u Rim Jo\u0161 u stara vremena znalo se.. Svi putevi vode u Rim. Danas je svijet druga\u010dije mjesto ali stara maksima i dalje va\u017ei. Glavni grad Italije mjesto je dolaska miliona. Rim je istorija, Rim je grad Romula i Rema. Rim je grad koji vrijedi vidjeti makar jednom. Italija je geografski locirana [&hellip;]","og_url":"https:\/\/www.evropskakuca.me\/me\/italija-na-dlanu\/","og_site_name":"Europe House","article_publisher":"https:\/\/www.facebook.com\/evropska.kuca","article_published_time":"2023-11-20T13:37:29+00:00","article_modified_time":"2025-02-07T11:55:55+00:00","og_image":[{"width":2560,"height":1707,"url":"https:\/\/www.evropskakuca.me\/wp-content\/uploads\/2023\/11\/pexels-fabio-mariano-4046386.jpg","type":"image\/jpeg"}],"author":"mkajic","twitter_card":"summary_large_image","twitter_creator":"@evropska_kuca","twitter_site":"@evropska_kuca","twitter_misc":{"Written by":"mkajic","Est. reading time":"3 minutes"},"schema":{"@context":"https:\/\/schema.org","@graph":[{"@type":"Article","@id":"https:\/\/www.evropskakuca.me\/me\/italija-na-dlanu\/#article","isPartOf":{"@id":"https:\/\/www.evropskakuca.me\/me\/italija-na-dlanu\/"},"author":{"name":"mkajic","@id":"https:\/\/www.evropskakuca.me\/me\/#\/schema\/person\/a1d0dcdaefe4a1cd1d60d200ea137ba4"},"headline":"Italija na dlanu","datePublished":"2023-11-20T13:37:29+00:00","dateModified":"2025-02-07T11:55:55+00:00","mainEntityOfPage":{"@id":"https:\/\/www.evropskakuca.me\/me\/italija-na-dlanu\/"},"wordCount":584,"publisher":{"@id":"https:\/\/www.evropskakuca.me\/me\/#organization"},"image":{"@id":"https:\/\/www.evropskakuca.me\/me\/italija-na-dlanu\/#primaryimage"},"thumbnailUrl":"https:\/\/www.evropskakuca.me\/wp-content\/uploads\/2023\/11\/pexels-fabio-mariano-4046386.jpg","articleSection":["Novosti","Vesti"],"inLanguage":"me-ME"},{"@type":"WebPage","@id":"https:\/\/www.evropskakuca.me\/me\/italija-na-dlanu\/","url":"https:\/\/www.evropskakuca.me\/me\/italija-na-dlanu\/","name":"Italija na dlanu - Europe House","isPartOf":{"@id":"https:\/\/www.evropskakuca.me\/me\/#website"},"primaryImageOfPage":{"@id":"https:\/\/www.evropskakuca.me\/me\/italija-na-dlanu\/#primaryimage"},"image":{"@id":"https:\/\/www.evropskakuca.me\/me\/italija-na-dlanu\/#primaryimage"},"thumbnailUrl":"https:\/\/www.evropskakuca.me\/wp-content\/uploads\/2023\/11\/pexels-fabio-mariano-4046386.jpg","datePublished":"2023-11-20T13:37:29+00:00","dateModified":"2025-02-07T11:55:55+00:00","breadcrumb":{"@id":"https:\/\/www.evropskakuca.me\/me\/italija-na-dlanu\/#breadcrumb"},"inLanguage":"me-ME","potentialAction":[{"@type":"ReadAction","target":["https:\/\/www.evropskakuca.me\/me\/italija-na-dlanu\/"]}]},{"@type":"ImageObject","inLanguage":"me-ME","@id":"https:\/\/www.evropskakuca.me\/me\/italija-na-dlanu\/#primaryimage","url":"https:\/\/www.evropskakuca.me\/wp-content\/uploads\/2023\/11\/pexels-fabio-mariano-4046386.jpg","contentUrl":"https:\/\/www.evropskakuca.me\/wp-content\/uploads\/2023\/11\/pexels-fabio-mariano-4046386.jpg","width":2560,"height":1707},{"@type":"BreadcrumbList","@id":"https:\/\/www.evropskakuca.me\/me\/italija-na-dlanu\/#breadcrumb","itemListElement":[{"@type":"ListItem","position":1,"name":"Home","item":"https:\/\/www.evropskakuca.me\/me\/"},{"@type":"ListItem","position":2,"name":"Italija na dlanu"}]},{"@type":"WebSite","@id":"https:\/\/www.evropskakuca.me\/me\/#website","url":"https:\/\/www.evropskakuca.me\/me\/","name":"Evropean house","description":"","publisher":{"@id":"https:\/\/www.evropskakuca.me\/me\/#organization"},"potentialAction":[{"@type":"SearchAction","target":{"@type":"EntryPoint","urlTemplate":"https:\/\/www.evropskakuca.me\/me\/?s={search_term_string}"},"query-input":{"@type":"PropertyValueSpecification","valueRequired":true,"valueName":"search_term_string"}}],"inLanguage":"me-ME"},{"@type":"Organization","@id":"https:\/\/www.evropskakuca.me\/me\/#organization","name":"Evropean house","url":"https:\/\/www.evropskakuca.me\/me\/","logo":{"@type":"ImageObject","inLanguage":"me-ME","@id":"https:\/\/www.evropskakuca.me\/me\/#\/schema\/logo\/image\/","url":"https:\/\/www.evropskakuca.me\/wp-content\/uploads\/2025\/01\/evropska-kuca-logo-1.png","contentUrl":"https:\/\/www.evropskakuca.me\/wp-content\/uploads\/2025\/01\/evropska-kuca-logo-1.png","width":425,"height":312,"caption":"Evropean house"},"image":{"@id":"https:\/\/www.evropskakuca.me\/me\/#\/schema\/logo\/image\/"},"sameAs":["https:\/\/www.facebook.com\/evropska.kuca","https:\/\/x.com\/evropska_kuca","https:\/\/www.instagram.com\/evropska_kuca"]},{"@type":"Person","@id":"https:\/\/www.evropskakuca.me\/me\/#\/schema\/person\/a1d0dcdaefe4a1cd1d60d200ea137ba4","name":"mkajic","image":{"@type":"ImageObject","inLanguage":"me-ME","@id":"https:\/\/secure.gravatar.com\/avatar\/731fa035cefab7316e6bafd1f25a93fb731a07de14e2d9923f8db4422628eabc?s=96&d=mm&r=g","url":"https:\/\/secure.gravatar.com\/avatar\/731fa035cefab7316e6bafd1f25a93fb731a07de14e2d9923f8db4422628eabc?s=96&d=mm&r=g","contentUrl":"https:\/\/secure.gravatar.com\/avatar\/731fa035cefab7316e6bafd1f25a93fb731a07de14e2d9923f8db4422628eabc?s=96&d=mm&r=g","caption":"mkajic"},"sameAs":["https:\/\/evropskakuca.me"],"url":"https:\/\/www.evropskakuca.me\/me\/author\/mkajic\/"}]}},"_links":{"self":[{"href":"https:\/\/www.evropskakuca.me\/me\/wp-json\/wp\/v2\/posts\/27222","targetHints":{"allow":["GET"]}}],"collection":[{"href":"https:\/\/www.evropskakuca.me\/me\/wp-json\/wp\/v2\/posts"}],"about":[{"href":"https:\/\/www.evropskakuca.me\/me\/wp-json\/wp\/v2\/types\/post"}],"author":[{"embeddable":true,"href":"https:\/\/www.evropskakuca.me\/me\/wp-json\/wp\/v2\/users\/1"}],"replies":[{"embeddable":true,"href":"https:\/\/www.evropskakuca.me\/me\/wp-json\/wp\/v2\/comments?post=27222"}],"version-history":[{"count":1,"href":"https:\/\/www.evropskakuca.me\/me\/wp-json\/wp\/v2\/posts\/27222\/revisions"}],"predecessor-version":[{"id":42903,"href":"https:\/\/www.evropskakuca.me\/me\/wp-json\/wp\/v2\/posts\/27222\/revisions\/42903"}],"wp:featuredmedia":[{"embeddable":true,"href":"https:\/\/www.evropskakuca.me\/me\/wp-json\/wp\/v2\/media\/40271"}],"wp:attachment":[{"href":"https:\/\/www.evropskakuca.me\/me\/wp-json\/wp\/v2\/media?parent=27222"}],"wp:term":[{"taxonomy":"category","embeddable":true,"href":"https:\/\/www.evropskakuca.me\/me\/wp-json\/wp\/v2\/categories?post=27222"},{"taxonomy":"post_tag","embeddable":true,"href":"https:\/\/www.evropskakuca.me\/me\/wp-json\/wp\/v2\/tags?post=27222"}],"curies":[{"name":"wp","href":"https:\/\/api.w.org\/{rel}","templated":true}]}}