{"id":27165,"date":"2023-11-10T12:30:22","date_gmt":"2023-11-10T12:30:22","guid":{"rendered":"https:\/\/evropskakuca.me\/?p=27165"},"modified":"2023-11-10T12:30:22","modified_gmt":"2023-11-10T12:30:22","slug":"cek-trazenje-balansa-i-sprjecavanje-sagorijevanja","status":"publish","type":"post","link":"https:\/\/www.evropskakuca.me\/me\/cek-trazenje-balansa-i-sprjecavanje-sagorijevanja\/","title":{"rendered":"\u010cEK: Tra\u017eenje balansa i sprje\u010davanje sagorijevanja"},"content":{"rendered":"<p>\u0160ta je to va\u017eno u \u017eivotu?<\/p>\n<p><strong>Ljubav?<\/strong> <strong>Sloboda? <\/strong><strong>Prijateljstvo? <\/strong><strong>Porodica? <\/strong><\/p>\n<p style=\"text-align: left;\">Zajedno sa Jelenom polaznici radionice o mentalnom zdravlju u poslovnom okru\u017eenju su istra\u017eili \u0161ta su to njihove glavne \u017eivotne vrijednosti, \u0161ta je to u \u017eivotu najva\u017enije i \u0161ta to \u017eivotu daje smisao.<\/p>\n<p><img fetchpriority=\"high\" decoding=\"async\" class=\"alignnone size-large wp-image-27170\" src=\"https:\/\/evropskakuca.me\/wp-content\/uploads\/2023\/11\/image00018-1024x683.jpeg\" alt=\"\" width=\"1024\" height=\"683\" \/><\/p>\n<p style=\"text-align: left;\">\u201eMalo smo svi izgubili kontakt sa tim \u0161ta je nama zaista va\u017eno i onda pristajemo da podnosimo i trpimo ve\u0107u koli\u010dinu stresa nego \u0161to bi to u realnosti zaista bilo neophodno.\u201c kazala je Jelena prije po\u010detka radionice.<\/p>\n<p style=\"text-align: left;\">Zbog toga je, kako je kazala, od izuzetne va\u017enosti da se \u010desto preispitujemo koliko mi u stvari \u017eivimo u skladu sa na\u0161im \u017eivotnim vrijednostima.<\/p>\n\n<p style=\"text-align: left;\">Ova radionica dio je ciklusa radionica o Mentalnom zdravlju koji je Evropska ku\u0107a organizovala u okviru Evropske godine vje\u0161tina u saradnji sa Jelenom Markovi\u0107 <strong><a href=\"https:\/\/www.instagram.com\/smartchange.me\/\">Smart Change<\/a><\/strong>.<\/p>\n<p style=\"text-align: left;\">\u201eProblem je u disbalansu izme\u0111u onoga \u0161to nam je u \u017eivotu najva\u017enije i pravca u kojem usmjeravamo na\u0161e \u017eivotne resurse (vrijeme, novac i energiju). Taj pravac je, na\u017ealost, \u010desto ne\u0161to sasvim drugo i neva\u017eno\u201c kazala je Jelena.<\/p>\n<p><img decoding=\"async\" class=\"alignnone size-large wp-image-27180\" src=\"https:\/\/evropskakuca.me\/wp-content\/uploads\/2023\/11\/image00044-1024x683.jpeg\" alt=\"\" width=\"1024\" height=\"683\" \/><\/p>\n<p style=\"text-align: left;\">Ona je istakla da je put ka ostvarivanju na\u0161ih \u017eivotnih vrijednosti, put ka kvalitetnom \u017eivotu, a on je sastavljen od malih, banalnih, svakodnevno sitnih, malih koraka ka ostvarenju svog cilja.<\/p>\n<p style=\"text-align: left;\">\u201eHajde da kada se sa 99 godina okrenemo i pogledamo \u017eivot iza nas, ka\u017eemo: vrijedjelo je na ovo potro\u0161iti vrijeme, vrijedjelo je ovako pro\u017eivjeti \u017eivot\u201c. zaklju\u010dila je Jelena.<\/p>\n","protected":false},"excerpt":{"rendered":"<p>\u0160ta je to va\u017eno u \u017eivotu? Ljubav? Sloboda? Prijateljstvo? Porodica? Zajedno sa Jelenom polaznici radionice o mentalnom zdravlju u poslovnom okru\u017eenju su istra\u017eili \u0161ta su to njihove glavne \u017eivotne vrijednosti, \u0161ta je to u \u017eivotu najva\u017enije i \u0161ta to \u017eivotu daje smisao. \u201eMalo smo svi izgubili kontakt sa tim \u0161ta je nama zaista va\u017eno i [&hellip;]<\/p>\n","protected":false},"author":1,"featured_media":0,"comment_status":"closed","ping_status":"closed","sticky":false,"template":"","format":"standard","meta":{"_acf_changed":false,"footnotes":""},"categories":[],"tags":[],"class_list":["post-27165","post","type-post","status-publish","format-standard","hentry"],"acf":[],"yoast_head":"<!-- This site is optimized with the Yoast SEO plugin v27.3 - https:\/\/yoast.com\/product\/yoast-seo-wordpress\/ -->\n<title>\u010cEK: Tra\u017eenje balansa i sprje\u010davanje sagorijevanja - Europe House<\/title>\n<meta name=\"robots\" content=\"index, follow, max-snippet:-1, max-image-preview:large, max-video-preview:-1\" \/>\n<link rel=\"canonical\" href=\"https:\/\/www.evropskakuca.me\/me\/cek-trazenje-balansa-i-sprjecavanje-sagorijevanja\/\" \/>\n<meta property=\"og:locale\" content=\"en_US\" \/>\n<meta property=\"og:type\" content=\"article\" \/>\n<meta property=\"og:title\" content=\"\u010cEK: Tra\u017eenje balansa i sprje\u010davanje sagorijevanja - Europe House\" \/>\n<meta property=\"og:description\" content=\"\u0160ta je to va\u017eno u \u017eivotu? Ljubav? Sloboda? Prijateljstvo? Porodica? Zajedno sa Jelenom polaznici radionice o mentalnom zdravlju u poslovnom okru\u017eenju su istra\u017eili \u0161ta su to njihove glavne \u017eivotne vrijednosti, \u0161ta je to u \u017eivotu najva\u017enije i \u0161ta to \u017eivotu daje smisao. \u201eMalo smo svi izgubili kontakt sa tim \u0161ta je nama zaista va\u017eno i [&hellip;]\" \/>\n<meta property=\"og:url\" content=\"https:\/\/www.evropskakuca.me\/me\/cek-trazenje-balansa-i-sprjecavanje-sagorijevanja\/\" \/>\n<meta property=\"og:site_name\" content=\"Europe House\" \/>\n<meta property=\"article:publisher\" content=\"https:\/\/www.facebook.com\/evropska.kuca\" \/>\n<meta property=\"article:published_time\" content=\"2023-11-10T12:30:22+00:00\" \/>\n<meta property=\"og:image\" content=\"https:\/\/evropskakuca.me\/wp-content\/uploads\/2023\/11\/image00018-1024x683.jpeg\" \/>\n<meta name=\"author\" content=\"mkajic\" \/>\n<meta name=\"twitter:card\" content=\"summary_large_image\" \/>\n<meta name=\"twitter:creator\" content=\"@evropska_kuca\" \/>\n<meta name=\"twitter:site\" content=\"@evropska_kuca\" \/>\n<meta name=\"twitter:label1\" content=\"Written by\" \/>\n\t<meta name=\"twitter:data1\" content=\"mkajic\" \/>\n\t<meta name=\"twitter:label2\" content=\"Est. reading time\" \/>\n\t<meta name=\"twitter:data2\" content=\"2 minutes\" \/>\n<script type=\"application\/ld+json\" class=\"yoast-schema-graph\">{\"@context\":\"https:\\\/\\\/schema.org\",\"@graph\":[{\"@type\":\"Article\",\"@id\":\"https:\\\/\\\/www.evropskakuca.me\\\/me\\\/cek-trazenje-balansa-i-sprjecavanje-sagorijevanja\\\/#article\",\"isPartOf\":{\"@id\":\"https:\\\/\\\/www.evropskakuca.me\\\/me\\\/cek-trazenje-balansa-i-sprjecavanje-sagorijevanja\\\/\"},\"author\":{\"name\":\"mkajic\",\"@id\":\"https:\\\/\\\/www.evropskakuca.me\\\/me\\\/#\\\/schema\\\/person\\\/a1d0dcdaefe4a1cd1d60d200ea137ba4\"},\"headline\":\"\u010cEK: Tra\u017eenje balansa i sprje\u010davanje sagorijevanja\",\"datePublished\":\"2023-11-10T12:30:22+00:00\",\"mainEntityOfPage\":{\"@id\":\"https:\\\/\\\/www.evropskakuca.me\\\/me\\\/cek-trazenje-balansa-i-sprjecavanje-sagorijevanja\\\/\"},\"wordCount\":258,\"publisher\":{\"@id\":\"https:\\\/\\\/www.evropskakuca.me\\\/me\\\/#organization\"},\"image\":{\"@id\":\"https:\\\/\\\/www.evropskakuca.me\\\/me\\\/cek-trazenje-balansa-i-sprjecavanje-sagorijevanja\\\/#primaryimage\"},\"thumbnailUrl\":\"https:\\\/\\\/evropskakuca.me\\\/wp-content\\\/uploads\\\/2023\\\/11\\\/image00018-1024x683.jpeg\",\"inLanguage\":\"me-ME\"},{\"@type\":\"WebPage\",\"@id\":\"https:\\\/\\\/www.evropskakuca.me\\\/me\\\/cek-trazenje-balansa-i-sprjecavanje-sagorijevanja\\\/\",\"url\":\"https:\\\/\\\/www.evropskakuca.me\\\/me\\\/cek-trazenje-balansa-i-sprjecavanje-sagorijevanja\\\/\",\"name\":\"\u010cEK: Tra\u017eenje balansa i sprje\u010davanje sagorijevanja - Europe House\",\"isPartOf\":{\"@id\":\"https:\\\/\\\/www.evropskakuca.me\\\/me\\\/#website\"},\"primaryImageOfPage\":{\"@id\":\"https:\\\/\\\/www.evropskakuca.me\\\/me\\\/cek-trazenje-balansa-i-sprjecavanje-sagorijevanja\\\/#primaryimage\"},\"image\":{\"@id\":\"https:\\\/\\\/www.evropskakuca.me\\\/me\\\/cek-trazenje-balansa-i-sprjecavanje-sagorijevanja\\\/#primaryimage\"},\"thumbnailUrl\":\"https:\\\/\\\/evropskakuca.me\\\/wp-content\\\/uploads\\\/2023\\\/11\\\/image00018-1024x683.jpeg\",\"datePublished\":\"2023-11-10T12:30:22+00:00\",\"breadcrumb\":{\"@id\":\"https:\\\/\\\/www.evropskakuca.me\\\/me\\\/cek-trazenje-balansa-i-sprjecavanje-sagorijevanja\\\/#breadcrumb\"},\"inLanguage\":\"me-ME\",\"potentialAction\":[{\"@type\":\"ReadAction\",\"target\":[\"https:\\\/\\\/www.evropskakuca.me\\\/me\\\/cek-trazenje-balansa-i-sprjecavanje-sagorijevanja\\\/\"]}]},{\"@type\":\"ImageObject\",\"inLanguage\":\"me-ME\",\"@id\":\"https:\\\/\\\/www.evropskakuca.me\\\/me\\\/cek-trazenje-balansa-i-sprjecavanje-sagorijevanja\\\/#primaryimage\",\"url\":\"https:\\\/\\\/evropskakuca.me\\\/wp-content\\\/uploads\\\/2023\\\/11\\\/image00018-1024x683.jpeg\",\"contentUrl\":\"https:\\\/\\\/evropskakuca.me\\\/wp-content\\\/uploads\\\/2023\\\/11\\\/image00018-1024x683.jpeg\"},{\"@type\":\"BreadcrumbList\",\"@id\":\"https:\\\/\\\/www.evropskakuca.me\\\/me\\\/cek-trazenje-balansa-i-sprjecavanje-sagorijevanja\\\/#breadcrumb\",\"itemListElement\":[{\"@type\":\"ListItem\",\"position\":1,\"name\":\"Home\",\"item\":\"https:\\\/\\\/www.evropskakuca.me\\\/me\\\/\"},{\"@type\":\"ListItem\",\"position\":2,\"name\":\"\u010cEK: Tra\u017eenje balansa i sprje\u010davanje sagorijevanja\"}]},{\"@type\":\"WebSite\",\"@id\":\"https:\\\/\\\/www.evropskakuca.me\\\/me\\\/#website\",\"url\":\"https:\\\/\\\/www.evropskakuca.me\\\/me\\\/\",\"name\":\"Evropean house\",\"description\":\"\",\"publisher\":{\"@id\":\"https:\\\/\\\/www.evropskakuca.me\\\/me\\\/#organization\"},\"potentialAction\":[{\"@type\":\"SearchAction\",\"target\":{\"@type\":\"EntryPoint\",\"urlTemplate\":\"https:\\\/\\\/www.evropskakuca.me\\\/me\\\/?s={search_term_string}\"},\"query-input\":{\"@type\":\"PropertyValueSpecification\",\"valueRequired\":true,\"valueName\":\"search_term_string\"}}],\"inLanguage\":\"me-ME\"},{\"@type\":\"Organization\",\"@id\":\"https:\\\/\\\/www.evropskakuca.me\\\/me\\\/#organization\",\"name\":\"Evropean house\",\"url\":\"https:\\\/\\\/www.evropskakuca.me\\\/me\\\/\",\"logo\":{\"@type\":\"ImageObject\",\"inLanguage\":\"me-ME\",\"@id\":\"https:\\\/\\\/www.evropskakuca.me\\\/me\\\/#\\\/schema\\\/logo\\\/image\\\/\",\"url\":\"https:\\\/\\\/www.evropskakuca.me\\\/wp-content\\\/uploads\\\/2025\\\/01\\\/evropska-kuca-logo-1.png\",\"contentUrl\":\"https:\\\/\\\/www.evropskakuca.me\\\/wp-content\\\/uploads\\\/2025\\\/01\\\/evropska-kuca-logo-1.png\",\"width\":425,\"height\":312,\"caption\":\"Evropean house\"},\"image\":{\"@id\":\"https:\\\/\\\/www.evropskakuca.me\\\/me\\\/#\\\/schema\\\/logo\\\/image\\\/\"},\"sameAs\":[\"https:\\\/\\\/www.facebook.com\\\/evropska.kuca\",\"https:\\\/\\\/x.com\\\/evropska_kuca\",\"https:\\\/\\\/www.instagram.com\\\/evropska_kuca\"]},{\"@type\":\"Person\",\"@id\":\"https:\\\/\\\/www.evropskakuca.me\\\/me\\\/#\\\/schema\\\/person\\\/a1d0dcdaefe4a1cd1d60d200ea137ba4\",\"name\":\"mkajic\",\"image\":{\"@type\":\"ImageObject\",\"inLanguage\":\"me-ME\",\"@id\":\"https:\\\/\\\/secure.gravatar.com\\\/avatar\\\/731fa035cefab7316e6bafd1f25a93fb731a07de14e2d9923f8db4422628eabc?s=96&d=mm&r=g\",\"url\":\"https:\\\/\\\/secure.gravatar.com\\\/avatar\\\/731fa035cefab7316e6bafd1f25a93fb731a07de14e2d9923f8db4422628eabc?s=96&d=mm&r=g\",\"contentUrl\":\"https:\\\/\\\/secure.gravatar.com\\\/avatar\\\/731fa035cefab7316e6bafd1f25a93fb731a07de14e2d9923f8db4422628eabc?s=96&d=mm&r=g\",\"caption\":\"mkajic\"},\"sameAs\":[\"https:\\\/\\\/evropskakuca.me\"],\"url\":\"https:\\\/\\\/www.evropskakuca.me\\\/me\\\/author\\\/mkajic\\\/\"}]}<\/script>\n<!-- \/ Yoast SEO plugin. -->","yoast_head_json":{"title":"\u010cEK: Tra\u017eenje balansa i sprje\u010davanje sagorijevanja - Europe House","robots":{"index":"index","follow":"follow","max-snippet":"max-snippet:-1","max-image-preview":"max-image-preview:large","max-video-preview":"max-video-preview:-1"},"canonical":"https:\/\/www.evropskakuca.me\/me\/cek-trazenje-balansa-i-sprjecavanje-sagorijevanja\/","og_locale":"en_US","og_type":"article","og_title":"\u010cEK: Tra\u017eenje balansa i sprje\u010davanje sagorijevanja - Europe House","og_description":"\u0160ta je to va\u017eno u \u017eivotu? Ljubav? Sloboda? Prijateljstvo? Porodica? Zajedno sa Jelenom polaznici radionice o mentalnom zdravlju u poslovnom okru\u017eenju su istra\u017eili \u0161ta su to njihove glavne \u017eivotne vrijednosti, \u0161ta je to u \u017eivotu najva\u017enije i \u0161ta to \u017eivotu daje smisao. \u201eMalo smo svi izgubili kontakt sa tim \u0161ta je nama zaista va\u017eno i [&hellip;]","og_url":"https:\/\/www.evropskakuca.me\/me\/cek-trazenje-balansa-i-sprjecavanje-sagorijevanja\/","og_site_name":"Europe House","article_publisher":"https:\/\/www.facebook.com\/evropska.kuca","article_published_time":"2023-11-10T12:30:22+00:00","og_image":[{"url":"https:\/\/evropskakuca.me\/wp-content\/uploads\/2023\/11\/image00018-1024x683.jpeg","type":"","width":"","height":""}],"author":"mkajic","twitter_card":"summary_large_image","twitter_creator":"@evropska_kuca","twitter_site":"@evropska_kuca","twitter_misc":{"Written by":"mkajic","Est. reading time":"2 minutes"},"schema":{"@context":"https:\/\/schema.org","@graph":[{"@type":"Article","@id":"https:\/\/www.evropskakuca.me\/me\/cek-trazenje-balansa-i-sprjecavanje-sagorijevanja\/#article","isPartOf":{"@id":"https:\/\/www.evropskakuca.me\/me\/cek-trazenje-balansa-i-sprjecavanje-sagorijevanja\/"},"author":{"name":"mkajic","@id":"https:\/\/www.evropskakuca.me\/me\/#\/schema\/person\/a1d0dcdaefe4a1cd1d60d200ea137ba4"},"headline":"\u010cEK: Tra\u017eenje balansa i sprje\u010davanje sagorijevanja","datePublished":"2023-11-10T12:30:22+00:00","mainEntityOfPage":{"@id":"https:\/\/www.evropskakuca.me\/me\/cek-trazenje-balansa-i-sprjecavanje-sagorijevanja\/"},"wordCount":258,"publisher":{"@id":"https:\/\/www.evropskakuca.me\/me\/#organization"},"image":{"@id":"https:\/\/www.evropskakuca.me\/me\/cek-trazenje-balansa-i-sprjecavanje-sagorijevanja\/#primaryimage"},"thumbnailUrl":"https:\/\/evropskakuca.me\/wp-content\/uploads\/2023\/11\/image00018-1024x683.jpeg","inLanguage":"me-ME"},{"@type":"WebPage","@id":"https:\/\/www.evropskakuca.me\/me\/cek-trazenje-balansa-i-sprjecavanje-sagorijevanja\/","url":"https:\/\/www.evropskakuca.me\/me\/cek-trazenje-balansa-i-sprjecavanje-sagorijevanja\/","name":"\u010cEK: Tra\u017eenje balansa i sprje\u010davanje sagorijevanja - Europe House","isPartOf":{"@id":"https:\/\/www.evropskakuca.me\/me\/#website"},"primaryImageOfPage":{"@id":"https:\/\/www.evropskakuca.me\/me\/cek-trazenje-balansa-i-sprjecavanje-sagorijevanja\/#primaryimage"},"image":{"@id":"https:\/\/www.evropskakuca.me\/me\/cek-trazenje-balansa-i-sprjecavanje-sagorijevanja\/#primaryimage"},"thumbnailUrl":"https:\/\/evropskakuca.me\/wp-content\/uploads\/2023\/11\/image00018-1024x683.jpeg","datePublished":"2023-11-10T12:30:22+00:00","breadcrumb":{"@id":"https:\/\/www.evropskakuca.me\/me\/cek-trazenje-balansa-i-sprjecavanje-sagorijevanja\/#breadcrumb"},"inLanguage":"me-ME","potentialAction":[{"@type":"ReadAction","target":["https:\/\/www.evropskakuca.me\/me\/cek-trazenje-balansa-i-sprjecavanje-sagorijevanja\/"]}]},{"@type":"ImageObject","inLanguage":"me-ME","@id":"https:\/\/www.evropskakuca.me\/me\/cek-trazenje-balansa-i-sprjecavanje-sagorijevanja\/#primaryimage","url":"https:\/\/evropskakuca.me\/wp-content\/uploads\/2023\/11\/image00018-1024x683.jpeg","contentUrl":"https:\/\/evropskakuca.me\/wp-content\/uploads\/2023\/11\/image00018-1024x683.jpeg"},{"@type":"BreadcrumbList","@id":"https:\/\/www.evropskakuca.me\/me\/cek-trazenje-balansa-i-sprjecavanje-sagorijevanja\/#breadcrumb","itemListElement":[{"@type":"ListItem","position":1,"name":"Home","item":"https:\/\/www.evropskakuca.me\/me\/"},{"@type":"ListItem","position":2,"name":"\u010cEK: Tra\u017eenje balansa i sprje\u010davanje sagorijevanja"}]},{"@type":"WebSite","@id":"https:\/\/www.evropskakuca.me\/me\/#website","url":"https:\/\/www.evropskakuca.me\/me\/","name":"Evropean house","description":"","publisher":{"@id":"https:\/\/www.evropskakuca.me\/me\/#organization"},"potentialAction":[{"@type":"SearchAction","target":{"@type":"EntryPoint","urlTemplate":"https:\/\/www.evropskakuca.me\/me\/?s={search_term_string}"},"query-input":{"@type":"PropertyValueSpecification","valueRequired":true,"valueName":"search_term_string"}}],"inLanguage":"me-ME"},{"@type":"Organization","@id":"https:\/\/www.evropskakuca.me\/me\/#organization","name":"Evropean house","url":"https:\/\/www.evropskakuca.me\/me\/","logo":{"@type":"ImageObject","inLanguage":"me-ME","@id":"https:\/\/www.evropskakuca.me\/me\/#\/schema\/logo\/image\/","url":"https:\/\/www.evropskakuca.me\/wp-content\/uploads\/2025\/01\/evropska-kuca-logo-1.png","contentUrl":"https:\/\/www.evropskakuca.me\/wp-content\/uploads\/2025\/01\/evropska-kuca-logo-1.png","width":425,"height":312,"caption":"Evropean house"},"image":{"@id":"https:\/\/www.evropskakuca.me\/me\/#\/schema\/logo\/image\/"},"sameAs":["https:\/\/www.facebook.com\/evropska.kuca","https:\/\/x.com\/evropska_kuca","https:\/\/www.instagram.com\/evropska_kuca"]},{"@type":"Person","@id":"https:\/\/www.evropskakuca.me\/me\/#\/schema\/person\/a1d0dcdaefe4a1cd1d60d200ea137ba4","name":"mkajic","image":{"@type":"ImageObject","inLanguage":"me-ME","@id":"https:\/\/secure.gravatar.com\/avatar\/731fa035cefab7316e6bafd1f25a93fb731a07de14e2d9923f8db4422628eabc?s=96&d=mm&r=g","url":"https:\/\/secure.gravatar.com\/avatar\/731fa035cefab7316e6bafd1f25a93fb731a07de14e2d9923f8db4422628eabc?s=96&d=mm&r=g","contentUrl":"https:\/\/secure.gravatar.com\/avatar\/731fa035cefab7316e6bafd1f25a93fb731a07de14e2d9923f8db4422628eabc?s=96&d=mm&r=g","caption":"mkajic"},"sameAs":["https:\/\/evropskakuca.me"],"url":"https:\/\/www.evropskakuca.me\/me\/author\/mkajic\/"}]}},"_links":{"self":[{"href":"https:\/\/www.evropskakuca.me\/me\/wp-json\/wp\/v2\/posts\/27165","targetHints":{"allow":["GET"]}}],"collection":[{"href":"https:\/\/www.evropskakuca.me\/me\/wp-json\/wp\/v2\/posts"}],"about":[{"href":"https:\/\/www.evropskakuca.me\/me\/wp-json\/wp\/v2\/types\/post"}],"author":[{"embeddable":true,"href":"https:\/\/www.evropskakuca.me\/me\/wp-json\/wp\/v2\/users\/1"}],"replies":[{"embeddable":true,"href":"https:\/\/www.evropskakuca.me\/me\/wp-json\/wp\/v2\/comments?post=27165"}],"version-history":[{"count":0,"href":"https:\/\/www.evropskakuca.me\/me\/wp-json\/wp\/v2\/posts\/27165\/revisions"}],"wp:attachment":[{"href":"https:\/\/www.evropskakuca.me\/me\/wp-json\/wp\/v2\/media?parent=27165"}],"wp:term":[{"taxonomy":"category","embeddable":true,"href":"https:\/\/www.evropskakuca.me\/me\/wp-json\/wp\/v2\/categories?post=27165"},{"taxonomy":"post_tag","embeddable":true,"href":"https:\/\/www.evropskakuca.me\/me\/wp-json\/wp\/v2\/tags?post=27165"}],"curies":[{"name":"wp","href":"https:\/\/api.w.org\/{rel}","templated":true}]}}