{"id":27149,"date":"2023-11-07T12:21:35","date_gmt":"2023-11-07T12:21:35","guid":{"rendered":"https:\/\/evropskakuca.me\/?p=27149"},"modified":"2023-11-07T12:21:35","modified_gmt":"2023-11-07T12:21:35","slug":"najava-u-srijedu-8-novembra-u-evropskoj-kuci-konferencija-za-medije-povodom-usvajanja-izvjestaja-evropske-komisije-o-crnoj-gori-za-2023-godinu","status":"publish","type":"post","link":"https:\/\/www.evropskakuca.me\/me\/najava-u-srijedu-8-novembra-u-evropskoj-kuci-konferencija-za-medije-povodom-usvajanja-izvjestaja-evropske-komisije-o-crnoj-gori-za-2023-godinu\/","title":{"rendered":"NAJAVA: U SRIJEDU, 8. NOVEMBRA, U EVROPSKOJ KU\u0106I KONFERENCIJA ZA MEDIJE POVODOM USVAJANJA IZVJE\u0160TAJA EVROPSKE KOMISIJE O CRNOJ GORI ZA 2023. GODINU"},"content":{"rendered":"<p>Ambasadorka Evropske unije u Crnoj Gori\u00a0<strong>Oana<\/strong><strong> Kristina<\/strong><strong> Popa<\/strong>\u00a0i ministarka evropskih poslova\u00a0<strong>Maida<\/strong><strong> Gor<\/strong><strong>\u010devi<\/strong><strong>\u0107<\/strong>\u00a0odr\u017ea\u0107e,\u00a0u Evropskoj ku\u0107i u Podgorici,\u00a0u srijedu\u00a08.\u00a0novembra,\u00a0u\u00a016.30\u00a0sati,\u00a0konferenciju za medije povodom usvajanja Godi\u0161njeg izvje\u0161taja Evropske komisije o Crnoj Gori za\u00a02023.\u00a0godinu.<\/p>\n<p>Prethodno\u00a0\u0107e, istog dana\u00a0u\u00a012:00\u00a0sati u Briselu,\u00a0biti odr\u017eana konferencija za medije Evropske komisije,\u00a0na kojoj\u00a0\u0107e biti predstavljen ovogodi\u0161nji Paket o pro\u0161irenju koji uklju\u010duje i izvje\u0161taj o Crnoj Gori,\u00a0kao i Plan\u00a0rasta za Zapadni Balkan.\u00a0Konferenciju za medije u Briselu mogu\u0107e je pratiti u\u017eivo putem linka:\u00a0<a href=\"https:\/\/audiovisual.ec.europa.eu\/en\/ebs\/live\/1\">https:\/\/audiovisual.ec.europa.eu\/en\/ebs\/live\/1\u00a0<\/a><\/p>\n<p>Predstavljanje Paketa o pro\u0161irenja na sjednici Odbora Evropskog parlamenta za vanjske poslove\u00a0(AFET)\u00a0mo\u017eete pratiti u\u017eivo\u00a0od 13.30 sati,\u00a0na sljede\u0107em linku:<\/p>\n<p><a href=\"https:\/\/multimedia.europarl.europa.eu\/en\/webstreaming\/committee-on-foreign-affairs_20231108-1330-COMMITTEE-AFET\">https:\/\/multimedia.europarl.europa.eu\/en\/webstreaming\/committee-on-foreign-affairs_20231108-1330-COMMITTEE-AFET<\/a><\/p>\n<p>Molimo medije da zahtjeve za akreditacije za pra\u0107enje konferencije za medije u Evropskoj ku\u0107i po\u0161alju na adresu\u00a0<a href=\"mailto:info@evropskakuca.me\">info@evropskakuca.me<\/a>\u00a0najkasnije do srijede,\u00a0 8. novembra, u 14.00 sati.<\/p>\n<p>&nbsp;<\/p>\n","protected":false},"excerpt":{"rendered":"<p>Ambasadorka Evropske unije u Crnoj Gori\u00a0Oana Kristina Popa\u00a0i ministarka evropskih poslova\u00a0Maida Gor\u010devi\u0107\u00a0odr\u017ea\u0107e,\u00a0u Evropskoj ku\u0107i u Podgorici,\u00a0u srijedu\u00a08.\u00a0novembra,\u00a0u\u00a016.30\u00a0sati,\u00a0konferenciju za medije povodom usvajanja Godi\u0161njeg izvje\u0161taja Evropske komisije o Crnoj Gori za\u00a02023.\u00a0godinu. Prethodno\u00a0\u0107e, istog dana\u00a0u\u00a012:00\u00a0sati u Briselu,\u00a0biti odr\u017eana konferencija za medije Evropske komisije,\u00a0na kojoj\u00a0\u0107e biti predstavljen ovogodi\u0161nji Paket o pro\u0161irenju koji uklju\u010duje i izvje\u0161taj o Crnoj Gori,\u00a0kao i [&hellip;]<\/p>\n","protected":false},"author":1,"featured_media":39015,"comment_status":"closed","ping_status":"closed","sticky":false,"template":"","format":"standard","meta":{"_acf_changed":false,"footnotes":""},"categories":[],"tags":[],"class_list":["post-27149","post","type-post","status-publish","format-standard","has-post-thumbnail","hentry"],"acf":[],"yoast_head":"<!-- This site is optimized with the Yoast SEO plugin v27.3 - https:\/\/yoast.com\/product\/yoast-seo-wordpress\/ -->\n<title>NAJAVA: U SRIJEDU, 8. NOVEMBRA, U EVROPSKOJ KU\u0106I KONFERENCIJA ZA MEDIJE POVODOM USVAJANJA IZVJE\u0160TAJA EVROPSKE KOMISIJE O CRNOJ GORI ZA 2023. GODINU - Europe House<\/title>\n<meta name=\"robots\" content=\"index, follow, max-snippet:-1, max-image-preview:large, max-video-preview:-1\" \/>\n<link rel=\"canonical\" href=\"https:\/\/www.evropskakuca.me\/me\/najava-u-srijedu-8-novembra-u-evropskoj-kuci-konferencija-za-medije-povodom-usvajanja-izvjestaja-evropske-komisije-o-crnoj-gori-za-2023-godinu\/\" \/>\n<meta property=\"og:locale\" content=\"en_US\" \/>\n<meta property=\"og:type\" content=\"article\" \/>\n<meta property=\"og:title\" content=\"NAJAVA: U SRIJEDU, 8. NOVEMBRA, U EVROPSKOJ KU\u0106I KONFERENCIJA ZA MEDIJE POVODOM USVAJANJA IZVJE\u0160TAJA EVROPSKE KOMISIJE O CRNOJ GORI ZA 2023. GODINU - Europe House\" \/>\n<meta property=\"og:description\" content=\"Ambasadorka Evropske unije u Crnoj Gori\u00a0Oana Kristina Popa\u00a0i ministarka evropskih poslova\u00a0Maida Gor\u010devi\u0107\u00a0odr\u017ea\u0107e,\u00a0u Evropskoj ku\u0107i u Podgorici,\u00a0u srijedu\u00a08.\u00a0novembra,\u00a0u\u00a016.30\u00a0sati,\u00a0konferenciju za medije povodom usvajanja Godi\u0161njeg izvje\u0161taja Evropske komisije o Crnoj Gori za\u00a02023.\u00a0godinu. Prethodno\u00a0\u0107e, istog dana\u00a0u\u00a012:00\u00a0sati u Briselu,\u00a0biti odr\u017eana konferencija za medije Evropske komisije,\u00a0na kojoj\u00a0\u0107e biti predstavljen ovogodi\u0161nji Paket o pro\u0161irenju koji uklju\u010duje i izvje\u0161taj o Crnoj Gori,\u00a0kao i [&hellip;]\" \/>\n<meta property=\"og:url\" content=\"https:\/\/www.evropskakuca.me\/me\/najava-u-srijedu-8-novembra-u-evropskoj-kuci-konferencija-za-medije-povodom-usvajanja-izvjestaja-evropske-komisije-o-crnoj-gori-za-2023-godinu\/\" \/>\n<meta property=\"og:site_name\" content=\"Europe House\" \/>\n<meta property=\"article:publisher\" content=\"https:\/\/www.facebook.com\/evropska.kuca\" \/>\n<meta property=\"article:published_time\" content=\"2023-11-07T12:21:35+00:00\" \/>\n<meta property=\"og:image\" content=\"https:\/\/www.evropskakuca.me\/wp-content\/uploads\/2023\/05\/EU-MNE-flags_0.jpg\" \/>\n\t<meta property=\"og:image:width\" content=\"750\" \/>\n\t<meta property=\"og:image:height\" content=\"500\" \/>\n\t<meta property=\"og:image:type\" content=\"image\/jpeg\" \/>\n<meta name=\"author\" content=\"mkajic\" \/>\n<meta name=\"twitter:card\" content=\"summary_large_image\" \/>\n<meta name=\"twitter:creator\" content=\"@evropska_kuca\" \/>\n<meta name=\"twitter:site\" content=\"@evropska_kuca\" \/>\n<meta name=\"twitter:label1\" content=\"Written by\" \/>\n\t<meta name=\"twitter:data1\" content=\"mkajic\" \/>\n\t<meta name=\"twitter:label2\" content=\"Est. reading time\" \/>\n\t<meta name=\"twitter:data2\" content=\"1 minute\" \/>\n<script type=\"application\/ld+json\" class=\"yoast-schema-graph\">{\"@context\":\"https:\\\/\\\/schema.org\",\"@graph\":[{\"@type\":\"Article\",\"@id\":\"https:\\\/\\\/www.evropskakuca.me\\\/me\\\/najava-u-srijedu-8-novembra-u-evropskoj-kuci-konferencija-za-medije-povodom-usvajanja-izvjestaja-evropske-komisije-o-crnoj-gori-za-2023-godinu\\\/#article\",\"isPartOf\":{\"@id\":\"https:\\\/\\\/www.evropskakuca.me\\\/me\\\/najava-u-srijedu-8-novembra-u-evropskoj-kuci-konferencija-za-medije-povodom-usvajanja-izvjestaja-evropske-komisije-o-crnoj-gori-za-2023-godinu\\\/\"},\"author\":{\"name\":\"mkajic\",\"@id\":\"https:\\\/\\\/www.evropskakuca.me\\\/me\\\/#\\\/schema\\\/person\\\/a1d0dcdaefe4a1cd1d60d200ea137ba4\"},\"headline\":\"NAJAVA: U SRIJEDU, 8. NOVEMBRA, U EVROPSKOJ KU\u0106I KONFERENCIJA ZA MEDIJE POVODOM USVAJANJA IZVJE\u0160TAJA EVROPSKE KOMISIJE O CRNOJ GORI ZA 2023. GODINU\",\"datePublished\":\"2023-11-07T12:21:35+00:00\",\"mainEntityOfPage\":{\"@id\":\"https:\\\/\\\/www.evropskakuca.me\\\/me\\\/najava-u-srijedu-8-novembra-u-evropskoj-kuci-konferencija-za-medije-povodom-usvajanja-izvjestaja-evropske-komisije-o-crnoj-gori-za-2023-godinu\\\/\"},\"wordCount\":197,\"publisher\":{\"@id\":\"https:\\\/\\\/www.evropskakuca.me\\\/me\\\/#organization\"},\"image\":{\"@id\":\"https:\\\/\\\/www.evropskakuca.me\\\/me\\\/najava-u-srijedu-8-novembra-u-evropskoj-kuci-konferencija-za-medije-povodom-usvajanja-izvjestaja-evropske-komisije-o-crnoj-gori-za-2023-godinu\\\/#primaryimage\"},\"thumbnailUrl\":\"https:\\\/\\\/www.evropskakuca.me\\\/wp-content\\\/uploads\\\/2023\\\/05\\\/EU-MNE-flags_0.jpg\",\"inLanguage\":\"me-ME\"},{\"@type\":\"WebPage\",\"@id\":\"https:\\\/\\\/www.evropskakuca.me\\\/me\\\/najava-u-srijedu-8-novembra-u-evropskoj-kuci-konferencija-za-medije-povodom-usvajanja-izvjestaja-evropske-komisije-o-crnoj-gori-za-2023-godinu\\\/\",\"url\":\"https:\\\/\\\/www.evropskakuca.me\\\/me\\\/najava-u-srijedu-8-novembra-u-evropskoj-kuci-konferencija-za-medije-povodom-usvajanja-izvjestaja-evropske-komisije-o-crnoj-gori-za-2023-godinu\\\/\",\"name\":\"NAJAVA: U SRIJEDU, 8. NOVEMBRA, U EVROPSKOJ KU\u0106I KONFERENCIJA ZA MEDIJE POVODOM USVAJANJA IZVJE\u0160TAJA EVROPSKE KOMISIJE O CRNOJ GORI ZA 2023. GODINU - Europe House\",\"isPartOf\":{\"@id\":\"https:\\\/\\\/www.evropskakuca.me\\\/me\\\/#website\"},\"primaryImageOfPage\":{\"@id\":\"https:\\\/\\\/www.evropskakuca.me\\\/me\\\/najava-u-srijedu-8-novembra-u-evropskoj-kuci-konferencija-za-medije-povodom-usvajanja-izvjestaja-evropske-komisije-o-crnoj-gori-za-2023-godinu\\\/#primaryimage\"},\"image\":{\"@id\":\"https:\\\/\\\/www.evropskakuca.me\\\/me\\\/najava-u-srijedu-8-novembra-u-evropskoj-kuci-konferencija-za-medije-povodom-usvajanja-izvjestaja-evropske-komisije-o-crnoj-gori-za-2023-godinu\\\/#primaryimage\"},\"thumbnailUrl\":\"https:\\\/\\\/www.evropskakuca.me\\\/wp-content\\\/uploads\\\/2023\\\/05\\\/EU-MNE-flags_0.jpg\",\"datePublished\":\"2023-11-07T12:21:35+00:00\",\"breadcrumb\":{\"@id\":\"https:\\\/\\\/www.evropskakuca.me\\\/me\\\/najava-u-srijedu-8-novembra-u-evropskoj-kuci-konferencija-za-medije-povodom-usvajanja-izvjestaja-evropske-komisije-o-crnoj-gori-za-2023-godinu\\\/#breadcrumb\"},\"inLanguage\":\"me-ME\",\"potentialAction\":[{\"@type\":\"ReadAction\",\"target\":[\"https:\\\/\\\/www.evropskakuca.me\\\/me\\\/najava-u-srijedu-8-novembra-u-evropskoj-kuci-konferencija-za-medije-povodom-usvajanja-izvjestaja-evropske-komisije-o-crnoj-gori-za-2023-godinu\\\/\"]}]},{\"@type\":\"ImageObject\",\"inLanguage\":\"me-ME\",\"@id\":\"https:\\\/\\\/www.evropskakuca.me\\\/me\\\/najava-u-srijedu-8-novembra-u-evropskoj-kuci-konferencija-za-medije-povodom-usvajanja-izvjestaja-evropske-komisije-o-crnoj-gori-za-2023-godinu\\\/#primaryimage\",\"url\":\"https:\\\/\\\/www.evropskakuca.me\\\/wp-content\\\/uploads\\\/2023\\\/05\\\/EU-MNE-flags_0.jpg\",\"contentUrl\":\"https:\\\/\\\/www.evropskakuca.me\\\/wp-content\\\/uploads\\\/2023\\\/05\\\/EU-MNE-flags_0.jpg\",\"width\":750,\"height\":500},{\"@type\":\"BreadcrumbList\",\"@id\":\"https:\\\/\\\/www.evropskakuca.me\\\/me\\\/najava-u-srijedu-8-novembra-u-evropskoj-kuci-konferencija-za-medije-povodom-usvajanja-izvjestaja-evropske-komisije-o-crnoj-gori-za-2023-godinu\\\/#breadcrumb\",\"itemListElement\":[{\"@type\":\"ListItem\",\"position\":1,\"name\":\"Home\",\"item\":\"https:\\\/\\\/www.evropskakuca.me\\\/me\\\/\"},{\"@type\":\"ListItem\",\"position\":2,\"name\":\"NAJAVA: U SRIJEDU, 8. NOVEMBRA, U EVROPSKOJ KU\u0106I KONFERENCIJA ZA MEDIJE POVODOM USVAJANJA IZVJE\u0160TAJA EVROPSKE KOMISIJE O CRNOJ GORI ZA 2023. GODINU\"}]},{\"@type\":\"WebSite\",\"@id\":\"https:\\\/\\\/www.evropskakuca.me\\\/me\\\/#website\",\"url\":\"https:\\\/\\\/www.evropskakuca.me\\\/me\\\/\",\"name\":\"Evropean house\",\"description\":\"\",\"publisher\":{\"@id\":\"https:\\\/\\\/www.evropskakuca.me\\\/me\\\/#organization\"},\"potentialAction\":[{\"@type\":\"SearchAction\",\"target\":{\"@type\":\"EntryPoint\",\"urlTemplate\":\"https:\\\/\\\/www.evropskakuca.me\\\/me\\\/?s={search_term_string}\"},\"query-input\":{\"@type\":\"PropertyValueSpecification\",\"valueRequired\":true,\"valueName\":\"search_term_string\"}}],\"inLanguage\":\"me-ME\"},{\"@type\":\"Organization\",\"@id\":\"https:\\\/\\\/www.evropskakuca.me\\\/me\\\/#organization\",\"name\":\"Evropean house\",\"url\":\"https:\\\/\\\/www.evropskakuca.me\\\/me\\\/\",\"logo\":{\"@type\":\"ImageObject\",\"inLanguage\":\"me-ME\",\"@id\":\"https:\\\/\\\/www.evropskakuca.me\\\/me\\\/#\\\/schema\\\/logo\\\/image\\\/\",\"url\":\"https:\\\/\\\/www.evropskakuca.me\\\/wp-content\\\/uploads\\\/2025\\\/01\\\/evropska-kuca-logo-1.png\",\"contentUrl\":\"https:\\\/\\\/www.evropskakuca.me\\\/wp-content\\\/uploads\\\/2025\\\/01\\\/evropska-kuca-logo-1.png\",\"width\":425,\"height\":312,\"caption\":\"Evropean house\"},\"image\":{\"@id\":\"https:\\\/\\\/www.evropskakuca.me\\\/me\\\/#\\\/schema\\\/logo\\\/image\\\/\"},\"sameAs\":[\"https:\\\/\\\/www.facebook.com\\\/evropska.kuca\",\"https:\\\/\\\/x.com\\\/evropska_kuca\",\"https:\\\/\\\/www.instagram.com\\\/evropska_kuca\"]},{\"@type\":\"Person\",\"@id\":\"https:\\\/\\\/www.evropskakuca.me\\\/me\\\/#\\\/schema\\\/person\\\/a1d0dcdaefe4a1cd1d60d200ea137ba4\",\"name\":\"mkajic\",\"image\":{\"@type\":\"ImageObject\",\"inLanguage\":\"me-ME\",\"@id\":\"https:\\\/\\\/secure.gravatar.com\\\/avatar\\\/731fa035cefab7316e6bafd1f25a93fb731a07de14e2d9923f8db4422628eabc?s=96&d=mm&r=g\",\"url\":\"https:\\\/\\\/secure.gravatar.com\\\/avatar\\\/731fa035cefab7316e6bafd1f25a93fb731a07de14e2d9923f8db4422628eabc?s=96&d=mm&r=g\",\"contentUrl\":\"https:\\\/\\\/secure.gravatar.com\\\/avatar\\\/731fa035cefab7316e6bafd1f25a93fb731a07de14e2d9923f8db4422628eabc?s=96&d=mm&r=g\",\"caption\":\"mkajic\"},\"sameAs\":[\"https:\\\/\\\/evropskakuca.me\"],\"url\":\"https:\\\/\\\/www.evropskakuca.me\\\/me\\\/author\\\/mkajic\\\/\"}]}<\/script>\n<!-- \/ Yoast SEO plugin. -->","yoast_head_json":{"title":"NAJAVA: U SRIJEDU, 8. NOVEMBRA, U EVROPSKOJ KU\u0106I KONFERENCIJA ZA MEDIJE POVODOM USVAJANJA IZVJE\u0160TAJA EVROPSKE KOMISIJE O CRNOJ GORI ZA 2023. GODINU - Europe House","robots":{"index":"index","follow":"follow","max-snippet":"max-snippet:-1","max-image-preview":"max-image-preview:large","max-video-preview":"max-video-preview:-1"},"canonical":"https:\/\/www.evropskakuca.me\/me\/najava-u-srijedu-8-novembra-u-evropskoj-kuci-konferencija-za-medije-povodom-usvajanja-izvjestaja-evropske-komisije-o-crnoj-gori-za-2023-godinu\/","og_locale":"en_US","og_type":"article","og_title":"NAJAVA: U SRIJEDU, 8. NOVEMBRA, U EVROPSKOJ KU\u0106I KONFERENCIJA ZA MEDIJE POVODOM USVAJANJA IZVJE\u0160TAJA EVROPSKE KOMISIJE O CRNOJ GORI ZA 2023. GODINU - Europe House","og_description":"Ambasadorka Evropske unije u Crnoj Gori\u00a0Oana Kristina Popa\u00a0i ministarka evropskih poslova\u00a0Maida Gor\u010devi\u0107\u00a0odr\u017ea\u0107e,\u00a0u Evropskoj ku\u0107i u Podgorici,\u00a0u srijedu\u00a08.\u00a0novembra,\u00a0u\u00a016.30\u00a0sati,\u00a0konferenciju za medije povodom usvajanja Godi\u0161njeg izvje\u0161taja Evropske komisije o Crnoj Gori za\u00a02023.\u00a0godinu. Prethodno\u00a0\u0107e, istog dana\u00a0u\u00a012:00\u00a0sati u Briselu,\u00a0biti odr\u017eana konferencija za medije Evropske komisije,\u00a0na kojoj\u00a0\u0107e biti predstavljen ovogodi\u0161nji Paket o pro\u0161irenju koji uklju\u010duje i izvje\u0161taj o Crnoj Gori,\u00a0kao i [&hellip;]","og_url":"https:\/\/www.evropskakuca.me\/me\/najava-u-srijedu-8-novembra-u-evropskoj-kuci-konferencija-za-medije-povodom-usvajanja-izvjestaja-evropske-komisije-o-crnoj-gori-za-2023-godinu\/","og_site_name":"Europe House","article_publisher":"https:\/\/www.facebook.com\/evropska.kuca","article_published_time":"2023-11-07T12:21:35+00:00","og_image":[{"width":750,"height":500,"url":"https:\/\/www.evropskakuca.me\/wp-content\/uploads\/2023\/05\/EU-MNE-flags_0.jpg","type":"image\/jpeg"}],"author":"mkajic","twitter_card":"summary_large_image","twitter_creator":"@evropska_kuca","twitter_site":"@evropska_kuca","twitter_misc":{"Written by":"mkajic","Est. reading time":"1 minute"},"schema":{"@context":"https:\/\/schema.org","@graph":[{"@type":"Article","@id":"https:\/\/www.evropskakuca.me\/me\/najava-u-srijedu-8-novembra-u-evropskoj-kuci-konferencija-za-medije-povodom-usvajanja-izvjestaja-evropske-komisije-o-crnoj-gori-za-2023-godinu\/#article","isPartOf":{"@id":"https:\/\/www.evropskakuca.me\/me\/najava-u-srijedu-8-novembra-u-evropskoj-kuci-konferencija-za-medije-povodom-usvajanja-izvjestaja-evropske-komisije-o-crnoj-gori-za-2023-godinu\/"},"author":{"name":"mkajic","@id":"https:\/\/www.evropskakuca.me\/me\/#\/schema\/person\/a1d0dcdaefe4a1cd1d60d200ea137ba4"},"headline":"NAJAVA: U SRIJEDU, 8. NOVEMBRA, U EVROPSKOJ KU\u0106I KONFERENCIJA ZA MEDIJE POVODOM USVAJANJA IZVJE\u0160TAJA EVROPSKE KOMISIJE O CRNOJ GORI ZA 2023. GODINU","datePublished":"2023-11-07T12:21:35+00:00","mainEntityOfPage":{"@id":"https:\/\/www.evropskakuca.me\/me\/najava-u-srijedu-8-novembra-u-evropskoj-kuci-konferencija-za-medije-povodom-usvajanja-izvjestaja-evropske-komisije-o-crnoj-gori-za-2023-godinu\/"},"wordCount":197,"publisher":{"@id":"https:\/\/www.evropskakuca.me\/me\/#organization"},"image":{"@id":"https:\/\/www.evropskakuca.me\/me\/najava-u-srijedu-8-novembra-u-evropskoj-kuci-konferencija-za-medije-povodom-usvajanja-izvjestaja-evropske-komisije-o-crnoj-gori-za-2023-godinu\/#primaryimage"},"thumbnailUrl":"https:\/\/www.evropskakuca.me\/wp-content\/uploads\/2023\/05\/EU-MNE-flags_0.jpg","inLanguage":"me-ME"},{"@type":"WebPage","@id":"https:\/\/www.evropskakuca.me\/me\/najava-u-srijedu-8-novembra-u-evropskoj-kuci-konferencija-za-medije-povodom-usvajanja-izvjestaja-evropske-komisije-o-crnoj-gori-za-2023-godinu\/","url":"https:\/\/www.evropskakuca.me\/me\/najava-u-srijedu-8-novembra-u-evropskoj-kuci-konferencija-za-medije-povodom-usvajanja-izvjestaja-evropske-komisije-o-crnoj-gori-za-2023-godinu\/","name":"NAJAVA: U SRIJEDU, 8. NOVEMBRA, U EVROPSKOJ KU\u0106I KONFERENCIJA ZA MEDIJE POVODOM USVAJANJA IZVJE\u0160TAJA EVROPSKE KOMISIJE O CRNOJ GORI ZA 2023. GODINU - Europe House","isPartOf":{"@id":"https:\/\/www.evropskakuca.me\/me\/#website"},"primaryImageOfPage":{"@id":"https:\/\/www.evropskakuca.me\/me\/najava-u-srijedu-8-novembra-u-evropskoj-kuci-konferencija-za-medije-povodom-usvajanja-izvjestaja-evropske-komisije-o-crnoj-gori-za-2023-godinu\/#primaryimage"},"image":{"@id":"https:\/\/www.evropskakuca.me\/me\/najava-u-srijedu-8-novembra-u-evropskoj-kuci-konferencija-za-medije-povodom-usvajanja-izvjestaja-evropske-komisije-o-crnoj-gori-za-2023-godinu\/#primaryimage"},"thumbnailUrl":"https:\/\/www.evropskakuca.me\/wp-content\/uploads\/2023\/05\/EU-MNE-flags_0.jpg","datePublished":"2023-11-07T12:21:35+00:00","breadcrumb":{"@id":"https:\/\/www.evropskakuca.me\/me\/najava-u-srijedu-8-novembra-u-evropskoj-kuci-konferencija-za-medije-povodom-usvajanja-izvjestaja-evropske-komisije-o-crnoj-gori-za-2023-godinu\/#breadcrumb"},"inLanguage":"me-ME","potentialAction":[{"@type":"ReadAction","target":["https:\/\/www.evropskakuca.me\/me\/najava-u-srijedu-8-novembra-u-evropskoj-kuci-konferencija-za-medije-povodom-usvajanja-izvjestaja-evropske-komisije-o-crnoj-gori-za-2023-godinu\/"]}]},{"@type":"ImageObject","inLanguage":"me-ME","@id":"https:\/\/www.evropskakuca.me\/me\/najava-u-srijedu-8-novembra-u-evropskoj-kuci-konferencija-za-medije-povodom-usvajanja-izvjestaja-evropske-komisije-o-crnoj-gori-za-2023-godinu\/#primaryimage","url":"https:\/\/www.evropskakuca.me\/wp-content\/uploads\/2023\/05\/EU-MNE-flags_0.jpg","contentUrl":"https:\/\/www.evropskakuca.me\/wp-content\/uploads\/2023\/05\/EU-MNE-flags_0.jpg","width":750,"height":500},{"@type":"BreadcrumbList","@id":"https:\/\/www.evropskakuca.me\/me\/najava-u-srijedu-8-novembra-u-evropskoj-kuci-konferencija-za-medije-povodom-usvajanja-izvjestaja-evropske-komisije-o-crnoj-gori-za-2023-godinu\/#breadcrumb","itemListElement":[{"@type":"ListItem","position":1,"name":"Home","item":"https:\/\/www.evropskakuca.me\/me\/"},{"@type":"ListItem","position":2,"name":"NAJAVA: U SRIJEDU, 8. NOVEMBRA, U EVROPSKOJ KU\u0106I KONFERENCIJA ZA MEDIJE POVODOM USVAJANJA IZVJE\u0160TAJA EVROPSKE KOMISIJE O CRNOJ GORI ZA 2023. GODINU"}]},{"@type":"WebSite","@id":"https:\/\/www.evropskakuca.me\/me\/#website","url":"https:\/\/www.evropskakuca.me\/me\/","name":"Evropean house","description":"","publisher":{"@id":"https:\/\/www.evropskakuca.me\/me\/#organization"},"potentialAction":[{"@type":"SearchAction","target":{"@type":"EntryPoint","urlTemplate":"https:\/\/www.evropskakuca.me\/me\/?s={search_term_string}"},"query-input":{"@type":"PropertyValueSpecification","valueRequired":true,"valueName":"search_term_string"}}],"inLanguage":"me-ME"},{"@type":"Organization","@id":"https:\/\/www.evropskakuca.me\/me\/#organization","name":"Evropean house","url":"https:\/\/www.evropskakuca.me\/me\/","logo":{"@type":"ImageObject","inLanguage":"me-ME","@id":"https:\/\/www.evropskakuca.me\/me\/#\/schema\/logo\/image\/","url":"https:\/\/www.evropskakuca.me\/wp-content\/uploads\/2025\/01\/evropska-kuca-logo-1.png","contentUrl":"https:\/\/www.evropskakuca.me\/wp-content\/uploads\/2025\/01\/evropska-kuca-logo-1.png","width":425,"height":312,"caption":"Evropean house"},"image":{"@id":"https:\/\/www.evropskakuca.me\/me\/#\/schema\/logo\/image\/"},"sameAs":["https:\/\/www.facebook.com\/evropska.kuca","https:\/\/x.com\/evropska_kuca","https:\/\/www.instagram.com\/evropska_kuca"]},{"@type":"Person","@id":"https:\/\/www.evropskakuca.me\/me\/#\/schema\/person\/a1d0dcdaefe4a1cd1d60d200ea137ba4","name":"mkajic","image":{"@type":"ImageObject","inLanguage":"me-ME","@id":"https:\/\/secure.gravatar.com\/avatar\/731fa035cefab7316e6bafd1f25a93fb731a07de14e2d9923f8db4422628eabc?s=96&d=mm&r=g","url":"https:\/\/secure.gravatar.com\/avatar\/731fa035cefab7316e6bafd1f25a93fb731a07de14e2d9923f8db4422628eabc?s=96&d=mm&r=g","contentUrl":"https:\/\/secure.gravatar.com\/avatar\/731fa035cefab7316e6bafd1f25a93fb731a07de14e2d9923f8db4422628eabc?s=96&d=mm&r=g","caption":"mkajic"},"sameAs":["https:\/\/evropskakuca.me"],"url":"https:\/\/www.evropskakuca.me\/me\/author\/mkajic\/"}]}},"_links":{"self":[{"href":"https:\/\/www.evropskakuca.me\/me\/wp-json\/wp\/v2\/posts\/27149","targetHints":{"allow":["GET"]}}],"collection":[{"href":"https:\/\/www.evropskakuca.me\/me\/wp-json\/wp\/v2\/posts"}],"about":[{"href":"https:\/\/www.evropskakuca.me\/me\/wp-json\/wp\/v2\/types\/post"}],"author":[{"embeddable":true,"href":"https:\/\/www.evropskakuca.me\/me\/wp-json\/wp\/v2\/users\/1"}],"replies":[{"embeddable":true,"href":"https:\/\/www.evropskakuca.me\/me\/wp-json\/wp\/v2\/comments?post=27149"}],"version-history":[{"count":0,"href":"https:\/\/www.evropskakuca.me\/me\/wp-json\/wp\/v2\/posts\/27149\/revisions"}],"wp:featuredmedia":[{"embeddable":true,"href":"https:\/\/www.evropskakuca.me\/me\/wp-json\/wp\/v2\/media\/39015"}],"wp:attachment":[{"href":"https:\/\/www.evropskakuca.me\/me\/wp-json\/wp\/v2\/media?parent=27149"}],"wp:term":[{"taxonomy":"category","embeddable":true,"href":"https:\/\/www.evropskakuca.me\/me\/wp-json\/wp\/v2\/categories?post=27149"},{"taxonomy":"post_tag","embeddable":true,"href":"https:\/\/www.evropskakuca.me\/me\/wp-json\/wp\/v2\/tags?post=27149"}],"curies":[{"name":"wp","href":"https:\/\/api.w.org\/{rel}","templated":true}]}}