{"id":27117,"date":"2023-10-30T10:19:03","date_gmt":"2023-10-30T10:19:03","guid":{"rendered":"https:\/\/evropskakuca.me\/?p=27117"},"modified":"2023-10-30T10:19:03","modified_gmt":"2023-10-30T10:19:03","slug":"predsjednica-evropske-komisije-ursula-fon-der-lajen-u-posjeti-crnoj-gori","status":"publish","type":"post","link":"https:\/\/www.evropskakuca.me\/me\/predsjednica-evropske-komisije-ursula-fon-der-lajen-u-posjeti-crnoj-gori\/","title":{"rendered":"Predsjednica Evropske komisije Ursula fon der Lajen u posjeti Crnoj Gori"},"content":{"rendered":"<p>Predsjednica Evropske komisije\u00a0<strong>Ursula fon der Lajen<\/strong>\u00a0boravi\u0107e u zvani\u010dnoj posjeti Crnoj Gori u utorak, 31. oktobra 2023. godine, u okviru regionalne posjete Zapadnom Balkanu.<\/p>\n<blockquote><p>Predsjednica Fon der Lajen sasta\u0107e se u Vili \u201eGorica\u201c u Podgorici sa predsjednikom Crne Gore\u00a0<strong>Jakovom Milatovi\u0107em<\/strong>. Nakon sastanka, u 09.45 \u010dasova, bi\u0107e odr\u017eana zajedni\u010dka konferencija za medije predsjednice Fon der Lajen i predsjednika Milatovi\u0107a. Konferencija za medije \u0107e se prenositi i u\u017eivo putem platforme\u00a0<a href=\"https:\/\/audiovisual.ec.europa.eu\/en\/ebs\/1\/20221029\"><em>Europe by Satellite<\/em>\u00a0<em>(EbS)<\/em><\/a>.<\/p><\/blockquote>\n<p><img fetchpriority=\"high\" decoding=\"async\" class=\"alignnone size-large wp-image-8112\" src=\"https:\/\/evropskakuca.me\/wp-content\/uploads\/2020\/04\/ursula-1024x683.jpg\" alt=\"\" width=\"1024\" height=\"683\" \/><\/p>\n<p>U 10.15 \u010dasova, u Vili \u201eGorica\u201c, planiran je susret predsjednice Fon der Lajen sa\u00a0<strong>predsjednikom Vlade<\/strong>\u00a0koji u tom trenutku bude na funkciji. Nakon sastanka, predsjednica Komisije \u0107e posjetiti elektroprenosni objekat u Podgorici koji je dio Transbalkanskog koridora za prenos elektri\u010dne energije, koji kofinansira Evropska unija.<\/p>\n<blockquote><p>Za pra\u0107enje zajedni\u010dke konferencije za novinare predsjednice Fon der Lajen i predsjednika Milatovi\u0107a, potrebno je zatra\u017eiti akreditaciju od Slu\u017ebe za odnose s javno\u0161\u0107u predsjednika Crne Gore na\u00a0<a href=\"mailto:predsjednik.info@gmail.com\">predsjednik.info@gmail.com<\/a>, najkasnije do 19 \u010dasova.<\/p><\/blockquote>\n<p>Prisustvo medija nije predvi\u0111eno prilikom posjete predsjednice Fon der Lajen objektu za prenos elektri\u010dne energije. Nakon posjete, Evropska ku\u0107a \u0107e medijima distribuirati saop\u0161tenje za javnost, fotografije i video snimke posjete.<\/p>\n","protected":false},"excerpt":{"rendered":"<p>Predsjednica Evropske komisije\u00a0Ursula fon der Lajen\u00a0boravi\u0107e u zvani\u010dnoj posjeti Crnoj Gori u utorak, 31. oktobra 2023. godine, u okviru regionalne posjete Zapadnom Balkanu. Predsjednica Fon der Lajen sasta\u0107e se u Vili \u201eGorica\u201c u Podgorici sa predsjednikom Crne Gore\u00a0Jakovom Milatovi\u0107em. Nakon sastanka, u 09.45 \u010dasova, bi\u0107e odr\u017eana zajedni\u010dka konferencija za medije predsjednice Fon der Lajen i [&hellip;]<\/p>\n","protected":false},"author":1,"featured_media":39015,"comment_status":"closed","ping_status":"closed","sticky":false,"template":"","format":"standard","meta":{"_acf_changed":false,"footnotes":""},"categories":[],"tags":[],"class_list":["post-27117","post","type-post","status-publish","format-standard","has-post-thumbnail","hentry"],"acf":[],"yoast_head":"<!-- This site is optimized with the Yoast SEO plugin v27.3 - https:\/\/yoast.com\/product\/yoast-seo-wordpress\/ -->\n<title>Predsjednica Evropske komisije Ursula fon der Lajen u posjeti Crnoj Gori - Europe House<\/title>\n<meta name=\"robots\" content=\"index, follow, max-snippet:-1, max-image-preview:large, max-video-preview:-1\" \/>\n<link rel=\"canonical\" href=\"https:\/\/www.evropskakuca.me\/me\/predsjednica-evropske-komisije-ursula-fon-der-lajen-u-posjeti-crnoj-gori\/\" \/>\n<meta property=\"og:locale\" content=\"en_US\" \/>\n<meta property=\"og:type\" content=\"article\" \/>\n<meta property=\"og:title\" content=\"Predsjednica Evropske komisije Ursula fon der Lajen u posjeti Crnoj Gori - Europe House\" \/>\n<meta property=\"og:description\" content=\"Predsjednica Evropske komisije\u00a0Ursula fon der Lajen\u00a0boravi\u0107e u zvani\u010dnoj posjeti Crnoj Gori u utorak, 31. oktobra 2023. godine, u okviru regionalne posjete Zapadnom Balkanu. Predsjednica Fon der Lajen sasta\u0107e se u Vili \u201eGorica\u201c u Podgorici sa predsjednikom Crne Gore\u00a0Jakovom Milatovi\u0107em. Nakon sastanka, u 09.45 \u010dasova, bi\u0107e odr\u017eana zajedni\u010dka konferencija za medije predsjednice Fon der Lajen i [&hellip;]\" \/>\n<meta property=\"og:url\" content=\"https:\/\/www.evropskakuca.me\/me\/predsjednica-evropske-komisije-ursula-fon-der-lajen-u-posjeti-crnoj-gori\/\" \/>\n<meta property=\"og:site_name\" content=\"Europe House\" \/>\n<meta property=\"article:publisher\" content=\"https:\/\/www.facebook.com\/evropska.kuca\" \/>\n<meta property=\"article:published_time\" content=\"2023-10-30T10:19:03+00:00\" \/>\n<meta property=\"og:image\" content=\"https:\/\/www.evropskakuca.me\/wp-content\/uploads\/2023\/05\/EU-MNE-flags_0.jpg\" \/>\n\t<meta property=\"og:image:width\" content=\"750\" \/>\n\t<meta property=\"og:image:height\" content=\"500\" \/>\n\t<meta property=\"og:image:type\" content=\"image\/jpeg\" \/>\n<meta name=\"author\" content=\"mkajic\" \/>\n<meta name=\"twitter:card\" content=\"summary_large_image\" \/>\n<meta name=\"twitter:creator\" content=\"@evropska_kuca\" \/>\n<meta name=\"twitter:site\" content=\"@evropska_kuca\" \/>\n<meta name=\"twitter:label1\" content=\"Written by\" \/>\n\t<meta name=\"twitter:data1\" content=\"mkajic\" \/>\n\t<meta name=\"twitter:label2\" content=\"Est. reading time\" \/>\n\t<meta name=\"twitter:data2\" content=\"1 minute\" \/>\n<script type=\"application\/ld+json\" class=\"yoast-schema-graph\">{\"@context\":\"https:\\\/\\\/schema.org\",\"@graph\":[{\"@type\":\"Article\",\"@id\":\"https:\\\/\\\/www.evropskakuca.me\\\/me\\\/predsjednica-evropske-komisije-ursula-fon-der-lajen-u-posjeti-crnoj-gori\\\/#article\",\"isPartOf\":{\"@id\":\"https:\\\/\\\/www.evropskakuca.me\\\/me\\\/predsjednica-evropske-komisije-ursula-fon-der-lajen-u-posjeti-crnoj-gori\\\/\"},\"author\":{\"name\":\"mkajic\",\"@id\":\"https:\\\/\\\/www.evropskakuca.me\\\/me\\\/#\\\/schema\\\/person\\\/a1d0dcdaefe4a1cd1d60d200ea137ba4\"},\"headline\":\"Predsjednica Evropske komisije Ursula fon der Lajen u posjeti Crnoj Gori\",\"datePublished\":\"2023-10-30T10:19:03+00:00\",\"mainEntityOfPage\":{\"@id\":\"https:\\\/\\\/www.evropskakuca.me\\\/me\\\/predsjednica-evropske-komisije-ursula-fon-der-lajen-u-posjeti-crnoj-gori\\\/\"},\"wordCount\":211,\"publisher\":{\"@id\":\"https:\\\/\\\/www.evropskakuca.me\\\/me\\\/#organization\"},\"image\":{\"@id\":\"https:\\\/\\\/www.evropskakuca.me\\\/me\\\/predsjednica-evropske-komisije-ursula-fon-der-lajen-u-posjeti-crnoj-gori\\\/#primaryimage\"},\"thumbnailUrl\":\"https:\\\/\\\/www.evropskakuca.me\\\/wp-content\\\/uploads\\\/2023\\\/05\\\/EU-MNE-flags_0.jpg\",\"inLanguage\":\"me-ME\"},{\"@type\":\"WebPage\",\"@id\":\"https:\\\/\\\/www.evropskakuca.me\\\/me\\\/predsjednica-evropske-komisije-ursula-fon-der-lajen-u-posjeti-crnoj-gori\\\/\",\"url\":\"https:\\\/\\\/www.evropskakuca.me\\\/me\\\/predsjednica-evropske-komisije-ursula-fon-der-lajen-u-posjeti-crnoj-gori\\\/\",\"name\":\"Predsjednica Evropske komisije Ursula fon der Lajen u posjeti Crnoj Gori - Europe House\",\"isPartOf\":{\"@id\":\"https:\\\/\\\/www.evropskakuca.me\\\/me\\\/#website\"},\"primaryImageOfPage\":{\"@id\":\"https:\\\/\\\/www.evropskakuca.me\\\/me\\\/predsjednica-evropske-komisije-ursula-fon-der-lajen-u-posjeti-crnoj-gori\\\/#primaryimage\"},\"image\":{\"@id\":\"https:\\\/\\\/www.evropskakuca.me\\\/me\\\/predsjednica-evropske-komisije-ursula-fon-der-lajen-u-posjeti-crnoj-gori\\\/#primaryimage\"},\"thumbnailUrl\":\"https:\\\/\\\/www.evropskakuca.me\\\/wp-content\\\/uploads\\\/2023\\\/05\\\/EU-MNE-flags_0.jpg\",\"datePublished\":\"2023-10-30T10:19:03+00:00\",\"breadcrumb\":{\"@id\":\"https:\\\/\\\/www.evropskakuca.me\\\/me\\\/predsjednica-evropske-komisije-ursula-fon-der-lajen-u-posjeti-crnoj-gori\\\/#breadcrumb\"},\"inLanguage\":\"me-ME\",\"potentialAction\":[{\"@type\":\"ReadAction\",\"target\":[\"https:\\\/\\\/www.evropskakuca.me\\\/me\\\/predsjednica-evropske-komisije-ursula-fon-der-lajen-u-posjeti-crnoj-gori\\\/\"]}]},{\"@type\":\"ImageObject\",\"inLanguage\":\"me-ME\",\"@id\":\"https:\\\/\\\/www.evropskakuca.me\\\/me\\\/predsjednica-evropske-komisije-ursula-fon-der-lajen-u-posjeti-crnoj-gori\\\/#primaryimage\",\"url\":\"https:\\\/\\\/www.evropskakuca.me\\\/wp-content\\\/uploads\\\/2023\\\/05\\\/EU-MNE-flags_0.jpg\",\"contentUrl\":\"https:\\\/\\\/www.evropskakuca.me\\\/wp-content\\\/uploads\\\/2023\\\/05\\\/EU-MNE-flags_0.jpg\",\"width\":750,\"height\":500},{\"@type\":\"BreadcrumbList\",\"@id\":\"https:\\\/\\\/www.evropskakuca.me\\\/me\\\/predsjednica-evropske-komisije-ursula-fon-der-lajen-u-posjeti-crnoj-gori\\\/#breadcrumb\",\"itemListElement\":[{\"@type\":\"ListItem\",\"position\":1,\"name\":\"Home\",\"item\":\"https:\\\/\\\/www.evropskakuca.me\\\/me\\\/\"},{\"@type\":\"ListItem\",\"position\":2,\"name\":\"Predsjednica Evropske komisije Ursula fon der Lajen u posjeti Crnoj Gori\"}]},{\"@type\":\"WebSite\",\"@id\":\"https:\\\/\\\/www.evropskakuca.me\\\/me\\\/#website\",\"url\":\"https:\\\/\\\/www.evropskakuca.me\\\/me\\\/\",\"name\":\"Evropean house\",\"description\":\"\",\"publisher\":{\"@id\":\"https:\\\/\\\/www.evropskakuca.me\\\/me\\\/#organization\"},\"potentialAction\":[{\"@type\":\"SearchAction\",\"target\":{\"@type\":\"EntryPoint\",\"urlTemplate\":\"https:\\\/\\\/www.evropskakuca.me\\\/me\\\/?s={search_term_string}\"},\"query-input\":{\"@type\":\"PropertyValueSpecification\",\"valueRequired\":true,\"valueName\":\"search_term_string\"}}],\"inLanguage\":\"me-ME\"},{\"@type\":\"Organization\",\"@id\":\"https:\\\/\\\/www.evropskakuca.me\\\/me\\\/#organization\",\"name\":\"Evropean house\",\"url\":\"https:\\\/\\\/www.evropskakuca.me\\\/me\\\/\",\"logo\":{\"@type\":\"ImageObject\",\"inLanguage\":\"me-ME\",\"@id\":\"https:\\\/\\\/www.evropskakuca.me\\\/me\\\/#\\\/schema\\\/logo\\\/image\\\/\",\"url\":\"https:\\\/\\\/www.evropskakuca.me\\\/wp-content\\\/uploads\\\/2025\\\/01\\\/evropska-kuca-logo-1.png\",\"contentUrl\":\"https:\\\/\\\/www.evropskakuca.me\\\/wp-content\\\/uploads\\\/2025\\\/01\\\/evropska-kuca-logo-1.png\",\"width\":425,\"height\":312,\"caption\":\"Evropean house\"},\"image\":{\"@id\":\"https:\\\/\\\/www.evropskakuca.me\\\/me\\\/#\\\/schema\\\/logo\\\/image\\\/\"},\"sameAs\":[\"https:\\\/\\\/www.facebook.com\\\/evropska.kuca\",\"https:\\\/\\\/x.com\\\/evropska_kuca\",\"https:\\\/\\\/www.instagram.com\\\/evropska_kuca\"]},{\"@type\":\"Person\",\"@id\":\"https:\\\/\\\/www.evropskakuca.me\\\/me\\\/#\\\/schema\\\/person\\\/a1d0dcdaefe4a1cd1d60d200ea137ba4\",\"name\":\"mkajic\",\"image\":{\"@type\":\"ImageObject\",\"inLanguage\":\"me-ME\",\"@id\":\"https:\\\/\\\/secure.gravatar.com\\\/avatar\\\/731fa035cefab7316e6bafd1f25a93fb731a07de14e2d9923f8db4422628eabc?s=96&d=mm&r=g\",\"url\":\"https:\\\/\\\/secure.gravatar.com\\\/avatar\\\/731fa035cefab7316e6bafd1f25a93fb731a07de14e2d9923f8db4422628eabc?s=96&d=mm&r=g\",\"contentUrl\":\"https:\\\/\\\/secure.gravatar.com\\\/avatar\\\/731fa035cefab7316e6bafd1f25a93fb731a07de14e2d9923f8db4422628eabc?s=96&d=mm&r=g\",\"caption\":\"mkajic\"},\"sameAs\":[\"https:\\\/\\\/evropskakuca.me\"],\"url\":\"https:\\\/\\\/www.evropskakuca.me\\\/me\\\/author\\\/mkajic\\\/\"}]}<\/script>\n<!-- \/ Yoast SEO plugin. -->","yoast_head_json":{"title":"Predsjednica Evropske komisije Ursula fon der Lajen u posjeti Crnoj Gori - Europe House","robots":{"index":"index","follow":"follow","max-snippet":"max-snippet:-1","max-image-preview":"max-image-preview:large","max-video-preview":"max-video-preview:-1"},"canonical":"https:\/\/www.evropskakuca.me\/me\/predsjednica-evropske-komisije-ursula-fon-der-lajen-u-posjeti-crnoj-gori\/","og_locale":"en_US","og_type":"article","og_title":"Predsjednica Evropske komisije Ursula fon der Lajen u posjeti Crnoj Gori - Europe House","og_description":"Predsjednica Evropske komisije\u00a0Ursula fon der Lajen\u00a0boravi\u0107e u zvani\u010dnoj posjeti Crnoj Gori u utorak, 31. oktobra 2023. godine, u okviru regionalne posjete Zapadnom Balkanu. Predsjednica Fon der Lajen sasta\u0107e se u Vili \u201eGorica\u201c u Podgorici sa predsjednikom Crne Gore\u00a0Jakovom Milatovi\u0107em. Nakon sastanka, u 09.45 \u010dasova, bi\u0107e odr\u017eana zajedni\u010dka konferencija za medije predsjednice Fon der Lajen i [&hellip;]","og_url":"https:\/\/www.evropskakuca.me\/me\/predsjednica-evropske-komisije-ursula-fon-der-lajen-u-posjeti-crnoj-gori\/","og_site_name":"Europe House","article_publisher":"https:\/\/www.facebook.com\/evropska.kuca","article_published_time":"2023-10-30T10:19:03+00:00","og_image":[{"width":750,"height":500,"url":"https:\/\/www.evropskakuca.me\/wp-content\/uploads\/2023\/05\/EU-MNE-flags_0.jpg","type":"image\/jpeg"}],"author":"mkajic","twitter_card":"summary_large_image","twitter_creator":"@evropska_kuca","twitter_site":"@evropska_kuca","twitter_misc":{"Written by":"mkajic","Est. reading time":"1 minute"},"schema":{"@context":"https:\/\/schema.org","@graph":[{"@type":"Article","@id":"https:\/\/www.evropskakuca.me\/me\/predsjednica-evropske-komisije-ursula-fon-der-lajen-u-posjeti-crnoj-gori\/#article","isPartOf":{"@id":"https:\/\/www.evropskakuca.me\/me\/predsjednica-evropske-komisije-ursula-fon-der-lajen-u-posjeti-crnoj-gori\/"},"author":{"name":"mkajic","@id":"https:\/\/www.evropskakuca.me\/me\/#\/schema\/person\/a1d0dcdaefe4a1cd1d60d200ea137ba4"},"headline":"Predsjednica Evropske komisije Ursula fon der Lajen u posjeti Crnoj Gori","datePublished":"2023-10-30T10:19:03+00:00","mainEntityOfPage":{"@id":"https:\/\/www.evropskakuca.me\/me\/predsjednica-evropske-komisije-ursula-fon-der-lajen-u-posjeti-crnoj-gori\/"},"wordCount":211,"publisher":{"@id":"https:\/\/www.evropskakuca.me\/me\/#organization"},"image":{"@id":"https:\/\/www.evropskakuca.me\/me\/predsjednica-evropske-komisije-ursula-fon-der-lajen-u-posjeti-crnoj-gori\/#primaryimage"},"thumbnailUrl":"https:\/\/www.evropskakuca.me\/wp-content\/uploads\/2023\/05\/EU-MNE-flags_0.jpg","inLanguage":"me-ME"},{"@type":"WebPage","@id":"https:\/\/www.evropskakuca.me\/me\/predsjednica-evropske-komisije-ursula-fon-der-lajen-u-posjeti-crnoj-gori\/","url":"https:\/\/www.evropskakuca.me\/me\/predsjednica-evropske-komisije-ursula-fon-der-lajen-u-posjeti-crnoj-gori\/","name":"Predsjednica Evropske komisije Ursula fon der Lajen u posjeti Crnoj Gori - Europe House","isPartOf":{"@id":"https:\/\/www.evropskakuca.me\/me\/#website"},"primaryImageOfPage":{"@id":"https:\/\/www.evropskakuca.me\/me\/predsjednica-evropske-komisije-ursula-fon-der-lajen-u-posjeti-crnoj-gori\/#primaryimage"},"image":{"@id":"https:\/\/www.evropskakuca.me\/me\/predsjednica-evropske-komisije-ursula-fon-der-lajen-u-posjeti-crnoj-gori\/#primaryimage"},"thumbnailUrl":"https:\/\/www.evropskakuca.me\/wp-content\/uploads\/2023\/05\/EU-MNE-flags_0.jpg","datePublished":"2023-10-30T10:19:03+00:00","breadcrumb":{"@id":"https:\/\/www.evropskakuca.me\/me\/predsjednica-evropske-komisije-ursula-fon-der-lajen-u-posjeti-crnoj-gori\/#breadcrumb"},"inLanguage":"me-ME","potentialAction":[{"@type":"ReadAction","target":["https:\/\/www.evropskakuca.me\/me\/predsjednica-evropske-komisije-ursula-fon-der-lajen-u-posjeti-crnoj-gori\/"]}]},{"@type":"ImageObject","inLanguage":"me-ME","@id":"https:\/\/www.evropskakuca.me\/me\/predsjednica-evropske-komisije-ursula-fon-der-lajen-u-posjeti-crnoj-gori\/#primaryimage","url":"https:\/\/www.evropskakuca.me\/wp-content\/uploads\/2023\/05\/EU-MNE-flags_0.jpg","contentUrl":"https:\/\/www.evropskakuca.me\/wp-content\/uploads\/2023\/05\/EU-MNE-flags_0.jpg","width":750,"height":500},{"@type":"BreadcrumbList","@id":"https:\/\/www.evropskakuca.me\/me\/predsjednica-evropske-komisije-ursula-fon-der-lajen-u-posjeti-crnoj-gori\/#breadcrumb","itemListElement":[{"@type":"ListItem","position":1,"name":"Home","item":"https:\/\/www.evropskakuca.me\/me\/"},{"@type":"ListItem","position":2,"name":"Predsjednica Evropske komisije Ursula fon der Lajen u posjeti Crnoj Gori"}]},{"@type":"WebSite","@id":"https:\/\/www.evropskakuca.me\/me\/#website","url":"https:\/\/www.evropskakuca.me\/me\/","name":"Evropean house","description":"","publisher":{"@id":"https:\/\/www.evropskakuca.me\/me\/#organization"},"potentialAction":[{"@type":"SearchAction","target":{"@type":"EntryPoint","urlTemplate":"https:\/\/www.evropskakuca.me\/me\/?s={search_term_string}"},"query-input":{"@type":"PropertyValueSpecification","valueRequired":true,"valueName":"search_term_string"}}],"inLanguage":"me-ME"},{"@type":"Organization","@id":"https:\/\/www.evropskakuca.me\/me\/#organization","name":"Evropean house","url":"https:\/\/www.evropskakuca.me\/me\/","logo":{"@type":"ImageObject","inLanguage":"me-ME","@id":"https:\/\/www.evropskakuca.me\/me\/#\/schema\/logo\/image\/","url":"https:\/\/www.evropskakuca.me\/wp-content\/uploads\/2025\/01\/evropska-kuca-logo-1.png","contentUrl":"https:\/\/www.evropskakuca.me\/wp-content\/uploads\/2025\/01\/evropska-kuca-logo-1.png","width":425,"height":312,"caption":"Evropean house"},"image":{"@id":"https:\/\/www.evropskakuca.me\/me\/#\/schema\/logo\/image\/"},"sameAs":["https:\/\/www.facebook.com\/evropska.kuca","https:\/\/x.com\/evropska_kuca","https:\/\/www.instagram.com\/evropska_kuca"]},{"@type":"Person","@id":"https:\/\/www.evropskakuca.me\/me\/#\/schema\/person\/a1d0dcdaefe4a1cd1d60d200ea137ba4","name":"mkajic","image":{"@type":"ImageObject","inLanguage":"me-ME","@id":"https:\/\/secure.gravatar.com\/avatar\/731fa035cefab7316e6bafd1f25a93fb731a07de14e2d9923f8db4422628eabc?s=96&d=mm&r=g","url":"https:\/\/secure.gravatar.com\/avatar\/731fa035cefab7316e6bafd1f25a93fb731a07de14e2d9923f8db4422628eabc?s=96&d=mm&r=g","contentUrl":"https:\/\/secure.gravatar.com\/avatar\/731fa035cefab7316e6bafd1f25a93fb731a07de14e2d9923f8db4422628eabc?s=96&d=mm&r=g","caption":"mkajic"},"sameAs":["https:\/\/evropskakuca.me"],"url":"https:\/\/www.evropskakuca.me\/me\/author\/mkajic\/"}]}},"_links":{"self":[{"href":"https:\/\/www.evropskakuca.me\/me\/wp-json\/wp\/v2\/posts\/27117","targetHints":{"allow":["GET"]}}],"collection":[{"href":"https:\/\/www.evropskakuca.me\/me\/wp-json\/wp\/v2\/posts"}],"about":[{"href":"https:\/\/www.evropskakuca.me\/me\/wp-json\/wp\/v2\/types\/post"}],"author":[{"embeddable":true,"href":"https:\/\/www.evropskakuca.me\/me\/wp-json\/wp\/v2\/users\/1"}],"replies":[{"embeddable":true,"href":"https:\/\/www.evropskakuca.me\/me\/wp-json\/wp\/v2\/comments?post=27117"}],"version-history":[{"count":0,"href":"https:\/\/www.evropskakuca.me\/me\/wp-json\/wp\/v2\/posts\/27117\/revisions"}],"wp:featuredmedia":[{"embeddable":true,"href":"https:\/\/www.evropskakuca.me\/me\/wp-json\/wp\/v2\/media\/39015"}],"wp:attachment":[{"href":"https:\/\/www.evropskakuca.me\/me\/wp-json\/wp\/v2\/media?parent=27117"}],"wp:term":[{"taxonomy":"category","embeddable":true,"href":"https:\/\/www.evropskakuca.me\/me\/wp-json\/wp\/v2\/categories?post=27117"},{"taxonomy":"post_tag","embeddable":true,"href":"https:\/\/www.evropskakuca.me\/me\/wp-json\/wp\/v2\/tags?post=27117"}],"curies":[{"name":"wp","href":"https:\/\/api.w.org\/{rel}","templated":true}]}}