{"id":27085,"date":"2023-10-27T09:37:47","date_gmt":"2023-10-27T09:37:47","guid":{"rendered":"https:\/\/evropskakuca.me\/?p=27085"},"modified":"2023-10-27T09:37:47","modified_gmt":"2023-10-27T09:37:47","slug":"ambasador-partso-clanstvo-u-eu-moze-biti-sok-terapija-kafa-sa-ambasadorom-grcke","status":"publish","type":"post","link":"https:\/\/www.evropskakuca.me\/me\/ambasador-partso-clanstvo-u-eu-moze-biti-sok-terapija-kafa-sa-ambasadorom-grcke\/","title":{"rendered":"Ambasador Partso: \u010clanstvo u EU mo\u017ee biti \u0161ok terapija (Kafa sa ambasadorom Gr\u010dke)"},"content":{"rendered":"<p>Ambasador Gr\u010dke u Crnoj Gori <strong>Panajotis Partso<\/strong> svjetski je putnik, harvardski \u0111ak i pasionirani fotograf. Jedini je \u010dlan diplomatske slu\u017ebe Gr\u010dke \u00a0koji je slu\u017eio svojoj zemlji \u201esamo u kom\u0161iluku\u201c. Tamo na po\u010detku, pri izboru profesije dopadala mu se ideja da postane diplomata, da se upoznaje sa novim zemljama i novim kulturama. To ga je dovelo i u Crnu Goru.<\/p>\n<p>\u201eDo\u0161ao sam u Crnu Goru i nakon tri mjeseca je po\u010deo \u201elokdaun\u201c zbog kovida, \u0161to je meni dosta ote\u017ealo posao. To \u0161to nisam mogao napu\u0161tati \u017eivotni prostor navelo me je da po\u010dnem se bavim ba\u0161tovanstvom. Dakle, tada smo imali puno slobodnog vremena koje mi sada nedostaje. Volim da \u010ditam ali nemam vremena da \u010ditam koliko bih \u017eelio.\u201c poru\u010dio je ambasador.<\/p>\n<p><img fetchpriority=\"high\" decoding=\"async\" class=\"alignnone size-large wp-image-27088\" src=\"https:\/\/evropskakuca.me\/wp-content\/uploads\/2023\/10\/FOTO-2-1024x573.jpg\" alt=\"\" width=\"1024\" height=\"573\" \/><\/p>\n<blockquote><p>Zemlje regiona su ka\u017ee, sli\u010dne na mnogo na\u010dina, a isto tako i razli\u010dite na mnogo na\u010dina. To je bogatstvo razlika koje u su\u0161tini krasi i Evropsku uniju. Taj diverzitet, poru\u010duje ambasador, ne smije biti povod za sukobe ve\u0107 osnova bolje saradnje.<\/p><\/blockquote>\n<p>Kada u\u0111ete u EU poru\u010duje Partso, na po\u010detku je sve jako romanti\u010dno u o\u010dima ljudi, ali poenta je da je to kretanje \u00a0u progresu nacionalnih entiteta.<\/p>\n<p>\u201eTo je zajednica koja Vas mijenja kao \u0161to se, recimo, mijenja vino. U su\u0161tini to je pravni i zakonodavni sistem koji, kada mu se pridru\u017eite, do\u0111e Vam kao \u0161ok terapija. Ta transformacija mo\u017ee biti \u0161okantna i u samom procesu o kojem ima prilago\u0111avanja koja se moraju pro\u0107i.\u201c poru\u010dio je ambasador.<\/p>\n<p>Mladima poru\u010duje da budu svjesni da imaju i srce i um. Um je u osnovi kapacitet da razumijemo ali ljudi ne mogi ni bez srca, bez svojih osje\u0107anja.<\/p>\n<p><img decoding=\"async\" class=\"alignnone size-large wp-image-27090\" src=\"https:\/\/evropskakuca.me\/wp-content\/uploads\/2023\/10\/FOTO-3-1024x573.jpg\" alt=\"\" width=\"1024\" height=\"573\" \/><\/p>\n<p>\u201eZato treba da volite i osje\u0107ate to \u0161to radite da bi stanica na kojoj ste se ukrcali u voz Va\u0161eg \u017eivota bila prava. Pratite svoje srce uz jedno veliko ali. To ali je balans Va\u0161eg \u017eivota do kojeg se dolazi umom.\u201c kazao je Partso.<\/p>\n<blockquote><p>Gr\u010dki ambasador ubije\u0111en je da \u0107e Crna Gora biti sljede\u0107a \u010dlanica Evropske unije.\u00a0 Evropska unija je ka\u017ee Partso &#8211; \u201eevropski mirovni eksperiment\u201c a odluke u EU donose dr\u017eave \u010dlanice, njihove vlade. A vladama upravljaju politi\u010dari koji, poru\u010duje ambasador Partso,\u00a0 nisu \u010dudotvorci ve\u0107 ljudi koji mogu raditi i dobre i lo\u0161e stvari.<\/p><\/blockquote>\n<p>\u201e\u010cesto je u javnosti kritika koja je usmjerena protiv politi\u010dara usmjerena na ono \u0161to je mogu\u0107e. Ali treba znati da \u0161to je danas mogu\u0107e, ne mora biti sjutra i obratno.\u201c poru\u010dio je ambasador.<\/p>\n","protected":false},"excerpt":{"rendered":"<p>Ambasador Gr\u010dke u Crnoj Gori Panajotis Partso svjetski je putnik, harvardski \u0111ak i pasionirani fotograf. Jedini je \u010dlan diplomatske slu\u017ebe Gr\u010dke \u00a0koji je slu\u017eio svojoj zemlji \u201esamo u kom\u0161iluku\u201c. Tamo na po\u010detku, pri izboru profesije dopadala mu se ideja da postane diplomata, da se upoznaje sa novim zemljama i novim kulturama. To ga je dovelo [&hellip;]<\/p>\n","protected":false},"author":1,"featured_media":40145,"comment_status":"closed","ping_status":"closed","sticky":false,"template":"","format":"standard","meta":{"_acf_changed":false,"footnotes":""},"categories":[],"tags":[],"class_list":["post-27085","post","type-post","status-publish","format-standard","has-post-thumbnail","hentry"],"acf":[],"yoast_head":"<!-- This site is optimized with the Yoast SEO plugin v27.3 - https:\/\/yoast.com\/product\/yoast-seo-wordpress\/ -->\n<title>Ambasador Partso: \u010clanstvo u EU mo\u017ee biti \u0161ok terapija (Kafa sa ambasadorom Gr\u010dke) - Europe House<\/title>\n<meta name=\"robots\" content=\"index, follow, max-snippet:-1, max-image-preview:large, max-video-preview:-1\" \/>\n<link rel=\"canonical\" href=\"https:\/\/www.evropskakuca.me\/me\/ambasador-partso-clanstvo-u-eu-moze-biti-sok-terapija-kafa-sa-ambasadorom-grcke\/\" \/>\n<meta property=\"og:locale\" content=\"en_US\" \/>\n<meta property=\"og:type\" content=\"article\" \/>\n<meta property=\"og:title\" content=\"Ambasador Partso: \u010clanstvo u EU mo\u017ee biti \u0161ok terapija (Kafa sa ambasadorom Gr\u010dke) - Europe House\" \/>\n<meta property=\"og:description\" content=\"Ambasador Gr\u010dke u Crnoj Gori Panajotis Partso svjetski je putnik, harvardski \u0111ak i pasionirani fotograf. Jedini je \u010dlan diplomatske slu\u017ebe Gr\u010dke \u00a0koji je slu\u017eio svojoj zemlji \u201esamo u kom\u0161iluku\u201c. Tamo na po\u010detku, pri izboru profesije dopadala mu se ideja da postane diplomata, da se upoznaje sa novim zemljama i novim kulturama. To ga je dovelo [&hellip;]\" \/>\n<meta property=\"og:url\" content=\"https:\/\/www.evropskakuca.me\/me\/ambasador-partso-clanstvo-u-eu-moze-biti-sok-terapija-kafa-sa-ambasadorom-grcke\/\" \/>\n<meta property=\"og:site_name\" content=\"Europe House\" \/>\n<meta property=\"article:publisher\" content=\"https:\/\/www.facebook.com\/evropska.kuca\" \/>\n<meta property=\"article:published_time\" content=\"2023-10-27T09:37:47+00:00\" \/>\n<meta property=\"og:image\" content=\"https:\/\/www.evropskakuca.me\/wp-content\/uploads\/2023\/10\/FOTO-1.jpg\" \/>\n\t<meta property=\"og:image:width\" content=\"2400\" \/>\n\t<meta property=\"og:image:height\" content=\"1344\" \/>\n\t<meta property=\"og:image:type\" content=\"image\/jpeg\" \/>\n<meta name=\"author\" content=\"mkajic\" \/>\n<meta name=\"twitter:card\" content=\"summary_large_image\" \/>\n<meta name=\"twitter:creator\" content=\"@evropska_kuca\" \/>\n<meta name=\"twitter:site\" content=\"@evropska_kuca\" \/>\n<meta name=\"twitter:label1\" content=\"Written by\" \/>\n\t<meta name=\"twitter:data1\" content=\"mkajic\" \/>\n\t<meta name=\"twitter:label2\" content=\"Est. reading time\" \/>\n\t<meta name=\"twitter:data2\" content=\"3 minutes\" \/>\n<script type=\"application\/ld+json\" class=\"yoast-schema-graph\">{\"@context\":\"https:\\\/\\\/schema.org\",\"@graph\":[{\"@type\":\"Article\",\"@id\":\"https:\\\/\\\/www.evropskakuca.me\\\/me\\\/ambasador-partso-clanstvo-u-eu-moze-biti-sok-terapija-kafa-sa-ambasadorom-grcke\\\/#article\",\"isPartOf\":{\"@id\":\"https:\\\/\\\/www.evropskakuca.me\\\/me\\\/ambasador-partso-clanstvo-u-eu-moze-biti-sok-terapija-kafa-sa-ambasadorom-grcke\\\/\"},\"author\":{\"name\":\"mkajic\",\"@id\":\"https:\\\/\\\/www.evropskakuca.me\\\/me\\\/#\\\/schema\\\/person\\\/a1d0dcdaefe4a1cd1d60d200ea137ba4\"},\"headline\":\"Ambasador Partso: \u010clanstvo u EU mo\u017ee biti \u0161ok terapija (Kafa sa ambasadorom Gr\u010dke)\",\"datePublished\":\"2023-10-27T09:37:47+00:00\",\"mainEntityOfPage\":{\"@id\":\"https:\\\/\\\/www.evropskakuca.me\\\/me\\\/ambasador-partso-clanstvo-u-eu-moze-biti-sok-terapija-kafa-sa-ambasadorom-grcke\\\/\"},\"wordCount\":456,\"publisher\":{\"@id\":\"https:\\\/\\\/www.evropskakuca.me\\\/me\\\/#organization\"},\"image\":{\"@id\":\"https:\\\/\\\/www.evropskakuca.me\\\/me\\\/ambasador-partso-clanstvo-u-eu-moze-biti-sok-terapija-kafa-sa-ambasadorom-grcke\\\/#primaryimage\"},\"thumbnailUrl\":\"https:\\\/\\\/www.evropskakuca.me\\\/wp-content\\\/uploads\\\/2023\\\/10\\\/FOTO-1.jpg\",\"inLanguage\":\"me-ME\"},{\"@type\":\"WebPage\",\"@id\":\"https:\\\/\\\/www.evropskakuca.me\\\/me\\\/ambasador-partso-clanstvo-u-eu-moze-biti-sok-terapija-kafa-sa-ambasadorom-grcke\\\/\",\"url\":\"https:\\\/\\\/www.evropskakuca.me\\\/me\\\/ambasador-partso-clanstvo-u-eu-moze-biti-sok-terapija-kafa-sa-ambasadorom-grcke\\\/\",\"name\":\"Ambasador Partso: \u010clanstvo u EU mo\u017ee biti \u0161ok terapija (Kafa sa ambasadorom Gr\u010dke) - Europe House\",\"isPartOf\":{\"@id\":\"https:\\\/\\\/www.evropskakuca.me\\\/me\\\/#website\"},\"primaryImageOfPage\":{\"@id\":\"https:\\\/\\\/www.evropskakuca.me\\\/me\\\/ambasador-partso-clanstvo-u-eu-moze-biti-sok-terapija-kafa-sa-ambasadorom-grcke\\\/#primaryimage\"},\"image\":{\"@id\":\"https:\\\/\\\/www.evropskakuca.me\\\/me\\\/ambasador-partso-clanstvo-u-eu-moze-biti-sok-terapija-kafa-sa-ambasadorom-grcke\\\/#primaryimage\"},\"thumbnailUrl\":\"https:\\\/\\\/www.evropskakuca.me\\\/wp-content\\\/uploads\\\/2023\\\/10\\\/FOTO-1.jpg\",\"datePublished\":\"2023-10-27T09:37:47+00:00\",\"breadcrumb\":{\"@id\":\"https:\\\/\\\/www.evropskakuca.me\\\/me\\\/ambasador-partso-clanstvo-u-eu-moze-biti-sok-terapija-kafa-sa-ambasadorom-grcke\\\/#breadcrumb\"},\"inLanguage\":\"me-ME\",\"potentialAction\":[{\"@type\":\"ReadAction\",\"target\":[\"https:\\\/\\\/www.evropskakuca.me\\\/me\\\/ambasador-partso-clanstvo-u-eu-moze-biti-sok-terapija-kafa-sa-ambasadorom-grcke\\\/\"]}]},{\"@type\":\"ImageObject\",\"inLanguage\":\"me-ME\",\"@id\":\"https:\\\/\\\/www.evropskakuca.me\\\/me\\\/ambasador-partso-clanstvo-u-eu-moze-biti-sok-terapija-kafa-sa-ambasadorom-grcke\\\/#primaryimage\",\"url\":\"https:\\\/\\\/www.evropskakuca.me\\\/wp-content\\\/uploads\\\/2023\\\/10\\\/FOTO-1.jpg\",\"contentUrl\":\"https:\\\/\\\/www.evropskakuca.me\\\/wp-content\\\/uploads\\\/2023\\\/10\\\/FOTO-1.jpg\",\"width\":2400,\"height\":1344},{\"@type\":\"BreadcrumbList\",\"@id\":\"https:\\\/\\\/www.evropskakuca.me\\\/me\\\/ambasador-partso-clanstvo-u-eu-moze-biti-sok-terapija-kafa-sa-ambasadorom-grcke\\\/#breadcrumb\",\"itemListElement\":[{\"@type\":\"ListItem\",\"position\":1,\"name\":\"Home\",\"item\":\"https:\\\/\\\/www.evropskakuca.me\\\/me\\\/\"},{\"@type\":\"ListItem\",\"position\":2,\"name\":\"Ambasador Partso: \u010clanstvo u EU mo\u017ee biti \u0161ok terapija (Kafa sa ambasadorom Gr\u010dke)\"}]},{\"@type\":\"WebSite\",\"@id\":\"https:\\\/\\\/www.evropskakuca.me\\\/me\\\/#website\",\"url\":\"https:\\\/\\\/www.evropskakuca.me\\\/me\\\/\",\"name\":\"Evropean house\",\"description\":\"\",\"publisher\":{\"@id\":\"https:\\\/\\\/www.evropskakuca.me\\\/me\\\/#organization\"},\"potentialAction\":[{\"@type\":\"SearchAction\",\"target\":{\"@type\":\"EntryPoint\",\"urlTemplate\":\"https:\\\/\\\/www.evropskakuca.me\\\/me\\\/?s={search_term_string}\"},\"query-input\":{\"@type\":\"PropertyValueSpecification\",\"valueRequired\":true,\"valueName\":\"search_term_string\"}}],\"inLanguage\":\"me-ME\"},{\"@type\":\"Organization\",\"@id\":\"https:\\\/\\\/www.evropskakuca.me\\\/me\\\/#organization\",\"name\":\"Evropean house\",\"url\":\"https:\\\/\\\/www.evropskakuca.me\\\/me\\\/\",\"logo\":{\"@type\":\"ImageObject\",\"inLanguage\":\"me-ME\",\"@id\":\"https:\\\/\\\/www.evropskakuca.me\\\/me\\\/#\\\/schema\\\/logo\\\/image\\\/\",\"url\":\"https:\\\/\\\/www.evropskakuca.me\\\/wp-content\\\/uploads\\\/2025\\\/01\\\/evropska-kuca-logo-1.png\",\"contentUrl\":\"https:\\\/\\\/www.evropskakuca.me\\\/wp-content\\\/uploads\\\/2025\\\/01\\\/evropska-kuca-logo-1.png\",\"width\":425,\"height\":312,\"caption\":\"Evropean house\"},\"image\":{\"@id\":\"https:\\\/\\\/www.evropskakuca.me\\\/me\\\/#\\\/schema\\\/logo\\\/image\\\/\"},\"sameAs\":[\"https:\\\/\\\/www.facebook.com\\\/evropska.kuca\",\"https:\\\/\\\/x.com\\\/evropska_kuca\",\"https:\\\/\\\/www.instagram.com\\\/evropska_kuca\"]},{\"@type\":\"Person\",\"@id\":\"https:\\\/\\\/www.evropskakuca.me\\\/me\\\/#\\\/schema\\\/person\\\/a1d0dcdaefe4a1cd1d60d200ea137ba4\",\"name\":\"mkajic\",\"image\":{\"@type\":\"ImageObject\",\"inLanguage\":\"me-ME\",\"@id\":\"https:\\\/\\\/secure.gravatar.com\\\/avatar\\\/731fa035cefab7316e6bafd1f25a93fb731a07de14e2d9923f8db4422628eabc?s=96&d=mm&r=g\",\"url\":\"https:\\\/\\\/secure.gravatar.com\\\/avatar\\\/731fa035cefab7316e6bafd1f25a93fb731a07de14e2d9923f8db4422628eabc?s=96&d=mm&r=g\",\"contentUrl\":\"https:\\\/\\\/secure.gravatar.com\\\/avatar\\\/731fa035cefab7316e6bafd1f25a93fb731a07de14e2d9923f8db4422628eabc?s=96&d=mm&r=g\",\"caption\":\"mkajic\"},\"sameAs\":[\"https:\\\/\\\/evropskakuca.me\"],\"url\":\"https:\\\/\\\/www.evropskakuca.me\\\/me\\\/author\\\/mkajic\\\/\"}]}<\/script>\n<!-- \/ Yoast SEO plugin. -->","yoast_head_json":{"title":"Ambasador Partso: \u010clanstvo u EU mo\u017ee biti \u0161ok terapija (Kafa sa ambasadorom Gr\u010dke) - Europe House","robots":{"index":"index","follow":"follow","max-snippet":"max-snippet:-1","max-image-preview":"max-image-preview:large","max-video-preview":"max-video-preview:-1"},"canonical":"https:\/\/www.evropskakuca.me\/me\/ambasador-partso-clanstvo-u-eu-moze-biti-sok-terapija-kafa-sa-ambasadorom-grcke\/","og_locale":"en_US","og_type":"article","og_title":"Ambasador Partso: \u010clanstvo u EU mo\u017ee biti \u0161ok terapija (Kafa sa ambasadorom Gr\u010dke) - Europe House","og_description":"Ambasador Gr\u010dke u Crnoj Gori Panajotis Partso svjetski je putnik, harvardski \u0111ak i pasionirani fotograf. Jedini je \u010dlan diplomatske slu\u017ebe Gr\u010dke \u00a0koji je slu\u017eio svojoj zemlji \u201esamo u kom\u0161iluku\u201c. Tamo na po\u010detku, pri izboru profesije dopadala mu se ideja da postane diplomata, da se upoznaje sa novim zemljama i novim kulturama. To ga je dovelo [&hellip;]","og_url":"https:\/\/www.evropskakuca.me\/me\/ambasador-partso-clanstvo-u-eu-moze-biti-sok-terapija-kafa-sa-ambasadorom-grcke\/","og_site_name":"Europe House","article_publisher":"https:\/\/www.facebook.com\/evropska.kuca","article_published_time":"2023-10-27T09:37:47+00:00","og_image":[{"width":2400,"height":1344,"url":"https:\/\/www.evropskakuca.me\/wp-content\/uploads\/2023\/10\/FOTO-1.jpg","type":"image\/jpeg"}],"author":"mkajic","twitter_card":"summary_large_image","twitter_creator":"@evropska_kuca","twitter_site":"@evropska_kuca","twitter_misc":{"Written by":"mkajic","Est. reading time":"3 minutes"},"schema":{"@context":"https:\/\/schema.org","@graph":[{"@type":"Article","@id":"https:\/\/www.evropskakuca.me\/me\/ambasador-partso-clanstvo-u-eu-moze-biti-sok-terapija-kafa-sa-ambasadorom-grcke\/#article","isPartOf":{"@id":"https:\/\/www.evropskakuca.me\/me\/ambasador-partso-clanstvo-u-eu-moze-biti-sok-terapija-kafa-sa-ambasadorom-grcke\/"},"author":{"name":"mkajic","@id":"https:\/\/www.evropskakuca.me\/me\/#\/schema\/person\/a1d0dcdaefe4a1cd1d60d200ea137ba4"},"headline":"Ambasador Partso: \u010clanstvo u EU mo\u017ee biti \u0161ok terapija (Kafa sa ambasadorom Gr\u010dke)","datePublished":"2023-10-27T09:37:47+00:00","mainEntityOfPage":{"@id":"https:\/\/www.evropskakuca.me\/me\/ambasador-partso-clanstvo-u-eu-moze-biti-sok-terapija-kafa-sa-ambasadorom-grcke\/"},"wordCount":456,"publisher":{"@id":"https:\/\/www.evropskakuca.me\/me\/#organization"},"image":{"@id":"https:\/\/www.evropskakuca.me\/me\/ambasador-partso-clanstvo-u-eu-moze-biti-sok-terapija-kafa-sa-ambasadorom-grcke\/#primaryimage"},"thumbnailUrl":"https:\/\/www.evropskakuca.me\/wp-content\/uploads\/2023\/10\/FOTO-1.jpg","inLanguage":"me-ME"},{"@type":"WebPage","@id":"https:\/\/www.evropskakuca.me\/me\/ambasador-partso-clanstvo-u-eu-moze-biti-sok-terapija-kafa-sa-ambasadorom-grcke\/","url":"https:\/\/www.evropskakuca.me\/me\/ambasador-partso-clanstvo-u-eu-moze-biti-sok-terapija-kafa-sa-ambasadorom-grcke\/","name":"Ambasador Partso: \u010clanstvo u EU mo\u017ee biti \u0161ok terapija (Kafa sa ambasadorom Gr\u010dke) - Europe House","isPartOf":{"@id":"https:\/\/www.evropskakuca.me\/me\/#website"},"primaryImageOfPage":{"@id":"https:\/\/www.evropskakuca.me\/me\/ambasador-partso-clanstvo-u-eu-moze-biti-sok-terapija-kafa-sa-ambasadorom-grcke\/#primaryimage"},"image":{"@id":"https:\/\/www.evropskakuca.me\/me\/ambasador-partso-clanstvo-u-eu-moze-biti-sok-terapija-kafa-sa-ambasadorom-grcke\/#primaryimage"},"thumbnailUrl":"https:\/\/www.evropskakuca.me\/wp-content\/uploads\/2023\/10\/FOTO-1.jpg","datePublished":"2023-10-27T09:37:47+00:00","breadcrumb":{"@id":"https:\/\/www.evropskakuca.me\/me\/ambasador-partso-clanstvo-u-eu-moze-biti-sok-terapija-kafa-sa-ambasadorom-grcke\/#breadcrumb"},"inLanguage":"me-ME","potentialAction":[{"@type":"ReadAction","target":["https:\/\/www.evropskakuca.me\/me\/ambasador-partso-clanstvo-u-eu-moze-biti-sok-terapija-kafa-sa-ambasadorom-grcke\/"]}]},{"@type":"ImageObject","inLanguage":"me-ME","@id":"https:\/\/www.evropskakuca.me\/me\/ambasador-partso-clanstvo-u-eu-moze-biti-sok-terapija-kafa-sa-ambasadorom-grcke\/#primaryimage","url":"https:\/\/www.evropskakuca.me\/wp-content\/uploads\/2023\/10\/FOTO-1.jpg","contentUrl":"https:\/\/www.evropskakuca.me\/wp-content\/uploads\/2023\/10\/FOTO-1.jpg","width":2400,"height":1344},{"@type":"BreadcrumbList","@id":"https:\/\/www.evropskakuca.me\/me\/ambasador-partso-clanstvo-u-eu-moze-biti-sok-terapija-kafa-sa-ambasadorom-grcke\/#breadcrumb","itemListElement":[{"@type":"ListItem","position":1,"name":"Home","item":"https:\/\/www.evropskakuca.me\/me\/"},{"@type":"ListItem","position":2,"name":"Ambasador Partso: \u010clanstvo u EU mo\u017ee biti \u0161ok terapija (Kafa sa ambasadorom Gr\u010dke)"}]},{"@type":"WebSite","@id":"https:\/\/www.evropskakuca.me\/me\/#website","url":"https:\/\/www.evropskakuca.me\/me\/","name":"Evropean house","description":"","publisher":{"@id":"https:\/\/www.evropskakuca.me\/me\/#organization"},"potentialAction":[{"@type":"SearchAction","target":{"@type":"EntryPoint","urlTemplate":"https:\/\/www.evropskakuca.me\/me\/?s={search_term_string}"},"query-input":{"@type":"PropertyValueSpecification","valueRequired":true,"valueName":"search_term_string"}}],"inLanguage":"me-ME"},{"@type":"Organization","@id":"https:\/\/www.evropskakuca.me\/me\/#organization","name":"Evropean house","url":"https:\/\/www.evropskakuca.me\/me\/","logo":{"@type":"ImageObject","inLanguage":"me-ME","@id":"https:\/\/www.evropskakuca.me\/me\/#\/schema\/logo\/image\/","url":"https:\/\/www.evropskakuca.me\/wp-content\/uploads\/2025\/01\/evropska-kuca-logo-1.png","contentUrl":"https:\/\/www.evropskakuca.me\/wp-content\/uploads\/2025\/01\/evropska-kuca-logo-1.png","width":425,"height":312,"caption":"Evropean house"},"image":{"@id":"https:\/\/www.evropskakuca.me\/me\/#\/schema\/logo\/image\/"},"sameAs":["https:\/\/www.facebook.com\/evropska.kuca","https:\/\/x.com\/evropska_kuca","https:\/\/www.instagram.com\/evropska_kuca"]},{"@type":"Person","@id":"https:\/\/www.evropskakuca.me\/me\/#\/schema\/person\/a1d0dcdaefe4a1cd1d60d200ea137ba4","name":"mkajic","image":{"@type":"ImageObject","inLanguage":"me-ME","@id":"https:\/\/secure.gravatar.com\/avatar\/731fa035cefab7316e6bafd1f25a93fb731a07de14e2d9923f8db4422628eabc?s=96&d=mm&r=g","url":"https:\/\/secure.gravatar.com\/avatar\/731fa035cefab7316e6bafd1f25a93fb731a07de14e2d9923f8db4422628eabc?s=96&d=mm&r=g","contentUrl":"https:\/\/secure.gravatar.com\/avatar\/731fa035cefab7316e6bafd1f25a93fb731a07de14e2d9923f8db4422628eabc?s=96&d=mm&r=g","caption":"mkajic"},"sameAs":["https:\/\/evropskakuca.me"],"url":"https:\/\/www.evropskakuca.me\/me\/author\/mkajic\/"}]}},"_links":{"self":[{"href":"https:\/\/www.evropskakuca.me\/me\/wp-json\/wp\/v2\/posts\/27085","targetHints":{"allow":["GET"]}}],"collection":[{"href":"https:\/\/www.evropskakuca.me\/me\/wp-json\/wp\/v2\/posts"}],"about":[{"href":"https:\/\/www.evropskakuca.me\/me\/wp-json\/wp\/v2\/types\/post"}],"author":[{"embeddable":true,"href":"https:\/\/www.evropskakuca.me\/me\/wp-json\/wp\/v2\/users\/1"}],"replies":[{"embeddable":true,"href":"https:\/\/www.evropskakuca.me\/me\/wp-json\/wp\/v2\/comments?post=27085"}],"version-history":[{"count":0,"href":"https:\/\/www.evropskakuca.me\/me\/wp-json\/wp\/v2\/posts\/27085\/revisions"}],"wp:featuredmedia":[{"embeddable":true,"href":"https:\/\/www.evropskakuca.me\/me\/wp-json\/wp\/v2\/media\/40145"}],"wp:attachment":[{"href":"https:\/\/www.evropskakuca.me\/me\/wp-json\/wp\/v2\/media?parent=27085"}],"wp:term":[{"taxonomy":"category","embeddable":true,"href":"https:\/\/www.evropskakuca.me\/me\/wp-json\/wp\/v2\/categories?post=27085"},{"taxonomy":"post_tag","embeddable":true,"href":"https:\/\/www.evropskakuca.me\/me\/wp-json\/wp\/v2\/tags?post=27085"}],"curies":[{"name":"wp","href":"https:\/\/api.w.org\/{rel}","templated":true}]}}