{"id":27070,"date":"2023-10-23T15:21:38","date_gmt":"2023-10-23T15:21:38","guid":{"rendered":"https:\/\/evropskakuca.me\/?p=27070"},"modified":"2023-10-23T15:21:38","modified_gmt":"2023-10-23T15:21:38","slug":"il-mondo-okrece-se-svijet-u-prostoru-bez-kraja","status":"publish","type":"post","link":"https:\/\/www.evropskakuca.me\/me\/il-mondo-okrece-se-svijet-u-prostoru-bez-kraja\/","title":{"rendered":"Il Mondo \u2013 Okre\u0107e se svijet u prostoru bez kraja"},"content":{"rendered":"<p style=\"text-align: center;\"><strong>Okre\u0107e se, svijet se okre\u0107e u prostoru bez kraja sa tek ro\u0111enim ljubavima<\/strong><\/p>\n<p style=\"text-align: center;\">Pjevao je nekad Jimmy Fontana, pjevali smo i mi<\/p>\n<p>Privla\u010dan i emotivan spektakl i muzi\u010dko putovanje kroz ekologiju, tako bi se mogao opisati doga\u0111aj koji je ambasada Italije povodom <strong>XXIII izdanja Nedjelje italijanskog jezika u svijetu<\/strong> (16-22. oktobar) organizovala u Evropskoj ku\u0107i, u saradnji sa u\u010denicima Gimnazije &#8220;Slobodan \u0160kerovi\u0107&#8221; i Muzi\u010dke \u0161kole &#8220;Andre Navarra&#8221; iz Podgorice.<\/p>\n<p><img fetchpriority=\"high\" decoding=\"async\" class=\"alignnone size-large wp-image-27071\" src=\"https:\/\/evropskakuca.me\/wp-content\/uploads\/2023\/10\/viber_slika_2023-10-23_17-17-17-903-1024x575.jpg\" alt=\"\" width=\"1024\" height=\"575\" \/><\/p>\n<blockquote><p>Mali\u0161ani su kroz poeziju i muzi\u010dke note poslali poruke o ljubavi prema prirodi i zelenom svijetu oko nas.<\/p><\/blockquote>\n<p>\u201e<strong>A ipak vetar jo\u0161 duva<\/strong>\u201c \u2500 slogan je ovogodi\u0161nje manifestacije sa koje\u00a0 je poru\u010deno:<\/p>\n<p>Muzi\u010dka i ekolo\u0161ka posvec\u0301enost, \u00a0to je \u00a0spoj koji se pojavio \u0161ezdesetih godina 20. vijeka, u istorijskoj eri u kojoj je muzika bila na\u010din izra\u017eavanja o krhkosti i nesigurnosti, u kojoj je ro\u0111ena ideja da stihovi pjesme mogu probuditi zainteresovanost za teme kao \u0161to su zaga\u0111enje, kr\u010denje \u0161uma i globalno zagrijevanje.<\/p>\n","protected":false},"excerpt":{"rendered":"<p>Okre\u0107e se, svijet se okre\u0107e u prostoru bez kraja sa tek ro\u0111enim ljubavima Pjevao je nekad Jimmy Fontana, pjevali smo i mi Privla\u010dan i emotivan spektakl i muzi\u010dko putovanje kroz ekologiju, tako bi se mogao opisati doga\u0111aj koji je ambasada Italije povodom XXIII izdanja Nedjelje italijanskog jezika u svijetu (16-22. oktobar) organizovala u Evropskoj ku\u0107i, [&hellip;]<\/p>\n","protected":false},"author":1,"featured_media":40191,"comment_status":"closed","ping_status":"closed","sticky":false,"template":"","format":"standard","meta":{"_acf_changed":false,"footnotes":""},"categories":[],"tags":[],"class_list":["post-27070","post","type-post","status-publish","format-standard","has-post-thumbnail","hentry"],"acf":[],"yoast_head":"<!-- This site is optimized with the Yoast SEO plugin v27.3 - https:\/\/yoast.com\/product\/yoast-seo-wordpress\/ -->\n<title>Il Mondo \u2013 Okre\u0107e se svijet u prostoru bez kraja - Europe House<\/title>\n<meta name=\"robots\" content=\"index, follow, max-snippet:-1, max-image-preview:large, max-video-preview:-1\" \/>\n<link rel=\"canonical\" href=\"https:\/\/www.evropskakuca.me\/me\/il-mondo-okrece-se-svijet-u-prostoru-bez-kraja\/\" \/>\n<meta property=\"og:locale\" content=\"en_US\" \/>\n<meta property=\"og:type\" content=\"article\" \/>\n<meta property=\"og:title\" content=\"Il Mondo \u2013 Okre\u0107e se svijet u prostoru bez kraja - Europe House\" \/>\n<meta property=\"og:description\" content=\"Okre\u0107e se, svijet se okre\u0107e u prostoru bez kraja sa tek ro\u0111enim ljubavima Pjevao je nekad Jimmy Fontana, pjevali smo i mi Privla\u010dan i emotivan spektakl i muzi\u010dko putovanje kroz ekologiju, tako bi se mogao opisati doga\u0111aj koji je ambasada Italije povodom XXIII izdanja Nedjelje italijanskog jezika u svijetu (16-22. oktobar) organizovala u Evropskoj ku\u0107i, [&hellip;]\" \/>\n<meta property=\"og:url\" content=\"https:\/\/www.evropskakuca.me\/me\/il-mondo-okrece-se-svijet-u-prostoru-bez-kraja\/\" \/>\n<meta property=\"og:site_name\" content=\"Europe House\" \/>\n<meta property=\"article:publisher\" content=\"https:\/\/www.facebook.com\/evropska.kuca\" \/>\n<meta property=\"article:published_time\" content=\"2023-10-23T15:21:38+00:00\" \/>\n<meta property=\"og:image\" content=\"https:\/\/www.evropskakuca.me\/wp-content\/uploads\/2023\/10\/viber_slika_2023-10-23_17-17-17-903.jpg\" \/>\n\t<meta property=\"og:image:width\" content=\"1600\" \/>\n\t<meta property=\"og:image:height\" content=\"899\" \/>\n\t<meta property=\"og:image:type\" content=\"image\/jpeg\" \/>\n<meta name=\"author\" content=\"mkajic\" \/>\n<meta name=\"twitter:card\" content=\"summary_large_image\" \/>\n<meta name=\"twitter:creator\" content=\"@evropska_kuca\" \/>\n<meta name=\"twitter:site\" content=\"@evropska_kuca\" \/>\n<meta name=\"twitter:label1\" content=\"Written by\" \/>\n\t<meta name=\"twitter:data1\" content=\"mkajic\" \/>\n\t<meta name=\"twitter:label2\" content=\"Est. reading time\" \/>\n\t<meta name=\"twitter:data2\" content=\"1 minute\" \/>\n<script type=\"application\/ld+json\" class=\"yoast-schema-graph\">{\"@context\":\"https:\\\/\\\/schema.org\",\"@graph\":[{\"@type\":\"Article\",\"@id\":\"https:\\\/\\\/www.evropskakuca.me\\\/me\\\/il-mondo-okrece-se-svijet-u-prostoru-bez-kraja\\\/#article\",\"isPartOf\":{\"@id\":\"https:\\\/\\\/www.evropskakuca.me\\\/me\\\/il-mondo-okrece-se-svijet-u-prostoru-bez-kraja\\\/\"},\"author\":{\"name\":\"mkajic\",\"@id\":\"https:\\\/\\\/www.evropskakuca.me\\\/me\\\/#\\\/schema\\\/person\\\/a1d0dcdaefe4a1cd1d60d200ea137ba4\"},\"headline\":\"Il Mondo \u2013 Okre\u0107e se svijet u prostoru bez kraja\",\"datePublished\":\"2023-10-23T15:21:38+00:00\",\"mainEntityOfPage\":{\"@id\":\"https:\\\/\\\/www.evropskakuca.me\\\/me\\\/il-mondo-okrece-se-svijet-u-prostoru-bez-kraja\\\/\"},\"wordCount\":180,\"publisher\":{\"@id\":\"https:\\\/\\\/www.evropskakuca.me\\\/me\\\/#organization\"},\"image\":{\"@id\":\"https:\\\/\\\/www.evropskakuca.me\\\/me\\\/il-mondo-okrece-se-svijet-u-prostoru-bez-kraja\\\/#primaryimage\"},\"thumbnailUrl\":\"https:\\\/\\\/www.evropskakuca.me\\\/wp-content\\\/uploads\\\/2023\\\/10\\\/viber_slika_2023-10-23_17-17-17-903.jpg\",\"inLanguage\":\"me-ME\"},{\"@type\":\"WebPage\",\"@id\":\"https:\\\/\\\/www.evropskakuca.me\\\/me\\\/il-mondo-okrece-se-svijet-u-prostoru-bez-kraja\\\/\",\"url\":\"https:\\\/\\\/www.evropskakuca.me\\\/me\\\/il-mondo-okrece-se-svijet-u-prostoru-bez-kraja\\\/\",\"name\":\"Il Mondo \u2013 Okre\u0107e se svijet u prostoru bez kraja - Europe House\",\"isPartOf\":{\"@id\":\"https:\\\/\\\/www.evropskakuca.me\\\/me\\\/#website\"},\"primaryImageOfPage\":{\"@id\":\"https:\\\/\\\/www.evropskakuca.me\\\/me\\\/il-mondo-okrece-se-svijet-u-prostoru-bez-kraja\\\/#primaryimage\"},\"image\":{\"@id\":\"https:\\\/\\\/www.evropskakuca.me\\\/me\\\/il-mondo-okrece-se-svijet-u-prostoru-bez-kraja\\\/#primaryimage\"},\"thumbnailUrl\":\"https:\\\/\\\/www.evropskakuca.me\\\/wp-content\\\/uploads\\\/2023\\\/10\\\/viber_slika_2023-10-23_17-17-17-903.jpg\",\"datePublished\":\"2023-10-23T15:21:38+00:00\",\"breadcrumb\":{\"@id\":\"https:\\\/\\\/www.evropskakuca.me\\\/me\\\/il-mondo-okrece-se-svijet-u-prostoru-bez-kraja\\\/#breadcrumb\"},\"inLanguage\":\"me-ME\",\"potentialAction\":[{\"@type\":\"ReadAction\",\"target\":[\"https:\\\/\\\/www.evropskakuca.me\\\/me\\\/il-mondo-okrece-se-svijet-u-prostoru-bez-kraja\\\/\"]}]},{\"@type\":\"ImageObject\",\"inLanguage\":\"me-ME\",\"@id\":\"https:\\\/\\\/www.evropskakuca.me\\\/me\\\/il-mondo-okrece-se-svijet-u-prostoru-bez-kraja\\\/#primaryimage\",\"url\":\"https:\\\/\\\/www.evropskakuca.me\\\/wp-content\\\/uploads\\\/2023\\\/10\\\/viber_slika_2023-10-23_17-17-17-903.jpg\",\"contentUrl\":\"https:\\\/\\\/www.evropskakuca.me\\\/wp-content\\\/uploads\\\/2023\\\/10\\\/viber_slika_2023-10-23_17-17-17-903.jpg\",\"width\":1600,\"height\":899},{\"@type\":\"BreadcrumbList\",\"@id\":\"https:\\\/\\\/www.evropskakuca.me\\\/me\\\/il-mondo-okrece-se-svijet-u-prostoru-bez-kraja\\\/#breadcrumb\",\"itemListElement\":[{\"@type\":\"ListItem\",\"position\":1,\"name\":\"Home\",\"item\":\"https:\\\/\\\/www.evropskakuca.me\\\/me\\\/\"},{\"@type\":\"ListItem\",\"position\":2,\"name\":\"Il Mondo \u2013 Okre\u0107e se svijet u prostoru bez kraja\"}]},{\"@type\":\"WebSite\",\"@id\":\"https:\\\/\\\/www.evropskakuca.me\\\/me\\\/#website\",\"url\":\"https:\\\/\\\/www.evropskakuca.me\\\/me\\\/\",\"name\":\"Evropean house\",\"description\":\"\",\"publisher\":{\"@id\":\"https:\\\/\\\/www.evropskakuca.me\\\/me\\\/#organization\"},\"potentialAction\":[{\"@type\":\"SearchAction\",\"target\":{\"@type\":\"EntryPoint\",\"urlTemplate\":\"https:\\\/\\\/www.evropskakuca.me\\\/me\\\/?s={search_term_string}\"},\"query-input\":{\"@type\":\"PropertyValueSpecification\",\"valueRequired\":true,\"valueName\":\"search_term_string\"}}],\"inLanguage\":\"me-ME\"},{\"@type\":\"Organization\",\"@id\":\"https:\\\/\\\/www.evropskakuca.me\\\/me\\\/#organization\",\"name\":\"Evropean house\",\"url\":\"https:\\\/\\\/www.evropskakuca.me\\\/me\\\/\",\"logo\":{\"@type\":\"ImageObject\",\"inLanguage\":\"me-ME\",\"@id\":\"https:\\\/\\\/www.evropskakuca.me\\\/me\\\/#\\\/schema\\\/logo\\\/image\\\/\",\"url\":\"https:\\\/\\\/www.evropskakuca.me\\\/wp-content\\\/uploads\\\/2025\\\/01\\\/evropska-kuca-logo-1.png\",\"contentUrl\":\"https:\\\/\\\/www.evropskakuca.me\\\/wp-content\\\/uploads\\\/2025\\\/01\\\/evropska-kuca-logo-1.png\",\"width\":425,\"height\":312,\"caption\":\"Evropean house\"},\"image\":{\"@id\":\"https:\\\/\\\/www.evropskakuca.me\\\/me\\\/#\\\/schema\\\/logo\\\/image\\\/\"},\"sameAs\":[\"https:\\\/\\\/www.facebook.com\\\/evropska.kuca\",\"https:\\\/\\\/x.com\\\/evropska_kuca\",\"https:\\\/\\\/www.instagram.com\\\/evropska_kuca\"]},{\"@type\":\"Person\",\"@id\":\"https:\\\/\\\/www.evropskakuca.me\\\/me\\\/#\\\/schema\\\/person\\\/a1d0dcdaefe4a1cd1d60d200ea137ba4\",\"name\":\"mkajic\",\"image\":{\"@type\":\"ImageObject\",\"inLanguage\":\"me-ME\",\"@id\":\"https:\\\/\\\/secure.gravatar.com\\\/avatar\\\/731fa035cefab7316e6bafd1f25a93fb731a07de14e2d9923f8db4422628eabc?s=96&d=mm&r=g\",\"url\":\"https:\\\/\\\/secure.gravatar.com\\\/avatar\\\/731fa035cefab7316e6bafd1f25a93fb731a07de14e2d9923f8db4422628eabc?s=96&d=mm&r=g\",\"contentUrl\":\"https:\\\/\\\/secure.gravatar.com\\\/avatar\\\/731fa035cefab7316e6bafd1f25a93fb731a07de14e2d9923f8db4422628eabc?s=96&d=mm&r=g\",\"caption\":\"mkajic\"},\"sameAs\":[\"https:\\\/\\\/evropskakuca.me\"],\"url\":\"https:\\\/\\\/www.evropskakuca.me\\\/me\\\/author\\\/mkajic\\\/\"}]}<\/script>\n<!-- \/ Yoast SEO plugin. -->","yoast_head_json":{"title":"Il Mondo \u2013 Okre\u0107e se svijet u prostoru bez kraja - Europe House","robots":{"index":"index","follow":"follow","max-snippet":"max-snippet:-1","max-image-preview":"max-image-preview:large","max-video-preview":"max-video-preview:-1"},"canonical":"https:\/\/www.evropskakuca.me\/me\/il-mondo-okrece-se-svijet-u-prostoru-bez-kraja\/","og_locale":"en_US","og_type":"article","og_title":"Il Mondo \u2013 Okre\u0107e se svijet u prostoru bez kraja - Europe House","og_description":"Okre\u0107e se, svijet se okre\u0107e u prostoru bez kraja sa tek ro\u0111enim ljubavima Pjevao je nekad Jimmy Fontana, pjevali smo i mi Privla\u010dan i emotivan spektakl i muzi\u010dko putovanje kroz ekologiju, tako bi se mogao opisati doga\u0111aj koji je ambasada Italije povodom XXIII izdanja Nedjelje italijanskog jezika u svijetu (16-22. oktobar) organizovala u Evropskoj ku\u0107i, [&hellip;]","og_url":"https:\/\/www.evropskakuca.me\/me\/il-mondo-okrece-se-svijet-u-prostoru-bez-kraja\/","og_site_name":"Europe House","article_publisher":"https:\/\/www.facebook.com\/evropska.kuca","article_published_time":"2023-10-23T15:21:38+00:00","og_image":[{"width":1600,"height":899,"url":"https:\/\/www.evropskakuca.me\/wp-content\/uploads\/2023\/10\/viber_slika_2023-10-23_17-17-17-903.jpg","type":"image\/jpeg"}],"author":"mkajic","twitter_card":"summary_large_image","twitter_creator":"@evropska_kuca","twitter_site":"@evropska_kuca","twitter_misc":{"Written by":"mkajic","Est. reading time":"1 minute"},"schema":{"@context":"https:\/\/schema.org","@graph":[{"@type":"Article","@id":"https:\/\/www.evropskakuca.me\/me\/il-mondo-okrece-se-svijet-u-prostoru-bez-kraja\/#article","isPartOf":{"@id":"https:\/\/www.evropskakuca.me\/me\/il-mondo-okrece-se-svijet-u-prostoru-bez-kraja\/"},"author":{"name":"mkajic","@id":"https:\/\/www.evropskakuca.me\/me\/#\/schema\/person\/a1d0dcdaefe4a1cd1d60d200ea137ba4"},"headline":"Il Mondo \u2013 Okre\u0107e se svijet u prostoru bez kraja","datePublished":"2023-10-23T15:21:38+00:00","mainEntityOfPage":{"@id":"https:\/\/www.evropskakuca.me\/me\/il-mondo-okrece-se-svijet-u-prostoru-bez-kraja\/"},"wordCount":180,"publisher":{"@id":"https:\/\/www.evropskakuca.me\/me\/#organization"},"image":{"@id":"https:\/\/www.evropskakuca.me\/me\/il-mondo-okrece-se-svijet-u-prostoru-bez-kraja\/#primaryimage"},"thumbnailUrl":"https:\/\/www.evropskakuca.me\/wp-content\/uploads\/2023\/10\/viber_slika_2023-10-23_17-17-17-903.jpg","inLanguage":"me-ME"},{"@type":"WebPage","@id":"https:\/\/www.evropskakuca.me\/me\/il-mondo-okrece-se-svijet-u-prostoru-bez-kraja\/","url":"https:\/\/www.evropskakuca.me\/me\/il-mondo-okrece-se-svijet-u-prostoru-bez-kraja\/","name":"Il Mondo \u2013 Okre\u0107e se svijet u prostoru bez kraja - Europe House","isPartOf":{"@id":"https:\/\/www.evropskakuca.me\/me\/#website"},"primaryImageOfPage":{"@id":"https:\/\/www.evropskakuca.me\/me\/il-mondo-okrece-se-svijet-u-prostoru-bez-kraja\/#primaryimage"},"image":{"@id":"https:\/\/www.evropskakuca.me\/me\/il-mondo-okrece-se-svijet-u-prostoru-bez-kraja\/#primaryimage"},"thumbnailUrl":"https:\/\/www.evropskakuca.me\/wp-content\/uploads\/2023\/10\/viber_slika_2023-10-23_17-17-17-903.jpg","datePublished":"2023-10-23T15:21:38+00:00","breadcrumb":{"@id":"https:\/\/www.evropskakuca.me\/me\/il-mondo-okrece-se-svijet-u-prostoru-bez-kraja\/#breadcrumb"},"inLanguage":"me-ME","potentialAction":[{"@type":"ReadAction","target":["https:\/\/www.evropskakuca.me\/me\/il-mondo-okrece-se-svijet-u-prostoru-bez-kraja\/"]}]},{"@type":"ImageObject","inLanguage":"me-ME","@id":"https:\/\/www.evropskakuca.me\/me\/il-mondo-okrece-se-svijet-u-prostoru-bez-kraja\/#primaryimage","url":"https:\/\/www.evropskakuca.me\/wp-content\/uploads\/2023\/10\/viber_slika_2023-10-23_17-17-17-903.jpg","contentUrl":"https:\/\/www.evropskakuca.me\/wp-content\/uploads\/2023\/10\/viber_slika_2023-10-23_17-17-17-903.jpg","width":1600,"height":899},{"@type":"BreadcrumbList","@id":"https:\/\/www.evropskakuca.me\/me\/il-mondo-okrece-se-svijet-u-prostoru-bez-kraja\/#breadcrumb","itemListElement":[{"@type":"ListItem","position":1,"name":"Home","item":"https:\/\/www.evropskakuca.me\/me\/"},{"@type":"ListItem","position":2,"name":"Il Mondo \u2013 Okre\u0107e se svijet u prostoru bez kraja"}]},{"@type":"WebSite","@id":"https:\/\/www.evropskakuca.me\/me\/#website","url":"https:\/\/www.evropskakuca.me\/me\/","name":"Evropean house","description":"","publisher":{"@id":"https:\/\/www.evropskakuca.me\/me\/#organization"},"potentialAction":[{"@type":"SearchAction","target":{"@type":"EntryPoint","urlTemplate":"https:\/\/www.evropskakuca.me\/me\/?s={search_term_string}"},"query-input":{"@type":"PropertyValueSpecification","valueRequired":true,"valueName":"search_term_string"}}],"inLanguage":"me-ME"},{"@type":"Organization","@id":"https:\/\/www.evropskakuca.me\/me\/#organization","name":"Evropean house","url":"https:\/\/www.evropskakuca.me\/me\/","logo":{"@type":"ImageObject","inLanguage":"me-ME","@id":"https:\/\/www.evropskakuca.me\/me\/#\/schema\/logo\/image\/","url":"https:\/\/www.evropskakuca.me\/wp-content\/uploads\/2025\/01\/evropska-kuca-logo-1.png","contentUrl":"https:\/\/www.evropskakuca.me\/wp-content\/uploads\/2025\/01\/evropska-kuca-logo-1.png","width":425,"height":312,"caption":"Evropean house"},"image":{"@id":"https:\/\/www.evropskakuca.me\/me\/#\/schema\/logo\/image\/"},"sameAs":["https:\/\/www.facebook.com\/evropska.kuca","https:\/\/x.com\/evropska_kuca","https:\/\/www.instagram.com\/evropska_kuca"]},{"@type":"Person","@id":"https:\/\/www.evropskakuca.me\/me\/#\/schema\/person\/a1d0dcdaefe4a1cd1d60d200ea137ba4","name":"mkajic","image":{"@type":"ImageObject","inLanguage":"me-ME","@id":"https:\/\/secure.gravatar.com\/avatar\/731fa035cefab7316e6bafd1f25a93fb731a07de14e2d9923f8db4422628eabc?s=96&d=mm&r=g","url":"https:\/\/secure.gravatar.com\/avatar\/731fa035cefab7316e6bafd1f25a93fb731a07de14e2d9923f8db4422628eabc?s=96&d=mm&r=g","contentUrl":"https:\/\/secure.gravatar.com\/avatar\/731fa035cefab7316e6bafd1f25a93fb731a07de14e2d9923f8db4422628eabc?s=96&d=mm&r=g","caption":"mkajic"},"sameAs":["https:\/\/evropskakuca.me"],"url":"https:\/\/www.evropskakuca.me\/me\/author\/mkajic\/"}]}},"_links":{"self":[{"href":"https:\/\/www.evropskakuca.me\/me\/wp-json\/wp\/v2\/posts\/27070","targetHints":{"allow":["GET"]}}],"collection":[{"href":"https:\/\/www.evropskakuca.me\/me\/wp-json\/wp\/v2\/posts"}],"about":[{"href":"https:\/\/www.evropskakuca.me\/me\/wp-json\/wp\/v2\/types\/post"}],"author":[{"embeddable":true,"href":"https:\/\/www.evropskakuca.me\/me\/wp-json\/wp\/v2\/users\/1"}],"replies":[{"embeddable":true,"href":"https:\/\/www.evropskakuca.me\/me\/wp-json\/wp\/v2\/comments?post=27070"}],"version-history":[{"count":0,"href":"https:\/\/www.evropskakuca.me\/me\/wp-json\/wp\/v2\/posts\/27070\/revisions"}],"wp:featuredmedia":[{"embeddable":true,"href":"https:\/\/www.evropskakuca.me\/me\/wp-json\/wp\/v2\/media\/40191"}],"wp:attachment":[{"href":"https:\/\/www.evropskakuca.me\/me\/wp-json\/wp\/v2\/media?parent=27070"}],"wp:term":[{"taxonomy":"category","embeddable":true,"href":"https:\/\/www.evropskakuca.me\/me\/wp-json\/wp\/v2\/categories?post=27070"},{"taxonomy":"post_tag","embeddable":true,"href":"https:\/\/www.evropskakuca.me\/me\/wp-json\/wp\/v2\/tags?post=27070"}],"curies":[{"name":"wp","href":"https:\/\/api.w.org\/{rel}","templated":true}]}}