{"id":27049,"date":"2023-10-19T13:35:46","date_gmt":"2023-10-19T13:35:46","guid":{"rendered":"https:\/\/evropskakuca.me\/?p=27049"},"modified":"2023-10-19T13:35:46","modified_gmt":"2023-10-19T13:35:46","slug":"zajednicka-akcija-je-jedini-nacin-da-se-otkloni-otpad-i-unaprijedi-zivot-u-crnoj-gori","status":"publish","type":"post","link":"https:\/\/www.evropskakuca.me\/me\/zajednicka-akcija-je-jedini-nacin-da-se-otkloni-otpad-i-unaprijedi-zivot-u-crnoj-gori\/","title":{"rendered":"Zajedni\u010dka akcija je jedini na\u010din da se otkloni otpad i unaprijedi \u017eivot u Crnoj Gori"},"content":{"rendered":"<p>&#8220;Ko god da ste, dobrodo\u0161li ste da date svoj doprinos \u010di\u0161\u010denju&#8230; Situacija na rje\u010dnim obalama je samo vrh ledenog brijega. Zajedno se, pored klimatske krize, suo\u010davamo i sa prijetnom masovnog otpada&#8221;, ocijenila je ambasadorka Francuske <strong>An Mari Maske<\/strong> na konferenciji za medije, povodom predstavljanja revizije sakupljenog otpada u akciji &#8220;<a href=\"https:\/\/cleanupmontenegro.me\/\"><b>CleanUp Montenegro network<\/b><\/a>&#8220;.<\/p>\n<p>Maske je istakla da je \u010dar akcije \u010di\u0161\u0107enja otpada ta \u0161to ona uklju\u010duje sve stanovnike Crne Gore.<\/p>\n<p><img fetchpriority=\"high\" decoding=\"async\" class=\"alignnone size-large wp-image-27052\" src=\"https:\/\/evropskakuca.me\/wp-content\/uploads\/2023\/10\/1697716499196618-1024x768.jpg\" alt=\"\" width=\"1024\" height=\"768\" \/><\/p>\n<p>&#8220;Me\u0111unarodna saradnja je krucijalna. Planiramo da objavimo agendu koja \u0107e, nadamo se, biti pravno obavezuju\u0107a, a kojom \u0107e se uticati na smanjenje nivo otpada u svijetu&#8221;, kazala je Maske dodaju\u0107i da je zajedni\u010dka akcija jedini na\u010din da se otkloni otpad i unaprijedi \u017eivot u Crnoj Gori.<\/p>\n<p>Ambasadorka \u010ce\u0161ke <strong>Janina Hrebi\u010dkova<\/strong> kazala je da je akcija \u010di\u0161\u0107enja od velike, ne samo socijalno-politi\u010dke, ve\u0107 i dru\u0161tvene va\u017enosti.<\/p>\n<p>&#8220;Moramo da unaprijedimo koli\u010dinu otpada koju recikliramo. Na\u0161 cilj je da podijelimo primjere dobre i lo\u0161e prakse, kao i da podr\u017eimo jedni druge&#8221;, rekla je Hrebi\u010dkova.<\/p>\n\n<p>Programska menad\u017eerka NVO Zero Waste Montenegro<strong> Vanja Cicmil<\/strong> kazala je da je Me\u0111unarodni dan \u010di\u0161\u0107enja obala organizovan kako bi se skrenula pa\u017enja na zaga\u0111enje rje\u010dnih tokova i mora.<\/p>\n<p>&#8221; Ove godine smo pokupili dvije i po tone otpada uz pomo\u0107 325 volontera\u201d,objasnila je Cicmil.<\/p>\n<p>Tokom 2022. godine, kako isti\u010de Cicmil, vi\u0161e od 50 odsto analiziranog otpada \u010dinile su plasti\u010dne boce.<\/p>\n<p>Ona je kazala da je jedan od ciljeva NVO Zero Waste Montenegro, redizajn ambala\u017ee kako bi se omogu\u0107ila njena vi\u0161ekratna upotreba jer, kako navodi Cicmil, ne postoje kapaciteti recikla\u017ee koji \u0107e ogromnu koli\u010dinu jednokratnih ambala\u017ea eliminisati\u201d.<\/p>\n<p>&nbsp;<\/p>\n","protected":false},"excerpt":{"rendered":"<p>&#8220;Ko god da ste, dobrodo\u0161li ste da date svoj doprinos \u010di\u0161\u010denju&#8230; Situacija na rje\u010dnim obalama je samo vrh ledenog brijega. Zajedno se, pored klimatske krize, suo\u010davamo i sa prijetnom masovnog otpada&#8221;, ocijenila je ambasadorka Francuske An Mari Maske na konferenciji za medije, povodom predstavljanja revizije sakupljenog otpada u akciji &#8220;CleanUp Montenegro network&#8220;. Maske je istakla [&hellip;]<\/p>\n","protected":false},"author":1,"featured_media":40133,"comment_status":"closed","ping_status":"closed","sticky":false,"template":"","format":"standard","meta":{"_acf_changed":false,"footnotes":""},"categories":[],"tags":[],"class_list":["post-27049","post","type-post","status-publish","format-standard","has-post-thumbnail","hentry"],"acf":[],"yoast_head":"<!-- This site is optimized with the Yoast SEO plugin v27.3 - https:\/\/yoast.com\/product\/yoast-seo-wordpress\/ -->\n<title>Zajedni\u010dka akcija je jedini na\u010din da se otkloni otpad i unaprijedi \u017eivot u Crnoj Gori - Europe House<\/title>\n<meta name=\"robots\" content=\"index, follow, max-snippet:-1, max-image-preview:large, max-video-preview:-1\" \/>\n<link rel=\"canonical\" href=\"https:\/\/www.evropskakuca.me\/me\/zajednicka-akcija-je-jedini-nacin-da-se-otkloni-otpad-i-unaprijedi-zivot-u-crnoj-gori\/\" \/>\n<meta property=\"og:locale\" content=\"en_US\" \/>\n<meta property=\"og:type\" content=\"article\" \/>\n<meta property=\"og:title\" content=\"Zajedni\u010dka akcija je jedini na\u010din da se otkloni otpad i unaprijedi \u017eivot u Crnoj Gori - Europe House\" \/>\n<meta property=\"og:description\" content=\"&#8220;Ko god da ste, dobrodo\u0161li ste da date svoj doprinos \u010di\u0161\u010denju&#8230; Situacija na rje\u010dnim obalama je samo vrh ledenog brijega. Zajedno se, pored klimatske krize, suo\u010davamo i sa prijetnom masovnog otpada&#8221;, ocijenila je ambasadorka Francuske An Mari Maske na konferenciji za medije, povodom predstavljanja revizije sakupljenog otpada u akciji &#8220;CleanUp Montenegro network&#8220;. Maske je istakla [&hellip;]\" \/>\n<meta property=\"og:url\" content=\"https:\/\/www.evropskakuca.me\/me\/zajednicka-akcija-je-jedini-nacin-da-se-otkloni-otpad-i-unaprijedi-zivot-u-crnoj-gori\/\" \/>\n<meta property=\"og:site_name\" content=\"Europe House\" \/>\n<meta property=\"article:publisher\" content=\"https:\/\/www.facebook.com\/evropska.kuca\" \/>\n<meta property=\"article:published_time\" content=\"2023-10-19T13:35:46+00:00\" \/>\n<meta property=\"og:image\" content=\"https:\/\/www.evropskakuca.me\/wp-content\/uploads\/2023\/10\/1697716500710021.jpg\" \/>\n\t<meta property=\"og:image:width\" content=\"2560\" \/>\n\t<meta property=\"og:image:height\" content=\"1920\" \/>\n\t<meta property=\"og:image:type\" content=\"image\/jpeg\" \/>\n<meta name=\"author\" content=\"mkajic\" \/>\n<meta name=\"twitter:card\" content=\"summary_large_image\" \/>\n<meta name=\"twitter:creator\" content=\"@evropska_kuca\" \/>\n<meta name=\"twitter:site\" content=\"@evropska_kuca\" \/>\n<meta name=\"twitter:label1\" content=\"Written by\" \/>\n\t<meta name=\"twitter:data1\" content=\"mkajic\" \/>\n\t<meta name=\"twitter:label2\" content=\"Est. reading time\" \/>\n\t<meta name=\"twitter:data2\" content=\"2 minutes\" \/>\n<script type=\"application\/ld+json\" class=\"yoast-schema-graph\">{\"@context\":\"https:\\\/\\\/schema.org\",\"@graph\":[{\"@type\":\"Article\",\"@id\":\"https:\\\/\\\/www.evropskakuca.me\\\/me\\\/zajednicka-akcija-je-jedini-nacin-da-se-otkloni-otpad-i-unaprijedi-zivot-u-crnoj-gori\\\/#article\",\"isPartOf\":{\"@id\":\"https:\\\/\\\/www.evropskakuca.me\\\/me\\\/zajednicka-akcija-je-jedini-nacin-da-se-otkloni-otpad-i-unaprijedi-zivot-u-crnoj-gori\\\/\"},\"author\":{\"name\":\"mkajic\",\"@id\":\"https:\\\/\\\/www.evropskakuca.me\\\/me\\\/#\\\/schema\\\/person\\\/a1d0dcdaefe4a1cd1d60d200ea137ba4\"},\"headline\":\"Zajedni\u010dka akcija je jedini na\u010din da se otkloni otpad i unaprijedi \u017eivot u Crnoj Gori\",\"datePublished\":\"2023-10-19T13:35:46+00:00\",\"mainEntityOfPage\":{\"@id\":\"https:\\\/\\\/www.evropskakuca.me\\\/me\\\/zajednicka-akcija-je-jedini-nacin-da-se-otkloni-otpad-i-unaprijedi-zivot-u-crnoj-gori\\\/\"},\"wordCount\":311,\"publisher\":{\"@id\":\"https:\\\/\\\/www.evropskakuca.me\\\/me\\\/#organization\"},\"image\":{\"@id\":\"https:\\\/\\\/www.evropskakuca.me\\\/me\\\/zajednicka-akcija-je-jedini-nacin-da-se-otkloni-otpad-i-unaprijedi-zivot-u-crnoj-gori\\\/#primaryimage\"},\"thumbnailUrl\":\"https:\\\/\\\/www.evropskakuca.me\\\/wp-content\\\/uploads\\\/2023\\\/10\\\/1697716500710021.jpg\",\"inLanguage\":\"me-ME\"},{\"@type\":\"WebPage\",\"@id\":\"https:\\\/\\\/www.evropskakuca.me\\\/me\\\/zajednicka-akcija-je-jedini-nacin-da-se-otkloni-otpad-i-unaprijedi-zivot-u-crnoj-gori\\\/\",\"url\":\"https:\\\/\\\/www.evropskakuca.me\\\/me\\\/zajednicka-akcija-je-jedini-nacin-da-se-otkloni-otpad-i-unaprijedi-zivot-u-crnoj-gori\\\/\",\"name\":\"Zajedni\u010dka akcija je jedini na\u010din da se otkloni otpad i unaprijedi \u017eivot u Crnoj Gori - Europe House\",\"isPartOf\":{\"@id\":\"https:\\\/\\\/www.evropskakuca.me\\\/me\\\/#website\"},\"primaryImageOfPage\":{\"@id\":\"https:\\\/\\\/www.evropskakuca.me\\\/me\\\/zajednicka-akcija-je-jedini-nacin-da-se-otkloni-otpad-i-unaprijedi-zivot-u-crnoj-gori\\\/#primaryimage\"},\"image\":{\"@id\":\"https:\\\/\\\/www.evropskakuca.me\\\/me\\\/zajednicka-akcija-je-jedini-nacin-da-se-otkloni-otpad-i-unaprijedi-zivot-u-crnoj-gori\\\/#primaryimage\"},\"thumbnailUrl\":\"https:\\\/\\\/www.evropskakuca.me\\\/wp-content\\\/uploads\\\/2023\\\/10\\\/1697716500710021.jpg\",\"datePublished\":\"2023-10-19T13:35:46+00:00\",\"breadcrumb\":{\"@id\":\"https:\\\/\\\/www.evropskakuca.me\\\/me\\\/zajednicka-akcija-je-jedini-nacin-da-se-otkloni-otpad-i-unaprijedi-zivot-u-crnoj-gori\\\/#breadcrumb\"},\"inLanguage\":\"me-ME\",\"potentialAction\":[{\"@type\":\"ReadAction\",\"target\":[\"https:\\\/\\\/www.evropskakuca.me\\\/me\\\/zajednicka-akcija-je-jedini-nacin-da-se-otkloni-otpad-i-unaprijedi-zivot-u-crnoj-gori\\\/\"]}]},{\"@type\":\"ImageObject\",\"inLanguage\":\"me-ME\",\"@id\":\"https:\\\/\\\/www.evropskakuca.me\\\/me\\\/zajednicka-akcija-je-jedini-nacin-da-se-otkloni-otpad-i-unaprijedi-zivot-u-crnoj-gori\\\/#primaryimage\",\"url\":\"https:\\\/\\\/www.evropskakuca.me\\\/wp-content\\\/uploads\\\/2023\\\/10\\\/1697716500710021.jpg\",\"contentUrl\":\"https:\\\/\\\/www.evropskakuca.me\\\/wp-content\\\/uploads\\\/2023\\\/10\\\/1697716500710021.jpg\",\"width\":2560,\"height\":1920},{\"@type\":\"BreadcrumbList\",\"@id\":\"https:\\\/\\\/www.evropskakuca.me\\\/me\\\/zajednicka-akcija-je-jedini-nacin-da-se-otkloni-otpad-i-unaprijedi-zivot-u-crnoj-gori\\\/#breadcrumb\",\"itemListElement\":[{\"@type\":\"ListItem\",\"position\":1,\"name\":\"Home\",\"item\":\"https:\\\/\\\/www.evropskakuca.me\\\/me\\\/\"},{\"@type\":\"ListItem\",\"position\":2,\"name\":\"Zajedni\u010dka akcija je jedini na\u010din da se otkloni otpad i unaprijedi \u017eivot u Crnoj Gori\"}]},{\"@type\":\"WebSite\",\"@id\":\"https:\\\/\\\/www.evropskakuca.me\\\/me\\\/#website\",\"url\":\"https:\\\/\\\/www.evropskakuca.me\\\/me\\\/\",\"name\":\"Evropean house\",\"description\":\"\",\"publisher\":{\"@id\":\"https:\\\/\\\/www.evropskakuca.me\\\/me\\\/#organization\"},\"potentialAction\":[{\"@type\":\"SearchAction\",\"target\":{\"@type\":\"EntryPoint\",\"urlTemplate\":\"https:\\\/\\\/www.evropskakuca.me\\\/me\\\/?s={search_term_string}\"},\"query-input\":{\"@type\":\"PropertyValueSpecification\",\"valueRequired\":true,\"valueName\":\"search_term_string\"}}],\"inLanguage\":\"me-ME\"},{\"@type\":\"Organization\",\"@id\":\"https:\\\/\\\/www.evropskakuca.me\\\/me\\\/#organization\",\"name\":\"Evropean house\",\"url\":\"https:\\\/\\\/www.evropskakuca.me\\\/me\\\/\",\"logo\":{\"@type\":\"ImageObject\",\"inLanguage\":\"me-ME\",\"@id\":\"https:\\\/\\\/www.evropskakuca.me\\\/me\\\/#\\\/schema\\\/logo\\\/image\\\/\",\"url\":\"https:\\\/\\\/www.evropskakuca.me\\\/wp-content\\\/uploads\\\/2025\\\/01\\\/evropska-kuca-logo-1.png\",\"contentUrl\":\"https:\\\/\\\/www.evropskakuca.me\\\/wp-content\\\/uploads\\\/2025\\\/01\\\/evropska-kuca-logo-1.png\",\"width\":425,\"height\":312,\"caption\":\"Evropean house\"},\"image\":{\"@id\":\"https:\\\/\\\/www.evropskakuca.me\\\/me\\\/#\\\/schema\\\/logo\\\/image\\\/\"},\"sameAs\":[\"https:\\\/\\\/www.facebook.com\\\/evropska.kuca\",\"https:\\\/\\\/x.com\\\/evropska_kuca\",\"https:\\\/\\\/www.instagram.com\\\/evropska_kuca\"]},{\"@type\":\"Person\",\"@id\":\"https:\\\/\\\/www.evropskakuca.me\\\/me\\\/#\\\/schema\\\/person\\\/a1d0dcdaefe4a1cd1d60d200ea137ba4\",\"name\":\"mkajic\",\"image\":{\"@type\":\"ImageObject\",\"inLanguage\":\"me-ME\",\"@id\":\"https:\\\/\\\/secure.gravatar.com\\\/avatar\\\/731fa035cefab7316e6bafd1f25a93fb731a07de14e2d9923f8db4422628eabc?s=96&d=mm&r=g\",\"url\":\"https:\\\/\\\/secure.gravatar.com\\\/avatar\\\/731fa035cefab7316e6bafd1f25a93fb731a07de14e2d9923f8db4422628eabc?s=96&d=mm&r=g\",\"contentUrl\":\"https:\\\/\\\/secure.gravatar.com\\\/avatar\\\/731fa035cefab7316e6bafd1f25a93fb731a07de14e2d9923f8db4422628eabc?s=96&d=mm&r=g\",\"caption\":\"mkajic\"},\"sameAs\":[\"https:\\\/\\\/evropskakuca.me\"],\"url\":\"https:\\\/\\\/www.evropskakuca.me\\\/me\\\/author\\\/mkajic\\\/\"}]}<\/script>\n<!-- \/ Yoast SEO plugin. -->","yoast_head_json":{"title":"Zajedni\u010dka akcija je jedini na\u010din da se otkloni otpad i unaprijedi \u017eivot u Crnoj Gori - Europe House","robots":{"index":"index","follow":"follow","max-snippet":"max-snippet:-1","max-image-preview":"max-image-preview:large","max-video-preview":"max-video-preview:-1"},"canonical":"https:\/\/www.evropskakuca.me\/me\/zajednicka-akcija-je-jedini-nacin-da-se-otkloni-otpad-i-unaprijedi-zivot-u-crnoj-gori\/","og_locale":"en_US","og_type":"article","og_title":"Zajedni\u010dka akcija je jedini na\u010din da se otkloni otpad i unaprijedi \u017eivot u Crnoj Gori - Europe House","og_description":"&#8220;Ko god da ste, dobrodo\u0161li ste da date svoj doprinos \u010di\u0161\u010denju&#8230; Situacija na rje\u010dnim obalama je samo vrh ledenog brijega. Zajedno se, pored klimatske krize, suo\u010davamo i sa prijetnom masovnog otpada&#8221;, ocijenila je ambasadorka Francuske An Mari Maske na konferenciji za medije, povodom predstavljanja revizije sakupljenog otpada u akciji &#8220;CleanUp Montenegro network&#8220;. Maske je istakla [&hellip;]","og_url":"https:\/\/www.evropskakuca.me\/me\/zajednicka-akcija-je-jedini-nacin-da-se-otkloni-otpad-i-unaprijedi-zivot-u-crnoj-gori\/","og_site_name":"Europe House","article_publisher":"https:\/\/www.facebook.com\/evropska.kuca","article_published_time":"2023-10-19T13:35:46+00:00","og_image":[{"width":2560,"height":1920,"url":"https:\/\/www.evropskakuca.me\/wp-content\/uploads\/2023\/10\/1697716500710021.jpg","type":"image\/jpeg"}],"author":"mkajic","twitter_card":"summary_large_image","twitter_creator":"@evropska_kuca","twitter_site":"@evropska_kuca","twitter_misc":{"Written by":"mkajic","Est. reading time":"2 minutes"},"schema":{"@context":"https:\/\/schema.org","@graph":[{"@type":"Article","@id":"https:\/\/www.evropskakuca.me\/me\/zajednicka-akcija-je-jedini-nacin-da-se-otkloni-otpad-i-unaprijedi-zivot-u-crnoj-gori\/#article","isPartOf":{"@id":"https:\/\/www.evropskakuca.me\/me\/zajednicka-akcija-je-jedini-nacin-da-se-otkloni-otpad-i-unaprijedi-zivot-u-crnoj-gori\/"},"author":{"name":"mkajic","@id":"https:\/\/www.evropskakuca.me\/me\/#\/schema\/person\/a1d0dcdaefe4a1cd1d60d200ea137ba4"},"headline":"Zajedni\u010dka akcija je jedini na\u010din da se otkloni otpad i unaprijedi \u017eivot u Crnoj Gori","datePublished":"2023-10-19T13:35:46+00:00","mainEntityOfPage":{"@id":"https:\/\/www.evropskakuca.me\/me\/zajednicka-akcija-je-jedini-nacin-da-se-otkloni-otpad-i-unaprijedi-zivot-u-crnoj-gori\/"},"wordCount":311,"publisher":{"@id":"https:\/\/www.evropskakuca.me\/me\/#organization"},"image":{"@id":"https:\/\/www.evropskakuca.me\/me\/zajednicka-akcija-je-jedini-nacin-da-se-otkloni-otpad-i-unaprijedi-zivot-u-crnoj-gori\/#primaryimage"},"thumbnailUrl":"https:\/\/www.evropskakuca.me\/wp-content\/uploads\/2023\/10\/1697716500710021.jpg","inLanguage":"me-ME"},{"@type":"WebPage","@id":"https:\/\/www.evropskakuca.me\/me\/zajednicka-akcija-je-jedini-nacin-da-se-otkloni-otpad-i-unaprijedi-zivot-u-crnoj-gori\/","url":"https:\/\/www.evropskakuca.me\/me\/zajednicka-akcija-je-jedini-nacin-da-se-otkloni-otpad-i-unaprijedi-zivot-u-crnoj-gori\/","name":"Zajedni\u010dka akcija je jedini na\u010din da se otkloni otpad i unaprijedi \u017eivot u Crnoj Gori - Europe House","isPartOf":{"@id":"https:\/\/www.evropskakuca.me\/me\/#website"},"primaryImageOfPage":{"@id":"https:\/\/www.evropskakuca.me\/me\/zajednicka-akcija-je-jedini-nacin-da-se-otkloni-otpad-i-unaprijedi-zivot-u-crnoj-gori\/#primaryimage"},"image":{"@id":"https:\/\/www.evropskakuca.me\/me\/zajednicka-akcija-je-jedini-nacin-da-se-otkloni-otpad-i-unaprijedi-zivot-u-crnoj-gori\/#primaryimage"},"thumbnailUrl":"https:\/\/www.evropskakuca.me\/wp-content\/uploads\/2023\/10\/1697716500710021.jpg","datePublished":"2023-10-19T13:35:46+00:00","breadcrumb":{"@id":"https:\/\/www.evropskakuca.me\/me\/zajednicka-akcija-je-jedini-nacin-da-se-otkloni-otpad-i-unaprijedi-zivot-u-crnoj-gori\/#breadcrumb"},"inLanguage":"me-ME","potentialAction":[{"@type":"ReadAction","target":["https:\/\/www.evropskakuca.me\/me\/zajednicka-akcija-je-jedini-nacin-da-se-otkloni-otpad-i-unaprijedi-zivot-u-crnoj-gori\/"]}]},{"@type":"ImageObject","inLanguage":"me-ME","@id":"https:\/\/www.evropskakuca.me\/me\/zajednicka-akcija-je-jedini-nacin-da-se-otkloni-otpad-i-unaprijedi-zivot-u-crnoj-gori\/#primaryimage","url":"https:\/\/www.evropskakuca.me\/wp-content\/uploads\/2023\/10\/1697716500710021.jpg","contentUrl":"https:\/\/www.evropskakuca.me\/wp-content\/uploads\/2023\/10\/1697716500710021.jpg","width":2560,"height":1920},{"@type":"BreadcrumbList","@id":"https:\/\/www.evropskakuca.me\/me\/zajednicka-akcija-je-jedini-nacin-da-se-otkloni-otpad-i-unaprijedi-zivot-u-crnoj-gori\/#breadcrumb","itemListElement":[{"@type":"ListItem","position":1,"name":"Home","item":"https:\/\/www.evropskakuca.me\/me\/"},{"@type":"ListItem","position":2,"name":"Zajedni\u010dka akcija je jedini na\u010din da se otkloni otpad i unaprijedi \u017eivot u Crnoj Gori"}]},{"@type":"WebSite","@id":"https:\/\/www.evropskakuca.me\/me\/#website","url":"https:\/\/www.evropskakuca.me\/me\/","name":"Evropean house","description":"","publisher":{"@id":"https:\/\/www.evropskakuca.me\/me\/#organization"},"potentialAction":[{"@type":"SearchAction","target":{"@type":"EntryPoint","urlTemplate":"https:\/\/www.evropskakuca.me\/me\/?s={search_term_string}"},"query-input":{"@type":"PropertyValueSpecification","valueRequired":true,"valueName":"search_term_string"}}],"inLanguage":"me-ME"},{"@type":"Organization","@id":"https:\/\/www.evropskakuca.me\/me\/#organization","name":"Evropean house","url":"https:\/\/www.evropskakuca.me\/me\/","logo":{"@type":"ImageObject","inLanguage":"me-ME","@id":"https:\/\/www.evropskakuca.me\/me\/#\/schema\/logo\/image\/","url":"https:\/\/www.evropskakuca.me\/wp-content\/uploads\/2025\/01\/evropska-kuca-logo-1.png","contentUrl":"https:\/\/www.evropskakuca.me\/wp-content\/uploads\/2025\/01\/evropska-kuca-logo-1.png","width":425,"height":312,"caption":"Evropean house"},"image":{"@id":"https:\/\/www.evropskakuca.me\/me\/#\/schema\/logo\/image\/"},"sameAs":["https:\/\/www.facebook.com\/evropska.kuca","https:\/\/x.com\/evropska_kuca","https:\/\/www.instagram.com\/evropska_kuca"]},{"@type":"Person","@id":"https:\/\/www.evropskakuca.me\/me\/#\/schema\/person\/a1d0dcdaefe4a1cd1d60d200ea137ba4","name":"mkajic","image":{"@type":"ImageObject","inLanguage":"me-ME","@id":"https:\/\/secure.gravatar.com\/avatar\/731fa035cefab7316e6bafd1f25a93fb731a07de14e2d9923f8db4422628eabc?s=96&d=mm&r=g","url":"https:\/\/secure.gravatar.com\/avatar\/731fa035cefab7316e6bafd1f25a93fb731a07de14e2d9923f8db4422628eabc?s=96&d=mm&r=g","contentUrl":"https:\/\/secure.gravatar.com\/avatar\/731fa035cefab7316e6bafd1f25a93fb731a07de14e2d9923f8db4422628eabc?s=96&d=mm&r=g","caption":"mkajic"},"sameAs":["https:\/\/evropskakuca.me"],"url":"https:\/\/www.evropskakuca.me\/me\/author\/mkajic\/"}]}},"_links":{"self":[{"href":"https:\/\/www.evropskakuca.me\/me\/wp-json\/wp\/v2\/posts\/27049","targetHints":{"allow":["GET"]}}],"collection":[{"href":"https:\/\/www.evropskakuca.me\/me\/wp-json\/wp\/v2\/posts"}],"about":[{"href":"https:\/\/www.evropskakuca.me\/me\/wp-json\/wp\/v2\/types\/post"}],"author":[{"embeddable":true,"href":"https:\/\/www.evropskakuca.me\/me\/wp-json\/wp\/v2\/users\/1"}],"replies":[{"embeddable":true,"href":"https:\/\/www.evropskakuca.me\/me\/wp-json\/wp\/v2\/comments?post=27049"}],"version-history":[{"count":0,"href":"https:\/\/www.evropskakuca.me\/me\/wp-json\/wp\/v2\/posts\/27049\/revisions"}],"wp:featuredmedia":[{"embeddable":true,"href":"https:\/\/www.evropskakuca.me\/me\/wp-json\/wp\/v2\/media\/40133"}],"wp:attachment":[{"href":"https:\/\/www.evropskakuca.me\/me\/wp-json\/wp\/v2\/media?parent=27049"}],"wp:term":[{"taxonomy":"category","embeddable":true,"href":"https:\/\/www.evropskakuca.me\/me\/wp-json\/wp\/v2\/categories?post=27049"},{"taxonomy":"post_tag","embeddable":true,"href":"https:\/\/www.evropskakuca.me\/me\/wp-json\/wp\/v2\/tags?post=27049"}],"curies":[{"name":"wp","href":"https:\/\/api.w.org\/{rel}","templated":true}]}}