{"id":26793,"date":"2023-09-27T17:27:30","date_gmt":"2023-09-27T17:27:30","guid":{"rendered":"https:\/\/evropskakuca.me\/?p=26793"},"modified":"2023-09-27T17:27:30","modified_gmt":"2023-09-27T17:27:30","slug":"cek-radionice-u-evropskoj-kuci-mentalno-zdravlje-u-poslovnom-okruzenju","status":"publish","type":"post","link":"https:\/\/www.evropskakuca.me\/me\/cek-radionice-u-evropskoj-kuci-mentalno-zdravlje-u-poslovnom-okruzenju\/","title":{"rendered":"\u010cEK Radionice u Evropskoj ku\u0107i: Mentalno zdravlje u poslovnom okru\u017eenju"},"content":{"rendered":"<p>Kako da postavite li\u010dne granice na poslu? \u0160ta je Imposter syndrome? Kako prona\u0107i balans i sprije\u010diti sagorijevanje?<\/p>\n<p>&nbsp;<\/p>\n<p>Evropska ku\u0107a vas poziva da ispratite online besplatne radionice o mentalnom zdravlju u poslovnom okru\u017eenju. Predava\u010d je psihoterapeutkinja <strong>Jelena Markovi\u0107<\/strong>, master komunikologije, idejni tvorac i administrator popularne Instagram stranice<a href=\"https:\/\/www.instagram.com\/smartchange.me\/\"> <strong>Smart Change<\/strong><\/a>.<\/p>\n<p>&nbsp;<\/p>\n<blockquote><p>Evropska ku\u0107a organizuje seriju besplatnih edukativnih radionica o mentalnom zdravlju u poslovnom okru\u017eenju kako bi obilje\u017eili Dan mentalnog zdravlja i Evropsku godinu vje\u0161tina.<\/p><\/blockquote>\n<p>Ove inspirativne radionice mo\u017eete pratiti u\u017eivo na <a href=\"https:\/\/www.youtube.com\/@EuInfoCentarMontenegro\">Youtube<\/a> kanalu Evropske unije u Crnoj Gori.<\/p>\n<p><img fetchpriority=\"high\" decoding=\"async\" class=\"size-large wp-image-26796 aligncenter\" src=\"https:\/\/evropskakuca.me\/wp-content\/uploads\/2023\/09\/CEK-psiholoska-radionica-01-1-1024x1024.png\" alt=\"\" width=\"1024\" height=\"1024\" \/><\/p>\n<p style=\"text-align: center;\"><strong>Prva radionica: Postavljanje li\u010dnih granica na poslu<\/strong><\/p>\n<p style=\"text-align: center;\">Datum: 28. septembar 2023<\/p>\n<p style=\"text-align: center;\">Vrijeme: 18h &#8211; 20h<\/p>\n<p>&nbsp;<\/p>\n<p>Li\u010dne granice nam poma\u017eu da odr\u017eimo zdrav i siguran prostor u kome mo\u017eemo da se pobrinemo za sebe, svoje emocionalno stanje i svoje potrebe. Na ovoj interaktivnoj radionici \u0107emo istra\u017eiti kako izgledaju zdrave li\u010dne granice. Nau\u010di\u0107ete \u0161ta vas ko\u010di u postavljanju li\u010dnih granica i kako se ovo naro\u010dito odra\u017eava na poslovno okru\u017eenje.<\/p>\n<p>&nbsp;<\/p>\n<p style=\"text-align: center;\"><strong>Druga radionica: Anksioznost na poslu i Imposter sindrom<\/strong><\/p>\n<p style=\"text-align: center;\">Datum: 10. oktobar 2023<\/p>\n<p style=\"text-align: center;\">Vrijeme: 18h &#8211; 20h<\/p>\n<p style=\"text-align: center;\">\n<p>Imposter syndrome, odnosno &#8220;sindrom varalice&#8221; je specifi\u010dno stanje u kome se osje\u0107amo neadekvatno, manje vrijedno i kao da smo nekako gre\u0161kom dobili neki posao ili odgovornost, iako imamo obrazovanje, iskustvo i rezultate koji ne idu u prilog ovome. Na ovoj radionici \u0107emo pri\u010dati o anksioznosti na poslu, o tome kako da se nosimo sa sindromom varalice i kako da njegujemo empati\u010dan i konstruktivan unutra\u0161nji samogovor kako bismo vidjeli sebe u realisti\u010dnijem svjetlu.<\/p>\n<p>&nbsp;<\/p>\n<p style=\"text-align: center;\"><strong>Tre\u0107a radionica: Tra\u017eenje balansa i prevencija sagorijevanja<\/strong><\/p>\n<p style=\"text-align: center;\">Datum: 9. novembar 2023<\/p>\n<p style=\"text-align: center;\">Vreme: 18h &#8211; 20h<\/p>\n<p style=\"text-align: center;\">\n<p>U svijetu u kome vlada kultura urgencije, gdje smo pod sna\u017enim pritiskom da moramo biti dostupni odmah i za sve, gdje se posao prelio van okvira kancelarije i radnog vremena, a pritisak da moramo biti uspje\u0161ni u vi\u0161e oblasti je nadja\u010dao na\u0161u prirodnu potrebu za razonodom, blisko\u0161\u0107u odmorom i igrom &#8211; sagorijevanje pod stresom je \u0161iroko rasprostranjena pojava. Na ovoj radionici \u0107ete nau\u010diti da prepoznate svoje li\u010dne vrijednosti i da ponovo napravite kontakt sa sobom i sa onime \u0161to je vama stvarno va\u017eno u \u017eivotu.<\/p>\n<p>&nbsp;<\/p>\n<p>Za dodatne informacije, posjetite na\u0161u web stranicu<a href=\"https:\/\/evropskakuca.me\/\"> www.evropskakuca.me<\/a><\/p>\n","protected":false},"excerpt":{"rendered":"<p>Kako da postavite li\u010dne granice na poslu? \u0160ta je Imposter syndrome? Kako prona\u0107i balans i sprije\u010diti sagorijevanje? &nbsp; Evropska ku\u0107a vas poziva da ispratite online besplatne radionice o mentalnom zdravlju u poslovnom okru\u017eenju. Predava\u010d je psihoterapeutkinja Jelena Markovi\u0107, master komunikologije, idejni tvorac i administrator popularne Instagram stranice Smart Change. &nbsp; Evropska ku\u0107a organizuje seriju besplatnih [&hellip;]<\/p>\n","protected":false},"author":1,"featured_media":40005,"comment_status":"closed","ping_status":"closed","sticky":false,"template":"","format":"standard","meta":{"_acf_changed":false,"footnotes":""},"categories":[],"tags":[],"class_list":["post-26793","post","type-post","status-publish","format-standard","has-post-thumbnail","hentry"],"acf":[],"yoast_head":"<!-- This site is optimized with the Yoast SEO plugin v27.3 - https:\/\/yoast.com\/product\/yoast-seo-wordpress\/ -->\n<title>\u010cEK Radionice u Evropskoj ku\u0107i: Mentalno zdravlje u poslovnom okru\u017eenju - Europe House<\/title>\n<meta name=\"robots\" content=\"index, follow, max-snippet:-1, max-image-preview:large, max-video-preview:-1\" \/>\n<link rel=\"canonical\" href=\"https:\/\/www.evropskakuca.me\/me\/cek-radionice-u-evropskoj-kuci-mentalno-zdravlje-u-poslovnom-okruzenju\/\" \/>\n<meta property=\"og:locale\" content=\"en_US\" \/>\n<meta property=\"og:type\" content=\"article\" \/>\n<meta property=\"og:title\" content=\"\u010cEK Radionice u Evropskoj ku\u0107i: Mentalno zdravlje u poslovnom okru\u017eenju - Europe House\" \/>\n<meta property=\"og:description\" content=\"Kako da postavite li\u010dne granice na poslu? \u0160ta je Imposter syndrome? Kako prona\u0107i balans i sprije\u010diti sagorijevanje? &nbsp; Evropska ku\u0107a vas poziva da ispratite online besplatne radionice o mentalnom zdravlju u poslovnom okru\u017eenju. Predava\u010d je psihoterapeutkinja Jelena Markovi\u0107, master komunikologije, idejni tvorac i administrator popularne Instagram stranice Smart Change. &nbsp; Evropska ku\u0107a organizuje seriju besplatnih [&hellip;]\" \/>\n<meta property=\"og:url\" content=\"https:\/\/www.evropskakuca.me\/me\/cek-radionice-u-evropskoj-kuci-mentalno-zdravlje-u-poslovnom-okruzenju\/\" \/>\n<meta property=\"og:site_name\" content=\"Europe House\" \/>\n<meta property=\"article:publisher\" content=\"https:\/\/www.facebook.com\/evropska.kuca\" \/>\n<meta property=\"article:published_time\" content=\"2023-09-27T17:27:30+00:00\" \/>\n<meta property=\"og:image\" content=\"https:\/\/www.evropskakuca.me\/wp-content\/uploads\/2023\/09\/CEK-psiholoska-radionica-01.png\" \/>\n\t<meta property=\"og:image:width\" content=\"1081\" \/>\n\t<meta property=\"og:image:height\" content=\"1081\" \/>\n\t<meta property=\"og:image:type\" content=\"image\/png\" \/>\n<meta name=\"author\" content=\"mkajic\" \/>\n<meta name=\"twitter:card\" content=\"summary_large_image\" \/>\n<meta name=\"twitter:creator\" content=\"@evropska_kuca\" \/>\n<meta name=\"twitter:site\" content=\"@evropska_kuca\" \/>\n<meta name=\"twitter:label1\" content=\"Written by\" \/>\n\t<meta name=\"twitter:data1\" content=\"mkajic\" \/>\n\t<meta name=\"twitter:label2\" content=\"Est. reading time\" \/>\n\t<meta name=\"twitter:data2\" content=\"2 minutes\" \/>\n<script type=\"application\/ld+json\" class=\"yoast-schema-graph\">{\"@context\":\"https:\\\/\\\/schema.org\",\"@graph\":[{\"@type\":\"Article\",\"@id\":\"https:\\\/\\\/www.evropskakuca.me\\\/me\\\/cek-radionice-u-evropskoj-kuci-mentalno-zdravlje-u-poslovnom-okruzenju\\\/#article\",\"isPartOf\":{\"@id\":\"https:\\\/\\\/www.evropskakuca.me\\\/me\\\/cek-radionice-u-evropskoj-kuci-mentalno-zdravlje-u-poslovnom-okruzenju\\\/\"},\"author\":{\"name\":\"mkajic\",\"@id\":\"https:\\\/\\\/www.evropskakuca.me\\\/me\\\/#\\\/schema\\\/person\\\/a1d0dcdaefe4a1cd1d60d200ea137ba4\"},\"headline\":\"\u010cEK Radionice u Evropskoj ku\u0107i: Mentalno zdravlje u poslovnom okru\u017eenju\",\"datePublished\":\"2023-09-27T17:27:30+00:00\",\"mainEntityOfPage\":{\"@id\":\"https:\\\/\\\/www.evropskakuca.me\\\/me\\\/cek-radionice-u-evropskoj-kuci-mentalno-zdravlje-u-poslovnom-okruzenju\\\/\"},\"wordCount\":406,\"publisher\":{\"@id\":\"https:\\\/\\\/www.evropskakuca.me\\\/me\\\/#organization\"},\"image\":{\"@id\":\"https:\\\/\\\/www.evropskakuca.me\\\/me\\\/cek-radionice-u-evropskoj-kuci-mentalno-zdravlje-u-poslovnom-okruzenju\\\/#primaryimage\"},\"thumbnailUrl\":\"https:\\\/\\\/www.evropskakuca.me\\\/wp-content\\\/uploads\\\/2023\\\/09\\\/CEK-psiholoska-radionica-01.png\",\"inLanguage\":\"me-ME\"},{\"@type\":\"WebPage\",\"@id\":\"https:\\\/\\\/www.evropskakuca.me\\\/me\\\/cek-radionice-u-evropskoj-kuci-mentalno-zdravlje-u-poslovnom-okruzenju\\\/\",\"url\":\"https:\\\/\\\/www.evropskakuca.me\\\/me\\\/cek-radionice-u-evropskoj-kuci-mentalno-zdravlje-u-poslovnom-okruzenju\\\/\",\"name\":\"\u010cEK Radionice u Evropskoj ku\u0107i: Mentalno zdravlje u poslovnom okru\u017eenju - Europe House\",\"isPartOf\":{\"@id\":\"https:\\\/\\\/www.evropskakuca.me\\\/me\\\/#website\"},\"primaryImageOfPage\":{\"@id\":\"https:\\\/\\\/www.evropskakuca.me\\\/me\\\/cek-radionice-u-evropskoj-kuci-mentalno-zdravlje-u-poslovnom-okruzenju\\\/#primaryimage\"},\"image\":{\"@id\":\"https:\\\/\\\/www.evropskakuca.me\\\/me\\\/cek-radionice-u-evropskoj-kuci-mentalno-zdravlje-u-poslovnom-okruzenju\\\/#primaryimage\"},\"thumbnailUrl\":\"https:\\\/\\\/www.evropskakuca.me\\\/wp-content\\\/uploads\\\/2023\\\/09\\\/CEK-psiholoska-radionica-01.png\",\"datePublished\":\"2023-09-27T17:27:30+00:00\",\"breadcrumb\":{\"@id\":\"https:\\\/\\\/www.evropskakuca.me\\\/me\\\/cek-radionice-u-evropskoj-kuci-mentalno-zdravlje-u-poslovnom-okruzenju\\\/#breadcrumb\"},\"inLanguage\":\"me-ME\",\"potentialAction\":[{\"@type\":\"ReadAction\",\"target\":[\"https:\\\/\\\/www.evropskakuca.me\\\/me\\\/cek-radionice-u-evropskoj-kuci-mentalno-zdravlje-u-poslovnom-okruzenju\\\/\"]}]},{\"@type\":\"ImageObject\",\"inLanguage\":\"me-ME\",\"@id\":\"https:\\\/\\\/www.evropskakuca.me\\\/me\\\/cek-radionice-u-evropskoj-kuci-mentalno-zdravlje-u-poslovnom-okruzenju\\\/#primaryimage\",\"url\":\"https:\\\/\\\/www.evropskakuca.me\\\/wp-content\\\/uploads\\\/2023\\\/09\\\/CEK-psiholoska-radionica-01.png\",\"contentUrl\":\"https:\\\/\\\/www.evropskakuca.me\\\/wp-content\\\/uploads\\\/2023\\\/09\\\/CEK-psiholoska-radionica-01.png\",\"width\":1081,\"height\":1081},{\"@type\":\"BreadcrumbList\",\"@id\":\"https:\\\/\\\/www.evropskakuca.me\\\/me\\\/cek-radionice-u-evropskoj-kuci-mentalno-zdravlje-u-poslovnom-okruzenju\\\/#breadcrumb\",\"itemListElement\":[{\"@type\":\"ListItem\",\"position\":1,\"name\":\"Home\",\"item\":\"https:\\\/\\\/www.evropskakuca.me\\\/me\\\/\"},{\"@type\":\"ListItem\",\"position\":2,\"name\":\"\u010cEK Radionice u Evropskoj ku\u0107i: Mentalno zdravlje u poslovnom okru\u017eenju\"}]},{\"@type\":\"WebSite\",\"@id\":\"https:\\\/\\\/www.evropskakuca.me\\\/me\\\/#website\",\"url\":\"https:\\\/\\\/www.evropskakuca.me\\\/me\\\/\",\"name\":\"Evropean house\",\"description\":\"\",\"publisher\":{\"@id\":\"https:\\\/\\\/www.evropskakuca.me\\\/me\\\/#organization\"},\"potentialAction\":[{\"@type\":\"SearchAction\",\"target\":{\"@type\":\"EntryPoint\",\"urlTemplate\":\"https:\\\/\\\/www.evropskakuca.me\\\/me\\\/?s={search_term_string}\"},\"query-input\":{\"@type\":\"PropertyValueSpecification\",\"valueRequired\":true,\"valueName\":\"search_term_string\"}}],\"inLanguage\":\"me-ME\"},{\"@type\":\"Organization\",\"@id\":\"https:\\\/\\\/www.evropskakuca.me\\\/me\\\/#organization\",\"name\":\"Evropean house\",\"url\":\"https:\\\/\\\/www.evropskakuca.me\\\/me\\\/\",\"logo\":{\"@type\":\"ImageObject\",\"inLanguage\":\"me-ME\",\"@id\":\"https:\\\/\\\/www.evropskakuca.me\\\/me\\\/#\\\/schema\\\/logo\\\/image\\\/\",\"url\":\"https:\\\/\\\/www.evropskakuca.me\\\/wp-content\\\/uploads\\\/2025\\\/01\\\/evropska-kuca-logo-1.png\",\"contentUrl\":\"https:\\\/\\\/www.evropskakuca.me\\\/wp-content\\\/uploads\\\/2025\\\/01\\\/evropska-kuca-logo-1.png\",\"width\":425,\"height\":312,\"caption\":\"Evropean house\"},\"image\":{\"@id\":\"https:\\\/\\\/www.evropskakuca.me\\\/me\\\/#\\\/schema\\\/logo\\\/image\\\/\"},\"sameAs\":[\"https:\\\/\\\/www.facebook.com\\\/evropska.kuca\",\"https:\\\/\\\/x.com\\\/evropska_kuca\",\"https:\\\/\\\/www.instagram.com\\\/evropska_kuca\"]},{\"@type\":\"Person\",\"@id\":\"https:\\\/\\\/www.evropskakuca.me\\\/me\\\/#\\\/schema\\\/person\\\/a1d0dcdaefe4a1cd1d60d200ea137ba4\",\"name\":\"mkajic\",\"image\":{\"@type\":\"ImageObject\",\"inLanguage\":\"me-ME\",\"@id\":\"https:\\\/\\\/secure.gravatar.com\\\/avatar\\\/731fa035cefab7316e6bafd1f25a93fb731a07de14e2d9923f8db4422628eabc?s=96&d=mm&r=g\",\"url\":\"https:\\\/\\\/secure.gravatar.com\\\/avatar\\\/731fa035cefab7316e6bafd1f25a93fb731a07de14e2d9923f8db4422628eabc?s=96&d=mm&r=g\",\"contentUrl\":\"https:\\\/\\\/secure.gravatar.com\\\/avatar\\\/731fa035cefab7316e6bafd1f25a93fb731a07de14e2d9923f8db4422628eabc?s=96&d=mm&r=g\",\"caption\":\"mkajic\"},\"sameAs\":[\"https:\\\/\\\/evropskakuca.me\"],\"url\":\"https:\\\/\\\/www.evropskakuca.me\\\/me\\\/author\\\/mkajic\\\/\"}]}<\/script>\n<!-- \/ Yoast SEO plugin. -->","yoast_head_json":{"title":"\u010cEK Radionice u Evropskoj ku\u0107i: Mentalno zdravlje u poslovnom okru\u017eenju - Europe House","robots":{"index":"index","follow":"follow","max-snippet":"max-snippet:-1","max-image-preview":"max-image-preview:large","max-video-preview":"max-video-preview:-1"},"canonical":"https:\/\/www.evropskakuca.me\/me\/cek-radionice-u-evropskoj-kuci-mentalno-zdravlje-u-poslovnom-okruzenju\/","og_locale":"en_US","og_type":"article","og_title":"\u010cEK Radionice u Evropskoj ku\u0107i: Mentalno zdravlje u poslovnom okru\u017eenju - Europe House","og_description":"Kako da postavite li\u010dne granice na poslu? \u0160ta je Imposter syndrome? Kako prona\u0107i balans i sprije\u010diti sagorijevanje? &nbsp; Evropska ku\u0107a vas poziva da ispratite online besplatne radionice o mentalnom zdravlju u poslovnom okru\u017eenju. Predava\u010d je psihoterapeutkinja Jelena Markovi\u0107, master komunikologije, idejni tvorac i administrator popularne Instagram stranice Smart Change. &nbsp; Evropska ku\u0107a organizuje seriju besplatnih [&hellip;]","og_url":"https:\/\/www.evropskakuca.me\/me\/cek-radionice-u-evropskoj-kuci-mentalno-zdravlje-u-poslovnom-okruzenju\/","og_site_name":"Europe House","article_publisher":"https:\/\/www.facebook.com\/evropska.kuca","article_published_time":"2023-09-27T17:27:30+00:00","og_image":[{"width":1081,"height":1081,"url":"https:\/\/www.evropskakuca.me\/wp-content\/uploads\/2023\/09\/CEK-psiholoska-radionica-01.png","type":"image\/png"}],"author":"mkajic","twitter_card":"summary_large_image","twitter_creator":"@evropska_kuca","twitter_site":"@evropska_kuca","twitter_misc":{"Written by":"mkajic","Est. reading time":"2 minutes"},"schema":{"@context":"https:\/\/schema.org","@graph":[{"@type":"Article","@id":"https:\/\/www.evropskakuca.me\/me\/cek-radionice-u-evropskoj-kuci-mentalno-zdravlje-u-poslovnom-okruzenju\/#article","isPartOf":{"@id":"https:\/\/www.evropskakuca.me\/me\/cek-radionice-u-evropskoj-kuci-mentalno-zdravlje-u-poslovnom-okruzenju\/"},"author":{"name":"mkajic","@id":"https:\/\/www.evropskakuca.me\/me\/#\/schema\/person\/a1d0dcdaefe4a1cd1d60d200ea137ba4"},"headline":"\u010cEK Radionice u Evropskoj ku\u0107i: Mentalno zdravlje u poslovnom okru\u017eenju","datePublished":"2023-09-27T17:27:30+00:00","mainEntityOfPage":{"@id":"https:\/\/www.evropskakuca.me\/me\/cek-radionice-u-evropskoj-kuci-mentalno-zdravlje-u-poslovnom-okruzenju\/"},"wordCount":406,"publisher":{"@id":"https:\/\/www.evropskakuca.me\/me\/#organization"},"image":{"@id":"https:\/\/www.evropskakuca.me\/me\/cek-radionice-u-evropskoj-kuci-mentalno-zdravlje-u-poslovnom-okruzenju\/#primaryimage"},"thumbnailUrl":"https:\/\/www.evropskakuca.me\/wp-content\/uploads\/2023\/09\/CEK-psiholoska-radionica-01.png","inLanguage":"me-ME"},{"@type":"WebPage","@id":"https:\/\/www.evropskakuca.me\/me\/cek-radionice-u-evropskoj-kuci-mentalno-zdravlje-u-poslovnom-okruzenju\/","url":"https:\/\/www.evropskakuca.me\/me\/cek-radionice-u-evropskoj-kuci-mentalno-zdravlje-u-poslovnom-okruzenju\/","name":"\u010cEK Radionice u Evropskoj ku\u0107i: Mentalno zdravlje u poslovnom okru\u017eenju - Europe House","isPartOf":{"@id":"https:\/\/www.evropskakuca.me\/me\/#website"},"primaryImageOfPage":{"@id":"https:\/\/www.evropskakuca.me\/me\/cek-radionice-u-evropskoj-kuci-mentalno-zdravlje-u-poslovnom-okruzenju\/#primaryimage"},"image":{"@id":"https:\/\/www.evropskakuca.me\/me\/cek-radionice-u-evropskoj-kuci-mentalno-zdravlje-u-poslovnom-okruzenju\/#primaryimage"},"thumbnailUrl":"https:\/\/www.evropskakuca.me\/wp-content\/uploads\/2023\/09\/CEK-psiholoska-radionica-01.png","datePublished":"2023-09-27T17:27:30+00:00","breadcrumb":{"@id":"https:\/\/www.evropskakuca.me\/me\/cek-radionice-u-evropskoj-kuci-mentalno-zdravlje-u-poslovnom-okruzenju\/#breadcrumb"},"inLanguage":"me-ME","potentialAction":[{"@type":"ReadAction","target":["https:\/\/www.evropskakuca.me\/me\/cek-radionice-u-evropskoj-kuci-mentalno-zdravlje-u-poslovnom-okruzenju\/"]}]},{"@type":"ImageObject","inLanguage":"me-ME","@id":"https:\/\/www.evropskakuca.me\/me\/cek-radionice-u-evropskoj-kuci-mentalno-zdravlje-u-poslovnom-okruzenju\/#primaryimage","url":"https:\/\/www.evropskakuca.me\/wp-content\/uploads\/2023\/09\/CEK-psiholoska-radionica-01.png","contentUrl":"https:\/\/www.evropskakuca.me\/wp-content\/uploads\/2023\/09\/CEK-psiholoska-radionica-01.png","width":1081,"height":1081},{"@type":"BreadcrumbList","@id":"https:\/\/www.evropskakuca.me\/me\/cek-radionice-u-evropskoj-kuci-mentalno-zdravlje-u-poslovnom-okruzenju\/#breadcrumb","itemListElement":[{"@type":"ListItem","position":1,"name":"Home","item":"https:\/\/www.evropskakuca.me\/me\/"},{"@type":"ListItem","position":2,"name":"\u010cEK Radionice u Evropskoj ku\u0107i: Mentalno zdravlje u poslovnom okru\u017eenju"}]},{"@type":"WebSite","@id":"https:\/\/www.evropskakuca.me\/me\/#website","url":"https:\/\/www.evropskakuca.me\/me\/","name":"Evropean house","description":"","publisher":{"@id":"https:\/\/www.evropskakuca.me\/me\/#organization"},"potentialAction":[{"@type":"SearchAction","target":{"@type":"EntryPoint","urlTemplate":"https:\/\/www.evropskakuca.me\/me\/?s={search_term_string}"},"query-input":{"@type":"PropertyValueSpecification","valueRequired":true,"valueName":"search_term_string"}}],"inLanguage":"me-ME"},{"@type":"Organization","@id":"https:\/\/www.evropskakuca.me\/me\/#organization","name":"Evropean house","url":"https:\/\/www.evropskakuca.me\/me\/","logo":{"@type":"ImageObject","inLanguage":"me-ME","@id":"https:\/\/www.evropskakuca.me\/me\/#\/schema\/logo\/image\/","url":"https:\/\/www.evropskakuca.me\/wp-content\/uploads\/2025\/01\/evropska-kuca-logo-1.png","contentUrl":"https:\/\/www.evropskakuca.me\/wp-content\/uploads\/2025\/01\/evropska-kuca-logo-1.png","width":425,"height":312,"caption":"Evropean house"},"image":{"@id":"https:\/\/www.evropskakuca.me\/me\/#\/schema\/logo\/image\/"},"sameAs":["https:\/\/www.facebook.com\/evropska.kuca","https:\/\/x.com\/evropska_kuca","https:\/\/www.instagram.com\/evropska_kuca"]},{"@type":"Person","@id":"https:\/\/www.evropskakuca.me\/me\/#\/schema\/person\/a1d0dcdaefe4a1cd1d60d200ea137ba4","name":"mkajic","image":{"@type":"ImageObject","inLanguage":"me-ME","@id":"https:\/\/secure.gravatar.com\/avatar\/731fa035cefab7316e6bafd1f25a93fb731a07de14e2d9923f8db4422628eabc?s=96&d=mm&r=g","url":"https:\/\/secure.gravatar.com\/avatar\/731fa035cefab7316e6bafd1f25a93fb731a07de14e2d9923f8db4422628eabc?s=96&d=mm&r=g","contentUrl":"https:\/\/secure.gravatar.com\/avatar\/731fa035cefab7316e6bafd1f25a93fb731a07de14e2d9923f8db4422628eabc?s=96&d=mm&r=g","caption":"mkajic"},"sameAs":["https:\/\/evropskakuca.me"],"url":"https:\/\/www.evropskakuca.me\/me\/author\/mkajic\/"}]}},"_links":{"self":[{"href":"https:\/\/www.evropskakuca.me\/me\/wp-json\/wp\/v2\/posts\/26793","targetHints":{"allow":["GET"]}}],"collection":[{"href":"https:\/\/www.evropskakuca.me\/me\/wp-json\/wp\/v2\/posts"}],"about":[{"href":"https:\/\/www.evropskakuca.me\/me\/wp-json\/wp\/v2\/types\/post"}],"author":[{"embeddable":true,"href":"https:\/\/www.evropskakuca.me\/me\/wp-json\/wp\/v2\/users\/1"}],"replies":[{"embeddable":true,"href":"https:\/\/www.evropskakuca.me\/me\/wp-json\/wp\/v2\/comments?post=26793"}],"version-history":[{"count":0,"href":"https:\/\/www.evropskakuca.me\/me\/wp-json\/wp\/v2\/posts\/26793\/revisions"}],"wp:featuredmedia":[{"embeddable":true,"href":"https:\/\/www.evropskakuca.me\/me\/wp-json\/wp\/v2\/media\/40005"}],"wp:attachment":[{"href":"https:\/\/www.evropskakuca.me\/me\/wp-json\/wp\/v2\/media?parent=26793"}],"wp:term":[{"taxonomy":"category","embeddable":true,"href":"https:\/\/www.evropskakuca.me\/me\/wp-json\/wp\/v2\/categories?post=26793"},{"taxonomy":"post_tag","embeddable":true,"href":"https:\/\/www.evropskakuca.me\/me\/wp-json\/wp\/v2\/tags?post=26793"}],"curies":[{"name":"wp","href":"https:\/\/api.w.org\/{rel}","templated":true}]}}