{"id":26772,"date":"2023-09-26T11:18:19","date_gmt":"2023-09-26T11:18:19","guid":{"rendered":"https:\/\/evropskakuca.me\/?p=26772"},"modified":"2023-09-26T11:18:19","modified_gmt":"2023-09-26T11:18:19","slug":"kreativne-zene-crne-gore-predstavljaju-evropska-muzika-crnogorske-kulturne-diplomatije","status":"publish","type":"post","link":"https:\/\/www.evropskakuca.me\/me\/kreativne-zene-crne-gore-predstavljaju-evropska-muzika-crnogorske-kulturne-diplomatije\/","title":{"rendered":"Kreativne \u017eene Crne Gore predstavljaju: \u201cEvropska muzika crnogorske kulturne diplomatije\u201d"},"content":{"rendered":"<p>U \u010detvrtak, 28. septembra na Cetinju \u0107e prvi put biti izvedene muzikalije iz fundusa Narodnog muzeja, koje su napisali evropski kompozitori inspirisani Crnom Gorom u 19. vijeku.<\/p>\n<blockquote><p>Umjetnici iz Njema\u010dke, Austrije, Poljske, Italije i Francuske napisali su djela za razli\u010dite muzi\u010dke sastave, posve\u0107ene Crnoj Gori ili \u010dlanovima kraljevske porodice. Na koncertu \u0107e premijerno biti izveden Danilov valcer, kompozicija Kralj Crne Gore, kao i kompozicija posve\u0107ena Viktoru Emanuelu III i Jeleni Savojskoj, kralju i kraljici Italije.<\/p><\/blockquote>\n<p>Orkestar koji \u010dine studenti cetinjske <strong>Muzi\u010dke akademije<\/strong> i \u010dlanovi <strong>Crnogorskog simfonijskog orkestra<\/strong> nastupi\u0107e u 20 \u010dasova u Vladinom domu.<\/p>\n<p><img fetchpriority=\"high\" decoding=\"async\" class=\"alignnone size-large wp-image-26776\" src=\"https:\/\/evropskakuca.me\/wp-content\/uploads\/2023\/09\/evropska-muzika-1-1-1024x576.jpg\" alt=\"\" width=\"1024\" height=\"576\" \/><\/p>\n<p>Rije\u010d je o eksponatima koji imaju ne samo umjetni\u010dku vrijednost kao muzi\u010dki spisi romanti\u010darskog perioda, ve\u0107 i istorijsku budu\u0107i da predstavljaju kulturno blago Crne Gore i zemlje iz koje poti\u010du. Ovi notni zapisi koristili su se u kulturnoj diplomatiji Evrope i publika \u0107e biti u prilici da ih pogleda u danima nakon koncerta u holu Muzeja.<\/p>\n<p>Koncert i izlo\u017eba dio su projekta \u201e<strong>Evropska muzika crnogorske kulturne diplomatije<\/strong>\u201c, koji sprovodi Fondacija <strong>Kreativne \u017eene Crne Gore<\/strong> s ciljem revitalizacije evropsko-crnogorske muzike i kulturne ba\u0161tine. Dodatno, tretira se i problem nedostatka istraz\u030civanja na pomenutu temu i oz\u030civljavanje kulturne diplomatije Crne Gore. Projekat se realizuje u okviru <strong>ReLOaD2<\/strong> programa, koji finansira Evropska unija, a sprovodi UNDP u saradnji sa lokalnim samoupravama, me\u0111u kojima je i Prijestonica Cetinje.<\/p>\n<blockquote><p>Projekat \u0107e osim muzike, o\u017eivjeti i fotografije i snimke koji su rezultat bogate kulturne diplomatije koju je Crna Gora imala u pro\u0161lom vijeku, a koji su sada kulturna ba\u0161tina drz\u030cave.<\/p><\/blockquote>\n<p>Orkestarsko izvo\u0111enje prati\u0107e i video kolaz\u030c sa\u010dinjen od malo poznatih kratkih videozapisa i fotografija sa diplomatskih sve\u010danosti na dvoru u periodu Kraljevine Crne Gore.<\/p>\n<blockquote><p>Jedan od kratkih video zapisa koji \u0107e biti prikazan u \u010detvrtak, dosad nije prezentovan crnogorskoj javnosti, \u0161to je rezultat partnerstva sa Narodnim muzejom i Crnogorskom kinotekom.<\/p><\/blockquote>\n<p>Publika mo\u017ee uskoro o\u010dekivati sli\u010dan doga\u0111aj i u Glavnom gradu.<\/p>\n<p>&nbsp;<\/p>\n","protected":false},"excerpt":{"rendered":"<p>U \u010detvrtak, 28. septembra na Cetinju \u0107e prvi put biti izvedene muzikalije iz fundusa Narodnog muzeja, koje su napisali evropski kompozitori inspirisani Crnom Gorom u 19. vijeku. Umjetnici iz Njema\u010dke, Austrije, Poljske, Italije i Francuske napisali su djela za razli\u010dite muzi\u010dke sastave, posve\u0107ene Crnoj Gori ili \u010dlanovima kraljevske porodice. Na koncertu \u0107e premijerno biti izveden [&hellip;]<\/p>\n","protected":false},"author":1,"featured_media":0,"comment_status":"closed","ping_status":"closed","sticky":false,"template":"","format":"standard","meta":{"_acf_changed":false,"footnotes":""},"categories":[],"tags":[],"class_list":["post-26772","post","type-post","status-publish","format-standard","hentry"],"acf":[],"yoast_head":"<!-- This site is optimized with the Yoast SEO plugin v27.3 - https:\/\/yoast.com\/product\/yoast-seo-wordpress\/ -->\n<title>Kreativne \u017eene Crne Gore predstavljaju: \u201cEvropska muzika crnogorske kulturne diplomatije\u201d - Europe House<\/title>\n<meta name=\"robots\" content=\"index, follow, max-snippet:-1, max-image-preview:large, max-video-preview:-1\" \/>\n<link rel=\"canonical\" href=\"https:\/\/www.evropskakuca.me\/me\/kreativne-zene-crne-gore-predstavljaju-evropska-muzika-crnogorske-kulturne-diplomatije\/\" \/>\n<meta property=\"og:locale\" content=\"en_US\" \/>\n<meta property=\"og:type\" content=\"article\" \/>\n<meta property=\"og:title\" content=\"Kreativne \u017eene Crne Gore predstavljaju: \u201cEvropska muzika crnogorske kulturne diplomatije\u201d - Europe House\" \/>\n<meta property=\"og:description\" content=\"U \u010detvrtak, 28. septembra na Cetinju \u0107e prvi put biti izvedene muzikalije iz fundusa Narodnog muzeja, koje su napisali evropski kompozitori inspirisani Crnom Gorom u 19. vijeku. Umjetnici iz Njema\u010dke, Austrije, Poljske, Italije i Francuske napisali su djela za razli\u010dite muzi\u010dke sastave, posve\u0107ene Crnoj Gori ili \u010dlanovima kraljevske porodice. Na koncertu \u0107e premijerno biti izveden [&hellip;]\" \/>\n<meta property=\"og:url\" content=\"https:\/\/www.evropskakuca.me\/me\/kreativne-zene-crne-gore-predstavljaju-evropska-muzika-crnogorske-kulturne-diplomatije\/\" \/>\n<meta property=\"og:site_name\" content=\"Europe House\" \/>\n<meta property=\"article:publisher\" content=\"https:\/\/www.facebook.com\/evropska.kuca\" \/>\n<meta property=\"article:published_time\" content=\"2023-09-26T11:18:19+00:00\" \/>\n<meta property=\"og:image\" content=\"https:\/\/evropskakuca.me\/wp-content\/uploads\/2023\/09\/evropska-muzika-1-1-1024x576.jpg\" \/>\n<meta name=\"author\" content=\"mkajic\" \/>\n<meta name=\"twitter:card\" content=\"summary_large_image\" \/>\n<meta name=\"twitter:creator\" content=\"@evropska_kuca\" \/>\n<meta name=\"twitter:site\" content=\"@evropska_kuca\" \/>\n<meta name=\"twitter:label1\" content=\"Written by\" \/>\n\t<meta name=\"twitter:data1\" content=\"mkajic\" \/>\n\t<meta name=\"twitter:label2\" content=\"Est. reading time\" \/>\n\t<meta name=\"twitter:data2\" content=\"2 minutes\" \/>\n<script type=\"application\/ld+json\" class=\"yoast-schema-graph\">{\"@context\":\"https:\\\/\\\/schema.org\",\"@graph\":[{\"@type\":\"Article\",\"@id\":\"https:\\\/\\\/www.evropskakuca.me\\\/me\\\/kreativne-zene-crne-gore-predstavljaju-evropska-muzika-crnogorske-kulturne-diplomatije\\\/#article\",\"isPartOf\":{\"@id\":\"https:\\\/\\\/www.evropskakuca.me\\\/me\\\/kreativne-zene-crne-gore-predstavljaju-evropska-muzika-crnogorske-kulturne-diplomatije\\\/\"},\"author\":{\"name\":\"mkajic\",\"@id\":\"https:\\\/\\\/www.evropskakuca.me\\\/me\\\/#\\\/schema\\\/person\\\/a1d0dcdaefe4a1cd1d60d200ea137ba4\"},\"headline\":\"Kreativne \u017eene Crne Gore predstavljaju: \u201cEvropska muzika crnogorske kulturne diplomatije\u201d\",\"datePublished\":\"2023-09-26T11:18:19+00:00\",\"mainEntityOfPage\":{\"@id\":\"https:\\\/\\\/www.evropskakuca.me\\\/me\\\/kreativne-zene-crne-gore-predstavljaju-evropska-muzika-crnogorske-kulturne-diplomatije\\\/\"},\"wordCount\":344,\"publisher\":{\"@id\":\"https:\\\/\\\/www.evropskakuca.me\\\/me\\\/#organization\"},\"image\":{\"@id\":\"https:\\\/\\\/www.evropskakuca.me\\\/me\\\/kreativne-zene-crne-gore-predstavljaju-evropska-muzika-crnogorske-kulturne-diplomatije\\\/#primaryimage\"},\"thumbnailUrl\":\"https:\\\/\\\/evropskakuca.me\\\/wp-content\\\/uploads\\\/2023\\\/09\\\/evropska-muzika-1-1-1024x576.jpg\",\"inLanguage\":\"me-ME\"},{\"@type\":\"WebPage\",\"@id\":\"https:\\\/\\\/www.evropskakuca.me\\\/me\\\/kreativne-zene-crne-gore-predstavljaju-evropska-muzika-crnogorske-kulturne-diplomatije\\\/\",\"url\":\"https:\\\/\\\/www.evropskakuca.me\\\/me\\\/kreativne-zene-crne-gore-predstavljaju-evropska-muzika-crnogorske-kulturne-diplomatije\\\/\",\"name\":\"Kreativne \u017eene Crne Gore predstavljaju: \u201cEvropska muzika crnogorske kulturne diplomatije\u201d - Europe House\",\"isPartOf\":{\"@id\":\"https:\\\/\\\/www.evropskakuca.me\\\/me\\\/#website\"},\"primaryImageOfPage\":{\"@id\":\"https:\\\/\\\/www.evropskakuca.me\\\/me\\\/kreativne-zene-crne-gore-predstavljaju-evropska-muzika-crnogorske-kulturne-diplomatije\\\/#primaryimage\"},\"image\":{\"@id\":\"https:\\\/\\\/www.evropskakuca.me\\\/me\\\/kreativne-zene-crne-gore-predstavljaju-evropska-muzika-crnogorske-kulturne-diplomatije\\\/#primaryimage\"},\"thumbnailUrl\":\"https:\\\/\\\/evropskakuca.me\\\/wp-content\\\/uploads\\\/2023\\\/09\\\/evropska-muzika-1-1-1024x576.jpg\",\"datePublished\":\"2023-09-26T11:18:19+00:00\",\"breadcrumb\":{\"@id\":\"https:\\\/\\\/www.evropskakuca.me\\\/me\\\/kreativne-zene-crne-gore-predstavljaju-evropska-muzika-crnogorske-kulturne-diplomatije\\\/#breadcrumb\"},\"inLanguage\":\"me-ME\",\"potentialAction\":[{\"@type\":\"ReadAction\",\"target\":[\"https:\\\/\\\/www.evropskakuca.me\\\/me\\\/kreativne-zene-crne-gore-predstavljaju-evropska-muzika-crnogorske-kulturne-diplomatije\\\/\"]}]},{\"@type\":\"ImageObject\",\"inLanguage\":\"me-ME\",\"@id\":\"https:\\\/\\\/www.evropskakuca.me\\\/me\\\/kreativne-zene-crne-gore-predstavljaju-evropska-muzika-crnogorske-kulturne-diplomatije\\\/#primaryimage\",\"url\":\"https:\\\/\\\/evropskakuca.me\\\/wp-content\\\/uploads\\\/2023\\\/09\\\/evropska-muzika-1-1-1024x576.jpg\",\"contentUrl\":\"https:\\\/\\\/evropskakuca.me\\\/wp-content\\\/uploads\\\/2023\\\/09\\\/evropska-muzika-1-1-1024x576.jpg\"},{\"@type\":\"BreadcrumbList\",\"@id\":\"https:\\\/\\\/www.evropskakuca.me\\\/me\\\/kreativne-zene-crne-gore-predstavljaju-evropska-muzika-crnogorske-kulturne-diplomatije\\\/#breadcrumb\",\"itemListElement\":[{\"@type\":\"ListItem\",\"position\":1,\"name\":\"Home\",\"item\":\"https:\\\/\\\/www.evropskakuca.me\\\/me\\\/\"},{\"@type\":\"ListItem\",\"position\":2,\"name\":\"Kreativne \u017eene Crne Gore predstavljaju: \u201cEvropska muzika crnogorske kulturne diplomatije\u201d\"}]},{\"@type\":\"WebSite\",\"@id\":\"https:\\\/\\\/www.evropskakuca.me\\\/me\\\/#website\",\"url\":\"https:\\\/\\\/www.evropskakuca.me\\\/me\\\/\",\"name\":\"Evropean house\",\"description\":\"\",\"publisher\":{\"@id\":\"https:\\\/\\\/www.evropskakuca.me\\\/me\\\/#organization\"},\"potentialAction\":[{\"@type\":\"SearchAction\",\"target\":{\"@type\":\"EntryPoint\",\"urlTemplate\":\"https:\\\/\\\/www.evropskakuca.me\\\/me\\\/?s={search_term_string}\"},\"query-input\":{\"@type\":\"PropertyValueSpecification\",\"valueRequired\":true,\"valueName\":\"search_term_string\"}}],\"inLanguage\":\"me-ME\"},{\"@type\":\"Organization\",\"@id\":\"https:\\\/\\\/www.evropskakuca.me\\\/me\\\/#organization\",\"name\":\"Evropean house\",\"url\":\"https:\\\/\\\/www.evropskakuca.me\\\/me\\\/\",\"logo\":{\"@type\":\"ImageObject\",\"inLanguage\":\"me-ME\",\"@id\":\"https:\\\/\\\/www.evropskakuca.me\\\/me\\\/#\\\/schema\\\/logo\\\/image\\\/\",\"url\":\"https:\\\/\\\/www.evropskakuca.me\\\/wp-content\\\/uploads\\\/2025\\\/01\\\/evropska-kuca-logo-1.png\",\"contentUrl\":\"https:\\\/\\\/www.evropskakuca.me\\\/wp-content\\\/uploads\\\/2025\\\/01\\\/evropska-kuca-logo-1.png\",\"width\":425,\"height\":312,\"caption\":\"Evropean house\"},\"image\":{\"@id\":\"https:\\\/\\\/www.evropskakuca.me\\\/me\\\/#\\\/schema\\\/logo\\\/image\\\/\"},\"sameAs\":[\"https:\\\/\\\/www.facebook.com\\\/evropska.kuca\",\"https:\\\/\\\/x.com\\\/evropska_kuca\",\"https:\\\/\\\/www.instagram.com\\\/evropska_kuca\"]},{\"@type\":\"Person\",\"@id\":\"https:\\\/\\\/www.evropskakuca.me\\\/me\\\/#\\\/schema\\\/person\\\/a1d0dcdaefe4a1cd1d60d200ea137ba4\",\"name\":\"mkajic\",\"image\":{\"@type\":\"ImageObject\",\"inLanguage\":\"me-ME\",\"@id\":\"https:\\\/\\\/secure.gravatar.com\\\/avatar\\\/731fa035cefab7316e6bafd1f25a93fb731a07de14e2d9923f8db4422628eabc?s=96&d=mm&r=g\",\"url\":\"https:\\\/\\\/secure.gravatar.com\\\/avatar\\\/731fa035cefab7316e6bafd1f25a93fb731a07de14e2d9923f8db4422628eabc?s=96&d=mm&r=g\",\"contentUrl\":\"https:\\\/\\\/secure.gravatar.com\\\/avatar\\\/731fa035cefab7316e6bafd1f25a93fb731a07de14e2d9923f8db4422628eabc?s=96&d=mm&r=g\",\"caption\":\"mkajic\"},\"sameAs\":[\"https:\\\/\\\/evropskakuca.me\"],\"url\":\"https:\\\/\\\/www.evropskakuca.me\\\/me\\\/author\\\/mkajic\\\/\"}]}<\/script>\n<!-- \/ Yoast SEO plugin. -->","yoast_head_json":{"title":"Kreativne \u017eene Crne Gore predstavljaju: \u201cEvropska muzika crnogorske kulturne diplomatije\u201d - Europe House","robots":{"index":"index","follow":"follow","max-snippet":"max-snippet:-1","max-image-preview":"max-image-preview:large","max-video-preview":"max-video-preview:-1"},"canonical":"https:\/\/www.evropskakuca.me\/me\/kreativne-zene-crne-gore-predstavljaju-evropska-muzika-crnogorske-kulturne-diplomatije\/","og_locale":"en_US","og_type":"article","og_title":"Kreativne \u017eene Crne Gore predstavljaju: \u201cEvropska muzika crnogorske kulturne diplomatije\u201d - Europe House","og_description":"U \u010detvrtak, 28. septembra na Cetinju \u0107e prvi put biti izvedene muzikalije iz fundusa Narodnog muzeja, koje su napisali evropski kompozitori inspirisani Crnom Gorom u 19. vijeku. Umjetnici iz Njema\u010dke, Austrije, Poljske, Italije i Francuske napisali su djela za razli\u010dite muzi\u010dke sastave, posve\u0107ene Crnoj Gori ili \u010dlanovima kraljevske porodice. Na koncertu \u0107e premijerno biti izveden [&hellip;]","og_url":"https:\/\/www.evropskakuca.me\/me\/kreativne-zene-crne-gore-predstavljaju-evropska-muzika-crnogorske-kulturne-diplomatije\/","og_site_name":"Europe House","article_publisher":"https:\/\/www.facebook.com\/evropska.kuca","article_published_time":"2023-09-26T11:18:19+00:00","og_image":[{"url":"https:\/\/evropskakuca.me\/wp-content\/uploads\/2023\/09\/evropska-muzika-1-1-1024x576.jpg","type":"","width":"","height":""}],"author":"mkajic","twitter_card":"summary_large_image","twitter_creator":"@evropska_kuca","twitter_site":"@evropska_kuca","twitter_misc":{"Written by":"mkajic","Est. reading time":"2 minutes"},"schema":{"@context":"https:\/\/schema.org","@graph":[{"@type":"Article","@id":"https:\/\/www.evropskakuca.me\/me\/kreativne-zene-crne-gore-predstavljaju-evropska-muzika-crnogorske-kulturne-diplomatije\/#article","isPartOf":{"@id":"https:\/\/www.evropskakuca.me\/me\/kreativne-zene-crne-gore-predstavljaju-evropska-muzika-crnogorske-kulturne-diplomatije\/"},"author":{"name":"mkajic","@id":"https:\/\/www.evropskakuca.me\/me\/#\/schema\/person\/a1d0dcdaefe4a1cd1d60d200ea137ba4"},"headline":"Kreativne \u017eene Crne Gore predstavljaju: \u201cEvropska muzika crnogorske kulturne diplomatije\u201d","datePublished":"2023-09-26T11:18:19+00:00","mainEntityOfPage":{"@id":"https:\/\/www.evropskakuca.me\/me\/kreativne-zene-crne-gore-predstavljaju-evropska-muzika-crnogorske-kulturne-diplomatije\/"},"wordCount":344,"publisher":{"@id":"https:\/\/www.evropskakuca.me\/me\/#organization"},"image":{"@id":"https:\/\/www.evropskakuca.me\/me\/kreativne-zene-crne-gore-predstavljaju-evropska-muzika-crnogorske-kulturne-diplomatije\/#primaryimage"},"thumbnailUrl":"https:\/\/evropskakuca.me\/wp-content\/uploads\/2023\/09\/evropska-muzika-1-1-1024x576.jpg","inLanguage":"me-ME"},{"@type":"WebPage","@id":"https:\/\/www.evropskakuca.me\/me\/kreativne-zene-crne-gore-predstavljaju-evropska-muzika-crnogorske-kulturne-diplomatije\/","url":"https:\/\/www.evropskakuca.me\/me\/kreativne-zene-crne-gore-predstavljaju-evropska-muzika-crnogorske-kulturne-diplomatije\/","name":"Kreativne \u017eene Crne Gore predstavljaju: \u201cEvropska muzika crnogorske kulturne diplomatije\u201d - Europe House","isPartOf":{"@id":"https:\/\/www.evropskakuca.me\/me\/#website"},"primaryImageOfPage":{"@id":"https:\/\/www.evropskakuca.me\/me\/kreativne-zene-crne-gore-predstavljaju-evropska-muzika-crnogorske-kulturne-diplomatije\/#primaryimage"},"image":{"@id":"https:\/\/www.evropskakuca.me\/me\/kreativne-zene-crne-gore-predstavljaju-evropska-muzika-crnogorske-kulturne-diplomatije\/#primaryimage"},"thumbnailUrl":"https:\/\/evropskakuca.me\/wp-content\/uploads\/2023\/09\/evropska-muzika-1-1-1024x576.jpg","datePublished":"2023-09-26T11:18:19+00:00","breadcrumb":{"@id":"https:\/\/www.evropskakuca.me\/me\/kreativne-zene-crne-gore-predstavljaju-evropska-muzika-crnogorske-kulturne-diplomatije\/#breadcrumb"},"inLanguage":"me-ME","potentialAction":[{"@type":"ReadAction","target":["https:\/\/www.evropskakuca.me\/me\/kreativne-zene-crne-gore-predstavljaju-evropska-muzika-crnogorske-kulturne-diplomatije\/"]}]},{"@type":"ImageObject","inLanguage":"me-ME","@id":"https:\/\/www.evropskakuca.me\/me\/kreativne-zene-crne-gore-predstavljaju-evropska-muzika-crnogorske-kulturne-diplomatije\/#primaryimage","url":"https:\/\/evropskakuca.me\/wp-content\/uploads\/2023\/09\/evropska-muzika-1-1-1024x576.jpg","contentUrl":"https:\/\/evropskakuca.me\/wp-content\/uploads\/2023\/09\/evropska-muzika-1-1-1024x576.jpg"},{"@type":"BreadcrumbList","@id":"https:\/\/www.evropskakuca.me\/me\/kreativne-zene-crne-gore-predstavljaju-evropska-muzika-crnogorske-kulturne-diplomatije\/#breadcrumb","itemListElement":[{"@type":"ListItem","position":1,"name":"Home","item":"https:\/\/www.evropskakuca.me\/me\/"},{"@type":"ListItem","position":2,"name":"Kreativne \u017eene Crne Gore predstavljaju: \u201cEvropska muzika crnogorske kulturne diplomatije\u201d"}]},{"@type":"WebSite","@id":"https:\/\/www.evropskakuca.me\/me\/#website","url":"https:\/\/www.evropskakuca.me\/me\/","name":"Evropean house","description":"","publisher":{"@id":"https:\/\/www.evropskakuca.me\/me\/#organization"},"potentialAction":[{"@type":"SearchAction","target":{"@type":"EntryPoint","urlTemplate":"https:\/\/www.evropskakuca.me\/me\/?s={search_term_string}"},"query-input":{"@type":"PropertyValueSpecification","valueRequired":true,"valueName":"search_term_string"}}],"inLanguage":"me-ME"},{"@type":"Organization","@id":"https:\/\/www.evropskakuca.me\/me\/#organization","name":"Evropean house","url":"https:\/\/www.evropskakuca.me\/me\/","logo":{"@type":"ImageObject","inLanguage":"me-ME","@id":"https:\/\/www.evropskakuca.me\/me\/#\/schema\/logo\/image\/","url":"https:\/\/www.evropskakuca.me\/wp-content\/uploads\/2025\/01\/evropska-kuca-logo-1.png","contentUrl":"https:\/\/www.evropskakuca.me\/wp-content\/uploads\/2025\/01\/evropska-kuca-logo-1.png","width":425,"height":312,"caption":"Evropean house"},"image":{"@id":"https:\/\/www.evropskakuca.me\/me\/#\/schema\/logo\/image\/"},"sameAs":["https:\/\/www.facebook.com\/evropska.kuca","https:\/\/x.com\/evropska_kuca","https:\/\/www.instagram.com\/evropska_kuca"]},{"@type":"Person","@id":"https:\/\/www.evropskakuca.me\/me\/#\/schema\/person\/a1d0dcdaefe4a1cd1d60d200ea137ba4","name":"mkajic","image":{"@type":"ImageObject","inLanguage":"me-ME","@id":"https:\/\/secure.gravatar.com\/avatar\/731fa035cefab7316e6bafd1f25a93fb731a07de14e2d9923f8db4422628eabc?s=96&d=mm&r=g","url":"https:\/\/secure.gravatar.com\/avatar\/731fa035cefab7316e6bafd1f25a93fb731a07de14e2d9923f8db4422628eabc?s=96&d=mm&r=g","contentUrl":"https:\/\/secure.gravatar.com\/avatar\/731fa035cefab7316e6bafd1f25a93fb731a07de14e2d9923f8db4422628eabc?s=96&d=mm&r=g","caption":"mkajic"},"sameAs":["https:\/\/evropskakuca.me"],"url":"https:\/\/www.evropskakuca.me\/me\/author\/mkajic\/"}]}},"_links":{"self":[{"href":"https:\/\/www.evropskakuca.me\/me\/wp-json\/wp\/v2\/posts\/26772","targetHints":{"allow":["GET"]}}],"collection":[{"href":"https:\/\/www.evropskakuca.me\/me\/wp-json\/wp\/v2\/posts"}],"about":[{"href":"https:\/\/www.evropskakuca.me\/me\/wp-json\/wp\/v2\/types\/post"}],"author":[{"embeddable":true,"href":"https:\/\/www.evropskakuca.me\/me\/wp-json\/wp\/v2\/users\/1"}],"replies":[{"embeddable":true,"href":"https:\/\/www.evropskakuca.me\/me\/wp-json\/wp\/v2\/comments?post=26772"}],"version-history":[{"count":0,"href":"https:\/\/www.evropskakuca.me\/me\/wp-json\/wp\/v2\/posts\/26772\/revisions"}],"wp:attachment":[{"href":"https:\/\/www.evropskakuca.me\/me\/wp-json\/wp\/v2\/media?parent=26772"}],"wp:term":[{"taxonomy":"category","embeddable":true,"href":"https:\/\/www.evropskakuca.me\/me\/wp-json\/wp\/v2\/categories?post=26772"},{"taxonomy":"post_tag","embeddable":true,"href":"https:\/\/www.evropskakuca.me\/me\/wp-json\/wp\/v2\/tags?post=26772"}],"curies":[{"name":"wp","href":"https:\/\/api.w.org\/{rel}","templated":true}]}}