{"id":26693,"date":"2023-09-21T14:22:47","date_gmt":"2023-09-21T14:22:47","guid":{"rendered":"https:\/\/evropskakuca.me\/?p=26693"},"modified":"2023-09-21T14:22:47","modified_gmt":"2023-09-21T14:22:47","slug":"radionica-odrziva-urbana-mobilnost-novi-pristup-u-planiranju-saobracaja","status":"publish","type":"post","link":"https:\/\/www.evropskakuca.me\/me\/radionica-odrziva-urbana-mobilnost-novi-pristup-u-planiranju-saobracaja\/","title":{"rendered":"Radionica &#8220;Odr\u017eiva urbana mobilnost&#8221; &#8211; novi pristup u planiranju saobra\u0107aja"},"content":{"rendered":"<p><em><strong>\u201ePodgorica je savremeni grad, koji u fokusu ima \u010dovjeka i kvalitet \u017eivota svih gra\u0111ana. Saobra\u0107ajni sistem je efikasan i siguran, dostupan i pristupa\u010dan svima, socijalno pravedan, usmjeren ka za\u0161titi \u017eivotne sredine i aktivnim vidovima mobilnosti. Svi zajedno odlu\u010dno rade na pobolj\u0161anju nivoa kulture, zdravlja i zadovoljstva svakog stanovnika.\u201c<\/strong><\/em><\/p>\n<p style=\"text-align: center;\"><strong>Da li je ovo budu\u0107a stvarnost ili je jo\u0161 uvijek samo vizija koju dijelimo? <\/strong><\/p>\n<p style=\"text-align: left;\">To je pitanje na koje su <strong>NVO Biciklo.me<\/strong> u saradnji sa <strong>Glavnim gradom<\/strong> i <strong>Evropskom ku\u0107om<\/strong>\u00a0 poku\u0161ali odgovoriti tokom radionice pod nazivom <strong><em>Odr\u017eiva urbana mobilnost <\/em><\/strong>kojoj su prisustvovali\u00a0 odbornici lokalnog parlamenta kao i predstavnici gradske uprave.<\/p>\n<p><img fetchpriority=\"high\" decoding=\"async\" class=\"alignnone size-large wp-image-26698\" src=\"https:\/\/evropskakuca.me\/wp-content\/uploads\/2023\/09\/FRO_7813-1024x683.jpg\" alt=\"\" width=\"1024\" height=\"683\" \/><\/p>\n<p style=\"text-align: left;\">Ova radionica odr\u017eana je u okviru <em>Evropske nedjelje mobilnosti<\/em>,\u00a0 koja se obilje\u017eava u\u00a0 periodu od 16. do 22. septembra.<\/p>\n<p>\u201eRadionica je sprovedena u okviru projekta <strong>SUMP-UP<\/strong>. Na\u0161a uloga je da Glavnom gradu pomognemo da unaprijedi primjenu plana Odr\u017eive urbane mobilnosti. SUMP-UP se sprovodi u okviru jednog \u0161ireg projekta koji se zove <strong><a href=\"https:\/\/smartbalkansproject.org\/me\/grantovi-me\/grantovi-crna-gora\/sump-up\/\">Smart Balkan<\/a><\/strong> i koji je finansiran od strane Ministarstva vanjskih poslova Kraljevine Norve\u0161ke\u201c \u2500 istakao je <strong>Stefan Bulatovi\u0107<\/strong> iz NVO Biciklo.me.<\/p>\n<p><img decoding=\"async\" class=\"alignnone size-large wp-image-26700\" src=\"https:\/\/evropskakuca.me\/wp-content\/uploads\/2023\/09\/FRO_7938-1024x683.jpg\" alt=\"\" width=\"1024\" height=\"683\" \/><\/p>\n<p style=\"text-align: center;\"><strong>\u0160ta je to Odr\u017eiva urbana mobilnost?<\/strong><\/p>\n<p style=\"text-align: left;\">To je plan koji je Glavni grad usvojio u februaru 2020. godine, njegova priprema je trajala godinu dana.<\/p>\n<blockquote><p>Odr\u017eiva urbana mobilnost predstavlja novi princip u planiranju saobra\u0107aja koji ima zadatak da zadovolji potrebe za kretanjem svih gra\u0111ana i obezbijedi dostupnost razli\u010ditim djelatnostima na odr\u017eiv na\u010din. Do sada su i saobra\u0107aj i ulice i arhitektura gradova bili podre\u0111eni automobilima. Ovim planom mijenja se dosada\u0161nji fokus i u sredi\u0161te se postavlja \u010dovjek i odr\u017eivi na\u010dini u\u010destvovanja u saobra\u0107aju (biciklo, trotinet, pje\u0161a\u010denje&#8230;)<\/p><\/blockquote>\n\n<p style=\"text-align: center;\"><strong>Za\u0161to se uvodi ovaj novi pristup planiranju saobra\u0107aja?<\/strong><\/p>\n<p style=\"text-align: left;\">\u201eImamo ogroman broj automobila i veliki problem sa saobra\u0107ajnim gu\u017evama, to je ne\u0161to \u0161to poga\u0111a svakog gra\u0111anina i uti\u010de na njegov kvalitet \u017eivota\u201c \u2500 dodaje Bulatovi\u0107.<\/p>\n<p>On je izme\u0111u ostalog kazao da je problem saobra\u0107ajne gu\u017eve jedan od najve\u0107ih problema sa kojim se danas suo\u010dava svaka urbana sredina. Vrijeme putovanja je pove\u0107ano kao i zaga\u0111enost vazduha. Sve su to razlozi zbog kojih je bila potrebna izrada plana.<\/p>\n<p>Plan Odr\u017eive urbane mobilnosti Podgorice po\u010diva na pet stubova:<\/p>\n<ul>\n<li>Sveobuhvatno planiranje odr\u017eive urbane mobilnosti<\/li>\n<li>Racionalizacija upotrebe putni\u010dkih automobila<\/li>\n<li>Modernizacija i popularizacija javnog gradskog prevoza<\/li>\n<li>Povratak pje\u0161a\u010denju kao najzdravijem na\u010dinu mobilnosti<\/li>\n<\/ul>\n<p>\u201eIzrada ovog plana bio je jedan proces koji je bio istinski participativan i mi kao NVO smo bili od po\u010detka uklju\u010deni. Tako\u0111e bili smo i dio radne grupe koja je na kraju i donijela taj plan\u201c \u2500 kazao je <strong>Bla\u017eo Crvenica<\/strong> iz NVO Biciklo.me.<\/p>\n<p><img decoding=\"async\" class=\"alignnone size-large wp-image-26708\" src=\"https:\/\/evropskakuca.me\/wp-content\/uploads\/2023\/09\/FRO_7809-1024x683.jpg\" alt=\"\" width=\"1024\" height=\"683\" \/><\/p>\n<p>Kako dodaje Crvenica zna\u010dajno je ista\u0107i da gotovo nema grada u Evropi od 100 000 stanovnika koji nema plan Odr\u017eive urbane mobilnosti.<\/p>\n<p>\u201eTo je jednostavno novi na\u010din na koji razmi\u0161ljamo o prostoru u samom gradu, promjena svijesti da taj prostor vi\u0161e nije podre\u0111en isklju\u010divo motornim vozilima ve\u0107 i svim ostalim u\u010desnicima u saobra\u0107aju. Na taj na\u010din unaprijedi\u0107e se kvalitet \u017eivota\u201c zaklju\u010dio je Crvenica.<\/p>\n\n<p>U okviru radionice razmijenjena su mi\u0161ljenja i iskustva svih u\u010desnika i prezentovane su dobre prakse evropskih gradova.<\/p>\n<blockquote><p>Ljubljana je zapo\u010dela zelenu transformaciju 2007 godine, a 2016. godine dobila je status <strong>Zelene prijestonice Evrope<\/strong>.<\/p><\/blockquote>\n<p><img loading=\"lazy\" decoding=\"async\" class=\"alignnone size-large wp-image-26721\" src=\"https:\/\/evropskakuca.me\/wp-content\/uploads\/2023\/09\/FRO_8037-1024x683.jpg\" alt=\"\" width=\"1024\" height=\"683\" \/><\/p>\n<p>Nakon radionice Savjetnica za me\u0111unarodne projekte u Slu\u017ebi za me\u0111unarodnu saradnju glavnog grada Podgorice, <strong>Teodora Kusovac<\/strong>, predstavila je rezultate projekta <strong>TRIBUTE<\/strong>, finansiranog iz <strong>EU programa saradnje u Jadransko-jonskoj regiji \u2500 ADRION<\/strong>, u okviru kojeg je formirana mre\u017ea za tra\u017eenje najboljih odgovora na izazove Odr\u017eive urbane mobilnosti u Podgorici.<\/p>\n\n","protected":false},"excerpt":{"rendered":"<p>\u201ePodgorica je savremeni grad, koji u fokusu ima \u010dovjeka i kvalitet \u017eivota svih gra\u0111ana. Saobra\u0107ajni sistem je efikasan i siguran, dostupan i pristupa\u010dan svima, socijalno pravedan, usmjeren ka za\u0161titi \u017eivotne sredine i aktivnim vidovima mobilnosti. Svi zajedno odlu\u010dno rade na pobolj\u0161anju nivoa kulture, zdravlja i zadovoljstva svakog stanovnika.\u201c Da li je ovo budu\u0107a stvarnost ili [&hellip;]<\/p>\n","protected":false},"author":1,"featured_media":0,"comment_status":"closed","ping_status":"closed","sticky":false,"template":"","format":"standard","meta":{"_acf_changed":false,"footnotes":""},"categories":[],"tags":[],"class_list":["post-26693","post","type-post","status-publish","format-standard","hentry"],"acf":[],"yoast_head":"<!-- This site is optimized with the Yoast SEO plugin v27.3 - https:\/\/yoast.com\/product\/yoast-seo-wordpress\/ -->\n<title>Radionica &quot;Odr\u017eiva urbana mobilnost&quot; - novi pristup u planiranju saobra\u0107aja - Europe House<\/title>\n<meta name=\"robots\" content=\"index, follow, max-snippet:-1, max-image-preview:large, max-video-preview:-1\" \/>\n<link rel=\"canonical\" href=\"https:\/\/www.evropskakuca.me\/me\/radionica-odrziva-urbana-mobilnost-novi-pristup-u-planiranju-saobracaja\/\" \/>\n<meta property=\"og:locale\" content=\"en_US\" \/>\n<meta property=\"og:type\" content=\"article\" \/>\n<meta property=\"og:title\" content=\"Radionica &quot;Odr\u017eiva urbana mobilnost&quot; - novi pristup u planiranju saobra\u0107aja - Europe House\" \/>\n<meta property=\"og:description\" content=\"\u201ePodgorica je savremeni grad, koji u fokusu ima \u010dovjeka i kvalitet \u017eivota svih gra\u0111ana. Saobra\u0107ajni sistem je efikasan i siguran, dostupan i pristupa\u010dan svima, socijalno pravedan, usmjeren ka za\u0161titi \u017eivotne sredine i aktivnim vidovima mobilnosti. Svi zajedno odlu\u010dno rade na pobolj\u0161anju nivoa kulture, zdravlja i zadovoljstva svakog stanovnika.\u201c Da li je ovo budu\u0107a stvarnost ili [&hellip;]\" \/>\n<meta property=\"og:url\" content=\"https:\/\/www.evropskakuca.me\/me\/radionica-odrziva-urbana-mobilnost-novi-pristup-u-planiranju-saobracaja\/\" \/>\n<meta property=\"og:site_name\" content=\"Europe House\" \/>\n<meta property=\"article:publisher\" content=\"https:\/\/www.facebook.com\/evropska.kuca\" \/>\n<meta property=\"article:published_time\" content=\"2023-09-21T14:22:47+00:00\" \/>\n<meta property=\"og:image\" content=\"https:\/\/evropskakuca.me\/wp-content\/uploads\/2023\/09\/FRO_7813-1024x683.jpg\" \/>\n<meta name=\"author\" content=\"mkajic\" \/>\n<meta name=\"twitter:card\" content=\"summary_large_image\" \/>\n<meta name=\"twitter:creator\" content=\"@evropska_kuca\" \/>\n<meta name=\"twitter:site\" content=\"@evropska_kuca\" \/>\n<meta name=\"twitter:label1\" content=\"Written by\" \/>\n\t<meta name=\"twitter:data1\" content=\"mkajic\" \/>\n\t<meta name=\"twitter:label2\" content=\"Est. reading time\" \/>\n\t<meta name=\"twitter:data2\" content=\"4 minutes\" \/>\n<script type=\"application\/ld+json\" class=\"yoast-schema-graph\">{\"@context\":\"https:\\\/\\\/schema.org\",\"@graph\":[{\"@type\":\"Article\",\"@id\":\"https:\\\/\\\/www.evropskakuca.me\\\/me\\\/radionica-odrziva-urbana-mobilnost-novi-pristup-u-planiranju-saobracaja\\\/#article\",\"isPartOf\":{\"@id\":\"https:\\\/\\\/www.evropskakuca.me\\\/me\\\/radionica-odrziva-urbana-mobilnost-novi-pristup-u-planiranju-saobracaja\\\/\"},\"author\":{\"name\":\"mkajic\",\"@id\":\"https:\\\/\\\/www.evropskakuca.me\\\/me\\\/#\\\/schema\\\/person\\\/a1d0dcdaefe4a1cd1d60d200ea137ba4\"},\"headline\":\"Radionica &#8220;Odr\u017eiva urbana mobilnost&#8221; &#8211; novi pristup u planiranju saobra\u0107aja\",\"datePublished\":\"2023-09-21T14:22:47+00:00\",\"mainEntityOfPage\":{\"@id\":\"https:\\\/\\\/www.evropskakuca.me\\\/me\\\/radionica-odrziva-urbana-mobilnost-novi-pristup-u-planiranju-saobracaja\\\/\"},\"wordCount\":644,\"publisher\":{\"@id\":\"https:\\\/\\\/www.evropskakuca.me\\\/me\\\/#organization\"},\"image\":{\"@id\":\"https:\\\/\\\/www.evropskakuca.me\\\/me\\\/radionica-odrziva-urbana-mobilnost-novi-pristup-u-planiranju-saobracaja\\\/#primaryimage\"},\"thumbnailUrl\":\"https:\\\/\\\/evropskakuca.me\\\/wp-content\\\/uploads\\\/2023\\\/09\\\/FRO_7813-1024x683.jpg\",\"inLanguage\":\"me-ME\"},{\"@type\":\"WebPage\",\"@id\":\"https:\\\/\\\/www.evropskakuca.me\\\/me\\\/radionica-odrziva-urbana-mobilnost-novi-pristup-u-planiranju-saobracaja\\\/\",\"url\":\"https:\\\/\\\/www.evropskakuca.me\\\/me\\\/radionica-odrziva-urbana-mobilnost-novi-pristup-u-planiranju-saobracaja\\\/\",\"name\":\"Radionica \\\"Odr\u017eiva urbana mobilnost\\\" - novi pristup u planiranju saobra\u0107aja - Europe House\",\"isPartOf\":{\"@id\":\"https:\\\/\\\/www.evropskakuca.me\\\/me\\\/#website\"},\"primaryImageOfPage\":{\"@id\":\"https:\\\/\\\/www.evropskakuca.me\\\/me\\\/radionica-odrziva-urbana-mobilnost-novi-pristup-u-planiranju-saobracaja\\\/#primaryimage\"},\"image\":{\"@id\":\"https:\\\/\\\/www.evropskakuca.me\\\/me\\\/radionica-odrziva-urbana-mobilnost-novi-pristup-u-planiranju-saobracaja\\\/#primaryimage\"},\"thumbnailUrl\":\"https:\\\/\\\/evropskakuca.me\\\/wp-content\\\/uploads\\\/2023\\\/09\\\/FRO_7813-1024x683.jpg\",\"datePublished\":\"2023-09-21T14:22:47+00:00\",\"breadcrumb\":{\"@id\":\"https:\\\/\\\/www.evropskakuca.me\\\/me\\\/radionica-odrziva-urbana-mobilnost-novi-pristup-u-planiranju-saobracaja\\\/#breadcrumb\"},\"inLanguage\":\"me-ME\",\"potentialAction\":[{\"@type\":\"ReadAction\",\"target\":[\"https:\\\/\\\/www.evropskakuca.me\\\/me\\\/radionica-odrziva-urbana-mobilnost-novi-pristup-u-planiranju-saobracaja\\\/\"]}]},{\"@type\":\"ImageObject\",\"inLanguage\":\"me-ME\",\"@id\":\"https:\\\/\\\/www.evropskakuca.me\\\/me\\\/radionica-odrziva-urbana-mobilnost-novi-pristup-u-planiranju-saobracaja\\\/#primaryimage\",\"url\":\"https:\\\/\\\/evropskakuca.me\\\/wp-content\\\/uploads\\\/2023\\\/09\\\/FRO_7813-1024x683.jpg\",\"contentUrl\":\"https:\\\/\\\/evropskakuca.me\\\/wp-content\\\/uploads\\\/2023\\\/09\\\/FRO_7813-1024x683.jpg\"},{\"@type\":\"BreadcrumbList\",\"@id\":\"https:\\\/\\\/www.evropskakuca.me\\\/me\\\/radionica-odrziva-urbana-mobilnost-novi-pristup-u-planiranju-saobracaja\\\/#breadcrumb\",\"itemListElement\":[{\"@type\":\"ListItem\",\"position\":1,\"name\":\"Home\",\"item\":\"https:\\\/\\\/www.evropskakuca.me\\\/me\\\/\"},{\"@type\":\"ListItem\",\"position\":2,\"name\":\"Radionica &#8220;Odr\u017eiva urbana mobilnost&#8221; &#8211; novi pristup u planiranju saobra\u0107aja\"}]},{\"@type\":\"WebSite\",\"@id\":\"https:\\\/\\\/www.evropskakuca.me\\\/me\\\/#website\",\"url\":\"https:\\\/\\\/www.evropskakuca.me\\\/me\\\/\",\"name\":\"Evropean house\",\"description\":\"\",\"publisher\":{\"@id\":\"https:\\\/\\\/www.evropskakuca.me\\\/me\\\/#organization\"},\"potentialAction\":[{\"@type\":\"SearchAction\",\"target\":{\"@type\":\"EntryPoint\",\"urlTemplate\":\"https:\\\/\\\/www.evropskakuca.me\\\/me\\\/?s={search_term_string}\"},\"query-input\":{\"@type\":\"PropertyValueSpecification\",\"valueRequired\":true,\"valueName\":\"search_term_string\"}}],\"inLanguage\":\"me-ME\"},{\"@type\":\"Organization\",\"@id\":\"https:\\\/\\\/www.evropskakuca.me\\\/me\\\/#organization\",\"name\":\"Evropean house\",\"url\":\"https:\\\/\\\/www.evropskakuca.me\\\/me\\\/\",\"logo\":{\"@type\":\"ImageObject\",\"inLanguage\":\"me-ME\",\"@id\":\"https:\\\/\\\/www.evropskakuca.me\\\/me\\\/#\\\/schema\\\/logo\\\/image\\\/\",\"url\":\"https:\\\/\\\/www.evropskakuca.me\\\/wp-content\\\/uploads\\\/2025\\\/01\\\/evropska-kuca-logo-1.png\",\"contentUrl\":\"https:\\\/\\\/www.evropskakuca.me\\\/wp-content\\\/uploads\\\/2025\\\/01\\\/evropska-kuca-logo-1.png\",\"width\":425,\"height\":312,\"caption\":\"Evropean house\"},\"image\":{\"@id\":\"https:\\\/\\\/www.evropskakuca.me\\\/me\\\/#\\\/schema\\\/logo\\\/image\\\/\"},\"sameAs\":[\"https:\\\/\\\/www.facebook.com\\\/evropska.kuca\",\"https:\\\/\\\/x.com\\\/evropska_kuca\",\"https:\\\/\\\/www.instagram.com\\\/evropska_kuca\"]},{\"@type\":\"Person\",\"@id\":\"https:\\\/\\\/www.evropskakuca.me\\\/me\\\/#\\\/schema\\\/person\\\/a1d0dcdaefe4a1cd1d60d200ea137ba4\",\"name\":\"mkajic\",\"image\":{\"@type\":\"ImageObject\",\"inLanguage\":\"me-ME\",\"@id\":\"https:\\\/\\\/secure.gravatar.com\\\/avatar\\\/731fa035cefab7316e6bafd1f25a93fb731a07de14e2d9923f8db4422628eabc?s=96&d=mm&r=g\",\"url\":\"https:\\\/\\\/secure.gravatar.com\\\/avatar\\\/731fa035cefab7316e6bafd1f25a93fb731a07de14e2d9923f8db4422628eabc?s=96&d=mm&r=g\",\"contentUrl\":\"https:\\\/\\\/secure.gravatar.com\\\/avatar\\\/731fa035cefab7316e6bafd1f25a93fb731a07de14e2d9923f8db4422628eabc?s=96&d=mm&r=g\",\"caption\":\"mkajic\"},\"sameAs\":[\"https:\\\/\\\/evropskakuca.me\"],\"url\":\"https:\\\/\\\/www.evropskakuca.me\\\/me\\\/author\\\/mkajic\\\/\"}]}<\/script>\n<!-- \/ Yoast SEO plugin. -->","yoast_head_json":{"title":"Radionica \"Odr\u017eiva urbana mobilnost\" - novi pristup u planiranju saobra\u0107aja - Europe House","robots":{"index":"index","follow":"follow","max-snippet":"max-snippet:-1","max-image-preview":"max-image-preview:large","max-video-preview":"max-video-preview:-1"},"canonical":"https:\/\/www.evropskakuca.me\/me\/radionica-odrziva-urbana-mobilnost-novi-pristup-u-planiranju-saobracaja\/","og_locale":"en_US","og_type":"article","og_title":"Radionica \"Odr\u017eiva urbana mobilnost\" - novi pristup u planiranju saobra\u0107aja - Europe House","og_description":"\u201ePodgorica je savremeni grad, koji u fokusu ima \u010dovjeka i kvalitet \u017eivota svih gra\u0111ana. Saobra\u0107ajni sistem je efikasan i siguran, dostupan i pristupa\u010dan svima, socijalno pravedan, usmjeren ka za\u0161titi \u017eivotne sredine i aktivnim vidovima mobilnosti. Svi zajedno odlu\u010dno rade na pobolj\u0161anju nivoa kulture, zdravlja i zadovoljstva svakog stanovnika.\u201c Da li je ovo budu\u0107a stvarnost ili [&hellip;]","og_url":"https:\/\/www.evropskakuca.me\/me\/radionica-odrziva-urbana-mobilnost-novi-pristup-u-planiranju-saobracaja\/","og_site_name":"Europe House","article_publisher":"https:\/\/www.facebook.com\/evropska.kuca","article_published_time":"2023-09-21T14:22:47+00:00","og_image":[{"url":"https:\/\/evropskakuca.me\/wp-content\/uploads\/2023\/09\/FRO_7813-1024x683.jpg","type":"","width":"","height":""}],"author":"mkajic","twitter_card":"summary_large_image","twitter_creator":"@evropska_kuca","twitter_site":"@evropska_kuca","twitter_misc":{"Written by":"mkajic","Est. reading time":"4 minutes"},"schema":{"@context":"https:\/\/schema.org","@graph":[{"@type":"Article","@id":"https:\/\/www.evropskakuca.me\/me\/radionica-odrziva-urbana-mobilnost-novi-pristup-u-planiranju-saobracaja\/#article","isPartOf":{"@id":"https:\/\/www.evropskakuca.me\/me\/radionica-odrziva-urbana-mobilnost-novi-pristup-u-planiranju-saobracaja\/"},"author":{"name":"mkajic","@id":"https:\/\/www.evropskakuca.me\/me\/#\/schema\/person\/a1d0dcdaefe4a1cd1d60d200ea137ba4"},"headline":"Radionica &#8220;Odr\u017eiva urbana mobilnost&#8221; &#8211; novi pristup u planiranju saobra\u0107aja","datePublished":"2023-09-21T14:22:47+00:00","mainEntityOfPage":{"@id":"https:\/\/www.evropskakuca.me\/me\/radionica-odrziva-urbana-mobilnost-novi-pristup-u-planiranju-saobracaja\/"},"wordCount":644,"publisher":{"@id":"https:\/\/www.evropskakuca.me\/me\/#organization"},"image":{"@id":"https:\/\/www.evropskakuca.me\/me\/radionica-odrziva-urbana-mobilnost-novi-pristup-u-planiranju-saobracaja\/#primaryimage"},"thumbnailUrl":"https:\/\/evropskakuca.me\/wp-content\/uploads\/2023\/09\/FRO_7813-1024x683.jpg","inLanguage":"me-ME"},{"@type":"WebPage","@id":"https:\/\/www.evropskakuca.me\/me\/radionica-odrziva-urbana-mobilnost-novi-pristup-u-planiranju-saobracaja\/","url":"https:\/\/www.evropskakuca.me\/me\/radionica-odrziva-urbana-mobilnost-novi-pristup-u-planiranju-saobracaja\/","name":"Radionica \"Odr\u017eiva urbana mobilnost\" - novi pristup u planiranju saobra\u0107aja - Europe House","isPartOf":{"@id":"https:\/\/www.evropskakuca.me\/me\/#website"},"primaryImageOfPage":{"@id":"https:\/\/www.evropskakuca.me\/me\/radionica-odrziva-urbana-mobilnost-novi-pristup-u-planiranju-saobracaja\/#primaryimage"},"image":{"@id":"https:\/\/www.evropskakuca.me\/me\/radionica-odrziva-urbana-mobilnost-novi-pristup-u-planiranju-saobracaja\/#primaryimage"},"thumbnailUrl":"https:\/\/evropskakuca.me\/wp-content\/uploads\/2023\/09\/FRO_7813-1024x683.jpg","datePublished":"2023-09-21T14:22:47+00:00","breadcrumb":{"@id":"https:\/\/www.evropskakuca.me\/me\/radionica-odrziva-urbana-mobilnost-novi-pristup-u-planiranju-saobracaja\/#breadcrumb"},"inLanguage":"me-ME","potentialAction":[{"@type":"ReadAction","target":["https:\/\/www.evropskakuca.me\/me\/radionica-odrziva-urbana-mobilnost-novi-pristup-u-planiranju-saobracaja\/"]}]},{"@type":"ImageObject","inLanguage":"me-ME","@id":"https:\/\/www.evropskakuca.me\/me\/radionica-odrziva-urbana-mobilnost-novi-pristup-u-planiranju-saobracaja\/#primaryimage","url":"https:\/\/evropskakuca.me\/wp-content\/uploads\/2023\/09\/FRO_7813-1024x683.jpg","contentUrl":"https:\/\/evropskakuca.me\/wp-content\/uploads\/2023\/09\/FRO_7813-1024x683.jpg"},{"@type":"BreadcrumbList","@id":"https:\/\/www.evropskakuca.me\/me\/radionica-odrziva-urbana-mobilnost-novi-pristup-u-planiranju-saobracaja\/#breadcrumb","itemListElement":[{"@type":"ListItem","position":1,"name":"Home","item":"https:\/\/www.evropskakuca.me\/me\/"},{"@type":"ListItem","position":2,"name":"Radionica &#8220;Odr\u017eiva urbana mobilnost&#8221; &#8211; novi pristup u planiranju saobra\u0107aja"}]},{"@type":"WebSite","@id":"https:\/\/www.evropskakuca.me\/me\/#website","url":"https:\/\/www.evropskakuca.me\/me\/","name":"Evropean house","description":"","publisher":{"@id":"https:\/\/www.evropskakuca.me\/me\/#organization"},"potentialAction":[{"@type":"SearchAction","target":{"@type":"EntryPoint","urlTemplate":"https:\/\/www.evropskakuca.me\/me\/?s={search_term_string}"},"query-input":{"@type":"PropertyValueSpecification","valueRequired":true,"valueName":"search_term_string"}}],"inLanguage":"me-ME"},{"@type":"Organization","@id":"https:\/\/www.evropskakuca.me\/me\/#organization","name":"Evropean house","url":"https:\/\/www.evropskakuca.me\/me\/","logo":{"@type":"ImageObject","inLanguage":"me-ME","@id":"https:\/\/www.evropskakuca.me\/me\/#\/schema\/logo\/image\/","url":"https:\/\/www.evropskakuca.me\/wp-content\/uploads\/2025\/01\/evropska-kuca-logo-1.png","contentUrl":"https:\/\/www.evropskakuca.me\/wp-content\/uploads\/2025\/01\/evropska-kuca-logo-1.png","width":425,"height":312,"caption":"Evropean house"},"image":{"@id":"https:\/\/www.evropskakuca.me\/me\/#\/schema\/logo\/image\/"},"sameAs":["https:\/\/www.facebook.com\/evropska.kuca","https:\/\/x.com\/evropska_kuca","https:\/\/www.instagram.com\/evropska_kuca"]},{"@type":"Person","@id":"https:\/\/www.evropskakuca.me\/me\/#\/schema\/person\/a1d0dcdaefe4a1cd1d60d200ea137ba4","name":"mkajic","image":{"@type":"ImageObject","inLanguage":"me-ME","@id":"https:\/\/secure.gravatar.com\/avatar\/731fa035cefab7316e6bafd1f25a93fb731a07de14e2d9923f8db4422628eabc?s=96&d=mm&r=g","url":"https:\/\/secure.gravatar.com\/avatar\/731fa035cefab7316e6bafd1f25a93fb731a07de14e2d9923f8db4422628eabc?s=96&d=mm&r=g","contentUrl":"https:\/\/secure.gravatar.com\/avatar\/731fa035cefab7316e6bafd1f25a93fb731a07de14e2d9923f8db4422628eabc?s=96&d=mm&r=g","caption":"mkajic"},"sameAs":["https:\/\/evropskakuca.me"],"url":"https:\/\/www.evropskakuca.me\/me\/author\/mkajic\/"}]}},"_links":{"self":[{"href":"https:\/\/www.evropskakuca.me\/me\/wp-json\/wp\/v2\/posts\/26693","targetHints":{"allow":["GET"]}}],"collection":[{"href":"https:\/\/www.evropskakuca.me\/me\/wp-json\/wp\/v2\/posts"}],"about":[{"href":"https:\/\/www.evropskakuca.me\/me\/wp-json\/wp\/v2\/types\/post"}],"author":[{"embeddable":true,"href":"https:\/\/www.evropskakuca.me\/me\/wp-json\/wp\/v2\/users\/1"}],"replies":[{"embeddable":true,"href":"https:\/\/www.evropskakuca.me\/me\/wp-json\/wp\/v2\/comments?post=26693"}],"version-history":[{"count":0,"href":"https:\/\/www.evropskakuca.me\/me\/wp-json\/wp\/v2\/posts\/26693\/revisions"}],"wp:attachment":[{"href":"https:\/\/www.evropskakuca.me\/me\/wp-json\/wp\/v2\/media?parent=26693"}],"wp:term":[{"taxonomy":"category","embeddable":true,"href":"https:\/\/www.evropskakuca.me\/me\/wp-json\/wp\/v2\/categories?post=26693"},{"taxonomy":"post_tag","embeddable":true,"href":"https:\/\/www.evropskakuca.me\/me\/wp-json\/wp\/v2\/tags?post=26693"}],"curies":[{"name":"wp","href":"https:\/\/api.w.org\/{rel}","templated":true}]}}