{"id":26620,"date":"2023-09-14T11:22:39","date_gmt":"2023-09-14T11:22:39","guid":{"rendered":"https:\/\/evropskakuca.me\/?p=26620"},"modified":"2023-09-14T11:22:39","modified_gmt":"2023-09-14T11:22:39","slug":"novi-podsticaj-saradnji-u-oblasti-juznog-jadrana-kroz-fondove-eu","status":"publish","type":"post","link":"https:\/\/www.evropskakuca.me\/me\/novi-podsticaj-saradnji-u-oblasti-juznog-jadrana-kroz-fondove-eu\/","title":{"rendered":"Novi podsticaj saradnji u oblasti Ju\u017enog Jadrana kroz fondove EU"},"content":{"rendered":"<p>Kroz projekte finansirane putem trilateralnog <strong>Interreg IPA programa prekograni\u010dne saradnje Italija \u2013 Albanija \u2013 Crna Gora 2014-2020<\/strong>, crnogorske institucije i organizacije iskoristile su oko 20 miliona eura bespovratnih sredstava EU, \u0161to predstavlja gotovo \u010detvrtinu ukupnih sredstava opredijeljenih kroz ovaj program u okviru finansijske perspektive IPA II.<\/p>\n<p>To je saop\u0161tio\u00a0<strong>Bojan<\/strong> <strong>Vujovi<\/strong><strong>\u0107<\/strong>, generalni direktor Direktorata za evropske fondove u Ministarstvu evropskih poslova Crne Gore, govore\u0107i na sve\u010danosti u Bariju povodom zavr\u0161etka pomenutog programa i po\u010detka novog programa prekograni\u010dne saradnje izme\u0111u Italije, Albanije i Crne Gore, koji nosi naziv Interreg IPA Ju\u017eni Jadran.<\/p>\n<p><img fetchpriority=\"high\" decoding=\"async\" class=\"alignnone size-full wp-image-26621 aligncenter\" src=\"https:\/\/evropskakuca.me\/wp-content\/uploads\/2023\/09\/Bari-Interreg-IPA-ITALME-1-768x576-1.jpg\" alt=\"\" width=\"768\" height=\"576\" \/><\/p>\n<blockquote><p>Na doga\u0111aju koji je bio otvoren za javnost, Vujovi\u0107 je istakao da se saradnja izme\u0111u italijanskih regija Pulja i Molize, Albanije i Crne Gore pokazala veoma uspje\u0161nom, jer je iznjedrila ukupno 101 projekat, od kojih je njih 86 uklju\u010dilo institucije i organizacije iz Crne Gore kao projektne partnere.<\/p><\/blockquote>\n<p>\u201eOvi projekti imali su za cilj rje\u0161avanje razli\u010ditih izazova u ovom regionu, po\u010dev od ja\u010danja konkurentnosti malih i srednjih preduze\u0107a, promocije turizma i kulture, unapre\u0111enja za\u0161tite \u017eivotne sredine i energetske efikasnosti i do razvoja odr\u017eivih saobra\u0107ajnih rje\u0161enja\u201c, kazao je Vujovi\u0107.<\/p>\n<p>Kako je dodao, tokom programskog okvira IPA III za period 2021-2027, u okviru programa Interreg IPA Ju\u017eni Jadran na raspolaganju \u0107e biti 81 milion eura sredstava Evropske unije, kojima \u0107e se podr\u017eati prekograni\u010dni projekti usmjereni na bolje dru\u0161tvo, ekonomiju, inovacije i istra\u017eivanje, \u017eivotnu sredinu i upravljanje.<\/p>\n<p><img decoding=\"async\" class=\"alignnone size-full wp-image-26623 aligncenter\" src=\"https:\/\/evropskakuca.me\/wp-content\/uploads\/2023\/09\/Bari-Interreg-IPA-ITALME-2-888x500-1.jpg\" alt=\"\" width=\"888\" height=\"500\" \/><\/p>\n<p>\u201eVeze izme\u0111u Italije, Albanije i Crne Gore su sna\u017ene i neraskidive. Ubije\u0111en sam da \u0107emo nastaviti da ih njegujemo i kroz novi program i zajedno radimo na izgradnji prosperiteta za sve nas koji \u017eivimo u dinami\u010dnom podru\u010dju Ju\u017enog Jadrana\u201c, poru\u010dio je Vujovi\u0107.<\/p>\n<blockquote><p>Na doga\u0111aju u Bariju, koji je odr\u017ean pod motom \u201eOd Italije, Albanije i Crne Gore do programa Interreg IPA Ju\u017eni Jadran\u201c, predstavljeno je i pet strate\u0161kih projekata, koji \u0107e institucije iz tri dr\u017eave sprovesti tokom programskog perioda 2021-2027.<\/p><\/blockquote>\n<p><strong>Crnogorske institucije bi\u0107e vode\u0107i partner na dva strate\u0161ka projekta<\/strong>. Ministarstvo kulture i medija bi\u0107e vode\u0107i partner u strate\u0161kom projektu \u201eKreativni Ju\u017eni Jadran\u201c, koji \u0107e se baviti razvojem kulture i kreativnih industrija, dok \u0107e Institut za biologiju mora Univerziteta Crne Gore biti vode\u0107i partner u strate\u0161kom projektu \u201eKompetentni Ju\u017eni Jadran\u201c, koji \u0107e se baviti razvojem kompetencija za plavu ekonomiju.<\/p>\n<p>Doga\u0111aj je zaklju\u010den najavom Poziva za standardne projekte, koji se o\u010dekuje do kraja 2023. godine.<\/p>\n","protected":false},"excerpt":{"rendered":"<p>Kroz projekte finansirane putem trilateralnog Interreg IPA programa prekograni\u010dne saradnje Italija \u2013 Albanija \u2013 Crna Gora 2014-2020, crnogorske institucije i organizacije iskoristile su oko 20 miliona eura bespovratnih sredstava EU, \u0161to predstavlja gotovo \u010detvrtinu ukupnih sredstava opredijeljenih kroz ovaj program u okviru finansijske perspektive IPA II. To je saop\u0161tio\u00a0Bojan Vujovi\u0107, generalni direktor Direktorata za evropske [&hellip;]<\/p>\n","protected":false},"author":1,"featured_media":0,"comment_status":"closed","ping_status":"closed","sticky":false,"template":"","format":"standard","meta":{"_acf_changed":false,"footnotes":""},"categories":[],"tags":[],"class_list":["post-26620","post","type-post","status-publish","format-standard","hentry"],"acf":[],"yoast_head":"<!-- This site is optimized with the Yoast SEO plugin v27.3 - https:\/\/yoast.com\/product\/yoast-seo-wordpress\/ -->\n<title>Novi podsticaj saradnji u oblasti Ju\u017enog Jadrana kroz fondove EU - Europe House<\/title>\n<meta name=\"robots\" content=\"index, follow, max-snippet:-1, max-image-preview:large, max-video-preview:-1\" \/>\n<link rel=\"canonical\" href=\"https:\/\/www.evropskakuca.me\/me\/novi-podsticaj-saradnji-u-oblasti-juznog-jadrana-kroz-fondove-eu\/\" \/>\n<meta property=\"og:locale\" content=\"en_US\" \/>\n<meta property=\"og:type\" content=\"article\" \/>\n<meta property=\"og:title\" content=\"Novi podsticaj saradnji u oblasti Ju\u017enog Jadrana kroz fondove EU - Europe House\" \/>\n<meta property=\"og:description\" content=\"Kroz projekte finansirane putem trilateralnog Interreg IPA programa prekograni\u010dne saradnje Italija \u2013 Albanija \u2013 Crna Gora 2014-2020, crnogorske institucije i organizacije iskoristile su oko 20 miliona eura bespovratnih sredstava EU, \u0161to predstavlja gotovo \u010detvrtinu ukupnih sredstava opredijeljenih kroz ovaj program u okviru finansijske perspektive IPA II. To je saop\u0161tio\u00a0Bojan Vujovi\u0107, generalni direktor Direktorata za evropske [&hellip;]\" \/>\n<meta property=\"og:url\" content=\"https:\/\/www.evropskakuca.me\/me\/novi-podsticaj-saradnji-u-oblasti-juznog-jadrana-kroz-fondove-eu\/\" \/>\n<meta property=\"og:site_name\" content=\"Europe House\" \/>\n<meta property=\"article:publisher\" content=\"https:\/\/www.facebook.com\/evropska.kuca\" \/>\n<meta property=\"article:published_time\" content=\"2023-09-14T11:22:39+00:00\" \/>\n<meta property=\"og:image\" content=\"https:\/\/evropskakuca.me\/wp-content\/uploads\/2023\/09\/Bari-Interreg-IPA-ITALME-1-768x576-1.jpg\" \/>\n<meta name=\"author\" content=\"mkajic\" \/>\n<meta name=\"twitter:card\" content=\"summary_large_image\" \/>\n<meta name=\"twitter:creator\" content=\"@evropska_kuca\" \/>\n<meta name=\"twitter:site\" content=\"@evropska_kuca\" \/>\n<meta name=\"twitter:label1\" content=\"Written by\" \/>\n\t<meta name=\"twitter:data1\" content=\"mkajic\" \/>\n\t<meta name=\"twitter:label2\" content=\"Est. reading time\" \/>\n\t<meta name=\"twitter:data2\" content=\"3 minutes\" \/>\n<script type=\"application\/ld+json\" class=\"yoast-schema-graph\">{\"@context\":\"https:\\\/\\\/schema.org\",\"@graph\":[{\"@type\":\"Article\",\"@id\":\"https:\\\/\\\/www.evropskakuca.me\\\/me\\\/novi-podsticaj-saradnji-u-oblasti-juznog-jadrana-kroz-fondove-eu\\\/#article\",\"isPartOf\":{\"@id\":\"https:\\\/\\\/www.evropskakuca.me\\\/me\\\/novi-podsticaj-saradnji-u-oblasti-juznog-jadrana-kroz-fondove-eu\\\/\"},\"author\":{\"name\":\"mkajic\",\"@id\":\"https:\\\/\\\/www.evropskakuca.me\\\/me\\\/#\\\/schema\\\/person\\\/a1d0dcdaefe4a1cd1d60d200ea137ba4\"},\"headline\":\"Novi podsticaj saradnji u oblasti Ju\u017enog Jadrana kroz fondove EU\",\"datePublished\":\"2023-09-14T11:22:39+00:00\",\"mainEntityOfPage\":{\"@id\":\"https:\\\/\\\/www.evropskakuca.me\\\/me\\\/novi-podsticaj-saradnji-u-oblasti-juznog-jadrana-kroz-fondove-eu\\\/\"},\"wordCount\":435,\"publisher\":{\"@id\":\"https:\\\/\\\/www.evropskakuca.me\\\/me\\\/#organization\"},\"image\":{\"@id\":\"https:\\\/\\\/www.evropskakuca.me\\\/me\\\/novi-podsticaj-saradnji-u-oblasti-juznog-jadrana-kroz-fondove-eu\\\/#primaryimage\"},\"thumbnailUrl\":\"https:\\\/\\\/evropskakuca.me\\\/wp-content\\\/uploads\\\/2023\\\/09\\\/Bari-Interreg-IPA-ITALME-1-768x576-1.jpg\",\"inLanguage\":\"me-ME\"},{\"@type\":\"WebPage\",\"@id\":\"https:\\\/\\\/www.evropskakuca.me\\\/me\\\/novi-podsticaj-saradnji-u-oblasti-juznog-jadrana-kroz-fondove-eu\\\/\",\"url\":\"https:\\\/\\\/www.evropskakuca.me\\\/me\\\/novi-podsticaj-saradnji-u-oblasti-juznog-jadrana-kroz-fondove-eu\\\/\",\"name\":\"Novi podsticaj saradnji u oblasti Ju\u017enog Jadrana kroz fondove EU - Europe House\",\"isPartOf\":{\"@id\":\"https:\\\/\\\/www.evropskakuca.me\\\/me\\\/#website\"},\"primaryImageOfPage\":{\"@id\":\"https:\\\/\\\/www.evropskakuca.me\\\/me\\\/novi-podsticaj-saradnji-u-oblasti-juznog-jadrana-kroz-fondove-eu\\\/#primaryimage\"},\"image\":{\"@id\":\"https:\\\/\\\/www.evropskakuca.me\\\/me\\\/novi-podsticaj-saradnji-u-oblasti-juznog-jadrana-kroz-fondove-eu\\\/#primaryimage\"},\"thumbnailUrl\":\"https:\\\/\\\/evropskakuca.me\\\/wp-content\\\/uploads\\\/2023\\\/09\\\/Bari-Interreg-IPA-ITALME-1-768x576-1.jpg\",\"datePublished\":\"2023-09-14T11:22:39+00:00\",\"breadcrumb\":{\"@id\":\"https:\\\/\\\/www.evropskakuca.me\\\/me\\\/novi-podsticaj-saradnji-u-oblasti-juznog-jadrana-kroz-fondove-eu\\\/#breadcrumb\"},\"inLanguage\":\"me-ME\",\"potentialAction\":[{\"@type\":\"ReadAction\",\"target\":[\"https:\\\/\\\/www.evropskakuca.me\\\/me\\\/novi-podsticaj-saradnji-u-oblasti-juznog-jadrana-kroz-fondove-eu\\\/\"]}]},{\"@type\":\"ImageObject\",\"inLanguage\":\"me-ME\",\"@id\":\"https:\\\/\\\/www.evropskakuca.me\\\/me\\\/novi-podsticaj-saradnji-u-oblasti-juznog-jadrana-kroz-fondove-eu\\\/#primaryimage\",\"url\":\"https:\\\/\\\/evropskakuca.me\\\/wp-content\\\/uploads\\\/2023\\\/09\\\/Bari-Interreg-IPA-ITALME-1-768x576-1.jpg\",\"contentUrl\":\"https:\\\/\\\/evropskakuca.me\\\/wp-content\\\/uploads\\\/2023\\\/09\\\/Bari-Interreg-IPA-ITALME-1-768x576-1.jpg\"},{\"@type\":\"BreadcrumbList\",\"@id\":\"https:\\\/\\\/www.evropskakuca.me\\\/me\\\/novi-podsticaj-saradnji-u-oblasti-juznog-jadrana-kroz-fondove-eu\\\/#breadcrumb\",\"itemListElement\":[{\"@type\":\"ListItem\",\"position\":1,\"name\":\"Home\",\"item\":\"https:\\\/\\\/www.evropskakuca.me\\\/me\\\/\"},{\"@type\":\"ListItem\",\"position\":2,\"name\":\"Novi podsticaj saradnji u oblasti Ju\u017enog Jadrana kroz fondove EU\"}]},{\"@type\":\"WebSite\",\"@id\":\"https:\\\/\\\/www.evropskakuca.me\\\/me\\\/#website\",\"url\":\"https:\\\/\\\/www.evropskakuca.me\\\/me\\\/\",\"name\":\"Evropean house\",\"description\":\"\",\"publisher\":{\"@id\":\"https:\\\/\\\/www.evropskakuca.me\\\/me\\\/#organization\"},\"potentialAction\":[{\"@type\":\"SearchAction\",\"target\":{\"@type\":\"EntryPoint\",\"urlTemplate\":\"https:\\\/\\\/www.evropskakuca.me\\\/me\\\/?s={search_term_string}\"},\"query-input\":{\"@type\":\"PropertyValueSpecification\",\"valueRequired\":true,\"valueName\":\"search_term_string\"}}],\"inLanguage\":\"me-ME\"},{\"@type\":\"Organization\",\"@id\":\"https:\\\/\\\/www.evropskakuca.me\\\/me\\\/#organization\",\"name\":\"Evropean house\",\"url\":\"https:\\\/\\\/www.evropskakuca.me\\\/me\\\/\",\"logo\":{\"@type\":\"ImageObject\",\"inLanguage\":\"me-ME\",\"@id\":\"https:\\\/\\\/www.evropskakuca.me\\\/me\\\/#\\\/schema\\\/logo\\\/image\\\/\",\"url\":\"https:\\\/\\\/www.evropskakuca.me\\\/wp-content\\\/uploads\\\/2025\\\/01\\\/evropska-kuca-logo-1.png\",\"contentUrl\":\"https:\\\/\\\/www.evropskakuca.me\\\/wp-content\\\/uploads\\\/2025\\\/01\\\/evropska-kuca-logo-1.png\",\"width\":425,\"height\":312,\"caption\":\"Evropean house\"},\"image\":{\"@id\":\"https:\\\/\\\/www.evropskakuca.me\\\/me\\\/#\\\/schema\\\/logo\\\/image\\\/\"},\"sameAs\":[\"https:\\\/\\\/www.facebook.com\\\/evropska.kuca\",\"https:\\\/\\\/x.com\\\/evropska_kuca\",\"https:\\\/\\\/www.instagram.com\\\/evropska_kuca\"]},{\"@type\":\"Person\",\"@id\":\"https:\\\/\\\/www.evropskakuca.me\\\/me\\\/#\\\/schema\\\/person\\\/a1d0dcdaefe4a1cd1d60d200ea137ba4\",\"name\":\"mkajic\",\"image\":{\"@type\":\"ImageObject\",\"inLanguage\":\"me-ME\",\"@id\":\"https:\\\/\\\/secure.gravatar.com\\\/avatar\\\/731fa035cefab7316e6bafd1f25a93fb731a07de14e2d9923f8db4422628eabc?s=96&d=mm&r=g\",\"url\":\"https:\\\/\\\/secure.gravatar.com\\\/avatar\\\/731fa035cefab7316e6bafd1f25a93fb731a07de14e2d9923f8db4422628eabc?s=96&d=mm&r=g\",\"contentUrl\":\"https:\\\/\\\/secure.gravatar.com\\\/avatar\\\/731fa035cefab7316e6bafd1f25a93fb731a07de14e2d9923f8db4422628eabc?s=96&d=mm&r=g\",\"caption\":\"mkajic\"},\"sameAs\":[\"https:\\\/\\\/evropskakuca.me\"],\"url\":\"https:\\\/\\\/www.evropskakuca.me\\\/me\\\/author\\\/mkajic\\\/\"}]}<\/script>\n<!-- \/ Yoast SEO plugin. -->","yoast_head_json":{"title":"Novi podsticaj saradnji u oblasti Ju\u017enog Jadrana kroz fondove EU - Europe House","robots":{"index":"index","follow":"follow","max-snippet":"max-snippet:-1","max-image-preview":"max-image-preview:large","max-video-preview":"max-video-preview:-1"},"canonical":"https:\/\/www.evropskakuca.me\/me\/novi-podsticaj-saradnji-u-oblasti-juznog-jadrana-kroz-fondove-eu\/","og_locale":"en_US","og_type":"article","og_title":"Novi podsticaj saradnji u oblasti Ju\u017enog Jadrana kroz fondove EU - Europe House","og_description":"Kroz projekte finansirane putem trilateralnog Interreg IPA programa prekograni\u010dne saradnje Italija \u2013 Albanija \u2013 Crna Gora 2014-2020, crnogorske institucije i organizacije iskoristile su oko 20 miliona eura bespovratnih sredstava EU, \u0161to predstavlja gotovo \u010detvrtinu ukupnih sredstava opredijeljenih kroz ovaj program u okviru finansijske perspektive IPA II. To je saop\u0161tio\u00a0Bojan Vujovi\u0107, generalni direktor Direktorata za evropske [&hellip;]","og_url":"https:\/\/www.evropskakuca.me\/me\/novi-podsticaj-saradnji-u-oblasti-juznog-jadrana-kroz-fondove-eu\/","og_site_name":"Europe House","article_publisher":"https:\/\/www.facebook.com\/evropska.kuca","article_published_time":"2023-09-14T11:22:39+00:00","og_image":[{"url":"https:\/\/evropskakuca.me\/wp-content\/uploads\/2023\/09\/Bari-Interreg-IPA-ITALME-1-768x576-1.jpg","type":"","width":"","height":""}],"author":"mkajic","twitter_card":"summary_large_image","twitter_creator":"@evropska_kuca","twitter_site":"@evropska_kuca","twitter_misc":{"Written by":"mkajic","Est. reading time":"3 minutes"},"schema":{"@context":"https:\/\/schema.org","@graph":[{"@type":"Article","@id":"https:\/\/www.evropskakuca.me\/me\/novi-podsticaj-saradnji-u-oblasti-juznog-jadrana-kroz-fondove-eu\/#article","isPartOf":{"@id":"https:\/\/www.evropskakuca.me\/me\/novi-podsticaj-saradnji-u-oblasti-juznog-jadrana-kroz-fondove-eu\/"},"author":{"name":"mkajic","@id":"https:\/\/www.evropskakuca.me\/me\/#\/schema\/person\/a1d0dcdaefe4a1cd1d60d200ea137ba4"},"headline":"Novi podsticaj saradnji u oblasti Ju\u017enog Jadrana kroz fondove EU","datePublished":"2023-09-14T11:22:39+00:00","mainEntityOfPage":{"@id":"https:\/\/www.evropskakuca.me\/me\/novi-podsticaj-saradnji-u-oblasti-juznog-jadrana-kroz-fondove-eu\/"},"wordCount":435,"publisher":{"@id":"https:\/\/www.evropskakuca.me\/me\/#organization"},"image":{"@id":"https:\/\/www.evropskakuca.me\/me\/novi-podsticaj-saradnji-u-oblasti-juznog-jadrana-kroz-fondove-eu\/#primaryimage"},"thumbnailUrl":"https:\/\/evropskakuca.me\/wp-content\/uploads\/2023\/09\/Bari-Interreg-IPA-ITALME-1-768x576-1.jpg","inLanguage":"me-ME"},{"@type":"WebPage","@id":"https:\/\/www.evropskakuca.me\/me\/novi-podsticaj-saradnji-u-oblasti-juznog-jadrana-kroz-fondove-eu\/","url":"https:\/\/www.evropskakuca.me\/me\/novi-podsticaj-saradnji-u-oblasti-juznog-jadrana-kroz-fondove-eu\/","name":"Novi podsticaj saradnji u oblasti Ju\u017enog Jadrana kroz fondove EU - Europe House","isPartOf":{"@id":"https:\/\/www.evropskakuca.me\/me\/#website"},"primaryImageOfPage":{"@id":"https:\/\/www.evropskakuca.me\/me\/novi-podsticaj-saradnji-u-oblasti-juznog-jadrana-kroz-fondove-eu\/#primaryimage"},"image":{"@id":"https:\/\/www.evropskakuca.me\/me\/novi-podsticaj-saradnji-u-oblasti-juznog-jadrana-kroz-fondove-eu\/#primaryimage"},"thumbnailUrl":"https:\/\/evropskakuca.me\/wp-content\/uploads\/2023\/09\/Bari-Interreg-IPA-ITALME-1-768x576-1.jpg","datePublished":"2023-09-14T11:22:39+00:00","breadcrumb":{"@id":"https:\/\/www.evropskakuca.me\/me\/novi-podsticaj-saradnji-u-oblasti-juznog-jadrana-kroz-fondove-eu\/#breadcrumb"},"inLanguage":"me-ME","potentialAction":[{"@type":"ReadAction","target":["https:\/\/www.evropskakuca.me\/me\/novi-podsticaj-saradnji-u-oblasti-juznog-jadrana-kroz-fondove-eu\/"]}]},{"@type":"ImageObject","inLanguage":"me-ME","@id":"https:\/\/www.evropskakuca.me\/me\/novi-podsticaj-saradnji-u-oblasti-juznog-jadrana-kroz-fondove-eu\/#primaryimage","url":"https:\/\/evropskakuca.me\/wp-content\/uploads\/2023\/09\/Bari-Interreg-IPA-ITALME-1-768x576-1.jpg","contentUrl":"https:\/\/evropskakuca.me\/wp-content\/uploads\/2023\/09\/Bari-Interreg-IPA-ITALME-1-768x576-1.jpg"},{"@type":"BreadcrumbList","@id":"https:\/\/www.evropskakuca.me\/me\/novi-podsticaj-saradnji-u-oblasti-juznog-jadrana-kroz-fondove-eu\/#breadcrumb","itemListElement":[{"@type":"ListItem","position":1,"name":"Home","item":"https:\/\/www.evropskakuca.me\/me\/"},{"@type":"ListItem","position":2,"name":"Novi podsticaj saradnji u oblasti Ju\u017enog Jadrana kroz fondove EU"}]},{"@type":"WebSite","@id":"https:\/\/www.evropskakuca.me\/me\/#website","url":"https:\/\/www.evropskakuca.me\/me\/","name":"Evropean house","description":"","publisher":{"@id":"https:\/\/www.evropskakuca.me\/me\/#organization"},"potentialAction":[{"@type":"SearchAction","target":{"@type":"EntryPoint","urlTemplate":"https:\/\/www.evropskakuca.me\/me\/?s={search_term_string}"},"query-input":{"@type":"PropertyValueSpecification","valueRequired":true,"valueName":"search_term_string"}}],"inLanguage":"me-ME"},{"@type":"Organization","@id":"https:\/\/www.evropskakuca.me\/me\/#organization","name":"Evropean house","url":"https:\/\/www.evropskakuca.me\/me\/","logo":{"@type":"ImageObject","inLanguage":"me-ME","@id":"https:\/\/www.evropskakuca.me\/me\/#\/schema\/logo\/image\/","url":"https:\/\/www.evropskakuca.me\/wp-content\/uploads\/2025\/01\/evropska-kuca-logo-1.png","contentUrl":"https:\/\/www.evropskakuca.me\/wp-content\/uploads\/2025\/01\/evropska-kuca-logo-1.png","width":425,"height":312,"caption":"Evropean house"},"image":{"@id":"https:\/\/www.evropskakuca.me\/me\/#\/schema\/logo\/image\/"},"sameAs":["https:\/\/www.facebook.com\/evropska.kuca","https:\/\/x.com\/evropska_kuca","https:\/\/www.instagram.com\/evropska_kuca"]},{"@type":"Person","@id":"https:\/\/www.evropskakuca.me\/me\/#\/schema\/person\/a1d0dcdaefe4a1cd1d60d200ea137ba4","name":"mkajic","image":{"@type":"ImageObject","inLanguage":"me-ME","@id":"https:\/\/secure.gravatar.com\/avatar\/731fa035cefab7316e6bafd1f25a93fb731a07de14e2d9923f8db4422628eabc?s=96&d=mm&r=g","url":"https:\/\/secure.gravatar.com\/avatar\/731fa035cefab7316e6bafd1f25a93fb731a07de14e2d9923f8db4422628eabc?s=96&d=mm&r=g","contentUrl":"https:\/\/secure.gravatar.com\/avatar\/731fa035cefab7316e6bafd1f25a93fb731a07de14e2d9923f8db4422628eabc?s=96&d=mm&r=g","caption":"mkajic"},"sameAs":["https:\/\/evropskakuca.me"],"url":"https:\/\/www.evropskakuca.me\/me\/author\/mkajic\/"}]}},"_links":{"self":[{"href":"https:\/\/www.evropskakuca.me\/me\/wp-json\/wp\/v2\/posts\/26620","targetHints":{"allow":["GET"]}}],"collection":[{"href":"https:\/\/www.evropskakuca.me\/me\/wp-json\/wp\/v2\/posts"}],"about":[{"href":"https:\/\/www.evropskakuca.me\/me\/wp-json\/wp\/v2\/types\/post"}],"author":[{"embeddable":true,"href":"https:\/\/www.evropskakuca.me\/me\/wp-json\/wp\/v2\/users\/1"}],"replies":[{"embeddable":true,"href":"https:\/\/www.evropskakuca.me\/me\/wp-json\/wp\/v2\/comments?post=26620"}],"version-history":[{"count":0,"href":"https:\/\/www.evropskakuca.me\/me\/wp-json\/wp\/v2\/posts\/26620\/revisions"}],"wp:attachment":[{"href":"https:\/\/www.evropskakuca.me\/me\/wp-json\/wp\/v2\/media?parent=26620"}],"wp:term":[{"taxonomy":"category","embeddable":true,"href":"https:\/\/www.evropskakuca.me\/me\/wp-json\/wp\/v2\/categories?post=26620"},{"taxonomy":"post_tag","embeddable":true,"href":"https:\/\/www.evropskakuca.me\/me\/wp-json\/wp\/v2\/tags?post=26620"}],"curies":[{"name":"wp","href":"https:\/\/api.w.org\/{rel}","templated":true}]}}