{"id":26578,"date":"2023-09-08T13:49:46","date_gmt":"2023-09-08T13:49:46","guid":{"rendered":"https:\/\/evropskakuca.me\/?p=26578"},"modified":"2025-02-07T12:05:06","modified_gmt":"2025-02-07T12:05:06","slug":"svedska-na-dlanu","status":"publish","type":"post","link":"https:\/\/www.evropskakuca.me\/me\/svedska-na-dlanu\/","title":{"rendered":"\u0160vedska na dlanu"},"content":{"rendered":"<p>\u0160ve\u0111ani \u010desto u\u017eivaju u svojoj vezi sa prirodom i okolinom. Ljubav prema prirodi i po\u0161tovanje prema svemu \u0161to je \u017eivo utkano je u njihovu kulturu. To najbolje oslikava \u00a0<strong>Allemansr\u00e4<\/strong><strong>tten<\/strong>, ili pravo svakoga da slobodno koristi prirodu. Ovaj \u0161vedski zakon omogu\u0107ava svima slobodan pristup prirodi i kori\u0161\u0107enje javnih prostora u prirodi, bez obzira na vlasni\u0161tvo.<\/p>\n<p><img fetchpriority=\"high\" decoding=\"async\" class=\"alignnone size-large wp-image-26581\" src=\"https:\/\/evropskakuca.me\/wp-content\/uploads\/2023\/09\/pexels-jonathan-petersson-1101146-1024x681.jpg\" alt=\"\" width=\"1024\" height=\"681\" \/><\/p>\n<blockquote><p>Dodir prirode najjasnije se osje\u0107a u <strong>ledenom hotelu <\/strong>koji se svake godine gradi u selu <strong>Jukkasj\u00e4rvi<\/strong>. Ovaj hotel nudi jedinstveno iskustvo spavanja na ledu i snijegu.<\/p><\/blockquote>\n\n<p>U ovoj zemlji Aurore Borealis, guste su \u0161ume i tajanstveni arhipelag, sa svojim obiljem ostrva, postali prirodni plato za razmi\u0161ljanje i introspekciju <strong>Ingmara Bergmana<\/strong>, ali i njegovog lika <strong>Antoniusa <\/strong><strong>Bloka <\/strong>u filmu <strong>Sedmi pe\u010dat<\/strong> koji, kora\u010daju\u0107i \u0160vedskom, traga za smislom umiranja i \u017eivljenja.<\/p>\n<figure id=\"attachment_26587\" aria-describedby=\"caption-attachment-26587\" style=\"width: 960px\" class=\"wp-caption aligncenter\"><img decoding=\"async\" class=\"wp-image-26587 size-full\" src=\"https:\/\/evropskakuca.me\/wp-content\/uploads\/2023\/09\/u2YXzSieIsDUZnhPpoytNJiTwyt.jpg\" alt=\"\" width=\"960\" height=\"540\" \/><figcaption id=\"caption-attachment-26587\" class=\"wp-caption-text\">Bengt Ekerot as &#8220;Death&#8221; in the movie &#8220;The Seventh Seal&#8221;<\/figcaption><\/figure>\n<p>A ako je za vas smisao \u017eivljenja, radost \u017eivljenja i u\u017eivanja u svakom danu, i ako se na\u0111ete u \u0160vedskoj nekog petka u periodu od 20. do 26. juna, onda ste na pravom mjestu i u pravo vrijeme.<\/p>\n<p><strong>Midsomar<\/strong><\/p>\n<blockquote><p>Ples oko stubova Maypole (na \u0161vedskom midsommarst\u00e5ng) prekrivenih cvijec\u0301em, no\u0161enje ru\u010dno izra\u0111enih cvjetnih vijenaca, lo\u017eenje logorske vatre, imitiranje \u017eabica&#8230; to su samo neke od tradicija koje \u0160ve\u0111ani praktikuju tokom praznika Midsomar.<\/p><\/blockquote>\n<p><img decoding=\"async\" class=\"alignnone size-large wp-image-26589\" src=\"https:\/\/evropskakuca.me\/wp-content\/uploads\/2023\/09\/midsummer-2558075_1280-1024x682.jpg\" alt=\"\" width=\"1024\" height=\"682\" \/><\/p>\n<p>Ovaj narodni obi\u010daj vodi porijeklo jo\u0161 iz vremena kulta <strong>boginje Freje<\/strong> i proslavlja dolazak ljeta i period plodnosti. Obi\u010dno se odr\u017eava prvog petka nakon ljetnje dugodnevnice, a aktivnosti po\u010dinju oko podneva i traju do jutra narednog dana. U razli\u010ditim djelovima \u0160vedske tradicija se malo razlikuje, ali ono \u0161to je zajedni\u010dko svim Midsomar tradicijama je da se porodice i prijatelji okupljaju kako bi plesali, pjevali, jeli i slavili.<\/p>\n<p>A niko vi\u0161e ne ple\u0161e, ne jede i ne slavi od najsna\u017enije i najhrabrije djevo\u010dice na svijetu, <strong>Pipi Duge \u010carape<\/strong>. \u0160vedska je njen dom i dom njene autorke <strong>Astrid Lindgren<\/strong>.<\/p>\n<figure id=\"attachment_26591\" aria-describedby=\"caption-attachment-26591\" style=\"width: 1024px\" class=\"wp-caption alignnone\"><img loading=\"lazy\" decoding=\"async\" class=\"size-large wp-image-26591\" src=\"https:\/\/evropskakuca.me\/wp-content\/uploads\/2023\/09\/villa-kunterbunt-905347_1280-1024x682.jpg\" alt=\"\" width=\"1024\" height=\"682\" \/><figcaption id=\"caption-attachment-26591\" class=\"wp-caption-text\">Pipi Duga \u010carapa u Vili Kunterbunt<\/figcaption><\/figure>\n<p>Moderna \u0160vedska, jedna je od najprogresivnijih i najnaprednijih zemalja na svijetu. Ova zemlja je sinonim za inovacije, inkluzivnost i kvalitet \u017eivota koji nijesu ni\u0161ta manje uzbudljivi od Pipi Duge \u010carape ili likova iz Bergmanovih filmova. U \u0160vedskoj, tehnologija igra klju\u010dnu ulogu u svakodnevnom \u017eivotu.<\/p>\n<blockquote><p>\u0160vedski startapi i tehnolo\u0161ke kompanije, poput <strong>Spotify<\/strong>-a i <strong>Skype<\/strong>-a, postali su globalne ikone. Inovacije u oblasti IT-a i in\u017eenjeringa \u010dine \u0160vedsku liderom u digitalnom svijetu.<\/p><\/blockquote>\n<p>Spoj pro\u0161losti i sada\u0161njosti \u0160vedske postaje o\u010digledan kroz kontrast izme\u0111u tehnolo\u0161ke inovacije i kulturne ba\u0161tine. Dok \u0160vedska proslavlja svoja visokotehnolo\u0161ka dostignu\u0107a i progresivne vrijednosti, impresivne gotske katedrale, poput <strong>Lundske<\/strong> ili <strong>Upsalske<\/strong> katedrale, podsjetnik su na bogatu istorijsku i duhovnu dimenziju zemlje. Ove katedrale, svojim izvanrednim arhitektonskim detaljima i dubokom duhovnom tradicijom, ostaju kao spomen trajnim vrijednostima kulture i istorije moderne \u0160vedske.<\/p>\n\n<p>Dok slu\u0161amo grupu <strong>ABBA<\/strong> i pjesmu <a href=\"https:\/\/www.youtube.com\/watch?v=xFrGuyw1V8s\">Dancing Queen<\/a>, u\u017eivamo u <strong>Fika<\/strong> pauzi za kafu, ovaj \u0161vedski koncept pauze za kafu, mnogo je vi\u0161e od obi\u010dnog ispijanja kafe. To je socijalno iskustvo gdje ljudi provode vrijeme zajedno uz kafu (ili \u010daj) i ne\u0161to slatko, kao \u0161to su <strong>kanelbule<\/strong> (cimetne rolnice).<\/p>\n<p>Svoje prvo Fika dru\u017eenje Evropska ku\u0107a je organizovala sa ambasadorskom \u0160vedske.<\/p>\n<p>Vi\u0161e o doga\u0111aju &#8220;Kafa sa ambasadorkom \u0160vedske&#8221;:<\/p>\n<p><strong><a href=\"https:\/\/evropskakuca.me\/me\/kafom-sa-ambasadorkom-svedske-pocela-proslava-dana-evrope\/\">\u201dKafom\u201d sa ambasadorkom \u0160vedske po\u010dela proslava Dana Evrope<\/a><\/strong><\/p>\n","protected":false},"excerpt":{"rendered":"<p>\u0160ve\u0111ani \u010desto u\u017eivaju u svojoj vezi sa prirodom i okolinom. Ljubav prema prirodi i po\u0161tovanje prema svemu \u0161to je \u017eivo utkano je u njihovu kulturu. To najbolje oslikava \u00a0Allemansr\u00e4tten, ili pravo svakoga da slobodno koristi prirodu. Ovaj \u0161vedski zakon omogu\u0107ava svima slobodan pristup prirodi i kori\u0161\u0107enje javnih prostora u prirodi, bez obzira na vlasni\u0161tvo. Dodir [&hellip;]<\/p>\n","protected":false},"author":1,"featured_media":40111,"comment_status":"closed","ping_status":"closed","sticky":false,"template":"","format":"standard","meta":{"_acf_changed":false,"footnotes":""},"categories":[283,524],"tags":[],"class_list":["post-26578","post","type-post","status-publish","format-standard","has-post-thumbnail","hentry","category-novosti-me","category-vesti"],"acf":[],"yoast_head":"<!-- This site is optimized with the Yoast SEO plugin v27.3 - https:\/\/yoast.com\/product\/yoast-seo-wordpress\/ -->\n<title>\u0160vedska na dlanu - Europe House<\/title>\n<meta name=\"robots\" content=\"index, follow, max-snippet:-1, max-image-preview:large, max-video-preview:-1\" \/>\n<link rel=\"canonical\" href=\"https:\/\/www.evropskakuca.me\/me\/svedska-na-dlanu\/\" \/>\n<meta property=\"og:locale\" content=\"en_US\" \/>\n<meta property=\"og:type\" content=\"article\" \/>\n<meta property=\"og:title\" content=\"\u0160vedska na dlanu - Europe House\" \/>\n<meta property=\"og:description\" content=\"\u0160ve\u0111ani \u010desto u\u017eivaju u svojoj vezi sa prirodom i okolinom. Ljubav prema prirodi i po\u0161tovanje prema svemu \u0161to je \u017eivo utkano je u njihovu kulturu. To najbolje oslikava \u00a0Allemansr\u00e4tten, ili pravo svakoga da slobodno koristi prirodu. Ovaj \u0161vedski zakon omogu\u0107ava svima slobodan pristup prirodi i kori\u0161\u0107enje javnih prostora u prirodi, bez obzira na vlasni\u0161tvo. Dodir [&hellip;]\" \/>\n<meta property=\"og:url\" content=\"https:\/\/www.evropskakuca.me\/me\/svedska-na-dlanu\/\" \/>\n<meta property=\"og:site_name\" content=\"Europe House\" \/>\n<meta property=\"article:publisher\" content=\"https:\/\/www.facebook.com\/evropska.kuca\" \/>\n<meta property=\"article:published_time\" content=\"2023-09-08T13:49:46+00:00\" \/>\n<meta property=\"article:modified_time\" content=\"2025-02-07T12:05:06+00:00\" \/>\n<meta property=\"og:image\" content=\"https:\/\/www.evropskakuca.me\/wp-content\/uploads\/2023\/09\/pexels-oliver-schmid-4504337.jpg\" \/>\n\t<meta property=\"og:image:width\" content=\"2560\" \/>\n\t<meta property=\"og:image:height\" content=\"1442\" \/>\n\t<meta property=\"og:image:type\" content=\"image\/jpeg\" \/>\n<meta name=\"author\" content=\"mkajic\" \/>\n<meta name=\"twitter:card\" content=\"summary_large_image\" \/>\n<meta name=\"twitter:creator\" content=\"@evropska_kuca\" \/>\n<meta name=\"twitter:site\" content=\"@evropska_kuca\" \/>\n<meta name=\"twitter:label1\" content=\"Written by\" \/>\n\t<meta name=\"twitter:data1\" content=\"mkajic\" \/>\n\t<meta name=\"twitter:label2\" content=\"Est. reading time\" \/>\n\t<meta name=\"twitter:data2\" content=\"3 minutes\" \/>\n<script type=\"application\/ld+json\" class=\"yoast-schema-graph\">{\"@context\":\"https:\\\/\\\/schema.org\",\"@graph\":[{\"@type\":\"Article\",\"@id\":\"https:\\\/\\\/www.evropskakuca.me\\\/me\\\/svedska-na-dlanu\\\/#article\",\"isPartOf\":{\"@id\":\"https:\\\/\\\/www.evropskakuca.me\\\/me\\\/svedska-na-dlanu\\\/\"},\"author\":{\"name\":\"mkajic\",\"@id\":\"https:\\\/\\\/www.evropskakuca.me\\\/me\\\/#\\\/schema\\\/person\\\/a1d0dcdaefe4a1cd1d60d200ea137ba4\"},\"headline\":\"\u0160vedska na dlanu\",\"datePublished\":\"2023-09-08T13:49:46+00:00\",\"dateModified\":\"2025-02-07T12:05:06+00:00\",\"mainEntityOfPage\":{\"@id\":\"https:\\\/\\\/www.evropskakuca.me\\\/me\\\/svedska-na-dlanu\\\/\"},\"wordCount\":590,\"publisher\":{\"@id\":\"https:\\\/\\\/www.evropskakuca.me\\\/me\\\/#organization\"},\"image\":{\"@id\":\"https:\\\/\\\/www.evropskakuca.me\\\/me\\\/svedska-na-dlanu\\\/#primaryimage\"},\"thumbnailUrl\":\"https:\\\/\\\/www.evropskakuca.me\\\/wp-content\\\/uploads\\\/2023\\\/09\\\/pexels-oliver-schmid-4504337.jpg\",\"articleSection\":[\"Novosti\",\"Vesti\"],\"inLanguage\":\"me-ME\"},{\"@type\":\"WebPage\",\"@id\":\"https:\\\/\\\/www.evropskakuca.me\\\/me\\\/svedska-na-dlanu\\\/\",\"url\":\"https:\\\/\\\/www.evropskakuca.me\\\/me\\\/svedska-na-dlanu\\\/\",\"name\":\"\u0160vedska na dlanu - Europe House\",\"isPartOf\":{\"@id\":\"https:\\\/\\\/www.evropskakuca.me\\\/me\\\/#website\"},\"primaryImageOfPage\":{\"@id\":\"https:\\\/\\\/www.evropskakuca.me\\\/me\\\/svedska-na-dlanu\\\/#primaryimage\"},\"image\":{\"@id\":\"https:\\\/\\\/www.evropskakuca.me\\\/me\\\/svedska-na-dlanu\\\/#primaryimage\"},\"thumbnailUrl\":\"https:\\\/\\\/www.evropskakuca.me\\\/wp-content\\\/uploads\\\/2023\\\/09\\\/pexels-oliver-schmid-4504337.jpg\",\"datePublished\":\"2023-09-08T13:49:46+00:00\",\"dateModified\":\"2025-02-07T12:05:06+00:00\",\"breadcrumb\":{\"@id\":\"https:\\\/\\\/www.evropskakuca.me\\\/me\\\/svedska-na-dlanu\\\/#breadcrumb\"},\"inLanguage\":\"me-ME\",\"potentialAction\":[{\"@type\":\"ReadAction\",\"target\":[\"https:\\\/\\\/www.evropskakuca.me\\\/me\\\/svedska-na-dlanu\\\/\"]}]},{\"@type\":\"ImageObject\",\"inLanguage\":\"me-ME\",\"@id\":\"https:\\\/\\\/www.evropskakuca.me\\\/me\\\/svedska-na-dlanu\\\/#primaryimage\",\"url\":\"https:\\\/\\\/www.evropskakuca.me\\\/wp-content\\\/uploads\\\/2023\\\/09\\\/pexels-oliver-schmid-4504337.jpg\",\"contentUrl\":\"https:\\\/\\\/www.evropskakuca.me\\\/wp-content\\\/uploads\\\/2023\\\/09\\\/pexels-oliver-schmid-4504337.jpg\",\"width\":2560,\"height\":1442},{\"@type\":\"BreadcrumbList\",\"@id\":\"https:\\\/\\\/www.evropskakuca.me\\\/me\\\/svedska-na-dlanu\\\/#breadcrumb\",\"itemListElement\":[{\"@type\":\"ListItem\",\"position\":1,\"name\":\"Home\",\"item\":\"https:\\\/\\\/www.evropskakuca.me\\\/me\\\/\"},{\"@type\":\"ListItem\",\"position\":2,\"name\":\"\u0160vedska na dlanu\"}]},{\"@type\":\"WebSite\",\"@id\":\"https:\\\/\\\/www.evropskakuca.me\\\/me\\\/#website\",\"url\":\"https:\\\/\\\/www.evropskakuca.me\\\/me\\\/\",\"name\":\"Evropean house\",\"description\":\"\",\"publisher\":{\"@id\":\"https:\\\/\\\/www.evropskakuca.me\\\/me\\\/#organization\"},\"potentialAction\":[{\"@type\":\"SearchAction\",\"target\":{\"@type\":\"EntryPoint\",\"urlTemplate\":\"https:\\\/\\\/www.evropskakuca.me\\\/me\\\/?s={search_term_string}\"},\"query-input\":{\"@type\":\"PropertyValueSpecification\",\"valueRequired\":true,\"valueName\":\"search_term_string\"}}],\"inLanguage\":\"me-ME\"},{\"@type\":\"Organization\",\"@id\":\"https:\\\/\\\/www.evropskakuca.me\\\/me\\\/#organization\",\"name\":\"Evropean house\",\"url\":\"https:\\\/\\\/www.evropskakuca.me\\\/me\\\/\",\"logo\":{\"@type\":\"ImageObject\",\"inLanguage\":\"me-ME\",\"@id\":\"https:\\\/\\\/www.evropskakuca.me\\\/me\\\/#\\\/schema\\\/logo\\\/image\\\/\",\"url\":\"https:\\\/\\\/www.evropskakuca.me\\\/wp-content\\\/uploads\\\/2025\\\/01\\\/evropska-kuca-logo-1.png\",\"contentUrl\":\"https:\\\/\\\/www.evropskakuca.me\\\/wp-content\\\/uploads\\\/2025\\\/01\\\/evropska-kuca-logo-1.png\",\"width\":425,\"height\":312,\"caption\":\"Evropean house\"},\"image\":{\"@id\":\"https:\\\/\\\/www.evropskakuca.me\\\/me\\\/#\\\/schema\\\/logo\\\/image\\\/\"},\"sameAs\":[\"https:\\\/\\\/www.facebook.com\\\/evropska.kuca\",\"https:\\\/\\\/x.com\\\/evropska_kuca\",\"https:\\\/\\\/www.instagram.com\\\/evropska_kuca\"]},{\"@type\":\"Person\",\"@id\":\"https:\\\/\\\/www.evropskakuca.me\\\/me\\\/#\\\/schema\\\/person\\\/a1d0dcdaefe4a1cd1d60d200ea137ba4\",\"name\":\"mkajic\",\"image\":{\"@type\":\"ImageObject\",\"inLanguage\":\"me-ME\",\"@id\":\"https:\\\/\\\/secure.gravatar.com\\\/avatar\\\/731fa035cefab7316e6bafd1f25a93fb731a07de14e2d9923f8db4422628eabc?s=96&d=mm&r=g\",\"url\":\"https:\\\/\\\/secure.gravatar.com\\\/avatar\\\/731fa035cefab7316e6bafd1f25a93fb731a07de14e2d9923f8db4422628eabc?s=96&d=mm&r=g\",\"contentUrl\":\"https:\\\/\\\/secure.gravatar.com\\\/avatar\\\/731fa035cefab7316e6bafd1f25a93fb731a07de14e2d9923f8db4422628eabc?s=96&d=mm&r=g\",\"caption\":\"mkajic\"},\"sameAs\":[\"https:\\\/\\\/evropskakuca.me\"],\"url\":\"https:\\\/\\\/www.evropskakuca.me\\\/me\\\/author\\\/mkajic\\\/\"}]}<\/script>\n<!-- \/ Yoast SEO plugin. -->","yoast_head_json":{"title":"\u0160vedska na dlanu - Europe House","robots":{"index":"index","follow":"follow","max-snippet":"max-snippet:-1","max-image-preview":"max-image-preview:large","max-video-preview":"max-video-preview:-1"},"canonical":"https:\/\/www.evropskakuca.me\/me\/svedska-na-dlanu\/","og_locale":"en_US","og_type":"article","og_title":"\u0160vedska na dlanu - Europe House","og_description":"\u0160ve\u0111ani \u010desto u\u017eivaju u svojoj vezi sa prirodom i okolinom. Ljubav prema prirodi i po\u0161tovanje prema svemu \u0161to je \u017eivo utkano je u njihovu kulturu. To najbolje oslikava \u00a0Allemansr\u00e4tten, ili pravo svakoga da slobodno koristi prirodu. Ovaj \u0161vedski zakon omogu\u0107ava svima slobodan pristup prirodi i kori\u0161\u0107enje javnih prostora u prirodi, bez obzira na vlasni\u0161tvo. Dodir [&hellip;]","og_url":"https:\/\/www.evropskakuca.me\/me\/svedska-na-dlanu\/","og_site_name":"Europe House","article_publisher":"https:\/\/www.facebook.com\/evropska.kuca","article_published_time":"2023-09-08T13:49:46+00:00","article_modified_time":"2025-02-07T12:05:06+00:00","og_image":[{"width":2560,"height":1442,"url":"https:\/\/www.evropskakuca.me\/wp-content\/uploads\/2023\/09\/pexels-oliver-schmid-4504337.jpg","type":"image\/jpeg"}],"author":"mkajic","twitter_card":"summary_large_image","twitter_creator":"@evropska_kuca","twitter_site":"@evropska_kuca","twitter_misc":{"Written by":"mkajic","Est. reading time":"3 minutes"},"schema":{"@context":"https:\/\/schema.org","@graph":[{"@type":"Article","@id":"https:\/\/www.evropskakuca.me\/me\/svedska-na-dlanu\/#article","isPartOf":{"@id":"https:\/\/www.evropskakuca.me\/me\/svedska-na-dlanu\/"},"author":{"name":"mkajic","@id":"https:\/\/www.evropskakuca.me\/me\/#\/schema\/person\/a1d0dcdaefe4a1cd1d60d200ea137ba4"},"headline":"\u0160vedska na dlanu","datePublished":"2023-09-08T13:49:46+00:00","dateModified":"2025-02-07T12:05:06+00:00","mainEntityOfPage":{"@id":"https:\/\/www.evropskakuca.me\/me\/svedska-na-dlanu\/"},"wordCount":590,"publisher":{"@id":"https:\/\/www.evropskakuca.me\/me\/#organization"},"image":{"@id":"https:\/\/www.evropskakuca.me\/me\/svedska-na-dlanu\/#primaryimage"},"thumbnailUrl":"https:\/\/www.evropskakuca.me\/wp-content\/uploads\/2023\/09\/pexels-oliver-schmid-4504337.jpg","articleSection":["Novosti","Vesti"],"inLanguage":"me-ME"},{"@type":"WebPage","@id":"https:\/\/www.evropskakuca.me\/me\/svedska-na-dlanu\/","url":"https:\/\/www.evropskakuca.me\/me\/svedska-na-dlanu\/","name":"\u0160vedska na dlanu - Europe House","isPartOf":{"@id":"https:\/\/www.evropskakuca.me\/me\/#website"},"primaryImageOfPage":{"@id":"https:\/\/www.evropskakuca.me\/me\/svedska-na-dlanu\/#primaryimage"},"image":{"@id":"https:\/\/www.evropskakuca.me\/me\/svedska-na-dlanu\/#primaryimage"},"thumbnailUrl":"https:\/\/www.evropskakuca.me\/wp-content\/uploads\/2023\/09\/pexels-oliver-schmid-4504337.jpg","datePublished":"2023-09-08T13:49:46+00:00","dateModified":"2025-02-07T12:05:06+00:00","breadcrumb":{"@id":"https:\/\/www.evropskakuca.me\/me\/svedska-na-dlanu\/#breadcrumb"},"inLanguage":"me-ME","potentialAction":[{"@type":"ReadAction","target":["https:\/\/www.evropskakuca.me\/me\/svedska-na-dlanu\/"]}]},{"@type":"ImageObject","inLanguage":"me-ME","@id":"https:\/\/www.evropskakuca.me\/me\/svedska-na-dlanu\/#primaryimage","url":"https:\/\/www.evropskakuca.me\/wp-content\/uploads\/2023\/09\/pexels-oliver-schmid-4504337.jpg","contentUrl":"https:\/\/www.evropskakuca.me\/wp-content\/uploads\/2023\/09\/pexels-oliver-schmid-4504337.jpg","width":2560,"height":1442},{"@type":"BreadcrumbList","@id":"https:\/\/www.evropskakuca.me\/me\/svedska-na-dlanu\/#breadcrumb","itemListElement":[{"@type":"ListItem","position":1,"name":"Home","item":"https:\/\/www.evropskakuca.me\/me\/"},{"@type":"ListItem","position":2,"name":"\u0160vedska na dlanu"}]},{"@type":"WebSite","@id":"https:\/\/www.evropskakuca.me\/me\/#website","url":"https:\/\/www.evropskakuca.me\/me\/","name":"Evropean house","description":"","publisher":{"@id":"https:\/\/www.evropskakuca.me\/me\/#organization"},"potentialAction":[{"@type":"SearchAction","target":{"@type":"EntryPoint","urlTemplate":"https:\/\/www.evropskakuca.me\/me\/?s={search_term_string}"},"query-input":{"@type":"PropertyValueSpecification","valueRequired":true,"valueName":"search_term_string"}}],"inLanguage":"me-ME"},{"@type":"Organization","@id":"https:\/\/www.evropskakuca.me\/me\/#organization","name":"Evropean house","url":"https:\/\/www.evropskakuca.me\/me\/","logo":{"@type":"ImageObject","inLanguage":"me-ME","@id":"https:\/\/www.evropskakuca.me\/me\/#\/schema\/logo\/image\/","url":"https:\/\/www.evropskakuca.me\/wp-content\/uploads\/2025\/01\/evropska-kuca-logo-1.png","contentUrl":"https:\/\/www.evropskakuca.me\/wp-content\/uploads\/2025\/01\/evropska-kuca-logo-1.png","width":425,"height":312,"caption":"Evropean house"},"image":{"@id":"https:\/\/www.evropskakuca.me\/me\/#\/schema\/logo\/image\/"},"sameAs":["https:\/\/www.facebook.com\/evropska.kuca","https:\/\/x.com\/evropska_kuca","https:\/\/www.instagram.com\/evropska_kuca"]},{"@type":"Person","@id":"https:\/\/www.evropskakuca.me\/me\/#\/schema\/person\/a1d0dcdaefe4a1cd1d60d200ea137ba4","name":"mkajic","image":{"@type":"ImageObject","inLanguage":"me-ME","@id":"https:\/\/secure.gravatar.com\/avatar\/731fa035cefab7316e6bafd1f25a93fb731a07de14e2d9923f8db4422628eabc?s=96&d=mm&r=g","url":"https:\/\/secure.gravatar.com\/avatar\/731fa035cefab7316e6bafd1f25a93fb731a07de14e2d9923f8db4422628eabc?s=96&d=mm&r=g","contentUrl":"https:\/\/secure.gravatar.com\/avatar\/731fa035cefab7316e6bafd1f25a93fb731a07de14e2d9923f8db4422628eabc?s=96&d=mm&r=g","caption":"mkajic"},"sameAs":["https:\/\/evropskakuca.me"],"url":"https:\/\/www.evropskakuca.me\/me\/author\/mkajic\/"}]}},"_links":{"self":[{"href":"https:\/\/www.evropskakuca.me\/me\/wp-json\/wp\/v2\/posts\/26578","targetHints":{"allow":["GET"]}}],"collection":[{"href":"https:\/\/www.evropskakuca.me\/me\/wp-json\/wp\/v2\/posts"}],"about":[{"href":"https:\/\/www.evropskakuca.me\/me\/wp-json\/wp\/v2\/types\/post"}],"author":[{"embeddable":true,"href":"https:\/\/www.evropskakuca.me\/me\/wp-json\/wp\/v2\/users\/1"}],"replies":[{"embeddable":true,"href":"https:\/\/www.evropskakuca.me\/me\/wp-json\/wp\/v2\/comments?post=26578"}],"version-history":[{"count":1,"href":"https:\/\/www.evropskakuca.me\/me\/wp-json\/wp\/v2\/posts\/26578\/revisions"}],"predecessor-version":[{"id":42906,"href":"https:\/\/www.evropskakuca.me\/me\/wp-json\/wp\/v2\/posts\/26578\/revisions\/42906"}],"wp:featuredmedia":[{"embeddable":true,"href":"https:\/\/www.evropskakuca.me\/me\/wp-json\/wp\/v2\/media\/40111"}],"wp:attachment":[{"href":"https:\/\/www.evropskakuca.me\/me\/wp-json\/wp\/v2\/media?parent=26578"}],"wp:term":[{"taxonomy":"category","embeddable":true,"href":"https:\/\/www.evropskakuca.me\/me\/wp-json\/wp\/v2\/categories?post=26578"},{"taxonomy":"post_tag","embeddable":true,"href":"https:\/\/www.evropskakuca.me\/me\/wp-json\/wp\/v2\/tags?post=26578"}],"curies":[{"name":"wp","href":"https:\/\/api.w.org\/{rel}","templated":true}]}}