{"id":26413,"date":"2023-08-17T09:18:36","date_gmt":"2023-08-17T09:18:36","guid":{"rendered":"https:\/\/evropskakuca.me\/?p=26413"},"modified":"2023-08-17T09:18:36","modified_gmt":"2023-08-17T09:18:36","slug":"zavrsen-treci-medunarodni-eyca-educo-kamp","status":"publish","type":"post","link":"https:\/\/www.evropskakuca.me\/me\/zavrsen-treci-medunarodni-eyca-educo-kamp\/","title":{"rendered":"Zavr\u0161en tre\u0107i Me\u0111unarodni EYCA Educo Kamp"},"content":{"rendered":"<p>Trodnevnim edukativnim seminarom, koji je okupio 30 mladih ljudi iz Crne Gore i regiona, obilje\u017een\u00a0je <strong>12. avgust, Me\u0111unarodni dan mladih<\/strong>. Ovaj edukativni kamp organizovao je projektni tim\u00a0<strong>NVO \u201cCentar za omladinsku edukaciju\u201d<\/strong>, uz dugogodi\u0161nju podr\u0161ku i partnerstvo sa\u00a0<strong>Delegacijom Evropske unije u Crnoj Gori<\/strong>, kao i\u00a0<strong>NLB Bankom AD Podgorica<\/strong>\u00a0i\u00a0<strong>Mastercard-om<\/strong>. Ideja Me\u0111unarodnog EYCA Educo Campa proistekla je iz \u017eelje da se na pravi na\u010din obilje\u017ei ovaj va\u017ean omladinski datum, te da se na jednom mjestu okupe donosioci odluka, predstavnici doma\u0107ih i me\u0111unarodnih organizacija, u\u010desnici i referentni predava\u010di koji su im pru\u017eili neophodno znanje i iskustvo na razli\u010dite teme.<\/p>\n<p>Sve\u010dani dio kampa otvorili su g\u0111a\u00a0<strong>Neda Ojdani\u0107<\/strong>, dr\u017eavna sekretarka u Ministarstvu sporta i mladih, gdin\u00a0<strong>Sa\u0161a Palibrk<\/strong>, savjetnik za javno informisanje i komunikaciju Evropske ku\u0107e i g\u0111a\u00a0<strong>Natalija Bo\u0161kovi\u0107<\/strong>, projektna menad\u017eerka NVO \u201cCentar za omladinsku edukaciju\u201d, koji su svoje govore posvetili mladima, njihovim potrebama i aktuelnim problemima i na taj na\u010din dali doprinos da se glas mladih \u010duje.<\/p>\n<p><img fetchpriority=\"high\" decoding=\"async\" class=\"alignnone size-large wp-image-26414\" src=\"https:\/\/evropskakuca.me\/wp-content\/uploads\/2023\/08\/1692214634471-Hw8FkwBDhZCUo2QgMxQqaQai7-1024x635.png\" alt=\"\" width=\"1024\" height=\"635\" \/><\/p>\n<blockquote><p>\nNa\u00a0<strong>panel diskusiji pod nazivom \u201cMe\u0111unarodni dan mladih:\u00a0Mladi, da li se \u010dujemo<\/strong>?&#8221;, bilo je rije\u010di o omladinskoj politici, polo\u017eaju mladih ljudi u Crnoj Gori, aktuelnim problemima, usvajanju strate\u0161kih dokumenata za mlade, prilikama, programima koji se sprovode, evropskim praksama, kao i preporukama za budu\u0107e korake.<\/p><\/blockquote>\n<p>Panelom je moderirala\u00a0<strong>Jelena Kavari\u0107<\/strong>\u00a0(NVO Centar za omladinsku edukaciju), a gosti panela bili su:\u00a0<strong>Neda Ojdani\u0107<\/strong>\u00a0(Ministarstvo sporta i mladih),\u00a0<strong>Sa\u0161a Palibrk<\/strong>\u00a0(Evropska ku\u0107a),\u00a0<strong>Ajla Jadadi\u0107<\/strong>\u00a0(Omladinski servisi Crne Gore) i\u00a0<strong>Nikitas Papadopoulos<\/strong>\u00a0(EYCA Youth Panel).<\/p>\n<p>Nakon panela usljedile su edukativne radionice gdje su mladi tokom tri dana imali priliku da kroz interaktivan i zanimljiv na\u010din slu\u0161aju:\u00a0<strong>Seldu Jahjagi\u0107, Andreja Bubanju\u00a0<\/strong>i<strong>\u00a0An\u0111elu Mici\u0107<\/strong>\u00a0(Mladi evropski ambasadori &#8211; YEA), koji su sa njima razgovarali o medijskoj pismenosti, te\u00a0<strong>Vanju Kljaljevi\u0107<\/strong>\u00a0(Evropska banka za obnovu i razvoj) koja je sa u\u010desnicima razgovarala na temu omladinskog preduzetni\u0161tva.\u00a0<strong>Nenad Vujadinovi\u0107<\/strong>\u00a0(Univerzitet Donja Gorica) je sa u\u010desnicima razgovarao na temu zna\u010daja kreativnosti kroz koju se mo\u017ee do\u0107i do rje\u0161avanja problema, dok su tre\u0107eg dana svoje prezentacije imale\u00a0<strong>Marina Vojinovi\u0107<\/strong>\u00a0(NLB Banka AD Podgorica) koja je sa mladima razgovarala na temu finansijske pismenosti, kao i\u00a0<strong>Jelena Doderovi\u0107\u00a0<\/strong>(IDEA) koja je prisutnima predstavila va\u017enost poznavanja digitalnih alata i marketinga, te na taj na\u010din im dodatno pribli\u017eila ovu sferu.<\/p>\n<blockquote><p>Na kraju edukativnog dijela doga\u0111aja, organizovan je i kviz znanja u organizaciji L<strong>ov\u0107en osiguranja AD Podgorica<\/strong>, gdje su mladi imali priliku da na interaktivan i zabavan na\u010din nau\u010de interesantni stvari iz segmenta osiguranja, a ujedno i osvoje vrijedne poklone.<\/p><\/blockquote>\n<p>EYCA Educo Camp 2023. okupio je u\u010desnice\/ke iz vi\u0161e crnogorskih gradova, kao i iz regiona i to: Podgorice, Budve, Bara, Kotora, Petrovca, Zete, Berana, Pljevalja, Plava, Bijelog Polja, Nik\u0161i\u0107a, Cetinja, Zagreba i Soluna, dok je svoju prijavu poslalo vi\u0161e od<strong>\u00a0150 mladih ljudi.<\/strong><\/p>\n<p>Iz Centra za omladinsku edukaciju izrazili su posebnu zahvalnost koju duguju prijateljima doga\u0111aja, odnosno kompanijama koje su im pru\u017eile robna sponzorstva i omogu\u0107ile pun u\u017eitak za polaznike kampa, a to su:\u00a0<strong>Evropska omladinska karti\u010darska asocijacija (EYCA),\u00a0Lov\u0107en osiguranje, INA Crna Gora, Crnogorski Telekom, Coca Cola HBC Crna Gora, Ledo, IDEA, Neregelia, \u0160tamparija Lapis\u00a0<\/strong>i\u00a0<strong>Red Bull Crna Gora.<\/strong><\/p>\n<p><strong>Evropska omladinska kartica (EYCA)<\/strong>\u00a0je dru\u0161tveno odgovorni program koji mladim ljudima (13-29 godina) omogu\u0107ava ulazak u svijet informacija, mobilnosti, neformalne edukacije, umre\u017eavanja na nacionalnom i evropskom nivou, kao i kori\u0161\u0107enja velikog broja povlastica u Crnoj Gori (kroz partnerstvo sa vi\u0161e od 270 kompanija) i Evropi (vi\u0161e od 70.000 kompanija). Implementacija ovog projekta usagla\u0161ena je sa ciljevima koje prepoznaje Srednjoro\u010dni plan rada Vlade Crne Gore (2022-2024), Zakon o mladima, Strategija za mlade (2017-2021) i Evropska omladinska strategija (2019-2027).<\/p>\n<p>Projekat Evropske omladinske kartice (EYCA) u Crnoj Gori sprovodi NVO \u201eCentar za omladinsku edukaciju\u201c uz podr\u0161ku i pokroviteljstvo Ministarstva sporta i mladih.<\/p>\n","protected":false},"excerpt":{"rendered":"<p>Trodnevnim edukativnim seminarom, koji je okupio 30 mladih ljudi iz Crne Gore i regiona, obilje\u017een\u00a0je 12. avgust, Me\u0111unarodni dan mladih. Ovaj edukativni kamp organizovao je projektni tim\u00a0NVO \u201cCentar za omladinsku edukaciju\u201d, uz dugogodi\u0161nju podr\u0161ku i partnerstvo sa\u00a0Delegacijom Evropske unije u Crnoj Gori, kao i\u00a0NLB Bankom AD Podgorica\u00a0i\u00a0Mastercard-om. Ideja Me\u0111unarodnog EYCA Educo Campa proistekla je iz [&hellip;]<\/p>\n","protected":false},"author":1,"featured_media":39741,"comment_status":"closed","ping_status":"closed","sticky":false,"template":"","format":"standard","meta":{"_acf_changed":false,"footnotes":""},"categories":[],"tags":[],"class_list":["post-26413","post","type-post","status-publish","format-standard","has-post-thumbnail","hentry"],"acf":[],"yoast_head":"<!-- This site is optimized with the Yoast SEO plugin v27.3 - https:\/\/yoast.com\/product\/yoast-seo-wordpress\/ -->\n<title>Zavr\u0161en tre\u0107i Me\u0111unarodni EYCA Educo Kamp - Europe House<\/title>\n<meta name=\"robots\" content=\"index, follow, max-snippet:-1, max-image-preview:large, max-video-preview:-1\" \/>\n<link rel=\"canonical\" href=\"https:\/\/www.evropskakuca.me\/me\/zavrsen-treci-medunarodni-eyca-educo-kamp\/\" \/>\n<meta property=\"og:locale\" content=\"en_US\" \/>\n<meta property=\"og:type\" content=\"article\" \/>\n<meta property=\"og:title\" content=\"Zavr\u0161en tre\u0107i Me\u0111unarodni EYCA Educo Kamp - Europe House\" \/>\n<meta property=\"og:description\" content=\"Trodnevnim edukativnim seminarom, koji je okupio 30 mladih ljudi iz Crne Gore i regiona, obilje\u017een\u00a0je 12. avgust, Me\u0111unarodni dan mladih. Ovaj edukativni kamp organizovao je projektni tim\u00a0NVO \u201cCentar za omladinsku edukaciju\u201d, uz dugogodi\u0161nju podr\u0161ku i partnerstvo sa\u00a0Delegacijom Evropske unije u Crnoj Gori, kao i\u00a0NLB Bankom AD Podgorica\u00a0i\u00a0Mastercard-om. Ideja Me\u0111unarodnog EYCA Educo Campa proistekla je iz [&hellip;]\" \/>\n<meta property=\"og:url\" content=\"https:\/\/www.evropskakuca.me\/me\/zavrsen-treci-medunarodni-eyca-educo-kamp\/\" \/>\n<meta property=\"og:site_name\" content=\"Europe House\" \/>\n<meta property=\"article:publisher\" content=\"https:\/\/www.facebook.com\/evropska.kuca\" \/>\n<meta property=\"article:published_time\" content=\"2023-08-17T09:18:36+00:00\" \/>\n<meta property=\"og:image\" content=\"https:\/\/www.evropskakuca.me\/wp-content\/uploads\/2023\/08\/1692214634471-Hw8FkwBDhZCUo2QgMxQqaQai7.png\" \/>\n\t<meta property=\"og:image:width\" content=\"1210\" \/>\n\t<meta property=\"og:image:height\" content=\"750\" \/>\n\t<meta property=\"og:image:type\" content=\"image\/png\" \/>\n<meta name=\"author\" content=\"mkajic\" \/>\n<meta name=\"twitter:card\" content=\"summary_large_image\" \/>\n<meta name=\"twitter:creator\" content=\"@evropska_kuca\" \/>\n<meta name=\"twitter:site\" content=\"@evropska_kuca\" \/>\n<meta name=\"twitter:label1\" content=\"Written by\" \/>\n\t<meta name=\"twitter:data1\" content=\"mkajic\" \/>\n\t<meta name=\"twitter:label2\" content=\"Est. reading time\" \/>\n\t<meta name=\"twitter:data2\" content=\"3 minutes\" \/>\n<script type=\"application\/ld+json\" class=\"yoast-schema-graph\">{\"@context\":\"https:\\\/\\\/schema.org\",\"@graph\":[{\"@type\":\"Article\",\"@id\":\"https:\\\/\\\/www.evropskakuca.me\\\/me\\\/zavrsen-treci-medunarodni-eyca-educo-kamp\\\/#article\",\"isPartOf\":{\"@id\":\"https:\\\/\\\/www.evropskakuca.me\\\/me\\\/zavrsen-treci-medunarodni-eyca-educo-kamp\\\/\"},\"author\":{\"name\":\"mkajic\",\"@id\":\"https:\\\/\\\/www.evropskakuca.me\\\/me\\\/#\\\/schema\\\/person\\\/a1d0dcdaefe4a1cd1d60d200ea137ba4\"},\"headline\":\"Zavr\u0161en tre\u0107i Me\u0111unarodni EYCA Educo Kamp\",\"datePublished\":\"2023-08-17T09:18:36+00:00\",\"mainEntityOfPage\":{\"@id\":\"https:\\\/\\\/www.evropskakuca.me\\\/me\\\/zavrsen-treci-medunarodni-eyca-educo-kamp\\\/\"},\"wordCount\":679,\"publisher\":{\"@id\":\"https:\\\/\\\/www.evropskakuca.me\\\/me\\\/#organization\"},\"image\":{\"@id\":\"https:\\\/\\\/www.evropskakuca.me\\\/me\\\/zavrsen-treci-medunarodni-eyca-educo-kamp\\\/#primaryimage\"},\"thumbnailUrl\":\"https:\\\/\\\/www.evropskakuca.me\\\/wp-content\\\/uploads\\\/2023\\\/08\\\/1692214634471-Hw8FkwBDhZCUo2QgMxQqaQai7.png\",\"inLanguage\":\"me-ME\"},{\"@type\":\"WebPage\",\"@id\":\"https:\\\/\\\/www.evropskakuca.me\\\/me\\\/zavrsen-treci-medunarodni-eyca-educo-kamp\\\/\",\"url\":\"https:\\\/\\\/www.evropskakuca.me\\\/me\\\/zavrsen-treci-medunarodni-eyca-educo-kamp\\\/\",\"name\":\"Zavr\u0161en tre\u0107i Me\u0111unarodni EYCA Educo Kamp - Europe House\",\"isPartOf\":{\"@id\":\"https:\\\/\\\/www.evropskakuca.me\\\/me\\\/#website\"},\"primaryImageOfPage\":{\"@id\":\"https:\\\/\\\/www.evropskakuca.me\\\/me\\\/zavrsen-treci-medunarodni-eyca-educo-kamp\\\/#primaryimage\"},\"image\":{\"@id\":\"https:\\\/\\\/www.evropskakuca.me\\\/me\\\/zavrsen-treci-medunarodni-eyca-educo-kamp\\\/#primaryimage\"},\"thumbnailUrl\":\"https:\\\/\\\/www.evropskakuca.me\\\/wp-content\\\/uploads\\\/2023\\\/08\\\/1692214634471-Hw8FkwBDhZCUo2QgMxQqaQai7.png\",\"datePublished\":\"2023-08-17T09:18:36+00:00\",\"breadcrumb\":{\"@id\":\"https:\\\/\\\/www.evropskakuca.me\\\/me\\\/zavrsen-treci-medunarodni-eyca-educo-kamp\\\/#breadcrumb\"},\"inLanguage\":\"me-ME\",\"potentialAction\":[{\"@type\":\"ReadAction\",\"target\":[\"https:\\\/\\\/www.evropskakuca.me\\\/me\\\/zavrsen-treci-medunarodni-eyca-educo-kamp\\\/\"]}]},{\"@type\":\"ImageObject\",\"inLanguage\":\"me-ME\",\"@id\":\"https:\\\/\\\/www.evropskakuca.me\\\/me\\\/zavrsen-treci-medunarodni-eyca-educo-kamp\\\/#primaryimage\",\"url\":\"https:\\\/\\\/www.evropskakuca.me\\\/wp-content\\\/uploads\\\/2023\\\/08\\\/1692214634471-Hw8FkwBDhZCUo2QgMxQqaQai7.png\",\"contentUrl\":\"https:\\\/\\\/www.evropskakuca.me\\\/wp-content\\\/uploads\\\/2023\\\/08\\\/1692214634471-Hw8FkwBDhZCUo2QgMxQqaQai7.png\",\"width\":1210,\"height\":750},{\"@type\":\"BreadcrumbList\",\"@id\":\"https:\\\/\\\/www.evropskakuca.me\\\/me\\\/zavrsen-treci-medunarodni-eyca-educo-kamp\\\/#breadcrumb\",\"itemListElement\":[{\"@type\":\"ListItem\",\"position\":1,\"name\":\"Home\",\"item\":\"https:\\\/\\\/www.evropskakuca.me\\\/me\\\/\"},{\"@type\":\"ListItem\",\"position\":2,\"name\":\"Zavr\u0161en tre\u0107i Me\u0111unarodni EYCA Educo Kamp\"}]},{\"@type\":\"WebSite\",\"@id\":\"https:\\\/\\\/www.evropskakuca.me\\\/me\\\/#website\",\"url\":\"https:\\\/\\\/www.evropskakuca.me\\\/me\\\/\",\"name\":\"Evropean house\",\"description\":\"\",\"publisher\":{\"@id\":\"https:\\\/\\\/www.evropskakuca.me\\\/me\\\/#organization\"},\"potentialAction\":[{\"@type\":\"SearchAction\",\"target\":{\"@type\":\"EntryPoint\",\"urlTemplate\":\"https:\\\/\\\/www.evropskakuca.me\\\/me\\\/?s={search_term_string}\"},\"query-input\":{\"@type\":\"PropertyValueSpecification\",\"valueRequired\":true,\"valueName\":\"search_term_string\"}}],\"inLanguage\":\"me-ME\"},{\"@type\":\"Organization\",\"@id\":\"https:\\\/\\\/www.evropskakuca.me\\\/me\\\/#organization\",\"name\":\"Evropean house\",\"url\":\"https:\\\/\\\/www.evropskakuca.me\\\/me\\\/\",\"logo\":{\"@type\":\"ImageObject\",\"inLanguage\":\"me-ME\",\"@id\":\"https:\\\/\\\/www.evropskakuca.me\\\/me\\\/#\\\/schema\\\/logo\\\/image\\\/\",\"url\":\"https:\\\/\\\/www.evropskakuca.me\\\/wp-content\\\/uploads\\\/2025\\\/01\\\/evropska-kuca-logo-1.png\",\"contentUrl\":\"https:\\\/\\\/www.evropskakuca.me\\\/wp-content\\\/uploads\\\/2025\\\/01\\\/evropska-kuca-logo-1.png\",\"width\":425,\"height\":312,\"caption\":\"Evropean house\"},\"image\":{\"@id\":\"https:\\\/\\\/www.evropskakuca.me\\\/me\\\/#\\\/schema\\\/logo\\\/image\\\/\"},\"sameAs\":[\"https:\\\/\\\/www.facebook.com\\\/evropska.kuca\",\"https:\\\/\\\/x.com\\\/evropska_kuca\",\"https:\\\/\\\/www.instagram.com\\\/evropska_kuca\"]},{\"@type\":\"Person\",\"@id\":\"https:\\\/\\\/www.evropskakuca.me\\\/me\\\/#\\\/schema\\\/person\\\/a1d0dcdaefe4a1cd1d60d200ea137ba4\",\"name\":\"mkajic\",\"image\":{\"@type\":\"ImageObject\",\"inLanguage\":\"me-ME\",\"@id\":\"https:\\\/\\\/secure.gravatar.com\\\/avatar\\\/731fa035cefab7316e6bafd1f25a93fb731a07de14e2d9923f8db4422628eabc?s=96&d=mm&r=g\",\"url\":\"https:\\\/\\\/secure.gravatar.com\\\/avatar\\\/731fa035cefab7316e6bafd1f25a93fb731a07de14e2d9923f8db4422628eabc?s=96&d=mm&r=g\",\"contentUrl\":\"https:\\\/\\\/secure.gravatar.com\\\/avatar\\\/731fa035cefab7316e6bafd1f25a93fb731a07de14e2d9923f8db4422628eabc?s=96&d=mm&r=g\",\"caption\":\"mkajic\"},\"sameAs\":[\"https:\\\/\\\/evropskakuca.me\"],\"url\":\"https:\\\/\\\/www.evropskakuca.me\\\/me\\\/author\\\/mkajic\\\/\"}]}<\/script>\n<!-- \/ Yoast SEO plugin. -->","yoast_head_json":{"title":"Zavr\u0161en tre\u0107i Me\u0111unarodni EYCA Educo Kamp - Europe House","robots":{"index":"index","follow":"follow","max-snippet":"max-snippet:-1","max-image-preview":"max-image-preview:large","max-video-preview":"max-video-preview:-1"},"canonical":"https:\/\/www.evropskakuca.me\/me\/zavrsen-treci-medunarodni-eyca-educo-kamp\/","og_locale":"en_US","og_type":"article","og_title":"Zavr\u0161en tre\u0107i Me\u0111unarodni EYCA Educo Kamp - Europe House","og_description":"Trodnevnim edukativnim seminarom, koji je okupio 30 mladih ljudi iz Crne Gore i regiona, obilje\u017een\u00a0je 12. avgust, Me\u0111unarodni dan mladih. Ovaj edukativni kamp organizovao je projektni tim\u00a0NVO \u201cCentar za omladinsku edukaciju\u201d, uz dugogodi\u0161nju podr\u0161ku i partnerstvo sa\u00a0Delegacijom Evropske unije u Crnoj Gori, kao i\u00a0NLB Bankom AD Podgorica\u00a0i\u00a0Mastercard-om. Ideja Me\u0111unarodnog EYCA Educo Campa proistekla je iz [&hellip;]","og_url":"https:\/\/www.evropskakuca.me\/me\/zavrsen-treci-medunarodni-eyca-educo-kamp\/","og_site_name":"Europe House","article_publisher":"https:\/\/www.facebook.com\/evropska.kuca","article_published_time":"2023-08-17T09:18:36+00:00","og_image":[{"width":1210,"height":750,"url":"https:\/\/www.evropskakuca.me\/wp-content\/uploads\/2023\/08\/1692214634471-Hw8FkwBDhZCUo2QgMxQqaQai7.png","type":"image\/png"}],"author":"mkajic","twitter_card":"summary_large_image","twitter_creator":"@evropska_kuca","twitter_site":"@evropska_kuca","twitter_misc":{"Written by":"mkajic","Est. reading time":"3 minutes"},"schema":{"@context":"https:\/\/schema.org","@graph":[{"@type":"Article","@id":"https:\/\/www.evropskakuca.me\/me\/zavrsen-treci-medunarodni-eyca-educo-kamp\/#article","isPartOf":{"@id":"https:\/\/www.evropskakuca.me\/me\/zavrsen-treci-medunarodni-eyca-educo-kamp\/"},"author":{"name":"mkajic","@id":"https:\/\/www.evropskakuca.me\/me\/#\/schema\/person\/a1d0dcdaefe4a1cd1d60d200ea137ba4"},"headline":"Zavr\u0161en tre\u0107i Me\u0111unarodni EYCA Educo Kamp","datePublished":"2023-08-17T09:18:36+00:00","mainEntityOfPage":{"@id":"https:\/\/www.evropskakuca.me\/me\/zavrsen-treci-medunarodni-eyca-educo-kamp\/"},"wordCount":679,"publisher":{"@id":"https:\/\/www.evropskakuca.me\/me\/#organization"},"image":{"@id":"https:\/\/www.evropskakuca.me\/me\/zavrsen-treci-medunarodni-eyca-educo-kamp\/#primaryimage"},"thumbnailUrl":"https:\/\/www.evropskakuca.me\/wp-content\/uploads\/2023\/08\/1692214634471-Hw8FkwBDhZCUo2QgMxQqaQai7.png","inLanguage":"me-ME"},{"@type":"WebPage","@id":"https:\/\/www.evropskakuca.me\/me\/zavrsen-treci-medunarodni-eyca-educo-kamp\/","url":"https:\/\/www.evropskakuca.me\/me\/zavrsen-treci-medunarodni-eyca-educo-kamp\/","name":"Zavr\u0161en tre\u0107i Me\u0111unarodni EYCA Educo Kamp - Europe House","isPartOf":{"@id":"https:\/\/www.evropskakuca.me\/me\/#website"},"primaryImageOfPage":{"@id":"https:\/\/www.evropskakuca.me\/me\/zavrsen-treci-medunarodni-eyca-educo-kamp\/#primaryimage"},"image":{"@id":"https:\/\/www.evropskakuca.me\/me\/zavrsen-treci-medunarodni-eyca-educo-kamp\/#primaryimage"},"thumbnailUrl":"https:\/\/www.evropskakuca.me\/wp-content\/uploads\/2023\/08\/1692214634471-Hw8FkwBDhZCUo2QgMxQqaQai7.png","datePublished":"2023-08-17T09:18:36+00:00","breadcrumb":{"@id":"https:\/\/www.evropskakuca.me\/me\/zavrsen-treci-medunarodni-eyca-educo-kamp\/#breadcrumb"},"inLanguage":"me-ME","potentialAction":[{"@type":"ReadAction","target":["https:\/\/www.evropskakuca.me\/me\/zavrsen-treci-medunarodni-eyca-educo-kamp\/"]}]},{"@type":"ImageObject","inLanguage":"me-ME","@id":"https:\/\/www.evropskakuca.me\/me\/zavrsen-treci-medunarodni-eyca-educo-kamp\/#primaryimage","url":"https:\/\/www.evropskakuca.me\/wp-content\/uploads\/2023\/08\/1692214634471-Hw8FkwBDhZCUo2QgMxQqaQai7.png","contentUrl":"https:\/\/www.evropskakuca.me\/wp-content\/uploads\/2023\/08\/1692214634471-Hw8FkwBDhZCUo2QgMxQqaQai7.png","width":1210,"height":750},{"@type":"BreadcrumbList","@id":"https:\/\/www.evropskakuca.me\/me\/zavrsen-treci-medunarodni-eyca-educo-kamp\/#breadcrumb","itemListElement":[{"@type":"ListItem","position":1,"name":"Home","item":"https:\/\/www.evropskakuca.me\/me\/"},{"@type":"ListItem","position":2,"name":"Zavr\u0161en tre\u0107i Me\u0111unarodni EYCA Educo Kamp"}]},{"@type":"WebSite","@id":"https:\/\/www.evropskakuca.me\/me\/#website","url":"https:\/\/www.evropskakuca.me\/me\/","name":"Evropean house","description":"","publisher":{"@id":"https:\/\/www.evropskakuca.me\/me\/#organization"},"potentialAction":[{"@type":"SearchAction","target":{"@type":"EntryPoint","urlTemplate":"https:\/\/www.evropskakuca.me\/me\/?s={search_term_string}"},"query-input":{"@type":"PropertyValueSpecification","valueRequired":true,"valueName":"search_term_string"}}],"inLanguage":"me-ME"},{"@type":"Organization","@id":"https:\/\/www.evropskakuca.me\/me\/#organization","name":"Evropean house","url":"https:\/\/www.evropskakuca.me\/me\/","logo":{"@type":"ImageObject","inLanguage":"me-ME","@id":"https:\/\/www.evropskakuca.me\/me\/#\/schema\/logo\/image\/","url":"https:\/\/www.evropskakuca.me\/wp-content\/uploads\/2025\/01\/evropska-kuca-logo-1.png","contentUrl":"https:\/\/www.evropskakuca.me\/wp-content\/uploads\/2025\/01\/evropska-kuca-logo-1.png","width":425,"height":312,"caption":"Evropean house"},"image":{"@id":"https:\/\/www.evropskakuca.me\/me\/#\/schema\/logo\/image\/"},"sameAs":["https:\/\/www.facebook.com\/evropska.kuca","https:\/\/x.com\/evropska_kuca","https:\/\/www.instagram.com\/evropska_kuca"]},{"@type":"Person","@id":"https:\/\/www.evropskakuca.me\/me\/#\/schema\/person\/a1d0dcdaefe4a1cd1d60d200ea137ba4","name":"mkajic","image":{"@type":"ImageObject","inLanguage":"me-ME","@id":"https:\/\/secure.gravatar.com\/avatar\/731fa035cefab7316e6bafd1f25a93fb731a07de14e2d9923f8db4422628eabc?s=96&d=mm&r=g","url":"https:\/\/secure.gravatar.com\/avatar\/731fa035cefab7316e6bafd1f25a93fb731a07de14e2d9923f8db4422628eabc?s=96&d=mm&r=g","contentUrl":"https:\/\/secure.gravatar.com\/avatar\/731fa035cefab7316e6bafd1f25a93fb731a07de14e2d9923f8db4422628eabc?s=96&d=mm&r=g","caption":"mkajic"},"sameAs":["https:\/\/evropskakuca.me"],"url":"https:\/\/www.evropskakuca.me\/me\/author\/mkajic\/"}]}},"_links":{"self":[{"href":"https:\/\/www.evropskakuca.me\/me\/wp-json\/wp\/v2\/posts\/26413","targetHints":{"allow":["GET"]}}],"collection":[{"href":"https:\/\/www.evropskakuca.me\/me\/wp-json\/wp\/v2\/posts"}],"about":[{"href":"https:\/\/www.evropskakuca.me\/me\/wp-json\/wp\/v2\/types\/post"}],"author":[{"embeddable":true,"href":"https:\/\/www.evropskakuca.me\/me\/wp-json\/wp\/v2\/users\/1"}],"replies":[{"embeddable":true,"href":"https:\/\/www.evropskakuca.me\/me\/wp-json\/wp\/v2\/comments?post=26413"}],"version-history":[{"count":0,"href":"https:\/\/www.evropskakuca.me\/me\/wp-json\/wp\/v2\/posts\/26413\/revisions"}],"wp:featuredmedia":[{"embeddable":true,"href":"https:\/\/www.evropskakuca.me\/me\/wp-json\/wp\/v2\/media\/39741"}],"wp:attachment":[{"href":"https:\/\/www.evropskakuca.me\/me\/wp-json\/wp\/v2\/media?parent=26413"}],"wp:term":[{"taxonomy":"category","embeddable":true,"href":"https:\/\/www.evropskakuca.me\/me\/wp-json\/wp\/v2\/categories?post=26413"},{"taxonomy":"post_tag","embeddable":true,"href":"https:\/\/www.evropskakuca.me\/me\/wp-json\/wp\/v2\/tags?post=26413"}],"curies":[{"name":"wp","href":"https:\/\/api.w.org\/{rel}","templated":true}]}}