{"id":26352,"date":"2023-08-11T11:14:35","date_gmt":"2023-08-11T11:14:35","guid":{"rendered":"https:\/\/evropskakuca.me\/?p=26352"},"modified":"2023-08-11T11:14:35","modified_gmt":"2023-08-11T11:14:35","slug":"panel-diskusija-medunarodni-dan-mladih-mladi-da-li-se-cujemo","status":"publish","type":"post","link":"https:\/\/www.evropskakuca.me\/me\/panel-diskusija-medunarodni-dan-mladih-mladi-da-li-se-cujemo\/","title":{"rendered":"Panel diskusija: &#8220;Me\u0111unarodni dan mladih: Mladi, da li se \u010dujemo?&#8221;"},"content":{"rendered":"<p>U\u00a0sklopu\u00a0<strong>III Me\u0111unarodnog EYCA Educo Campa\u00a0<\/strong>organizujemo tradicionalnu panel diskusiju\u00a0\u201cMe\u0111unarodni dan mladih \u2013 Mladi, da li se \u010dujemo?&#8221;,\u00a0koja \u0107e se organizovati u sklopu III me\u0111unarodnog EYCA Educo Campa u subotu,\u00a0<strong>12. avgusta sa po\u010detkom u 12h\u00a0<\/strong>u \u010dast ovog va\u017enog omladinskog datuma.<\/p>\n<p>\u017delimo ukazati na va\u017enu ulogu mladih u izgradnji budu\u0107nosti, a bi\u010de\u00a0rije\u010di o omladinskoj politici, polo\u017eaju mladih ljudi u Crnoj Gori i \u0161irom regiona, aktuelnim problemima, programima koji se sprovode, evropskim praksama, kao i preporukama za budu\u0107e korake.<\/p>\n<p style=\"text-align: center;\"><strong><em><u>Moderatorka panela:<\/u><\/em><\/strong><\/p>\n<p><strong><u><br \/>\n<\/u><\/strong><strong>Jelena Kavari\u0107,<\/strong>\u00a0projektna menad\u017eerka (NVO Centar za omladinsku edukaciju)<\/p>\n<p style=\"text-align: center;\"><strong><em><u>Gosti:<\/u><\/em><\/strong><\/p>\n<p><strong>Neda Ojdani\u0107<\/strong>, dr\u017eavna sekretarka (Ministarstvo sporta i mladih)<br \/>\n<strong>Sa\u0161a Palibrk,\u00a0<\/strong>savjetnik za javno informisanje i komunikaciju (Evropska ku\u0107a)<br \/>\n<strong>Ajla Jadadi\u0107,\u00a0<\/strong>omladinska aktivistkinja (Omladinski servisi Crne Gore)<br \/>\n<strong>Nikitas Papadopoulos (Gr\u010dka)<\/strong>, omladinski aktivista (EYCA Youth Panel)<\/p>\n<p><img fetchpriority=\"high\" decoding=\"async\" class=\"alignnone size-large wp-image-26353\" src=\"https:\/\/evropskakuca.me\/wp-content\/uploads\/2023\/08\/1691662125636-T16hquXpQCOuYlRqcvQAPvQ22-1024x635.png\" alt=\"\" width=\"1024\" height=\"635\" \/><\/p>\n<p>Sigurni smo da \u0107e u\u010desnici i gosti u\u017eivati u diskusiji o va\u017enim omladinskim temama, kao i da \u0107e svi prisutni dati svoj doprinos.\u00a0Koristimo ovu priliku da se zahvalimo na\u0161im panelistima na njihovom u\u010de\u0161\u0107u u panel diskusiji i njihovoj \u017eelji da provedu ovaj dan dru\u017ee\u0107i se mladima.<\/p>\n<p>Trodnevni edukativni seminar, kojim se obilje\u017eava\u00a0<strong>12. avgust, Me\u0111unarodni dan mladih, i Evropska godina vje\u0161tina<\/strong>, organizuje projektni tim\u00a0<strong>NVO Centar za omladinsku edukaciju,<\/strong>\u00a0uz finansijsku podr\u0161ku\u00a0<strong>Delegacije Evropske unije u Crnoj Gori,<\/strong>\u00a0<strong>NLB Banke AD Podgorica<\/strong>\u00a0i\u00a0<strong>Mastercard-a<\/strong>.<\/p>\n<p>Evropska omladinska kartica (EYCA) je dru\u0161tveno odgovorni program koji mladim ljudima (13-29 godina) omogu\u0107ava ulazak u svijet informacija, mobilnosti, neformalne edukacije, umre\u017eavanja na nacionalnom i evropskom nivou, kao i kori\u0161\u0107enja velikog broja povlastica u Crnoj Gori (kroz partnerstvo sa vi\u0161e od 270 kompanija) i Evropi (vi\u0161e od 70.000 kompanija). Implementacija ovog projekta usagla\u0161ena je sa ciljevima koje prepoznaje Srednjoro\u010dni plan rada Vlade Crne Gore (2022-2024), Zakon o mladima, Strategija za mlade (2017-2021) i Evropska omladinska strategija (2019-2027).<\/p>\n<p>Projekat Evropske omladinske kartice (EYCA) u Crnoj Gori sprovodi NVO \u201eCentar za omladinsku edukaciju\u201c uz podr\u0161ku i pokroviteljstvo Ministarstva sporta i mladih, a do sada je u Crnoj Gori distribuirano vi\u0161e od 45.000 besplatnih kartica.<\/p>\n","protected":false},"excerpt":{"rendered":"<p>U\u00a0sklopu\u00a0III Me\u0111unarodnog EYCA Educo Campa\u00a0organizujemo tradicionalnu panel diskusiju\u00a0\u201cMe\u0111unarodni dan mladih \u2013 Mladi, da li se \u010dujemo?&#8221;,\u00a0koja \u0107e se organizovati u sklopu III me\u0111unarodnog EYCA Educo Campa u subotu,\u00a012. avgusta sa po\u010detkom u 12h\u00a0u \u010dast ovog va\u017enog omladinskog datuma. \u017delimo ukazati na va\u017enu ulogu mladih u izgradnji budu\u0107nosti, a bi\u010de\u00a0rije\u010di o omladinskoj politici, polo\u017eaju mladih ljudi [&hellip;]<\/p>\n","protected":false},"author":1,"featured_media":0,"comment_status":"closed","ping_status":"closed","sticky":false,"template":"","format":"standard","meta":{"_acf_changed":false,"footnotes":""},"categories":[],"tags":[],"class_list":["post-26352","post","type-post","status-publish","format-standard","hentry"],"acf":[],"yoast_head":"<!-- This site is optimized with the Yoast SEO plugin v27.3 - https:\/\/yoast.com\/product\/yoast-seo-wordpress\/ -->\n<title>Panel diskusija: &quot;Me\u0111unarodni dan mladih: Mladi, da li se \u010dujemo?&quot; - Europe House<\/title>\n<meta name=\"robots\" content=\"index, follow, max-snippet:-1, max-image-preview:large, max-video-preview:-1\" \/>\n<link rel=\"canonical\" href=\"https:\/\/www.evropskakuca.me\/me\/panel-diskusija-medunarodni-dan-mladih-mladi-da-li-se-cujemo\/\" \/>\n<meta property=\"og:locale\" content=\"en_US\" \/>\n<meta property=\"og:type\" content=\"article\" \/>\n<meta property=\"og:title\" content=\"Panel diskusija: &quot;Me\u0111unarodni dan mladih: Mladi, da li se \u010dujemo?&quot; - Europe House\" \/>\n<meta property=\"og:description\" content=\"U\u00a0sklopu\u00a0III Me\u0111unarodnog EYCA Educo Campa\u00a0organizujemo tradicionalnu panel diskusiju\u00a0\u201cMe\u0111unarodni dan mladih \u2013 Mladi, da li se \u010dujemo?&#8221;,\u00a0koja \u0107e se organizovati u sklopu III me\u0111unarodnog EYCA Educo Campa u subotu,\u00a012. avgusta sa po\u010detkom u 12h\u00a0u \u010dast ovog va\u017enog omladinskog datuma. \u017delimo ukazati na va\u017enu ulogu mladih u izgradnji budu\u0107nosti, a bi\u010de\u00a0rije\u010di o omladinskoj politici, polo\u017eaju mladih ljudi [&hellip;]\" \/>\n<meta property=\"og:url\" content=\"https:\/\/www.evropskakuca.me\/me\/panel-diskusija-medunarodni-dan-mladih-mladi-da-li-se-cujemo\/\" \/>\n<meta property=\"og:site_name\" content=\"Europe House\" \/>\n<meta property=\"article:publisher\" content=\"https:\/\/www.facebook.com\/evropska.kuca\" \/>\n<meta property=\"article:published_time\" content=\"2023-08-11T11:14:35+00:00\" \/>\n<meta property=\"og:image\" content=\"https:\/\/evropskakuca.me\/wp-content\/uploads\/2023\/08\/1691662125636-T16hquXpQCOuYlRqcvQAPvQ22-1024x635.png\" \/>\n<meta name=\"author\" content=\"mkajic\" \/>\n<meta name=\"twitter:card\" content=\"summary_large_image\" \/>\n<meta name=\"twitter:creator\" content=\"@evropska_kuca\" \/>\n<meta name=\"twitter:site\" content=\"@evropska_kuca\" \/>\n<meta name=\"twitter:label1\" content=\"Written by\" \/>\n\t<meta name=\"twitter:data1\" content=\"mkajic\" \/>\n\t<meta name=\"twitter:label2\" content=\"Est. reading time\" \/>\n\t<meta name=\"twitter:data2\" content=\"2 minutes\" \/>\n<script type=\"application\/ld+json\" class=\"yoast-schema-graph\">{\"@context\":\"https:\\\/\\\/schema.org\",\"@graph\":[{\"@type\":\"Article\",\"@id\":\"https:\\\/\\\/www.evropskakuca.me\\\/me\\\/panel-diskusija-medunarodni-dan-mladih-mladi-da-li-se-cujemo\\\/#article\",\"isPartOf\":{\"@id\":\"https:\\\/\\\/www.evropskakuca.me\\\/me\\\/panel-diskusija-medunarodni-dan-mladih-mladi-da-li-se-cujemo\\\/\"},\"author\":{\"name\":\"mkajic\",\"@id\":\"https:\\\/\\\/www.evropskakuca.me\\\/me\\\/#\\\/schema\\\/person\\\/a1d0dcdaefe4a1cd1d60d200ea137ba4\"},\"headline\":\"Panel diskusija: &#8220;Me\u0111unarodni dan mladih: Mladi, da li se \u010dujemo?&#8221;\",\"datePublished\":\"2023-08-11T11:14:35+00:00\",\"mainEntityOfPage\":{\"@id\":\"https:\\\/\\\/www.evropskakuca.me\\\/me\\\/panel-diskusija-medunarodni-dan-mladih-mladi-da-li-se-cujemo\\\/\"},\"wordCount\":369,\"publisher\":{\"@id\":\"https:\\\/\\\/www.evropskakuca.me\\\/me\\\/#organization\"},\"image\":{\"@id\":\"https:\\\/\\\/www.evropskakuca.me\\\/me\\\/panel-diskusija-medunarodni-dan-mladih-mladi-da-li-se-cujemo\\\/#primaryimage\"},\"thumbnailUrl\":\"https:\\\/\\\/evropskakuca.me\\\/wp-content\\\/uploads\\\/2023\\\/08\\\/1691662125636-T16hquXpQCOuYlRqcvQAPvQ22-1024x635.png\",\"inLanguage\":\"me-ME\"},{\"@type\":\"WebPage\",\"@id\":\"https:\\\/\\\/www.evropskakuca.me\\\/me\\\/panel-diskusija-medunarodni-dan-mladih-mladi-da-li-se-cujemo\\\/\",\"url\":\"https:\\\/\\\/www.evropskakuca.me\\\/me\\\/panel-diskusija-medunarodni-dan-mladih-mladi-da-li-se-cujemo\\\/\",\"name\":\"Panel diskusija: \\\"Me\u0111unarodni dan mladih: Mladi, da li se \u010dujemo?\\\" - Europe House\",\"isPartOf\":{\"@id\":\"https:\\\/\\\/www.evropskakuca.me\\\/me\\\/#website\"},\"primaryImageOfPage\":{\"@id\":\"https:\\\/\\\/www.evropskakuca.me\\\/me\\\/panel-diskusija-medunarodni-dan-mladih-mladi-da-li-se-cujemo\\\/#primaryimage\"},\"image\":{\"@id\":\"https:\\\/\\\/www.evropskakuca.me\\\/me\\\/panel-diskusija-medunarodni-dan-mladih-mladi-da-li-se-cujemo\\\/#primaryimage\"},\"thumbnailUrl\":\"https:\\\/\\\/evropskakuca.me\\\/wp-content\\\/uploads\\\/2023\\\/08\\\/1691662125636-T16hquXpQCOuYlRqcvQAPvQ22-1024x635.png\",\"datePublished\":\"2023-08-11T11:14:35+00:00\",\"breadcrumb\":{\"@id\":\"https:\\\/\\\/www.evropskakuca.me\\\/me\\\/panel-diskusija-medunarodni-dan-mladih-mladi-da-li-se-cujemo\\\/#breadcrumb\"},\"inLanguage\":\"me-ME\",\"potentialAction\":[{\"@type\":\"ReadAction\",\"target\":[\"https:\\\/\\\/www.evropskakuca.me\\\/me\\\/panel-diskusija-medunarodni-dan-mladih-mladi-da-li-se-cujemo\\\/\"]}]},{\"@type\":\"ImageObject\",\"inLanguage\":\"me-ME\",\"@id\":\"https:\\\/\\\/www.evropskakuca.me\\\/me\\\/panel-diskusija-medunarodni-dan-mladih-mladi-da-li-se-cujemo\\\/#primaryimage\",\"url\":\"https:\\\/\\\/evropskakuca.me\\\/wp-content\\\/uploads\\\/2023\\\/08\\\/1691662125636-T16hquXpQCOuYlRqcvQAPvQ22-1024x635.png\",\"contentUrl\":\"https:\\\/\\\/evropskakuca.me\\\/wp-content\\\/uploads\\\/2023\\\/08\\\/1691662125636-T16hquXpQCOuYlRqcvQAPvQ22-1024x635.png\"},{\"@type\":\"BreadcrumbList\",\"@id\":\"https:\\\/\\\/www.evropskakuca.me\\\/me\\\/panel-diskusija-medunarodni-dan-mladih-mladi-da-li-se-cujemo\\\/#breadcrumb\",\"itemListElement\":[{\"@type\":\"ListItem\",\"position\":1,\"name\":\"Home\",\"item\":\"https:\\\/\\\/www.evropskakuca.me\\\/me\\\/\"},{\"@type\":\"ListItem\",\"position\":2,\"name\":\"Panel diskusija: &#8220;Me\u0111unarodni dan mladih: Mladi, da li se \u010dujemo?&#8221;\"}]},{\"@type\":\"WebSite\",\"@id\":\"https:\\\/\\\/www.evropskakuca.me\\\/me\\\/#website\",\"url\":\"https:\\\/\\\/www.evropskakuca.me\\\/me\\\/\",\"name\":\"Evropean house\",\"description\":\"\",\"publisher\":{\"@id\":\"https:\\\/\\\/www.evropskakuca.me\\\/me\\\/#organization\"},\"potentialAction\":[{\"@type\":\"SearchAction\",\"target\":{\"@type\":\"EntryPoint\",\"urlTemplate\":\"https:\\\/\\\/www.evropskakuca.me\\\/me\\\/?s={search_term_string}\"},\"query-input\":{\"@type\":\"PropertyValueSpecification\",\"valueRequired\":true,\"valueName\":\"search_term_string\"}}],\"inLanguage\":\"me-ME\"},{\"@type\":\"Organization\",\"@id\":\"https:\\\/\\\/www.evropskakuca.me\\\/me\\\/#organization\",\"name\":\"Evropean house\",\"url\":\"https:\\\/\\\/www.evropskakuca.me\\\/me\\\/\",\"logo\":{\"@type\":\"ImageObject\",\"inLanguage\":\"me-ME\",\"@id\":\"https:\\\/\\\/www.evropskakuca.me\\\/me\\\/#\\\/schema\\\/logo\\\/image\\\/\",\"url\":\"https:\\\/\\\/www.evropskakuca.me\\\/wp-content\\\/uploads\\\/2025\\\/01\\\/evropska-kuca-logo-1.png\",\"contentUrl\":\"https:\\\/\\\/www.evropskakuca.me\\\/wp-content\\\/uploads\\\/2025\\\/01\\\/evropska-kuca-logo-1.png\",\"width\":425,\"height\":312,\"caption\":\"Evropean house\"},\"image\":{\"@id\":\"https:\\\/\\\/www.evropskakuca.me\\\/me\\\/#\\\/schema\\\/logo\\\/image\\\/\"},\"sameAs\":[\"https:\\\/\\\/www.facebook.com\\\/evropska.kuca\",\"https:\\\/\\\/x.com\\\/evropska_kuca\",\"https:\\\/\\\/www.instagram.com\\\/evropska_kuca\"]},{\"@type\":\"Person\",\"@id\":\"https:\\\/\\\/www.evropskakuca.me\\\/me\\\/#\\\/schema\\\/person\\\/a1d0dcdaefe4a1cd1d60d200ea137ba4\",\"name\":\"mkajic\",\"image\":{\"@type\":\"ImageObject\",\"inLanguage\":\"me-ME\",\"@id\":\"https:\\\/\\\/secure.gravatar.com\\\/avatar\\\/731fa035cefab7316e6bafd1f25a93fb731a07de14e2d9923f8db4422628eabc?s=96&d=mm&r=g\",\"url\":\"https:\\\/\\\/secure.gravatar.com\\\/avatar\\\/731fa035cefab7316e6bafd1f25a93fb731a07de14e2d9923f8db4422628eabc?s=96&d=mm&r=g\",\"contentUrl\":\"https:\\\/\\\/secure.gravatar.com\\\/avatar\\\/731fa035cefab7316e6bafd1f25a93fb731a07de14e2d9923f8db4422628eabc?s=96&d=mm&r=g\",\"caption\":\"mkajic\"},\"sameAs\":[\"https:\\\/\\\/evropskakuca.me\"],\"url\":\"https:\\\/\\\/www.evropskakuca.me\\\/me\\\/author\\\/mkajic\\\/\"}]}<\/script>\n<!-- \/ Yoast SEO plugin. -->","yoast_head_json":{"title":"Panel diskusija: \"Me\u0111unarodni dan mladih: Mladi, da li se \u010dujemo?\" - Europe House","robots":{"index":"index","follow":"follow","max-snippet":"max-snippet:-1","max-image-preview":"max-image-preview:large","max-video-preview":"max-video-preview:-1"},"canonical":"https:\/\/www.evropskakuca.me\/me\/panel-diskusija-medunarodni-dan-mladih-mladi-da-li-se-cujemo\/","og_locale":"en_US","og_type":"article","og_title":"Panel diskusija: \"Me\u0111unarodni dan mladih: Mladi, da li se \u010dujemo?\" - Europe House","og_description":"U\u00a0sklopu\u00a0III Me\u0111unarodnog EYCA Educo Campa\u00a0organizujemo tradicionalnu panel diskusiju\u00a0\u201cMe\u0111unarodni dan mladih \u2013 Mladi, da li se \u010dujemo?&#8221;,\u00a0koja \u0107e se organizovati u sklopu III me\u0111unarodnog EYCA Educo Campa u subotu,\u00a012. avgusta sa po\u010detkom u 12h\u00a0u \u010dast ovog va\u017enog omladinskog datuma. \u017delimo ukazati na va\u017enu ulogu mladih u izgradnji budu\u0107nosti, a bi\u010de\u00a0rije\u010di o omladinskoj politici, polo\u017eaju mladih ljudi [&hellip;]","og_url":"https:\/\/www.evropskakuca.me\/me\/panel-diskusija-medunarodni-dan-mladih-mladi-da-li-se-cujemo\/","og_site_name":"Europe House","article_publisher":"https:\/\/www.facebook.com\/evropska.kuca","article_published_time":"2023-08-11T11:14:35+00:00","og_image":[{"url":"https:\/\/evropskakuca.me\/wp-content\/uploads\/2023\/08\/1691662125636-T16hquXpQCOuYlRqcvQAPvQ22-1024x635.png","type":"","width":"","height":""}],"author":"mkajic","twitter_card":"summary_large_image","twitter_creator":"@evropska_kuca","twitter_site":"@evropska_kuca","twitter_misc":{"Written by":"mkajic","Est. reading time":"2 minutes"},"schema":{"@context":"https:\/\/schema.org","@graph":[{"@type":"Article","@id":"https:\/\/www.evropskakuca.me\/me\/panel-diskusija-medunarodni-dan-mladih-mladi-da-li-se-cujemo\/#article","isPartOf":{"@id":"https:\/\/www.evropskakuca.me\/me\/panel-diskusija-medunarodni-dan-mladih-mladi-da-li-se-cujemo\/"},"author":{"name":"mkajic","@id":"https:\/\/www.evropskakuca.me\/me\/#\/schema\/person\/a1d0dcdaefe4a1cd1d60d200ea137ba4"},"headline":"Panel diskusija: &#8220;Me\u0111unarodni dan mladih: Mladi, da li se \u010dujemo?&#8221;","datePublished":"2023-08-11T11:14:35+00:00","mainEntityOfPage":{"@id":"https:\/\/www.evropskakuca.me\/me\/panel-diskusija-medunarodni-dan-mladih-mladi-da-li-se-cujemo\/"},"wordCount":369,"publisher":{"@id":"https:\/\/www.evropskakuca.me\/me\/#organization"},"image":{"@id":"https:\/\/www.evropskakuca.me\/me\/panel-diskusija-medunarodni-dan-mladih-mladi-da-li-se-cujemo\/#primaryimage"},"thumbnailUrl":"https:\/\/evropskakuca.me\/wp-content\/uploads\/2023\/08\/1691662125636-T16hquXpQCOuYlRqcvQAPvQ22-1024x635.png","inLanguage":"me-ME"},{"@type":"WebPage","@id":"https:\/\/www.evropskakuca.me\/me\/panel-diskusija-medunarodni-dan-mladih-mladi-da-li-se-cujemo\/","url":"https:\/\/www.evropskakuca.me\/me\/panel-diskusija-medunarodni-dan-mladih-mladi-da-li-se-cujemo\/","name":"Panel diskusija: \"Me\u0111unarodni dan mladih: Mladi, da li se \u010dujemo?\" - Europe House","isPartOf":{"@id":"https:\/\/www.evropskakuca.me\/me\/#website"},"primaryImageOfPage":{"@id":"https:\/\/www.evropskakuca.me\/me\/panel-diskusija-medunarodni-dan-mladih-mladi-da-li-se-cujemo\/#primaryimage"},"image":{"@id":"https:\/\/www.evropskakuca.me\/me\/panel-diskusija-medunarodni-dan-mladih-mladi-da-li-se-cujemo\/#primaryimage"},"thumbnailUrl":"https:\/\/evropskakuca.me\/wp-content\/uploads\/2023\/08\/1691662125636-T16hquXpQCOuYlRqcvQAPvQ22-1024x635.png","datePublished":"2023-08-11T11:14:35+00:00","breadcrumb":{"@id":"https:\/\/www.evropskakuca.me\/me\/panel-diskusija-medunarodni-dan-mladih-mladi-da-li-se-cujemo\/#breadcrumb"},"inLanguage":"me-ME","potentialAction":[{"@type":"ReadAction","target":["https:\/\/www.evropskakuca.me\/me\/panel-diskusija-medunarodni-dan-mladih-mladi-da-li-se-cujemo\/"]}]},{"@type":"ImageObject","inLanguage":"me-ME","@id":"https:\/\/www.evropskakuca.me\/me\/panel-diskusija-medunarodni-dan-mladih-mladi-da-li-se-cujemo\/#primaryimage","url":"https:\/\/evropskakuca.me\/wp-content\/uploads\/2023\/08\/1691662125636-T16hquXpQCOuYlRqcvQAPvQ22-1024x635.png","contentUrl":"https:\/\/evropskakuca.me\/wp-content\/uploads\/2023\/08\/1691662125636-T16hquXpQCOuYlRqcvQAPvQ22-1024x635.png"},{"@type":"BreadcrumbList","@id":"https:\/\/www.evropskakuca.me\/me\/panel-diskusija-medunarodni-dan-mladih-mladi-da-li-se-cujemo\/#breadcrumb","itemListElement":[{"@type":"ListItem","position":1,"name":"Home","item":"https:\/\/www.evropskakuca.me\/me\/"},{"@type":"ListItem","position":2,"name":"Panel diskusija: &#8220;Me\u0111unarodni dan mladih: Mladi, da li se \u010dujemo?&#8221;"}]},{"@type":"WebSite","@id":"https:\/\/www.evropskakuca.me\/me\/#website","url":"https:\/\/www.evropskakuca.me\/me\/","name":"Evropean house","description":"","publisher":{"@id":"https:\/\/www.evropskakuca.me\/me\/#organization"},"potentialAction":[{"@type":"SearchAction","target":{"@type":"EntryPoint","urlTemplate":"https:\/\/www.evropskakuca.me\/me\/?s={search_term_string}"},"query-input":{"@type":"PropertyValueSpecification","valueRequired":true,"valueName":"search_term_string"}}],"inLanguage":"me-ME"},{"@type":"Organization","@id":"https:\/\/www.evropskakuca.me\/me\/#organization","name":"Evropean house","url":"https:\/\/www.evropskakuca.me\/me\/","logo":{"@type":"ImageObject","inLanguage":"me-ME","@id":"https:\/\/www.evropskakuca.me\/me\/#\/schema\/logo\/image\/","url":"https:\/\/www.evropskakuca.me\/wp-content\/uploads\/2025\/01\/evropska-kuca-logo-1.png","contentUrl":"https:\/\/www.evropskakuca.me\/wp-content\/uploads\/2025\/01\/evropska-kuca-logo-1.png","width":425,"height":312,"caption":"Evropean house"},"image":{"@id":"https:\/\/www.evropskakuca.me\/me\/#\/schema\/logo\/image\/"},"sameAs":["https:\/\/www.facebook.com\/evropska.kuca","https:\/\/x.com\/evropska_kuca","https:\/\/www.instagram.com\/evropska_kuca"]},{"@type":"Person","@id":"https:\/\/www.evropskakuca.me\/me\/#\/schema\/person\/a1d0dcdaefe4a1cd1d60d200ea137ba4","name":"mkajic","image":{"@type":"ImageObject","inLanguage":"me-ME","@id":"https:\/\/secure.gravatar.com\/avatar\/731fa035cefab7316e6bafd1f25a93fb731a07de14e2d9923f8db4422628eabc?s=96&d=mm&r=g","url":"https:\/\/secure.gravatar.com\/avatar\/731fa035cefab7316e6bafd1f25a93fb731a07de14e2d9923f8db4422628eabc?s=96&d=mm&r=g","contentUrl":"https:\/\/secure.gravatar.com\/avatar\/731fa035cefab7316e6bafd1f25a93fb731a07de14e2d9923f8db4422628eabc?s=96&d=mm&r=g","caption":"mkajic"},"sameAs":["https:\/\/evropskakuca.me"],"url":"https:\/\/www.evropskakuca.me\/me\/author\/mkajic\/"}]}},"_links":{"self":[{"href":"https:\/\/www.evropskakuca.me\/me\/wp-json\/wp\/v2\/posts\/26352","targetHints":{"allow":["GET"]}}],"collection":[{"href":"https:\/\/www.evropskakuca.me\/me\/wp-json\/wp\/v2\/posts"}],"about":[{"href":"https:\/\/www.evropskakuca.me\/me\/wp-json\/wp\/v2\/types\/post"}],"author":[{"embeddable":true,"href":"https:\/\/www.evropskakuca.me\/me\/wp-json\/wp\/v2\/users\/1"}],"replies":[{"embeddable":true,"href":"https:\/\/www.evropskakuca.me\/me\/wp-json\/wp\/v2\/comments?post=26352"}],"version-history":[{"count":0,"href":"https:\/\/www.evropskakuca.me\/me\/wp-json\/wp\/v2\/posts\/26352\/revisions"}],"wp:attachment":[{"href":"https:\/\/www.evropskakuca.me\/me\/wp-json\/wp\/v2\/media?parent=26352"}],"wp:term":[{"taxonomy":"category","embeddable":true,"href":"https:\/\/www.evropskakuca.me\/me\/wp-json\/wp\/v2\/categories?post=26352"},{"taxonomy":"post_tag","embeddable":true,"href":"https:\/\/www.evropskakuca.me\/me\/wp-json\/wp\/v2\/tags?post=26352"}],"curies":[{"name":"wp","href":"https:\/\/api.w.org\/{rel}","templated":true}]}}