{"id":26321,"date":"2023-08-11T10:05:29","date_gmt":"2023-08-11T10:05:29","guid":{"rendered":"https:\/\/evropskakuca.me\/?p=26321"},"modified":"2025-01-21T10:32:57","modified_gmt":"2025-01-21T10:32:57","slug":"kafa-sa-ambasadorima","status":"publish","type":"post","link":"https:\/\/www.evropskakuca.me\/me\/kafa-sa-ambasadorima\/","title":{"rendered":"Kafa sa ambasadorima"},"content":{"rendered":"<p>\u201dKafa sa ambasadorima\u201d naziv je na\u0161e nove aktivnosti kojom Evropska ku\u0107a otvara svoja vrata gra\u0111anima da se upoznaju sa predstavnicima zemalja EU u Crnoj Gori i da kroz otvoren dijalog saznaju sve \u0161to ih interesuje.<\/p>\n<p><img fetchpriority=\"high\" decoding=\"async\" class=\"size-full wp-image-26324 aligncenter\" src=\"https:\/\/evropskakuca.me\/wp-content\/uploads\/2023\/08\/eu-banner-03.png\" alt=\"\" width=\"501\" height=\"500\" \/><\/p>\n<p>Ovaj doga\u0111aj prvi put je organizovan u \u010dast Dana Evrope i to sa ambasadorkom \u0160vedske koja trenutno predsjedava Savjetom EU.<\/p>\n<blockquote><p>\u00a0\u201dOvo je sjajan na\u010din da se mladi i budu\u0107i lideri upoznaju sa zemljama Evropske unije i sa ulogama koje one imaju. Vjerujem da je najbolji na\u010din da vodimo otvoreni dijalog i da mladi postave sva pitanja koja \u017eele\u201d, kazala je ambasadorka EU u Crnoj Gori, <strong>Oana Kristina Popa<\/strong>.<\/p><\/blockquote>\n<p>Nakon \u201eKafe sa ambasadorkom \u0160vedske\u201c, uslijedila su dru\u017eenja sa ambasadorima Hrvatske i Austrije&#8230;<\/p>\n<p>Oni su sa nama podijelili svoja iskustva, ali su govorili\u00a0 i o iskustvima svojih zemalja u procesima pristupanja EU.<\/p>\n<p>Ispijaju\u0107i \u201eKafu sa ambasadorima\u201c posjetioci su imali priliku da se upoznaju i sa kulinarskim, ali i muzi\u010dkim specifi\u010dnostima zemalja uva\u017eenih ambasadora. Tako smo uz koncerte bez struje u\u017eivali u glasovima hrvatskih klapa Camerton i Lanterna, a dio kulturnog bogatstva zemlje ispod Alpa, Austrije predstavio je muzi\u010dki virtuoz Jakob Steinkelner kroz zvuke \u0160tajerske harmonike i akordiona<em>.<\/em><\/p>\n<p>U budu\u0107em periodu Evropska ku\u0107a planira da ugosti ambasadore svih zemalja \u010dlanica Evropske unije koje imaju svoja diplomatska predstavni\u0161tva u Crnoj Gori.\u00a0 Ova dru\u017eenja pomo\u0107i \u0107e nam da se upoznaju\u0107i na\u0161e sli\u010dnosti i prepoznaju\u0107i na\u0161e razlike ujedinimo pod zajedni\u010dkim nebom Evrope.<\/p>\n<p><strong>Povezani \u010dlanci:<\/strong><\/p>\n<p><a href=\"https:\/\/evropskakuca.me\/me\/kafa-sa-ambasadorom-austrije-i-zvuci-stajerske-harmonike-u-evropskoj-kuci\/\">Kafa sa ambasadorom Austrije i zvuci \u0160tajerske harmonike u Evropskoj ku\u0107i<\/a><\/p>\n<p><a href=\"https:\/\/evropskakuca.me\/me\/razgovor-sa-ambasadorom-hrvatske-i-zvuci-klapa-u-evropskoj-kuci\/\">Razgovor sa ambasadorom Hrvatske i zvuci klapa u Evropskoj ku\u0107i<\/a><\/p>\n<p><a href=\"https:\/\/evropskakuca.me\/me\/kafom-sa-ambasadorkom-svedske-pocela-proslava-dana-evrope\/\">\u201dKafom\u201d sa ambasadorkom \u0160vedske po\u010dela proslava Dana Evrope<\/a><\/p>\n<p><a href=\"https:\/\/evropskakuca.me\/me\/ambasador-partso-clanstvo-u-eu-moze-biti-sok-terapija-kafa-sa-ambasadorom-grcke\/\">Ambasador Partso: \u010clanstvo u EU mo\u017ee biti \u0161ok terapija (Kafa sa ambasadorom Gr\u010dke)<\/a><\/p>\n<p><a href=\"https:\/\/evropskakuca.me\/me\/vece-italije-muzike-i-prijateljstva-u-evropskoj-kuci\/\">Ve\u010de Italije, muzike i prijateljstva u Evropskoj ku\u0107i<\/a><\/p>\n<p><a href=\"https:\/\/evropskakuca.me\/me\/sportski-duh-mirisi-i-ukusi-belgije-u-evropskoj-kuci\/\">Sportski duh, mirisi i ukusi Belgije u Evropskoj ku\u0107i<\/a><\/p>\n<p><a href=\"https:\/\/evropskakuca.me\/me\/uz-kafu-sa-ambasadorom-holandije-nazdravili-smo-medijskoj-slobodi\/\">Uz kafu sa ambasadorom Holandije nazdravili smo medijskoj slobodi<\/a><\/p>\n<p><a href=\"https:\/\/evropskakuca.me\/me\/ceska-heroina-janina-hrebickova\/\">\u010ce\u0161ka heroina, Janina Hrebi\u010dkova<\/a><\/p>\n","protected":false},"excerpt":{"rendered":"<p>\u201dKafa sa ambasadorima\u201d naziv je na\u0161e nove aktivnosti kojom Evropska ku\u0107a otvara svoja vrata gra\u0111anima da se upoznaju sa predstavnicima zemalja EU u Crnoj Gori i da kroz otvoren dijalog saznaju sve \u0161to ih interesuje. Ovaj doga\u0111aj prvi put je organizovan u \u010dast Dana Evrope i to sa ambasadorkom \u0160vedske koja trenutno predsjedava Savjetom EU. [&hellip;]<\/p>\n","protected":false},"author":1,"featured_media":39885,"comment_status":"closed","ping_status":"closed","sticky":false,"template":"","format":"standard","meta":{"_acf_changed":false,"footnotes":""},"categories":[285],"tags":[],"class_list":["post-26321","post","type-post","status-publish","format-standard","has-post-thumbnail","hentry","category-kampanje-i-eventi"],"acf":[],"yoast_head":"<!-- This site is optimized with the Yoast SEO plugin v27.3 - https:\/\/yoast.com\/product\/yoast-seo-wordpress\/ -->\n<title>Kafa sa ambasadorima - Europe House<\/title>\n<meta name=\"robots\" content=\"index, follow, max-snippet:-1, max-image-preview:large, max-video-preview:-1\" \/>\n<link rel=\"canonical\" href=\"https:\/\/www.evropskakuca.me\/me\/kafa-sa-ambasadorima\/\" \/>\n<meta property=\"og:locale\" content=\"en_US\" \/>\n<meta property=\"og:type\" content=\"article\" \/>\n<meta property=\"og:title\" content=\"Kafa sa ambasadorima - Europe House\" \/>\n<meta property=\"og:description\" content=\"\u201dKafa sa ambasadorima\u201d naziv je na\u0161e nove aktivnosti kojom Evropska ku\u0107a otvara svoja vrata gra\u0111anima da se upoznaju sa predstavnicima zemalja EU u Crnoj Gori i da kroz otvoren dijalog saznaju sve \u0161to ih interesuje. Ovaj doga\u0111aj prvi put je organizovan u \u010dast Dana Evrope i to sa ambasadorkom \u0160vedske koja trenutno predsjedava Savjetom EU. [&hellip;]\" \/>\n<meta property=\"og:url\" content=\"https:\/\/www.evropskakuca.me\/me\/kafa-sa-ambasadorima\/\" \/>\n<meta property=\"og:site_name\" content=\"Europe House\" \/>\n<meta property=\"article:publisher\" content=\"https:\/\/www.facebook.com\/evropska.kuca\" \/>\n<meta property=\"article:published_time\" content=\"2023-08-11T10:05:29+00:00\" \/>\n<meta property=\"article:modified_time\" content=\"2025-01-21T10:32:57+00:00\" \/>\n<meta property=\"og:image\" content=\"https:\/\/www.evropskakuca.me\/wp-content\/uploads\/2023\/08\/eu-banner-01.png\" \/>\n\t<meta property=\"og:image:width\" content=\"1440\" \/>\n\t<meta property=\"og:image:height\" content=\"500\" \/>\n\t<meta property=\"og:image:type\" content=\"image\/png\" \/>\n<meta name=\"author\" content=\"mkajic\" \/>\n<meta name=\"twitter:card\" content=\"summary_large_image\" \/>\n<meta name=\"twitter:creator\" content=\"@evropska_kuca\" \/>\n<meta name=\"twitter:site\" content=\"@evropska_kuca\" \/>\n<meta name=\"twitter:label1\" content=\"Written by\" \/>\n\t<meta name=\"twitter:data1\" content=\"mkajic\" \/>\n\t<meta name=\"twitter:label2\" content=\"Est. reading time\" \/>\n\t<meta name=\"twitter:data2\" content=\"2 minutes\" \/>\n<script type=\"application\/ld+json\" class=\"yoast-schema-graph\">{\"@context\":\"https:\\\/\\\/schema.org\",\"@graph\":[{\"@type\":\"Article\",\"@id\":\"https:\\\/\\\/www.evropskakuca.me\\\/me\\\/kafa-sa-ambasadorima\\\/#article\",\"isPartOf\":{\"@id\":\"https:\\\/\\\/www.evropskakuca.me\\\/me\\\/kafa-sa-ambasadorima\\\/\"},\"author\":{\"name\":\"mkajic\",\"@id\":\"https:\\\/\\\/www.evropskakuca.me\\\/me\\\/#\\\/schema\\\/person\\\/a1d0dcdaefe4a1cd1d60d200ea137ba4\"},\"headline\":\"Kafa sa ambasadorima\",\"datePublished\":\"2023-08-11T10:05:29+00:00\",\"dateModified\":\"2025-01-21T10:32:57+00:00\",\"mainEntityOfPage\":{\"@id\":\"https:\\\/\\\/www.evropskakuca.me\\\/me\\\/kafa-sa-ambasadorima\\\/\"},\"wordCount\":343,\"publisher\":{\"@id\":\"https:\\\/\\\/www.evropskakuca.me\\\/me\\\/#organization\"},\"image\":{\"@id\":\"https:\\\/\\\/www.evropskakuca.me\\\/me\\\/kafa-sa-ambasadorima\\\/#primaryimage\"},\"thumbnailUrl\":\"https:\\\/\\\/www.evropskakuca.me\\\/wp-content\\\/uploads\\\/2023\\\/08\\\/eu-banner-01.png\",\"articleSection\":[\"Kampanje i eventi\"],\"inLanguage\":\"me-ME\"},{\"@type\":\"WebPage\",\"@id\":\"https:\\\/\\\/www.evropskakuca.me\\\/me\\\/kafa-sa-ambasadorima\\\/\",\"url\":\"https:\\\/\\\/www.evropskakuca.me\\\/me\\\/kafa-sa-ambasadorima\\\/\",\"name\":\"Kafa sa ambasadorima - Europe House\",\"isPartOf\":{\"@id\":\"https:\\\/\\\/www.evropskakuca.me\\\/me\\\/#website\"},\"primaryImageOfPage\":{\"@id\":\"https:\\\/\\\/www.evropskakuca.me\\\/me\\\/kafa-sa-ambasadorima\\\/#primaryimage\"},\"image\":{\"@id\":\"https:\\\/\\\/www.evropskakuca.me\\\/me\\\/kafa-sa-ambasadorima\\\/#primaryimage\"},\"thumbnailUrl\":\"https:\\\/\\\/www.evropskakuca.me\\\/wp-content\\\/uploads\\\/2023\\\/08\\\/eu-banner-01.png\",\"datePublished\":\"2023-08-11T10:05:29+00:00\",\"dateModified\":\"2025-01-21T10:32:57+00:00\",\"breadcrumb\":{\"@id\":\"https:\\\/\\\/www.evropskakuca.me\\\/me\\\/kafa-sa-ambasadorima\\\/#breadcrumb\"},\"inLanguage\":\"me-ME\",\"potentialAction\":[{\"@type\":\"ReadAction\",\"target\":[\"https:\\\/\\\/www.evropskakuca.me\\\/me\\\/kafa-sa-ambasadorima\\\/\"]}]},{\"@type\":\"ImageObject\",\"inLanguage\":\"me-ME\",\"@id\":\"https:\\\/\\\/www.evropskakuca.me\\\/me\\\/kafa-sa-ambasadorima\\\/#primaryimage\",\"url\":\"https:\\\/\\\/www.evropskakuca.me\\\/wp-content\\\/uploads\\\/2023\\\/08\\\/eu-banner-01.png\",\"contentUrl\":\"https:\\\/\\\/www.evropskakuca.me\\\/wp-content\\\/uploads\\\/2023\\\/08\\\/eu-banner-01.png\",\"width\":1440,\"height\":500},{\"@type\":\"BreadcrumbList\",\"@id\":\"https:\\\/\\\/www.evropskakuca.me\\\/me\\\/kafa-sa-ambasadorima\\\/#breadcrumb\",\"itemListElement\":[{\"@type\":\"ListItem\",\"position\":1,\"name\":\"Home\",\"item\":\"https:\\\/\\\/www.evropskakuca.me\\\/me\\\/\"},{\"@type\":\"ListItem\",\"position\":2,\"name\":\"Kafa sa ambasadorima\"}]},{\"@type\":\"WebSite\",\"@id\":\"https:\\\/\\\/www.evropskakuca.me\\\/me\\\/#website\",\"url\":\"https:\\\/\\\/www.evropskakuca.me\\\/me\\\/\",\"name\":\"Evropean house\",\"description\":\"\",\"publisher\":{\"@id\":\"https:\\\/\\\/www.evropskakuca.me\\\/me\\\/#organization\"},\"potentialAction\":[{\"@type\":\"SearchAction\",\"target\":{\"@type\":\"EntryPoint\",\"urlTemplate\":\"https:\\\/\\\/www.evropskakuca.me\\\/me\\\/?s={search_term_string}\"},\"query-input\":{\"@type\":\"PropertyValueSpecification\",\"valueRequired\":true,\"valueName\":\"search_term_string\"}}],\"inLanguage\":\"me-ME\"},{\"@type\":\"Organization\",\"@id\":\"https:\\\/\\\/www.evropskakuca.me\\\/me\\\/#organization\",\"name\":\"Evropean house\",\"url\":\"https:\\\/\\\/www.evropskakuca.me\\\/me\\\/\",\"logo\":{\"@type\":\"ImageObject\",\"inLanguage\":\"me-ME\",\"@id\":\"https:\\\/\\\/www.evropskakuca.me\\\/me\\\/#\\\/schema\\\/logo\\\/image\\\/\",\"url\":\"https:\\\/\\\/www.evropskakuca.me\\\/wp-content\\\/uploads\\\/2025\\\/01\\\/evropska-kuca-logo-1.png\",\"contentUrl\":\"https:\\\/\\\/www.evropskakuca.me\\\/wp-content\\\/uploads\\\/2025\\\/01\\\/evropska-kuca-logo-1.png\",\"width\":425,\"height\":312,\"caption\":\"Evropean house\"},\"image\":{\"@id\":\"https:\\\/\\\/www.evropskakuca.me\\\/me\\\/#\\\/schema\\\/logo\\\/image\\\/\"},\"sameAs\":[\"https:\\\/\\\/www.facebook.com\\\/evropska.kuca\",\"https:\\\/\\\/x.com\\\/evropska_kuca\",\"https:\\\/\\\/www.instagram.com\\\/evropska_kuca\"]},{\"@type\":\"Person\",\"@id\":\"https:\\\/\\\/www.evropskakuca.me\\\/me\\\/#\\\/schema\\\/person\\\/a1d0dcdaefe4a1cd1d60d200ea137ba4\",\"name\":\"mkajic\",\"image\":{\"@type\":\"ImageObject\",\"inLanguage\":\"me-ME\",\"@id\":\"https:\\\/\\\/secure.gravatar.com\\\/avatar\\\/731fa035cefab7316e6bafd1f25a93fb731a07de14e2d9923f8db4422628eabc?s=96&d=mm&r=g\",\"url\":\"https:\\\/\\\/secure.gravatar.com\\\/avatar\\\/731fa035cefab7316e6bafd1f25a93fb731a07de14e2d9923f8db4422628eabc?s=96&d=mm&r=g\",\"contentUrl\":\"https:\\\/\\\/secure.gravatar.com\\\/avatar\\\/731fa035cefab7316e6bafd1f25a93fb731a07de14e2d9923f8db4422628eabc?s=96&d=mm&r=g\",\"caption\":\"mkajic\"},\"sameAs\":[\"https:\\\/\\\/evropskakuca.me\"],\"url\":\"https:\\\/\\\/www.evropskakuca.me\\\/me\\\/author\\\/mkajic\\\/\"}]}<\/script>\n<!-- \/ Yoast SEO plugin. -->","yoast_head_json":{"title":"Kafa sa ambasadorima - Europe House","robots":{"index":"index","follow":"follow","max-snippet":"max-snippet:-1","max-image-preview":"max-image-preview:large","max-video-preview":"max-video-preview:-1"},"canonical":"https:\/\/www.evropskakuca.me\/me\/kafa-sa-ambasadorima\/","og_locale":"en_US","og_type":"article","og_title":"Kafa sa ambasadorima - Europe House","og_description":"\u201dKafa sa ambasadorima\u201d naziv je na\u0161e nove aktivnosti kojom Evropska ku\u0107a otvara svoja vrata gra\u0111anima da se upoznaju sa predstavnicima zemalja EU u Crnoj Gori i da kroz otvoren dijalog saznaju sve \u0161to ih interesuje. Ovaj doga\u0111aj prvi put je organizovan u \u010dast Dana Evrope i to sa ambasadorkom \u0160vedske koja trenutno predsjedava Savjetom EU. [&hellip;]","og_url":"https:\/\/www.evropskakuca.me\/me\/kafa-sa-ambasadorima\/","og_site_name":"Europe House","article_publisher":"https:\/\/www.facebook.com\/evropska.kuca","article_published_time":"2023-08-11T10:05:29+00:00","article_modified_time":"2025-01-21T10:32:57+00:00","og_image":[{"width":1440,"height":500,"url":"https:\/\/www.evropskakuca.me\/wp-content\/uploads\/2023\/08\/eu-banner-01.png","type":"image\/png"}],"author":"mkajic","twitter_card":"summary_large_image","twitter_creator":"@evropska_kuca","twitter_site":"@evropska_kuca","twitter_misc":{"Written by":"mkajic","Est. reading time":"2 minutes"},"schema":{"@context":"https:\/\/schema.org","@graph":[{"@type":"Article","@id":"https:\/\/www.evropskakuca.me\/me\/kafa-sa-ambasadorima\/#article","isPartOf":{"@id":"https:\/\/www.evropskakuca.me\/me\/kafa-sa-ambasadorima\/"},"author":{"name":"mkajic","@id":"https:\/\/www.evropskakuca.me\/me\/#\/schema\/person\/a1d0dcdaefe4a1cd1d60d200ea137ba4"},"headline":"Kafa sa ambasadorima","datePublished":"2023-08-11T10:05:29+00:00","dateModified":"2025-01-21T10:32:57+00:00","mainEntityOfPage":{"@id":"https:\/\/www.evropskakuca.me\/me\/kafa-sa-ambasadorima\/"},"wordCount":343,"publisher":{"@id":"https:\/\/www.evropskakuca.me\/me\/#organization"},"image":{"@id":"https:\/\/www.evropskakuca.me\/me\/kafa-sa-ambasadorima\/#primaryimage"},"thumbnailUrl":"https:\/\/www.evropskakuca.me\/wp-content\/uploads\/2023\/08\/eu-banner-01.png","articleSection":["Kampanje i eventi"],"inLanguage":"me-ME"},{"@type":"WebPage","@id":"https:\/\/www.evropskakuca.me\/me\/kafa-sa-ambasadorima\/","url":"https:\/\/www.evropskakuca.me\/me\/kafa-sa-ambasadorima\/","name":"Kafa sa ambasadorima - Europe House","isPartOf":{"@id":"https:\/\/www.evropskakuca.me\/me\/#website"},"primaryImageOfPage":{"@id":"https:\/\/www.evropskakuca.me\/me\/kafa-sa-ambasadorima\/#primaryimage"},"image":{"@id":"https:\/\/www.evropskakuca.me\/me\/kafa-sa-ambasadorima\/#primaryimage"},"thumbnailUrl":"https:\/\/www.evropskakuca.me\/wp-content\/uploads\/2023\/08\/eu-banner-01.png","datePublished":"2023-08-11T10:05:29+00:00","dateModified":"2025-01-21T10:32:57+00:00","breadcrumb":{"@id":"https:\/\/www.evropskakuca.me\/me\/kafa-sa-ambasadorima\/#breadcrumb"},"inLanguage":"me-ME","potentialAction":[{"@type":"ReadAction","target":["https:\/\/www.evropskakuca.me\/me\/kafa-sa-ambasadorima\/"]}]},{"@type":"ImageObject","inLanguage":"me-ME","@id":"https:\/\/www.evropskakuca.me\/me\/kafa-sa-ambasadorima\/#primaryimage","url":"https:\/\/www.evropskakuca.me\/wp-content\/uploads\/2023\/08\/eu-banner-01.png","contentUrl":"https:\/\/www.evropskakuca.me\/wp-content\/uploads\/2023\/08\/eu-banner-01.png","width":1440,"height":500},{"@type":"BreadcrumbList","@id":"https:\/\/www.evropskakuca.me\/me\/kafa-sa-ambasadorima\/#breadcrumb","itemListElement":[{"@type":"ListItem","position":1,"name":"Home","item":"https:\/\/www.evropskakuca.me\/me\/"},{"@type":"ListItem","position":2,"name":"Kafa sa ambasadorima"}]},{"@type":"WebSite","@id":"https:\/\/www.evropskakuca.me\/me\/#website","url":"https:\/\/www.evropskakuca.me\/me\/","name":"Evropean house","description":"","publisher":{"@id":"https:\/\/www.evropskakuca.me\/me\/#organization"},"potentialAction":[{"@type":"SearchAction","target":{"@type":"EntryPoint","urlTemplate":"https:\/\/www.evropskakuca.me\/me\/?s={search_term_string}"},"query-input":{"@type":"PropertyValueSpecification","valueRequired":true,"valueName":"search_term_string"}}],"inLanguage":"me-ME"},{"@type":"Organization","@id":"https:\/\/www.evropskakuca.me\/me\/#organization","name":"Evropean house","url":"https:\/\/www.evropskakuca.me\/me\/","logo":{"@type":"ImageObject","inLanguage":"me-ME","@id":"https:\/\/www.evropskakuca.me\/me\/#\/schema\/logo\/image\/","url":"https:\/\/www.evropskakuca.me\/wp-content\/uploads\/2025\/01\/evropska-kuca-logo-1.png","contentUrl":"https:\/\/www.evropskakuca.me\/wp-content\/uploads\/2025\/01\/evropska-kuca-logo-1.png","width":425,"height":312,"caption":"Evropean house"},"image":{"@id":"https:\/\/www.evropskakuca.me\/me\/#\/schema\/logo\/image\/"},"sameAs":["https:\/\/www.facebook.com\/evropska.kuca","https:\/\/x.com\/evropska_kuca","https:\/\/www.instagram.com\/evropska_kuca"]},{"@type":"Person","@id":"https:\/\/www.evropskakuca.me\/me\/#\/schema\/person\/a1d0dcdaefe4a1cd1d60d200ea137ba4","name":"mkajic","image":{"@type":"ImageObject","inLanguage":"me-ME","@id":"https:\/\/secure.gravatar.com\/avatar\/731fa035cefab7316e6bafd1f25a93fb731a07de14e2d9923f8db4422628eabc?s=96&d=mm&r=g","url":"https:\/\/secure.gravatar.com\/avatar\/731fa035cefab7316e6bafd1f25a93fb731a07de14e2d9923f8db4422628eabc?s=96&d=mm&r=g","contentUrl":"https:\/\/secure.gravatar.com\/avatar\/731fa035cefab7316e6bafd1f25a93fb731a07de14e2d9923f8db4422628eabc?s=96&d=mm&r=g","caption":"mkajic"},"sameAs":["https:\/\/evropskakuca.me"],"url":"https:\/\/www.evropskakuca.me\/me\/author\/mkajic\/"}]}},"_links":{"self":[{"href":"https:\/\/www.evropskakuca.me\/me\/wp-json\/wp\/v2\/posts\/26321","targetHints":{"allow":["GET"]}}],"collection":[{"href":"https:\/\/www.evropskakuca.me\/me\/wp-json\/wp\/v2\/posts"}],"about":[{"href":"https:\/\/www.evropskakuca.me\/me\/wp-json\/wp\/v2\/types\/post"}],"author":[{"embeddable":true,"href":"https:\/\/www.evropskakuca.me\/me\/wp-json\/wp\/v2\/users\/1"}],"replies":[{"embeddable":true,"href":"https:\/\/www.evropskakuca.me\/me\/wp-json\/wp\/v2\/comments?post=26321"}],"version-history":[{"count":1,"href":"https:\/\/www.evropskakuca.me\/me\/wp-json\/wp\/v2\/posts\/26321\/revisions"}],"predecessor-version":[{"id":42464,"href":"https:\/\/www.evropskakuca.me\/me\/wp-json\/wp\/v2\/posts\/26321\/revisions\/42464"}],"wp:featuredmedia":[{"embeddable":true,"href":"https:\/\/www.evropskakuca.me\/me\/wp-json\/wp\/v2\/media\/39885"}],"wp:attachment":[{"href":"https:\/\/www.evropskakuca.me\/me\/wp-json\/wp\/v2\/media?parent=26321"}],"wp:term":[{"taxonomy":"category","embeddable":true,"href":"https:\/\/www.evropskakuca.me\/me\/wp-json\/wp\/v2\/categories?post=26321"},{"taxonomy":"post_tag","embeddable":true,"href":"https:\/\/www.evropskakuca.me\/me\/wp-json\/wp\/v2\/tags?post=26321"}],"curies":[{"name":"wp","href":"https:\/\/api.w.org\/{rel}","templated":true}]}}