{"id":26168,"date":"2023-08-04T11:38:51","date_gmt":"2023-08-04T11:38:51","guid":{"rendered":"https:\/\/evropskakuca.me\/?p=26168"},"modified":"2023-08-04T11:38:51","modified_gmt":"2023-08-04T11:38:51","slug":"ozivljavanje-turizma-na-sjeveru-crne-gore-inovativni-projekat","status":"publish","type":"post","link":"https:\/\/www.evropskakuca.me\/me\/ozivljavanje-turizma-na-sjeveru-crne-gore-inovativni-projekat\/","title":{"rendered":"O\u017dIVLJAVANJE TURIZMA NA SJEVERU CRNE GORE"},"content":{"rendered":"<p style=\"text-align: center;\"><strong>Projekat podr\u017ean od strane EU pru\u017ea podr\u0161ku osna\u017eivanju ruralnog turizma u Crnoj Gori<\/strong><\/p>\n<p>Sjeverni dio Crne Gore obiluje prirodnim i kulturnim blagom, \u0161to ga \u010dini primamljivom destinacijom za posjetioce. U posljednjih nekoliko godina, ruralni turizam \u00a0do\u017eivljava zna\u010dajan rast u regionu, s brojem posjetilaca u stalnom porastu. To se mo\u017ee pripisati, u velikoj mjeri, dostupnosti \u00a0doma\u0107e hrane i pica visokog kvaliteta, kao i mogu\u0107nosti da se do\u017eivi tradicionalno okru\u017eenje.<\/p>\n\n<blockquote><p>Me\u0111utim, uprkos ovim pozitivnim razvojem, broj no\u0107enja me\u0111u posjetiocima jo\u0161 uvijek nije dostigao \u017eeljeni nivo. Razlog tome je nedostatak dodatnih atrakcija ili zabavnih opcija koje bi posjetioce privukle da produ\u017ee svoj boravak.<\/p><\/blockquote>\n<p>Prepoznaju\u0107i ovaj izazov, Rural Tourism Assosiation, nevladina organizacija koja djeluje na sjevernom dijelu Crne Gore, zapo\u010dela je projekat s ciljem rje\u0161avanja ovog problema i pobolj\u0161anja ukupne situacije.<\/p>\n<p>Dalibor \u0160ekularac, predstavnik Rural Tourism Assosiation-a, isti\u010de da je pitanje ograni\u010denih zabavnih opcija za posjetioce redovna tema diskusije u udru\u017eenju ve\u0107 du\u017ee od godinu dana.<\/p>\n<p style=\"text-align: center;\"><img fetchpriority=\"high\" decoding=\"async\" class=\"alignnone size-large wp-image-26175\" src=\"https:\/\/evropskakuca.me\/wp-content\/uploads\/2023\/08\/dalibor-2-scaled-1-1024x683.jpg\" alt=\"\" width=\"1024\" height=\"683\" \/><\/p>\n<p>&#8220;Iako ruralna doma\u0107instva na sjeveru Crne Gore nude odli\u010dnu hranu i smje\u0161taj, nedostajalo im je iskustvo u pru\u017eanju zabave posjetiocima&#8221;, obja\u0161njava Dalibor.<\/p>\n<p>Kako bi se rije\u0161io ovaj problem, udru\u017eenje je osmislilo plan za uspostavljanje planinarske staze duge devet kilometara koja povezuje sela Lubnice i Kuriku\u0107a. Ova staza bi omogu\u0107ila posjetiocima jednostavnu i ugodnu \u0161etnju, koja im omogu\u0107ava istra\u017eivanje prirodnih atrakcija regiona. Poseban fokus je stavljen na porodi\u010dni turizam, jer je podru\u010dje ve\u0107 imalo izazovne staze za iskusne planinare, ali nedostajalo je opcija koje su pogodne za porodice s djecom koje preferiraju rekreacijske \u0161etnje.<\/p>\n\n<p>Da bi ostvarili svoju viziju, Rural Tourism Assosiation je aplicirao za finansiranje kroz Program za lokalnu demokratiju na Zapadnom Balkanu 2 (ReLOaD2), koji podr\u017eava EU i provodi UNDP. Njihov projekat se uklopio u kriterijume programa i dobili su potrebnu podr\u0161ku. Uz pomo\u0107 ReLOaD2, identifikovali su i pro\u010distili stazu, koriste\u0107i profesionalno markiranje GPS-a kako bi osigurali preciznost, postavili neophodnu signalizaciju i kreirali mapu i letke s informacijama o stazi. Nadalje, promovisali su stazu na platformama za vanjski turizam poput Vikilock-a i vlastite web stranice. Kako bi pove\u0107ali vidljivost, napravili su tri promotivna video spota &#8211; jedan koji prikazuje stazu, drugi koji isti\u010de ruralna doma\u0107instva, i tre\u0107i koji pru\u017ea pregled ruralnog turizma u regionu. Informacije o stazi uklju\u010duju i geocaching oznake, \u0161to odra\u017eava trenutni trend u modernom turizmu.<\/p>\n<p>Staza je sada u funkciji skoro godinu dana, a nedavno su predstavnici Rural Tourism Assosiation-a, UNDP-a i EU-a posjetili sela kako bi procijenili njen u\u010dinak. &#8220;Staza je dobro prihva\u0107ena od strane posjetilaca, a neki vlasnici ruralnih doma\u0107instava \u010dak su po\u010deli pru\u017eati usluge vodi\u010da za stazu&#8221;, ka\u017ee Dalibor.<\/p>\n<p>Prema Daliboru, projekt nije samo pru\u017eio podr\u0161ku doma\u0107instvima, ve\u0107 je slu\u017eio i kao vrijedna prilika za u\u010denje. &#8220;Iako je bio projekat malog obima, opremio nas je va\u017enim vje\u0161tinama u nabavci, izvje\u0161tavanju i drugim relevantnim podru\u010djima&#8221;, obja\u0161njava Dalibor. &#8220;S obzirom na znanje koje smo stekli, osje\u0107amo se sigurniji u prijavljivanju za ve\u0107e projekte i programe koji su finansirani od strane EU i drugih donatora.&#8221;<\/p>\n<p>&nbsp;<\/p>\n<p>Tekst i fotografije preuzeti sa sajta: WeBalkans.eu<\/p>\n","protected":false},"excerpt":{"rendered":"<p>Projekat podr\u017ean od strane EU pru\u017ea podr\u0161ku osna\u017eivanju ruralnog turizma u Crnoj Gori Sjeverni dio Crne Gore obiluje prirodnim i kulturnim blagom, \u0161to ga \u010dini primamljivom destinacijom za posjetioce. U posljednjih nekoliko godina, ruralni turizam \u00a0do\u017eivljava zna\u010dajan rast u regionu, s brojem posjetilaca u stalnom porastu. To se mo\u017ee pripisati, u velikoj mjeri, dostupnosti \u00a0doma\u0107e [&hellip;]<\/p>\n","protected":false},"author":1,"featured_media":31678,"comment_status":"closed","ping_status":"closed","sticky":false,"template":"","format":"standard","meta":{"_acf_changed":false,"footnotes":""},"categories":[],"tags":[],"class_list":["post-26168","post","type-post","status-publish","format-standard","has-post-thumbnail","hentry"],"acf":[],"yoast_head":"<!-- This site is optimized with the Yoast SEO plugin v27.3 - https:\/\/yoast.com\/product\/yoast-seo-wordpress\/ -->\n<title>O\u017dIVLJAVANJE TURIZMA NA SJEVERU CRNE GORE - Europe House<\/title>\n<meta name=\"robots\" content=\"index, follow, max-snippet:-1, max-image-preview:large, max-video-preview:-1\" \/>\n<link rel=\"canonical\" href=\"https:\/\/www.evropskakuca.me\/me\/ozivljavanje-turizma-na-sjeveru-crne-gore-inovativni-projekat\/\" \/>\n<meta property=\"og:locale\" content=\"en_US\" \/>\n<meta property=\"og:type\" content=\"article\" \/>\n<meta property=\"og:title\" content=\"O\u017dIVLJAVANJE TURIZMA NA SJEVERU CRNE GORE - Europe House\" \/>\n<meta property=\"og:description\" content=\"Projekat podr\u017ean od strane EU pru\u017ea podr\u0161ku osna\u017eivanju ruralnog turizma u Crnoj Gori Sjeverni dio Crne Gore obiluje prirodnim i kulturnim blagom, \u0161to ga \u010dini primamljivom destinacijom za posjetioce. U posljednjih nekoliko godina, ruralni turizam \u00a0do\u017eivljava zna\u010dajan rast u regionu, s brojem posjetilaca u stalnom porastu. To se mo\u017ee pripisati, u velikoj mjeri, dostupnosti \u00a0doma\u0107e [&hellip;]\" \/>\n<meta property=\"og:url\" content=\"https:\/\/www.evropskakuca.me\/me\/ozivljavanje-turizma-na-sjeveru-crne-gore-inovativni-projekat\/\" \/>\n<meta property=\"og:site_name\" content=\"Europe House\" \/>\n<meta property=\"article:publisher\" content=\"https:\/\/www.facebook.com\/evropska.kuca\" \/>\n<meta property=\"article:published_time\" content=\"2023-08-04T11:38:51+00:00\" \/>\n<meta property=\"og:image\" content=\"https:\/\/www.evropskakuca.me\/wp-content\/uploads\/2016\/06\/Untitled-4.jpg\" \/>\n\t<meta property=\"og:image:width\" content=\"1184\" \/>\n\t<meta property=\"og:image:height\" content=\"763\" \/>\n\t<meta property=\"og:image:type\" content=\"image\/jpeg\" \/>\n<meta name=\"author\" content=\"mkajic\" \/>\n<meta name=\"twitter:card\" content=\"summary_large_image\" \/>\n<meta name=\"twitter:creator\" content=\"@evropska_kuca\" \/>\n<meta name=\"twitter:site\" content=\"@evropska_kuca\" \/>\n<meta name=\"twitter:label1\" content=\"Written by\" \/>\n\t<meta name=\"twitter:data1\" content=\"mkajic\" \/>\n\t<meta name=\"twitter:label2\" content=\"Est. reading time\" \/>\n\t<meta name=\"twitter:data2\" content=\"3 minutes\" \/>\n<script type=\"application\/ld+json\" class=\"yoast-schema-graph\">{\"@context\":\"https:\\\/\\\/schema.org\",\"@graph\":[{\"@type\":\"Article\",\"@id\":\"https:\\\/\\\/www.evropskakuca.me\\\/me\\\/ozivljavanje-turizma-na-sjeveru-crne-gore-inovativni-projekat\\\/#article\",\"isPartOf\":{\"@id\":\"https:\\\/\\\/www.evropskakuca.me\\\/me\\\/ozivljavanje-turizma-na-sjeveru-crne-gore-inovativni-projekat\\\/\"},\"author\":{\"name\":\"mkajic\",\"@id\":\"https:\\\/\\\/www.evropskakuca.me\\\/me\\\/#\\\/schema\\\/person\\\/a1d0dcdaefe4a1cd1d60d200ea137ba4\"},\"headline\":\"O\u017dIVLJAVANJE TURIZMA NA SJEVERU CRNE GORE\",\"datePublished\":\"2023-08-04T11:38:51+00:00\",\"mainEntityOfPage\":{\"@id\":\"https:\\\/\\\/www.evropskakuca.me\\\/me\\\/ozivljavanje-turizma-na-sjeveru-crne-gore-inovativni-projekat\\\/\"},\"wordCount\":571,\"publisher\":{\"@id\":\"https:\\\/\\\/www.evropskakuca.me\\\/me\\\/#organization\"},\"image\":{\"@id\":\"https:\\\/\\\/www.evropskakuca.me\\\/me\\\/ozivljavanje-turizma-na-sjeveru-crne-gore-inovativni-projekat\\\/#primaryimage\"},\"thumbnailUrl\":\"https:\\\/\\\/www.evropskakuca.me\\\/wp-content\\\/uploads\\\/2016\\\/06\\\/Untitled-4.jpg\",\"inLanguage\":\"me-ME\"},{\"@type\":\"WebPage\",\"@id\":\"https:\\\/\\\/www.evropskakuca.me\\\/me\\\/ozivljavanje-turizma-na-sjeveru-crne-gore-inovativni-projekat\\\/\",\"url\":\"https:\\\/\\\/www.evropskakuca.me\\\/me\\\/ozivljavanje-turizma-na-sjeveru-crne-gore-inovativni-projekat\\\/\",\"name\":\"O\u017dIVLJAVANJE TURIZMA NA SJEVERU CRNE GORE - Europe House\",\"isPartOf\":{\"@id\":\"https:\\\/\\\/www.evropskakuca.me\\\/me\\\/#website\"},\"primaryImageOfPage\":{\"@id\":\"https:\\\/\\\/www.evropskakuca.me\\\/me\\\/ozivljavanje-turizma-na-sjeveru-crne-gore-inovativni-projekat\\\/#primaryimage\"},\"image\":{\"@id\":\"https:\\\/\\\/www.evropskakuca.me\\\/me\\\/ozivljavanje-turizma-na-sjeveru-crne-gore-inovativni-projekat\\\/#primaryimage\"},\"thumbnailUrl\":\"https:\\\/\\\/www.evropskakuca.me\\\/wp-content\\\/uploads\\\/2016\\\/06\\\/Untitled-4.jpg\",\"datePublished\":\"2023-08-04T11:38:51+00:00\",\"breadcrumb\":{\"@id\":\"https:\\\/\\\/www.evropskakuca.me\\\/me\\\/ozivljavanje-turizma-na-sjeveru-crne-gore-inovativni-projekat\\\/#breadcrumb\"},\"inLanguage\":\"me-ME\",\"potentialAction\":[{\"@type\":\"ReadAction\",\"target\":[\"https:\\\/\\\/www.evropskakuca.me\\\/me\\\/ozivljavanje-turizma-na-sjeveru-crne-gore-inovativni-projekat\\\/\"]}]},{\"@type\":\"ImageObject\",\"inLanguage\":\"me-ME\",\"@id\":\"https:\\\/\\\/www.evropskakuca.me\\\/me\\\/ozivljavanje-turizma-na-sjeveru-crne-gore-inovativni-projekat\\\/#primaryimage\",\"url\":\"https:\\\/\\\/www.evropskakuca.me\\\/wp-content\\\/uploads\\\/2016\\\/06\\\/Untitled-4.jpg\",\"contentUrl\":\"https:\\\/\\\/www.evropskakuca.me\\\/wp-content\\\/uploads\\\/2016\\\/06\\\/Untitled-4.jpg\",\"width\":1184,\"height\":763},{\"@type\":\"BreadcrumbList\",\"@id\":\"https:\\\/\\\/www.evropskakuca.me\\\/me\\\/ozivljavanje-turizma-na-sjeveru-crne-gore-inovativni-projekat\\\/#breadcrumb\",\"itemListElement\":[{\"@type\":\"ListItem\",\"position\":1,\"name\":\"Home\",\"item\":\"https:\\\/\\\/www.evropskakuca.me\\\/me\\\/\"},{\"@type\":\"ListItem\",\"position\":2,\"name\":\"O\u017dIVLJAVANJE TURIZMA NA SJEVERU CRNE GORE\"}]},{\"@type\":\"WebSite\",\"@id\":\"https:\\\/\\\/www.evropskakuca.me\\\/me\\\/#website\",\"url\":\"https:\\\/\\\/www.evropskakuca.me\\\/me\\\/\",\"name\":\"Evropean house\",\"description\":\"\",\"publisher\":{\"@id\":\"https:\\\/\\\/www.evropskakuca.me\\\/me\\\/#organization\"},\"potentialAction\":[{\"@type\":\"SearchAction\",\"target\":{\"@type\":\"EntryPoint\",\"urlTemplate\":\"https:\\\/\\\/www.evropskakuca.me\\\/me\\\/?s={search_term_string}\"},\"query-input\":{\"@type\":\"PropertyValueSpecification\",\"valueRequired\":true,\"valueName\":\"search_term_string\"}}],\"inLanguage\":\"me-ME\"},{\"@type\":\"Organization\",\"@id\":\"https:\\\/\\\/www.evropskakuca.me\\\/me\\\/#organization\",\"name\":\"Evropean house\",\"url\":\"https:\\\/\\\/www.evropskakuca.me\\\/me\\\/\",\"logo\":{\"@type\":\"ImageObject\",\"inLanguage\":\"me-ME\",\"@id\":\"https:\\\/\\\/www.evropskakuca.me\\\/me\\\/#\\\/schema\\\/logo\\\/image\\\/\",\"url\":\"https:\\\/\\\/www.evropskakuca.me\\\/wp-content\\\/uploads\\\/2025\\\/01\\\/evropska-kuca-logo-1.png\",\"contentUrl\":\"https:\\\/\\\/www.evropskakuca.me\\\/wp-content\\\/uploads\\\/2025\\\/01\\\/evropska-kuca-logo-1.png\",\"width\":425,\"height\":312,\"caption\":\"Evropean house\"},\"image\":{\"@id\":\"https:\\\/\\\/www.evropskakuca.me\\\/me\\\/#\\\/schema\\\/logo\\\/image\\\/\"},\"sameAs\":[\"https:\\\/\\\/www.facebook.com\\\/evropska.kuca\",\"https:\\\/\\\/x.com\\\/evropska_kuca\",\"https:\\\/\\\/www.instagram.com\\\/evropska_kuca\"]},{\"@type\":\"Person\",\"@id\":\"https:\\\/\\\/www.evropskakuca.me\\\/me\\\/#\\\/schema\\\/person\\\/a1d0dcdaefe4a1cd1d60d200ea137ba4\",\"name\":\"mkajic\",\"image\":{\"@type\":\"ImageObject\",\"inLanguage\":\"me-ME\",\"@id\":\"https:\\\/\\\/secure.gravatar.com\\\/avatar\\\/731fa035cefab7316e6bafd1f25a93fb731a07de14e2d9923f8db4422628eabc?s=96&d=mm&r=g\",\"url\":\"https:\\\/\\\/secure.gravatar.com\\\/avatar\\\/731fa035cefab7316e6bafd1f25a93fb731a07de14e2d9923f8db4422628eabc?s=96&d=mm&r=g\",\"contentUrl\":\"https:\\\/\\\/secure.gravatar.com\\\/avatar\\\/731fa035cefab7316e6bafd1f25a93fb731a07de14e2d9923f8db4422628eabc?s=96&d=mm&r=g\",\"caption\":\"mkajic\"},\"sameAs\":[\"https:\\\/\\\/evropskakuca.me\"],\"url\":\"https:\\\/\\\/www.evropskakuca.me\\\/me\\\/author\\\/mkajic\\\/\"}]}<\/script>\n<!-- \/ Yoast SEO plugin. -->","yoast_head_json":{"title":"O\u017dIVLJAVANJE TURIZMA NA SJEVERU CRNE GORE - Europe House","robots":{"index":"index","follow":"follow","max-snippet":"max-snippet:-1","max-image-preview":"max-image-preview:large","max-video-preview":"max-video-preview:-1"},"canonical":"https:\/\/www.evropskakuca.me\/me\/ozivljavanje-turizma-na-sjeveru-crne-gore-inovativni-projekat\/","og_locale":"en_US","og_type":"article","og_title":"O\u017dIVLJAVANJE TURIZMA NA SJEVERU CRNE GORE - Europe House","og_description":"Projekat podr\u017ean od strane EU pru\u017ea podr\u0161ku osna\u017eivanju ruralnog turizma u Crnoj Gori Sjeverni dio Crne Gore obiluje prirodnim i kulturnim blagom, \u0161to ga \u010dini primamljivom destinacijom za posjetioce. U posljednjih nekoliko godina, ruralni turizam \u00a0do\u017eivljava zna\u010dajan rast u regionu, s brojem posjetilaca u stalnom porastu. To se mo\u017ee pripisati, u velikoj mjeri, dostupnosti \u00a0doma\u0107e [&hellip;]","og_url":"https:\/\/www.evropskakuca.me\/me\/ozivljavanje-turizma-na-sjeveru-crne-gore-inovativni-projekat\/","og_site_name":"Europe House","article_publisher":"https:\/\/www.facebook.com\/evropska.kuca","article_published_time":"2023-08-04T11:38:51+00:00","og_image":[{"width":1184,"height":763,"url":"https:\/\/www.evropskakuca.me\/wp-content\/uploads\/2016\/06\/Untitled-4.jpg","type":"image\/jpeg"}],"author":"mkajic","twitter_card":"summary_large_image","twitter_creator":"@evropska_kuca","twitter_site":"@evropska_kuca","twitter_misc":{"Written by":"mkajic","Est. reading time":"3 minutes"},"schema":{"@context":"https:\/\/schema.org","@graph":[{"@type":"Article","@id":"https:\/\/www.evropskakuca.me\/me\/ozivljavanje-turizma-na-sjeveru-crne-gore-inovativni-projekat\/#article","isPartOf":{"@id":"https:\/\/www.evropskakuca.me\/me\/ozivljavanje-turizma-na-sjeveru-crne-gore-inovativni-projekat\/"},"author":{"name":"mkajic","@id":"https:\/\/www.evropskakuca.me\/me\/#\/schema\/person\/a1d0dcdaefe4a1cd1d60d200ea137ba4"},"headline":"O\u017dIVLJAVANJE TURIZMA NA SJEVERU CRNE GORE","datePublished":"2023-08-04T11:38:51+00:00","mainEntityOfPage":{"@id":"https:\/\/www.evropskakuca.me\/me\/ozivljavanje-turizma-na-sjeveru-crne-gore-inovativni-projekat\/"},"wordCount":571,"publisher":{"@id":"https:\/\/www.evropskakuca.me\/me\/#organization"},"image":{"@id":"https:\/\/www.evropskakuca.me\/me\/ozivljavanje-turizma-na-sjeveru-crne-gore-inovativni-projekat\/#primaryimage"},"thumbnailUrl":"https:\/\/www.evropskakuca.me\/wp-content\/uploads\/2016\/06\/Untitled-4.jpg","inLanguage":"me-ME"},{"@type":"WebPage","@id":"https:\/\/www.evropskakuca.me\/me\/ozivljavanje-turizma-na-sjeveru-crne-gore-inovativni-projekat\/","url":"https:\/\/www.evropskakuca.me\/me\/ozivljavanje-turizma-na-sjeveru-crne-gore-inovativni-projekat\/","name":"O\u017dIVLJAVANJE TURIZMA NA SJEVERU CRNE GORE - Europe House","isPartOf":{"@id":"https:\/\/www.evropskakuca.me\/me\/#website"},"primaryImageOfPage":{"@id":"https:\/\/www.evropskakuca.me\/me\/ozivljavanje-turizma-na-sjeveru-crne-gore-inovativni-projekat\/#primaryimage"},"image":{"@id":"https:\/\/www.evropskakuca.me\/me\/ozivljavanje-turizma-na-sjeveru-crne-gore-inovativni-projekat\/#primaryimage"},"thumbnailUrl":"https:\/\/www.evropskakuca.me\/wp-content\/uploads\/2016\/06\/Untitled-4.jpg","datePublished":"2023-08-04T11:38:51+00:00","breadcrumb":{"@id":"https:\/\/www.evropskakuca.me\/me\/ozivljavanje-turizma-na-sjeveru-crne-gore-inovativni-projekat\/#breadcrumb"},"inLanguage":"me-ME","potentialAction":[{"@type":"ReadAction","target":["https:\/\/www.evropskakuca.me\/me\/ozivljavanje-turizma-na-sjeveru-crne-gore-inovativni-projekat\/"]}]},{"@type":"ImageObject","inLanguage":"me-ME","@id":"https:\/\/www.evropskakuca.me\/me\/ozivljavanje-turizma-na-sjeveru-crne-gore-inovativni-projekat\/#primaryimage","url":"https:\/\/www.evropskakuca.me\/wp-content\/uploads\/2016\/06\/Untitled-4.jpg","contentUrl":"https:\/\/www.evropskakuca.me\/wp-content\/uploads\/2016\/06\/Untitled-4.jpg","width":1184,"height":763},{"@type":"BreadcrumbList","@id":"https:\/\/www.evropskakuca.me\/me\/ozivljavanje-turizma-na-sjeveru-crne-gore-inovativni-projekat\/#breadcrumb","itemListElement":[{"@type":"ListItem","position":1,"name":"Home","item":"https:\/\/www.evropskakuca.me\/me\/"},{"@type":"ListItem","position":2,"name":"O\u017dIVLJAVANJE TURIZMA NA SJEVERU CRNE GORE"}]},{"@type":"WebSite","@id":"https:\/\/www.evropskakuca.me\/me\/#website","url":"https:\/\/www.evropskakuca.me\/me\/","name":"Evropean house","description":"","publisher":{"@id":"https:\/\/www.evropskakuca.me\/me\/#organization"},"potentialAction":[{"@type":"SearchAction","target":{"@type":"EntryPoint","urlTemplate":"https:\/\/www.evropskakuca.me\/me\/?s={search_term_string}"},"query-input":{"@type":"PropertyValueSpecification","valueRequired":true,"valueName":"search_term_string"}}],"inLanguage":"me-ME"},{"@type":"Organization","@id":"https:\/\/www.evropskakuca.me\/me\/#organization","name":"Evropean house","url":"https:\/\/www.evropskakuca.me\/me\/","logo":{"@type":"ImageObject","inLanguage":"me-ME","@id":"https:\/\/www.evropskakuca.me\/me\/#\/schema\/logo\/image\/","url":"https:\/\/www.evropskakuca.me\/wp-content\/uploads\/2025\/01\/evropska-kuca-logo-1.png","contentUrl":"https:\/\/www.evropskakuca.me\/wp-content\/uploads\/2025\/01\/evropska-kuca-logo-1.png","width":425,"height":312,"caption":"Evropean house"},"image":{"@id":"https:\/\/www.evropskakuca.me\/me\/#\/schema\/logo\/image\/"},"sameAs":["https:\/\/www.facebook.com\/evropska.kuca","https:\/\/x.com\/evropska_kuca","https:\/\/www.instagram.com\/evropska_kuca"]},{"@type":"Person","@id":"https:\/\/www.evropskakuca.me\/me\/#\/schema\/person\/a1d0dcdaefe4a1cd1d60d200ea137ba4","name":"mkajic","image":{"@type":"ImageObject","inLanguage":"me-ME","@id":"https:\/\/secure.gravatar.com\/avatar\/731fa035cefab7316e6bafd1f25a93fb731a07de14e2d9923f8db4422628eabc?s=96&d=mm&r=g","url":"https:\/\/secure.gravatar.com\/avatar\/731fa035cefab7316e6bafd1f25a93fb731a07de14e2d9923f8db4422628eabc?s=96&d=mm&r=g","contentUrl":"https:\/\/secure.gravatar.com\/avatar\/731fa035cefab7316e6bafd1f25a93fb731a07de14e2d9923f8db4422628eabc?s=96&d=mm&r=g","caption":"mkajic"},"sameAs":["https:\/\/evropskakuca.me"],"url":"https:\/\/www.evropskakuca.me\/me\/author\/mkajic\/"}]}},"_links":{"self":[{"href":"https:\/\/www.evropskakuca.me\/me\/wp-json\/wp\/v2\/posts\/26168","targetHints":{"allow":["GET"]}}],"collection":[{"href":"https:\/\/www.evropskakuca.me\/me\/wp-json\/wp\/v2\/posts"}],"about":[{"href":"https:\/\/www.evropskakuca.me\/me\/wp-json\/wp\/v2\/types\/post"}],"author":[{"embeddable":true,"href":"https:\/\/www.evropskakuca.me\/me\/wp-json\/wp\/v2\/users\/1"}],"replies":[{"embeddable":true,"href":"https:\/\/www.evropskakuca.me\/me\/wp-json\/wp\/v2\/comments?post=26168"}],"version-history":[{"count":0,"href":"https:\/\/www.evropskakuca.me\/me\/wp-json\/wp\/v2\/posts\/26168\/revisions"}],"wp:featuredmedia":[{"embeddable":true,"href":"https:\/\/www.evropskakuca.me\/me\/wp-json\/wp\/v2\/media\/31678"}],"wp:attachment":[{"href":"https:\/\/www.evropskakuca.me\/me\/wp-json\/wp\/v2\/media?parent=26168"}],"wp:term":[{"taxonomy":"category","embeddable":true,"href":"https:\/\/www.evropskakuca.me\/me\/wp-json\/wp\/v2\/categories?post=26168"},{"taxonomy":"post_tag","embeddable":true,"href":"https:\/\/www.evropskakuca.me\/me\/wp-json\/wp\/v2\/tags?post=26168"}],"curies":[{"name":"wp","href":"https:\/\/api.w.org\/{rel}","templated":true}]}}