{"id":26095,"date":"2023-08-02T11:18:10","date_gmt":"2023-08-02T11:18:10","guid":{"rendered":"https:\/\/evropskakuca.me\/?p=26095"},"modified":"2023-08-02T11:18:10","modified_gmt":"2023-08-02T11:18:10","slug":"psiholoska-i-pravna-podrska-oboljelima-od-multiple-skleroze","status":"publish","type":"post","link":"https:\/\/www.evropskakuca.me\/me\/psiholoska-i-pravna-podrska-oboljelima-od-multiple-skleroze\/","title":{"rendered":"Psiholo\u0161ka i pravna podr\u0161ka oboljelima od multiple skleroze"},"content":{"rendered":"<p style=\"text-align: center;\"><strong>Predstavljeni rezultati projekta<\/strong><\/p>\n<p><a href=\"https:\/\/udruzenjemultiplesklerozecrnegore.com\/\">Udru\u017eenje multiple skleroze Crne Gore<\/a> navodi da je u na\u0161oj dr\u017eavi 540 oboljelih od skleroze multipleks od kojih je tre\u0107ina radno sposobna i\u00a0 nemaju mogu\u0107nost da ostvare pravo na rad sa polovinom radnog vremena. Zato je cilj projekta\u00a0 <strong><em>Psiholo\u0161ka i pravna podr\u0161ka oboljelim od multiple skleroze<\/em><\/strong> koji je sprovelo ovo\u00a0 Udru\u017eenje, \u00a0pobolj\u0161anje kvaliteta \u017eivota oboljelih od skleroze multipleks kroz besplatna pravna i psiholo\u0161ka savjetovanja.<\/p>\n<p><img fetchpriority=\"high\" decoding=\"async\" class=\"alignnone size-large wp-image-26098\" src=\"https:\/\/evropskakuca.me\/wp-content\/uploads\/2023\/08\/FRO_0102-1024x765.jpg\" alt=\"\" width=\"1024\" height=\"765\" \/><\/p>\n<p>\u201c Uputili smo, 29.06.2023. godine, set prijedloga za izmjenu i dopunu Pravilnika o medicinskim indikacijama za ostvarivanje prava na materijalno obezbje\u0111enje, dodatak za njegu i pomo\u0107, li\u010dnu invalidninu i naknadu zarade za rad sa polovinom punog radnog vremena. Prijedloge smo uputili svim \u010dlanovima skup\u0161tinskog odbora za zdravstvo, rad i socijalno staranje, kao i ministru rada i socijalnog staranja. Ono \u0161to tra\u017eimo jeste da se u \u010dlanu 3 stav 9, stepen EDSS (stepen fizi\u010dkog o\u0161te\u0107enja) neophodan za ostvarivanje prava na tu\u0111u njegu i pomo\u0107 snizi na 5 (umjesto 6,5), kako bi osobe oboljele od multiple skleroze lak\u0161e ostvarile pravo na tu\u0111u njegu i pomo\u0107. Tako\u0111e, kroz pomenuti Pravilnik u dijelu za Medicinske indikacije za ostvarivanje prava na naknadu zarade za rad sa polovinom punog radnog vremena radi staranja i njege djeteta sa smetnjama u razvoju, odnosno lica sa te\u0161kim invaliditetom uvrsti oboljenje skleroza multipleks\u201d poru\u010dila je predsjednica Udru\u017eenja multiple skleroze, prof.dr<strong> Andrijana Nikoli\u0107<\/strong>.<\/p>\n<p><img decoding=\"async\" class=\"alignnone size-large wp-image-26100\" src=\"https:\/\/evropskakuca.me\/wp-content\/uploads\/2023\/08\/FRO_0183-1024x683.jpg\" alt=\"\" width=\"1024\" height=\"683\" \/><\/p>\n<p><strong>An\u0111ela \u0160\u0107eki\u0107 Todorovi\u0107<\/strong>, diplomirana psiholo\u0161kinja i gel\u0161tat terapeutistkinja predstavila je rezultate psiholo\u0161kih radionica sa osobama sa sklerozom multipleks.<\/p>\n<blockquote><p>Kroz devet radionica obra\u0111ene su sve teme zna\u010dajne za oboljele, koje su i utvr\u0111ene u saradnji sa u\u010desnicima radionica na samom po\u010detku. RezultatI ankete me\u0111u u\u010desnicima pokazuju da bi osobe koje \u017eive sa sklerozom multipleks \u017eeljele da imaju mnogo vi\u0161e prostora za psiholo\u0161ku podr\u0161ku, ne samo za oboljele ve\u0107 i \u010dlanove njihovih porodica jer je skleroza multipleks autoimuna bolest \u010diji je tok nepredvidiv. Zahvaljuju\u0107i anonimnoj donaciji Udru\u017eenje \u0107e nastaviti sa psiholo\u0161kim radionicama i individualnim radom sa oboljelima i nakon zavr\u0161etka projekta.<\/p><\/blockquote>\n<p>Pravnica <strong>Marija Mrvaljevi\u0107<\/strong> koja je odgovorna za pravnu pomo\u0107 oboljelima od skleroze multipleks, kroz ovaj projekat, kazala je da mnogi od onih koji \u017eive sa tom bole\u0161\u0107u rijetko znaju svoja prava i rijetko se obra\u0107aju na prave adrese za njihovu za\u0161titu. Kroz projekat je Udru\u017eenju pristiglo 16 zahtjeva sa prosje\u010dno pet do \u0161est potpitanja i\/ili zahtjeva za pravnu pomo\u0107 i uglavnom su se odnosili na ostvarivanje razli\u010ditih vrsta prava. Neki od tih zahtjeva \u0107e dobiti i svoj sudski epilog.<\/p>\n<p><img decoding=\"async\" class=\"alignnone size-large wp-image-26104\" src=\"https:\/\/evropskakuca.me\/wp-content\/uploads\/2023\/08\/FRO_0067-1024x683.jpg\" alt=\"\" width=\"1024\" height=\"683\" \/><\/p>\n<p>\u201e<strong>Za svako pravo koje imate kao oboljeli, prva instanca je Centar za socijalni rad. Na sajtovima svih intitucija nalazi se potrebna dokumentacija<\/strong>. Tek po\u0161to oboljeli iscrpi sve mogu\u0107nosti\u00a0 koje mu zakon pru\u017ea, tek onda se mo\u017ee obratiti za sudsku za\u0161titu.\u201c kazala je Marija Mrvaljevi\u0107.<\/p>\n<p>Mrvaljevi\u0107 je poru\u010dila da se oboljeli od skleroze multipleks rijetko obra\u0107aju za besplatnu pravnu pomo\u0107 iako je to institut, Osnovni sud u gradu u kojem lice ima prebivali\u0161te, kroz koji mogu ostvariti ve\u0107inu svojih prava.<\/p>\n<p>Projekat <em><strong>Psiholo\u0161ka i pravna podr\u0161ka oboljelim od multiple skleroze<\/strong><\/em> podr\u017ean je kroz program <em><strong>Podr\u017eani=Osna\u017eeni<\/strong><\/em> koji realizuje Fond za aktivno gra\u0111anstvo u partnerstvu sa Zakladom za razvoj lokalne zajednice \u201eSlagalica\u201c iz Hrvatske. Program finansira Evropska unija, uz kofinansiranje Ministarstva javne uprave.<\/p>\n","protected":false},"excerpt":{"rendered":"<p>Predstavljeni rezultati projekta Udru\u017eenje multiple skleroze Crne Gore navodi da je u na\u0161oj dr\u017eavi 540 oboljelih od skleroze multipleks od kojih je tre\u0107ina radno sposobna i\u00a0 nemaju mogu\u0107nost da ostvare pravo na rad sa polovinom radnog vremena. Zato je cilj projekta\u00a0 Psiholo\u0161ka i pravna podr\u0161ka oboljelim od multiple skleroze koji je sprovelo ovo\u00a0 Udru\u017eenje, \u00a0pobolj\u0161anje [&hellip;]<\/p>\n","protected":false},"author":1,"featured_media":39773,"comment_status":"closed","ping_status":"closed","sticky":false,"template":"","format":"standard","meta":{"_acf_changed":false,"footnotes":""},"categories":[],"tags":[],"class_list":["post-26095","post","type-post","status-publish","format-standard","has-post-thumbnail","hentry"],"acf":[],"yoast_head":"<!-- This site is optimized with the Yoast SEO plugin v27.3 - https:\/\/yoast.com\/product\/yoast-seo-wordpress\/ -->\n<title>Psiholo\u0161ka i pravna podr\u0161ka oboljelima od multiple skleroze - Europe House<\/title>\n<meta name=\"robots\" content=\"index, follow, max-snippet:-1, max-image-preview:large, max-video-preview:-1\" \/>\n<link rel=\"canonical\" href=\"https:\/\/www.evropskakuca.me\/me\/psiholoska-i-pravna-podrska-oboljelima-od-multiple-skleroze\/\" \/>\n<meta property=\"og:locale\" content=\"en_US\" \/>\n<meta property=\"og:type\" content=\"article\" \/>\n<meta property=\"og:title\" content=\"Psiholo\u0161ka i pravna podr\u0161ka oboljelima od multiple skleroze - Europe House\" \/>\n<meta property=\"og:description\" content=\"Predstavljeni rezultati projekta Udru\u017eenje multiple skleroze Crne Gore navodi da je u na\u0161oj dr\u017eavi 540 oboljelih od skleroze multipleks od kojih je tre\u0107ina radno sposobna i\u00a0 nemaju mogu\u0107nost da ostvare pravo na rad sa polovinom radnog vremena. Zato je cilj projekta\u00a0 Psiholo\u0161ka i pravna podr\u0161ka oboljelim od multiple skleroze koji je sprovelo ovo\u00a0 Udru\u017eenje, \u00a0pobolj\u0161anje [&hellip;]\" \/>\n<meta property=\"og:url\" content=\"https:\/\/www.evropskakuca.me\/me\/psiholoska-i-pravna-podrska-oboljelima-od-multiple-skleroze\/\" \/>\n<meta property=\"og:site_name\" content=\"Europe House\" \/>\n<meta property=\"article:publisher\" content=\"https:\/\/www.facebook.com\/evropska.kuca\" \/>\n<meta property=\"article:published_time\" content=\"2023-08-02T11:18:10+00:00\" \/>\n<meta property=\"og:image\" content=\"https:\/\/www.evropskakuca.me\/wp-content\/uploads\/2023\/08\/FRO_0289.jpg\" \/>\n\t<meta property=\"og:image:width\" content=\"2560\" \/>\n\t<meta property=\"og:image:height\" content=\"1702\" \/>\n\t<meta property=\"og:image:type\" content=\"image\/jpeg\" \/>\n<meta name=\"author\" content=\"mkajic\" \/>\n<meta name=\"twitter:card\" content=\"summary_large_image\" \/>\n<meta name=\"twitter:creator\" content=\"@evropska_kuca\" \/>\n<meta name=\"twitter:site\" content=\"@evropska_kuca\" \/>\n<meta name=\"twitter:label1\" content=\"Written by\" \/>\n\t<meta name=\"twitter:data1\" content=\"mkajic\" \/>\n\t<meta name=\"twitter:label2\" content=\"Est. reading time\" \/>\n\t<meta name=\"twitter:data2\" content=\"3 minutes\" \/>\n<script type=\"application\/ld+json\" class=\"yoast-schema-graph\">{\"@context\":\"https:\\\/\\\/schema.org\",\"@graph\":[{\"@type\":\"Article\",\"@id\":\"https:\\\/\\\/www.evropskakuca.me\\\/me\\\/psiholoska-i-pravna-podrska-oboljelima-od-multiple-skleroze\\\/#article\",\"isPartOf\":{\"@id\":\"https:\\\/\\\/www.evropskakuca.me\\\/me\\\/psiholoska-i-pravna-podrska-oboljelima-od-multiple-skleroze\\\/\"},\"author\":{\"name\":\"mkajic\",\"@id\":\"https:\\\/\\\/www.evropskakuca.me\\\/me\\\/#\\\/schema\\\/person\\\/a1d0dcdaefe4a1cd1d60d200ea137ba4\"},\"headline\":\"Psiholo\u0161ka i pravna podr\u0161ka oboljelima od multiple skleroze\",\"datePublished\":\"2023-08-02T11:18:10+00:00\",\"mainEntityOfPage\":{\"@id\":\"https:\\\/\\\/www.evropskakuca.me\\\/me\\\/psiholoska-i-pravna-podrska-oboljelima-od-multiple-skleroze\\\/\"},\"wordCount\":584,\"publisher\":{\"@id\":\"https:\\\/\\\/www.evropskakuca.me\\\/me\\\/#organization\"},\"image\":{\"@id\":\"https:\\\/\\\/www.evropskakuca.me\\\/me\\\/psiholoska-i-pravna-podrska-oboljelima-od-multiple-skleroze\\\/#primaryimage\"},\"thumbnailUrl\":\"https:\\\/\\\/www.evropskakuca.me\\\/wp-content\\\/uploads\\\/2023\\\/08\\\/FRO_0289.jpg\",\"inLanguage\":\"me-ME\"},{\"@type\":\"WebPage\",\"@id\":\"https:\\\/\\\/www.evropskakuca.me\\\/me\\\/psiholoska-i-pravna-podrska-oboljelima-od-multiple-skleroze\\\/\",\"url\":\"https:\\\/\\\/www.evropskakuca.me\\\/me\\\/psiholoska-i-pravna-podrska-oboljelima-od-multiple-skleroze\\\/\",\"name\":\"Psiholo\u0161ka i pravna podr\u0161ka oboljelima od multiple skleroze - Europe House\",\"isPartOf\":{\"@id\":\"https:\\\/\\\/www.evropskakuca.me\\\/me\\\/#website\"},\"primaryImageOfPage\":{\"@id\":\"https:\\\/\\\/www.evropskakuca.me\\\/me\\\/psiholoska-i-pravna-podrska-oboljelima-od-multiple-skleroze\\\/#primaryimage\"},\"image\":{\"@id\":\"https:\\\/\\\/www.evropskakuca.me\\\/me\\\/psiholoska-i-pravna-podrska-oboljelima-od-multiple-skleroze\\\/#primaryimage\"},\"thumbnailUrl\":\"https:\\\/\\\/www.evropskakuca.me\\\/wp-content\\\/uploads\\\/2023\\\/08\\\/FRO_0289.jpg\",\"datePublished\":\"2023-08-02T11:18:10+00:00\",\"breadcrumb\":{\"@id\":\"https:\\\/\\\/www.evropskakuca.me\\\/me\\\/psiholoska-i-pravna-podrska-oboljelima-od-multiple-skleroze\\\/#breadcrumb\"},\"inLanguage\":\"me-ME\",\"potentialAction\":[{\"@type\":\"ReadAction\",\"target\":[\"https:\\\/\\\/www.evropskakuca.me\\\/me\\\/psiholoska-i-pravna-podrska-oboljelima-od-multiple-skleroze\\\/\"]}]},{\"@type\":\"ImageObject\",\"inLanguage\":\"me-ME\",\"@id\":\"https:\\\/\\\/www.evropskakuca.me\\\/me\\\/psiholoska-i-pravna-podrska-oboljelima-od-multiple-skleroze\\\/#primaryimage\",\"url\":\"https:\\\/\\\/www.evropskakuca.me\\\/wp-content\\\/uploads\\\/2023\\\/08\\\/FRO_0289.jpg\",\"contentUrl\":\"https:\\\/\\\/www.evropskakuca.me\\\/wp-content\\\/uploads\\\/2023\\\/08\\\/FRO_0289.jpg\",\"width\":2560,\"height\":1702},{\"@type\":\"BreadcrumbList\",\"@id\":\"https:\\\/\\\/www.evropskakuca.me\\\/me\\\/psiholoska-i-pravna-podrska-oboljelima-od-multiple-skleroze\\\/#breadcrumb\",\"itemListElement\":[{\"@type\":\"ListItem\",\"position\":1,\"name\":\"Home\",\"item\":\"https:\\\/\\\/www.evropskakuca.me\\\/me\\\/\"},{\"@type\":\"ListItem\",\"position\":2,\"name\":\"Psiholo\u0161ka i pravna podr\u0161ka oboljelima od multiple skleroze\"}]},{\"@type\":\"WebSite\",\"@id\":\"https:\\\/\\\/www.evropskakuca.me\\\/me\\\/#website\",\"url\":\"https:\\\/\\\/www.evropskakuca.me\\\/me\\\/\",\"name\":\"Evropean house\",\"description\":\"\",\"publisher\":{\"@id\":\"https:\\\/\\\/www.evropskakuca.me\\\/me\\\/#organization\"},\"potentialAction\":[{\"@type\":\"SearchAction\",\"target\":{\"@type\":\"EntryPoint\",\"urlTemplate\":\"https:\\\/\\\/www.evropskakuca.me\\\/me\\\/?s={search_term_string}\"},\"query-input\":{\"@type\":\"PropertyValueSpecification\",\"valueRequired\":true,\"valueName\":\"search_term_string\"}}],\"inLanguage\":\"me-ME\"},{\"@type\":\"Organization\",\"@id\":\"https:\\\/\\\/www.evropskakuca.me\\\/me\\\/#organization\",\"name\":\"Evropean house\",\"url\":\"https:\\\/\\\/www.evropskakuca.me\\\/me\\\/\",\"logo\":{\"@type\":\"ImageObject\",\"inLanguage\":\"me-ME\",\"@id\":\"https:\\\/\\\/www.evropskakuca.me\\\/me\\\/#\\\/schema\\\/logo\\\/image\\\/\",\"url\":\"https:\\\/\\\/www.evropskakuca.me\\\/wp-content\\\/uploads\\\/2025\\\/01\\\/evropska-kuca-logo-1.png\",\"contentUrl\":\"https:\\\/\\\/www.evropskakuca.me\\\/wp-content\\\/uploads\\\/2025\\\/01\\\/evropska-kuca-logo-1.png\",\"width\":425,\"height\":312,\"caption\":\"Evropean house\"},\"image\":{\"@id\":\"https:\\\/\\\/www.evropskakuca.me\\\/me\\\/#\\\/schema\\\/logo\\\/image\\\/\"},\"sameAs\":[\"https:\\\/\\\/www.facebook.com\\\/evropska.kuca\",\"https:\\\/\\\/x.com\\\/evropska_kuca\",\"https:\\\/\\\/www.instagram.com\\\/evropska_kuca\"]},{\"@type\":\"Person\",\"@id\":\"https:\\\/\\\/www.evropskakuca.me\\\/me\\\/#\\\/schema\\\/person\\\/a1d0dcdaefe4a1cd1d60d200ea137ba4\",\"name\":\"mkajic\",\"image\":{\"@type\":\"ImageObject\",\"inLanguage\":\"me-ME\",\"@id\":\"https:\\\/\\\/secure.gravatar.com\\\/avatar\\\/731fa035cefab7316e6bafd1f25a93fb731a07de14e2d9923f8db4422628eabc?s=96&d=mm&r=g\",\"url\":\"https:\\\/\\\/secure.gravatar.com\\\/avatar\\\/731fa035cefab7316e6bafd1f25a93fb731a07de14e2d9923f8db4422628eabc?s=96&d=mm&r=g\",\"contentUrl\":\"https:\\\/\\\/secure.gravatar.com\\\/avatar\\\/731fa035cefab7316e6bafd1f25a93fb731a07de14e2d9923f8db4422628eabc?s=96&d=mm&r=g\",\"caption\":\"mkajic\"},\"sameAs\":[\"https:\\\/\\\/evropskakuca.me\"],\"url\":\"https:\\\/\\\/www.evropskakuca.me\\\/me\\\/author\\\/mkajic\\\/\"}]}<\/script>\n<!-- \/ Yoast SEO plugin. -->","yoast_head_json":{"title":"Psiholo\u0161ka i pravna podr\u0161ka oboljelima od multiple skleroze - Europe House","robots":{"index":"index","follow":"follow","max-snippet":"max-snippet:-1","max-image-preview":"max-image-preview:large","max-video-preview":"max-video-preview:-1"},"canonical":"https:\/\/www.evropskakuca.me\/me\/psiholoska-i-pravna-podrska-oboljelima-od-multiple-skleroze\/","og_locale":"en_US","og_type":"article","og_title":"Psiholo\u0161ka i pravna podr\u0161ka oboljelima od multiple skleroze - Europe House","og_description":"Predstavljeni rezultati projekta Udru\u017eenje multiple skleroze Crne Gore navodi da je u na\u0161oj dr\u017eavi 540 oboljelih od skleroze multipleks od kojih je tre\u0107ina radno sposobna i\u00a0 nemaju mogu\u0107nost da ostvare pravo na rad sa polovinom radnog vremena. Zato je cilj projekta\u00a0 Psiholo\u0161ka i pravna podr\u0161ka oboljelim od multiple skleroze koji je sprovelo ovo\u00a0 Udru\u017eenje, \u00a0pobolj\u0161anje [&hellip;]","og_url":"https:\/\/www.evropskakuca.me\/me\/psiholoska-i-pravna-podrska-oboljelima-od-multiple-skleroze\/","og_site_name":"Europe House","article_publisher":"https:\/\/www.facebook.com\/evropska.kuca","article_published_time":"2023-08-02T11:18:10+00:00","og_image":[{"width":2560,"height":1702,"url":"https:\/\/www.evropskakuca.me\/wp-content\/uploads\/2023\/08\/FRO_0289.jpg","type":"image\/jpeg"}],"author":"mkajic","twitter_card":"summary_large_image","twitter_creator":"@evropska_kuca","twitter_site":"@evropska_kuca","twitter_misc":{"Written by":"mkajic","Est. reading time":"3 minutes"},"schema":{"@context":"https:\/\/schema.org","@graph":[{"@type":"Article","@id":"https:\/\/www.evropskakuca.me\/me\/psiholoska-i-pravna-podrska-oboljelima-od-multiple-skleroze\/#article","isPartOf":{"@id":"https:\/\/www.evropskakuca.me\/me\/psiholoska-i-pravna-podrska-oboljelima-od-multiple-skleroze\/"},"author":{"name":"mkajic","@id":"https:\/\/www.evropskakuca.me\/me\/#\/schema\/person\/a1d0dcdaefe4a1cd1d60d200ea137ba4"},"headline":"Psiholo\u0161ka i pravna podr\u0161ka oboljelima od multiple skleroze","datePublished":"2023-08-02T11:18:10+00:00","mainEntityOfPage":{"@id":"https:\/\/www.evropskakuca.me\/me\/psiholoska-i-pravna-podrska-oboljelima-od-multiple-skleroze\/"},"wordCount":584,"publisher":{"@id":"https:\/\/www.evropskakuca.me\/me\/#organization"},"image":{"@id":"https:\/\/www.evropskakuca.me\/me\/psiholoska-i-pravna-podrska-oboljelima-od-multiple-skleroze\/#primaryimage"},"thumbnailUrl":"https:\/\/www.evropskakuca.me\/wp-content\/uploads\/2023\/08\/FRO_0289.jpg","inLanguage":"me-ME"},{"@type":"WebPage","@id":"https:\/\/www.evropskakuca.me\/me\/psiholoska-i-pravna-podrska-oboljelima-od-multiple-skleroze\/","url":"https:\/\/www.evropskakuca.me\/me\/psiholoska-i-pravna-podrska-oboljelima-od-multiple-skleroze\/","name":"Psiholo\u0161ka i pravna podr\u0161ka oboljelima od multiple skleroze - Europe House","isPartOf":{"@id":"https:\/\/www.evropskakuca.me\/me\/#website"},"primaryImageOfPage":{"@id":"https:\/\/www.evropskakuca.me\/me\/psiholoska-i-pravna-podrska-oboljelima-od-multiple-skleroze\/#primaryimage"},"image":{"@id":"https:\/\/www.evropskakuca.me\/me\/psiholoska-i-pravna-podrska-oboljelima-od-multiple-skleroze\/#primaryimage"},"thumbnailUrl":"https:\/\/www.evropskakuca.me\/wp-content\/uploads\/2023\/08\/FRO_0289.jpg","datePublished":"2023-08-02T11:18:10+00:00","breadcrumb":{"@id":"https:\/\/www.evropskakuca.me\/me\/psiholoska-i-pravna-podrska-oboljelima-od-multiple-skleroze\/#breadcrumb"},"inLanguage":"me-ME","potentialAction":[{"@type":"ReadAction","target":["https:\/\/www.evropskakuca.me\/me\/psiholoska-i-pravna-podrska-oboljelima-od-multiple-skleroze\/"]}]},{"@type":"ImageObject","inLanguage":"me-ME","@id":"https:\/\/www.evropskakuca.me\/me\/psiholoska-i-pravna-podrska-oboljelima-od-multiple-skleroze\/#primaryimage","url":"https:\/\/www.evropskakuca.me\/wp-content\/uploads\/2023\/08\/FRO_0289.jpg","contentUrl":"https:\/\/www.evropskakuca.me\/wp-content\/uploads\/2023\/08\/FRO_0289.jpg","width":2560,"height":1702},{"@type":"BreadcrumbList","@id":"https:\/\/www.evropskakuca.me\/me\/psiholoska-i-pravna-podrska-oboljelima-od-multiple-skleroze\/#breadcrumb","itemListElement":[{"@type":"ListItem","position":1,"name":"Home","item":"https:\/\/www.evropskakuca.me\/me\/"},{"@type":"ListItem","position":2,"name":"Psiholo\u0161ka i pravna podr\u0161ka oboljelima od multiple skleroze"}]},{"@type":"WebSite","@id":"https:\/\/www.evropskakuca.me\/me\/#website","url":"https:\/\/www.evropskakuca.me\/me\/","name":"Evropean house","description":"","publisher":{"@id":"https:\/\/www.evropskakuca.me\/me\/#organization"},"potentialAction":[{"@type":"SearchAction","target":{"@type":"EntryPoint","urlTemplate":"https:\/\/www.evropskakuca.me\/me\/?s={search_term_string}"},"query-input":{"@type":"PropertyValueSpecification","valueRequired":true,"valueName":"search_term_string"}}],"inLanguage":"me-ME"},{"@type":"Organization","@id":"https:\/\/www.evropskakuca.me\/me\/#organization","name":"Evropean house","url":"https:\/\/www.evropskakuca.me\/me\/","logo":{"@type":"ImageObject","inLanguage":"me-ME","@id":"https:\/\/www.evropskakuca.me\/me\/#\/schema\/logo\/image\/","url":"https:\/\/www.evropskakuca.me\/wp-content\/uploads\/2025\/01\/evropska-kuca-logo-1.png","contentUrl":"https:\/\/www.evropskakuca.me\/wp-content\/uploads\/2025\/01\/evropska-kuca-logo-1.png","width":425,"height":312,"caption":"Evropean house"},"image":{"@id":"https:\/\/www.evropskakuca.me\/me\/#\/schema\/logo\/image\/"},"sameAs":["https:\/\/www.facebook.com\/evropska.kuca","https:\/\/x.com\/evropska_kuca","https:\/\/www.instagram.com\/evropska_kuca"]},{"@type":"Person","@id":"https:\/\/www.evropskakuca.me\/me\/#\/schema\/person\/a1d0dcdaefe4a1cd1d60d200ea137ba4","name":"mkajic","image":{"@type":"ImageObject","inLanguage":"me-ME","@id":"https:\/\/secure.gravatar.com\/avatar\/731fa035cefab7316e6bafd1f25a93fb731a07de14e2d9923f8db4422628eabc?s=96&d=mm&r=g","url":"https:\/\/secure.gravatar.com\/avatar\/731fa035cefab7316e6bafd1f25a93fb731a07de14e2d9923f8db4422628eabc?s=96&d=mm&r=g","contentUrl":"https:\/\/secure.gravatar.com\/avatar\/731fa035cefab7316e6bafd1f25a93fb731a07de14e2d9923f8db4422628eabc?s=96&d=mm&r=g","caption":"mkajic"},"sameAs":["https:\/\/evropskakuca.me"],"url":"https:\/\/www.evropskakuca.me\/me\/author\/mkajic\/"}]}},"_links":{"self":[{"href":"https:\/\/www.evropskakuca.me\/me\/wp-json\/wp\/v2\/posts\/26095","targetHints":{"allow":["GET"]}}],"collection":[{"href":"https:\/\/www.evropskakuca.me\/me\/wp-json\/wp\/v2\/posts"}],"about":[{"href":"https:\/\/www.evropskakuca.me\/me\/wp-json\/wp\/v2\/types\/post"}],"author":[{"embeddable":true,"href":"https:\/\/www.evropskakuca.me\/me\/wp-json\/wp\/v2\/users\/1"}],"replies":[{"embeddable":true,"href":"https:\/\/www.evropskakuca.me\/me\/wp-json\/wp\/v2\/comments?post=26095"}],"version-history":[{"count":0,"href":"https:\/\/www.evropskakuca.me\/me\/wp-json\/wp\/v2\/posts\/26095\/revisions"}],"wp:featuredmedia":[{"embeddable":true,"href":"https:\/\/www.evropskakuca.me\/me\/wp-json\/wp\/v2\/media\/39773"}],"wp:attachment":[{"href":"https:\/\/www.evropskakuca.me\/me\/wp-json\/wp\/v2\/media?parent=26095"}],"wp:term":[{"taxonomy":"category","embeddable":true,"href":"https:\/\/www.evropskakuca.me\/me\/wp-json\/wp\/v2\/categories?post=26095"},{"taxonomy":"post_tag","embeddable":true,"href":"https:\/\/www.evropskakuca.me\/me\/wp-json\/wp\/v2\/tags?post=26095"}],"curies":[{"name":"wp","href":"https:\/\/api.w.org\/{rel}","templated":true}]}}