{"id":26001,"date":"2023-07-28T09:12:15","date_gmt":"2023-07-28T09:12:15","guid":{"rendered":"https:\/\/evropskakuca.me\/?p=26001"},"modified":"2023-07-28T09:12:15","modified_gmt":"2023-07-28T09:12:15","slug":"zavod-za-hitnu-medicinsku-pomoc-crne-gore-dobio-sanitetsko-vozilo-iz-projekta-eu-p88","status":"publish","type":"post","link":"https:\/\/www.evropskakuca.me\/me\/zavod-za-hitnu-medicinsku-pomoc-crne-gore-dobio-sanitetsko-vozilo-iz-projekta-eu-p88\/","title":{"rendered":"ZAVOD ZA HITNU MEDICINSKU POMO\u0106 CRNE GORE DOBIO SANITETSKO VOZILO IZ PROJEKTA EU 88"},"content":{"rendered":"<p>Ministar zdravlja Dragoslav \u0160\u0107eki\u0107 predao je klju\u010deve novog sanitetskog vozila rukovodiocu jedinice Zavoda zavoda za hitnu medicinsku pomo\u0107 u Bijelom Polju.<\/p>\n<blockquote><p>Sanitetsko vozilo obezbije\u0111eno je iz Projekta 88 Evropske unije, u kome u\u010destvuje i Zavod za hitnu medicinsku pomo\u0107, uz podr\u0161ku Ministarstva zdravlja. Projekat se odnosi na pru\u017eanje pomo\u0107i u slu\u010daju nuklearno &#8211; hemijsko &#8211; biolo\u0161kog\u00a0 akcidenta. Vrijednost vozila je 53.850 eura bez PDV-a.<\/p><\/blockquote>\n<p><img fetchpriority=\"high\" decoding=\"async\" class=\"alignnone size-large wp-image-26006\" src=\"https:\/\/evropskakuca.me\/wp-content\/uploads\/2023\/07\/viber_slika_2023-07-27_10-09-30-473-1024x768.jpg\" alt=\"\" width=\"1024\" height=\"768\" \/><\/p>\n<p><strong><em>Ministar zdravlja, Dragoslav \u0160\u0107eki\u0107<\/em><\/strong>, zahvalio je partnerima iz EU na pomo\u0107i i istakao zna\u010daj pripremljenosti sistema zdravlja za eventualne krizne situacije.<\/p>\n<p><em>\u201cTako\u0111e podr\u0161ka i pohvale za Zavod za hitnu medicinsku pomo\u0107 i direktora Nikovi\u0107a, koji\u00a0 sa svojim timom uspje\u0161no vodi projekat i stvara uslove da na\u0161 Zavod bude prva\u00a0 ustanova koja \u0107e biti opremljena za adekvatno reagovanje u vanrednim situacijama koje se odnose na\u00a0 hemijsko biolo\u0161ko radiolo\u0161ke i nuklearne akcidente\u201d<\/em>, kazao je \u0160\u0107eki\u0107.<\/p>\n<p>Ministar je izrazio nadu da \u0107e se\u00a0 sanitetsko vozilo koje je dobila jedinica u Bijelom Polju \u0161to manje koristiti ali i da \u0107e u slu\u010daju potrebe ono zna\u010dajno olak\u0161ati rad medicinskim ekipama koje su \u010desto na terenu i obavljaju najva\u017enije zadatke u za\u0161titi zdravlja onih kojima je pomo\u0107 najpotrebnija.<\/p>\n<p><em>\u201cNa\u0161a je \u017eelja da nam ova oprema nikada ne zatreba i vjerujemo da \u0107e tako i biti, ali je uvijek bolje biti spreman na potencijalne prijetnje i brzu reakciju ako do krize do\u0111e. Za zdravstvenu sigurnost na\u0161ih gra\u0111ana va\u017ena je spremnost. Upravo nas ovakvi projekti \u010dine sigurnijim\u201d<\/em>, zaklju\u010dio je \u0160\u0107eki\u0107.<\/p>\n<p><img decoding=\"async\" class=\"alignnone size-large wp-image-26008\" src=\"https:\/\/evropskakuca.me\/wp-content\/uploads\/2023\/07\/viber_slika_2023-07-27_10-09-31-712-1-1024x768.jpg\" alt=\"\" width=\"1024\" height=\"768\" \/><\/p>\n<p>Vozilo je Zavodu isporu\u010dio Nau\u010dno-tehnolo\u0161ki centar u Ukrajini.<\/p>\n<blockquote><p>Iz Delegacije Evropske unije u Crnoj Gori poru\u010dili su da novo sanitetsko vozilo, nabavljeno u okviru projekta, predstavlja klju\u010dnu prekretnicu u ja\u010danju sposobnosti Crne Gore za reagovanje u slu\u010daju katastrofa i hitne medicinske pomoc\u0301i.<\/p><\/blockquote>\n<p><em>\u201cNajsavremenije vozilo hitne pomoc\u0301i bic\u0301e isklju\u010divo posvec\u0301eno CBRN hitnoj medicinskoj upotrebi, ja\u010dajuc\u0301i kapacitet Centra za obuku u slu\u010daju katastrofa i hitne medicinske pomoc\u0301i u Crnoj Gori. Obezbje\u0111ivanjem ove esencijalne CBRN opreme, STCU ima za cilj da podr\u017ei unapre\u0111enje nacionalnih i regionalnih institucija za obuku i pru\u017ealaca nacionalnih slu\u017ebi hitne medicinske pomoc\u0301i\u201d,<\/em> saop\u0161tili su iz <strong>Delegacije Evropske unije u Crnoj Gori<\/strong>.<\/p>\n<p><strong><em>Direktor Zavoda za hitnu medicinsku pomo\u0107 Prim. Mr sci. Dr med. Vuk Nikovi\u0107 <\/em><\/strong>istakao je zna\u010daj pomo\u0107i partnera iz Evropske unije.<\/p>\n<p><em>\u201cObnova voznog parka je jedan od prioriteta da bi usluga hitne medicinske pomo\u0107i bila adekvatna i na vrijeme. Pribli\u017eavanje standardima Evropske unije je prioritet menad\u017ementa Zavoda za hitnu medicinsku pomo\u0107 Crne Gore. Zavod postaje jedina zdravstvena ustanova koja u\u010destvovanjem u projektu EU P88\u00a0 i nakon realizacije istog postaje jedina zdravstvena ustanova koja \u0107e imati obu\u010den kadar i opremu za rekaciju u <strong>hemijsko \u2013 biolo\u0161ki &#8211; nukleranim radiolo\u0161kim akcidentima<\/strong>\u201d, <\/em>poru\u010dio je direktore Zavoda dr Nikovi\u0107.<\/p>\n<p>Zavod \u0107e iz Projekta 88, uz podr\u0161ku Ministarstva zdravlja, dobiti i opremu za CBRN za\u0161titu, kao i opremu za trening. Time \u0107e uskoro postati prva zdravstvena ustanova u Crnoj Gori koja posjeduje opremu za <strong>CBRN<\/strong> za\u0161titu. U sklopu projekta obu\u010deno je pet instruktora (dva doktora specijaliste urgentne medicine i tri tehni\u010dara) za obuku u slu\u010daju Hemijsko Biolo\u0161ko Radiacionog akcidenta.<\/p>\n<p>&nbsp;<\/p>\n<p>&nbsp;<\/p>\n<p>&nbsp;<\/p>\n","protected":false},"excerpt":{"rendered":"<p>Ministar zdravlja Dragoslav \u0160\u0107eki\u0107 predao je klju\u010deve novog sanitetskog vozila rukovodiocu jedinice Zavoda zavoda za hitnu medicinsku pomo\u0107 u Bijelom Polju. Sanitetsko vozilo obezbije\u0111eno je iz Projekta 88 Evropske unije, u kome u\u010destvuje i Zavod za hitnu medicinsku pomo\u0107, uz podr\u0161ku Ministarstva zdravlja. Projekat se odnosi na pru\u017eanje pomo\u0107i u slu\u010daju nuklearno &#8211; hemijsko &#8211; [&hellip;]<\/p>\n","protected":false},"author":1,"featured_media":39729,"comment_status":"closed","ping_status":"closed","sticky":false,"template":"","format":"standard","meta":{"_acf_changed":false,"footnotes":""},"categories":[],"tags":[],"class_list":["post-26001","post","type-post","status-publish","format-standard","has-post-thumbnail","hentry"],"acf":[],"yoast_head":"<!-- This site is optimized with the Yoast SEO plugin v27.3 - https:\/\/yoast.com\/product\/yoast-seo-wordpress\/ -->\n<title>ZAVOD ZA HITNU MEDICINSKU POMO\u0106 CRNE GORE DOBIO SANITETSKO VOZILO IZ PROJEKTA EU 88 - Europe House<\/title>\n<meta name=\"robots\" content=\"index, follow, max-snippet:-1, max-image-preview:large, max-video-preview:-1\" \/>\n<link rel=\"canonical\" href=\"https:\/\/www.evropskakuca.me\/me\/zavod-za-hitnu-medicinsku-pomoc-crne-gore-dobio-sanitetsko-vozilo-iz-projekta-eu-p88\/\" \/>\n<meta property=\"og:locale\" content=\"en_US\" \/>\n<meta property=\"og:type\" content=\"article\" \/>\n<meta property=\"og:title\" content=\"ZAVOD ZA HITNU MEDICINSKU POMO\u0106 CRNE GORE DOBIO SANITETSKO VOZILO IZ PROJEKTA EU 88 - Europe House\" \/>\n<meta property=\"og:description\" content=\"Ministar zdravlja Dragoslav \u0160\u0107eki\u0107 predao je klju\u010deve novog sanitetskog vozila rukovodiocu jedinice Zavoda zavoda za hitnu medicinsku pomo\u0107 u Bijelom Polju. Sanitetsko vozilo obezbije\u0111eno je iz Projekta 88 Evropske unije, u kome u\u010destvuje i Zavod za hitnu medicinsku pomo\u0107, uz podr\u0161ku Ministarstva zdravlja. Projekat se odnosi na pru\u017eanje pomo\u0107i u slu\u010daju nuklearno &#8211; hemijsko &#8211; [&hellip;]\" \/>\n<meta property=\"og:url\" content=\"https:\/\/www.evropskakuca.me\/me\/zavod-za-hitnu-medicinsku-pomoc-crne-gore-dobio-sanitetsko-vozilo-iz-projekta-eu-p88\/\" \/>\n<meta property=\"og:site_name\" content=\"Europe House\" \/>\n<meta property=\"article:publisher\" content=\"https:\/\/www.facebook.com\/evropska.kuca\" \/>\n<meta property=\"article:published_time\" content=\"2023-07-28T09:12:15+00:00\" \/>\n<meta property=\"og:image\" content=\"https:\/\/www.evropskakuca.me\/wp-content\/uploads\/2023\/07\/viber_slika_2023-07-27_10-09-31-451.jpg\" \/>\n\t<meta property=\"og:image:width\" content=\"1800\" \/>\n\t<meta property=\"og:image:height\" content=\"1350\" \/>\n\t<meta property=\"og:image:type\" content=\"image\/jpeg\" \/>\n<meta name=\"author\" content=\"mkajic\" \/>\n<meta name=\"twitter:card\" content=\"summary_large_image\" \/>\n<meta name=\"twitter:creator\" content=\"@evropska_kuca\" \/>\n<meta name=\"twitter:site\" content=\"@evropska_kuca\" \/>\n<meta name=\"twitter:label1\" content=\"Written by\" \/>\n\t<meta name=\"twitter:data1\" content=\"mkajic\" \/>\n\t<meta name=\"twitter:label2\" content=\"Est. reading time\" \/>\n\t<meta name=\"twitter:data2\" content=\"3 minutes\" \/>\n<script type=\"application\/ld+json\" class=\"yoast-schema-graph\">{\"@context\":\"https:\\\/\\\/schema.org\",\"@graph\":[{\"@type\":\"Article\",\"@id\":\"https:\\\/\\\/www.evropskakuca.me\\\/me\\\/zavod-za-hitnu-medicinsku-pomoc-crne-gore-dobio-sanitetsko-vozilo-iz-projekta-eu-p88\\\/#article\",\"isPartOf\":{\"@id\":\"https:\\\/\\\/www.evropskakuca.me\\\/me\\\/zavod-za-hitnu-medicinsku-pomoc-crne-gore-dobio-sanitetsko-vozilo-iz-projekta-eu-p88\\\/\"},\"author\":{\"name\":\"mkajic\",\"@id\":\"https:\\\/\\\/www.evropskakuca.me\\\/me\\\/#\\\/schema\\\/person\\\/a1d0dcdaefe4a1cd1d60d200ea137ba4\"},\"headline\":\"ZAVOD ZA HITNU MEDICINSKU POMO\u0106 CRNE GORE DOBIO SANITETSKO VOZILO IZ PROJEKTA EU 88\",\"datePublished\":\"2023-07-28T09:12:15+00:00\",\"mainEntityOfPage\":{\"@id\":\"https:\\\/\\\/www.evropskakuca.me\\\/me\\\/zavod-za-hitnu-medicinsku-pomoc-crne-gore-dobio-sanitetsko-vozilo-iz-projekta-eu-p88\\\/\"},\"wordCount\":571,\"publisher\":{\"@id\":\"https:\\\/\\\/www.evropskakuca.me\\\/me\\\/#organization\"},\"image\":{\"@id\":\"https:\\\/\\\/www.evropskakuca.me\\\/me\\\/zavod-za-hitnu-medicinsku-pomoc-crne-gore-dobio-sanitetsko-vozilo-iz-projekta-eu-p88\\\/#primaryimage\"},\"thumbnailUrl\":\"https:\\\/\\\/www.evropskakuca.me\\\/wp-content\\\/uploads\\\/2023\\\/07\\\/viber_slika_2023-07-27_10-09-31-451.jpg\",\"inLanguage\":\"me-ME\"},{\"@type\":\"WebPage\",\"@id\":\"https:\\\/\\\/www.evropskakuca.me\\\/me\\\/zavod-za-hitnu-medicinsku-pomoc-crne-gore-dobio-sanitetsko-vozilo-iz-projekta-eu-p88\\\/\",\"url\":\"https:\\\/\\\/www.evropskakuca.me\\\/me\\\/zavod-za-hitnu-medicinsku-pomoc-crne-gore-dobio-sanitetsko-vozilo-iz-projekta-eu-p88\\\/\",\"name\":\"ZAVOD ZA HITNU MEDICINSKU POMO\u0106 CRNE GORE DOBIO SANITETSKO VOZILO IZ PROJEKTA EU 88 - Europe House\",\"isPartOf\":{\"@id\":\"https:\\\/\\\/www.evropskakuca.me\\\/me\\\/#website\"},\"primaryImageOfPage\":{\"@id\":\"https:\\\/\\\/www.evropskakuca.me\\\/me\\\/zavod-za-hitnu-medicinsku-pomoc-crne-gore-dobio-sanitetsko-vozilo-iz-projekta-eu-p88\\\/#primaryimage\"},\"image\":{\"@id\":\"https:\\\/\\\/www.evropskakuca.me\\\/me\\\/zavod-za-hitnu-medicinsku-pomoc-crne-gore-dobio-sanitetsko-vozilo-iz-projekta-eu-p88\\\/#primaryimage\"},\"thumbnailUrl\":\"https:\\\/\\\/www.evropskakuca.me\\\/wp-content\\\/uploads\\\/2023\\\/07\\\/viber_slika_2023-07-27_10-09-31-451.jpg\",\"datePublished\":\"2023-07-28T09:12:15+00:00\",\"breadcrumb\":{\"@id\":\"https:\\\/\\\/www.evropskakuca.me\\\/me\\\/zavod-za-hitnu-medicinsku-pomoc-crne-gore-dobio-sanitetsko-vozilo-iz-projekta-eu-p88\\\/#breadcrumb\"},\"inLanguage\":\"me-ME\",\"potentialAction\":[{\"@type\":\"ReadAction\",\"target\":[\"https:\\\/\\\/www.evropskakuca.me\\\/me\\\/zavod-za-hitnu-medicinsku-pomoc-crne-gore-dobio-sanitetsko-vozilo-iz-projekta-eu-p88\\\/\"]}]},{\"@type\":\"ImageObject\",\"inLanguage\":\"me-ME\",\"@id\":\"https:\\\/\\\/www.evropskakuca.me\\\/me\\\/zavod-za-hitnu-medicinsku-pomoc-crne-gore-dobio-sanitetsko-vozilo-iz-projekta-eu-p88\\\/#primaryimage\",\"url\":\"https:\\\/\\\/www.evropskakuca.me\\\/wp-content\\\/uploads\\\/2023\\\/07\\\/viber_slika_2023-07-27_10-09-31-451.jpg\",\"contentUrl\":\"https:\\\/\\\/www.evropskakuca.me\\\/wp-content\\\/uploads\\\/2023\\\/07\\\/viber_slika_2023-07-27_10-09-31-451.jpg\",\"width\":1800,\"height\":1350},{\"@type\":\"BreadcrumbList\",\"@id\":\"https:\\\/\\\/www.evropskakuca.me\\\/me\\\/zavod-za-hitnu-medicinsku-pomoc-crne-gore-dobio-sanitetsko-vozilo-iz-projekta-eu-p88\\\/#breadcrumb\",\"itemListElement\":[{\"@type\":\"ListItem\",\"position\":1,\"name\":\"Home\",\"item\":\"https:\\\/\\\/www.evropskakuca.me\\\/me\\\/\"},{\"@type\":\"ListItem\",\"position\":2,\"name\":\"ZAVOD ZA HITNU MEDICINSKU POMO\u0106 CRNE GORE DOBIO SANITETSKO VOZILO IZ PROJEKTA EU 88\"}]},{\"@type\":\"WebSite\",\"@id\":\"https:\\\/\\\/www.evropskakuca.me\\\/me\\\/#website\",\"url\":\"https:\\\/\\\/www.evropskakuca.me\\\/me\\\/\",\"name\":\"Evropean house\",\"description\":\"\",\"publisher\":{\"@id\":\"https:\\\/\\\/www.evropskakuca.me\\\/me\\\/#organization\"},\"potentialAction\":[{\"@type\":\"SearchAction\",\"target\":{\"@type\":\"EntryPoint\",\"urlTemplate\":\"https:\\\/\\\/www.evropskakuca.me\\\/me\\\/?s={search_term_string}\"},\"query-input\":{\"@type\":\"PropertyValueSpecification\",\"valueRequired\":true,\"valueName\":\"search_term_string\"}}],\"inLanguage\":\"me-ME\"},{\"@type\":\"Organization\",\"@id\":\"https:\\\/\\\/www.evropskakuca.me\\\/me\\\/#organization\",\"name\":\"Evropean house\",\"url\":\"https:\\\/\\\/www.evropskakuca.me\\\/me\\\/\",\"logo\":{\"@type\":\"ImageObject\",\"inLanguage\":\"me-ME\",\"@id\":\"https:\\\/\\\/www.evropskakuca.me\\\/me\\\/#\\\/schema\\\/logo\\\/image\\\/\",\"url\":\"https:\\\/\\\/www.evropskakuca.me\\\/wp-content\\\/uploads\\\/2025\\\/01\\\/evropska-kuca-logo-1.png\",\"contentUrl\":\"https:\\\/\\\/www.evropskakuca.me\\\/wp-content\\\/uploads\\\/2025\\\/01\\\/evropska-kuca-logo-1.png\",\"width\":425,\"height\":312,\"caption\":\"Evropean house\"},\"image\":{\"@id\":\"https:\\\/\\\/www.evropskakuca.me\\\/me\\\/#\\\/schema\\\/logo\\\/image\\\/\"},\"sameAs\":[\"https:\\\/\\\/www.facebook.com\\\/evropska.kuca\",\"https:\\\/\\\/x.com\\\/evropska_kuca\",\"https:\\\/\\\/www.instagram.com\\\/evropska_kuca\"]},{\"@type\":\"Person\",\"@id\":\"https:\\\/\\\/www.evropskakuca.me\\\/me\\\/#\\\/schema\\\/person\\\/a1d0dcdaefe4a1cd1d60d200ea137ba4\",\"name\":\"mkajic\",\"image\":{\"@type\":\"ImageObject\",\"inLanguage\":\"me-ME\",\"@id\":\"https:\\\/\\\/secure.gravatar.com\\\/avatar\\\/731fa035cefab7316e6bafd1f25a93fb731a07de14e2d9923f8db4422628eabc?s=96&d=mm&r=g\",\"url\":\"https:\\\/\\\/secure.gravatar.com\\\/avatar\\\/731fa035cefab7316e6bafd1f25a93fb731a07de14e2d9923f8db4422628eabc?s=96&d=mm&r=g\",\"contentUrl\":\"https:\\\/\\\/secure.gravatar.com\\\/avatar\\\/731fa035cefab7316e6bafd1f25a93fb731a07de14e2d9923f8db4422628eabc?s=96&d=mm&r=g\",\"caption\":\"mkajic\"},\"sameAs\":[\"https:\\\/\\\/evropskakuca.me\"],\"url\":\"https:\\\/\\\/www.evropskakuca.me\\\/me\\\/author\\\/mkajic\\\/\"}]}<\/script>\n<!-- \/ Yoast SEO plugin. -->","yoast_head_json":{"title":"ZAVOD ZA HITNU MEDICINSKU POMO\u0106 CRNE GORE DOBIO SANITETSKO VOZILO IZ PROJEKTA EU 88 - Europe House","robots":{"index":"index","follow":"follow","max-snippet":"max-snippet:-1","max-image-preview":"max-image-preview:large","max-video-preview":"max-video-preview:-1"},"canonical":"https:\/\/www.evropskakuca.me\/me\/zavod-za-hitnu-medicinsku-pomoc-crne-gore-dobio-sanitetsko-vozilo-iz-projekta-eu-p88\/","og_locale":"en_US","og_type":"article","og_title":"ZAVOD ZA HITNU MEDICINSKU POMO\u0106 CRNE GORE DOBIO SANITETSKO VOZILO IZ PROJEKTA EU 88 - Europe House","og_description":"Ministar zdravlja Dragoslav \u0160\u0107eki\u0107 predao je klju\u010deve novog sanitetskog vozila rukovodiocu jedinice Zavoda zavoda za hitnu medicinsku pomo\u0107 u Bijelom Polju. Sanitetsko vozilo obezbije\u0111eno je iz Projekta 88 Evropske unije, u kome u\u010destvuje i Zavod za hitnu medicinsku pomo\u0107, uz podr\u0161ku Ministarstva zdravlja. Projekat se odnosi na pru\u017eanje pomo\u0107i u slu\u010daju nuklearno &#8211; hemijsko &#8211; [&hellip;]","og_url":"https:\/\/www.evropskakuca.me\/me\/zavod-za-hitnu-medicinsku-pomoc-crne-gore-dobio-sanitetsko-vozilo-iz-projekta-eu-p88\/","og_site_name":"Europe House","article_publisher":"https:\/\/www.facebook.com\/evropska.kuca","article_published_time":"2023-07-28T09:12:15+00:00","og_image":[{"width":1800,"height":1350,"url":"https:\/\/www.evropskakuca.me\/wp-content\/uploads\/2023\/07\/viber_slika_2023-07-27_10-09-31-451.jpg","type":"image\/jpeg"}],"author":"mkajic","twitter_card":"summary_large_image","twitter_creator":"@evropska_kuca","twitter_site":"@evropska_kuca","twitter_misc":{"Written by":"mkajic","Est. reading time":"3 minutes"},"schema":{"@context":"https:\/\/schema.org","@graph":[{"@type":"Article","@id":"https:\/\/www.evropskakuca.me\/me\/zavod-za-hitnu-medicinsku-pomoc-crne-gore-dobio-sanitetsko-vozilo-iz-projekta-eu-p88\/#article","isPartOf":{"@id":"https:\/\/www.evropskakuca.me\/me\/zavod-za-hitnu-medicinsku-pomoc-crne-gore-dobio-sanitetsko-vozilo-iz-projekta-eu-p88\/"},"author":{"name":"mkajic","@id":"https:\/\/www.evropskakuca.me\/me\/#\/schema\/person\/a1d0dcdaefe4a1cd1d60d200ea137ba4"},"headline":"ZAVOD ZA HITNU MEDICINSKU POMO\u0106 CRNE GORE DOBIO SANITETSKO VOZILO IZ PROJEKTA EU 88","datePublished":"2023-07-28T09:12:15+00:00","mainEntityOfPage":{"@id":"https:\/\/www.evropskakuca.me\/me\/zavod-za-hitnu-medicinsku-pomoc-crne-gore-dobio-sanitetsko-vozilo-iz-projekta-eu-p88\/"},"wordCount":571,"publisher":{"@id":"https:\/\/www.evropskakuca.me\/me\/#organization"},"image":{"@id":"https:\/\/www.evropskakuca.me\/me\/zavod-za-hitnu-medicinsku-pomoc-crne-gore-dobio-sanitetsko-vozilo-iz-projekta-eu-p88\/#primaryimage"},"thumbnailUrl":"https:\/\/www.evropskakuca.me\/wp-content\/uploads\/2023\/07\/viber_slika_2023-07-27_10-09-31-451.jpg","inLanguage":"me-ME"},{"@type":"WebPage","@id":"https:\/\/www.evropskakuca.me\/me\/zavod-za-hitnu-medicinsku-pomoc-crne-gore-dobio-sanitetsko-vozilo-iz-projekta-eu-p88\/","url":"https:\/\/www.evropskakuca.me\/me\/zavod-za-hitnu-medicinsku-pomoc-crne-gore-dobio-sanitetsko-vozilo-iz-projekta-eu-p88\/","name":"ZAVOD ZA HITNU MEDICINSKU POMO\u0106 CRNE GORE DOBIO SANITETSKO VOZILO IZ PROJEKTA EU 88 - Europe House","isPartOf":{"@id":"https:\/\/www.evropskakuca.me\/me\/#website"},"primaryImageOfPage":{"@id":"https:\/\/www.evropskakuca.me\/me\/zavod-za-hitnu-medicinsku-pomoc-crne-gore-dobio-sanitetsko-vozilo-iz-projekta-eu-p88\/#primaryimage"},"image":{"@id":"https:\/\/www.evropskakuca.me\/me\/zavod-za-hitnu-medicinsku-pomoc-crne-gore-dobio-sanitetsko-vozilo-iz-projekta-eu-p88\/#primaryimage"},"thumbnailUrl":"https:\/\/www.evropskakuca.me\/wp-content\/uploads\/2023\/07\/viber_slika_2023-07-27_10-09-31-451.jpg","datePublished":"2023-07-28T09:12:15+00:00","breadcrumb":{"@id":"https:\/\/www.evropskakuca.me\/me\/zavod-za-hitnu-medicinsku-pomoc-crne-gore-dobio-sanitetsko-vozilo-iz-projekta-eu-p88\/#breadcrumb"},"inLanguage":"me-ME","potentialAction":[{"@type":"ReadAction","target":["https:\/\/www.evropskakuca.me\/me\/zavod-za-hitnu-medicinsku-pomoc-crne-gore-dobio-sanitetsko-vozilo-iz-projekta-eu-p88\/"]}]},{"@type":"ImageObject","inLanguage":"me-ME","@id":"https:\/\/www.evropskakuca.me\/me\/zavod-za-hitnu-medicinsku-pomoc-crne-gore-dobio-sanitetsko-vozilo-iz-projekta-eu-p88\/#primaryimage","url":"https:\/\/www.evropskakuca.me\/wp-content\/uploads\/2023\/07\/viber_slika_2023-07-27_10-09-31-451.jpg","contentUrl":"https:\/\/www.evropskakuca.me\/wp-content\/uploads\/2023\/07\/viber_slika_2023-07-27_10-09-31-451.jpg","width":1800,"height":1350},{"@type":"BreadcrumbList","@id":"https:\/\/www.evropskakuca.me\/me\/zavod-za-hitnu-medicinsku-pomoc-crne-gore-dobio-sanitetsko-vozilo-iz-projekta-eu-p88\/#breadcrumb","itemListElement":[{"@type":"ListItem","position":1,"name":"Home","item":"https:\/\/www.evropskakuca.me\/me\/"},{"@type":"ListItem","position":2,"name":"ZAVOD ZA HITNU MEDICINSKU POMO\u0106 CRNE GORE DOBIO SANITETSKO VOZILO IZ PROJEKTA EU 88"}]},{"@type":"WebSite","@id":"https:\/\/www.evropskakuca.me\/me\/#website","url":"https:\/\/www.evropskakuca.me\/me\/","name":"Evropean house","description":"","publisher":{"@id":"https:\/\/www.evropskakuca.me\/me\/#organization"},"potentialAction":[{"@type":"SearchAction","target":{"@type":"EntryPoint","urlTemplate":"https:\/\/www.evropskakuca.me\/me\/?s={search_term_string}"},"query-input":{"@type":"PropertyValueSpecification","valueRequired":true,"valueName":"search_term_string"}}],"inLanguage":"me-ME"},{"@type":"Organization","@id":"https:\/\/www.evropskakuca.me\/me\/#organization","name":"Evropean house","url":"https:\/\/www.evropskakuca.me\/me\/","logo":{"@type":"ImageObject","inLanguage":"me-ME","@id":"https:\/\/www.evropskakuca.me\/me\/#\/schema\/logo\/image\/","url":"https:\/\/www.evropskakuca.me\/wp-content\/uploads\/2025\/01\/evropska-kuca-logo-1.png","contentUrl":"https:\/\/www.evropskakuca.me\/wp-content\/uploads\/2025\/01\/evropska-kuca-logo-1.png","width":425,"height":312,"caption":"Evropean house"},"image":{"@id":"https:\/\/www.evropskakuca.me\/me\/#\/schema\/logo\/image\/"},"sameAs":["https:\/\/www.facebook.com\/evropska.kuca","https:\/\/x.com\/evropska_kuca","https:\/\/www.instagram.com\/evropska_kuca"]},{"@type":"Person","@id":"https:\/\/www.evropskakuca.me\/me\/#\/schema\/person\/a1d0dcdaefe4a1cd1d60d200ea137ba4","name":"mkajic","image":{"@type":"ImageObject","inLanguage":"me-ME","@id":"https:\/\/secure.gravatar.com\/avatar\/731fa035cefab7316e6bafd1f25a93fb731a07de14e2d9923f8db4422628eabc?s=96&d=mm&r=g","url":"https:\/\/secure.gravatar.com\/avatar\/731fa035cefab7316e6bafd1f25a93fb731a07de14e2d9923f8db4422628eabc?s=96&d=mm&r=g","contentUrl":"https:\/\/secure.gravatar.com\/avatar\/731fa035cefab7316e6bafd1f25a93fb731a07de14e2d9923f8db4422628eabc?s=96&d=mm&r=g","caption":"mkajic"},"sameAs":["https:\/\/evropskakuca.me"],"url":"https:\/\/www.evropskakuca.me\/me\/author\/mkajic\/"}]}},"_links":{"self":[{"href":"https:\/\/www.evropskakuca.me\/me\/wp-json\/wp\/v2\/posts\/26001","targetHints":{"allow":["GET"]}}],"collection":[{"href":"https:\/\/www.evropskakuca.me\/me\/wp-json\/wp\/v2\/posts"}],"about":[{"href":"https:\/\/www.evropskakuca.me\/me\/wp-json\/wp\/v2\/types\/post"}],"author":[{"embeddable":true,"href":"https:\/\/www.evropskakuca.me\/me\/wp-json\/wp\/v2\/users\/1"}],"replies":[{"embeddable":true,"href":"https:\/\/www.evropskakuca.me\/me\/wp-json\/wp\/v2\/comments?post=26001"}],"version-history":[{"count":0,"href":"https:\/\/www.evropskakuca.me\/me\/wp-json\/wp\/v2\/posts\/26001\/revisions"}],"wp:featuredmedia":[{"embeddable":true,"href":"https:\/\/www.evropskakuca.me\/me\/wp-json\/wp\/v2\/media\/39729"}],"wp:attachment":[{"href":"https:\/\/www.evropskakuca.me\/me\/wp-json\/wp\/v2\/media?parent=26001"}],"wp:term":[{"taxonomy":"category","embeddable":true,"href":"https:\/\/www.evropskakuca.me\/me\/wp-json\/wp\/v2\/categories?post=26001"},{"taxonomy":"post_tag","embeddable":true,"href":"https:\/\/www.evropskakuca.me\/me\/wp-json\/wp\/v2\/tags?post=26001"}],"curies":[{"name":"wp","href":"https:\/\/api.w.org\/{rel}","templated":true}]}}