{"id":25976,"date":"2023-07-24T12:03:27","date_gmt":"2023-07-24T12:03:27","guid":{"rendered":"https:\/\/evropskakuca.me\/?p=25976"},"modified":"2023-07-24T12:03:27","modified_gmt":"2023-07-24T12:03:27","slug":"prijavi-se-za-iii-medunarodni-eyca-educo-camp","status":"publish","type":"post","link":"https:\/\/www.evropskakuca.me\/me\/prijavi-se-za-iii-medunarodni-eyca-educo-camp\/","title":{"rendered":"PRIJAVI SE ZA III ME\u0110UNARODNI EYCA EDUCO CAMP!"},"content":{"rendered":"<p>Prijavi se za III me\u0111unarodni EYCA Educo Camp-u, koji \u0107e okupiti 30 mladih ljudi iz Crne Gore i regiona, u periodu o<strong>d 12. do 15. avgusta u Mojkovcu\u00a0<a href=\"https:\/\/drive.google.com\/drive\/folders\/1ZtiyoMenT4IfSvP6m9IDI46JGXtKDqh5?usp=drive_link\">(Imanje Rako\u010devi\u0107)<\/a><\/strong>. Doga\u0111aj je namijenjen mladima koji imaju izme\u0111u 18 i 25 godina i \u017eele da saznaju vi\u0161e o medijskoj i finansijskoj pismenosti, strate\u0161kom planiranju, omladinskom preduzetni\u0161tvu, digitalnim alatima i marketingu.<\/p>\n<p><img fetchpriority=\"high\" decoding=\"async\" class=\"alignnone size-large wp-image-25977\" src=\"https:\/\/evropskakuca.me\/wp-content\/uploads\/2023\/07\/1689576928-Opstina-Kotor-Cover-1024x635.jpg\" alt=\"\" width=\"1024\" height=\"635\" \/><\/p>\n<blockquote><p>Pored planiranih radionica, prvog dana bi\u0107e organizovan i tradicionalni panel na temu\u00a0<strong>\u201eMe\u0111unarodni dan mladih: Mladi, da li se \u010dujemo?\u201c<\/strong>, u okviru kog \u0107e u\u010de\u0161\u0107e uzeti predstavnici Ministarstva sporta i mladih i drugih doma\u0107ih i me\u0111unarodnih organizacija sa sjedi\u0161tem u Crnoj Gori, kao i istaknuti omladinski aktivisti iz Crne Gore i regiona.<\/p><\/blockquote>\n<p>Trodnevni edukativni seminar, kojim se obilje\u017eava\u00a0<strong>12. avgust, Me\u0111unarodni dan mladih i Evropska godina vje\u0161tina<\/strong>, organizuje projektni tim\u00a0<strong>NVO Centar za omladinsku edukaciju<\/strong>, uz finansijsku podr\u0161ku\u00a0<strong>Delegacije Evropske unije u Crnoj Gori,\u00a0NLB Banke AD Podgorica i\u00a0Mastercarda.<\/strong><\/p>\n<p style=\"text-align: center;\"><strong><br \/>\n<\/strong>Zainteresovani se mogu prijaviti do\u00a0<strong>ponedjeljka, 31. jula do 16h<\/strong>, popunjavanjem jednostavnog formulara na linku: <a href=\"https:\/\/forms.gle\/m3ZdhAhsdho23axF7\">https:\/\/forms.gle\/m3ZdhAhsdho23axF7<\/a>,<\/p>\n<p style=\"text-align: left;\"><strong>Selekcija \u0107e biti napravljena na osnovu motivacionih pisama prijavljenih (ovo polje se popunjava u okviru prijavnog formulara). Sve logisti\u010dke tro\u0161kove doga\u0111aja (prevoz, ishrana i smje\u0161taj) snose organizatori.<\/strong><\/p>\n<p>\u201e<em>Vjerujem da je \u201eEYCA Educo Camp\u201c, koji Evropska Unija podr\u017eava ve\u0107 tre\u0107u godinu, odli\u010dna prilika da se mladi iz Crne Gore i Zapadnog Balkana uklju\u010de, nau\u010de nove stvari i zabave se. \u017delimo omogu\u0107iti mladim ljudima \u0161irom Evrope da razviju svoj puni potencijal i obogate na\u0161 zajedni\u010dki gra\u0111anski prostor. Oni su nosioci promjena i na\u0161i najbolji inovatori, bez obzira da li dolaze iz dr\u017eava \u010dlanica ili zemalja pro\u0161irenja, oni su budu\u0107nost Evrope\u201c<\/em>\u00a0&#8211; poru\u010dila je\u00a0<strong>Oana Kristina Popa, ambasadorka Delegacije Evropske unije u Crnoj Gori.<\/strong><\/p>\n<p><img decoding=\"async\" class=\"alignnone size-large wp-image-25979 aligncenter\" src=\"https:\/\/evropskakuca.me\/wp-content\/uploads\/2023\/07\/pexels-this-is-zun-1116302-1024x683.jpg\" alt=\"\" width=\"1024\" height=\"683\" \/><\/p>\n<p><em>\u201ePozivamo sve mlade da se prijave i dio ljeta iskoriste za sticanje novih znanja, iskustva i poznanstava. Pored odli\u010dnih predava\u010da koji \u0107e na zabavan i interaktivan na\u010din razgovarati sa izabranim u\u010desnicima kampa, u popodnevnim satima ih o\u010dekuju brojne interesantne aktivnosti, kao \u0161to su filmske projekcije, sport, dru\u0161tvene igre i izvi\u0111a\u010dke ture.\u201c<\/em>\u00a0&#8211; rekla je\u00a0<strong>Natalija Bo\u0161kovi\u0107, projektna menad\u017eerka u NVO Centar za omladinsku edukaciju.<\/strong><\/p>\n<p>Evropska omladinska kartica (EYCA) je jedina zvani\u010dna i besplatna benefit kartica, podr\u017eana od strane Ministarstva sporta i mladih, koja u Crnoj Gori omogu\u0107ava svim crnogorskim gra\u0111anima i gra\u0111ankama uzrasta 13-29 godina da koriste preko 250 popusta u na\u0161oj zemlji i preko 70 hiljada popusta u \u010ditavoj Evropi.\u00a0Zna\u010daj projekta i pozitivni efekti na kvalitet \u017eivota mladih ljudi su prepoznati kroz razli\u010dita strate\u0161ka dokumenta, kao \u0161to su Srednjoro\u010dni program rada Vlade Crne Gore (2022-2024) i Program osna\u017eivanja Evropske omladinske kartice (2022-2024), a do sada je karticu imalo priliku da koristi vi\u0161e od 40.000 mladih \u0161irom Crne Gore.<\/p>\n<p>Projekat Evropske omladinske kartice (EYCA) u Crnoj Gori sprovodi NVO Centar za omladinsku edukaciju, uz podr\u0161ku i pokroviteljstvo Ministarstva sporta i mladih u ime Vlade Crne Gore.<\/p>\n","protected":false},"excerpt":{"rendered":"<p>Prijavi se za III me\u0111unarodni EYCA Educo Camp-u, koji \u0107e okupiti 30 mladih ljudi iz Crne Gore i regiona, u periodu od 12. do 15. avgusta u Mojkovcu\u00a0(Imanje Rako\u010devi\u0107). Doga\u0111aj je namijenjen mladima koji imaju izme\u0111u 18 i 25 godina i \u017eele da saznaju vi\u0161e o medijskoj i finansijskoj pismenosti, strate\u0161kom planiranju, omladinskom preduzetni\u0161tvu, digitalnim [&hellip;]<\/p>\n","protected":false},"author":1,"featured_media":39547,"comment_status":"closed","ping_status":"closed","sticky":false,"template":"","format":"standard","meta":{"_acf_changed":false,"footnotes":""},"categories":[],"tags":[],"class_list":["post-25976","post","type-post","status-publish","format-standard","has-post-thumbnail","hentry"],"acf":[],"yoast_head":"<!-- This site is optimized with the Yoast SEO plugin v27.3 - https:\/\/yoast.com\/product\/yoast-seo-wordpress\/ -->\n<title>PRIJAVI SE ZA III ME\u0110UNARODNI EYCA EDUCO CAMP! - Europe House<\/title>\n<meta name=\"robots\" content=\"index, follow, max-snippet:-1, max-image-preview:large, max-video-preview:-1\" \/>\n<link rel=\"canonical\" href=\"https:\/\/www.evropskakuca.me\/me\/prijavi-se-za-iii-medunarodni-eyca-educo-camp\/\" \/>\n<meta property=\"og:locale\" content=\"en_US\" \/>\n<meta property=\"og:type\" content=\"article\" \/>\n<meta property=\"og:title\" content=\"PRIJAVI SE ZA III ME\u0110UNARODNI EYCA EDUCO CAMP! - Europe House\" \/>\n<meta property=\"og:description\" content=\"Prijavi se za III me\u0111unarodni EYCA Educo Camp-u, koji \u0107e okupiti 30 mladih ljudi iz Crne Gore i regiona, u periodu od 12. do 15. avgusta u Mojkovcu\u00a0(Imanje Rako\u010devi\u0107). Doga\u0111aj je namijenjen mladima koji imaju izme\u0111u 18 i 25 godina i \u017eele da saznaju vi\u0161e o medijskoj i finansijskoj pismenosti, strate\u0161kom planiranju, omladinskom preduzetni\u0161tvu, digitalnim [&hellip;]\" \/>\n<meta property=\"og:url\" content=\"https:\/\/www.evropskakuca.me\/me\/prijavi-se-za-iii-medunarodni-eyca-educo-camp\/\" \/>\n<meta property=\"og:site_name\" content=\"Europe House\" \/>\n<meta property=\"article:publisher\" content=\"https:\/\/www.facebook.com\/evropska.kuca\" \/>\n<meta property=\"article:published_time\" content=\"2023-07-24T12:03:27+00:00\" \/>\n<meta property=\"og:image\" content=\"https:\/\/www.evropskakuca.me\/wp-content\/uploads\/2023\/07\/1689576928-Opstina-Kotor-Cover.jpg\" \/>\n\t<meta property=\"og:image:width\" content=\"1210\" \/>\n\t<meta property=\"og:image:height\" content=\"750\" \/>\n\t<meta property=\"og:image:type\" content=\"image\/jpeg\" \/>\n<meta name=\"author\" content=\"mkajic\" \/>\n<meta name=\"twitter:card\" content=\"summary_large_image\" \/>\n<meta name=\"twitter:creator\" content=\"@evropska_kuca\" \/>\n<meta name=\"twitter:site\" content=\"@evropska_kuca\" \/>\n<meta name=\"twitter:label1\" content=\"Written by\" \/>\n\t<meta name=\"twitter:data1\" content=\"mkajic\" \/>\n\t<meta name=\"twitter:label2\" content=\"Est. reading time\" \/>\n\t<meta name=\"twitter:data2\" content=\"3 minutes\" \/>\n<script type=\"application\/ld+json\" class=\"yoast-schema-graph\">{\"@context\":\"https:\\\/\\\/schema.org\",\"@graph\":[{\"@type\":\"Article\",\"@id\":\"https:\\\/\\\/www.evropskakuca.me\\\/me\\\/prijavi-se-za-iii-medunarodni-eyca-educo-camp\\\/#article\",\"isPartOf\":{\"@id\":\"https:\\\/\\\/www.evropskakuca.me\\\/me\\\/prijavi-se-za-iii-medunarodni-eyca-educo-camp\\\/\"},\"author\":{\"name\":\"mkajic\",\"@id\":\"https:\\\/\\\/www.evropskakuca.me\\\/me\\\/#\\\/schema\\\/person\\\/a1d0dcdaefe4a1cd1d60d200ea137ba4\"},\"headline\":\"PRIJAVI SE ZA III ME\u0110UNARODNI EYCA EDUCO CAMP!\",\"datePublished\":\"2023-07-24T12:03:27+00:00\",\"mainEntityOfPage\":{\"@id\":\"https:\\\/\\\/www.evropskakuca.me\\\/me\\\/prijavi-se-za-iii-medunarodni-eyca-educo-camp\\\/\"},\"wordCount\":525,\"publisher\":{\"@id\":\"https:\\\/\\\/www.evropskakuca.me\\\/me\\\/#organization\"},\"image\":{\"@id\":\"https:\\\/\\\/www.evropskakuca.me\\\/me\\\/prijavi-se-za-iii-medunarodni-eyca-educo-camp\\\/#primaryimage\"},\"thumbnailUrl\":\"https:\\\/\\\/www.evropskakuca.me\\\/wp-content\\\/uploads\\\/2023\\\/07\\\/1689576928-Opstina-Kotor-Cover.jpg\",\"inLanguage\":\"me-ME\"},{\"@type\":\"WebPage\",\"@id\":\"https:\\\/\\\/www.evropskakuca.me\\\/me\\\/prijavi-se-za-iii-medunarodni-eyca-educo-camp\\\/\",\"url\":\"https:\\\/\\\/www.evropskakuca.me\\\/me\\\/prijavi-se-za-iii-medunarodni-eyca-educo-camp\\\/\",\"name\":\"PRIJAVI SE ZA III ME\u0110UNARODNI EYCA EDUCO CAMP! - Europe House\",\"isPartOf\":{\"@id\":\"https:\\\/\\\/www.evropskakuca.me\\\/me\\\/#website\"},\"primaryImageOfPage\":{\"@id\":\"https:\\\/\\\/www.evropskakuca.me\\\/me\\\/prijavi-se-za-iii-medunarodni-eyca-educo-camp\\\/#primaryimage\"},\"image\":{\"@id\":\"https:\\\/\\\/www.evropskakuca.me\\\/me\\\/prijavi-se-za-iii-medunarodni-eyca-educo-camp\\\/#primaryimage\"},\"thumbnailUrl\":\"https:\\\/\\\/www.evropskakuca.me\\\/wp-content\\\/uploads\\\/2023\\\/07\\\/1689576928-Opstina-Kotor-Cover.jpg\",\"datePublished\":\"2023-07-24T12:03:27+00:00\",\"breadcrumb\":{\"@id\":\"https:\\\/\\\/www.evropskakuca.me\\\/me\\\/prijavi-se-za-iii-medunarodni-eyca-educo-camp\\\/#breadcrumb\"},\"inLanguage\":\"me-ME\",\"potentialAction\":[{\"@type\":\"ReadAction\",\"target\":[\"https:\\\/\\\/www.evropskakuca.me\\\/me\\\/prijavi-se-za-iii-medunarodni-eyca-educo-camp\\\/\"]}]},{\"@type\":\"ImageObject\",\"inLanguage\":\"me-ME\",\"@id\":\"https:\\\/\\\/www.evropskakuca.me\\\/me\\\/prijavi-se-za-iii-medunarodni-eyca-educo-camp\\\/#primaryimage\",\"url\":\"https:\\\/\\\/www.evropskakuca.me\\\/wp-content\\\/uploads\\\/2023\\\/07\\\/1689576928-Opstina-Kotor-Cover.jpg\",\"contentUrl\":\"https:\\\/\\\/www.evropskakuca.me\\\/wp-content\\\/uploads\\\/2023\\\/07\\\/1689576928-Opstina-Kotor-Cover.jpg\",\"width\":1210,\"height\":750},{\"@type\":\"BreadcrumbList\",\"@id\":\"https:\\\/\\\/www.evropskakuca.me\\\/me\\\/prijavi-se-za-iii-medunarodni-eyca-educo-camp\\\/#breadcrumb\",\"itemListElement\":[{\"@type\":\"ListItem\",\"position\":1,\"name\":\"Home\",\"item\":\"https:\\\/\\\/www.evropskakuca.me\\\/me\\\/\"},{\"@type\":\"ListItem\",\"position\":2,\"name\":\"PRIJAVI SE ZA III ME\u0110UNARODNI EYCA EDUCO CAMP!\"}]},{\"@type\":\"WebSite\",\"@id\":\"https:\\\/\\\/www.evropskakuca.me\\\/me\\\/#website\",\"url\":\"https:\\\/\\\/www.evropskakuca.me\\\/me\\\/\",\"name\":\"Evropean house\",\"description\":\"\",\"publisher\":{\"@id\":\"https:\\\/\\\/www.evropskakuca.me\\\/me\\\/#organization\"},\"potentialAction\":[{\"@type\":\"SearchAction\",\"target\":{\"@type\":\"EntryPoint\",\"urlTemplate\":\"https:\\\/\\\/www.evropskakuca.me\\\/me\\\/?s={search_term_string}\"},\"query-input\":{\"@type\":\"PropertyValueSpecification\",\"valueRequired\":true,\"valueName\":\"search_term_string\"}}],\"inLanguage\":\"me-ME\"},{\"@type\":\"Organization\",\"@id\":\"https:\\\/\\\/www.evropskakuca.me\\\/me\\\/#organization\",\"name\":\"Evropean house\",\"url\":\"https:\\\/\\\/www.evropskakuca.me\\\/me\\\/\",\"logo\":{\"@type\":\"ImageObject\",\"inLanguage\":\"me-ME\",\"@id\":\"https:\\\/\\\/www.evropskakuca.me\\\/me\\\/#\\\/schema\\\/logo\\\/image\\\/\",\"url\":\"https:\\\/\\\/www.evropskakuca.me\\\/wp-content\\\/uploads\\\/2025\\\/01\\\/evropska-kuca-logo-1.png\",\"contentUrl\":\"https:\\\/\\\/www.evropskakuca.me\\\/wp-content\\\/uploads\\\/2025\\\/01\\\/evropska-kuca-logo-1.png\",\"width\":425,\"height\":312,\"caption\":\"Evropean house\"},\"image\":{\"@id\":\"https:\\\/\\\/www.evropskakuca.me\\\/me\\\/#\\\/schema\\\/logo\\\/image\\\/\"},\"sameAs\":[\"https:\\\/\\\/www.facebook.com\\\/evropska.kuca\",\"https:\\\/\\\/x.com\\\/evropska_kuca\",\"https:\\\/\\\/www.instagram.com\\\/evropska_kuca\"]},{\"@type\":\"Person\",\"@id\":\"https:\\\/\\\/www.evropskakuca.me\\\/me\\\/#\\\/schema\\\/person\\\/a1d0dcdaefe4a1cd1d60d200ea137ba4\",\"name\":\"mkajic\",\"image\":{\"@type\":\"ImageObject\",\"inLanguage\":\"me-ME\",\"@id\":\"https:\\\/\\\/secure.gravatar.com\\\/avatar\\\/731fa035cefab7316e6bafd1f25a93fb731a07de14e2d9923f8db4422628eabc?s=96&d=mm&r=g\",\"url\":\"https:\\\/\\\/secure.gravatar.com\\\/avatar\\\/731fa035cefab7316e6bafd1f25a93fb731a07de14e2d9923f8db4422628eabc?s=96&d=mm&r=g\",\"contentUrl\":\"https:\\\/\\\/secure.gravatar.com\\\/avatar\\\/731fa035cefab7316e6bafd1f25a93fb731a07de14e2d9923f8db4422628eabc?s=96&d=mm&r=g\",\"caption\":\"mkajic\"},\"sameAs\":[\"https:\\\/\\\/evropskakuca.me\"],\"url\":\"https:\\\/\\\/www.evropskakuca.me\\\/me\\\/author\\\/mkajic\\\/\"}]}<\/script>\n<!-- \/ Yoast SEO plugin. -->","yoast_head_json":{"title":"PRIJAVI SE ZA III ME\u0110UNARODNI EYCA EDUCO CAMP! - Europe House","robots":{"index":"index","follow":"follow","max-snippet":"max-snippet:-1","max-image-preview":"max-image-preview:large","max-video-preview":"max-video-preview:-1"},"canonical":"https:\/\/www.evropskakuca.me\/me\/prijavi-se-za-iii-medunarodni-eyca-educo-camp\/","og_locale":"en_US","og_type":"article","og_title":"PRIJAVI SE ZA III ME\u0110UNARODNI EYCA EDUCO CAMP! - Europe House","og_description":"Prijavi se za III me\u0111unarodni EYCA Educo Camp-u, koji \u0107e okupiti 30 mladih ljudi iz Crne Gore i regiona, u periodu od 12. do 15. avgusta u Mojkovcu\u00a0(Imanje Rako\u010devi\u0107). Doga\u0111aj je namijenjen mladima koji imaju izme\u0111u 18 i 25 godina i \u017eele da saznaju vi\u0161e o medijskoj i finansijskoj pismenosti, strate\u0161kom planiranju, omladinskom preduzetni\u0161tvu, digitalnim [&hellip;]","og_url":"https:\/\/www.evropskakuca.me\/me\/prijavi-se-za-iii-medunarodni-eyca-educo-camp\/","og_site_name":"Europe House","article_publisher":"https:\/\/www.facebook.com\/evropska.kuca","article_published_time":"2023-07-24T12:03:27+00:00","og_image":[{"width":1210,"height":750,"url":"https:\/\/www.evropskakuca.me\/wp-content\/uploads\/2023\/07\/1689576928-Opstina-Kotor-Cover.jpg","type":"image\/jpeg"}],"author":"mkajic","twitter_card":"summary_large_image","twitter_creator":"@evropska_kuca","twitter_site":"@evropska_kuca","twitter_misc":{"Written by":"mkajic","Est. reading time":"3 minutes"},"schema":{"@context":"https:\/\/schema.org","@graph":[{"@type":"Article","@id":"https:\/\/www.evropskakuca.me\/me\/prijavi-se-za-iii-medunarodni-eyca-educo-camp\/#article","isPartOf":{"@id":"https:\/\/www.evropskakuca.me\/me\/prijavi-se-za-iii-medunarodni-eyca-educo-camp\/"},"author":{"name":"mkajic","@id":"https:\/\/www.evropskakuca.me\/me\/#\/schema\/person\/a1d0dcdaefe4a1cd1d60d200ea137ba4"},"headline":"PRIJAVI SE ZA III ME\u0110UNARODNI EYCA EDUCO CAMP!","datePublished":"2023-07-24T12:03:27+00:00","mainEntityOfPage":{"@id":"https:\/\/www.evropskakuca.me\/me\/prijavi-se-za-iii-medunarodni-eyca-educo-camp\/"},"wordCount":525,"publisher":{"@id":"https:\/\/www.evropskakuca.me\/me\/#organization"},"image":{"@id":"https:\/\/www.evropskakuca.me\/me\/prijavi-se-za-iii-medunarodni-eyca-educo-camp\/#primaryimage"},"thumbnailUrl":"https:\/\/www.evropskakuca.me\/wp-content\/uploads\/2023\/07\/1689576928-Opstina-Kotor-Cover.jpg","inLanguage":"me-ME"},{"@type":"WebPage","@id":"https:\/\/www.evropskakuca.me\/me\/prijavi-se-za-iii-medunarodni-eyca-educo-camp\/","url":"https:\/\/www.evropskakuca.me\/me\/prijavi-se-za-iii-medunarodni-eyca-educo-camp\/","name":"PRIJAVI SE ZA III ME\u0110UNARODNI EYCA EDUCO CAMP! - Europe House","isPartOf":{"@id":"https:\/\/www.evropskakuca.me\/me\/#website"},"primaryImageOfPage":{"@id":"https:\/\/www.evropskakuca.me\/me\/prijavi-se-za-iii-medunarodni-eyca-educo-camp\/#primaryimage"},"image":{"@id":"https:\/\/www.evropskakuca.me\/me\/prijavi-se-za-iii-medunarodni-eyca-educo-camp\/#primaryimage"},"thumbnailUrl":"https:\/\/www.evropskakuca.me\/wp-content\/uploads\/2023\/07\/1689576928-Opstina-Kotor-Cover.jpg","datePublished":"2023-07-24T12:03:27+00:00","breadcrumb":{"@id":"https:\/\/www.evropskakuca.me\/me\/prijavi-se-za-iii-medunarodni-eyca-educo-camp\/#breadcrumb"},"inLanguage":"me-ME","potentialAction":[{"@type":"ReadAction","target":["https:\/\/www.evropskakuca.me\/me\/prijavi-se-za-iii-medunarodni-eyca-educo-camp\/"]}]},{"@type":"ImageObject","inLanguage":"me-ME","@id":"https:\/\/www.evropskakuca.me\/me\/prijavi-se-za-iii-medunarodni-eyca-educo-camp\/#primaryimage","url":"https:\/\/www.evropskakuca.me\/wp-content\/uploads\/2023\/07\/1689576928-Opstina-Kotor-Cover.jpg","contentUrl":"https:\/\/www.evropskakuca.me\/wp-content\/uploads\/2023\/07\/1689576928-Opstina-Kotor-Cover.jpg","width":1210,"height":750},{"@type":"BreadcrumbList","@id":"https:\/\/www.evropskakuca.me\/me\/prijavi-se-za-iii-medunarodni-eyca-educo-camp\/#breadcrumb","itemListElement":[{"@type":"ListItem","position":1,"name":"Home","item":"https:\/\/www.evropskakuca.me\/me\/"},{"@type":"ListItem","position":2,"name":"PRIJAVI SE ZA III ME\u0110UNARODNI EYCA EDUCO CAMP!"}]},{"@type":"WebSite","@id":"https:\/\/www.evropskakuca.me\/me\/#website","url":"https:\/\/www.evropskakuca.me\/me\/","name":"Evropean house","description":"","publisher":{"@id":"https:\/\/www.evropskakuca.me\/me\/#organization"},"potentialAction":[{"@type":"SearchAction","target":{"@type":"EntryPoint","urlTemplate":"https:\/\/www.evropskakuca.me\/me\/?s={search_term_string}"},"query-input":{"@type":"PropertyValueSpecification","valueRequired":true,"valueName":"search_term_string"}}],"inLanguage":"me-ME"},{"@type":"Organization","@id":"https:\/\/www.evropskakuca.me\/me\/#organization","name":"Evropean house","url":"https:\/\/www.evropskakuca.me\/me\/","logo":{"@type":"ImageObject","inLanguage":"me-ME","@id":"https:\/\/www.evropskakuca.me\/me\/#\/schema\/logo\/image\/","url":"https:\/\/www.evropskakuca.me\/wp-content\/uploads\/2025\/01\/evropska-kuca-logo-1.png","contentUrl":"https:\/\/www.evropskakuca.me\/wp-content\/uploads\/2025\/01\/evropska-kuca-logo-1.png","width":425,"height":312,"caption":"Evropean house"},"image":{"@id":"https:\/\/www.evropskakuca.me\/me\/#\/schema\/logo\/image\/"},"sameAs":["https:\/\/www.facebook.com\/evropska.kuca","https:\/\/x.com\/evropska_kuca","https:\/\/www.instagram.com\/evropska_kuca"]},{"@type":"Person","@id":"https:\/\/www.evropskakuca.me\/me\/#\/schema\/person\/a1d0dcdaefe4a1cd1d60d200ea137ba4","name":"mkajic","image":{"@type":"ImageObject","inLanguage":"me-ME","@id":"https:\/\/secure.gravatar.com\/avatar\/731fa035cefab7316e6bafd1f25a93fb731a07de14e2d9923f8db4422628eabc?s=96&d=mm&r=g","url":"https:\/\/secure.gravatar.com\/avatar\/731fa035cefab7316e6bafd1f25a93fb731a07de14e2d9923f8db4422628eabc?s=96&d=mm&r=g","contentUrl":"https:\/\/secure.gravatar.com\/avatar\/731fa035cefab7316e6bafd1f25a93fb731a07de14e2d9923f8db4422628eabc?s=96&d=mm&r=g","caption":"mkajic"},"sameAs":["https:\/\/evropskakuca.me"],"url":"https:\/\/www.evropskakuca.me\/me\/author\/mkajic\/"}]}},"_links":{"self":[{"href":"https:\/\/www.evropskakuca.me\/me\/wp-json\/wp\/v2\/posts\/25976","targetHints":{"allow":["GET"]}}],"collection":[{"href":"https:\/\/www.evropskakuca.me\/me\/wp-json\/wp\/v2\/posts"}],"about":[{"href":"https:\/\/www.evropskakuca.me\/me\/wp-json\/wp\/v2\/types\/post"}],"author":[{"embeddable":true,"href":"https:\/\/www.evropskakuca.me\/me\/wp-json\/wp\/v2\/users\/1"}],"replies":[{"embeddable":true,"href":"https:\/\/www.evropskakuca.me\/me\/wp-json\/wp\/v2\/comments?post=25976"}],"version-history":[{"count":0,"href":"https:\/\/www.evropskakuca.me\/me\/wp-json\/wp\/v2\/posts\/25976\/revisions"}],"wp:featuredmedia":[{"embeddable":true,"href":"https:\/\/www.evropskakuca.me\/me\/wp-json\/wp\/v2\/media\/39547"}],"wp:attachment":[{"href":"https:\/\/www.evropskakuca.me\/me\/wp-json\/wp\/v2\/media?parent=25976"}],"wp:term":[{"taxonomy":"category","embeddable":true,"href":"https:\/\/www.evropskakuca.me\/me\/wp-json\/wp\/v2\/categories?post=25976"},{"taxonomy":"post_tag","embeddable":true,"href":"https:\/\/www.evropskakuca.me\/me\/wp-json\/wp\/v2\/tags?post=25976"}],"curies":[{"name":"wp","href":"https:\/\/api.w.org\/{rel}","templated":true}]}}