{"id":25698,"date":"2023-07-05T15:48:20","date_gmt":"2023-07-05T15:48:20","guid":{"rendered":"https:\/\/evropskakuca.me\/?p=25698"},"modified":"2023-07-05T15:48:20","modified_gmt":"2023-07-05T15:48:20","slug":"erasmus-crna-gora-se-prikljucila-inicijativi-evropskih-univerziteta","status":"publish","type":"post","link":"https:\/\/www.evropskakuca.me\/me\/erasmus-crna-gora-se-prikljucila-inicijativi-evropskih-univerziteta\/","title":{"rendered":"Erasmus+: Crna Gora se priklju\u010dila inicijativi Evropskih Univerziteta"},"content":{"rendered":"<p class=\"text-align-center\" style=\"text-align: center;\">Rekordni bud\u017eet od 402,2 miliona eura za Erasmus+ inicijativu Evropski univerziteti<\/p>\n<p>&nbsp;<\/p>\n<p>Evropska komisija objavila je\u00a0<a class=\"ext\" href=\"https:\/\/education.ec.europa.eu\/news\/european-universities-2023-call-results\" target=\"_blank\" rel=\"noopener noreferrer\" data-extlink=\"\">rezultate Erasmus+ poziva za 2023<\/a>.\u00a0godinu, za podnijete prijedloge za inicijativu\u00a0<a class=\"ext\" href=\"https:\/\/education.ec.europa.eu\/education-levels\/higher-education\/european-universities-initiative\" target=\"_blank\" rel=\"noopener noreferrer\" data-extlink=\"\">Europski univerziteti<\/a>. Prema rezultatima, ukupno\u00a0<strong>50 saveza<\/strong>\u00a0evropskih univerziteta sada uklju\u010duje vi\u0161e od\u00a0<strong>430 visoko\u0161kolskih ustanova<\/strong>\u00a0u\u00a0<strong>35 zemalja<\/strong>.<\/p>\n<p>Oni obuhvataju sve dr\u017eave \u010dlanice EU i Island, Norve\u0161ku, Albaniju, Bosnu i Hercegovinu, Crnu Goru, Sjevernu Makedoniju, Srbiju i Tursku.<\/p>\n<p>Erasmus+ programom su izdvojena rekordna finansijska sredstva za finansiranje univerzitetskih alijansi i to u iznosu od 402,2 miliona eura, a svaka odabrana alijansa \u0107e dobiti bud\u017eet do 14,4 miliona evra za period od \u010detiri godine.<\/p>\n<p><img fetchpriority=\"high\" decoding=\"async\" class=\"alignnone size-large wp-image-25699\" src=\"https:\/\/evropskakuca.me\/wp-content\/uploads\/2023\/07\/20230703_eui-transformed-1024x683.jpeg\" alt=\"\" width=\"1024\" height=\"683\" \/><\/p>\n<p>Ove alijanse okupljaju novu generaciju Evropljana\/nki koji su u mogu\u0107nosti da studiraju i rade u razli\u010ditim evropskim zemljama, na razli\u010ditim jezicima, u razli\u010ditim sektorima i akademskim disciplinama. Zahvaljuju\u0107i ovim savezima, studenti mogu ste\u0107i diplomu kombinovanjem studija u nekoliko evropskih zemalja, \u0161to doprinosi me\u0111unarodnoj konkurentnosti visoko\u0161kolskih institucija u Evropi.<\/p>\n<blockquote><p>Potpredsjednik za promociju evropskog na\u010dina \u017eivota, Margaritis \u0160inas, rekao je: \u201eZamislite da studirate u transnacionalnom kampusu evropskog univerziteta, gdje studenti mogu birati \u0161ta, gdje i kada \u0107e studirati na bilo kojem partnerskom univerzitetu alijanse. U\u010denici i nastavnici prirodno sti\u010du potpuno novi skup kompetencija, jer imaju koristi od inovativne pedagogije zasnovane na izazovima i od ugra\u0111ene mobilnosti. Evropski univerziteti su\u0161tinski revolucioni\u0161u visoko obrazovanje i promovi\u0161u evropske vrijednosti i identitet. Oni nam mogu pomo\u0107i da izgradimo put ka zajedni\u010dkoj evropskoj diplomi, ja\u010daju\u0107i sna\u017ean osje\u0107aj evropske pripadnosti me\u0111u diplomcima.\u2019\u2019<\/p><\/blockquote>\n<p>Studenti ovih institucija mogu imati koristi od jedinstvene transnacionalne i inovativne obrazovne ponude, koja im omogu\u0107ava da steknu osnovne vje\u0161tine i kompetencije za budu\u0107nost. Nadalje, partnerstvom sa gotovo\u00a0<strong>1.700 pridru\u017eenih partnera<\/strong>\u00a0me\u0111u nevladinim organizacijama, preduze\u0107ima, lokalnim i regionalnim vlastima, savezi 50 evropskih univerziteta donose \u0161iroke inovacije u evropske regije.<\/p>\n<p>Ovako \u0107e mladim Evropljanima biti pru\u017eeno jo\u0161 vi\u0161e prilika za u\u010denje, osposobljavanje i sticanje profesionalnog iskustva u inostranstvu, saop\u0161teno je iz Evropske komisije.<\/p>\n<p>Poziv za 2023. otvorio je mogu\u0107nost visoko\u0161kolskim ustanovama iz zemalja Zapadnog Balkana, koje nisu povezane sa programom Erasmus+, da u\u010destvuju kao punopravni partneri u pozivu. Kao rezultat, inicijativi su se pridru\u017eile visoko\u0161kolske ustanove iz Albanije, Bosne i Hercegovine i Crne Gore, pored onih iz Sjeverne Makedonije i Srbije.<\/p>\n<p>Kao i pro\u0161le godine, savezi mogu uklju\u010diti visoko\u0161kolske ustanove iz zemalja Bolonjskog procesa kao pridru\u017eene partnere. Prema pozivu za 2023., blizu 30 visoko\u0161kolskih ustanova iz Ukrajine tako\u0111e se pridru\u017eilo savezima.<\/p>\n<p>Evropski univerziteti su savezi visoko\u0161kolskih ustanova iz cijele Evrope koji sara\u0111uju u obrazovanju, istra\u017eivanju i inovacijama za dobrobit studenata, nastavnika i dru\u0161tva u cjelini. Za vi\u0161e informacija o ovoj inicijativi, pogledajte\u00a0<a class=\"ext\" href=\"https:\/\/education.ec.europa.eu\/education-levels\/higher-education\/european-universities-initiative\" target=\"_blank\" rel=\"noopener noreferrer\" data-extlink=\"\">ovdje.<\/a><\/p>\n<p>Erasmus+ va\u017ean je program Evropske unije za mobilnost i transnacionalnu saradnju u podru\u010djima obrazovanja, osposobljavanja, mladih i sporta, \u010diji su ciljevi pobolj\u0161anje vje\u0161tina i zapo\u0161ljivosti te modernizacija obrazovanja, osposobljavanja i zapo\u0161ljavanja mladih.<\/p>\n<p>Evropska komisija \u0107e objaviti sljede\u0107i Erazmus+ poziv za podno\u0161enje prijedloga, na jesen 2023. godine, sa ciljem da ponudi sredstva za finansiranje postoje\u0107ih saveza i da se oforme novi.<\/p>\n","protected":false},"excerpt":{"rendered":"<p>Rekordni bud\u017eet od 402,2 miliona eura za Erasmus+ inicijativu Evropski univerziteti &nbsp; Evropska komisija objavila je\u00a0rezultate Erasmus+ poziva za 2023.\u00a0godinu, za podnijete prijedloge za inicijativu\u00a0Europski univerziteti. Prema rezultatima, ukupno\u00a050 saveza\u00a0evropskih univerziteta sada uklju\u010duje vi\u0161e od\u00a0430 visoko\u0161kolskih ustanova\u00a0u\u00a035 zemalja. Oni obuhvataju sve dr\u017eave \u010dlanice EU i Island, Norve\u0161ku, Albaniju, Bosnu i Hercegovinu, Crnu Goru, Sjevernu Makedoniju, [&hellip;]<\/p>\n","protected":false},"author":1,"featured_media":0,"comment_status":"closed","ping_status":"closed","sticky":false,"template":"","format":"standard","meta":{"_acf_changed":false,"footnotes":""},"categories":[],"tags":[],"class_list":["post-25698","post","type-post","status-publish","format-standard","hentry"],"acf":[],"yoast_head":"<!-- This site is optimized with the Yoast SEO plugin v27.3 - https:\/\/yoast.com\/product\/yoast-seo-wordpress\/ -->\n<title>Erasmus+: Crna Gora se priklju\u010dila inicijativi Evropskih Univerziteta - Europe House<\/title>\n<meta name=\"robots\" content=\"index, follow, max-snippet:-1, max-image-preview:large, max-video-preview:-1\" \/>\n<link rel=\"canonical\" href=\"https:\/\/www.evropskakuca.me\/me\/erasmus-crna-gora-se-prikljucila-inicijativi-evropskih-univerziteta\/\" \/>\n<meta property=\"og:locale\" content=\"en_US\" \/>\n<meta property=\"og:type\" content=\"article\" \/>\n<meta property=\"og:title\" content=\"Erasmus+: Crna Gora se priklju\u010dila inicijativi Evropskih Univerziteta - Europe House\" \/>\n<meta property=\"og:description\" content=\"Rekordni bud\u017eet od 402,2 miliona eura za Erasmus+ inicijativu Evropski univerziteti &nbsp; Evropska komisija objavila je\u00a0rezultate Erasmus+ poziva za 2023.\u00a0godinu, za podnijete prijedloge za inicijativu\u00a0Europski univerziteti. Prema rezultatima, ukupno\u00a050 saveza\u00a0evropskih univerziteta sada uklju\u010duje vi\u0161e od\u00a0430 visoko\u0161kolskih ustanova\u00a0u\u00a035 zemalja. Oni obuhvataju sve dr\u017eave \u010dlanice EU i Island, Norve\u0161ku, Albaniju, Bosnu i Hercegovinu, Crnu Goru, Sjevernu Makedoniju, [&hellip;]\" \/>\n<meta property=\"og:url\" content=\"https:\/\/www.evropskakuca.me\/me\/erasmus-crna-gora-se-prikljucila-inicijativi-evropskih-univerziteta\/\" \/>\n<meta property=\"og:site_name\" content=\"Europe House\" \/>\n<meta property=\"article:publisher\" content=\"https:\/\/www.facebook.com\/evropska.kuca\" \/>\n<meta property=\"article:published_time\" content=\"2023-07-05T15:48:20+00:00\" \/>\n<meta property=\"og:image\" content=\"https:\/\/evropskakuca.me\/wp-content\/uploads\/2023\/07\/20230703_eui-transformed-1024x683.jpeg\" \/>\n<meta name=\"author\" content=\"mkajic\" \/>\n<meta name=\"twitter:card\" content=\"summary_large_image\" \/>\n<meta name=\"twitter:creator\" content=\"@evropska_kuca\" \/>\n<meta name=\"twitter:site\" content=\"@evropska_kuca\" \/>\n<meta name=\"twitter:label1\" content=\"Written by\" \/>\n\t<meta name=\"twitter:data1\" content=\"mkajic\" \/>\n\t<meta name=\"twitter:label2\" content=\"Est. reading time\" \/>\n\t<meta name=\"twitter:data2\" content=\"3 minutes\" \/>\n<script type=\"application\/ld+json\" class=\"yoast-schema-graph\">{\"@context\":\"https:\\\/\\\/schema.org\",\"@graph\":[{\"@type\":\"Article\",\"@id\":\"https:\\\/\\\/www.evropskakuca.me\\\/me\\\/erasmus-crna-gora-se-prikljucila-inicijativi-evropskih-univerziteta\\\/#article\",\"isPartOf\":{\"@id\":\"https:\\\/\\\/www.evropskakuca.me\\\/me\\\/erasmus-crna-gora-se-prikljucila-inicijativi-evropskih-univerziteta\\\/\"},\"author\":{\"name\":\"mkajic\",\"@id\":\"https:\\\/\\\/www.evropskakuca.me\\\/me\\\/#\\\/schema\\\/person\\\/a1d0dcdaefe4a1cd1d60d200ea137ba4\"},\"headline\":\"Erasmus+: Crna Gora se priklju\u010dila inicijativi Evropskih Univerziteta\",\"datePublished\":\"2023-07-05T15:48:20+00:00\",\"mainEntityOfPage\":{\"@id\":\"https:\\\/\\\/www.evropskakuca.me\\\/me\\\/erasmus-crna-gora-se-prikljucila-inicijativi-evropskih-univerziteta\\\/\"},\"wordCount\":539,\"publisher\":{\"@id\":\"https:\\\/\\\/www.evropskakuca.me\\\/me\\\/#organization\"},\"image\":{\"@id\":\"https:\\\/\\\/www.evropskakuca.me\\\/me\\\/erasmus-crna-gora-se-prikljucila-inicijativi-evropskih-univerziteta\\\/#primaryimage\"},\"thumbnailUrl\":\"https:\\\/\\\/evropskakuca.me\\\/wp-content\\\/uploads\\\/2023\\\/07\\\/20230703_eui-transformed-1024x683.jpeg\",\"inLanguage\":\"me-ME\"},{\"@type\":\"WebPage\",\"@id\":\"https:\\\/\\\/www.evropskakuca.me\\\/me\\\/erasmus-crna-gora-se-prikljucila-inicijativi-evropskih-univerziteta\\\/\",\"url\":\"https:\\\/\\\/www.evropskakuca.me\\\/me\\\/erasmus-crna-gora-se-prikljucila-inicijativi-evropskih-univerziteta\\\/\",\"name\":\"Erasmus+: Crna Gora se priklju\u010dila inicijativi Evropskih Univerziteta - Europe House\",\"isPartOf\":{\"@id\":\"https:\\\/\\\/www.evropskakuca.me\\\/me\\\/#website\"},\"primaryImageOfPage\":{\"@id\":\"https:\\\/\\\/www.evropskakuca.me\\\/me\\\/erasmus-crna-gora-se-prikljucila-inicijativi-evropskih-univerziteta\\\/#primaryimage\"},\"image\":{\"@id\":\"https:\\\/\\\/www.evropskakuca.me\\\/me\\\/erasmus-crna-gora-se-prikljucila-inicijativi-evropskih-univerziteta\\\/#primaryimage\"},\"thumbnailUrl\":\"https:\\\/\\\/evropskakuca.me\\\/wp-content\\\/uploads\\\/2023\\\/07\\\/20230703_eui-transformed-1024x683.jpeg\",\"datePublished\":\"2023-07-05T15:48:20+00:00\",\"breadcrumb\":{\"@id\":\"https:\\\/\\\/www.evropskakuca.me\\\/me\\\/erasmus-crna-gora-se-prikljucila-inicijativi-evropskih-univerziteta\\\/#breadcrumb\"},\"inLanguage\":\"me-ME\",\"potentialAction\":[{\"@type\":\"ReadAction\",\"target\":[\"https:\\\/\\\/www.evropskakuca.me\\\/me\\\/erasmus-crna-gora-se-prikljucila-inicijativi-evropskih-univerziteta\\\/\"]}]},{\"@type\":\"ImageObject\",\"inLanguage\":\"me-ME\",\"@id\":\"https:\\\/\\\/www.evropskakuca.me\\\/me\\\/erasmus-crna-gora-se-prikljucila-inicijativi-evropskih-univerziteta\\\/#primaryimage\",\"url\":\"https:\\\/\\\/evropskakuca.me\\\/wp-content\\\/uploads\\\/2023\\\/07\\\/20230703_eui-transformed-1024x683.jpeg\",\"contentUrl\":\"https:\\\/\\\/evropskakuca.me\\\/wp-content\\\/uploads\\\/2023\\\/07\\\/20230703_eui-transformed-1024x683.jpeg\"},{\"@type\":\"BreadcrumbList\",\"@id\":\"https:\\\/\\\/www.evropskakuca.me\\\/me\\\/erasmus-crna-gora-se-prikljucila-inicijativi-evropskih-univerziteta\\\/#breadcrumb\",\"itemListElement\":[{\"@type\":\"ListItem\",\"position\":1,\"name\":\"Home\",\"item\":\"https:\\\/\\\/www.evropskakuca.me\\\/me\\\/\"},{\"@type\":\"ListItem\",\"position\":2,\"name\":\"Erasmus+: Crna Gora se priklju\u010dila inicijativi Evropskih Univerziteta\"}]},{\"@type\":\"WebSite\",\"@id\":\"https:\\\/\\\/www.evropskakuca.me\\\/me\\\/#website\",\"url\":\"https:\\\/\\\/www.evropskakuca.me\\\/me\\\/\",\"name\":\"Evropean house\",\"description\":\"\",\"publisher\":{\"@id\":\"https:\\\/\\\/www.evropskakuca.me\\\/me\\\/#organization\"},\"potentialAction\":[{\"@type\":\"SearchAction\",\"target\":{\"@type\":\"EntryPoint\",\"urlTemplate\":\"https:\\\/\\\/www.evropskakuca.me\\\/me\\\/?s={search_term_string}\"},\"query-input\":{\"@type\":\"PropertyValueSpecification\",\"valueRequired\":true,\"valueName\":\"search_term_string\"}}],\"inLanguage\":\"me-ME\"},{\"@type\":\"Organization\",\"@id\":\"https:\\\/\\\/www.evropskakuca.me\\\/me\\\/#organization\",\"name\":\"Evropean house\",\"url\":\"https:\\\/\\\/www.evropskakuca.me\\\/me\\\/\",\"logo\":{\"@type\":\"ImageObject\",\"inLanguage\":\"me-ME\",\"@id\":\"https:\\\/\\\/www.evropskakuca.me\\\/me\\\/#\\\/schema\\\/logo\\\/image\\\/\",\"url\":\"https:\\\/\\\/www.evropskakuca.me\\\/wp-content\\\/uploads\\\/2025\\\/01\\\/evropska-kuca-logo-1.png\",\"contentUrl\":\"https:\\\/\\\/www.evropskakuca.me\\\/wp-content\\\/uploads\\\/2025\\\/01\\\/evropska-kuca-logo-1.png\",\"width\":425,\"height\":312,\"caption\":\"Evropean house\"},\"image\":{\"@id\":\"https:\\\/\\\/www.evropskakuca.me\\\/me\\\/#\\\/schema\\\/logo\\\/image\\\/\"},\"sameAs\":[\"https:\\\/\\\/www.facebook.com\\\/evropska.kuca\",\"https:\\\/\\\/x.com\\\/evropska_kuca\",\"https:\\\/\\\/www.instagram.com\\\/evropska_kuca\"]},{\"@type\":\"Person\",\"@id\":\"https:\\\/\\\/www.evropskakuca.me\\\/me\\\/#\\\/schema\\\/person\\\/a1d0dcdaefe4a1cd1d60d200ea137ba4\",\"name\":\"mkajic\",\"image\":{\"@type\":\"ImageObject\",\"inLanguage\":\"me-ME\",\"@id\":\"https:\\\/\\\/secure.gravatar.com\\\/avatar\\\/731fa035cefab7316e6bafd1f25a93fb731a07de14e2d9923f8db4422628eabc?s=96&d=mm&r=g\",\"url\":\"https:\\\/\\\/secure.gravatar.com\\\/avatar\\\/731fa035cefab7316e6bafd1f25a93fb731a07de14e2d9923f8db4422628eabc?s=96&d=mm&r=g\",\"contentUrl\":\"https:\\\/\\\/secure.gravatar.com\\\/avatar\\\/731fa035cefab7316e6bafd1f25a93fb731a07de14e2d9923f8db4422628eabc?s=96&d=mm&r=g\",\"caption\":\"mkajic\"},\"sameAs\":[\"https:\\\/\\\/evropskakuca.me\"],\"url\":\"https:\\\/\\\/www.evropskakuca.me\\\/me\\\/author\\\/mkajic\\\/\"}]}<\/script>\n<!-- \/ Yoast SEO plugin. -->","yoast_head_json":{"title":"Erasmus+: Crna Gora se priklju\u010dila inicijativi Evropskih Univerziteta - Europe House","robots":{"index":"index","follow":"follow","max-snippet":"max-snippet:-1","max-image-preview":"max-image-preview:large","max-video-preview":"max-video-preview:-1"},"canonical":"https:\/\/www.evropskakuca.me\/me\/erasmus-crna-gora-se-prikljucila-inicijativi-evropskih-univerziteta\/","og_locale":"en_US","og_type":"article","og_title":"Erasmus+: Crna Gora se priklju\u010dila inicijativi Evropskih Univerziteta - Europe House","og_description":"Rekordni bud\u017eet od 402,2 miliona eura za Erasmus+ inicijativu Evropski univerziteti &nbsp; Evropska komisija objavila je\u00a0rezultate Erasmus+ poziva za 2023.\u00a0godinu, za podnijete prijedloge za inicijativu\u00a0Europski univerziteti. Prema rezultatima, ukupno\u00a050 saveza\u00a0evropskih univerziteta sada uklju\u010duje vi\u0161e od\u00a0430 visoko\u0161kolskih ustanova\u00a0u\u00a035 zemalja. Oni obuhvataju sve dr\u017eave \u010dlanice EU i Island, Norve\u0161ku, Albaniju, Bosnu i Hercegovinu, Crnu Goru, Sjevernu Makedoniju, [&hellip;]","og_url":"https:\/\/www.evropskakuca.me\/me\/erasmus-crna-gora-se-prikljucila-inicijativi-evropskih-univerziteta\/","og_site_name":"Europe House","article_publisher":"https:\/\/www.facebook.com\/evropska.kuca","article_published_time":"2023-07-05T15:48:20+00:00","og_image":[{"url":"https:\/\/evropskakuca.me\/wp-content\/uploads\/2023\/07\/20230703_eui-transformed-1024x683.jpeg","type":"","width":"","height":""}],"author":"mkajic","twitter_card":"summary_large_image","twitter_creator":"@evropska_kuca","twitter_site":"@evropska_kuca","twitter_misc":{"Written by":"mkajic","Est. reading time":"3 minutes"},"schema":{"@context":"https:\/\/schema.org","@graph":[{"@type":"Article","@id":"https:\/\/www.evropskakuca.me\/me\/erasmus-crna-gora-se-prikljucila-inicijativi-evropskih-univerziteta\/#article","isPartOf":{"@id":"https:\/\/www.evropskakuca.me\/me\/erasmus-crna-gora-se-prikljucila-inicijativi-evropskih-univerziteta\/"},"author":{"name":"mkajic","@id":"https:\/\/www.evropskakuca.me\/me\/#\/schema\/person\/a1d0dcdaefe4a1cd1d60d200ea137ba4"},"headline":"Erasmus+: Crna Gora se priklju\u010dila inicijativi Evropskih Univerziteta","datePublished":"2023-07-05T15:48:20+00:00","mainEntityOfPage":{"@id":"https:\/\/www.evropskakuca.me\/me\/erasmus-crna-gora-se-prikljucila-inicijativi-evropskih-univerziteta\/"},"wordCount":539,"publisher":{"@id":"https:\/\/www.evropskakuca.me\/me\/#organization"},"image":{"@id":"https:\/\/www.evropskakuca.me\/me\/erasmus-crna-gora-se-prikljucila-inicijativi-evropskih-univerziteta\/#primaryimage"},"thumbnailUrl":"https:\/\/evropskakuca.me\/wp-content\/uploads\/2023\/07\/20230703_eui-transformed-1024x683.jpeg","inLanguage":"me-ME"},{"@type":"WebPage","@id":"https:\/\/www.evropskakuca.me\/me\/erasmus-crna-gora-se-prikljucila-inicijativi-evropskih-univerziteta\/","url":"https:\/\/www.evropskakuca.me\/me\/erasmus-crna-gora-se-prikljucila-inicijativi-evropskih-univerziteta\/","name":"Erasmus+: Crna Gora se priklju\u010dila inicijativi Evropskih Univerziteta - Europe House","isPartOf":{"@id":"https:\/\/www.evropskakuca.me\/me\/#website"},"primaryImageOfPage":{"@id":"https:\/\/www.evropskakuca.me\/me\/erasmus-crna-gora-se-prikljucila-inicijativi-evropskih-univerziteta\/#primaryimage"},"image":{"@id":"https:\/\/www.evropskakuca.me\/me\/erasmus-crna-gora-se-prikljucila-inicijativi-evropskih-univerziteta\/#primaryimage"},"thumbnailUrl":"https:\/\/evropskakuca.me\/wp-content\/uploads\/2023\/07\/20230703_eui-transformed-1024x683.jpeg","datePublished":"2023-07-05T15:48:20+00:00","breadcrumb":{"@id":"https:\/\/www.evropskakuca.me\/me\/erasmus-crna-gora-se-prikljucila-inicijativi-evropskih-univerziteta\/#breadcrumb"},"inLanguage":"me-ME","potentialAction":[{"@type":"ReadAction","target":["https:\/\/www.evropskakuca.me\/me\/erasmus-crna-gora-se-prikljucila-inicijativi-evropskih-univerziteta\/"]}]},{"@type":"ImageObject","inLanguage":"me-ME","@id":"https:\/\/www.evropskakuca.me\/me\/erasmus-crna-gora-se-prikljucila-inicijativi-evropskih-univerziteta\/#primaryimage","url":"https:\/\/evropskakuca.me\/wp-content\/uploads\/2023\/07\/20230703_eui-transformed-1024x683.jpeg","contentUrl":"https:\/\/evropskakuca.me\/wp-content\/uploads\/2023\/07\/20230703_eui-transformed-1024x683.jpeg"},{"@type":"BreadcrumbList","@id":"https:\/\/www.evropskakuca.me\/me\/erasmus-crna-gora-se-prikljucila-inicijativi-evropskih-univerziteta\/#breadcrumb","itemListElement":[{"@type":"ListItem","position":1,"name":"Home","item":"https:\/\/www.evropskakuca.me\/me\/"},{"@type":"ListItem","position":2,"name":"Erasmus+: Crna Gora se priklju\u010dila inicijativi Evropskih Univerziteta"}]},{"@type":"WebSite","@id":"https:\/\/www.evropskakuca.me\/me\/#website","url":"https:\/\/www.evropskakuca.me\/me\/","name":"Evropean house","description":"","publisher":{"@id":"https:\/\/www.evropskakuca.me\/me\/#organization"},"potentialAction":[{"@type":"SearchAction","target":{"@type":"EntryPoint","urlTemplate":"https:\/\/www.evropskakuca.me\/me\/?s={search_term_string}"},"query-input":{"@type":"PropertyValueSpecification","valueRequired":true,"valueName":"search_term_string"}}],"inLanguage":"me-ME"},{"@type":"Organization","@id":"https:\/\/www.evropskakuca.me\/me\/#organization","name":"Evropean house","url":"https:\/\/www.evropskakuca.me\/me\/","logo":{"@type":"ImageObject","inLanguage":"me-ME","@id":"https:\/\/www.evropskakuca.me\/me\/#\/schema\/logo\/image\/","url":"https:\/\/www.evropskakuca.me\/wp-content\/uploads\/2025\/01\/evropska-kuca-logo-1.png","contentUrl":"https:\/\/www.evropskakuca.me\/wp-content\/uploads\/2025\/01\/evropska-kuca-logo-1.png","width":425,"height":312,"caption":"Evropean house"},"image":{"@id":"https:\/\/www.evropskakuca.me\/me\/#\/schema\/logo\/image\/"},"sameAs":["https:\/\/www.facebook.com\/evropska.kuca","https:\/\/x.com\/evropska_kuca","https:\/\/www.instagram.com\/evropska_kuca"]},{"@type":"Person","@id":"https:\/\/www.evropskakuca.me\/me\/#\/schema\/person\/a1d0dcdaefe4a1cd1d60d200ea137ba4","name":"mkajic","image":{"@type":"ImageObject","inLanguage":"me-ME","@id":"https:\/\/secure.gravatar.com\/avatar\/731fa035cefab7316e6bafd1f25a93fb731a07de14e2d9923f8db4422628eabc?s=96&d=mm&r=g","url":"https:\/\/secure.gravatar.com\/avatar\/731fa035cefab7316e6bafd1f25a93fb731a07de14e2d9923f8db4422628eabc?s=96&d=mm&r=g","contentUrl":"https:\/\/secure.gravatar.com\/avatar\/731fa035cefab7316e6bafd1f25a93fb731a07de14e2d9923f8db4422628eabc?s=96&d=mm&r=g","caption":"mkajic"},"sameAs":["https:\/\/evropskakuca.me"],"url":"https:\/\/www.evropskakuca.me\/me\/author\/mkajic\/"}]}},"_links":{"self":[{"href":"https:\/\/www.evropskakuca.me\/me\/wp-json\/wp\/v2\/posts\/25698","targetHints":{"allow":["GET"]}}],"collection":[{"href":"https:\/\/www.evropskakuca.me\/me\/wp-json\/wp\/v2\/posts"}],"about":[{"href":"https:\/\/www.evropskakuca.me\/me\/wp-json\/wp\/v2\/types\/post"}],"author":[{"embeddable":true,"href":"https:\/\/www.evropskakuca.me\/me\/wp-json\/wp\/v2\/users\/1"}],"replies":[{"embeddable":true,"href":"https:\/\/www.evropskakuca.me\/me\/wp-json\/wp\/v2\/comments?post=25698"}],"version-history":[{"count":0,"href":"https:\/\/www.evropskakuca.me\/me\/wp-json\/wp\/v2\/posts\/25698\/revisions"}],"wp:attachment":[{"href":"https:\/\/www.evropskakuca.me\/me\/wp-json\/wp\/v2\/media?parent=25698"}],"wp:term":[{"taxonomy":"category","embeddable":true,"href":"https:\/\/www.evropskakuca.me\/me\/wp-json\/wp\/v2\/categories?post=25698"},{"taxonomy":"post_tag","embeddable":true,"href":"https:\/\/www.evropskakuca.me\/me\/wp-json\/wp\/v2\/tags?post=25698"}],"curies":[{"name":"wp","href":"https:\/\/api.w.org\/{rel}","templated":true}]}}