{"id":25669,"date":"2023-07-03T13:14:14","date_gmt":"2023-07-03T13:14:14","guid":{"rendered":"https:\/\/evropskakuca.me\/?p=25669"},"modified":"2023-07-03T13:14:14","modified_gmt":"2023-07-03T13:14:14","slug":"ruralni-turizam-za-snaznije-lokalne-zajednice","status":"publish","type":"post","link":"https:\/\/www.evropskakuca.me\/me\/ruralni-turizam-za-snaznije-lokalne-zajednice\/","title":{"rendered":"Ruralni turizam za sna\u017enije lokalne zajednice"},"content":{"rendered":"<p>Novinarke i novinari iz crnogorskih elektronskih medija posjetili su nevladine organizacije na sjeveru Crne Gore, koje su u okviru ReLOaD inicijative pobolj\u0161ale ponudu u ruralnom turizmu. Zajedno sa predstavnicima Evropske delegacije i UNDP-a obi\u0161li su nove pje\u0161a\u010dke staze na Bjelasici i Sinjajevini, rasadnik ljekovitog bilja i prakti\u010dni p\u010delinjak nadomak Kola\u0161ina, i u\u010destvovali u radionicama solarnog kuvanja i izrade prirodne kozmetike u Pljevljima.<\/p>\n\n<p>Kroz ReLOaD2 grantove, 42 nevladine organizacije u Crnoj Gori sprovele su u protekloj godini projekte koje istinski mijenjaju kvalitet \u017eivota u lokalnim zajednicama. Otvorena je pje\u0161a\u010dka staza na Vranjini, kreiran digitalni turisti\u010dki vodi\u010d kroz Budvu, uspostavljen prvi Dru\u0161tveni klub za osobe sa invaliditetom u Nik\u0161i\u0107u, pokrenut je Klub penzionera u Andrijevici, uklonjene deponije u Zagara\u010du, snimljen je dokumentarac posve\u0107en boke\u0161kim palmama i jo\u0161 mnogo toga. Na ovom studijskom putovanju, predstavnicima medijima prezentovan je rad nevladinih organizacija \u010dije su ideje doprinijele umanjenju migracije gra\u0111ana i gra\u0111anki sjevera ka drugim gradovima i dr\u017eavama.<\/p>\n<p>NVO Udru\u017eena seoska doma\u0107instva je o\u010distila i markirala stazu koja povezuje beranska sela Lubnice i Kuriku\u0107e i uvela <em>geocaching<\/em> tagove \u0161to je glavni trend u savremenom turizmu. Zna\u010daj projekta je i to \u0161to obezbje\u0111uje dodatne prihode porodicama na selu i osna\u017euje \u017eensko preduzetni\u0161tvo.<\/p>\n<figure id=\"attachment_25663\" aria-describedby=\"caption-attachment-25663\" style=\"width: 769px\" class=\"wp-caption aligncenter\"><img fetchpriority=\"high\" decoding=\"async\" class=\"wp-image-25663 size-large\" src=\"https:\/\/evropskakuca.me\/wp-content\/uploads\/2023\/07\/udovinjice-769x1024.jpg\" alt=\"\" width=\"769\" height=\"1024\" \/><figcaption id=\"caption-attachment-25663\" class=\"wp-caption-text\">FOTO: Udovinjica \u2013 oaza mira<\/figcaption><\/figure>\n<p>U Trebaljevu su upoznali NVO Natura, koja organizuje prakti\u010dne radionice o pravilnom branju i preradi ljekobilja. Afirmisanje \u201czelenih poslova\u201d jeste osnovni cilj, a dodatna vrijednost je i smanjenje nekontrolisane berbe rijetkih vrsta.<\/p>\n<p>Nedaleko od Trebaljeva, na padinama Bjelasice, Udru\u017eenje p\u010delara formiralo je prakti\u010dni p\u010delinjak, na kojem su obu\u010dili mlade Kola\u0161ince i Kola\u0161inke i darovali im opremu kako bi ih podstakli na bavljenje ovim unosnim i plemenitim zanatom.<\/p>\n<figure id=\"attachment_25665\" aria-describedby=\"caption-attachment-25665\" style=\"width: 1024px\" class=\"wp-caption alignnone\"><img decoding=\"async\" class=\"wp-image-25665 size-large\" src=\"https:\/\/evropskakuca.me\/wp-content\/uploads\/2023\/07\/martin-pcelar-1024x768.jpg\" alt=\"\" width=\"1024\" height=\"768\" \/><figcaption id=\"caption-attachment-25665\" class=\"wp-caption-text\">FOTO: Petnaestogodi\u0161nji Martin Medenica jedan je od novih p\u010delara<\/figcaption><\/figure>\n<p>NVO Udru\u017eenje gra\u0111ana Polja adaptiralo je tematsku stazu sa info tablama, saniralo izvori\u0161ta i uredilo vidikovac iznad Mojkovca kako bi bolje pozicionirali svoju lokalnu zajednicu na turisti\u010dkoj mapi Crne Gore.<\/p>\n<p>Dru\u0161tvo mladih ekologa iz Nik\u0161i\u0107a promovi\u0161e dobre primjere i \u0161iri svijest o Evropskoj zelenoj agendi. Kroz ReLOaD2 projekat su unaprijedili energetsku efikasnost u doma\u0107instvima i pribli\u017eili javnosti mogu\u0107nosti kori\u0161\u0107enja alternativnih izvora energije, poput kuvanja na suncu.<\/p>\n<p>NVO Viva Vita je vanredan potencijal za odr\u017eivu eksplataciju ljekovitog bilja Pljevalja povezala sa posebnom ranjivo\u0161\u0107u \u017eena na lokalnom tr\u017ei\u0161tu rada. Stanovnice ruralnih podru\u010dja dobile su nova znanja o potencijalu ljekobilja i odr\u017eivom kori\u0161\u0107enju u prehrambene, kozmeti\u010dke, dekorativne, medicinske svrhe i polako kre\u0107u na put preduzetni\u0161tva u toj oblasti.<\/p>\n<figure id=\"attachment_25667\" aria-describedby=\"caption-attachment-25667\" style=\"width: 768px\" class=\"wp-caption aligncenter\"><img decoding=\"async\" class=\"wp-image-25667 size-large\" src=\"https:\/\/evropskakuca.me\/wp-content\/uploads\/2023\/07\/plants-768x1024.jpg\" alt=\"\" width=\"768\" height=\"1024\" \/><figcaption id=\"caption-attachment-25667\" class=\"wp-caption-text\">FOTO: Viva Vita osmislila desetine novih proizvoda na bazi ljekobilja<\/figcaption><\/figure>\n<p>Tokom trodnevne studijske posjete, novinari su boravili su u doma\u0107instvima koja su poha\u0111ala \u0160kolu agroturizma, organizovanu od NVO Mre\u017ea za ruralni razvoj. <strong>\u00a0<\/strong>Polaznici\/ce \u0160kole su nau\u010dili ne samo kako da diverzifikuju ponudu, ve\u0107 i kako da promovi\u0161u biznis, apliciraju za nove grantove, i djeluju odgovorno, uz minimalni karbonski otisak.Agroturisti\u010dka preduze\u0107a koja su osnovana zahvaljuju\u0107i ReLOaD inicijativi, koju finansira Evropska unija, blistav su primjer ekolo\u0161ke Crne Gore, jer koriste obnovljive izvore energije, promovi\u0161u lokalne proizvo\u0111a\u010de hrane i odgovorno koriste resurse.<\/p>\n<p>&nbsp;<\/p>\n","protected":false},"excerpt":{"rendered":"<p>Novinarke i novinari iz crnogorskih elektronskih medija posjetili su nevladine organizacije na sjeveru Crne Gore, koje su u okviru ReLOaD inicijative pobolj\u0161ale ponudu u ruralnom turizmu. Zajedno sa predstavnicima Evropske delegacije i UNDP-a obi\u0161li su nove pje\u0161a\u010dke staze na Bjelasici i Sinjajevini, rasadnik ljekovitog bilja i prakti\u010dni p\u010delinjak nadomak Kola\u0161ina, i u\u010destvovali u radionicama solarnog [&hellip;]<\/p>\n","protected":false},"author":1,"featured_media":39673,"comment_status":"closed","ping_status":"closed","sticky":false,"template":"","format":"standard","meta":{"_acf_changed":false,"footnotes":""},"categories":[],"tags":[],"class_list":["post-25669","post","type-post","status-publish","format-standard","has-post-thumbnail","hentry"],"acf":[],"yoast_head":"<!-- This site is optimized with the Yoast SEO plugin v27.3 - https:\/\/yoast.com\/product\/yoast-seo-wordpress\/ -->\n<title>Ruralni turizam za sna\u017enije lokalne zajednice - Europe House<\/title>\n<meta name=\"robots\" content=\"index, follow, max-snippet:-1, max-image-preview:large, max-video-preview:-1\" \/>\n<link rel=\"canonical\" href=\"https:\/\/www.evropskakuca.me\/me\/ruralni-turizam-za-snaznije-lokalne-zajednice\/\" \/>\n<meta property=\"og:locale\" content=\"en_US\" \/>\n<meta property=\"og:type\" content=\"article\" \/>\n<meta property=\"og:title\" content=\"Ruralni turizam za sna\u017enije lokalne zajednice - Europe House\" \/>\n<meta property=\"og:description\" content=\"Novinarke i novinari iz crnogorskih elektronskih medija posjetili su nevladine organizacije na sjeveru Crne Gore, koje su u okviru ReLOaD inicijative pobolj\u0161ale ponudu u ruralnom turizmu. Zajedno sa predstavnicima Evropske delegacije i UNDP-a obi\u0161li su nove pje\u0161a\u010dke staze na Bjelasici i Sinjajevini, rasadnik ljekovitog bilja i prakti\u010dni p\u010delinjak nadomak Kola\u0161ina, i u\u010destvovali u radionicama solarnog [&hellip;]\" \/>\n<meta property=\"og:url\" content=\"https:\/\/www.evropskakuca.me\/me\/ruralni-turizam-za-snaznije-lokalne-zajednice\/\" \/>\n<meta property=\"og:site_name\" content=\"Europe House\" \/>\n<meta property=\"article:publisher\" content=\"https:\/\/www.facebook.com\/evropska.kuca\" \/>\n<meta property=\"article:published_time\" content=\"2023-07-03T13:14:14+00:00\" \/>\n<meta property=\"og:image\" content=\"https:\/\/www.evropskakuca.me\/wp-content\/uploads\/2023\/07\/martin-pcelar-1.jpg\" \/>\n\t<meta property=\"og:image:width\" content=\"1600\" \/>\n\t<meta property=\"og:image:height\" content=\"1200\" \/>\n\t<meta property=\"og:image:type\" content=\"image\/jpeg\" \/>\n<meta name=\"author\" content=\"mkajic\" \/>\n<meta name=\"twitter:card\" content=\"summary_large_image\" \/>\n<meta name=\"twitter:creator\" content=\"@evropska_kuca\" \/>\n<meta name=\"twitter:site\" content=\"@evropska_kuca\" \/>\n<meta name=\"twitter:label1\" content=\"Written by\" \/>\n\t<meta name=\"twitter:data1\" content=\"mkajic\" \/>\n\t<meta name=\"twitter:label2\" content=\"Est. reading time\" \/>\n\t<meta name=\"twitter:data2\" content=\"3 minutes\" \/>\n<script type=\"application\/ld+json\" class=\"yoast-schema-graph\">{\"@context\":\"https:\\\/\\\/schema.org\",\"@graph\":[{\"@type\":\"Article\",\"@id\":\"https:\\\/\\\/www.evropskakuca.me\\\/me\\\/ruralni-turizam-za-snaznije-lokalne-zajednice\\\/#article\",\"isPartOf\":{\"@id\":\"https:\\\/\\\/www.evropskakuca.me\\\/me\\\/ruralni-turizam-za-snaznije-lokalne-zajednice\\\/\"},\"author\":{\"name\":\"mkajic\",\"@id\":\"https:\\\/\\\/www.evropskakuca.me\\\/me\\\/#\\\/schema\\\/person\\\/a1d0dcdaefe4a1cd1d60d200ea137ba4\"},\"headline\":\"Ruralni turizam za sna\u017enije lokalne zajednice\",\"datePublished\":\"2023-07-03T13:14:14+00:00\",\"mainEntityOfPage\":{\"@id\":\"https:\\\/\\\/www.evropskakuca.me\\\/me\\\/ruralni-turizam-za-snaznije-lokalne-zajednice\\\/\"},\"wordCount\":587,\"publisher\":{\"@id\":\"https:\\\/\\\/www.evropskakuca.me\\\/me\\\/#organization\"},\"image\":{\"@id\":\"https:\\\/\\\/www.evropskakuca.me\\\/me\\\/ruralni-turizam-za-snaznije-lokalne-zajednice\\\/#primaryimage\"},\"thumbnailUrl\":\"https:\\\/\\\/www.evropskakuca.me\\\/wp-content\\\/uploads\\\/2023\\\/07\\\/martin-pcelar-1.jpg\",\"inLanguage\":\"me-ME\"},{\"@type\":\"WebPage\",\"@id\":\"https:\\\/\\\/www.evropskakuca.me\\\/me\\\/ruralni-turizam-za-snaznije-lokalne-zajednice\\\/\",\"url\":\"https:\\\/\\\/www.evropskakuca.me\\\/me\\\/ruralni-turizam-za-snaznije-lokalne-zajednice\\\/\",\"name\":\"Ruralni turizam za sna\u017enije lokalne zajednice - Europe House\",\"isPartOf\":{\"@id\":\"https:\\\/\\\/www.evropskakuca.me\\\/me\\\/#website\"},\"primaryImageOfPage\":{\"@id\":\"https:\\\/\\\/www.evropskakuca.me\\\/me\\\/ruralni-turizam-za-snaznije-lokalne-zajednice\\\/#primaryimage\"},\"image\":{\"@id\":\"https:\\\/\\\/www.evropskakuca.me\\\/me\\\/ruralni-turizam-za-snaznije-lokalne-zajednice\\\/#primaryimage\"},\"thumbnailUrl\":\"https:\\\/\\\/www.evropskakuca.me\\\/wp-content\\\/uploads\\\/2023\\\/07\\\/martin-pcelar-1.jpg\",\"datePublished\":\"2023-07-03T13:14:14+00:00\",\"breadcrumb\":{\"@id\":\"https:\\\/\\\/www.evropskakuca.me\\\/me\\\/ruralni-turizam-za-snaznije-lokalne-zajednice\\\/#breadcrumb\"},\"inLanguage\":\"me-ME\",\"potentialAction\":[{\"@type\":\"ReadAction\",\"target\":[\"https:\\\/\\\/www.evropskakuca.me\\\/me\\\/ruralni-turizam-za-snaznije-lokalne-zajednice\\\/\"]}]},{\"@type\":\"ImageObject\",\"inLanguage\":\"me-ME\",\"@id\":\"https:\\\/\\\/www.evropskakuca.me\\\/me\\\/ruralni-turizam-za-snaznije-lokalne-zajednice\\\/#primaryimage\",\"url\":\"https:\\\/\\\/www.evropskakuca.me\\\/wp-content\\\/uploads\\\/2023\\\/07\\\/martin-pcelar-1.jpg\",\"contentUrl\":\"https:\\\/\\\/www.evropskakuca.me\\\/wp-content\\\/uploads\\\/2023\\\/07\\\/martin-pcelar-1.jpg\",\"width\":1600,\"height\":1200},{\"@type\":\"BreadcrumbList\",\"@id\":\"https:\\\/\\\/www.evropskakuca.me\\\/me\\\/ruralni-turizam-za-snaznije-lokalne-zajednice\\\/#breadcrumb\",\"itemListElement\":[{\"@type\":\"ListItem\",\"position\":1,\"name\":\"Home\",\"item\":\"https:\\\/\\\/www.evropskakuca.me\\\/me\\\/\"},{\"@type\":\"ListItem\",\"position\":2,\"name\":\"Ruralni turizam za sna\u017enije lokalne zajednice\"}]},{\"@type\":\"WebSite\",\"@id\":\"https:\\\/\\\/www.evropskakuca.me\\\/me\\\/#website\",\"url\":\"https:\\\/\\\/www.evropskakuca.me\\\/me\\\/\",\"name\":\"Evropean house\",\"description\":\"\",\"publisher\":{\"@id\":\"https:\\\/\\\/www.evropskakuca.me\\\/me\\\/#organization\"},\"potentialAction\":[{\"@type\":\"SearchAction\",\"target\":{\"@type\":\"EntryPoint\",\"urlTemplate\":\"https:\\\/\\\/www.evropskakuca.me\\\/me\\\/?s={search_term_string}\"},\"query-input\":{\"@type\":\"PropertyValueSpecification\",\"valueRequired\":true,\"valueName\":\"search_term_string\"}}],\"inLanguage\":\"me-ME\"},{\"@type\":\"Organization\",\"@id\":\"https:\\\/\\\/www.evropskakuca.me\\\/me\\\/#organization\",\"name\":\"Evropean house\",\"url\":\"https:\\\/\\\/www.evropskakuca.me\\\/me\\\/\",\"logo\":{\"@type\":\"ImageObject\",\"inLanguage\":\"me-ME\",\"@id\":\"https:\\\/\\\/www.evropskakuca.me\\\/me\\\/#\\\/schema\\\/logo\\\/image\\\/\",\"url\":\"https:\\\/\\\/www.evropskakuca.me\\\/wp-content\\\/uploads\\\/2025\\\/01\\\/evropska-kuca-logo-1.png\",\"contentUrl\":\"https:\\\/\\\/www.evropskakuca.me\\\/wp-content\\\/uploads\\\/2025\\\/01\\\/evropska-kuca-logo-1.png\",\"width\":425,\"height\":312,\"caption\":\"Evropean house\"},\"image\":{\"@id\":\"https:\\\/\\\/www.evropskakuca.me\\\/me\\\/#\\\/schema\\\/logo\\\/image\\\/\"},\"sameAs\":[\"https:\\\/\\\/www.facebook.com\\\/evropska.kuca\",\"https:\\\/\\\/x.com\\\/evropska_kuca\",\"https:\\\/\\\/www.instagram.com\\\/evropska_kuca\"]},{\"@type\":\"Person\",\"@id\":\"https:\\\/\\\/www.evropskakuca.me\\\/me\\\/#\\\/schema\\\/person\\\/a1d0dcdaefe4a1cd1d60d200ea137ba4\",\"name\":\"mkajic\",\"image\":{\"@type\":\"ImageObject\",\"inLanguage\":\"me-ME\",\"@id\":\"https:\\\/\\\/secure.gravatar.com\\\/avatar\\\/731fa035cefab7316e6bafd1f25a93fb731a07de14e2d9923f8db4422628eabc?s=96&d=mm&r=g\",\"url\":\"https:\\\/\\\/secure.gravatar.com\\\/avatar\\\/731fa035cefab7316e6bafd1f25a93fb731a07de14e2d9923f8db4422628eabc?s=96&d=mm&r=g\",\"contentUrl\":\"https:\\\/\\\/secure.gravatar.com\\\/avatar\\\/731fa035cefab7316e6bafd1f25a93fb731a07de14e2d9923f8db4422628eabc?s=96&d=mm&r=g\",\"caption\":\"mkajic\"},\"sameAs\":[\"https:\\\/\\\/evropskakuca.me\"],\"url\":\"https:\\\/\\\/www.evropskakuca.me\\\/me\\\/author\\\/mkajic\\\/\"}]}<\/script>\n<!-- \/ Yoast SEO plugin. -->","yoast_head_json":{"title":"Ruralni turizam za sna\u017enije lokalne zajednice - Europe House","robots":{"index":"index","follow":"follow","max-snippet":"max-snippet:-1","max-image-preview":"max-image-preview:large","max-video-preview":"max-video-preview:-1"},"canonical":"https:\/\/www.evropskakuca.me\/me\/ruralni-turizam-za-snaznije-lokalne-zajednice\/","og_locale":"en_US","og_type":"article","og_title":"Ruralni turizam za sna\u017enije lokalne zajednice - Europe House","og_description":"Novinarke i novinari iz crnogorskih elektronskih medija posjetili su nevladine organizacije na sjeveru Crne Gore, koje su u okviru ReLOaD inicijative pobolj\u0161ale ponudu u ruralnom turizmu. Zajedno sa predstavnicima Evropske delegacije i UNDP-a obi\u0161li su nove pje\u0161a\u010dke staze na Bjelasici i Sinjajevini, rasadnik ljekovitog bilja i prakti\u010dni p\u010delinjak nadomak Kola\u0161ina, i u\u010destvovali u radionicama solarnog [&hellip;]","og_url":"https:\/\/www.evropskakuca.me\/me\/ruralni-turizam-za-snaznije-lokalne-zajednice\/","og_site_name":"Europe House","article_publisher":"https:\/\/www.facebook.com\/evropska.kuca","article_published_time":"2023-07-03T13:14:14+00:00","og_image":[{"width":1600,"height":1200,"url":"https:\/\/www.evropskakuca.me\/wp-content\/uploads\/2023\/07\/martin-pcelar-1.jpg","type":"image\/jpeg"}],"author":"mkajic","twitter_card":"summary_large_image","twitter_creator":"@evropska_kuca","twitter_site":"@evropska_kuca","twitter_misc":{"Written by":"mkajic","Est. reading time":"3 minutes"},"schema":{"@context":"https:\/\/schema.org","@graph":[{"@type":"Article","@id":"https:\/\/www.evropskakuca.me\/me\/ruralni-turizam-za-snaznije-lokalne-zajednice\/#article","isPartOf":{"@id":"https:\/\/www.evropskakuca.me\/me\/ruralni-turizam-za-snaznije-lokalne-zajednice\/"},"author":{"name":"mkajic","@id":"https:\/\/www.evropskakuca.me\/me\/#\/schema\/person\/a1d0dcdaefe4a1cd1d60d200ea137ba4"},"headline":"Ruralni turizam za sna\u017enije lokalne zajednice","datePublished":"2023-07-03T13:14:14+00:00","mainEntityOfPage":{"@id":"https:\/\/www.evropskakuca.me\/me\/ruralni-turizam-za-snaznije-lokalne-zajednice\/"},"wordCount":587,"publisher":{"@id":"https:\/\/www.evropskakuca.me\/me\/#organization"},"image":{"@id":"https:\/\/www.evropskakuca.me\/me\/ruralni-turizam-za-snaznije-lokalne-zajednice\/#primaryimage"},"thumbnailUrl":"https:\/\/www.evropskakuca.me\/wp-content\/uploads\/2023\/07\/martin-pcelar-1.jpg","inLanguage":"me-ME"},{"@type":"WebPage","@id":"https:\/\/www.evropskakuca.me\/me\/ruralni-turizam-za-snaznije-lokalne-zajednice\/","url":"https:\/\/www.evropskakuca.me\/me\/ruralni-turizam-za-snaznije-lokalne-zajednice\/","name":"Ruralni turizam za sna\u017enije lokalne zajednice - Europe House","isPartOf":{"@id":"https:\/\/www.evropskakuca.me\/me\/#website"},"primaryImageOfPage":{"@id":"https:\/\/www.evropskakuca.me\/me\/ruralni-turizam-za-snaznije-lokalne-zajednice\/#primaryimage"},"image":{"@id":"https:\/\/www.evropskakuca.me\/me\/ruralni-turizam-za-snaznije-lokalne-zajednice\/#primaryimage"},"thumbnailUrl":"https:\/\/www.evropskakuca.me\/wp-content\/uploads\/2023\/07\/martin-pcelar-1.jpg","datePublished":"2023-07-03T13:14:14+00:00","breadcrumb":{"@id":"https:\/\/www.evropskakuca.me\/me\/ruralni-turizam-za-snaznije-lokalne-zajednice\/#breadcrumb"},"inLanguage":"me-ME","potentialAction":[{"@type":"ReadAction","target":["https:\/\/www.evropskakuca.me\/me\/ruralni-turizam-za-snaznije-lokalne-zajednice\/"]}]},{"@type":"ImageObject","inLanguage":"me-ME","@id":"https:\/\/www.evropskakuca.me\/me\/ruralni-turizam-za-snaznije-lokalne-zajednice\/#primaryimage","url":"https:\/\/www.evropskakuca.me\/wp-content\/uploads\/2023\/07\/martin-pcelar-1.jpg","contentUrl":"https:\/\/www.evropskakuca.me\/wp-content\/uploads\/2023\/07\/martin-pcelar-1.jpg","width":1600,"height":1200},{"@type":"BreadcrumbList","@id":"https:\/\/www.evropskakuca.me\/me\/ruralni-turizam-za-snaznije-lokalne-zajednice\/#breadcrumb","itemListElement":[{"@type":"ListItem","position":1,"name":"Home","item":"https:\/\/www.evropskakuca.me\/me\/"},{"@type":"ListItem","position":2,"name":"Ruralni turizam za sna\u017enije lokalne zajednice"}]},{"@type":"WebSite","@id":"https:\/\/www.evropskakuca.me\/me\/#website","url":"https:\/\/www.evropskakuca.me\/me\/","name":"Evropean house","description":"","publisher":{"@id":"https:\/\/www.evropskakuca.me\/me\/#organization"},"potentialAction":[{"@type":"SearchAction","target":{"@type":"EntryPoint","urlTemplate":"https:\/\/www.evropskakuca.me\/me\/?s={search_term_string}"},"query-input":{"@type":"PropertyValueSpecification","valueRequired":true,"valueName":"search_term_string"}}],"inLanguage":"me-ME"},{"@type":"Organization","@id":"https:\/\/www.evropskakuca.me\/me\/#organization","name":"Evropean house","url":"https:\/\/www.evropskakuca.me\/me\/","logo":{"@type":"ImageObject","inLanguage":"me-ME","@id":"https:\/\/www.evropskakuca.me\/me\/#\/schema\/logo\/image\/","url":"https:\/\/www.evropskakuca.me\/wp-content\/uploads\/2025\/01\/evropska-kuca-logo-1.png","contentUrl":"https:\/\/www.evropskakuca.me\/wp-content\/uploads\/2025\/01\/evropska-kuca-logo-1.png","width":425,"height":312,"caption":"Evropean house"},"image":{"@id":"https:\/\/www.evropskakuca.me\/me\/#\/schema\/logo\/image\/"},"sameAs":["https:\/\/www.facebook.com\/evropska.kuca","https:\/\/x.com\/evropska_kuca","https:\/\/www.instagram.com\/evropska_kuca"]},{"@type":"Person","@id":"https:\/\/www.evropskakuca.me\/me\/#\/schema\/person\/a1d0dcdaefe4a1cd1d60d200ea137ba4","name":"mkajic","image":{"@type":"ImageObject","inLanguage":"me-ME","@id":"https:\/\/secure.gravatar.com\/avatar\/731fa035cefab7316e6bafd1f25a93fb731a07de14e2d9923f8db4422628eabc?s=96&d=mm&r=g","url":"https:\/\/secure.gravatar.com\/avatar\/731fa035cefab7316e6bafd1f25a93fb731a07de14e2d9923f8db4422628eabc?s=96&d=mm&r=g","contentUrl":"https:\/\/secure.gravatar.com\/avatar\/731fa035cefab7316e6bafd1f25a93fb731a07de14e2d9923f8db4422628eabc?s=96&d=mm&r=g","caption":"mkajic"},"sameAs":["https:\/\/evropskakuca.me"],"url":"https:\/\/www.evropskakuca.me\/me\/author\/mkajic\/"}]}},"_links":{"self":[{"href":"https:\/\/www.evropskakuca.me\/me\/wp-json\/wp\/v2\/posts\/25669","targetHints":{"allow":["GET"]}}],"collection":[{"href":"https:\/\/www.evropskakuca.me\/me\/wp-json\/wp\/v2\/posts"}],"about":[{"href":"https:\/\/www.evropskakuca.me\/me\/wp-json\/wp\/v2\/types\/post"}],"author":[{"embeddable":true,"href":"https:\/\/www.evropskakuca.me\/me\/wp-json\/wp\/v2\/users\/1"}],"replies":[{"embeddable":true,"href":"https:\/\/www.evropskakuca.me\/me\/wp-json\/wp\/v2\/comments?post=25669"}],"version-history":[{"count":0,"href":"https:\/\/www.evropskakuca.me\/me\/wp-json\/wp\/v2\/posts\/25669\/revisions"}],"wp:featuredmedia":[{"embeddable":true,"href":"https:\/\/www.evropskakuca.me\/me\/wp-json\/wp\/v2\/media\/39673"}],"wp:attachment":[{"href":"https:\/\/www.evropskakuca.me\/me\/wp-json\/wp\/v2\/media?parent=25669"}],"wp:term":[{"taxonomy":"category","embeddable":true,"href":"https:\/\/www.evropskakuca.me\/me\/wp-json\/wp\/v2\/categories?post=25669"},{"taxonomy":"post_tag","embeddable":true,"href":"https:\/\/www.evropskakuca.me\/me\/wp-json\/wp\/v2\/tags?post=25669"}],"curies":[{"name":"wp","href":"https:\/\/api.w.org\/{rel}","templated":true}]}}