{"id":25652,"date":"2023-07-03T12:28:48","date_gmt":"2023-07-03T12:28:48","guid":{"rendered":"https:\/\/evropskakuca.me\/?p=25652"},"modified":"2023-07-03T12:28:48","modified_gmt":"2023-07-03T12:28:48","slug":"evropska-komisija-je-pokrenula-dodatni-investicioni-paket-od-21-milijardu-eura-za-zapadni-balkan","status":"publish","type":"post","link":"https:\/\/www.evropskakuca.me\/me\/evropska-komisija-je-pokrenula-dodatni-investicioni-paket-od-21-milijardu-eura-za-zapadni-balkan\/","title":{"rendered":"Evropska komisija je pokrenula dodatni investicioni paket od 2,1 milijardu eura za Zapadni Balkan"},"content":{"rendered":"<p><strong>Evropska komisija je pokrenula dodatni investicioni paket od 2,1 milijardu eura za Zapadni Balkan u okviru Ekonomskog i Investicionog plana.<\/strong><\/p>\n<p>Evropska komisija je lansirala novi finansijski paket kako bi podr\u017eala<strong> 14 klju\u010dnih investicionih projekata u oblastima transporta, energetike, \u017eivotne sredine, ljudskog kapitala i podr\u0161ke privatnom sektoru<\/strong> na Zapadnom Balkanu, ukupne vrijednosti 2,1 milijardu eura. Ovo je peti investicioni paket u okviru Ekonomskog i Investicionog plana Evropske unije za Zapadni Balkan. Projekti su pripremljeni u uskoj saradnji sa partnerima sa Zapadnog Balkana i me\u0111unarodnim finansijskim institucijama kako bi se ubrzala evropska perspektiva regiona.<\/p>\n<p>Komesar Evropske unije za Susjedstvo i Pro\u0161irenje, <strong>Oliver Varhelji<\/strong>, izjavio je: &#8220;<em>Ovim novim investicionim paketom \u0161aljemo sna\u017enu i jasnu poruku na\u0161im partnerima sa Zapadnog Balkana: njihova budu\u0107nost je u EU i mi \u010dvrsto napredujemo u zatvaranju ekonomskog jaza. Ovi projekti \u0107e bolje povezati region iznutra i sa EU, pomo\u0107i dekarbonizaciji njihovih ekonomija i podr\u017eati konkurentnost privatnog sektora u regionu. Sada pozivam na\u0161e partnere sa Zapadnog Balkana i me\u0111unarodne finansijske institucije da \u0161to prije sprovedu ove projekte kako bi gra\u0111ani i preduze\u0107a u regionu mogli da imaju koristi od ovih investicija.<\/em>&#8221;<\/p>\n<p>Investicioni paket od 2,1 milijardu eura, koji uklju\u010duje 528 miliona eura u vidu EU grantova iz Instrumenta za pretpristupnu pomo\u0107 (IPA III), dodatne bilateralne doprinose od strane \u010dlanica EU i Norve\u0161ke, zajmove od me\u0111unarodnih finansijskih institucija i doprinose ekonomija Zapadnog Balkana, podr\u017ean je od strane Operativnog odbora Zapadnobalkanskog investicionog okvira (WBIF).<\/p>\n<p><img fetchpriority=\"high\" decoding=\"async\" class=\"alignnone size-large wp-image-25655\" src=\"https:\/\/evropskakuca.me\/wp-content\/uploads\/2023\/07\/Carousel-EIP-WB-flagships_v25-1024x1024.jpg\" alt=\"\" width=\"1024\" height=\"1024\" \/><\/p>\n<p>Odobrenih 14 novih projekata obuhvataju sljede\u0107e prioritetne sektore:<\/p>\n<ul>\n<li><strong>Odr\u017eivi transport<\/strong>: izgradnja dionica i poddionica auto-puta na Koridoru V u Bosni i Hercegovini i Koridoru VIII u Sjevernoj Makedoniji. Ovi projekti \u0107e olak\u0161ati regionalnu trgovinu, smanjiti vrijeme putovanja i podstaknuti odr\u017eivi ekonomski rast.<\/li>\n<li><strong>\u010cista energija<\/strong>: rehabilitacija hidroelektrana u Srbiji i Bosni i Hercegovini radi smanjenja emisija gasova sa efektom staklene ba\u0161te i pobolj\u0161anja energetske efikasnosti u Sjevernoj Makedoniji. Ostali projekti uklju\u010duju ja\u010danje prenosne mre\u017ee Sjeverne Makedonije ili implementaciju zelenog transporta u Tirani.<\/li>\n<li><strong>Za\u0161tita \u017eivotne sredine i klima<\/strong>: rehabilitacija sistema vodosnabdjevanja Sarajeva radi unaprje\u0111enja javnog zdravlja, podr\u0161ke komercijalnoj infrastrukturi i pobolj\u0161anja ukupne efikasnosti snabdjevanja vodom u sarajevskom kantonu.<\/li>\n<li><strong>Ljudski razvoj<\/strong>: pobolj\u0161anje energetske efikasnosti i integrisanog energetskog upravljanja Univerziteta u Beogradu.<\/li>\n<li><strong>Privatni sektor<\/strong>: obezbje\u0111ivanje finansiranja za obnovljive i efikasne energetske mjere u regionu, odr\u017eiv pristup finansijama za preduzetni\u0161tvo i kombinacija specijalizovanog finansiranja za digitalizaciju i konkurentnost mikro i malih preduze\u0107a. Ovi projekti \u0107e pomo\u0107i smanjenju nejednakosti, pove\u0107anju stvaranja radnih mjesta, smanjenju potro\u0161nje energije i emisija gasova sa efektom staklene ba\u0161te.<\/li>\n<\/ul>\n<h1>Pozadina<\/h1>\n<p><strong>Ekonomski i investicioni plan Evropske unije za Zapadni Balkan<\/strong>, vrijedan do 30 milijardi eura u investicijama, uklju\u010duju\u0107i do 9 milijardi eura sredstava iz grantova Evropske unije, ima za cilj podsticanje dugoro\u010dnog oporavka, ubrzanje zelene i digitalne tranzicije, kao i podr\u0161ku regionalnoj saradnji i pribli\u017eavanju Evropskoj uniji.<\/p>\n<p>Nakon novog investicionog paketa, ukupno se podr\u017eava 54 EIP (Ekonomski i investicioni plan) projekata putem Zapadnobalkanskog investicionog okvira (WBIF), vrijednih otprilike 8 milijardi eura, uklju\u010duju\u0107i 2,3 milijarde eura iz grantova Evropske unije.<\/p>\n<p><strong>Zapadnobalkanski investicioni okvir (WBIF)<\/strong> je zajedni\u010dka finansijska platforma Evropske komisije, finansijskih organizacija, dr\u017eava \u010dlanica Evropske unije i Norve\u0161ke, sa ciljem unaprje\u0111enja saradnje u javnim i privatnim sektorima investicija za socioekonomski razvoj regiona i doprinosu evropskoj integraciji Zapadnog Balkana. WBIF je glavno finansijsko sredstvo za sprovo\u0111enje ambicioznog Ekonomskog i investicionog plana Evropske unije za Zapadni Balkan.<\/p>\n","protected":false},"excerpt":{"rendered":"<p>Evropska komisija je pokrenula dodatni investicioni paket od 2,1 milijardu eura za Zapadni Balkan u okviru Ekonomskog i Investicionog plana. Evropska komisija je lansirala novi finansijski paket kako bi podr\u017eala 14 klju\u010dnih investicionih projekata u oblastima transporta, energetike, \u017eivotne sredine, ljudskog kapitala i podr\u0161ke privatnom sektoru na Zapadnom Balkanu, ukupne vrijednosti 2,1 milijardu eura. Ovo [&hellip;]<\/p>\n","protected":false},"author":1,"featured_media":39577,"comment_status":"closed","ping_status":"closed","sticky":false,"template":"","format":"standard","meta":{"_acf_changed":false,"footnotes":""},"categories":[],"tags":[],"class_list":["post-25652","post","type-post","status-publish","format-standard","has-post-thumbnail","hentry"],"acf":[],"yoast_head":"<!-- This site is optimized with the Yoast SEO plugin v27.3 - https:\/\/yoast.com\/product\/yoast-seo-wordpress\/ -->\n<title>Evropska komisija je pokrenula dodatni investicioni paket od 2,1 milijardu eura za Zapadni Balkan - Europe House<\/title>\n<meta name=\"robots\" content=\"index, follow, max-snippet:-1, max-image-preview:large, max-video-preview:-1\" \/>\n<link rel=\"canonical\" href=\"https:\/\/www.evropskakuca.me\/me\/evropska-komisija-je-pokrenula-dodatni-investicioni-paket-od-21-milijardu-eura-za-zapadni-balkan\/\" \/>\n<meta property=\"og:locale\" content=\"en_US\" \/>\n<meta property=\"og:type\" content=\"article\" \/>\n<meta property=\"og:title\" content=\"Evropska komisija je pokrenula dodatni investicioni paket od 2,1 milijardu eura za Zapadni Balkan - Europe House\" \/>\n<meta property=\"og:description\" content=\"Evropska komisija je pokrenula dodatni investicioni paket od 2,1 milijardu eura za Zapadni Balkan u okviru Ekonomskog i Investicionog plana. Evropska komisija je lansirala novi finansijski paket kako bi podr\u017eala 14 klju\u010dnih investicionih projekata u oblastima transporta, energetike, \u017eivotne sredine, ljudskog kapitala i podr\u0161ke privatnom sektoru na Zapadnom Balkanu, ukupne vrijednosti 2,1 milijardu eura. Ovo [&hellip;]\" \/>\n<meta property=\"og:url\" content=\"https:\/\/www.evropskakuca.me\/me\/evropska-komisija-je-pokrenula-dodatni-investicioni-paket-od-21-milijardu-eura-za-zapadni-balkan\/\" \/>\n<meta property=\"og:site_name\" content=\"Europe House\" \/>\n<meta property=\"article:publisher\" content=\"https:\/\/www.facebook.com\/evropska.kuca\" \/>\n<meta property=\"article:published_time\" content=\"2023-07-03T12:28:48+00:00\" \/>\n<meta property=\"og:image\" content=\"https:\/\/www.evropskakuca.me\/wp-content\/uploads\/2023\/07\/Carousel-EIP-WB-flagships_v2.jpg\" \/>\n\t<meta property=\"og:image:width\" content=\"1080\" \/>\n\t<meta property=\"og:image:height\" content=\"1080\" \/>\n\t<meta property=\"og:image:type\" content=\"image\/jpeg\" \/>\n<meta name=\"author\" content=\"mkajic\" \/>\n<meta name=\"twitter:card\" content=\"summary_large_image\" \/>\n<meta name=\"twitter:creator\" content=\"@evropska_kuca\" \/>\n<meta name=\"twitter:site\" content=\"@evropska_kuca\" \/>\n<meta name=\"twitter:label1\" content=\"Written by\" \/>\n\t<meta name=\"twitter:data1\" content=\"mkajic\" \/>\n\t<meta name=\"twitter:label2\" content=\"Est. reading time\" \/>\n\t<meta name=\"twitter:data2\" content=\"3 minutes\" \/>\n<script type=\"application\/ld+json\" class=\"yoast-schema-graph\">{\"@context\":\"https:\\\/\\\/schema.org\",\"@graph\":[{\"@type\":\"Article\",\"@id\":\"https:\\\/\\\/www.evropskakuca.me\\\/me\\\/evropska-komisija-je-pokrenula-dodatni-investicioni-paket-od-21-milijardu-eura-za-zapadni-balkan\\\/#article\",\"isPartOf\":{\"@id\":\"https:\\\/\\\/www.evropskakuca.me\\\/me\\\/evropska-komisija-je-pokrenula-dodatni-investicioni-paket-od-21-milijardu-eura-za-zapadni-balkan\\\/\"},\"author\":{\"name\":\"mkajic\",\"@id\":\"https:\\\/\\\/www.evropskakuca.me\\\/me\\\/#\\\/schema\\\/person\\\/a1d0dcdaefe4a1cd1d60d200ea137ba4\"},\"headline\":\"Evropska komisija je pokrenula dodatni investicioni paket od 2,1 milijardu eura za Zapadni Balkan\",\"datePublished\":\"2023-07-03T12:28:48+00:00\",\"mainEntityOfPage\":{\"@id\":\"https:\\\/\\\/www.evropskakuca.me\\\/me\\\/evropska-komisija-je-pokrenula-dodatni-investicioni-paket-od-21-milijardu-eura-za-zapadni-balkan\\\/\"},\"wordCount\":589,\"publisher\":{\"@id\":\"https:\\\/\\\/www.evropskakuca.me\\\/me\\\/#organization\"},\"image\":{\"@id\":\"https:\\\/\\\/www.evropskakuca.me\\\/me\\\/evropska-komisija-je-pokrenula-dodatni-investicioni-paket-od-21-milijardu-eura-za-zapadni-balkan\\\/#primaryimage\"},\"thumbnailUrl\":\"https:\\\/\\\/www.evropskakuca.me\\\/wp-content\\\/uploads\\\/2023\\\/07\\\/Carousel-EIP-WB-flagships_v2.jpg\",\"inLanguage\":\"me-ME\"},{\"@type\":\"WebPage\",\"@id\":\"https:\\\/\\\/www.evropskakuca.me\\\/me\\\/evropska-komisija-je-pokrenula-dodatni-investicioni-paket-od-21-milijardu-eura-za-zapadni-balkan\\\/\",\"url\":\"https:\\\/\\\/www.evropskakuca.me\\\/me\\\/evropska-komisija-je-pokrenula-dodatni-investicioni-paket-od-21-milijardu-eura-za-zapadni-balkan\\\/\",\"name\":\"Evropska komisija je pokrenula dodatni investicioni paket od 2,1 milijardu eura za Zapadni Balkan - Europe House\",\"isPartOf\":{\"@id\":\"https:\\\/\\\/www.evropskakuca.me\\\/me\\\/#website\"},\"primaryImageOfPage\":{\"@id\":\"https:\\\/\\\/www.evropskakuca.me\\\/me\\\/evropska-komisija-je-pokrenula-dodatni-investicioni-paket-od-21-milijardu-eura-za-zapadni-balkan\\\/#primaryimage\"},\"image\":{\"@id\":\"https:\\\/\\\/www.evropskakuca.me\\\/me\\\/evropska-komisija-je-pokrenula-dodatni-investicioni-paket-od-21-milijardu-eura-za-zapadni-balkan\\\/#primaryimage\"},\"thumbnailUrl\":\"https:\\\/\\\/www.evropskakuca.me\\\/wp-content\\\/uploads\\\/2023\\\/07\\\/Carousel-EIP-WB-flagships_v2.jpg\",\"datePublished\":\"2023-07-03T12:28:48+00:00\",\"breadcrumb\":{\"@id\":\"https:\\\/\\\/www.evropskakuca.me\\\/me\\\/evropska-komisija-je-pokrenula-dodatni-investicioni-paket-od-21-milijardu-eura-za-zapadni-balkan\\\/#breadcrumb\"},\"inLanguage\":\"me-ME\",\"potentialAction\":[{\"@type\":\"ReadAction\",\"target\":[\"https:\\\/\\\/www.evropskakuca.me\\\/me\\\/evropska-komisija-je-pokrenula-dodatni-investicioni-paket-od-21-milijardu-eura-za-zapadni-balkan\\\/\"]}]},{\"@type\":\"ImageObject\",\"inLanguage\":\"me-ME\",\"@id\":\"https:\\\/\\\/www.evropskakuca.me\\\/me\\\/evropska-komisija-je-pokrenula-dodatni-investicioni-paket-od-21-milijardu-eura-za-zapadni-balkan\\\/#primaryimage\",\"url\":\"https:\\\/\\\/www.evropskakuca.me\\\/wp-content\\\/uploads\\\/2023\\\/07\\\/Carousel-EIP-WB-flagships_v2.jpg\",\"contentUrl\":\"https:\\\/\\\/www.evropskakuca.me\\\/wp-content\\\/uploads\\\/2023\\\/07\\\/Carousel-EIP-WB-flagships_v2.jpg\",\"width\":1080,\"height\":1080},{\"@type\":\"BreadcrumbList\",\"@id\":\"https:\\\/\\\/www.evropskakuca.me\\\/me\\\/evropska-komisija-je-pokrenula-dodatni-investicioni-paket-od-21-milijardu-eura-za-zapadni-balkan\\\/#breadcrumb\",\"itemListElement\":[{\"@type\":\"ListItem\",\"position\":1,\"name\":\"Home\",\"item\":\"https:\\\/\\\/www.evropskakuca.me\\\/me\\\/\"},{\"@type\":\"ListItem\",\"position\":2,\"name\":\"Evropska komisija je pokrenula dodatni investicioni paket od 2,1 milijardu eura za Zapadni Balkan\"}]},{\"@type\":\"WebSite\",\"@id\":\"https:\\\/\\\/www.evropskakuca.me\\\/me\\\/#website\",\"url\":\"https:\\\/\\\/www.evropskakuca.me\\\/me\\\/\",\"name\":\"Evropean house\",\"description\":\"\",\"publisher\":{\"@id\":\"https:\\\/\\\/www.evropskakuca.me\\\/me\\\/#organization\"},\"potentialAction\":[{\"@type\":\"SearchAction\",\"target\":{\"@type\":\"EntryPoint\",\"urlTemplate\":\"https:\\\/\\\/www.evropskakuca.me\\\/me\\\/?s={search_term_string}\"},\"query-input\":{\"@type\":\"PropertyValueSpecification\",\"valueRequired\":true,\"valueName\":\"search_term_string\"}}],\"inLanguage\":\"me-ME\"},{\"@type\":\"Organization\",\"@id\":\"https:\\\/\\\/www.evropskakuca.me\\\/me\\\/#organization\",\"name\":\"Evropean house\",\"url\":\"https:\\\/\\\/www.evropskakuca.me\\\/me\\\/\",\"logo\":{\"@type\":\"ImageObject\",\"inLanguage\":\"me-ME\",\"@id\":\"https:\\\/\\\/www.evropskakuca.me\\\/me\\\/#\\\/schema\\\/logo\\\/image\\\/\",\"url\":\"https:\\\/\\\/www.evropskakuca.me\\\/wp-content\\\/uploads\\\/2025\\\/01\\\/evropska-kuca-logo-1.png\",\"contentUrl\":\"https:\\\/\\\/www.evropskakuca.me\\\/wp-content\\\/uploads\\\/2025\\\/01\\\/evropska-kuca-logo-1.png\",\"width\":425,\"height\":312,\"caption\":\"Evropean house\"},\"image\":{\"@id\":\"https:\\\/\\\/www.evropskakuca.me\\\/me\\\/#\\\/schema\\\/logo\\\/image\\\/\"},\"sameAs\":[\"https:\\\/\\\/www.facebook.com\\\/evropska.kuca\",\"https:\\\/\\\/x.com\\\/evropska_kuca\",\"https:\\\/\\\/www.instagram.com\\\/evropska_kuca\"]},{\"@type\":\"Person\",\"@id\":\"https:\\\/\\\/www.evropskakuca.me\\\/me\\\/#\\\/schema\\\/person\\\/a1d0dcdaefe4a1cd1d60d200ea137ba4\",\"name\":\"mkajic\",\"image\":{\"@type\":\"ImageObject\",\"inLanguage\":\"me-ME\",\"@id\":\"https:\\\/\\\/secure.gravatar.com\\\/avatar\\\/731fa035cefab7316e6bafd1f25a93fb731a07de14e2d9923f8db4422628eabc?s=96&d=mm&r=g\",\"url\":\"https:\\\/\\\/secure.gravatar.com\\\/avatar\\\/731fa035cefab7316e6bafd1f25a93fb731a07de14e2d9923f8db4422628eabc?s=96&d=mm&r=g\",\"contentUrl\":\"https:\\\/\\\/secure.gravatar.com\\\/avatar\\\/731fa035cefab7316e6bafd1f25a93fb731a07de14e2d9923f8db4422628eabc?s=96&d=mm&r=g\",\"caption\":\"mkajic\"},\"sameAs\":[\"https:\\\/\\\/evropskakuca.me\"],\"url\":\"https:\\\/\\\/www.evropskakuca.me\\\/me\\\/author\\\/mkajic\\\/\"}]}<\/script>\n<!-- \/ Yoast SEO plugin. -->","yoast_head_json":{"title":"Evropska komisija je pokrenula dodatni investicioni paket od 2,1 milijardu eura za Zapadni Balkan - Europe House","robots":{"index":"index","follow":"follow","max-snippet":"max-snippet:-1","max-image-preview":"max-image-preview:large","max-video-preview":"max-video-preview:-1"},"canonical":"https:\/\/www.evropskakuca.me\/me\/evropska-komisija-je-pokrenula-dodatni-investicioni-paket-od-21-milijardu-eura-za-zapadni-balkan\/","og_locale":"en_US","og_type":"article","og_title":"Evropska komisija je pokrenula dodatni investicioni paket od 2,1 milijardu eura za Zapadni Balkan - Europe House","og_description":"Evropska komisija je pokrenula dodatni investicioni paket od 2,1 milijardu eura za Zapadni Balkan u okviru Ekonomskog i Investicionog plana. Evropska komisija je lansirala novi finansijski paket kako bi podr\u017eala 14 klju\u010dnih investicionih projekata u oblastima transporta, energetike, \u017eivotne sredine, ljudskog kapitala i podr\u0161ke privatnom sektoru na Zapadnom Balkanu, ukupne vrijednosti 2,1 milijardu eura. Ovo [&hellip;]","og_url":"https:\/\/www.evropskakuca.me\/me\/evropska-komisija-je-pokrenula-dodatni-investicioni-paket-od-21-milijardu-eura-za-zapadni-balkan\/","og_site_name":"Europe House","article_publisher":"https:\/\/www.facebook.com\/evropska.kuca","article_published_time":"2023-07-03T12:28:48+00:00","og_image":[{"width":1080,"height":1080,"url":"https:\/\/www.evropskakuca.me\/wp-content\/uploads\/2023\/07\/Carousel-EIP-WB-flagships_v2.jpg","type":"image\/jpeg"}],"author":"mkajic","twitter_card":"summary_large_image","twitter_creator":"@evropska_kuca","twitter_site":"@evropska_kuca","twitter_misc":{"Written by":"mkajic","Est. reading time":"3 minutes"},"schema":{"@context":"https:\/\/schema.org","@graph":[{"@type":"Article","@id":"https:\/\/www.evropskakuca.me\/me\/evropska-komisija-je-pokrenula-dodatni-investicioni-paket-od-21-milijardu-eura-za-zapadni-balkan\/#article","isPartOf":{"@id":"https:\/\/www.evropskakuca.me\/me\/evropska-komisija-je-pokrenula-dodatni-investicioni-paket-od-21-milijardu-eura-za-zapadni-balkan\/"},"author":{"name":"mkajic","@id":"https:\/\/www.evropskakuca.me\/me\/#\/schema\/person\/a1d0dcdaefe4a1cd1d60d200ea137ba4"},"headline":"Evropska komisija je pokrenula dodatni investicioni paket od 2,1 milijardu eura za Zapadni Balkan","datePublished":"2023-07-03T12:28:48+00:00","mainEntityOfPage":{"@id":"https:\/\/www.evropskakuca.me\/me\/evropska-komisija-je-pokrenula-dodatni-investicioni-paket-od-21-milijardu-eura-za-zapadni-balkan\/"},"wordCount":589,"publisher":{"@id":"https:\/\/www.evropskakuca.me\/me\/#organization"},"image":{"@id":"https:\/\/www.evropskakuca.me\/me\/evropska-komisija-je-pokrenula-dodatni-investicioni-paket-od-21-milijardu-eura-za-zapadni-balkan\/#primaryimage"},"thumbnailUrl":"https:\/\/www.evropskakuca.me\/wp-content\/uploads\/2023\/07\/Carousel-EIP-WB-flagships_v2.jpg","inLanguage":"me-ME"},{"@type":"WebPage","@id":"https:\/\/www.evropskakuca.me\/me\/evropska-komisija-je-pokrenula-dodatni-investicioni-paket-od-21-milijardu-eura-za-zapadni-balkan\/","url":"https:\/\/www.evropskakuca.me\/me\/evropska-komisija-je-pokrenula-dodatni-investicioni-paket-od-21-milijardu-eura-za-zapadni-balkan\/","name":"Evropska komisija je pokrenula dodatni investicioni paket od 2,1 milijardu eura za Zapadni Balkan - Europe House","isPartOf":{"@id":"https:\/\/www.evropskakuca.me\/me\/#website"},"primaryImageOfPage":{"@id":"https:\/\/www.evropskakuca.me\/me\/evropska-komisija-je-pokrenula-dodatni-investicioni-paket-od-21-milijardu-eura-za-zapadni-balkan\/#primaryimage"},"image":{"@id":"https:\/\/www.evropskakuca.me\/me\/evropska-komisija-je-pokrenula-dodatni-investicioni-paket-od-21-milijardu-eura-za-zapadni-balkan\/#primaryimage"},"thumbnailUrl":"https:\/\/www.evropskakuca.me\/wp-content\/uploads\/2023\/07\/Carousel-EIP-WB-flagships_v2.jpg","datePublished":"2023-07-03T12:28:48+00:00","breadcrumb":{"@id":"https:\/\/www.evropskakuca.me\/me\/evropska-komisija-je-pokrenula-dodatni-investicioni-paket-od-21-milijardu-eura-za-zapadni-balkan\/#breadcrumb"},"inLanguage":"me-ME","potentialAction":[{"@type":"ReadAction","target":["https:\/\/www.evropskakuca.me\/me\/evropska-komisija-je-pokrenula-dodatni-investicioni-paket-od-21-milijardu-eura-za-zapadni-balkan\/"]}]},{"@type":"ImageObject","inLanguage":"me-ME","@id":"https:\/\/www.evropskakuca.me\/me\/evropska-komisija-je-pokrenula-dodatni-investicioni-paket-od-21-milijardu-eura-za-zapadni-balkan\/#primaryimage","url":"https:\/\/www.evropskakuca.me\/wp-content\/uploads\/2023\/07\/Carousel-EIP-WB-flagships_v2.jpg","contentUrl":"https:\/\/www.evropskakuca.me\/wp-content\/uploads\/2023\/07\/Carousel-EIP-WB-flagships_v2.jpg","width":1080,"height":1080},{"@type":"BreadcrumbList","@id":"https:\/\/www.evropskakuca.me\/me\/evropska-komisija-je-pokrenula-dodatni-investicioni-paket-od-21-milijardu-eura-za-zapadni-balkan\/#breadcrumb","itemListElement":[{"@type":"ListItem","position":1,"name":"Home","item":"https:\/\/www.evropskakuca.me\/me\/"},{"@type":"ListItem","position":2,"name":"Evropska komisija je pokrenula dodatni investicioni paket od 2,1 milijardu eura za Zapadni Balkan"}]},{"@type":"WebSite","@id":"https:\/\/www.evropskakuca.me\/me\/#website","url":"https:\/\/www.evropskakuca.me\/me\/","name":"Evropean house","description":"","publisher":{"@id":"https:\/\/www.evropskakuca.me\/me\/#organization"},"potentialAction":[{"@type":"SearchAction","target":{"@type":"EntryPoint","urlTemplate":"https:\/\/www.evropskakuca.me\/me\/?s={search_term_string}"},"query-input":{"@type":"PropertyValueSpecification","valueRequired":true,"valueName":"search_term_string"}}],"inLanguage":"me-ME"},{"@type":"Organization","@id":"https:\/\/www.evropskakuca.me\/me\/#organization","name":"Evropean house","url":"https:\/\/www.evropskakuca.me\/me\/","logo":{"@type":"ImageObject","inLanguage":"me-ME","@id":"https:\/\/www.evropskakuca.me\/me\/#\/schema\/logo\/image\/","url":"https:\/\/www.evropskakuca.me\/wp-content\/uploads\/2025\/01\/evropska-kuca-logo-1.png","contentUrl":"https:\/\/www.evropskakuca.me\/wp-content\/uploads\/2025\/01\/evropska-kuca-logo-1.png","width":425,"height":312,"caption":"Evropean house"},"image":{"@id":"https:\/\/www.evropskakuca.me\/me\/#\/schema\/logo\/image\/"},"sameAs":["https:\/\/www.facebook.com\/evropska.kuca","https:\/\/x.com\/evropska_kuca","https:\/\/www.instagram.com\/evropska_kuca"]},{"@type":"Person","@id":"https:\/\/www.evropskakuca.me\/me\/#\/schema\/person\/a1d0dcdaefe4a1cd1d60d200ea137ba4","name":"mkajic","image":{"@type":"ImageObject","inLanguage":"me-ME","@id":"https:\/\/secure.gravatar.com\/avatar\/731fa035cefab7316e6bafd1f25a93fb731a07de14e2d9923f8db4422628eabc?s=96&d=mm&r=g","url":"https:\/\/secure.gravatar.com\/avatar\/731fa035cefab7316e6bafd1f25a93fb731a07de14e2d9923f8db4422628eabc?s=96&d=mm&r=g","contentUrl":"https:\/\/secure.gravatar.com\/avatar\/731fa035cefab7316e6bafd1f25a93fb731a07de14e2d9923f8db4422628eabc?s=96&d=mm&r=g","caption":"mkajic"},"sameAs":["https:\/\/evropskakuca.me"],"url":"https:\/\/www.evropskakuca.me\/me\/author\/mkajic\/"}]}},"_links":{"self":[{"href":"https:\/\/www.evropskakuca.me\/me\/wp-json\/wp\/v2\/posts\/25652","targetHints":{"allow":["GET"]}}],"collection":[{"href":"https:\/\/www.evropskakuca.me\/me\/wp-json\/wp\/v2\/posts"}],"about":[{"href":"https:\/\/www.evropskakuca.me\/me\/wp-json\/wp\/v2\/types\/post"}],"author":[{"embeddable":true,"href":"https:\/\/www.evropskakuca.me\/me\/wp-json\/wp\/v2\/users\/1"}],"replies":[{"embeddable":true,"href":"https:\/\/www.evropskakuca.me\/me\/wp-json\/wp\/v2\/comments?post=25652"}],"version-history":[{"count":0,"href":"https:\/\/www.evropskakuca.me\/me\/wp-json\/wp\/v2\/posts\/25652\/revisions"}],"wp:featuredmedia":[{"embeddable":true,"href":"https:\/\/www.evropskakuca.me\/me\/wp-json\/wp\/v2\/media\/39577"}],"wp:attachment":[{"href":"https:\/\/www.evropskakuca.me\/me\/wp-json\/wp\/v2\/media?parent=25652"}],"wp:term":[{"taxonomy":"category","embeddable":true,"href":"https:\/\/www.evropskakuca.me\/me\/wp-json\/wp\/v2\/categories?post=25652"},{"taxonomy":"post_tag","embeddable":true,"href":"https:\/\/www.evropskakuca.me\/me\/wp-json\/wp\/v2\/tags?post=25652"}],"curies":[{"name":"wp","href":"https:\/\/api.w.org\/{rel}","templated":true}]}}