{"id":25607,"date":"2023-06-30T11:07:55","date_gmt":"2023-06-30T11:07:55","guid":{"rendered":"https:\/\/evropskakuca.me\/?p=25607"},"modified":"2023-06-30T11:07:55","modified_gmt":"2023-06-30T11:07:55","slug":"kvirovanje-u-evropskoj-kuci-e-desilo-se","status":"publish","type":"post","link":"https:\/\/www.evropskakuca.me\/me\/kvirovanje-u-evropskoj-kuci-e-desilo-se\/","title":{"rendered":"Kvirovanje u Evropskoj ku\u0107i, e desilo se"},"content":{"rendered":"<p style=\"text-align: center;\"><strong>Evropska ku\u0107a<\/strong> i<strong> Queer Montenegro<\/strong> obilje\u017eili Mjesec ponosa<\/p>\n<p>Kulturno ve\u010de posve\u0107eno kvir umjetnosti &#8221;Kvirovanje, e desilo se&#8221; organizovano je u Evropskoj ku\u0107i, povodom Mjeseca ponosa.<\/p>\n<p>Kako izgleda crnogorska aktivna kvir umjetnost? Da li znate ko je napisao prvi lezbijski roman u Crnoj Gori? Odgovore na ova pitanja donose Evropska ku\u0107a i LGBTIQ asocijacija Queer Montenegro.<\/p>\n<blockquote><p>&#8220;Kako umjetnost postaje novi prostor za promociju ljudskih prava, odlu\u010dili smo se da organizujemo ovo uzbudljivo, umjetni\u010dko kvir putovanje kroz fotografiju, knji\u017eevnost, pozori\u0161te, film i muziku. Jer kultura\u00a0 i umjetnost su najbolji na\u010din za borbu protiv predrasuda i stereotipa&#8221;, istakla je <strong>Manja Babi\u0107<\/strong> iz Evropske ku\u0107e.<\/p><\/blockquote>\n<p>Va\u017enu ulogu u kreiranju kvir, kulturne dru\u0161tvene stvarnosti u Crnoj Gori, imale su nevladine organizacije.<\/p>\n\n<p>Izvr\u0161ni direktor\u00a0LGBTIQ asocijacije\u00a0Queer Montenegro, Milo\u0161 Kne\u017eevi\u0107, istakao je zna\u010daj umjetnosti.<\/p>\n<blockquote><p>&#8221;Umjetnost je sna\u017ean alat za mijenjanje svijeta. Ona ima mo\u0107 premostiti svaki dru\u0161tveni jaz, otvoriti nove perspektive i probuditi empatiju u nama. Ovaj doga\u0111aj nam daje priliku da razumijemo i cijenimo razli\u010dite oblike ljepote koje svijet nudi. Kroz umjetnost, mo\u017eemo promijeniti na\u010din na koji vidimo sebe ali i druge&#8221;, kazao je Kne\u017eevi\u0107.<\/p><\/blockquote>\n<p>Prema njegovim rije\u010dima, na ovaj na\u010din, \u017eele pru\u017eiti podr\u0161ku umjetnicima iz kvir zajednice kako bi izrazili svoje identitete, snove i iskustva putem umjetnosti.<\/p>\n<p>&#8221;Kroz njihova djela, \u017eelimo istaknuti ljepotu i kompleksnost kvir identiteta, te promovisati razumijevanje, prihvatanje i inkluziju&#8221;, zaklju\u010dio je on.<\/p>\n\n<p>Izlo\u017eba\u00a0 &#8220;Na\u0161e pri\u010de&#8221; predstavlja pri\u010de zajednice transrodnih, rodno varijantnih i interpolnih osoba\u00a0kroz druga\u010dije metode i alate, osna\u017euju\u0107i anga\u017eovanu i alternativnu umjetni\u010dku scenu,<\/p>\n<blockquote><p>Prisutni su mogli da vide fotografije transrodnih i kvir osoba, koje su bile dovoljno osna\u017eene da stanu pred objektiv, i koje na svojim licima nose poruke koje im dru\u0161tvo naj\u010de\u0161\u010de upu\u0107uje.<\/p><\/blockquote>\n<p>Izlo\u017eba,\u00a0koja broji preko\u00a015 autora,\u00a0pored radova kreiranih kroz set radionica nevladinih organizacija \u0160kArt i Asocijacija Spektra, sadr\u017ei i samostalne radove umjetnika iz zajednice, performans <strong>Gender attack<\/strong>, kao i intimne stvari ljudi koji su pro\u0161li kroz proces tranzicije.<\/p>\n<blockquote><p>Izlo\u017eba je nastala u okviru projekta \u0160KARTAONICE koji je finansirala Evropska unija kroz projekat <em><strong>Odgovorno i solidarno- gra\u0111ani preuzimaju inicijativu<\/strong><\/em>.<\/p><\/blockquote>\n<p><img fetchpriority=\"high\" decoding=\"async\" class=\"alignnone size-large wp-image-25616\" src=\"https:\/\/evropskakuca.me\/wp-content\/uploads\/2023\/06\/Kristina-Cetkovic-1024x771.jpg\" alt=\"\" width=\"1024\" height=\"771\" \/><\/p>\n<p>Koliko tradicija i tradicionalni pogled na \u017eivot uti\u010du na sudbinu \u017eena, govori i ovaj odlomak iz prvog lezbijskog romana objavljenog u Crnoj Gori, pod naslovom \u201eU svoja \u010detri zida&#8221;, autorke <strong>Kristine \u0106etkovi\u0107<\/strong>:<\/p>\n<blockquote><p>&#8221;Govorimo da \u017eivimo u zemlji \u010dojstva i juna\u0161tva a ne \u017eelimo da vidimo istinu \u2013 da \u017eivimo u zemlji velike nepravde prema polovini stanovni\u0161tva. Niko sre\u0107an kada se rodimo: ni \u0111edovi, ni o\u010devi, ni mu\u017eevi, ni bra\u0107a&#8230; Ali, ni majke i babe. Ne \u017eele \u0107erke i unuke. Neke zbog toga \u0161to im je milije mu\u0161ko dijete a neke zbog ljubavi prema \u017eenskom \u010deljadetu \u2013 da ne bi u \u017eivotu patile poput njih&#8221;.<\/p><\/blockquote>\n<p><img decoding=\"async\" class=\"alignnone size-large wp-image-25614\" src=\"https:\/\/evropskakuca.me\/wp-content\/uploads\/2023\/06\/Maksan-i-Erjavsek-1024x683.jpg\" alt=\"\" width=\"1024\" height=\"683\" \/><\/p>\n<p>Jo\u0161 jedan va\u017ean doga\u0111aj je <em>Regionalni konkurs za najbolju kvir pri\u010du<\/em>. Zato smo u okviru &#8221;Kvirovanja&#8221; ugostili urednicu knjige najboljih kvir pri\u010da, <strong>Katicu Maksan<\/strong>, kao i pobjednicu konkursa za najbolju kvir pri\u010du, <strong>Draganu Erjav\u0161ek<\/strong>.<\/p>\n<p>Pravo na sopstveni izbor i sukob oko tog prava, neka su od temeljnih na\u010dela pozori\u0161ne vje\u0161tine.<\/p>\n<blockquote><p>Jedan od prvih dramskih tekstova u Crnoj Gori na kvir temu, ali i jedna od prvih pozori\u0161nih produkcija, bila je predstava <em>Mlijeko u prahu<\/em> autorke <strong>Dragane Tripkovi\u0107<\/strong>, u re\u017eiji Stevana Bodro\u017ee.<\/p><\/blockquote>\n<p>&#8221;Teatar je oduvijek bio mo\u0107an instrument za ozna\u010davanje predrasuda i preispitivanje svijeta kakav poznajemo. Doprinos umjetnosti inkluzivnom dru\u0161tvu nije novina i samo se terminolo\u0161ki mogu mijenjati intencije koje su sadr\u017eane u umjetni\u010dkim djelima. Ono \u0161to se u teatru ne zanemaruje nikad jeste razli\u010ditost, a ona je sadr\u017eana na gotovo svakom nivou i u svakoj temi jednog pozori\u0161nog djela&#8221;, istakla je Tripkovi\u0107.<\/p>\n<p><img decoding=\"async\" class=\"alignnone size-large wp-image-25612\" src=\"https:\/\/evropskakuca.me\/wp-content\/uploads\/2023\/06\/Dragana-Tripkovic-1024x683.jpg\" alt=\"\" width=\"1024\" height=\"683\" \/><\/p>\n<p>U predstavi iz koje su prisutni mogli pogledati odlomak, uloge tuma\u010de poznati glumci Omar Bajramspahi\u0107, Pavle Popovi\u0107 i Marko Todorovi\u0107. Ovu predstavu je producirala Alternativna teatarska kompanija ATAK, jedna od prvih NVO u Crnoj Gori koja se umjetni\u010dkom produkcijom bavi kroz aktivisti\u010dki pristup.<\/p>\n<p>&#8221;Moj je stav da svaka umjetnost mora biti anga\u017eovana, mo\u017eda ba\u0161 zato \u0161to sam u pozori\u0161tu upravo osjetila tu snagu promjene koje dru\u0161tvo mo\u017ee u\u010diniti boljim&#8221;, zaklju\u010dila je Dragana.<\/p>\n<p><img loading=\"lazy\" decoding=\"async\" class=\"alignnone size-large wp-image-25610\" src=\"https:\/\/evropskakuca.me\/wp-content\/uploads\/2023\/06\/Katarina-Kastratovic-1024x683.jpg\" alt=\"\" width=\"1024\" height=\"683\" \/><\/p>\n<p>Da filmska umjetnost pomjera granice, uvjerili smo se tokom projekcije filma <em>Je\u010dam \u017eela<\/em>. <strong>Katarina Kastratovi\u0107<\/strong>, producentkinja filma, podijelila je specifi\u010dnosti iskustva snimanja filma tokom pandemije.<\/p>\n<p>Putovanje kroz kvir umjetnost, zavr\u0161ili smo nastupom DJ dua &#8211; <strong>Bizzar Duo<\/strong>.<\/p>\n<p><img loading=\"lazy\" decoding=\"async\" class=\"alignnone size-large wp-image-25608\" src=\"https:\/\/evropskakuca.me\/wp-content\/uploads\/2023\/06\/Bizzar-Duo-1024x683.jpg\" alt=\"\" width=\"1024\" height=\"683\" \/><\/p>\n","protected":false},"excerpt":{"rendered":"<p>Evropska ku\u0107a i Queer Montenegro obilje\u017eili Mjesec ponosa Kulturno ve\u010de posve\u0107eno kvir umjetnosti &#8221;Kvirovanje, e desilo se&#8221; organizovano je u Evropskoj ku\u0107i, povodom Mjeseca ponosa. Kako izgleda crnogorska aktivna kvir umjetnost? Da li znate ko je napisao prvi lezbijski roman u Crnoj Gori? Odgovore na ova pitanja donose Evropska ku\u0107a i LGBTIQ asocijacija Queer Montenegro. [&hellip;]<\/p>\n","protected":false},"author":1,"featured_media":39229,"comment_status":"closed","ping_status":"closed","sticky":false,"template":"","format":"standard","meta":{"_acf_changed":false,"footnotes":""},"categories":[],"tags":[],"class_list":["post-25607","post","type-post","status-publish","format-standard","has-post-thumbnail","hentry"],"acf":[],"yoast_head":"<!-- This site is optimized with the Yoast SEO plugin v27.3 - https:\/\/yoast.com\/product\/yoast-seo-wordpress\/ -->\n<title>Kvirovanje u Evropskoj ku\u0107i, e desilo se - Europe House<\/title>\n<meta name=\"robots\" content=\"index, follow, max-snippet:-1, max-image-preview:large, max-video-preview:-1\" \/>\n<link rel=\"canonical\" href=\"https:\/\/www.evropskakuca.me\/me\/kvirovanje-u-evropskoj-kuci-e-desilo-se\/\" \/>\n<meta property=\"og:locale\" content=\"en_US\" \/>\n<meta property=\"og:type\" content=\"article\" \/>\n<meta property=\"og:title\" content=\"Kvirovanje u Evropskoj ku\u0107i, e desilo se - Europe House\" \/>\n<meta property=\"og:description\" content=\"Evropska ku\u0107a i Queer Montenegro obilje\u017eili Mjesec ponosa Kulturno ve\u010de posve\u0107eno kvir umjetnosti &#8221;Kvirovanje, e desilo se&#8221; organizovano je u Evropskoj ku\u0107i, povodom Mjeseca ponosa. Kako izgleda crnogorska aktivna kvir umjetnost? Da li znate ko je napisao prvi lezbijski roman u Crnoj Gori? Odgovore na ova pitanja donose Evropska ku\u0107a i LGBTIQ asocijacija Queer Montenegro. [&hellip;]\" \/>\n<meta property=\"og:url\" content=\"https:\/\/www.evropskakuca.me\/me\/kvirovanje-u-evropskoj-kuci-e-desilo-se\/\" \/>\n<meta property=\"og:site_name\" content=\"Europe House\" \/>\n<meta property=\"article:publisher\" content=\"https:\/\/www.facebook.com\/evropska.kuca\" \/>\n<meta property=\"article:published_time\" content=\"2023-06-30T11:07:55+00:00\" \/>\n<meta property=\"og:image\" content=\"https:\/\/www.evropskakuca.me\/wp-content\/uploads\/2023\/06\/Bizzar-Duo.jpg\" \/>\n\t<meta property=\"og:image:width\" content=\"2560\" \/>\n\t<meta property=\"og:image:height\" content=\"1707\" \/>\n\t<meta property=\"og:image:type\" content=\"image\/jpeg\" \/>\n<meta name=\"author\" content=\"mkajic\" \/>\n<meta name=\"twitter:card\" content=\"summary_large_image\" \/>\n<meta name=\"twitter:creator\" content=\"@evropska_kuca\" \/>\n<meta name=\"twitter:site\" content=\"@evropska_kuca\" \/>\n<meta name=\"twitter:label1\" content=\"Written by\" \/>\n\t<meta name=\"twitter:data1\" content=\"mkajic\" \/>\n\t<meta name=\"twitter:label2\" content=\"Est. reading time\" \/>\n\t<meta name=\"twitter:data2\" content=\"5 minutes\" \/>\n<script type=\"application\/ld+json\" class=\"yoast-schema-graph\">{\"@context\":\"https:\\\/\\\/schema.org\",\"@graph\":[{\"@type\":\"Article\",\"@id\":\"https:\\\/\\\/www.evropskakuca.me\\\/me\\\/kvirovanje-u-evropskoj-kuci-e-desilo-se\\\/#article\",\"isPartOf\":{\"@id\":\"https:\\\/\\\/www.evropskakuca.me\\\/me\\\/kvirovanje-u-evropskoj-kuci-e-desilo-se\\\/\"},\"author\":{\"name\":\"mkajic\",\"@id\":\"https:\\\/\\\/www.evropskakuca.me\\\/me\\\/#\\\/schema\\\/person\\\/a1d0dcdaefe4a1cd1d60d200ea137ba4\"},\"headline\":\"Kvirovanje u Evropskoj ku\u0107i, e desilo se\",\"datePublished\":\"2023-06-30T11:07:55+00:00\",\"mainEntityOfPage\":{\"@id\":\"https:\\\/\\\/www.evropskakuca.me\\\/me\\\/kvirovanje-u-evropskoj-kuci-e-desilo-se\\\/\"},\"wordCount\":794,\"publisher\":{\"@id\":\"https:\\\/\\\/www.evropskakuca.me\\\/me\\\/#organization\"},\"image\":{\"@id\":\"https:\\\/\\\/www.evropskakuca.me\\\/me\\\/kvirovanje-u-evropskoj-kuci-e-desilo-se\\\/#primaryimage\"},\"thumbnailUrl\":\"https:\\\/\\\/www.evropskakuca.me\\\/wp-content\\\/uploads\\\/2023\\\/06\\\/Bizzar-Duo.jpg\",\"inLanguage\":\"me-ME\"},{\"@type\":\"WebPage\",\"@id\":\"https:\\\/\\\/www.evropskakuca.me\\\/me\\\/kvirovanje-u-evropskoj-kuci-e-desilo-se\\\/\",\"url\":\"https:\\\/\\\/www.evropskakuca.me\\\/me\\\/kvirovanje-u-evropskoj-kuci-e-desilo-se\\\/\",\"name\":\"Kvirovanje u Evropskoj ku\u0107i, e desilo se - Europe House\",\"isPartOf\":{\"@id\":\"https:\\\/\\\/www.evropskakuca.me\\\/me\\\/#website\"},\"primaryImageOfPage\":{\"@id\":\"https:\\\/\\\/www.evropskakuca.me\\\/me\\\/kvirovanje-u-evropskoj-kuci-e-desilo-se\\\/#primaryimage\"},\"image\":{\"@id\":\"https:\\\/\\\/www.evropskakuca.me\\\/me\\\/kvirovanje-u-evropskoj-kuci-e-desilo-se\\\/#primaryimage\"},\"thumbnailUrl\":\"https:\\\/\\\/www.evropskakuca.me\\\/wp-content\\\/uploads\\\/2023\\\/06\\\/Bizzar-Duo.jpg\",\"datePublished\":\"2023-06-30T11:07:55+00:00\",\"breadcrumb\":{\"@id\":\"https:\\\/\\\/www.evropskakuca.me\\\/me\\\/kvirovanje-u-evropskoj-kuci-e-desilo-se\\\/#breadcrumb\"},\"inLanguage\":\"me-ME\",\"potentialAction\":[{\"@type\":\"ReadAction\",\"target\":[\"https:\\\/\\\/www.evropskakuca.me\\\/me\\\/kvirovanje-u-evropskoj-kuci-e-desilo-se\\\/\"]}]},{\"@type\":\"ImageObject\",\"inLanguage\":\"me-ME\",\"@id\":\"https:\\\/\\\/www.evropskakuca.me\\\/me\\\/kvirovanje-u-evropskoj-kuci-e-desilo-se\\\/#primaryimage\",\"url\":\"https:\\\/\\\/www.evropskakuca.me\\\/wp-content\\\/uploads\\\/2023\\\/06\\\/Bizzar-Duo.jpg\",\"contentUrl\":\"https:\\\/\\\/www.evropskakuca.me\\\/wp-content\\\/uploads\\\/2023\\\/06\\\/Bizzar-Duo.jpg\",\"width\":2560,\"height\":1707},{\"@type\":\"BreadcrumbList\",\"@id\":\"https:\\\/\\\/www.evropskakuca.me\\\/me\\\/kvirovanje-u-evropskoj-kuci-e-desilo-se\\\/#breadcrumb\",\"itemListElement\":[{\"@type\":\"ListItem\",\"position\":1,\"name\":\"Home\",\"item\":\"https:\\\/\\\/www.evropskakuca.me\\\/me\\\/\"},{\"@type\":\"ListItem\",\"position\":2,\"name\":\"Kvirovanje u Evropskoj ku\u0107i, e desilo se\"}]},{\"@type\":\"WebSite\",\"@id\":\"https:\\\/\\\/www.evropskakuca.me\\\/me\\\/#website\",\"url\":\"https:\\\/\\\/www.evropskakuca.me\\\/me\\\/\",\"name\":\"Evropean house\",\"description\":\"\",\"publisher\":{\"@id\":\"https:\\\/\\\/www.evropskakuca.me\\\/me\\\/#organization\"},\"potentialAction\":[{\"@type\":\"SearchAction\",\"target\":{\"@type\":\"EntryPoint\",\"urlTemplate\":\"https:\\\/\\\/www.evropskakuca.me\\\/me\\\/?s={search_term_string}\"},\"query-input\":{\"@type\":\"PropertyValueSpecification\",\"valueRequired\":true,\"valueName\":\"search_term_string\"}}],\"inLanguage\":\"me-ME\"},{\"@type\":\"Organization\",\"@id\":\"https:\\\/\\\/www.evropskakuca.me\\\/me\\\/#organization\",\"name\":\"Evropean house\",\"url\":\"https:\\\/\\\/www.evropskakuca.me\\\/me\\\/\",\"logo\":{\"@type\":\"ImageObject\",\"inLanguage\":\"me-ME\",\"@id\":\"https:\\\/\\\/www.evropskakuca.me\\\/me\\\/#\\\/schema\\\/logo\\\/image\\\/\",\"url\":\"https:\\\/\\\/www.evropskakuca.me\\\/wp-content\\\/uploads\\\/2025\\\/01\\\/evropska-kuca-logo-1.png\",\"contentUrl\":\"https:\\\/\\\/www.evropskakuca.me\\\/wp-content\\\/uploads\\\/2025\\\/01\\\/evropska-kuca-logo-1.png\",\"width\":425,\"height\":312,\"caption\":\"Evropean house\"},\"image\":{\"@id\":\"https:\\\/\\\/www.evropskakuca.me\\\/me\\\/#\\\/schema\\\/logo\\\/image\\\/\"},\"sameAs\":[\"https:\\\/\\\/www.facebook.com\\\/evropska.kuca\",\"https:\\\/\\\/x.com\\\/evropska_kuca\",\"https:\\\/\\\/www.instagram.com\\\/evropska_kuca\"]},{\"@type\":\"Person\",\"@id\":\"https:\\\/\\\/www.evropskakuca.me\\\/me\\\/#\\\/schema\\\/person\\\/a1d0dcdaefe4a1cd1d60d200ea137ba4\",\"name\":\"mkajic\",\"image\":{\"@type\":\"ImageObject\",\"inLanguage\":\"me-ME\",\"@id\":\"https:\\\/\\\/secure.gravatar.com\\\/avatar\\\/731fa035cefab7316e6bafd1f25a93fb731a07de14e2d9923f8db4422628eabc?s=96&d=mm&r=g\",\"url\":\"https:\\\/\\\/secure.gravatar.com\\\/avatar\\\/731fa035cefab7316e6bafd1f25a93fb731a07de14e2d9923f8db4422628eabc?s=96&d=mm&r=g\",\"contentUrl\":\"https:\\\/\\\/secure.gravatar.com\\\/avatar\\\/731fa035cefab7316e6bafd1f25a93fb731a07de14e2d9923f8db4422628eabc?s=96&d=mm&r=g\",\"caption\":\"mkajic\"},\"sameAs\":[\"https:\\\/\\\/evropskakuca.me\"],\"url\":\"https:\\\/\\\/www.evropskakuca.me\\\/me\\\/author\\\/mkajic\\\/\"}]}<\/script>\n<!-- \/ Yoast SEO plugin. -->","yoast_head_json":{"title":"Kvirovanje u Evropskoj ku\u0107i, e desilo se - Europe House","robots":{"index":"index","follow":"follow","max-snippet":"max-snippet:-1","max-image-preview":"max-image-preview:large","max-video-preview":"max-video-preview:-1"},"canonical":"https:\/\/www.evropskakuca.me\/me\/kvirovanje-u-evropskoj-kuci-e-desilo-se\/","og_locale":"en_US","og_type":"article","og_title":"Kvirovanje u Evropskoj ku\u0107i, e desilo se - Europe House","og_description":"Evropska ku\u0107a i Queer Montenegro obilje\u017eili Mjesec ponosa Kulturno ve\u010de posve\u0107eno kvir umjetnosti &#8221;Kvirovanje, e desilo se&#8221; organizovano je u Evropskoj ku\u0107i, povodom Mjeseca ponosa. Kako izgleda crnogorska aktivna kvir umjetnost? Da li znate ko je napisao prvi lezbijski roman u Crnoj Gori? Odgovore na ova pitanja donose Evropska ku\u0107a i LGBTIQ asocijacija Queer Montenegro. [&hellip;]","og_url":"https:\/\/www.evropskakuca.me\/me\/kvirovanje-u-evropskoj-kuci-e-desilo-se\/","og_site_name":"Europe House","article_publisher":"https:\/\/www.facebook.com\/evropska.kuca","article_published_time":"2023-06-30T11:07:55+00:00","og_image":[{"width":2560,"height":1707,"url":"https:\/\/www.evropskakuca.me\/wp-content\/uploads\/2023\/06\/Bizzar-Duo.jpg","type":"image\/jpeg"}],"author":"mkajic","twitter_card":"summary_large_image","twitter_creator":"@evropska_kuca","twitter_site":"@evropska_kuca","twitter_misc":{"Written by":"mkajic","Est. reading time":"5 minutes"},"schema":{"@context":"https:\/\/schema.org","@graph":[{"@type":"Article","@id":"https:\/\/www.evropskakuca.me\/me\/kvirovanje-u-evropskoj-kuci-e-desilo-se\/#article","isPartOf":{"@id":"https:\/\/www.evropskakuca.me\/me\/kvirovanje-u-evropskoj-kuci-e-desilo-se\/"},"author":{"name":"mkajic","@id":"https:\/\/www.evropskakuca.me\/me\/#\/schema\/person\/a1d0dcdaefe4a1cd1d60d200ea137ba4"},"headline":"Kvirovanje u Evropskoj ku\u0107i, e desilo se","datePublished":"2023-06-30T11:07:55+00:00","mainEntityOfPage":{"@id":"https:\/\/www.evropskakuca.me\/me\/kvirovanje-u-evropskoj-kuci-e-desilo-se\/"},"wordCount":794,"publisher":{"@id":"https:\/\/www.evropskakuca.me\/me\/#organization"},"image":{"@id":"https:\/\/www.evropskakuca.me\/me\/kvirovanje-u-evropskoj-kuci-e-desilo-se\/#primaryimage"},"thumbnailUrl":"https:\/\/www.evropskakuca.me\/wp-content\/uploads\/2023\/06\/Bizzar-Duo.jpg","inLanguage":"me-ME"},{"@type":"WebPage","@id":"https:\/\/www.evropskakuca.me\/me\/kvirovanje-u-evropskoj-kuci-e-desilo-se\/","url":"https:\/\/www.evropskakuca.me\/me\/kvirovanje-u-evropskoj-kuci-e-desilo-se\/","name":"Kvirovanje u Evropskoj ku\u0107i, e desilo se - Europe House","isPartOf":{"@id":"https:\/\/www.evropskakuca.me\/me\/#website"},"primaryImageOfPage":{"@id":"https:\/\/www.evropskakuca.me\/me\/kvirovanje-u-evropskoj-kuci-e-desilo-se\/#primaryimage"},"image":{"@id":"https:\/\/www.evropskakuca.me\/me\/kvirovanje-u-evropskoj-kuci-e-desilo-se\/#primaryimage"},"thumbnailUrl":"https:\/\/www.evropskakuca.me\/wp-content\/uploads\/2023\/06\/Bizzar-Duo.jpg","datePublished":"2023-06-30T11:07:55+00:00","breadcrumb":{"@id":"https:\/\/www.evropskakuca.me\/me\/kvirovanje-u-evropskoj-kuci-e-desilo-se\/#breadcrumb"},"inLanguage":"me-ME","potentialAction":[{"@type":"ReadAction","target":["https:\/\/www.evropskakuca.me\/me\/kvirovanje-u-evropskoj-kuci-e-desilo-se\/"]}]},{"@type":"ImageObject","inLanguage":"me-ME","@id":"https:\/\/www.evropskakuca.me\/me\/kvirovanje-u-evropskoj-kuci-e-desilo-se\/#primaryimage","url":"https:\/\/www.evropskakuca.me\/wp-content\/uploads\/2023\/06\/Bizzar-Duo.jpg","contentUrl":"https:\/\/www.evropskakuca.me\/wp-content\/uploads\/2023\/06\/Bizzar-Duo.jpg","width":2560,"height":1707},{"@type":"BreadcrumbList","@id":"https:\/\/www.evropskakuca.me\/me\/kvirovanje-u-evropskoj-kuci-e-desilo-se\/#breadcrumb","itemListElement":[{"@type":"ListItem","position":1,"name":"Home","item":"https:\/\/www.evropskakuca.me\/me\/"},{"@type":"ListItem","position":2,"name":"Kvirovanje u Evropskoj ku\u0107i, e desilo se"}]},{"@type":"WebSite","@id":"https:\/\/www.evropskakuca.me\/me\/#website","url":"https:\/\/www.evropskakuca.me\/me\/","name":"Evropean house","description":"","publisher":{"@id":"https:\/\/www.evropskakuca.me\/me\/#organization"},"potentialAction":[{"@type":"SearchAction","target":{"@type":"EntryPoint","urlTemplate":"https:\/\/www.evropskakuca.me\/me\/?s={search_term_string}"},"query-input":{"@type":"PropertyValueSpecification","valueRequired":true,"valueName":"search_term_string"}}],"inLanguage":"me-ME"},{"@type":"Organization","@id":"https:\/\/www.evropskakuca.me\/me\/#organization","name":"Evropean house","url":"https:\/\/www.evropskakuca.me\/me\/","logo":{"@type":"ImageObject","inLanguage":"me-ME","@id":"https:\/\/www.evropskakuca.me\/me\/#\/schema\/logo\/image\/","url":"https:\/\/www.evropskakuca.me\/wp-content\/uploads\/2025\/01\/evropska-kuca-logo-1.png","contentUrl":"https:\/\/www.evropskakuca.me\/wp-content\/uploads\/2025\/01\/evropska-kuca-logo-1.png","width":425,"height":312,"caption":"Evropean house"},"image":{"@id":"https:\/\/www.evropskakuca.me\/me\/#\/schema\/logo\/image\/"},"sameAs":["https:\/\/www.facebook.com\/evropska.kuca","https:\/\/x.com\/evropska_kuca","https:\/\/www.instagram.com\/evropska_kuca"]},{"@type":"Person","@id":"https:\/\/www.evropskakuca.me\/me\/#\/schema\/person\/a1d0dcdaefe4a1cd1d60d200ea137ba4","name":"mkajic","image":{"@type":"ImageObject","inLanguage":"me-ME","@id":"https:\/\/secure.gravatar.com\/avatar\/731fa035cefab7316e6bafd1f25a93fb731a07de14e2d9923f8db4422628eabc?s=96&d=mm&r=g","url":"https:\/\/secure.gravatar.com\/avatar\/731fa035cefab7316e6bafd1f25a93fb731a07de14e2d9923f8db4422628eabc?s=96&d=mm&r=g","contentUrl":"https:\/\/secure.gravatar.com\/avatar\/731fa035cefab7316e6bafd1f25a93fb731a07de14e2d9923f8db4422628eabc?s=96&d=mm&r=g","caption":"mkajic"},"sameAs":["https:\/\/evropskakuca.me"],"url":"https:\/\/www.evropskakuca.me\/me\/author\/mkajic\/"}]}},"_links":{"self":[{"href":"https:\/\/www.evropskakuca.me\/me\/wp-json\/wp\/v2\/posts\/25607","targetHints":{"allow":["GET"]}}],"collection":[{"href":"https:\/\/www.evropskakuca.me\/me\/wp-json\/wp\/v2\/posts"}],"about":[{"href":"https:\/\/www.evropskakuca.me\/me\/wp-json\/wp\/v2\/types\/post"}],"author":[{"embeddable":true,"href":"https:\/\/www.evropskakuca.me\/me\/wp-json\/wp\/v2\/users\/1"}],"replies":[{"embeddable":true,"href":"https:\/\/www.evropskakuca.me\/me\/wp-json\/wp\/v2\/comments?post=25607"}],"version-history":[{"count":0,"href":"https:\/\/www.evropskakuca.me\/me\/wp-json\/wp\/v2\/posts\/25607\/revisions"}],"wp:featuredmedia":[{"embeddable":true,"href":"https:\/\/www.evropskakuca.me\/me\/wp-json\/wp\/v2\/media\/39229"}],"wp:attachment":[{"href":"https:\/\/www.evropskakuca.me\/me\/wp-json\/wp\/v2\/media?parent=25607"}],"wp:term":[{"taxonomy":"category","embeddable":true,"href":"https:\/\/www.evropskakuca.me\/me\/wp-json\/wp\/v2\/categories?post=25607"},{"taxonomy":"post_tag","embeddable":true,"href":"https:\/\/www.evropskakuca.me\/me\/wp-json\/wp\/v2\/tags?post=25607"}],"curies":[{"name":"wp","href":"https:\/\/api.w.org\/{rel}","templated":true}]}}