{"id":25550,"date":"2023-06-27T14:43:13","date_gmt":"2023-06-27T14:43:13","guid":{"rendered":"https:\/\/evropskakuca.me\/?p=25550"},"modified":"2023-06-27T14:43:13","modified_gmt":"2023-06-27T14:43:13","slug":"odrzan-karavan-preduzetnistva-u-evropskoj-kuci","status":"publish","type":"post","link":"https:\/\/www.evropskakuca.me\/me\/odrzan-karavan-preduzetnistva-u-evropskoj-kuci\/","title":{"rendered":"Odr\u017ean &#8221;Karavan preduzetni\u0161tva&#8221; u Evropskoj ku\u0107i"},"content":{"rendered":"<p><strong>Evropska unija u Crnoj Gori<\/strong> i <strong>Privredna komora Crne Gore<\/strong> organizovale su doga\u0111aj &#8220;Karavan preduzetni\u0161tva&#8221; u Evropskoj ku\u0107i, kako bi obilje\u017eili Dan mikro, malih i srednjih preduze\u0107a (MMSP).<\/p>\n<p>&#8221;Evropska unija \u017eeli da podr\u017ei crnogorske preduzetnike i da pomogne u stvaranju povoljnijeg poslovnog okru\u017eenja. EU je osmislila niz programa podr\u0161ke poslovnoj zajednici, uklju\u010duju\u0107i bespovratne grantove, zajmove i garancije. Ekonomski i investicioni plan EU ima za cilj da obezbijedi 9 milijardi eura bespovratnih sredstava za region Zapadnog Balkana, a Crna Gora \u0107e biti va\u017ean dio toga&#8221;, poru\u010dio je zamjenik ambasadorke EU u Crnoj Gori <strong>Rikardo Seri<\/strong>.<\/p>\n<p><img fetchpriority=\"high\" decoding=\"async\" class=\"alignnone size-large wp-image-25551\" src=\"https:\/\/evropskakuca.me\/wp-content\/uploads\/2023\/06\/FRO_1771-1024x683.jpg\" alt=\"\" width=\"1024\" height=\"683\" \/><\/p>\n<p>Privredna komora Crne Gore je aktivna u implementaciji EU projekata.<\/p>\n<p><img decoding=\"async\" class=\"alignnone size-large wp-image-25555\" src=\"https:\/\/evropskakuca.me\/wp-content\/uploads\/2023\/06\/FRO_1907-1024x683.jpg\" alt=\"\" width=\"1024\" height=\"683\" \/><\/p>\n<p>&#8221;Kroz projektne aktivnosti radimo na podizanju kapaciteta MMSP. Jako je va\u017eno da MMSP znaju vi\u0161e o mogu\u0107nostima koje pru\u017eaju evropski programi zato PKCG ve\u0107 tri godine, uz podr\u0161ku EU, organizuje <em><strong>Sajam EU projekata<\/strong><\/em>. Sajam \u0107e se ove godine odr\u017eati u septembru&#8221;, istakla je <strong>Tanja Radusinovi\u0107<\/strong> iz Privredne komore Crne Gore.<\/p>\n\n<blockquote><p>Na doga\u0111aju su predstavljene mogu\u0107nosti za MMSP u okviru vi\u0161e programa Evropske unije (EU).<\/p><\/blockquote>\n<p>&nbsp;<\/p>\n<p><strong>Du\u0161an Polovi\u0107<\/strong> iz Ministarstva javne uprave predstavio je program <strong>Digitalna Evropa<\/strong>. &#8221;Digitalna Evropa je novi program EU fokusiran na uvo\u0111enje digitalne tehnologije u javnu upravu, za gra\u0111ane i za privredu&#8221;, kazao je Polovi\u0107.<\/p>\n<p><img decoding=\"async\" class=\"alignnone size-large wp-image-25569\" src=\"https:\/\/evropskakuca.me\/wp-content\/uploads\/2023\/06\/FRO_1948-1024x683.jpg\" alt=\"\" width=\"1024\" height=\"683\" \/><\/p>\n<p>Vi\u0161e o mogu\u0107nostima koje nudi EU u partnerstvu sa Evropskom bankom za obnovu i razvoj (EBRD), u\u010desnici su mogli da \u010duju od predstavnika EBRD, <strong>Matije Dautovi\u0107a<\/strong> i <strong>Selme Demirovi\u0107<\/strong>.<\/p>\n\n<blockquote><p>Program za unapre\u0111enje konkurentnosti malih i srednjih preduze\u0107a (MSP) kombinuje kredite Evropske banke za obnovu i razvoj (EBRD) i bespovratna sredstva koja finansira EU, a koja su kroz partnerstvo sa Crnogorskom komercijalnom bankom (CKB) postala dostupna firmama u Crnoj Gori.<\/p><\/blockquote>\n<p>&#8221;Kroz ovaj program, preduze\u0107a mogu da apliciraju za ulaganje u novu opremu i poslovno osavremenjavanje, koje im mo\u017ee pomoc\u0301i da povec\u0301aju svoju produktivnost, smanje operativne tro\u0161kove i povec\u0301aju energetsku efikasnost i pobolj\u0161aju uskla\u0111enost sa EU standardima&#8221;, rekla je Demirovi\u0107.<\/p>\n<p>&nbsp;<\/p>\n<p>Preduze\u0107ima je na raspolaganju i program <strong>Savjeti za mala preduze\u0107a<\/strong>, u cilju unapre\u0111enja njihovog poslovanja.<\/p>\n<p>&#8221;Ovaj program, EBRD u Crnoj Gori sprovodi od 2002. godine i do sada su podr\u017eali preko 800 preduze\u0107a da unaprijede svoj biznis. Putem ovog programa, EBRD tako\u0111e organizuje brojne obuke za preduze\u0107a i konsultante na razli\u010dite teme&#8221;, istakao je Dautovi\u0107.<\/p>\n<p><img loading=\"lazy\" decoding=\"async\" class=\"alignnone size-large wp-image-25577\" src=\"https:\/\/evropskakuca.me\/wp-content\/uploads\/2023\/06\/FRO_2126-1024x683.jpg\" alt=\"\" width=\"1024\" height=\"683\" \/><\/p>\n<blockquote><p>Jedan od programa koji je predstavljen je i <strong>ERASMUS<\/strong> za mlade preduzetnike, program razmjene za preduzetnike, koji pru\u017ea priliku novim, odnosno potencijalnim preduzetnicima, da razvijaju poslovne ideje u\u010de\u0107i od iskusnih preduzetnika o vo\u0111enju biznisa.<\/p><\/blockquote>\n<p>Prema rije\u010dima <strong>Kerima Me\u0111edovi\u0107a<\/strong> iz Agencije za lokalnu demokratiju, Erasmus se realizuje na teritoriji 45 zemalja &#8211; 26 zemalja EU, Albanije, Jermenije, Bosne i Hercegovine, Islanda, Kosova, Moldavije, Crne Gore, Sjeverne Makedonije, Srbije, Turske i Ukrajine.<\/p>\n<p><img loading=\"lazy\" decoding=\"async\" class=\"alignnone size-large wp-image-25579\" src=\"https:\/\/evropskakuca.me\/wp-content\/uploads\/2023\/06\/FRO_2195-1024x683.jpg\" alt=\"\" width=\"1024\" height=\"683\" \/><\/p>\n<p>Na raspolaganju je i program<strong> Jedinstvenog tr\u017ei\u0161ta \u2013\u00a0Single Market<\/strong>,\u00a0koji predstavlja va\u017ean mehanizam podr\u0161ke za MSP.<\/p>\n<p>&nbsp;<\/p>\n<blockquote><p>Crna Gora je prva dr\u017eava Zapadnog Balkana koja se pridru\u017eila ovom programu vrijednom 4,2 milijarde eura<\/p><\/blockquote>\n<p>&nbsp;<\/p>\n<p>Direktorica Biznis\u00a0start centra, <strong>Ivana Toma\u0161evi\u0107<\/strong>, predstavila je Evropsku mre\u017eu preduzetni\u0161tva, koja je aktivna u okviru programa Jedinstvenog tr\u017ei\u0161ta. Ona pru\u017ea pomo\u0107 preduze\u0107ima u inoviranju i \u0161irenju poslovanja na me\u0111unarodna tr\u017ei\u0161ta.<\/p>\n<p><img loading=\"lazy\" decoding=\"async\" class=\"alignnone size-large wp-image-25581\" src=\"https:\/\/evropskakuca.me\/wp-content\/uploads\/2023\/06\/FRO_2165-1024x683.jpg\" alt=\"\" width=\"1024\" height=\"683\" \/><\/p>\n<p>&#8221;To je najve\u0107a svjetska mre\u017ea podr\u0161ke malim i srednjim preduze\u0107ima&#8221;, istakla je Toma\u0161evi\u0107.<\/p>\n<p>&nbsp;<\/p>\n<p>Pored toga, Ministarstvo nauke i tehnolo\u0161kog razvoja sprovodi programske linije za podr\u0161ku u\u010de\u0161\u0107u u me\u0111unarodnim programima za podr\u0161ku inovacijama, koje je predstavila <strong>Savica Vuji\u010di\u0107<\/strong>.<\/p>\n<p><img loading=\"lazy\" decoding=\"async\" class=\"alignnone size-large wp-image-25583\" src=\"https:\/\/evropskakuca.me\/wp-content\/uploads\/2023\/06\/FRO_2250-1024x683.jpg\" alt=\"\" width=\"1024\" height=\"683\" \/><\/p>\n<p>Rije\u010d je o podr\u0161ci za u\u010de\u0161\u0107e u stubu III Inovativna Evropa EU Okvirnog programa za istra\u017eivanja i inovacije Horizont Evropa. Ministarstvo nauke i tehnolo\u0161kog razvoja za ovu godinu je izdvojilo 50 hiljada EUR za nove projekte u okviru ove programske linije.<\/p>\n<p>&#8221;Cilj je da se putem ovog segmenta konkursa sufinansiraju pripremne aktivnosti za podno\u0161enje projektnih prijava, kako bi se podstaklo u\u010de\u0161\u0107e crnogorskih institucija u ovom izuzetno konkurentnom i najve\u0107em EU programu za istra\u017eivanja i inovacije&#8221;, istakla je Vuji\u010di\u0107.<\/p>\n<p>Dogadjaj posve\u0107en programima EU za MMSP smo zaklju\u010dili sa uspje\u0161nim pri\u010dama korisnika koje su u\u010desnici imali priliku da \u010duju iz prve ruke.<\/p>\n<p>&nbsp;<\/p>\n<p>&nbsp;<\/p>\n<p>&nbsp;<\/p>\n<p>&nbsp;<\/p>\n","protected":false},"excerpt":{"rendered":"<p>Evropska unija u Crnoj Gori i Privredna komora Crne Gore organizovale su doga\u0111aj &#8220;Karavan preduzetni\u0161tva&#8221; u Evropskoj ku\u0107i, kako bi obilje\u017eili Dan mikro, malih i srednjih preduze\u0107a (MMSP). &#8221;Evropska unija \u017eeli da podr\u017ei crnogorske preduzetnike i da pomogne u stvaranju povoljnijeg poslovnog okru\u017eenja. EU je osmislila niz programa podr\u0161ke poslovnoj zajednici, uklju\u010duju\u0107i bespovratne grantove, zajmove [&hellip;]<\/p>\n","protected":false},"author":1,"featured_media":39249,"comment_status":"closed","ping_status":"closed","sticky":false,"template":"","format":"standard","meta":{"_acf_changed":false,"footnotes":""},"categories":[],"tags":[],"class_list":["post-25550","post","type-post","status-publish","format-standard","has-post-thumbnail","hentry"],"acf":[],"yoast_head":"<!-- This site is optimized with the Yoast SEO plugin v27.3 - https:\/\/yoast.com\/product\/yoast-seo-wordpress\/ -->\n<title>Odr\u017ean &#039;&#039;Karavan preduzetni\u0161tva&#039;&#039; u Evropskoj ku\u0107i - Europe House<\/title>\n<meta name=\"robots\" content=\"index, follow, max-snippet:-1, max-image-preview:large, max-video-preview:-1\" \/>\n<link rel=\"canonical\" href=\"https:\/\/www.evropskakuca.me\/me\/odrzan-karavan-preduzetnistva-u-evropskoj-kuci\/\" \/>\n<meta property=\"og:locale\" content=\"en_US\" \/>\n<meta property=\"og:type\" content=\"article\" \/>\n<meta property=\"og:title\" content=\"Odr\u017ean &#039;&#039;Karavan preduzetni\u0161tva&#039;&#039; u Evropskoj ku\u0107i - Europe House\" \/>\n<meta property=\"og:description\" content=\"Evropska unija u Crnoj Gori i Privredna komora Crne Gore organizovale su doga\u0111aj &#8220;Karavan preduzetni\u0161tva&#8221; u Evropskoj ku\u0107i, kako bi obilje\u017eili Dan mikro, malih i srednjih preduze\u0107a (MMSP). &#8221;Evropska unija \u017eeli da podr\u017ei crnogorske preduzetnike i da pomogne u stvaranju povoljnijeg poslovnog okru\u017eenja. EU je osmislila niz programa podr\u0161ke poslovnoj zajednici, uklju\u010duju\u0107i bespovratne grantove, zajmove [&hellip;]\" \/>\n<meta property=\"og:url\" content=\"https:\/\/www.evropskakuca.me\/me\/odrzan-karavan-preduzetnistva-u-evropskoj-kuci\/\" \/>\n<meta property=\"og:site_name\" content=\"Europe House\" \/>\n<meta property=\"article:publisher\" content=\"https:\/\/www.facebook.com\/evropska.kuca\" \/>\n<meta property=\"article:published_time\" content=\"2023-06-27T14:43:13+00:00\" \/>\n<meta property=\"og:image\" content=\"https:\/\/www.evropskakuca.me\/wp-content\/uploads\/2023\/06\/FRO_1727.jpg\" \/>\n\t<meta property=\"og:image:width\" content=\"2560\" \/>\n\t<meta property=\"og:image:height\" content=\"1846\" \/>\n\t<meta property=\"og:image:type\" content=\"image\/jpeg\" \/>\n<meta name=\"author\" content=\"mkajic\" \/>\n<meta name=\"twitter:card\" content=\"summary_large_image\" \/>\n<meta name=\"twitter:creator\" content=\"@evropska_kuca\" \/>\n<meta name=\"twitter:site\" content=\"@evropska_kuca\" \/>\n<meta name=\"twitter:label1\" content=\"Written by\" \/>\n\t<meta name=\"twitter:data1\" content=\"mkajic\" \/>\n\t<meta name=\"twitter:label2\" content=\"Est. reading time\" \/>\n\t<meta name=\"twitter:data2\" content=\"5 minutes\" \/>\n<script type=\"application\/ld+json\" class=\"yoast-schema-graph\">{\"@context\":\"https:\\\/\\\/schema.org\",\"@graph\":[{\"@type\":\"Article\",\"@id\":\"https:\\\/\\\/www.evropskakuca.me\\\/me\\\/odrzan-karavan-preduzetnistva-u-evropskoj-kuci\\\/#article\",\"isPartOf\":{\"@id\":\"https:\\\/\\\/www.evropskakuca.me\\\/me\\\/odrzan-karavan-preduzetnistva-u-evropskoj-kuci\\\/\"},\"author\":{\"name\":\"mkajic\",\"@id\":\"https:\\\/\\\/www.evropskakuca.me\\\/me\\\/#\\\/schema\\\/person\\\/a1d0dcdaefe4a1cd1d60d200ea137ba4\"},\"headline\":\"Odr\u017ean &#8221;Karavan preduzetni\u0161tva&#8221; u Evropskoj ku\u0107i\",\"datePublished\":\"2023-06-27T14:43:13+00:00\",\"mainEntityOfPage\":{\"@id\":\"https:\\\/\\\/www.evropskakuca.me\\\/me\\\/odrzan-karavan-preduzetnistva-u-evropskoj-kuci\\\/\"},\"wordCount\":751,\"publisher\":{\"@id\":\"https:\\\/\\\/www.evropskakuca.me\\\/me\\\/#organization\"},\"image\":{\"@id\":\"https:\\\/\\\/www.evropskakuca.me\\\/me\\\/odrzan-karavan-preduzetnistva-u-evropskoj-kuci\\\/#primaryimage\"},\"thumbnailUrl\":\"https:\\\/\\\/www.evropskakuca.me\\\/wp-content\\\/uploads\\\/2023\\\/06\\\/FRO_1727.jpg\",\"inLanguage\":\"me-ME\"},{\"@type\":\"WebPage\",\"@id\":\"https:\\\/\\\/www.evropskakuca.me\\\/me\\\/odrzan-karavan-preduzetnistva-u-evropskoj-kuci\\\/\",\"url\":\"https:\\\/\\\/www.evropskakuca.me\\\/me\\\/odrzan-karavan-preduzetnistva-u-evropskoj-kuci\\\/\",\"name\":\"Odr\u017ean ''Karavan preduzetni\u0161tva'' u Evropskoj ku\u0107i - Europe House\",\"isPartOf\":{\"@id\":\"https:\\\/\\\/www.evropskakuca.me\\\/me\\\/#website\"},\"primaryImageOfPage\":{\"@id\":\"https:\\\/\\\/www.evropskakuca.me\\\/me\\\/odrzan-karavan-preduzetnistva-u-evropskoj-kuci\\\/#primaryimage\"},\"image\":{\"@id\":\"https:\\\/\\\/www.evropskakuca.me\\\/me\\\/odrzan-karavan-preduzetnistva-u-evropskoj-kuci\\\/#primaryimage\"},\"thumbnailUrl\":\"https:\\\/\\\/www.evropskakuca.me\\\/wp-content\\\/uploads\\\/2023\\\/06\\\/FRO_1727.jpg\",\"datePublished\":\"2023-06-27T14:43:13+00:00\",\"breadcrumb\":{\"@id\":\"https:\\\/\\\/www.evropskakuca.me\\\/me\\\/odrzan-karavan-preduzetnistva-u-evropskoj-kuci\\\/#breadcrumb\"},\"inLanguage\":\"me-ME\",\"potentialAction\":[{\"@type\":\"ReadAction\",\"target\":[\"https:\\\/\\\/www.evropskakuca.me\\\/me\\\/odrzan-karavan-preduzetnistva-u-evropskoj-kuci\\\/\"]}]},{\"@type\":\"ImageObject\",\"inLanguage\":\"me-ME\",\"@id\":\"https:\\\/\\\/www.evropskakuca.me\\\/me\\\/odrzan-karavan-preduzetnistva-u-evropskoj-kuci\\\/#primaryimage\",\"url\":\"https:\\\/\\\/www.evropskakuca.me\\\/wp-content\\\/uploads\\\/2023\\\/06\\\/FRO_1727.jpg\",\"contentUrl\":\"https:\\\/\\\/www.evropskakuca.me\\\/wp-content\\\/uploads\\\/2023\\\/06\\\/FRO_1727.jpg\",\"width\":2560,\"height\":1846},{\"@type\":\"BreadcrumbList\",\"@id\":\"https:\\\/\\\/www.evropskakuca.me\\\/me\\\/odrzan-karavan-preduzetnistva-u-evropskoj-kuci\\\/#breadcrumb\",\"itemListElement\":[{\"@type\":\"ListItem\",\"position\":1,\"name\":\"Home\",\"item\":\"https:\\\/\\\/www.evropskakuca.me\\\/me\\\/\"},{\"@type\":\"ListItem\",\"position\":2,\"name\":\"Odr\u017ean &#8221;Karavan preduzetni\u0161tva&#8221; u Evropskoj ku\u0107i\"}]},{\"@type\":\"WebSite\",\"@id\":\"https:\\\/\\\/www.evropskakuca.me\\\/me\\\/#website\",\"url\":\"https:\\\/\\\/www.evropskakuca.me\\\/me\\\/\",\"name\":\"Evropean house\",\"description\":\"\",\"publisher\":{\"@id\":\"https:\\\/\\\/www.evropskakuca.me\\\/me\\\/#organization\"},\"potentialAction\":[{\"@type\":\"SearchAction\",\"target\":{\"@type\":\"EntryPoint\",\"urlTemplate\":\"https:\\\/\\\/www.evropskakuca.me\\\/me\\\/?s={search_term_string}\"},\"query-input\":{\"@type\":\"PropertyValueSpecification\",\"valueRequired\":true,\"valueName\":\"search_term_string\"}}],\"inLanguage\":\"me-ME\"},{\"@type\":\"Organization\",\"@id\":\"https:\\\/\\\/www.evropskakuca.me\\\/me\\\/#organization\",\"name\":\"Evropean house\",\"url\":\"https:\\\/\\\/www.evropskakuca.me\\\/me\\\/\",\"logo\":{\"@type\":\"ImageObject\",\"inLanguage\":\"me-ME\",\"@id\":\"https:\\\/\\\/www.evropskakuca.me\\\/me\\\/#\\\/schema\\\/logo\\\/image\\\/\",\"url\":\"https:\\\/\\\/www.evropskakuca.me\\\/wp-content\\\/uploads\\\/2025\\\/01\\\/evropska-kuca-logo-1.png\",\"contentUrl\":\"https:\\\/\\\/www.evropskakuca.me\\\/wp-content\\\/uploads\\\/2025\\\/01\\\/evropska-kuca-logo-1.png\",\"width\":425,\"height\":312,\"caption\":\"Evropean house\"},\"image\":{\"@id\":\"https:\\\/\\\/www.evropskakuca.me\\\/me\\\/#\\\/schema\\\/logo\\\/image\\\/\"},\"sameAs\":[\"https:\\\/\\\/www.facebook.com\\\/evropska.kuca\",\"https:\\\/\\\/x.com\\\/evropska_kuca\",\"https:\\\/\\\/www.instagram.com\\\/evropska_kuca\"]},{\"@type\":\"Person\",\"@id\":\"https:\\\/\\\/www.evropskakuca.me\\\/me\\\/#\\\/schema\\\/person\\\/a1d0dcdaefe4a1cd1d60d200ea137ba4\",\"name\":\"mkajic\",\"image\":{\"@type\":\"ImageObject\",\"inLanguage\":\"me-ME\",\"@id\":\"https:\\\/\\\/secure.gravatar.com\\\/avatar\\\/731fa035cefab7316e6bafd1f25a93fb731a07de14e2d9923f8db4422628eabc?s=96&d=mm&r=g\",\"url\":\"https:\\\/\\\/secure.gravatar.com\\\/avatar\\\/731fa035cefab7316e6bafd1f25a93fb731a07de14e2d9923f8db4422628eabc?s=96&d=mm&r=g\",\"contentUrl\":\"https:\\\/\\\/secure.gravatar.com\\\/avatar\\\/731fa035cefab7316e6bafd1f25a93fb731a07de14e2d9923f8db4422628eabc?s=96&d=mm&r=g\",\"caption\":\"mkajic\"},\"sameAs\":[\"https:\\\/\\\/evropskakuca.me\"],\"url\":\"https:\\\/\\\/www.evropskakuca.me\\\/me\\\/author\\\/mkajic\\\/\"}]}<\/script>\n<!-- \/ Yoast SEO plugin. -->","yoast_head_json":{"title":"Odr\u017ean ''Karavan preduzetni\u0161tva'' u Evropskoj ku\u0107i - Europe House","robots":{"index":"index","follow":"follow","max-snippet":"max-snippet:-1","max-image-preview":"max-image-preview:large","max-video-preview":"max-video-preview:-1"},"canonical":"https:\/\/www.evropskakuca.me\/me\/odrzan-karavan-preduzetnistva-u-evropskoj-kuci\/","og_locale":"en_US","og_type":"article","og_title":"Odr\u017ean ''Karavan preduzetni\u0161tva'' u Evropskoj ku\u0107i - Europe House","og_description":"Evropska unija u Crnoj Gori i Privredna komora Crne Gore organizovale su doga\u0111aj &#8220;Karavan preduzetni\u0161tva&#8221; u Evropskoj ku\u0107i, kako bi obilje\u017eili Dan mikro, malih i srednjih preduze\u0107a (MMSP). &#8221;Evropska unija \u017eeli da podr\u017ei crnogorske preduzetnike i da pomogne u stvaranju povoljnijeg poslovnog okru\u017eenja. EU je osmislila niz programa podr\u0161ke poslovnoj zajednici, uklju\u010duju\u0107i bespovratne grantove, zajmove [&hellip;]","og_url":"https:\/\/www.evropskakuca.me\/me\/odrzan-karavan-preduzetnistva-u-evropskoj-kuci\/","og_site_name":"Europe House","article_publisher":"https:\/\/www.facebook.com\/evropska.kuca","article_published_time":"2023-06-27T14:43:13+00:00","og_image":[{"width":2560,"height":1846,"url":"https:\/\/www.evropskakuca.me\/wp-content\/uploads\/2023\/06\/FRO_1727.jpg","type":"image\/jpeg"}],"author":"mkajic","twitter_card":"summary_large_image","twitter_creator":"@evropska_kuca","twitter_site":"@evropska_kuca","twitter_misc":{"Written by":"mkajic","Est. reading time":"5 minutes"},"schema":{"@context":"https:\/\/schema.org","@graph":[{"@type":"Article","@id":"https:\/\/www.evropskakuca.me\/me\/odrzan-karavan-preduzetnistva-u-evropskoj-kuci\/#article","isPartOf":{"@id":"https:\/\/www.evropskakuca.me\/me\/odrzan-karavan-preduzetnistva-u-evropskoj-kuci\/"},"author":{"name":"mkajic","@id":"https:\/\/www.evropskakuca.me\/me\/#\/schema\/person\/a1d0dcdaefe4a1cd1d60d200ea137ba4"},"headline":"Odr\u017ean &#8221;Karavan preduzetni\u0161tva&#8221; u Evropskoj ku\u0107i","datePublished":"2023-06-27T14:43:13+00:00","mainEntityOfPage":{"@id":"https:\/\/www.evropskakuca.me\/me\/odrzan-karavan-preduzetnistva-u-evropskoj-kuci\/"},"wordCount":751,"publisher":{"@id":"https:\/\/www.evropskakuca.me\/me\/#organization"},"image":{"@id":"https:\/\/www.evropskakuca.me\/me\/odrzan-karavan-preduzetnistva-u-evropskoj-kuci\/#primaryimage"},"thumbnailUrl":"https:\/\/www.evropskakuca.me\/wp-content\/uploads\/2023\/06\/FRO_1727.jpg","inLanguage":"me-ME"},{"@type":"WebPage","@id":"https:\/\/www.evropskakuca.me\/me\/odrzan-karavan-preduzetnistva-u-evropskoj-kuci\/","url":"https:\/\/www.evropskakuca.me\/me\/odrzan-karavan-preduzetnistva-u-evropskoj-kuci\/","name":"Odr\u017ean ''Karavan preduzetni\u0161tva'' u Evropskoj ku\u0107i - Europe House","isPartOf":{"@id":"https:\/\/www.evropskakuca.me\/me\/#website"},"primaryImageOfPage":{"@id":"https:\/\/www.evropskakuca.me\/me\/odrzan-karavan-preduzetnistva-u-evropskoj-kuci\/#primaryimage"},"image":{"@id":"https:\/\/www.evropskakuca.me\/me\/odrzan-karavan-preduzetnistva-u-evropskoj-kuci\/#primaryimage"},"thumbnailUrl":"https:\/\/www.evropskakuca.me\/wp-content\/uploads\/2023\/06\/FRO_1727.jpg","datePublished":"2023-06-27T14:43:13+00:00","breadcrumb":{"@id":"https:\/\/www.evropskakuca.me\/me\/odrzan-karavan-preduzetnistva-u-evropskoj-kuci\/#breadcrumb"},"inLanguage":"me-ME","potentialAction":[{"@type":"ReadAction","target":["https:\/\/www.evropskakuca.me\/me\/odrzan-karavan-preduzetnistva-u-evropskoj-kuci\/"]}]},{"@type":"ImageObject","inLanguage":"me-ME","@id":"https:\/\/www.evropskakuca.me\/me\/odrzan-karavan-preduzetnistva-u-evropskoj-kuci\/#primaryimage","url":"https:\/\/www.evropskakuca.me\/wp-content\/uploads\/2023\/06\/FRO_1727.jpg","contentUrl":"https:\/\/www.evropskakuca.me\/wp-content\/uploads\/2023\/06\/FRO_1727.jpg","width":2560,"height":1846},{"@type":"BreadcrumbList","@id":"https:\/\/www.evropskakuca.me\/me\/odrzan-karavan-preduzetnistva-u-evropskoj-kuci\/#breadcrumb","itemListElement":[{"@type":"ListItem","position":1,"name":"Home","item":"https:\/\/www.evropskakuca.me\/me\/"},{"@type":"ListItem","position":2,"name":"Odr\u017ean &#8221;Karavan preduzetni\u0161tva&#8221; u Evropskoj ku\u0107i"}]},{"@type":"WebSite","@id":"https:\/\/www.evropskakuca.me\/me\/#website","url":"https:\/\/www.evropskakuca.me\/me\/","name":"Evropean house","description":"","publisher":{"@id":"https:\/\/www.evropskakuca.me\/me\/#organization"},"potentialAction":[{"@type":"SearchAction","target":{"@type":"EntryPoint","urlTemplate":"https:\/\/www.evropskakuca.me\/me\/?s={search_term_string}"},"query-input":{"@type":"PropertyValueSpecification","valueRequired":true,"valueName":"search_term_string"}}],"inLanguage":"me-ME"},{"@type":"Organization","@id":"https:\/\/www.evropskakuca.me\/me\/#organization","name":"Evropean house","url":"https:\/\/www.evropskakuca.me\/me\/","logo":{"@type":"ImageObject","inLanguage":"me-ME","@id":"https:\/\/www.evropskakuca.me\/me\/#\/schema\/logo\/image\/","url":"https:\/\/www.evropskakuca.me\/wp-content\/uploads\/2025\/01\/evropska-kuca-logo-1.png","contentUrl":"https:\/\/www.evropskakuca.me\/wp-content\/uploads\/2025\/01\/evropska-kuca-logo-1.png","width":425,"height":312,"caption":"Evropean house"},"image":{"@id":"https:\/\/www.evropskakuca.me\/me\/#\/schema\/logo\/image\/"},"sameAs":["https:\/\/www.facebook.com\/evropska.kuca","https:\/\/x.com\/evropska_kuca","https:\/\/www.instagram.com\/evropska_kuca"]},{"@type":"Person","@id":"https:\/\/www.evropskakuca.me\/me\/#\/schema\/person\/a1d0dcdaefe4a1cd1d60d200ea137ba4","name":"mkajic","image":{"@type":"ImageObject","inLanguage":"me-ME","@id":"https:\/\/secure.gravatar.com\/avatar\/731fa035cefab7316e6bafd1f25a93fb731a07de14e2d9923f8db4422628eabc?s=96&d=mm&r=g","url":"https:\/\/secure.gravatar.com\/avatar\/731fa035cefab7316e6bafd1f25a93fb731a07de14e2d9923f8db4422628eabc?s=96&d=mm&r=g","contentUrl":"https:\/\/secure.gravatar.com\/avatar\/731fa035cefab7316e6bafd1f25a93fb731a07de14e2d9923f8db4422628eabc?s=96&d=mm&r=g","caption":"mkajic"},"sameAs":["https:\/\/evropskakuca.me"],"url":"https:\/\/www.evropskakuca.me\/me\/author\/mkajic\/"}]}},"_links":{"self":[{"href":"https:\/\/www.evropskakuca.me\/me\/wp-json\/wp\/v2\/posts\/25550","targetHints":{"allow":["GET"]}}],"collection":[{"href":"https:\/\/www.evropskakuca.me\/me\/wp-json\/wp\/v2\/posts"}],"about":[{"href":"https:\/\/www.evropskakuca.me\/me\/wp-json\/wp\/v2\/types\/post"}],"author":[{"embeddable":true,"href":"https:\/\/www.evropskakuca.me\/me\/wp-json\/wp\/v2\/users\/1"}],"replies":[{"embeddable":true,"href":"https:\/\/www.evropskakuca.me\/me\/wp-json\/wp\/v2\/comments?post=25550"}],"version-history":[{"count":0,"href":"https:\/\/www.evropskakuca.me\/me\/wp-json\/wp\/v2\/posts\/25550\/revisions"}],"wp:featuredmedia":[{"embeddable":true,"href":"https:\/\/www.evropskakuca.me\/me\/wp-json\/wp\/v2\/media\/39249"}],"wp:attachment":[{"href":"https:\/\/www.evropskakuca.me\/me\/wp-json\/wp\/v2\/media?parent=25550"}],"wp:term":[{"taxonomy":"category","embeddable":true,"href":"https:\/\/www.evropskakuca.me\/me\/wp-json\/wp\/v2\/categories?post=25550"},{"taxonomy":"post_tag","embeddable":true,"href":"https:\/\/www.evropskakuca.me\/me\/wp-json\/wp\/v2\/tags?post=25550"}],"curies":[{"name":"wp","href":"https:\/\/api.w.org\/{rel}","templated":true}]}}