{"id":25534,"date":"2023-06-26T10:47:44","date_gmt":"2023-06-26T10:47:44","guid":{"rendered":"https:\/\/evropskakuca.me\/?p=25534"},"modified":"2023-06-26T10:47:44","modified_gmt":"2023-06-26T10:47:44","slug":"jasnin-preduzetnicki-poduhvat-igracke-od-prirodnih-materijala","status":"publish","type":"post","link":"https:\/\/www.evropskakuca.me\/me\/jasnin-preduzetnicki-poduhvat-igracke-od-prirodnih-materijala\/","title":{"rendered":"Jasnin preduzetni\u010dki poduhvat: Igra\u010dke od prirodnih materijala"},"content":{"rendered":"<p>Mlada preduzetnica Jasna Radenovi\u0107 iz Plava vodi kreativnu firmu za izgradu ekolo\u0161kih igra\u010daka.<\/p>\n<p>Prije desetak godina, Jasna Radenovi\u0107 iz Plava \u017eeljela je da njena djeca imaju igra\u010dke od prirodnog materijala. Izbor u prodavnicama u Crnoj Gori nije bio bogat, pa je Jasna do\u0161la na ideju da igra\u010dke pravi sama.\u00a0,,Drvo mi je bilo dostupan materijal i po\u010detku sam pravila igra\u010dke za slaganje, a onda sam oblike prilago\u0111avala uzrastu i potrebama moje djece\u201c, pri\u010da Jasna.<\/p>\n<p>Ona se prije dvije godine prijavila za program Zavoda za zapo\u0161ljavanje za pokretanje biznisa koji finansiraju Evropska unija i Vlada Crne Gore, i uz njihovu finansijsku podr\u0161ku pokrenula firmu ,,Tri vuka\u201c.<\/p>\n<p>,,Sad izra\u0111ujem eko igra\u010dke od drveta i tkanine za sve uzraste. Pravimo igra\u010dke za u\u010denje matematike, prvih slova, muzi\u010dkih nota, za upoznavanje sa geografijom. Te igra\u010dke uti\u010du na razvoj motorike i podsti\u010du ma\u0161tu kod djece\u201d, ka\u017ee Jasna.<\/p>\n<p><img fetchpriority=\"high\" decoding=\"async\" class=\"alignnone size-large wp-image-25537\" src=\"https:\/\/evropskakuca.me\/wp-content\/uploads\/2023\/06\/1-16-1024x683.jpg\" alt=\"\" width=\"1024\" height=\"683\" \/><\/p>\n<p>Uz grant Zavoda za zapo\u0161ljavanje, kojim je obezbijedila nabavku ma\u0161ina i potrebnih materijala za proizvodnju, ova preduzetnica dobila je i podr\u0161ku mentora da unaprijedi vje\u0161tine za strate\u0161ko planiranje i marketing. \u00a0Mentorsku podr\u0161ku korisnicama ovog programa pru\u017eila je kancelarija \u00a0UNDP-ja u Crnoj Gori, u okviru regionalnog projekta ,,Inkluzivna tr\u017ei\u0161ta rada na Zapadnom Balkanu\u201c koji finansira <em>Austrijska razvojna agencija<\/em>.<\/p>\n<blockquote><p><a>Kroz ovaj program mentorstva, UNDP je podr\u017eao preko 200 nezaposlenih koji su pokrenuli mikro biznise. Na ovaj na\u010din, ostvaren je doprinos aktivaciji, zapo\u0161ljavanju, lokalnoj ekonomiji i razvoju zajednica, a sve u vrijeme pandemije &#8211; najve\u0107e zdravstvene i ekonomske krize.<\/a><\/p><\/blockquote>\n<p>,,Kao neko bez iskustva u poslovanju nijesam znala na koje proizvode da se fokusiram i kako da se predstavim tr\u017ei\u0161tu i tu sam imala veliku podr\u0161ku mentora\u201d, ka\u017ee Jasna.<\/p>\n<p>Njen mentor Ivan Mali\u0161i\u0107 smatra da je mentorska podr\u0161ka jako va\u017ena za po\u010detnice i po\u010detnike u biznisu jer se tako skra\u0107uje vrijeme koje bi preduzetnici potro\u0161ili tragaju\u0107i za informacijama. ,,Idealno je ako se napravi sinergija izme\u0111u mentora koji ima izvjesno iskustvo u pojedinim djelatnostima i korisnika i da tako zajedno do\u0111u do unapre\u0111enja biznisa, opstanka i daljeg razvoja\u201d, dodaje on.<\/p>\n<p>Uz podsticaj mentora, Jasna je aplicirala za projekat Investiciono-razvojnog fonda. Na konkursu za najbolje investicione projekte za \u017eene u biznisu nedavno je\u00a0<a class=\"ext\" href=\"https:\/\/www.irfcg.me\/me\/2014-03-18-14-49-28\/685-rezultati-javnog-poziva-za-najbolje-investicione-projekete-za-zene-u-biznisu-u-okviru-kampanje-ona-pokrece-biznis.html\" target=\"_blank\" rel=\"noopener noreferrer\" data-extlink=\"\">osvojila prvo mjesto<\/a>\u00a0i sedam hiljada eura bespovratne podr\u0161ke.\u00a0\u201cMnogo mi je zna\u010dila pomo\u0107 mentora u pisanju biznis plana. On me i ubijedio da se prijavim jer je bio siguran da je ideja druga\u010dija i da ima mnogo potencijala\u201d, ka\u017ee Jasna.<\/p>\n<p>Ivan dodaje da je u pitanju djelatnost koja je, prema njegovom mi\u0161ljenju, perfektna.\u00a0,,Nije bilo dileme \u2013 ideja je dobra. Radi se o mladoj preduzetnici, mladoj porodici, \u00a0idealnoj za ovakvu podr\u0161ku i biznis\u201d.<\/p>\n<p><img decoding=\"async\" class=\"alignnone size-large wp-image-25539\" src=\"https:\/\/evropskakuca.me\/wp-content\/uploads\/2023\/06\/1-4-1024x683.jpg\" alt=\"\" width=\"1024\" height=\"683\" \/><\/p>\n<p>Iako bi Jasna \u017eeljela da njeni proizvodi postanu crnogorski brend, svjesna je izazova sa kojima se suo\u010davaju \u017eene preduzetnice u Crnoj Gori.<\/p>\n<p>,,Najte\u017ee je uskladiti privatne i poslovne obaveze. Treba organizovati vrijeme sa tri dje\u010daka koji su u razli\u010ditim uzrastima i sa njihovim \u0161kolskim i van\u0161kolskim aktivnostima i razvijati svoj biznis\u201d, ka\u017ee Jasna.<\/p>\n<p>O tome koliko je va\u017ena podr\u0161ka \u017eenama u biznisu govori podatak da \u017eene u prosjeku potro\u0161e 10 godina svog \u017eivota na nepla\u0107eni rad i njegu u doma\u0107instvu, \u0161to je naro\u010dito postalo vidljivo tokom pandemije COVID-19, kada je rad \u017eena u domenu neplac\u0301enog rada i njege u doma\u0107instvu prema\u0161io rad mu\u0161karaca za 92%. \u00a0Dok je 11% \u017eena izjavilo da obi\u010dno ne obavljaju nikakve poslove u kuc\u0301i, udio mu\u0161karaca koji su prijavili to isto iznosi 42%, pokazalo je\u00a0<a href=\"https:\/\/www.undp.org\/sites\/g\/files\/zskgke326\/files\/migration\/me\/undp-2020-mne-women-contribution-economy-report-mne.pdf\">istra\u017eivanje UNDP-a<\/a>.<\/p>\n<p><img decoding=\"async\" class=\"alignnone size-large wp-image-25541\" src=\"https:\/\/evropskakuca.me\/wp-content\/uploads\/2023\/06\/1_7-1024x683.jpg\" alt=\"\" width=\"1024\" height=\"683\" \/><\/p>\n<p>Smatra i da predrasude o \u017eenama preduzetnicama obeshrabruju one koji se upuste u samostalni biznis.<\/p>\n<p>,,Kada se \u010duje \u017eena direktor, u pozadini to \u010desto povla\u010di pitanje &#8211; mo\u017ee li ona to? Ali ja sam se zalagala da uspijem i prebrodim te predrasude. A i u sistemu nijesam nai\u0161la na neke zna\u010dajne prepreke, \u010dak naprotiv, svi su predusretljivi i bili su mi od pomo\u0107i\u201d.<\/p>\n<p><img loading=\"lazy\" decoding=\"async\" class=\"alignnone size-large wp-image-25543\" src=\"https:\/\/evropskakuca.me\/wp-content\/uploads\/2023\/06\/1-2-1024x683.jpg\" alt=\"\" width=\"1024\" height=\"683\" \/><\/p>\n<p>Iako \u010dine ve\u0107inu stanovni\u0161tva Crne Gore, \u017eene u ekonomskom \u017eivotu nijesu dovoljno vidljive. \u017dene \u010dine 60% svih nezaposlenih u Crnoj Gori. \u00a0Samo \u010detvrtina preduze\u0107a je u vlasni\u0161tvu \u017eena, dok je preduzetnica 32%. Samo 8% zemlji\u0161ta u Crnoj Gori je u vlasni\u0161tvu \u017eena. Bez ekonomskog osna\u017eivanja \u017eena, koje je preduslov za postizanje ravnopravnosti u svim oblastima, nema ni otpornog i prosperitetnog dru\u0161tva, zasnovanog na jednakim \u0161ansama. Stvaranje uslova da \u017eene ostvare svoj potencijal i daju svoj doprinos svim oblastima mora biti jedan od najva\u017enijih razvojnih zadataka dr\u017eave, ali i svake gra\u0111anke i gra\u0111anina.<\/p>\n<p>Jasna zato ohrabruje sve nezaposlene \u017eene da vjeruju u sebe i da se prijave za programe podr\u0161ke preduzetni\u0161tvu.<\/p>\n<p>,,Ako ne poku\u0161ate, ne\u0107ete znati koliko stvarno mo\u017eete, a sigurna sam da \u0107ete dobiti pomo\u0107 i podr\u0161ku od sistema kao \u0161to sam i ja dobila\u201d, poru\u010duje Jasna.<\/p>\n<p><iframe title=\"Jasna Radenovi\u0107, Tri vuka\" width=\"800\" height=\"450\" src=\"https:\/\/www.youtube.com\/embed\/NYkcZFkspk4?feature=oembed\" frameborder=\"0\" allow=\"accelerometer; autoplay; clipboard-write; encrypted-media; gyroscope; picture-in-picture; web-share\" referrerpolicy=\"strict-origin-when-cross-origin\" allowfullscreen><\/iframe><\/p>\n<p><em>Teskt, fotografije i video preuzeti sa sajta: <strong>undp.org<\/strong><\/em><\/p>\n","protected":false},"excerpt":{"rendered":"<p>Mlada preduzetnica Jasna Radenovi\u0107 iz Plava vodi kreativnu firmu za izgradu ekolo\u0161kih igra\u010daka. Prije desetak godina, Jasna Radenovi\u0107 iz Plava \u017eeljela je da njena djeca imaju igra\u010dke od prirodnog materijala. Izbor u prodavnicama u Crnoj Gori nije bio bogat, pa je Jasna do\u0161la na ideju da igra\u010dke pravi sama.\u00a0,,Drvo mi je bilo dostupan materijal i [&hellip;]<\/p>\n","protected":false},"author":1,"featured_media":36304,"comment_status":"closed","ping_status":"closed","sticky":false,"template":"","format":"standard","meta":{"_acf_changed":false,"footnotes":""},"categories":[2],"tags":[],"class_list":["post-25534","post","type-post","status-publish","format-standard","has-post-thumbnail","hentry","category-uncategorized-me"],"acf":[],"yoast_head":"<!-- This site is optimized with the Yoast SEO plugin v27.3 - https:\/\/yoast.com\/product\/yoast-seo-wordpress\/ -->\n<title>Jasnin preduzetni\u010dki poduhvat: Igra\u010dke od prirodnih materijala - Europe House<\/title>\n<meta name=\"robots\" content=\"index, follow, max-snippet:-1, max-image-preview:large, max-video-preview:-1\" \/>\n<link rel=\"canonical\" href=\"https:\/\/www.evropskakuca.me\/me\/jasnin-preduzetnicki-poduhvat-igracke-od-prirodnih-materijala\/\" \/>\n<meta property=\"og:locale\" content=\"en_US\" \/>\n<meta property=\"og:type\" content=\"article\" \/>\n<meta property=\"og:title\" content=\"Jasnin preduzetni\u010dki poduhvat: Igra\u010dke od prirodnih materijala - Europe House\" \/>\n<meta property=\"og:description\" content=\"Mlada preduzetnica Jasna Radenovi\u0107 iz Plava vodi kreativnu firmu za izgradu ekolo\u0161kih igra\u010daka. Prije desetak godina, Jasna Radenovi\u0107 iz Plava \u017eeljela je da njena djeca imaju igra\u010dke od prirodnog materijala. Izbor u prodavnicama u Crnoj Gori nije bio bogat, pa je Jasna do\u0161la na ideju da igra\u010dke pravi sama.\u00a0,,Drvo mi je bilo dostupan materijal i [&hellip;]\" \/>\n<meta property=\"og:url\" content=\"https:\/\/www.evropskakuca.me\/me\/jasnin-preduzetnicki-poduhvat-igracke-od-prirodnih-materijala\/\" \/>\n<meta property=\"og:site_name\" content=\"Europe House\" \/>\n<meta property=\"article:publisher\" content=\"https:\/\/www.facebook.com\/evropska.kuca\" \/>\n<meta property=\"article:published_time\" content=\"2023-06-26T10:47:44+00:00\" \/>\n<meta property=\"og:image\" content=\"https:\/\/www.evropskakuca.me\/wp-content\/uploads\/2021\/06\/1.jpg\" \/>\n\t<meta property=\"og:image:width\" content=\"1600\" \/>\n\t<meta property=\"og:image:height\" content=\"738\" \/>\n\t<meta property=\"og:image:type\" content=\"image\/jpeg\" \/>\n<meta name=\"author\" content=\"mkajic\" \/>\n<meta name=\"twitter:card\" content=\"summary_large_image\" \/>\n<meta name=\"twitter:creator\" content=\"@evropska_kuca\" \/>\n<meta name=\"twitter:site\" content=\"@evropska_kuca\" \/>\n<meta name=\"twitter:label1\" content=\"Written by\" \/>\n\t<meta name=\"twitter:data1\" content=\"mkajic\" \/>\n\t<meta name=\"twitter:label2\" content=\"Est. reading time\" \/>\n\t<meta name=\"twitter:data2\" content=\"5 minutes\" \/>\n<script type=\"application\/ld+json\" class=\"yoast-schema-graph\">{\"@context\":\"https:\\\/\\\/schema.org\",\"@graph\":[{\"@type\":\"Article\",\"@id\":\"https:\\\/\\\/www.evropskakuca.me\\\/me\\\/jasnin-preduzetnicki-poduhvat-igracke-od-prirodnih-materijala\\\/#article\",\"isPartOf\":{\"@id\":\"https:\\\/\\\/www.evropskakuca.me\\\/me\\\/jasnin-preduzetnicki-poduhvat-igracke-od-prirodnih-materijala\\\/\"},\"author\":{\"name\":\"mkajic\",\"@id\":\"https:\\\/\\\/www.evropskakuca.me\\\/me\\\/#\\\/schema\\\/person\\\/a1d0dcdaefe4a1cd1d60d200ea137ba4\"},\"headline\":\"Jasnin preduzetni\u010dki poduhvat: Igra\u010dke od prirodnih materijala\",\"datePublished\":\"2023-06-26T10:47:44+00:00\",\"mainEntityOfPage\":{\"@id\":\"https:\\\/\\\/www.evropskakuca.me\\\/me\\\/jasnin-preduzetnicki-poduhvat-igracke-od-prirodnih-materijala\\\/\"},\"wordCount\":866,\"publisher\":{\"@id\":\"https:\\\/\\\/www.evropskakuca.me\\\/me\\\/#organization\"},\"image\":{\"@id\":\"https:\\\/\\\/www.evropskakuca.me\\\/me\\\/jasnin-preduzetnicki-poduhvat-igracke-od-prirodnih-materijala\\\/#primaryimage\"},\"thumbnailUrl\":\"https:\\\/\\\/www.evropskakuca.me\\\/wp-content\\\/uploads\\\/2021\\\/06\\\/1.jpg\",\"articleSection\":[\"Uncategorized @me\"],\"inLanguage\":\"me-ME\"},{\"@type\":\"WebPage\",\"@id\":\"https:\\\/\\\/www.evropskakuca.me\\\/me\\\/jasnin-preduzetnicki-poduhvat-igracke-od-prirodnih-materijala\\\/\",\"url\":\"https:\\\/\\\/www.evropskakuca.me\\\/me\\\/jasnin-preduzetnicki-poduhvat-igracke-od-prirodnih-materijala\\\/\",\"name\":\"Jasnin preduzetni\u010dki poduhvat: Igra\u010dke od prirodnih materijala - Europe House\",\"isPartOf\":{\"@id\":\"https:\\\/\\\/www.evropskakuca.me\\\/me\\\/#website\"},\"primaryImageOfPage\":{\"@id\":\"https:\\\/\\\/www.evropskakuca.me\\\/me\\\/jasnin-preduzetnicki-poduhvat-igracke-od-prirodnih-materijala\\\/#primaryimage\"},\"image\":{\"@id\":\"https:\\\/\\\/www.evropskakuca.me\\\/me\\\/jasnin-preduzetnicki-poduhvat-igracke-od-prirodnih-materijala\\\/#primaryimage\"},\"thumbnailUrl\":\"https:\\\/\\\/www.evropskakuca.me\\\/wp-content\\\/uploads\\\/2021\\\/06\\\/1.jpg\",\"datePublished\":\"2023-06-26T10:47:44+00:00\",\"breadcrumb\":{\"@id\":\"https:\\\/\\\/www.evropskakuca.me\\\/me\\\/jasnin-preduzetnicki-poduhvat-igracke-od-prirodnih-materijala\\\/#breadcrumb\"},\"inLanguage\":\"me-ME\",\"potentialAction\":[{\"@type\":\"ReadAction\",\"target\":[\"https:\\\/\\\/www.evropskakuca.me\\\/me\\\/jasnin-preduzetnicki-poduhvat-igracke-od-prirodnih-materijala\\\/\"]}]},{\"@type\":\"ImageObject\",\"inLanguage\":\"me-ME\",\"@id\":\"https:\\\/\\\/www.evropskakuca.me\\\/me\\\/jasnin-preduzetnicki-poduhvat-igracke-od-prirodnih-materijala\\\/#primaryimage\",\"url\":\"https:\\\/\\\/www.evropskakuca.me\\\/wp-content\\\/uploads\\\/2021\\\/06\\\/1.jpg\",\"contentUrl\":\"https:\\\/\\\/www.evropskakuca.me\\\/wp-content\\\/uploads\\\/2021\\\/06\\\/1.jpg\",\"width\":1600,\"height\":738},{\"@type\":\"BreadcrumbList\",\"@id\":\"https:\\\/\\\/www.evropskakuca.me\\\/me\\\/jasnin-preduzetnicki-poduhvat-igracke-od-prirodnih-materijala\\\/#breadcrumb\",\"itemListElement\":[{\"@type\":\"ListItem\",\"position\":1,\"name\":\"Home\",\"item\":\"https:\\\/\\\/www.evropskakuca.me\\\/me\\\/\"},{\"@type\":\"ListItem\",\"position\":2,\"name\":\"Jasnin preduzetni\u010dki poduhvat: Igra\u010dke od prirodnih materijala\"}]},{\"@type\":\"WebSite\",\"@id\":\"https:\\\/\\\/www.evropskakuca.me\\\/me\\\/#website\",\"url\":\"https:\\\/\\\/www.evropskakuca.me\\\/me\\\/\",\"name\":\"Evropean house\",\"description\":\"\",\"publisher\":{\"@id\":\"https:\\\/\\\/www.evropskakuca.me\\\/me\\\/#organization\"},\"potentialAction\":[{\"@type\":\"SearchAction\",\"target\":{\"@type\":\"EntryPoint\",\"urlTemplate\":\"https:\\\/\\\/www.evropskakuca.me\\\/me\\\/?s={search_term_string}\"},\"query-input\":{\"@type\":\"PropertyValueSpecification\",\"valueRequired\":true,\"valueName\":\"search_term_string\"}}],\"inLanguage\":\"me-ME\"},{\"@type\":\"Organization\",\"@id\":\"https:\\\/\\\/www.evropskakuca.me\\\/me\\\/#organization\",\"name\":\"Evropean house\",\"url\":\"https:\\\/\\\/www.evropskakuca.me\\\/me\\\/\",\"logo\":{\"@type\":\"ImageObject\",\"inLanguage\":\"me-ME\",\"@id\":\"https:\\\/\\\/www.evropskakuca.me\\\/me\\\/#\\\/schema\\\/logo\\\/image\\\/\",\"url\":\"https:\\\/\\\/www.evropskakuca.me\\\/wp-content\\\/uploads\\\/2025\\\/01\\\/evropska-kuca-logo-1.png\",\"contentUrl\":\"https:\\\/\\\/www.evropskakuca.me\\\/wp-content\\\/uploads\\\/2025\\\/01\\\/evropska-kuca-logo-1.png\",\"width\":425,\"height\":312,\"caption\":\"Evropean house\"},\"image\":{\"@id\":\"https:\\\/\\\/www.evropskakuca.me\\\/me\\\/#\\\/schema\\\/logo\\\/image\\\/\"},\"sameAs\":[\"https:\\\/\\\/www.facebook.com\\\/evropska.kuca\",\"https:\\\/\\\/x.com\\\/evropska_kuca\",\"https:\\\/\\\/www.instagram.com\\\/evropska_kuca\"]},{\"@type\":\"Person\",\"@id\":\"https:\\\/\\\/www.evropskakuca.me\\\/me\\\/#\\\/schema\\\/person\\\/a1d0dcdaefe4a1cd1d60d200ea137ba4\",\"name\":\"mkajic\",\"image\":{\"@type\":\"ImageObject\",\"inLanguage\":\"me-ME\",\"@id\":\"https:\\\/\\\/secure.gravatar.com\\\/avatar\\\/731fa035cefab7316e6bafd1f25a93fb731a07de14e2d9923f8db4422628eabc?s=96&d=mm&r=g\",\"url\":\"https:\\\/\\\/secure.gravatar.com\\\/avatar\\\/731fa035cefab7316e6bafd1f25a93fb731a07de14e2d9923f8db4422628eabc?s=96&d=mm&r=g\",\"contentUrl\":\"https:\\\/\\\/secure.gravatar.com\\\/avatar\\\/731fa035cefab7316e6bafd1f25a93fb731a07de14e2d9923f8db4422628eabc?s=96&d=mm&r=g\",\"caption\":\"mkajic\"},\"sameAs\":[\"https:\\\/\\\/evropskakuca.me\"],\"url\":\"https:\\\/\\\/www.evropskakuca.me\\\/me\\\/author\\\/mkajic\\\/\"}]}<\/script>\n<!-- \/ Yoast SEO plugin. -->","yoast_head_json":{"title":"Jasnin preduzetni\u010dki poduhvat: Igra\u010dke od prirodnih materijala - Europe House","robots":{"index":"index","follow":"follow","max-snippet":"max-snippet:-1","max-image-preview":"max-image-preview:large","max-video-preview":"max-video-preview:-1"},"canonical":"https:\/\/www.evropskakuca.me\/me\/jasnin-preduzetnicki-poduhvat-igracke-od-prirodnih-materijala\/","og_locale":"en_US","og_type":"article","og_title":"Jasnin preduzetni\u010dki poduhvat: Igra\u010dke od prirodnih materijala - Europe House","og_description":"Mlada preduzetnica Jasna Radenovi\u0107 iz Plava vodi kreativnu firmu za izgradu ekolo\u0161kih igra\u010daka. Prije desetak godina, Jasna Radenovi\u0107 iz Plava \u017eeljela je da njena djeca imaju igra\u010dke od prirodnog materijala. Izbor u prodavnicama u Crnoj Gori nije bio bogat, pa je Jasna do\u0161la na ideju da igra\u010dke pravi sama.\u00a0,,Drvo mi je bilo dostupan materijal i [&hellip;]","og_url":"https:\/\/www.evropskakuca.me\/me\/jasnin-preduzetnicki-poduhvat-igracke-od-prirodnih-materijala\/","og_site_name":"Europe House","article_publisher":"https:\/\/www.facebook.com\/evropska.kuca","article_published_time":"2023-06-26T10:47:44+00:00","og_image":[{"width":1600,"height":738,"url":"https:\/\/www.evropskakuca.me\/wp-content\/uploads\/2021\/06\/1.jpg","type":"image\/jpeg"}],"author":"mkajic","twitter_card":"summary_large_image","twitter_creator":"@evropska_kuca","twitter_site":"@evropska_kuca","twitter_misc":{"Written by":"mkajic","Est. reading time":"5 minutes"},"schema":{"@context":"https:\/\/schema.org","@graph":[{"@type":"Article","@id":"https:\/\/www.evropskakuca.me\/me\/jasnin-preduzetnicki-poduhvat-igracke-od-prirodnih-materijala\/#article","isPartOf":{"@id":"https:\/\/www.evropskakuca.me\/me\/jasnin-preduzetnicki-poduhvat-igracke-od-prirodnih-materijala\/"},"author":{"name":"mkajic","@id":"https:\/\/www.evropskakuca.me\/me\/#\/schema\/person\/a1d0dcdaefe4a1cd1d60d200ea137ba4"},"headline":"Jasnin preduzetni\u010dki poduhvat: Igra\u010dke od prirodnih materijala","datePublished":"2023-06-26T10:47:44+00:00","mainEntityOfPage":{"@id":"https:\/\/www.evropskakuca.me\/me\/jasnin-preduzetnicki-poduhvat-igracke-od-prirodnih-materijala\/"},"wordCount":866,"publisher":{"@id":"https:\/\/www.evropskakuca.me\/me\/#organization"},"image":{"@id":"https:\/\/www.evropskakuca.me\/me\/jasnin-preduzetnicki-poduhvat-igracke-od-prirodnih-materijala\/#primaryimage"},"thumbnailUrl":"https:\/\/www.evropskakuca.me\/wp-content\/uploads\/2021\/06\/1.jpg","articleSection":["Uncategorized @me"],"inLanguage":"me-ME"},{"@type":"WebPage","@id":"https:\/\/www.evropskakuca.me\/me\/jasnin-preduzetnicki-poduhvat-igracke-od-prirodnih-materijala\/","url":"https:\/\/www.evropskakuca.me\/me\/jasnin-preduzetnicki-poduhvat-igracke-od-prirodnih-materijala\/","name":"Jasnin preduzetni\u010dki poduhvat: Igra\u010dke od prirodnih materijala - Europe House","isPartOf":{"@id":"https:\/\/www.evropskakuca.me\/me\/#website"},"primaryImageOfPage":{"@id":"https:\/\/www.evropskakuca.me\/me\/jasnin-preduzetnicki-poduhvat-igracke-od-prirodnih-materijala\/#primaryimage"},"image":{"@id":"https:\/\/www.evropskakuca.me\/me\/jasnin-preduzetnicki-poduhvat-igracke-od-prirodnih-materijala\/#primaryimage"},"thumbnailUrl":"https:\/\/www.evropskakuca.me\/wp-content\/uploads\/2021\/06\/1.jpg","datePublished":"2023-06-26T10:47:44+00:00","breadcrumb":{"@id":"https:\/\/www.evropskakuca.me\/me\/jasnin-preduzetnicki-poduhvat-igracke-od-prirodnih-materijala\/#breadcrumb"},"inLanguage":"me-ME","potentialAction":[{"@type":"ReadAction","target":["https:\/\/www.evropskakuca.me\/me\/jasnin-preduzetnicki-poduhvat-igracke-od-prirodnih-materijala\/"]}]},{"@type":"ImageObject","inLanguage":"me-ME","@id":"https:\/\/www.evropskakuca.me\/me\/jasnin-preduzetnicki-poduhvat-igracke-od-prirodnih-materijala\/#primaryimage","url":"https:\/\/www.evropskakuca.me\/wp-content\/uploads\/2021\/06\/1.jpg","contentUrl":"https:\/\/www.evropskakuca.me\/wp-content\/uploads\/2021\/06\/1.jpg","width":1600,"height":738},{"@type":"BreadcrumbList","@id":"https:\/\/www.evropskakuca.me\/me\/jasnin-preduzetnicki-poduhvat-igracke-od-prirodnih-materijala\/#breadcrumb","itemListElement":[{"@type":"ListItem","position":1,"name":"Home","item":"https:\/\/www.evropskakuca.me\/me\/"},{"@type":"ListItem","position":2,"name":"Jasnin preduzetni\u010dki poduhvat: Igra\u010dke od prirodnih materijala"}]},{"@type":"WebSite","@id":"https:\/\/www.evropskakuca.me\/me\/#website","url":"https:\/\/www.evropskakuca.me\/me\/","name":"Evropean house","description":"","publisher":{"@id":"https:\/\/www.evropskakuca.me\/me\/#organization"},"potentialAction":[{"@type":"SearchAction","target":{"@type":"EntryPoint","urlTemplate":"https:\/\/www.evropskakuca.me\/me\/?s={search_term_string}"},"query-input":{"@type":"PropertyValueSpecification","valueRequired":true,"valueName":"search_term_string"}}],"inLanguage":"me-ME"},{"@type":"Organization","@id":"https:\/\/www.evropskakuca.me\/me\/#organization","name":"Evropean house","url":"https:\/\/www.evropskakuca.me\/me\/","logo":{"@type":"ImageObject","inLanguage":"me-ME","@id":"https:\/\/www.evropskakuca.me\/me\/#\/schema\/logo\/image\/","url":"https:\/\/www.evropskakuca.me\/wp-content\/uploads\/2025\/01\/evropska-kuca-logo-1.png","contentUrl":"https:\/\/www.evropskakuca.me\/wp-content\/uploads\/2025\/01\/evropska-kuca-logo-1.png","width":425,"height":312,"caption":"Evropean house"},"image":{"@id":"https:\/\/www.evropskakuca.me\/me\/#\/schema\/logo\/image\/"},"sameAs":["https:\/\/www.facebook.com\/evropska.kuca","https:\/\/x.com\/evropska_kuca","https:\/\/www.instagram.com\/evropska_kuca"]},{"@type":"Person","@id":"https:\/\/www.evropskakuca.me\/me\/#\/schema\/person\/a1d0dcdaefe4a1cd1d60d200ea137ba4","name":"mkajic","image":{"@type":"ImageObject","inLanguage":"me-ME","@id":"https:\/\/secure.gravatar.com\/avatar\/731fa035cefab7316e6bafd1f25a93fb731a07de14e2d9923f8db4422628eabc?s=96&d=mm&r=g","url":"https:\/\/secure.gravatar.com\/avatar\/731fa035cefab7316e6bafd1f25a93fb731a07de14e2d9923f8db4422628eabc?s=96&d=mm&r=g","contentUrl":"https:\/\/secure.gravatar.com\/avatar\/731fa035cefab7316e6bafd1f25a93fb731a07de14e2d9923f8db4422628eabc?s=96&d=mm&r=g","caption":"mkajic"},"sameAs":["https:\/\/evropskakuca.me"],"url":"https:\/\/www.evropskakuca.me\/me\/author\/mkajic\/"}]}},"_links":{"self":[{"href":"https:\/\/www.evropskakuca.me\/me\/wp-json\/wp\/v2\/posts\/25534","targetHints":{"allow":["GET"]}}],"collection":[{"href":"https:\/\/www.evropskakuca.me\/me\/wp-json\/wp\/v2\/posts"}],"about":[{"href":"https:\/\/www.evropskakuca.me\/me\/wp-json\/wp\/v2\/types\/post"}],"author":[{"embeddable":true,"href":"https:\/\/www.evropskakuca.me\/me\/wp-json\/wp\/v2\/users\/1"}],"replies":[{"embeddable":true,"href":"https:\/\/www.evropskakuca.me\/me\/wp-json\/wp\/v2\/comments?post=25534"}],"version-history":[{"count":0,"href":"https:\/\/www.evropskakuca.me\/me\/wp-json\/wp\/v2\/posts\/25534\/revisions"}],"wp:featuredmedia":[{"embeddable":true,"href":"https:\/\/www.evropskakuca.me\/me\/wp-json\/wp\/v2\/media\/36304"}],"wp:attachment":[{"href":"https:\/\/www.evropskakuca.me\/me\/wp-json\/wp\/v2\/media?parent=25534"}],"wp:term":[{"taxonomy":"category","embeddable":true,"href":"https:\/\/www.evropskakuca.me\/me\/wp-json\/wp\/v2\/categories?post=25534"},{"taxonomy":"post_tag","embeddable":true,"href":"https:\/\/www.evropskakuca.me\/me\/wp-json\/wp\/v2\/tags?post=25534"}],"curies":[{"name":"wp","href":"https:\/\/api.w.org\/{rel}","templated":true}]}}